{"id":11137,"date":"2020-09-21T08:29:54","date_gmt":"2020-09-21T08:29:54","guid":{"rendered":"https:\/\/www.welovecycling.com\/pl\/?p=11137"},"modified":"2020-09-21T08:29:54","modified_gmt":"2020-09-21T08:29:54","slug":"polal-sie-szampan-niesamowita-koncowka-tour-de-france","status":"publish","type":"post","link":"https:\/\/www.welovecycling.com\/pl\/2020\/09\/21\/polal-sie-szampan-niesamowita-koncowka-tour-de-france\/","title":{"rendered":"Pola\u0142 si\u0119 szampan! Niesamowita ko\u0144c\u00f3wka Tour de France!"},"content":{"rendered":"<p><strong>Ju\u017c?! Dlaczego?! Chcemy jeszcze! W\u0142a\u015bnie zako\u0144czy\u0142 si\u0119 107. Tour de France, kt\u00f3rego finisz godny by\u0142 najwi\u0119kszego wy\u015bcigu \u015bwiata. \u2013 My\u015bla\u0142em, \u017ce \u015bni\u0119 \u2013 nie m\u00f3g\u0142 uwierzy\u0107 Tadej Pogacar (UAE Team Emirates), zwyci\u0119zca Wielkiej P\u0119tli.<\/strong><\/p>\n<p>Tegoroczny Tour de France min\u0105\u0142 niczym \u201eczas\u00f3wka\u201d Tadeja Pogacara \u2013 b\u0142yskawicznie i z ogromn\u0105 dawk\u0105 emocji. I tak jak Pogacar, zwyci\u0119zcami powinni czu\u0107 si\u0119 wszyscy, kt\u00f3rzy \u017cyli tegoroczn\u0105 Wielk\u0105 P\u0119tl\u0105. Kibice wygrali, bo dostali pi\u0119kny wy\u015bcig i ogromn\u0105 dawk\u0119 adrenaliny, a organizatorom powinno przyzna\u0107 si\u0119 \u017c\u00f3\u0142t\u0105 koszulk\u0119 za pokonanie wielu przeciwno\u015bci losu.<\/p>\n<div class=\"embed-controller-wrapper\">\n<blockquote class=\"twitter-tweet\" data-width=\"500\" data-dnt=\"true\">\n<p lang=\"qme\" dir=\"ltr\">\ud83c\udfc6\ud83d\udc9b \ud83c\uddf8\ud83c\uddee <a href=\"https:\/\/twitter.com\/TamauPogi?ref_src=twsrc%5Etfw\">@TamauPogi<\/a><br \/>\ud83e\udd48 \ud83c\uddf8\ud83c\uddee <a href=\"https:\/\/twitter.com\/rogla?ref_src=twsrc%5Etfw\">@rogla<\/a><br \/>\ud83e\udd49 \ud83c\udde6\ud83c\uddfa <a href=\"https:\/\/twitter.com\/richie_porte?ref_src=twsrc%5Etfw\">@richie_porte<\/a><a href=\"https:\/\/twitter.com\/hashtag\/TDF2020?src=hash&amp;ref_src=twsrc%5Etfw\">#TDF2020<\/a> <a href=\"https:\/\/twitter.com\/hashtag\/TDFunited?src=hash&amp;ref_src=twsrc%5Etfw\">#TDFunited<\/a> <a href=\"https:\/\/t.co\/jA7aGnJnXg\">pic.twitter.com\/jA7aGnJnXg<\/a><\/p>\n<p>&mdash; Tour de France\u2122 (@LeTour) <a href=\"https:\/\/twitter.com\/LeTour\/status\/1307742325783834624?ref_src=twsrc%5Etfw\">September 20, 2020<\/a><\/p><\/blockquote>\n<p><script async data-src=\"https:\/\/platform.twitter.com\/widgets.js\" charset=\"utf-8\"><\/script><\/div>\n<p>W niedzielne popo\u0142udnie na Polach Elizejskich bohater by\u0142 jednak jeden &#8211; Pogacar. To w\u0142a\u015bnie dzi\u015b S\u0142oweniec obchodzi 22. urodziny i chyba nie m\u00f3g\u0142 sobie sprawi\u0107 pi\u0119kniejszego prezentu.\u00a0 \u2013 Czy dowierzam w to zwyci\u0119stwo? Je\u015bli spytacie mnie za tydzie\u0144 czy miesi\u0105c, to nie wiem, czy powiem \u201etak\u201d. W ko\u0144cu to najwi\u0119kszy wy\u015bcig na \u015bwiecie \u2013 przyzna\u0142 na mecie Pogacar, kt\u00f3ry zosta\u0142 najm\u0142odszym triumfatorem Tour de France od 1904 roku!<\/p>\n<p>https:\/\/twitter.com\/LeTour\/status\/1307756886519943170?s=20<\/p>\n<p>Tak naprawd\u0119 wszystko rozstrzygn\u0119\u0142o si\u0119 dzie\u0144 wcze\u015bniej, na g\u00f3rskiej \u201eczas\u00f3wce\u201d. W klasyfikacji generalnej Pogacar traci\u0142 do swojego rodaka Primo\u017ca Roglicia (Jumbo-Visma) 57 sekund. W tegorocznej edycji obaj zawodnicy \u015bcierali si\u0119 kilkukrotnie, ale na czele klasyfikacji generalnej ca\u0142y czas by\u0142 Rogli\u0107. \u017b\u00f3\u0142t\u0105 koszulk\u0119 lidera wci\u0105gn\u0105\u0142 na plecy po 9. etapie i nie rozstawa\u0142 si\u0119 z ni\u0105 ani na minut\u0119. A\u017c do momentu, gdy na tablicy wy\u015bwietli\u0142y si\u0119 wyniki sobotniej \u201eczas\u00f3wki\u201d.<\/p>\n<p>Rogli\u0107 pojecha\u0142 poni\u017cej oczekiwa\u0144, jakby przygotowany by\u0142 na 20., a nie 21. etap\u00f3w. Z ka\u017cdym kilometrem traci\u0142 do Pogacara i zwyci\u0119stwo niespe\u0142na 22-latka zaczyna\u0142o nabiera\u0107 realnych kszta\u0142t\u00f3w. \u2013 Nie mia\u0142em si\u0142, by pojecha\u0107 szybciej. Da\u0142em z siebie wszystko, ale Tadej by\u0142 za mocny. Jestem rozczarowany tym przedostatnim etapem, ale og\u00f3lnie uwa\u017cam, \u017ce jako dru\u017cyna pojechali\u015bmy bardzo dobry wy\u015bcig. Dzi\u0119kuj\u0119 kolegom za to, co zrobili przez te trzy tygodnie. Jestem z nas dumny \u2013 m\u00f3wi\u0142 Rogli\u0107.<\/p>\n<div class=\"embed-controller-wrapper\">\n<blockquote class=\"twitter-tweet\" data-width=\"500\" data-dnt=\"true\">\n<p lang=\"en\" dir=\"ltr\">\ud83e\udd29 Legendary finish up La Planche des Belles Filles!<\/p>\n<p>\ud83c\udfac Tune in for the 1 minute highlights of stage 20.<a href=\"https:\/\/twitter.com\/hashtag\/TDF2020?src=hash&amp;ref_src=twsrc%5Etfw\">#TDF2020<\/a> <a href=\"https:\/\/twitter.com\/hashtag\/TDFunited?src=hash&amp;ref_src=twsrc%5Etfw\">#TDFunited<\/a> <a href=\"https:\/\/t.co\/ICDe94iH14\">pic.twitter.com\/ICDe94iH14<\/a><\/p>\n<p>&mdash; Tour de France\u2122 (@LeTour) <a href=\"https:\/\/twitter.com\/LeTour\/status\/1307374243391438850?ref_src=twsrc%5Etfw\">September 19, 2020<\/a><\/p><\/blockquote>\n<p><script async data-src=\"https:\/\/platform.twitter.com\/widgets.js\" charset=\"utf-8\"><\/script><\/div>\n<p>Dumny, ale przede wszystkim szcz\u0119\u015bliwy by\u0142 r\u00f3wnie\u017c Pogacar. \u201eCzas\u00f3wk\u0119\u201d pojecha\u0142 najszybciej ze wszystkich, blisko dwie minuty szybciej od Roglicia. Wtedy sta\u0142o si\u0119 jasne, kto nazajutrz w Pary\u017cu b\u0119dzie pi\u0142 szampana.<\/p>\n<p>\u2013 My\u015bla\u0142em, \u017ce \u015bni\u0119. Czuj\u0119, jakby g\u0142owa mia\u0142a mi eksplodowa\u0107. By\u0142em zadowolony z drugiego miejsca, a teraz mam \u017c\u00f3\u0142t\u0105 koszulk\u0119. To co\u015b nieprawdopodobnego. Jest mi te\u017c przykro z powodu Primo\u017ca, bo jecha\u0142 bardzo dobry wy\u015bcig, ale podczas \u201eczas\u00f3wki\u201d mia\u0142 s\u0142abszy dzie\u0144. Dla mnie \u017c\u00f3\u0142ta koszulka jest spe\u0142nieniem marze\u0144 i wielkim osi\u0105gni\u0119ciem. Kiedy\u015b moim marzeniem by\u0142o wzi\u0119cie udzia\u0142 w Tour de France, a teraz go wygra\u0142em\u2013 nie m\u00f3g\u0142 uwierzy\u0107 w sw\u00f3j sukces S\u0142oweniec.<\/p>\n<p>Pasjonuj\u0105ca walka rozegra\u0142a si\u0119 r\u00f3wnie\u017c o zielon\u0105 koszulk\u0119 sponsorowan\u0105 przez \u0160kod\u0119. Ostatecznie w klasyfikacji punktowej triumfowa\u0142 Irlandczyk Sam Bennett (Deceuninck-Quick-Step), kt\u00f3ry zdetronizowa\u0142 Petera Sagana (Bora-Hansgrohe).<\/p>\n<div class=\"embed-controller-wrapper\">\n<blockquote class=\"twitter-tweet\" data-width=\"500\" data-dnt=\"true\">\n<p lang=\"fr\" dir=\"ltr\">\ud83d\ude46\u200d\u2642\ufe0f When you realize that you&#39;ve won the sprint on the Champs-Elys\u00e9es as well as the green jersey \ud83d\udc9a<\/p>\n<p>\ud83d\ude46\u200d\u2642\ufe0f Quand tu r\u00e9alises que tu as remport\u00e9 le sprint sur les Champs Elys\u00e9es et le maillot vert \ud83d\udc9a<a href=\"https:\/\/twitter.com\/hashtag\/TDF2020?src=hash&amp;ref_src=twsrc%5Etfw\">#TDF2020<\/a> <a href=\"https:\/\/twitter.com\/Sammmy_Be?ref_src=twsrc%5Etfw\">@Sammmy_Be<\/a> <a href=\"https:\/\/twitter.com\/deceuninck_qst?ref_src=twsrc%5Etfw\">@deceuninck_qst<\/a> <a href=\"https:\/\/t.co\/UyayBhXOc7\">pic.twitter.com\/UyayBhXOc7<\/a><\/p>\n<p>&mdash; Tour de France\u2122 (@LeTour) <a href=\"https:\/\/twitter.com\/LeTour\/status\/1307761150881345538?ref_src=twsrc%5Etfw\">September 20, 2020<\/a><\/p><\/blockquote>\n<p><script async data-src=\"https:\/\/platform.twitter.com\/widgets.js\" charset=\"utf-8\"><\/script><\/div>\n<p>Pogacar triumfowa\u0142 te\u017c w klasyfikacji g\u00f3rskiej oraz m\u0142odzie\u017cowej, a dru\u017cynow\u0105 wygra\u0142a ekipa Movistaru.<\/p>\n<p>107. Tour de France przeszed\u0142 do historii. Teraz przed kibicami kolarstwa a\u017c 278 dni oczekiwania, bo kolejna Wielka P\u0119tla startuje 26 czerwca2021 r. w Danii. Zaczynamy odliczanie!<\/p>\n","protected":false},"excerpt":{"rendered":"<p>Ju\u017c?! Dlaczego?! Chcemy jeszcze! W\u0142a\u015bnie zako\u0144czy\u0142 si\u0119 107. Tour de France, kt\u00f3rego finisz godny by\u0142 najwi\u0119kszego wy\u015bcigu \u015bwiata. \u2013 My\u015bla\u0142em, [&hellip;]<\/p>\n","protected":false},"author":125,"featured_media":11142,"comment_status":"open","ping_status":"open","sticky":false,"template":"","format":"standard","meta":{"footnotes":""},"categories":[335],"tags":[77,334],"global-categories":[303],"class_list":["post-11137","post","type-post","status-publish","format-standard","has-post-thumbnail","hentry","category-2020-tour-de-france","tag-tour-de-france","tag-tour-de-france-2020","global-categories-cycling"],"yoast_head":"<!-- This site is optimized with the Yoast SEO Premium plugin v25.3 (Yoast SEO v25.9) - https:\/\/yoast.com\/wordpress\/plugins\/seo\/ -->\n<title>Pola\u0142 si\u0119 szampan! Niesamowita ko\u0144c\u00f3wka Tour de France! - \u0160koda We Love Cycling - Poland<\/title>\n<meta name=\"description\" content=\"Ju\u017c?! Dlaczego?! Chcemy jeszcze! W\u0142a\u015bnie zako\u0144czy\u0142 si\u0119 107. Tour de France, kt\u00f3rego finisz godny by\u0142 najwi\u0119kszego wy\u015bcigu \u015bwiata. \u2013 My\u015bla\u0142em, \u017ce \u015bni\u0119 \u2013 nie m\u00f3g\u0142 uwierzy\u0107 Tadej Pogacar (UAE Team Emirates), zwyci\u0119zca Wielkiej P\u0119tli.\" \/>\n<meta name=\"robots\" content=\"index, follow, max-snippet:-1, max-image-preview:large, max-video-preview:-1\" \/>\n<link rel=\"canonical\" href=\"https:\/\/www.welovecycling.com\/pl\/2020\/09\/21\/polal-sie-szampan-niesamowita-koncowka-tour-de-france\/\" \/>\n<meta property=\"og:locale\" content=\"pl_PL\" \/>\n<meta property=\"og:type\" content=\"article\" \/>\n<meta property=\"og:title\" content=\"Pola\u0142 si\u0119 szampan! Niesamowita ko\u0144c\u00f3wka Tour de France!\" \/>\n<meta property=\"og:description\" content=\"Ju\u017c?! Dlaczego?! Chcemy jeszcze! W\u0142a\u015bnie zako\u0144czy\u0142 si\u0119 107. Tour de France, kt\u00f3rego finisz godny by\u0142 najwi\u0119kszego wy\u015bcigu \u015bwiata. \u2013 My\u015bla\u0142em, \u017ce \u015bni\u0119 \u2013 nie m\u00f3g\u0142 uwierzy\u0107 Tadej Pogacar (UAE Team Emirates), zwyci\u0119zca Wielkiej P\u0119tli.\" \/>\n<meta property=\"og:url\" content=\"https:\/\/www.welovecycling.com\/pl\/2020\/09\/21\/polal-sie-szampan-niesamowita-koncowka-tour-de-france\/\" \/>\n<meta property=\"og:site_name\" content=\"\u0160koda We Love Cycling - Poland\" \/>\n<meta property=\"article:published_time\" content=\"2020-09-21T08:29:54+00:00\" \/>\n<meta property=\"og:image\" content=\"https:\/\/d2p6e6u75xmxt8.cloudfront.net\/5\/2020\/09\/Tadej-Pogacar-CVR-profimedia-0558912872-1024x450-1.jpg\" \/>\n\t<meta property=\"og:image:width\" content=\"1024\" \/>\n\t<meta property=\"og:image:height\" content=\"450\" \/>\n\t<meta property=\"og:image:type\" content=\"image\/jpeg\" \/>\n<meta name=\"author\" content=\"oktawiamikulska\" \/>\n<meta name=\"twitter:card\" content=\"summary_large_image\" \/>\n<meta name=\"twitter:label1\" content=\"Written by\" \/>\n\t<meta name=\"twitter:data1\" content=\"Piotr Nowik\" \/>\n\t<meta name=\"twitter:label2\" content=\"Est. reading time\" \/>\n\t<meta name=\"twitter:data2\" content=\"3 minutes\" \/>\n<script type=\"application\/ld+json\" class=\"yoast-schema-graph\">{\"@context\":\"https:\/\/schema.org\",\"@graph\":[{\"@type\":\"WebPage\",\"@id\":\"https:\/\/www.welovecycling.com\/pl\/2020\/09\/21\/polal-sie-szampan-niesamowita-koncowka-tour-de-france\/\",\"url\":\"https:\/\/www.welovecycling.com\/pl\/2020\/09\/21\/polal-sie-szampan-niesamowita-koncowka-tour-de-france\/\",\"name\":\"Pola\u0142 si\u0119 szampan! Niesamowita ko\u0144c\u00f3wka Tour de France! - \u0160koda We Love Cycling - Poland\",\"isPartOf\":{\"@id\":\"https:\/\/www.welovecycling.com\/pl\/#website\"},\"primaryImageOfPage\":{\"@id\":\"https:\/\/www.welovecycling.com\/pl\/2020\/09\/21\/polal-sie-szampan-niesamowita-koncowka-tour-de-france\/#primaryimage\"},\"image\":{\"@id\":\"https:\/\/www.welovecycling.com\/pl\/2020\/09\/21\/polal-sie-szampan-niesamowita-koncowka-tour-de-france\/#primaryimage\"},\"thumbnailUrl\":\"https:\/\/d2p6e6u75xmxt8.cloudfront.net\/5\/2020\/09\/Tadej-Pogacar-CVR-profimedia-0558912872-1024x450-1.jpg\",\"datePublished\":\"2020-09-21T08:29:54+00:00\",\"author\":{\"@id\":\"https:\/\/www.welovecycling.com\/pl\/#\/schema\/person\/4a79bac7bd265aa6a35a1079d36648be\"},\"description\":\"Ju\u017c?! Dlaczego?! Chcemy jeszcze! W\u0142a\u015bnie zako\u0144czy\u0142 si\u0119 107. Tour de France, kt\u00f3rego finisz godny by\u0142 najwi\u0119kszego wy\u015bcigu \u015bwiata. \u2013 My\u015bla\u0142em, \u017ce \u015bni\u0119 \u2013 nie m\u00f3g\u0142 uwierzy\u0107 Tadej Pogacar (UAE Team Emirates), zwyci\u0119zca Wielkiej P\u0119tli.\",\"breadcrumb\":{\"@id\":\"https:\/\/www.welovecycling.com\/pl\/2020\/09\/21\/polal-sie-szampan-niesamowita-koncowka-tour-de-france\/#breadcrumb\"},\"inLanguage\":\"pl-PL\",\"potentialAction\":[{\"@type\":\"ReadAction\",\"target\":[\"https:\/\/www.welovecycling.com\/pl\/2020\/09\/21\/polal-sie-szampan-niesamowita-koncowka-tour-de-france\/\"]}]},{\"@type\":\"ImageObject\",\"inLanguage\":\"pl-PL\",\"@id\":\"https:\/\/www.welovecycling.com\/pl\/2020\/09\/21\/polal-sie-szampan-niesamowita-koncowka-tour-de-france\/#primaryimage\",\"url\":\"https:\/\/d2p6e6u75xmxt8.cloudfront.net\/5\/2020\/09\/Tadej-Pogacar-CVR-profimedia-0558912872-1024x450-1.jpg\",\"contentUrl\":\"https:\/\/d2p6e6u75xmxt8.cloudfront.net\/5\/2020\/09\/Tadej-Pogacar-CVR-profimedia-0558912872-1024x450-1.jpg\",\"width\":1024,\"height\":450},{\"@type\":\"BreadcrumbList\",\"@id\":\"https:\/\/www.welovecycling.com\/pl\/2020\/09\/21\/polal-sie-szampan-niesamowita-koncowka-tour-de-france\/#breadcrumb\",\"itemListElement\":[{\"@type\":\"ListItem\",\"position\":1,\"name\":\"Home\",\"item\":\"https:\/\/www.welovecycling.com\/pl\/\"},{\"@type\":\"ListItem\",\"position\":2,\"name\":\"Pola\u0142 si\u0119 szampan! Niesamowita ko\u0144c\u00f3wka Tour de France!\"}]},{\"@type\":\"WebSite\",\"@id\":\"https:\/\/www.welovecycling.com\/pl\/#website\",\"url\":\"https:\/\/www.welovecycling.com\/pl\/\",\"name\":\"\u0160koda We Love Cycling - Poland\",\"description\":\"\",\"potentialAction\":[{\"@type\":\"SearchAction\",\"target\":{\"@type\":\"EntryPoint\",\"urlTemplate\":\"https:\/\/www.welovecycling.com\/pl\/?s={search_term_string}\"},\"query-input\":{\"@type\":\"PropertyValueSpecification\",\"valueRequired\":true,\"valueName\":\"search_term_string\"}}],\"inLanguage\":\"pl-PL\"},{\"@type\":\"Person\",\"@id\":\"https:\/\/www.welovecycling.com\/pl\/#\/schema\/person\/4a79bac7bd265aa6a35a1079d36648be\",\"name\":\"oktawiamikulska\",\"image\":{\"@type\":\"ImageObject\",\"inLanguage\":\"pl-PL\",\"@id\":\"https:\/\/www.welovecycling.com\/pl\/#\/schema\/person\/image\/\",\"url\":\"https:\/\/secure.gravatar.com\/avatar\/b97a3f44e2de6d2f8dd358975937e49823662e12cbd810b9d1a2bff1c149e8a7?s=96&d=mm&r=g\",\"contentUrl\":\"https:\/\/secure.gravatar.com\/avatar\/b97a3f44e2de6d2f8dd358975937e49823662e12cbd810b9d1a2bff1c149e8a7?s=96&d=mm&r=g\",\"caption\":\"oktawiamikulska\"},\"url\":\"https:\/\/www.welovecycling.com\/pl\/author\/oktawiamikulska\/\"}]}<\/script>\n<!-- \/ Yoast SEO Premium plugin. -->","yoast_head_json":{"title":"Pola\u0142 si\u0119 szampan! Niesamowita ko\u0144c\u00f3wka Tour de France! - \u0160koda We Love Cycling - Poland","description":"Ju\u017c?! Dlaczego?! Chcemy jeszcze! W\u0142a\u015bnie zako\u0144czy\u0142 si\u0119 107. Tour de France, kt\u00f3rego finisz godny by\u0142 najwi\u0119kszego wy\u015bcigu \u015bwiata. \u2013 My\u015bla\u0142em, \u017ce \u015bni\u0119 \u2013 nie m\u00f3g\u0142 uwierzy\u0107 Tadej Pogacar (UAE Team Emirates), zwyci\u0119zca Wielkiej P\u0119tli.","robots":{"index":"index","follow":"follow","max-snippet":"max-snippet:-1","max-image-preview":"max-image-preview:large","max-video-preview":"max-video-preview:-1"},"canonical":"https:\/\/www.welovecycling.com\/pl\/2020\/09\/21\/polal-sie-szampan-niesamowita-koncowka-tour-de-france\/","og_locale":"pl_PL","og_type":"article","og_title":"Pola\u0142 si\u0119 szampan! Niesamowita ko\u0144c\u00f3wka Tour de France!","og_description":"Ju\u017c?! Dlaczego?! Chcemy jeszcze! W\u0142a\u015bnie zako\u0144czy\u0142 si\u0119 107. Tour de France, kt\u00f3rego finisz godny by\u0142 najwi\u0119kszego wy\u015bcigu \u015bwiata. \u2013 My\u015bla\u0142em, \u017ce \u015bni\u0119 \u2013 nie m\u00f3g\u0142 uwierzy\u0107 Tadej Pogacar (UAE Team Emirates), zwyci\u0119zca Wielkiej P\u0119tli.","og_url":"https:\/\/www.welovecycling.com\/pl\/2020\/09\/21\/polal-sie-szampan-niesamowita-koncowka-tour-de-france\/","og_site_name":"\u0160koda We Love Cycling - Poland","article_published_time":"2020-09-21T08:29:54+00:00","og_image":[{"width":1024,"height":450,"url":"https:\/\/d2p6e6u75xmxt8.cloudfront.net\/5\/2020\/09\/Tadej-Pogacar-CVR-profimedia-0558912872-1024x450-1.jpg","type":"image\/jpeg"}],"author":"oktawiamikulska","twitter_card":"summary_large_image","twitter_misc":{"Written by":"Piotr Nowik","Est. reading time":"3 minutes"},"schema":{"@context":"https:\/\/schema.org","@graph":[{"@type":"WebPage","@id":"https:\/\/www.welovecycling.com\/pl\/2020\/09\/21\/polal-sie-szampan-niesamowita-koncowka-tour-de-france\/","url":"https:\/\/www.welovecycling.com\/pl\/2020\/09\/21\/polal-sie-szampan-niesamowita-koncowka-tour-de-france\/","name":"Pola\u0142 si\u0119 szampan! Niesamowita ko\u0144c\u00f3wka Tour de France! - \u0160koda We Love Cycling - Poland","isPartOf":{"@id":"https:\/\/www.welovecycling.com\/pl\/#website"},"primaryImageOfPage":{"@id":"https:\/\/www.welovecycling.com\/pl\/2020\/09\/21\/polal-sie-szampan-niesamowita-koncowka-tour-de-france\/#primaryimage"},"image":{"@id":"https:\/\/www.welovecycling.com\/pl\/2020\/09\/21\/polal-sie-szampan-niesamowita-koncowka-tour-de-france\/#primaryimage"},"thumbnailUrl":"https:\/\/d2p6e6u75xmxt8.cloudfront.net\/5\/2020\/09\/Tadej-Pogacar-CVR-profimedia-0558912872-1024x450-1.jpg","datePublished":"2020-09-21T08:29:54+00:00","author":{"@id":"https:\/\/www.welovecycling.com\/pl\/#\/schema\/person\/4a79bac7bd265aa6a35a1079d36648be"},"description":"Ju\u017c?! Dlaczego?! Chcemy jeszcze! W\u0142a\u015bnie zako\u0144czy\u0142 si\u0119 107. Tour de France, kt\u00f3rego finisz godny by\u0142 najwi\u0119kszego wy\u015bcigu \u015bwiata. \u2013 My\u015bla\u0142em, \u017ce \u015bni\u0119 \u2013 nie m\u00f3g\u0142 uwierzy\u0107 Tadej Pogacar (UAE Team Emirates), zwyci\u0119zca Wielkiej P\u0119tli.","breadcrumb":{"@id":"https:\/\/www.welovecycling.com\/pl\/2020\/09\/21\/polal-sie-szampan-niesamowita-koncowka-tour-de-france\/#breadcrumb"},"inLanguage":"pl-PL","potentialAction":[{"@type":"ReadAction","target":["https:\/\/www.welovecycling.com\/pl\/2020\/09\/21\/polal-sie-szampan-niesamowita-koncowka-tour-de-france\/"]}]},{"@type":"ImageObject","inLanguage":"pl-PL","@id":"https:\/\/www.welovecycling.com\/pl\/2020\/09\/21\/polal-sie-szampan-niesamowita-koncowka-tour-de-france\/#primaryimage","url":"https:\/\/d2p6e6u75xmxt8.cloudfront.net\/5\/2020\/09\/Tadej-Pogacar-CVR-profimedia-0558912872-1024x450-1.jpg","contentUrl":"https:\/\/d2p6e6u75xmxt8.cloudfront.net\/5\/2020\/09\/Tadej-Pogacar-CVR-profimedia-0558912872-1024x450-1.jpg","width":1024,"height":450},{"@type":"BreadcrumbList","@id":"https:\/\/www.welovecycling.com\/pl\/2020\/09\/21\/polal-sie-szampan-niesamowita-koncowka-tour-de-france\/#breadcrumb","itemListElement":[{"@type":"ListItem","position":1,"name":"Home","item":"https:\/\/www.welovecycling.com\/pl\/"},{"@type":"ListItem","position":2,"name":"Pola\u0142 si\u0119 szampan! Niesamowita ko\u0144c\u00f3wka Tour de France!"}]},{"@type":"WebSite","@id":"https:\/\/www.welovecycling.com\/pl\/#website","url":"https:\/\/www.welovecycling.com\/pl\/","name":"\u0160koda We Love Cycling - Poland","description":"","potentialAction":[{"@type":"SearchAction","target":{"@type":"EntryPoint","urlTemplate":"https:\/\/www.welovecycling.com\/pl\/?s={search_term_string}"},"query-input":{"@type":"PropertyValueSpecification","valueRequired":true,"valueName":"search_term_string"}}],"inLanguage":"pl-PL"},{"@type":"Person","@id":"https:\/\/www.welovecycling.com\/pl\/#\/schema\/person\/4a79bac7bd265aa6a35a1079d36648be","name":"oktawiamikulska","image":{"@type":"ImageObject","inLanguage":"pl-PL","@id":"https:\/\/www.welovecycling.com\/pl\/#\/schema\/person\/image\/","url":"https:\/\/secure.gravatar.com\/avatar\/b97a3f44e2de6d2f8dd358975937e49823662e12cbd810b9d1a2bff1c149e8a7?s=96&d=mm&r=g","contentUrl":"https:\/\/secure.gravatar.com\/avatar\/b97a3f44e2de6d2f8dd358975937e49823662e12cbd810b9d1a2bff1c149e8a7?s=96&d=mm&r=g","caption":"oktawiamikulska"},"url":"https:\/\/www.welovecycling.com\/pl\/author\/oktawiamikulska\/"}]}},"_links":{"self":[{"href":"https:\/\/www.welovecycling.com\/pl\/wp-json\/wp\/v2\/posts\/11137","targetHints":{"allow":["GET"]}}],"collection":[{"href":"https:\/\/www.welovecycling.com\/pl\/wp-json\/wp\/v2\/posts"}],"about":[{"href":"https:\/\/www.welovecycling.com\/pl\/wp-json\/wp\/v2\/types\/post"}],"author":[{"embeddable":true,"href":"https:\/\/www.welovecycling.com\/pl\/wp-json\/wp\/v2\/users\/125"}],"replies":[{"embeddable":true,"href":"https:\/\/www.welovecycling.com\/pl\/wp-json\/wp\/v2\/comments?post=11137"}],"version-history":[{"count":1,"href":"https:\/\/www.welovecycling.com\/pl\/wp-json\/wp\/v2\/posts\/11137\/revisions"}],"predecessor-version":[{"id":11143,"href":"https:\/\/www.welovecycling.com\/pl\/wp-json\/wp\/v2\/posts\/11137\/revisions\/11143"}],"wp:featuredmedia":[{"embeddable":true,"href":"https:\/\/www.welovecycling.com\/pl\/wp-json\/wp\/v2\/media\/11142"}],"wp:attachment":[{"href":"https:\/\/www.welovecycling.com\/pl\/wp-json\/wp\/v2\/media?parent=11137"}],"wp:term":[{"taxonomy":"category","embeddable":true,"href":"https:\/\/www.welovecycling.com\/pl\/wp-json\/wp\/v2\/categories?post=11137"},{"taxonomy":"post_tag","embeddable":true,"href":"https:\/\/www.welovecycling.com\/pl\/wp-json\/wp\/v2\/tags?post=11137"},{"taxonomy":"global-categories","embeddable":true,"href":"https:\/\/www.welovecycling.com\/pl\/wp-json\/wp\/v2\/global-categories?post=11137"}],"curies":[{"name":"wp","href":"https:\/\/api.w.org\/{rel}","templated":true}]}}