{"id":11130,"date":"2020-09-18T15:09:27","date_gmt":"2020-09-18T15:09:27","guid":{"rendered":"https:\/\/www.welovecycling.com\/pl\/?p=11130"},"modified":"2020-09-18T15:11:27","modified_gmt":"2020-09-18T15:11:27","slug":"brawo-brawo-brawo-michal-kwiatkowski-wygrywa-etap-tour-de-france","status":"publish","type":"post","link":"https:\/\/www.welovecycling.com\/pl\/2020\/09\/18\/brawo-brawo-brawo-michal-kwiatkowski-wygrywa-etap-tour-de-france\/","title":{"rendered":"Brawo, brawo, brawo! Micha\u0142 Kwiatkowski wygrywa etap Tour de France!"},"content":{"rendered":"<p><strong>Historia polskiego kolarstwa napisa\u0142a si\u0119 na naszych oczach! Micha\u0142 Kwiatkowski (Ineos Grenadiers) jako czwarty Polak w historii wygra\u0142 etap Tour de France!<\/strong><\/p>\n<p>Na mecie lekko \u0142ama\u0142 mu si\u0119 g\u0142os, a niejednemu polskiemu kibicowi kolarstwa pewnie \u0142zy stan\u0119\u0142y w oczach. Nic jednak dziwnego, bo \u201eKwiato\u201d dokona\u0142 tego, o czym wielu zawodnik\u00f3w marzy od dziecka \u2013 jako pierwszy przeci\u0105\u0142 lini\u0119 mety najwi\u0119kszego wy\u015bcigu \u015bwiata!<\/p>\n<p>&#8211; To niesamowity dzie\u0144! Nigdy go nie zapomn\u0119! W kolarstwie prze\u017cy\u0142em wiele mi\u0142ych moment\u00f3w, ale tutaj, na ostatnich kilometrach, mia\u0142em g\u0119si\u0105 sk\u00f3rk\u0119 \u2013 cieszy\u0142 si\u0119 30-latek z Che\u0142m\u017cy na mecie 18. etapu.<\/p>\n<p>Polak w czwartek walczy\u0142 jak lew. Ucieka\u0142 niemal od pocz\u0105tku, bo wiedzia\u0142, \u017ce w\u0142a\u015bnie nadchodzi jego czas. Po tym, jak z wy\u015bcigu wycofa\u0142 si\u0119 lider jego zespo\u0142u &#8211; Egan Bernal, zawodnicy Ineos Grenadiers dostali woln\u0105 r\u0119k\u0119 i jasne wytyczne: walczy\u0107 o zwyci\u0119stwa etapowe. A to oznacza\u0142o jedno \u2013 Kwiatkowski przesta\u0142 by\u0107 ju\u017c tylko pomocnikiem lider\u00f3w swojej ekipy, za to m\u00f3g\u0142 si\u0119 poczu\u0107 jak oni. I co wi\u0119cej &#8211; pojecha\u0142 nawet lepiej ni\u017c oni!<\/p>\n<div class=\"embed-controller-wrapper\">\n<blockquote class=\"twitter-tweet\" data-width=\"500\" data-dnt=\"true\">\n<p lang=\"es\" dir=\"ltr\">Incomparable \ud83d\ude03<a href=\"https:\/\/twitter.com\/LeTour?ref_src=twsrc%5Etfw\">@LeTour<\/a> <a href=\"https:\/\/twitter.com\/INEOSGrenadiers?ref_src=twsrc%5Etfw\">@INEOSGrenadiers<\/a> <a href=\"https:\/\/t.co\/8fGjgIOtmw\">pic.twitter.com\/8fGjgIOtmw<\/a><\/p>\n<p>&mdash; Micha\u0142 Kwiatkowski (@kwiato) <a href=\"https:\/\/twitter.com\/kwiato\/status\/1306674723498098691?ref_src=twsrc%5Etfw\">September 17, 2020<\/a><\/p><\/blockquote>\n<p><script async data-src=\"https:\/\/platform.twitter.com\/widgets.js\" charset=\"utf-8\"><\/script><\/div>\n<p>\u2013 Jestem bardzo wdzi\u0119czny ca\u0142ej dru\u017cynie oraz Richardowi Carapazowi. W ko\u0144c\u00f3wce nie wiedzia\u0142em dok\u0142adnie, jak\u0105 mamy przewag\u0119, ale zdawali\u015bmy sobie spraw\u0119, \u017ce jest ona wystarczaj\u0105ca, aby wygra\u0107 etap. Zrobili\u015bmy show i zas\u0142u\u017cyli\u015bmy na wielkie \u015bwi\u0119towanie \u2013 cieszy\u0142 si\u0119 Kwiatkowski.<\/p>\n<p>Polak na 18. etapie wykona\u0142 dwa zadania, bo najpierw m\u0119czy\u0142 rywali Carapaza w klasyfikacji g\u00f3rskiej, dzi\u0119ki czemu jego kolega z dru\u017cyny zdobywa\u0142 kolejne punkty i przej\u0105\u0142 koszulk\u0119 w grochy. Ostatnie kilometry zawodnicy Ineos Grenadiers jechali ju\u017c razem, z bezpieczn\u0105 przewag\u0105 nad przeciwnikami. Obejmowali si\u0119 i wzajemnie sobie gratulowali. Ostrego finiszu nie by\u0142o, a pierwszy lini\u0119 mety przejecha\u0142 Polak.<\/p>\n<div class=\"embed-controller-wrapper\">\n<blockquote class=\"twitter-tweet\" data-width=\"500\" data-dnt=\"true\">\n<p lang=\"en\" dir=\"ltr\">\ud83c\udfc6 Double delight for <a href=\"https:\/\/twitter.com\/INEOSGrenadiers?ref_src=twsrc%5Etfw\">@INEOSGrenadiers<\/a> , \ud83c\uddf5\ud83c\uddf1 <a href=\"https:\/\/twitter.com\/kwiato?ref_src=twsrc%5Etfw\">@kwiato<\/a> for the win, \ud83c\uddea\ud83c\udde8 <a href=\"https:\/\/twitter.com\/RichardCarapazM?ref_src=twsrc%5Etfw\">@RichardCarapazM<\/a> for the mountain jersey. \u26aa\ud83d\udd34<\/p>\n<p>\ud83d\udc9b\ud83c\uddf8\ud83c\uddee <a href=\"https:\/\/twitter.com\/rogla?ref_src=twsrc%5Etfw\">@rogla<\/a> is getting closer to the win!<\/p>\n<p>\ud83d\udd0a Pump up the sound and enjoy the highlights of stage 18.<a href=\"https:\/\/twitter.com\/hashtag\/TDF2020?src=hash&amp;ref_src=twsrc%5Etfw\">#TDF2020<\/a> <a href=\"https:\/\/twitter.com\/hashtag\/TDFunited?src=hash&amp;ref_src=twsrc%5Etfw\">#TDFunited<\/a> <a href=\"https:\/\/t.co\/ypziYWvQUO\">pic.twitter.com\/ypziYWvQUO<\/a><\/p>\n<p>&mdash; Tour de France\u2122 (@LeTour) <a href=\"https:\/\/twitter.com\/LeTour\/status\/1306651632449380352?ref_src=twsrc%5Etfw\">September 17, 2020<\/a><\/p><\/blockquote>\n<p><script async data-src=\"https:\/\/platform.twitter.com\/widgets.js\" charset=\"utf-8\"><\/script><\/div>\n<p>\u201eTo dla zespo\u0142u, rodziny i dla tych kibic\u00f3w, kt\u00f3rzy nigdy nie przestali wierzy\u0107. Nigdy tego nie zapomn\u0119. Dzi\u0119kuj\u0119 Richardowi Carapazowi i Ineos\u00a0 Grenadiers\u201d \u2013 napisa\u0142 \u201eKwiato\u201d na Twitterze.<\/p>\n<div class=\"embed-controller-wrapper\">\n<blockquote class=\"twitter-tweet\" data-width=\"500\" data-dnt=\"true\">\n<p lang=\"en\" dir=\"ltr\">This is for the team<br \/>This is for my family<br \/>This is for those fans, who never stop believing<br \/>This is something I will never forget<br \/>Thanks <a href=\"https:\/\/twitter.com\/RichardCarapazM?ref_src=twsrc%5Etfw\">@RichardCarapazM<\/a>, <a href=\"https:\/\/twitter.com\/INEOSGrenadiers?ref_src=twsrc%5Etfw\">@INEOSGrenadiers<\/a> <a href=\"https:\/\/t.co\/X5kLMozv7a\">pic.twitter.com\/X5kLMozv7a<\/a><\/p>\n<p>&mdash; Micha\u0142 Kwiatkowski (@kwiato) <a href=\"https:\/\/twitter.com\/kwiato\/status\/1306616361066606593?ref_src=twsrc%5Etfw\">September 17, 2020<\/a><\/p><\/blockquote>\n<p><script async data-src=\"https:\/\/platform.twitter.com\/widgets.js\" charset=\"utf-8\"><\/script><\/div>\n<p>Kwiatkowski to czwarty Polak w historii, kt\u00f3ry wygra\u0142 etap Wielkiej P\u0119tli. Wcze\u015bniej tego zaszczytu dost\u0105pili Zenon Jasku\u0142a, Rafa\u0142 Majka i Maciej Bodnar.<\/p>\n<p>&#8211; Nigdy wcze\u015bniej czego\u015b takiego nie do\u015bwiadczy\u0142em. Wiedzieli\u015bmy, jak ci\u0119\u017cko na to pracowali\u015bmy, zw\u0142aszcza w ci\u0105gu ostatnich kilku dni. Tej wygranej nie mog\u0119 por\u00f3wna\u0107 z \u017cadnym innym zwyci\u0119stwem \u2013 przyzna\u0142 polski bohater.<\/p>\n<p>Teraz przed nami decyduj\u0105ce rozstrzygni\u0119cia Wielkiej P\u0119tli, a zwyci\u0119zc\u0119 107. Tour de France poznamy w niedziel\u0119.<\/p>\n","protected":false},"excerpt":{"rendered":"<p>Historia polskiego kolarstwa napisa\u0142a si\u0119 na naszych oczach! Micha\u0142 Kwiatkowski (Ineos Grenadiers) jako czwarty Polak w historii wygra\u0142 etap Tour [&hellip;]<\/p>\n","protected":false},"author":125,"featured_media":11136,"comment_status":"open","ping_status":"open","sticky":false,"template":"","format":"standard","meta":{"footnotes":""},"categories":[335],"tags":[77,334],"global-categories":[303],"class_list":["post-11130","post","type-post","status-publish","format-standard","has-post-thumbnail","hentry","category-2020-tour-de-france","tag-tour-de-france","tag-tour-de-france-2020","global-categories-cycling"],"yoast_head":"<!-- This site is optimized with the Yoast SEO Premium plugin v25.3 (Yoast SEO v25.9) - https:\/\/yoast.com\/wordpress\/plugins\/seo\/ -->\n<title>Brawo, brawo, brawo! Micha\u0142 Kwiatkowski wygrywa etap Tour de France! - \u0160koda We Love Cycling - Poland<\/title>\n<meta name=\"description\" content=\"Historia polskiego kolarstwa napisa\u0142a si\u0119 na naszych oczach! Micha\u0142 Kwiatkowski (Ineos Grenadiers) jako czwarty Polak w historii wygra\u0142 etap Tour de France!\" \/>\n<meta name=\"robots\" content=\"index, follow, max-snippet:-1, max-image-preview:large, max-video-preview:-1\" \/>\n<link rel=\"canonical\" href=\"https:\/\/www.welovecycling.com\/pl\/2020\/09\/18\/brawo-brawo-brawo-michal-kwiatkowski-wygrywa-etap-tour-de-france\/\" \/>\n<meta property=\"og:locale\" content=\"pl_PL\" \/>\n<meta property=\"og:type\" content=\"article\" \/>\n<meta property=\"og:title\" content=\"Brawo, brawo, brawo! Micha\u0142 Kwiatkowski wygrywa etap Tour de France!\" \/>\n<meta property=\"og:description\" content=\"Historia polskiego kolarstwa napisa\u0142a si\u0119 na naszych oczach! Micha\u0142 Kwiatkowski (Ineos Grenadiers) jako czwarty Polak w historii wygra\u0142 etap Tour de France!\" \/>\n<meta property=\"og:url\" content=\"https:\/\/www.welovecycling.com\/pl\/2020\/09\/18\/brawo-brawo-brawo-michal-kwiatkowski-wygrywa-etap-tour-de-france\/\" \/>\n<meta property=\"og:site_name\" content=\"\u0160koda We Love Cycling - Poland\" \/>\n<meta property=\"article:published_time\" content=\"2020-09-18T15:09:27+00:00\" \/>\n<meta property=\"article:modified_time\" content=\"2020-09-18T15:11:27+00:00\" \/>\n<meta property=\"og:image\" content=\"https:\/\/d2p6e6u75xmxt8.cloudfront.net\/5\/2020\/09\/tour-2020-profimedia-0557196312-CVR-1024x450-1.jpg\" \/>\n\t<meta property=\"og:image:width\" content=\"1024\" \/>\n\t<meta property=\"og:image:height\" content=\"450\" \/>\n\t<meta property=\"og:image:type\" content=\"image\/jpeg\" \/>\n<meta name=\"author\" content=\"oktawiamikulska\" \/>\n<meta name=\"twitter:card\" content=\"summary_large_image\" \/>\n<meta name=\"twitter:label1\" content=\"Written by\" \/>\n\t<meta name=\"twitter:data1\" content=\"Piotr Nowik\" \/>\n\t<meta name=\"twitter:label2\" content=\"Est. reading time\" \/>\n\t<meta name=\"twitter:data2\" content=\"2 minutes\" \/>\n<script type=\"application\/ld+json\" class=\"yoast-schema-graph\">{\"@context\":\"https:\/\/schema.org\",\"@graph\":[{\"@type\":\"WebPage\",\"@id\":\"https:\/\/www.welovecycling.com\/pl\/2020\/09\/18\/brawo-brawo-brawo-michal-kwiatkowski-wygrywa-etap-tour-de-france\/\",\"url\":\"https:\/\/www.welovecycling.com\/pl\/2020\/09\/18\/brawo-brawo-brawo-michal-kwiatkowski-wygrywa-etap-tour-de-france\/\",\"name\":\"Brawo, brawo, brawo! Micha\u0142 Kwiatkowski wygrywa etap Tour de France! - \u0160koda We Love Cycling - Poland\",\"isPartOf\":{\"@id\":\"https:\/\/www.welovecycling.com\/pl\/#website\"},\"primaryImageOfPage\":{\"@id\":\"https:\/\/www.welovecycling.com\/pl\/2020\/09\/18\/brawo-brawo-brawo-michal-kwiatkowski-wygrywa-etap-tour-de-france\/#primaryimage\"},\"image\":{\"@id\":\"https:\/\/www.welovecycling.com\/pl\/2020\/09\/18\/brawo-brawo-brawo-michal-kwiatkowski-wygrywa-etap-tour-de-france\/#primaryimage\"},\"thumbnailUrl\":\"https:\/\/d2p6e6u75xmxt8.cloudfront.net\/5\/2020\/09\/tour-2020-profimedia-0557196312-CVR-1024x450-1.jpg\",\"datePublished\":\"2020-09-18T15:09:27+00:00\",\"dateModified\":\"2020-09-18T15:11:27+00:00\",\"author\":{\"@id\":\"https:\/\/www.welovecycling.com\/pl\/#\/schema\/person\/4a79bac7bd265aa6a35a1079d36648be\"},\"description\":\"Historia polskiego kolarstwa napisa\u0142a si\u0119 na naszych oczach! Micha\u0142 Kwiatkowski (Ineos Grenadiers) jako czwarty Polak w historii wygra\u0142 etap Tour de France!\",\"breadcrumb\":{\"@id\":\"https:\/\/www.welovecycling.com\/pl\/2020\/09\/18\/brawo-brawo-brawo-michal-kwiatkowski-wygrywa-etap-tour-de-france\/#breadcrumb\"},\"inLanguage\":\"pl-PL\",\"potentialAction\":[{\"@type\":\"ReadAction\",\"target\":[\"https:\/\/www.welovecycling.com\/pl\/2020\/09\/18\/brawo-brawo-brawo-michal-kwiatkowski-wygrywa-etap-tour-de-france\/\"]}]},{\"@type\":\"ImageObject\",\"inLanguage\":\"pl-PL\",\"@id\":\"https:\/\/www.welovecycling.com\/pl\/2020\/09\/18\/brawo-brawo-brawo-michal-kwiatkowski-wygrywa-etap-tour-de-france\/#primaryimage\",\"url\":\"https:\/\/d2p6e6u75xmxt8.cloudfront.net\/5\/2020\/09\/tour-2020-profimedia-0557196312-CVR-1024x450-1.jpg\",\"contentUrl\":\"https:\/\/d2p6e6u75xmxt8.cloudfront.net\/5\/2020\/09\/tour-2020-profimedia-0557196312-CVR-1024x450-1.jpg\",\"width\":1024,\"height\":450},{\"@type\":\"BreadcrumbList\",\"@id\":\"https:\/\/www.welovecycling.com\/pl\/2020\/09\/18\/brawo-brawo-brawo-michal-kwiatkowski-wygrywa-etap-tour-de-france\/#breadcrumb\",\"itemListElement\":[{\"@type\":\"ListItem\",\"position\":1,\"name\":\"Home\",\"item\":\"https:\/\/www.welovecycling.com\/pl\/\"},{\"@type\":\"ListItem\",\"position\":2,\"name\":\"Brawo, brawo, brawo! Micha\u0142 Kwiatkowski wygrywa etap Tour de France!\"}]},{\"@type\":\"WebSite\",\"@id\":\"https:\/\/www.welovecycling.com\/pl\/#website\",\"url\":\"https:\/\/www.welovecycling.com\/pl\/\",\"name\":\"\u0160koda We Love Cycling - Poland\",\"description\":\"\",\"potentialAction\":[{\"@type\":\"SearchAction\",\"target\":{\"@type\":\"EntryPoint\",\"urlTemplate\":\"https:\/\/www.welovecycling.com\/pl\/?s={search_term_string}\"},\"query-input\":{\"@type\":\"PropertyValueSpecification\",\"valueRequired\":true,\"valueName\":\"search_term_string\"}}],\"inLanguage\":\"pl-PL\"},{\"@type\":\"Person\",\"@id\":\"https:\/\/www.welovecycling.com\/pl\/#\/schema\/person\/4a79bac7bd265aa6a35a1079d36648be\",\"name\":\"oktawiamikulska\",\"image\":{\"@type\":\"ImageObject\",\"inLanguage\":\"pl-PL\",\"@id\":\"https:\/\/www.welovecycling.com\/pl\/#\/schema\/person\/image\/\",\"url\":\"https:\/\/secure.gravatar.com\/avatar\/b97a3f44e2de6d2f8dd358975937e49823662e12cbd810b9d1a2bff1c149e8a7?s=96&d=mm&r=g\",\"contentUrl\":\"https:\/\/secure.gravatar.com\/avatar\/b97a3f44e2de6d2f8dd358975937e49823662e12cbd810b9d1a2bff1c149e8a7?s=96&d=mm&r=g\",\"caption\":\"oktawiamikulska\"},\"url\":\"https:\/\/www.welovecycling.com\/pl\/author\/oktawiamikulska\/\"}]}<\/script>\n<!-- \/ Yoast SEO Premium plugin. -->","yoast_head_json":{"title":"Brawo, brawo, brawo! Micha\u0142 Kwiatkowski wygrywa etap Tour de France! - \u0160koda We Love Cycling - Poland","description":"Historia polskiego kolarstwa napisa\u0142a si\u0119 na naszych oczach! Micha\u0142 Kwiatkowski (Ineos Grenadiers) jako czwarty Polak w historii wygra\u0142 etap Tour de France!","robots":{"index":"index","follow":"follow","max-snippet":"max-snippet:-1","max-image-preview":"max-image-preview:large","max-video-preview":"max-video-preview:-1"},"canonical":"https:\/\/www.welovecycling.com\/pl\/2020\/09\/18\/brawo-brawo-brawo-michal-kwiatkowski-wygrywa-etap-tour-de-france\/","og_locale":"pl_PL","og_type":"article","og_title":"Brawo, brawo, brawo! Micha\u0142 Kwiatkowski wygrywa etap Tour de France!","og_description":"Historia polskiego kolarstwa napisa\u0142a si\u0119 na naszych oczach! Micha\u0142 Kwiatkowski (Ineos Grenadiers) jako czwarty Polak w historii wygra\u0142 etap Tour de France!","og_url":"https:\/\/www.welovecycling.com\/pl\/2020\/09\/18\/brawo-brawo-brawo-michal-kwiatkowski-wygrywa-etap-tour-de-france\/","og_site_name":"\u0160koda We Love Cycling - Poland","article_published_time":"2020-09-18T15:09:27+00:00","article_modified_time":"2020-09-18T15:11:27+00:00","og_image":[{"width":1024,"height":450,"url":"https:\/\/d2p6e6u75xmxt8.cloudfront.net\/5\/2020\/09\/tour-2020-profimedia-0557196312-CVR-1024x450-1.jpg","type":"image\/jpeg"}],"author":"oktawiamikulska","twitter_card":"summary_large_image","twitter_misc":{"Written by":"Piotr Nowik","Est. reading time":"2 minutes"},"schema":{"@context":"https:\/\/schema.org","@graph":[{"@type":"WebPage","@id":"https:\/\/www.welovecycling.com\/pl\/2020\/09\/18\/brawo-brawo-brawo-michal-kwiatkowski-wygrywa-etap-tour-de-france\/","url":"https:\/\/www.welovecycling.com\/pl\/2020\/09\/18\/brawo-brawo-brawo-michal-kwiatkowski-wygrywa-etap-tour-de-france\/","name":"Brawo, brawo, brawo! Micha\u0142 Kwiatkowski wygrywa etap Tour de France! - \u0160koda We Love Cycling - Poland","isPartOf":{"@id":"https:\/\/www.welovecycling.com\/pl\/#website"},"primaryImageOfPage":{"@id":"https:\/\/www.welovecycling.com\/pl\/2020\/09\/18\/brawo-brawo-brawo-michal-kwiatkowski-wygrywa-etap-tour-de-france\/#primaryimage"},"image":{"@id":"https:\/\/www.welovecycling.com\/pl\/2020\/09\/18\/brawo-brawo-brawo-michal-kwiatkowski-wygrywa-etap-tour-de-france\/#primaryimage"},"thumbnailUrl":"https:\/\/d2p6e6u75xmxt8.cloudfront.net\/5\/2020\/09\/tour-2020-profimedia-0557196312-CVR-1024x450-1.jpg","datePublished":"2020-09-18T15:09:27+00:00","dateModified":"2020-09-18T15:11:27+00:00","author":{"@id":"https:\/\/www.welovecycling.com\/pl\/#\/schema\/person\/4a79bac7bd265aa6a35a1079d36648be"},"description":"Historia polskiego kolarstwa napisa\u0142a si\u0119 na naszych oczach! Micha\u0142 Kwiatkowski (Ineos Grenadiers) jako czwarty Polak w historii wygra\u0142 etap Tour de France!","breadcrumb":{"@id":"https:\/\/www.welovecycling.com\/pl\/2020\/09\/18\/brawo-brawo-brawo-michal-kwiatkowski-wygrywa-etap-tour-de-france\/#breadcrumb"},"inLanguage":"pl-PL","potentialAction":[{"@type":"ReadAction","target":["https:\/\/www.welovecycling.com\/pl\/2020\/09\/18\/brawo-brawo-brawo-michal-kwiatkowski-wygrywa-etap-tour-de-france\/"]}]},{"@type":"ImageObject","inLanguage":"pl-PL","@id":"https:\/\/www.welovecycling.com\/pl\/2020\/09\/18\/brawo-brawo-brawo-michal-kwiatkowski-wygrywa-etap-tour-de-france\/#primaryimage","url":"https:\/\/d2p6e6u75xmxt8.cloudfront.net\/5\/2020\/09\/tour-2020-profimedia-0557196312-CVR-1024x450-1.jpg","contentUrl":"https:\/\/d2p6e6u75xmxt8.cloudfront.net\/5\/2020\/09\/tour-2020-profimedia-0557196312-CVR-1024x450-1.jpg","width":1024,"height":450},{"@type":"BreadcrumbList","@id":"https:\/\/www.welovecycling.com\/pl\/2020\/09\/18\/brawo-brawo-brawo-michal-kwiatkowski-wygrywa-etap-tour-de-france\/#breadcrumb","itemListElement":[{"@type":"ListItem","position":1,"name":"Home","item":"https:\/\/www.welovecycling.com\/pl\/"},{"@type":"ListItem","position":2,"name":"Brawo, brawo, brawo! Micha\u0142 Kwiatkowski wygrywa etap Tour de France!"}]},{"@type":"WebSite","@id":"https:\/\/www.welovecycling.com\/pl\/#website","url":"https:\/\/www.welovecycling.com\/pl\/","name":"\u0160koda We Love Cycling - Poland","description":"","potentialAction":[{"@type":"SearchAction","target":{"@type":"EntryPoint","urlTemplate":"https:\/\/www.welovecycling.com\/pl\/?s={search_term_string}"},"query-input":{"@type":"PropertyValueSpecification","valueRequired":true,"valueName":"search_term_string"}}],"inLanguage":"pl-PL"},{"@type":"Person","@id":"https:\/\/www.welovecycling.com\/pl\/#\/schema\/person\/4a79bac7bd265aa6a35a1079d36648be","name":"oktawiamikulska","image":{"@type":"ImageObject","inLanguage":"pl-PL","@id":"https:\/\/www.welovecycling.com\/pl\/#\/schema\/person\/image\/","url":"https:\/\/secure.gravatar.com\/avatar\/b97a3f44e2de6d2f8dd358975937e49823662e12cbd810b9d1a2bff1c149e8a7?s=96&d=mm&r=g","contentUrl":"https:\/\/secure.gravatar.com\/avatar\/b97a3f44e2de6d2f8dd358975937e49823662e12cbd810b9d1a2bff1c149e8a7?s=96&d=mm&r=g","caption":"oktawiamikulska"},"url":"https:\/\/www.welovecycling.com\/pl\/author\/oktawiamikulska\/"}]}},"_links":{"self":[{"href":"https:\/\/www.welovecycling.com\/pl\/wp-json\/wp\/v2\/posts\/11130","targetHints":{"allow":["GET"]}}],"collection":[{"href":"https:\/\/www.welovecycling.com\/pl\/wp-json\/wp\/v2\/posts"}],"about":[{"href":"https:\/\/www.welovecycling.com\/pl\/wp-json\/wp\/v2\/types\/post"}],"author":[{"embeddable":true,"href":"https:\/\/www.welovecycling.com\/pl\/wp-json\/wp\/v2\/users\/125"}],"replies":[{"embeddable":true,"href":"https:\/\/www.welovecycling.com\/pl\/wp-json\/wp\/v2\/comments?post=11130"}],"version-history":[{"count":1,"href":"https:\/\/www.welovecycling.com\/pl\/wp-json\/wp\/v2\/posts\/11130\/revisions"}],"predecessor-version":[{"id":11133,"href":"https:\/\/www.welovecycling.com\/pl\/wp-json\/wp\/v2\/posts\/11130\/revisions\/11133"}],"wp:featuredmedia":[{"embeddable":true,"href":"https:\/\/www.welovecycling.com\/pl\/wp-json\/wp\/v2\/media\/11136"}],"wp:attachment":[{"href":"https:\/\/www.welovecycling.com\/pl\/wp-json\/wp\/v2\/media?parent=11130"}],"wp:term":[{"taxonomy":"category","embeddable":true,"href":"https:\/\/www.welovecycling.com\/pl\/wp-json\/wp\/v2\/categories?post=11130"},{"taxonomy":"post_tag","embeddable":true,"href":"https:\/\/www.welovecycling.com\/pl\/wp-json\/wp\/v2\/tags?post=11130"},{"taxonomy":"global-categories","embeddable":true,"href":"https:\/\/www.welovecycling.com\/pl\/wp-json\/wp\/v2\/global-categories?post=11130"}],"curies":[{"name":"wp","href":"https:\/\/api.w.org\/{rel}","templated":true}]}}