{"id":11118,"date":"2020-09-14T14:45:41","date_gmt":"2020-09-14T14:45:41","guid":{"rendered":"https:\/\/www.welovecycling.com\/pl\/?p=11118"},"modified":"2020-09-14T14:45:41","modified_gmt":"2020-09-14T14:45:41","slug":"to-juz-jest-historyczny-tour-de-france-ostre-hamowanie-gigantow","status":"publish","type":"post","link":"https:\/\/www.welovecycling.com\/pl\/2020\/09\/14\/to-juz-jest-historyczny-tour-de-france-ostre-hamowanie-gigantow\/","title":{"rendered":"To ju\u017c jest historyczny Tour de France! Ostre hamowanie gigant\u00f3w"},"content":{"rendered":"<p><strong>Sta\u0142o si\u0119! Po latach dominacji na Tour de France, Team Ineos b\u0119dzie musia\u0142 odda\u0107 palm\u0119 pierwsze\u0144stwa! Ubieg\u0142oroczny triumfator Egan Bernal dos\u0142ownie zgas\u0142 na jednym z niedzielnych podjazd\u00f3w, a wraz z nim nadzieje brytyjskiej ekipy na kolejn\u0105 wygran\u0105.<\/strong><\/p>\n<p>By\u0142 rok 2015. W Warszawie hucznie otwierano drug\u0105 lini\u0119 metra, \u201eIda\u201d otrzyma\u0142a Oscara za najlepszy film nieangloj\u0119zyczny, a na Stadionie Narodowym rozegrano fina\u0142y Ligi Europy w pi\u0142ce no\u017cnej. To w\u0142a\u015bnie od wtedy zawodnicy z ekipy Team Ineos (w\u00f3wczas Team Sky) zawsze wygrywali Tour de France. W niedziel\u0119, po 15. etapie by\u0142o ju\u017c jednak pewne, \u017ce ich panowanie w\u0142a\u015bnie si\u0119 ko\u0144czy.<\/p>\n<div class=\"embed-controller-wrapper\">\n<blockquote class=\"twitter-tweet\" data-width=\"500\" data-dnt=\"true\">\n<p lang=\"en\" dir=\"ltr\">\ud83d\ude0d PIC OF THE DAY \ud83d\ude0d<br \/>by <a href=\"https:\/\/twitter.com\/century21fr?ref_src=twsrc%5Etfw\">@century21fr<\/a> <a href=\"https:\/\/twitter.com\/hashtag\/TDF2020?src=hash&amp;ref_src=twsrc%5Etfw\">#TDF2020<\/a> <br \/>\ud83d\udcf8 A.S.O \/ Ashley Gruber &#8211; Jered Gruber <a href=\"https:\/\/t.co\/TFKAia7jss\">pic.twitter.com\/TFKAia7jss<\/a><\/p>\n<p>&mdash; Tour de France\u2122 (@LeTour) <a href=\"https:\/\/twitter.com\/LeTour\/status\/1305257445695119360?ref_src=twsrc%5Etfw\">September 13, 2020<\/a><\/p><\/blockquote>\n<p><script async data-src=\"https:\/\/platform.twitter.com\/widgets.js\" charset=\"utf-8\"><\/script><\/div>\n<p>Najpierw dzieli\u0142 i rz\u0105dzi\u0142 Chris Froome (trzy wygrane z rz\u0119du), nast\u0119pnie wyprzedzi\u0142 go Geraint Thomas, a rok temu triumfowa\u0142 Egan Bernal. R\u00f3\u017cne nazwiska, r\u00f3\u017cne techniki jazdy, r\u00f3\u017cne sposoby na zwyci\u0119stwo, ale ekipa zawsze ta sama \u2013 brytyjski Team Sky, w zesz\u0142ym roku przemianowany na Team Ineos, a na tegorocznej Wielkiej P\u0119tli wyst\u0119puj\u0105ca jako Ineos Grenadiers.<\/p>\n<p>I w\u0142a\u015bnie ta nazwa przez najbli\u017csze lata b\u0119dzie kojarzy\u0142a si\u0119 z ko\u0144cem hegemonii brytyjskiego giganta, cho\u0107 jeszcze przed startem sezonu wydawa\u0142o si\u0119, \u017ce w zespole panuje k\u0142opot bogactwa. Ineos mog\u0142o wystawi\u0107 nawet czterech lider\u00f3w, ale w ko\u0144cu do Francji nie przyjechali Froome oraz Thomas. Teoretycznie nie by\u0142 to jednak k\u0142opot, bo na starcie stan\u0119li Bernal (zwyci\u0119zca ubieg\u0142orocznej Wielkiej P\u0119tli) i Richard\u00a0 Carapaz (wygrany ubieg\u0142orocznego Giro d\u2019Italia). Na tydzie\u0144 przed ko\u0144cem rywalizacji jednak wiemy, \u017ce ani oni, ani \u017caden z ich koleg\u00f3w, nie wygra Tour de France 2020.<\/p>\n<div class=\"embed-controller-wrapper\">\n<blockquote class=\"twitter-tweet\" data-width=\"500\" data-dnt=\"true\">\n<p lang=\"fr\" dir=\"ltr\">\u26f0 Longue et dure journ\u00e9e sur le <a href=\"https:\/\/twitter.com\/hashtag\/TDF2020?src=hash&amp;ref_src=twsrc%5Etfw\">#TDF2020<\/a> !  \ud83c\udfc6 \ud83c\uddf8\ud83c\uddee Les Slov\u00e8nes triomphent au Grand Colombier, \ud83c\udde8\ud83c\uddf4 Egan Bernal et \ud83c\udde8\ud83c\uddf4 Nairo Quintana craquent. <\/p>\n<p>\ud83d\ude05 Demain : un repos bien m\u00e9rit\u00e9 !<\/p>\n<p>\ud83d\udd0a Mettez le son et profitez du r\u00e9sum\u00e9 de l\u2019\u00e9tape 15.<a href=\"https:\/\/twitter.com\/hashtag\/TDFunited?src=hash&amp;ref_src=twsrc%5Etfw\">#TDFunited<\/a> <a href=\"https:\/\/t.co\/jtn5wVRzNT\">pic.twitter.com\/jtn5wVRzNT<\/a><\/p>\n<p>&mdash; Tour de France\u2122 (@LeTour) <a href=\"https:\/\/twitter.com\/LeTour\/status\/1305209630792888322?ref_src=twsrc%5Etfw\">September 13, 2020<\/a><\/p><\/blockquote>\n<p><script async data-src=\"https:\/\/platform.twitter.com\/widgets.js\" charset=\"utf-8\"><\/script><\/div>\n<p>&#8211; Czu\u0142em si\u0119 wyczerpany, nie mia\u0142em mocy. Nie mam nic na usprawiedliwienie, inni byli po prostu silniejsi ode mnie \u2013 podkre\u015bla\u0142 na mecie Bernal.<\/p>\n<p>Jego zmor\u0105 okaza\u0142 si\u0119 niedzielny podjazd pod Grand Colombier. Kolumbijczyka pr\u00f3bowa\u0142 holowa\u0107 Micha\u0142 Kwiatkowski, ale Bernal gas\u0142 w oczach. Nie mia\u0142 si\u0142y nawet na podj\u0119cie walki, o gonieniu czo\u0142\u00f3wki nie wspominaj\u0105c. Efekt? Ponad siedem minut straty do Tadeja Pogacara (Team Jumbo-Visma), kt\u00f3ry wygra\u0142 etap przed Primo\u017cem Rogliciem (UAE Team Emirates).<\/p>\n<div class=\"embed-controller-wrapper\">\n<blockquote class=\"twitter-tweet\" data-width=\"500\" data-dnt=\"true\">\n<p lang=\"fr\" dir=\"ltr\">\ud83e\udd29 Relive stage 15 from inside the peloton.<\/p>\n<p>\ud83e\udd29 Revivez l\u2019\u00e9tape 15 du <a href=\"https:\/\/twitter.com\/hashtag\/TDF2020?src=hash&amp;ref_src=twsrc%5Etfw\">#TDF2020<\/a> de l\u2019int\u00e9rieur du peloton.<a href=\"https:\/\/twitter.com\/hashtag\/TDFunited?src=hash&amp;ref_src=twsrc%5Etfw\">#TDFunited<\/a> <a href=\"https:\/\/t.co\/bWYwlZX9wj\">pic.twitter.com\/bWYwlZX9wj<\/a><\/p>\n<p>&mdash; Tour de France\u2122 (@LeTour) <a href=\"https:\/\/twitter.com\/LeTour\/status\/1305219696862531584?ref_src=twsrc%5Etfw\">September 13, 2020<\/a><\/p><\/blockquote>\n<p><script async data-src=\"https:\/\/platform.twitter.com\/widgets.js\" charset=\"utf-8\"><\/script><\/div>\n<p>&#8211; Ju\u017c od pierwszego podjazdu nie czu\u0142em si\u0119 najlepiej i by\u0142o blisko tego, by czo\u0142\u00f3wka mi odjecha\u0142a. Pr\u00f3bowa\u0142em walczy\u0107, ale rywale byli mocniejsi. Nie mam ju\u017c szans na wygran\u0105, wi\u0119c dru\u017cyna b\u0119dzie musia\u0142a zmieni\u0107 cele na tegoroczny Tour de France \u2013 przyzna\u0142 Bernal.<\/p>\n<p>To mo\u017ce oznacza\u0107, \u017ce woln\u0105 r\u0119k\u0119 dostanie Micha\u0142 Kwiatkowski. Do tej pory jedyny Polak na Wielkiej P\u0119tli wyznaczony by\u0142 do wspierania Bernala, ale teraz Ineos Grenadiers b\u0119d\u0105 pewnie walczyli o zwyci\u0119stwa etapowe. A to otwiera przed Kwiatkowskim nowe mo\u017cliwo\u015bci.<\/p>\n<p>&#8211; Nikt nie jest zwyci\u0119zc\u0105 przez ca\u0142e \u017cycie i to w\u0142a\u015bnie jest pi\u0119kno sportu. Egan, jeszcze wr\u00f3cimy \u2013 wspiera\u0142 swojego dru\u017cynowego koleg\u0119 \u201eKwiato\u201d.<\/p>\n<div class=\"embed-controller-wrapper\">\n<blockquote class=\"twitter-tweet\" data-width=\"500\" data-dnt=\"true\">\n<p lang=\"en\" dir=\"ltr\">Possibility is the thing that keeps us going. Not the guarantee. Noone is a winner for life. That\u2019s the beauty of sport. We will bouce back. So will <a href=\"https:\/\/twitter.com\/Eganbernal?ref_src=twsrc%5Etfw\">@Eganbernal<\/a> \ud83d\udcaa\ud83c\udffb <a href=\"https:\/\/twitter.com\/hashtag\/TDF2020?src=hash&amp;ref_src=twsrc%5Etfw\">#TDF2020<\/a> <a href=\"https:\/\/twitter.com\/INEOSGrenadiers?ref_src=twsrc%5Etfw\">@INEOSGrenadiers<\/a> <br \/>\ud83d\udcf7 <a href=\"https:\/\/twitter.com\/GettySport?ref_src=twsrc%5Etfw\">@GettySport<\/a> <a href=\"https:\/\/t.co\/7CoZIefynL\">pic.twitter.com\/7CoZIefynL<\/a><\/p>\n<p>&mdash; Micha\u0142 Kwiatkowski (@kwiato) <a href=\"https:\/\/twitter.com\/kwiato\/status\/1305188934130040834?ref_src=twsrc%5Etfw\">September 13, 2020<\/a><\/p><\/blockquote>\n<p><script async data-src=\"https:\/\/platform.twitter.com\/widgets.js\" charset=\"utf-8\"><\/script><\/div>\n<p>Po 15 etapach w klasyfikacji generalnej prowadzi Rogli\u0107, przed Pogacarem i Rigoberto Uranem (EF Pro Cycling). Liderem klasyfikacji sprinterskiej (sponsorowanej przez \u0160kod\u0119) jest Sam Bennett (Deceuninck \u2013 Quick &#8211; Step), g\u00f3rskiej Benoit Cosnefroy (AG2R Mondiale), a m\u0142odzie\u017cowej Pogacar.<\/p>\n<p>Decyduj\u0105cy b\u0119dzie jednak najbli\u017cszy tydzie\u0144. Przez cztery dni kolarze b\u0119d\u0105 wspinali si\u0119 po alpejskich szczytach, a kluczowa mo\u017ce by\u0107 czas\u00f3wka, kt\u00f3ra odb\u0119dzie si\u0119 w sobot\u0119.<\/p>\n<p>Zako\u0144czenie wy\u015bcigu dzie\u0144 p\u00f3\u017aniej, tradycyjnie na Polach Elizejskich. Wtedy dowiemy si\u0119, kto po Pary\u017cu b\u0119dzie je\u017adzi\u0142 z szampanem.<\/p>\n","protected":false},"excerpt":{"rendered":"<p>Sta\u0142o si\u0119! Po latach dominacji na Tour de France, Team Ineos b\u0119dzie musia\u0142 odda\u0107 palm\u0119 pierwsze\u0144stwa! Ubieg\u0142oroczny triumfator Egan Bernal [&hellip;]<\/p>\n","protected":false},"author":125,"featured_media":11123,"comment_status":"open","ping_status":"open","sticky":false,"template":"","format":"standard","meta":{"footnotes":""},"categories":[335],"tags":[77,334],"global-categories":[303],"class_list":["post-11118","post","type-post","status-publish","format-standard","has-post-thumbnail","hentry","category-2020-tour-de-france","tag-tour-de-france","tag-tour-de-france-2020","global-categories-cycling"],"yoast_head":"<!-- This site is optimized with the Yoast SEO Premium plugin v25.3 (Yoast SEO v25.9) - https:\/\/yoast.com\/wordpress\/plugins\/seo\/ -->\n<title>To ju\u017c jest historyczny Tour de France! Ostre hamowanie gigant\u00f3w - \u0160koda We Love Cycling - Poland<\/title>\n<meta name=\"robots\" content=\"index, follow, max-snippet:-1, max-image-preview:large, max-video-preview:-1\" \/>\n<link rel=\"canonical\" href=\"https:\/\/www.welovecycling.com\/pl\/2020\/09\/14\/to-juz-jest-historyczny-tour-de-france-ostre-hamowanie-gigantow\/\" \/>\n<meta property=\"og:locale\" content=\"pl_PL\" \/>\n<meta property=\"og:type\" content=\"article\" \/>\n<meta property=\"og:title\" content=\"To ju\u017c jest historyczny Tour de France! Ostre hamowanie gigant\u00f3w\" \/>\n<meta property=\"og:description\" content=\"Sta\u0142o si\u0119! Po latach dominacji na Tour de France, Team Ineos b\u0119dzie musia\u0142 odda\u0107 palm\u0119 pierwsze\u0144stwa! Ubieg\u0142oroczny triumfator Egan Bernal [&hellip;]\" \/>\n<meta property=\"og:url\" content=\"https:\/\/www.welovecycling.com\/pl\/2020\/09\/14\/to-juz-jest-historyczny-tour-de-france-ostre-hamowanie-gigantow\/\" \/>\n<meta property=\"og:site_name\" content=\"\u0160koda We Love Cycling - Poland\" \/>\n<meta property=\"article:published_time\" content=\"2020-09-14T14:45:41+00:00\" \/>\n<meta property=\"og:image\" content=\"https:\/\/d2p6e6u75xmxt8.cloudfront.net\/5\/2020\/09\/pogacar-profimedia-0557797993-CVR-1024x450-1.jpg\" \/>\n\t<meta property=\"og:image:width\" content=\"1024\" \/>\n\t<meta property=\"og:image:height\" content=\"450\" \/>\n\t<meta property=\"og:image:type\" content=\"image\/jpeg\" \/>\n<meta name=\"author\" content=\"oktawiamikulska\" \/>\n<meta name=\"twitter:card\" content=\"summary_large_image\" \/>\n<meta name=\"twitter:label1\" content=\"Written by\" \/>\n\t<meta name=\"twitter:data1\" content=\"Piotr Nowik\" \/>\n\t<meta name=\"twitter:label2\" content=\"Est. reading time\" \/>\n\t<meta name=\"twitter:data2\" content=\"3 minutes\" \/>\n<script type=\"application\/ld+json\" class=\"yoast-schema-graph\">{\"@context\":\"https:\/\/schema.org\",\"@graph\":[{\"@type\":\"WebPage\",\"@id\":\"https:\/\/www.welovecycling.com\/pl\/2020\/09\/14\/to-juz-jest-historyczny-tour-de-france-ostre-hamowanie-gigantow\/\",\"url\":\"https:\/\/www.welovecycling.com\/pl\/2020\/09\/14\/to-juz-jest-historyczny-tour-de-france-ostre-hamowanie-gigantow\/\",\"name\":\"To ju\u017c jest historyczny Tour de France! Ostre hamowanie gigant\u00f3w - \u0160koda We Love Cycling - Poland\",\"isPartOf\":{\"@id\":\"https:\/\/www.welovecycling.com\/pl\/#website\"},\"primaryImageOfPage\":{\"@id\":\"https:\/\/www.welovecycling.com\/pl\/2020\/09\/14\/to-juz-jest-historyczny-tour-de-france-ostre-hamowanie-gigantow\/#primaryimage\"},\"image\":{\"@id\":\"https:\/\/www.welovecycling.com\/pl\/2020\/09\/14\/to-juz-jest-historyczny-tour-de-france-ostre-hamowanie-gigantow\/#primaryimage\"},\"thumbnailUrl\":\"https:\/\/d2p6e6u75xmxt8.cloudfront.net\/5\/2020\/09\/pogacar-profimedia-0557797993-CVR-1024x450-1.jpg\",\"datePublished\":\"2020-09-14T14:45:41+00:00\",\"author\":{\"@id\":\"https:\/\/www.welovecycling.com\/pl\/#\/schema\/person\/4a79bac7bd265aa6a35a1079d36648be\"},\"breadcrumb\":{\"@id\":\"https:\/\/www.welovecycling.com\/pl\/2020\/09\/14\/to-juz-jest-historyczny-tour-de-france-ostre-hamowanie-gigantow\/#breadcrumb\"},\"inLanguage\":\"pl-PL\",\"potentialAction\":[{\"@type\":\"ReadAction\",\"target\":[\"https:\/\/www.welovecycling.com\/pl\/2020\/09\/14\/to-juz-jest-historyczny-tour-de-france-ostre-hamowanie-gigantow\/\"]}]},{\"@type\":\"ImageObject\",\"inLanguage\":\"pl-PL\",\"@id\":\"https:\/\/www.welovecycling.com\/pl\/2020\/09\/14\/to-juz-jest-historyczny-tour-de-france-ostre-hamowanie-gigantow\/#primaryimage\",\"url\":\"https:\/\/d2p6e6u75xmxt8.cloudfront.net\/5\/2020\/09\/pogacar-profimedia-0557797993-CVR-1024x450-1.jpg\",\"contentUrl\":\"https:\/\/d2p6e6u75xmxt8.cloudfront.net\/5\/2020\/09\/pogacar-profimedia-0557797993-CVR-1024x450-1.jpg\",\"width\":1024,\"height\":450},{\"@type\":\"BreadcrumbList\",\"@id\":\"https:\/\/www.welovecycling.com\/pl\/2020\/09\/14\/to-juz-jest-historyczny-tour-de-france-ostre-hamowanie-gigantow\/#breadcrumb\",\"itemListElement\":[{\"@type\":\"ListItem\",\"position\":1,\"name\":\"Home\",\"item\":\"https:\/\/www.welovecycling.com\/pl\/\"},{\"@type\":\"ListItem\",\"position\":2,\"name\":\"To ju\u017c jest historyczny Tour de France! Ostre hamowanie gigant\u00f3w\"}]},{\"@type\":\"WebSite\",\"@id\":\"https:\/\/www.welovecycling.com\/pl\/#website\",\"url\":\"https:\/\/www.welovecycling.com\/pl\/\",\"name\":\"\u0160koda We Love Cycling - Poland\",\"description\":\"\",\"potentialAction\":[{\"@type\":\"SearchAction\",\"target\":{\"@type\":\"EntryPoint\",\"urlTemplate\":\"https:\/\/www.welovecycling.com\/pl\/?s={search_term_string}\"},\"query-input\":{\"@type\":\"PropertyValueSpecification\",\"valueRequired\":true,\"valueName\":\"search_term_string\"}}],\"inLanguage\":\"pl-PL\"},{\"@type\":\"Person\",\"@id\":\"https:\/\/www.welovecycling.com\/pl\/#\/schema\/person\/4a79bac7bd265aa6a35a1079d36648be\",\"name\":\"oktawiamikulska\",\"image\":{\"@type\":\"ImageObject\",\"inLanguage\":\"pl-PL\",\"@id\":\"https:\/\/www.welovecycling.com\/pl\/#\/schema\/person\/image\/\",\"url\":\"https:\/\/secure.gravatar.com\/avatar\/b97a3f44e2de6d2f8dd358975937e49823662e12cbd810b9d1a2bff1c149e8a7?s=96&d=mm&r=g\",\"contentUrl\":\"https:\/\/secure.gravatar.com\/avatar\/b97a3f44e2de6d2f8dd358975937e49823662e12cbd810b9d1a2bff1c149e8a7?s=96&d=mm&r=g\",\"caption\":\"oktawiamikulska\"},\"url\":\"https:\/\/www.welovecycling.com\/pl\/author\/oktawiamikulska\/\"}]}<\/script>\n<!-- \/ Yoast SEO Premium plugin. -->","yoast_head_json":{"title":"To ju\u017c jest historyczny Tour de France! Ostre hamowanie gigant\u00f3w - \u0160koda We Love Cycling - Poland","robots":{"index":"index","follow":"follow","max-snippet":"max-snippet:-1","max-image-preview":"max-image-preview:large","max-video-preview":"max-video-preview:-1"},"canonical":"https:\/\/www.welovecycling.com\/pl\/2020\/09\/14\/to-juz-jest-historyczny-tour-de-france-ostre-hamowanie-gigantow\/","og_locale":"pl_PL","og_type":"article","og_title":"To ju\u017c jest historyczny Tour de France! Ostre hamowanie gigant\u00f3w","og_description":"Sta\u0142o si\u0119! Po latach dominacji na Tour de France, Team Ineos b\u0119dzie musia\u0142 odda\u0107 palm\u0119 pierwsze\u0144stwa! Ubieg\u0142oroczny triumfator Egan Bernal [&hellip;]","og_url":"https:\/\/www.welovecycling.com\/pl\/2020\/09\/14\/to-juz-jest-historyczny-tour-de-france-ostre-hamowanie-gigantow\/","og_site_name":"\u0160koda We Love Cycling - Poland","article_published_time":"2020-09-14T14:45:41+00:00","og_image":[{"width":1024,"height":450,"url":"https:\/\/d2p6e6u75xmxt8.cloudfront.net\/5\/2020\/09\/pogacar-profimedia-0557797993-CVR-1024x450-1.jpg","type":"image\/jpeg"}],"author":"oktawiamikulska","twitter_card":"summary_large_image","twitter_misc":{"Written by":"Piotr Nowik","Est. reading time":"3 minutes"},"schema":{"@context":"https:\/\/schema.org","@graph":[{"@type":"WebPage","@id":"https:\/\/www.welovecycling.com\/pl\/2020\/09\/14\/to-juz-jest-historyczny-tour-de-france-ostre-hamowanie-gigantow\/","url":"https:\/\/www.welovecycling.com\/pl\/2020\/09\/14\/to-juz-jest-historyczny-tour-de-france-ostre-hamowanie-gigantow\/","name":"To ju\u017c jest historyczny Tour de France! Ostre hamowanie gigant\u00f3w - \u0160koda We Love Cycling - Poland","isPartOf":{"@id":"https:\/\/www.welovecycling.com\/pl\/#website"},"primaryImageOfPage":{"@id":"https:\/\/www.welovecycling.com\/pl\/2020\/09\/14\/to-juz-jest-historyczny-tour-de-france-ostre-hamowanie-gigantow\/#primaryimage"},"image":{"@id":"https:\/\/www.welovecycling.com\/pl\/2020\/09\/14\/to-juz-jest-historyczny-tour-de-france-ostre-hamowanie-gigantow\/#primaryimage"},"thumbnailUrl":"https:\/\/d2p6e6u75xmxt8.cloudfront.net\/5\/2020\/09\/pogacar-profimedia-0557797993-CVR-1024x450-1.jpg","datePublished":"2020-09-14T14:45:41+00:00","author":{"@id":"https:\/\/www.welovecycling.com\/pl\/#\/schema\/person\/4a79bac7bd265aa6a35a1079d36648be"},"breadcrumb":{"@id":"https:\/\/www.welovecycling.com\/pl\/2020\/09\/14\/to-juz-jest-historyczny-tour-de-france-ostre-hamowanie-gigantow\/#breadcrumb"},"inLanguage":"pl-PL","potentialAction":[{"@type":"ReadAction","target":["https:\/\/www.welovecycling.com\/pl\/2020\/09\/14\/to-juz-jest-historyczny-tour-de-france-ostre-hamowanie-gigantow\/"]}]},{"@type":"ImageObject","inLanguage":"pl-PL","@id":"https:\/\/www.welovecycling.com\/pl\/2020\/09\/14\/to-juz-jest-historyczny-tour-de-france-ostre-hamowanie-gigantow\/#primaryimage","url":"https:\/\/d2p6e6u75xmxt8.cloudfront.net\/5\/2020\/09\/pogacar-profimedia-0557797993-CVR-1024x450-1.jpg","contentUrl":"https:\/\/d2p6e6u75xmxt8.cloudfront.net\/5\/2020\/09\/pogacar-profimedia-0557797993-CVR-1024x450-1.jpg","width":1024,"height":450},{"@type":"BreadcrumbList","@id":"https:\/\/www.welovecycling.com\/pl\/2020\/09\/14\/to-juz-jest-historyczny-tour-de-france-ostre-hamowanie-gigantow\/#breadcrumb","itemListElement":[{"@type":"ListItem","position":1,"name":"Home","item":"https:\/\/www.welovecycling.com\/pl\/"},{"@type":"ListItem","position":2,"name":"To ju\u017c jest historyczny Tour de France! Ostre hamowanie gigant\u00f3w"}]},{"@type":"WebSite","@id":"https:\/\/www.welovecycling.com\/pl\/#website","url":"https:\/\/www.welovecycling.com\/pl\/","name":"\u0160koda We Love Cycling - Poland","description":"","potentialAction":[{"@type":"SearchAction","target":{"@type":"EntryPoint","urlTemplate":"https:\/\/www.welovecycling.com\/pl\/?s={search_term_string}"},"query-input":{"@type":"PropertyValueSpecification","valueRequired":true,"valueName":"search_term_string"}}],"inLanguage":"pl-PL"},{"@type":"Person","@id":"https:\/\/www.welovecycling.com\/pl\/#\/schema\/person\/4a79bac7bd265aa6a35a1079d36648be","name":"oktawiamikulska","image":{"@type":"ImageObject","inLanguage":"pl-PL","@id":"https:\/\/www.welovecycling.com\/pl\/#\/schema\/person\/image\/","url":"https:\/\/secure.gravatar.com\/avatar\/b97a3f44e2de6d2f8dd358975937e49823662e12cbd810b9d1a2bff1c149e8a7?s=96&d=mm&r=g","contentUrl":"https:\/\/secure.gravatar.com\/avatar\/b97a3f44e2de6d2f8dd358975937e49823662e12cbd810b9d1a2bff1c149e8a7?s=96&d=mm&r=g","caption":"oktawiamikulska"},"url":"https:\/\/www.welovecycling.com\/pl\/author\/oktawiamikulska\/"}]}},"_links":{"self":[{"href":"https:\/\/www.welovecycling.com\/pl\/wp-json\/wp\/v2\/posts\/11118","targetHints":{"allow":["GET"]}}],"collection":[{"href":"https:\/\/www.welovecycling.com\/pl\/wp-json\/wp\/v2\/posts"}],"about":[{"href":"https:\/\/www.welovecycling.com\/pl\/wp-json\/wp\/v2\/types\/post"}],"author":[{"embeddable":true,"href":"https:\/\/www.welovecycling.com\/pl\/wp-json\/wp\/v2\/users\/125"}],"replies":[{"embeddable":true,"href":"https:\/\/www.welovecycling.com\/pl\/wp-json\/wp\/v2\/comments?post=11118"}],"version-history":[{"count":1,"href":"https:\/\/www.welovecycling.com\/pl\/wp-json\/wp\/v2\/posts\/11118\/revisions"}],"predecessor-version":[{"id":11124,"href":"https:\/\/www.welovecycling.com\/pl\/wp-json\/wp\/v2\/posts\/11118\/revisions\/11124"}],"wp:featuredmedia":[{"embeddable":true,"href":"https:\/\/www.welovecycling.com\/pl\/wp-json\/wp\/v2\/media\/11123"}],"wp:attachment":[{"href":"https:\/\/www.welovecycling.com\/pl\/wp-json\/wp\/v2\/media?parent=11118"}],"wp:term":[{"taxonomy":"category","embeddable":true,"href":"https:\/\/www.welovecycling.com\/pl\/wp-json\/wp\/v2\/categories?post=11118"},{"taxonomy":"post_tag","embeddable":true,"href":"https:\/\/www.welovecycling.com\/pl\/wp-json\/wp\/v2\/tags?post=11118"},{"taxonomy":"global-categories","embeddable":true,"href":"https:\/\/www.welovecycling.com\/pl\/wp-json\/wp\/v2\/global-categories?post=11118"}],"curies":[{"name":"wp","href":"https:\/\/api.w.org\/{rel}","templated":true}]}}