{"id":11110,"date":"2020-09-08T10:25:40","date_gmt":"2020-09-08T10:25:40","guid":{"rendered":"https:\/\/www.welovecycling.com\/pl\/?p=11110"},"modified":"2020-09-11T10:33:32","modified_gmt":"2020-09-11T10:33:32","slug":"historia-zielonej-koszulki-skody-i-legenda-petera-sagana","status":"publish","type":"post","link":"https:\/\/www.welovecycling.com\/pl\/2020\/09\/08\/historia-zielonej-koszulki-skody-i-legenda-petera-sagana\/","title":{"rendered":"Historia zielonej koszulki \u0160KODY i legenda Petera Sagana"},"content":{"rendered":"<p><strong>Je\u015bli wyszukasz w sieci zdj\u0119cie Petera Sagana, 30-letniego s\u0142owackiego zawodowego kolarza wy\u015bcigowego, wyniki b\u0119d\u0105 zdominowane przez kolor zielony. Pow\u00f3d jest oczywisty \u2013 Peter jest rekordzist\u0105 \u015bwiata w najwi\u0119kszej liczbie zielonych koszulek <a href=\"https:\/\/www.skoda-auto.pl\/\">\u0160koda<\/a> zebranych podczas Tour de France. Zdobycie koszulki \u201esprintera\u201d wymaga wszechstronnego zestawu umiej\u0119tno\u015bci, kreatywno\u015bci w siode\u0142ku i imponuj\u0105cej si\u0142y n\u00f3g. Jak mo\u017cna wygrywa\u0107 Green Jersey rok po roku, kiedy warunki na trasach diametralnie si\u0119 zmieniaj\u0105? Zobaczmy.<\/strong><\/p>\n<p>Koszulki Tour de France i ich historie sta\u0142y si\u0119 legendami, ale <em>maillot vert<\/em> cieszy si\u0119 szczeg\u00f3ln\u0105 uwag\u0105, poniewa\u017c jest najwa\u017cniejsza zaraz po \u017c\u00f3\u0142tej (oznaczaj\u0105cej prowadzenie w klasyfikacji generalnej) i przyznawana cz\u0119sto po burzliwych obradach. Mo\u017cna powiedzie\u0107, \u017ce zielona koszulka to efekt d\u0105\u017cenia organizator\u00f3w Le Tour do tego, aby wy\u015bcig by\u0142 bardziej sprawiedliwy i jednocze\u015bnie atrakcyjny. Pierwotnie zwyci\u0119zca trasy by\u0142 oceniany przez system czasowy, kt\u00f3ry p\u00f3\u017aniej zmieniono na punktowy. Ten drugi istnia\u0142 tylko do 1912 roku; p\u00f3\u017aniej przywr\u00f3cono system czasowy u\u017cywany do dzi\u015b. Punkty zdobywa si\u0119 podczas sprintu po\u015bredniego i na wjazdach na etap. Aby przywr\u00f3ci\u0107 punktacj\u0119 i doda\u0107 nieco wi\u0119cej emocji imprezie, organizatorzy wprowadzili j\u0105 jako klasyfikacj\u0119 dodatkow\u0105 w 1953 roku. W tym samym roku obchodzono te\u017c 50. rocznic\u0119 Tour de France.<\/p>\n<figure id=\"attachment_179337\" aria-describedby=\"caption-attachment-179337\" style=\"width: 1024px\" class=\"wp-caption alignnone\"><img loading=\"lazy\" decoding=\"async\" class=\"loading wp-image-179337 size-large\" src=\"https:\/\/d2p6e6u75xmxt8.cloudfront.net\/2\/2020\/09\/profimedia-0139554138-1024x759.jpg\" sizes=\"auto, (max-width: 1024px) 100vw, 1024px\" srcset=\"https:\/\/d2p6e6u75xmxt8.cloudfront.net\/2\/2020\/09\/profimedia-0139554138-1024x759.jpg 1024w, https:\/\/d2p6e6u75xmxt8.cloudfront.net\/2\/2020\/09\/profimedia-0139554138-300x222.jpg 300w, https:\/\/d2p6e6u75xmxt8.cloudfront.net\/2\/2020\/09\/profimedia-0139554138-768x569.jpg 768w, https:\/\/d2p6e6u75xmxt8.cloudfront.net\/2\/2020\/09\/profimedia-0139554138.jpg 1250w\" alt=\"1953 Tour\" width=\"1024\" height=\"759\" data-was-processed=\"true\" \/><figcaption id=\"caption-attachment-179337\" class=\"wp-caption-text\">\u00a9 Profimedia<\/figcaption><\/figure>\n<p>Kiedy wybrano zielony kolor koszulek, by\u0142o to nieco zabawne, poniewa\u017c pierwszym sponsorem by\u0142 producent kosiarek. Rok 1968 by\u0142 jedynym rokiem, w kt\u00f3rym koszulka nie by\u0142a zielona \u2013 wybrano czerwie\u0144, kolor dopasowany do nowego sponsora. \u0160koda \u2013 obecny sponsor wy\u015bcigu \u2013 b\u0119d\u0105ca pierwotnie warsztatem rowerowym ostatecznie zosta\u0142a oficjalnym partnerem Tour de France i oficjalnym partnerem samochodowym w 2004 roku. Dzi\u0119ki temu jeszcze bardziej wzmocni\u0142a swoje zaanga\u017cowanie w jazd\u0119 na rowerze. Zielon\u0105 koszulk\u0119 \u201esprintera\u201d \u0160koda sponsoruje od 2014 roku.<\/p>\n<p>Profesjonalni kolarze znani s\u0105 z pasji, talentu, sprawno\u015bci fizycznej i wytrzyma\u0142o\u015bci, ale niewielu z nich jest szerzej rozpoznawanych. Wyj\u0105tkiem jest Peter Sagan ze stale goszcz\u0105cym na twarzy p\u00f3\u0142u\u015bmiechem i otwart\u0105 natur\u0105. Opr\u00f3cz bycia \u015bwietnym kolarzem Peter jest wszechstronnym artyst\u0105, wydaje covery muzyczne, produkuje filmy edukacyjne. Podczas niedawnej obecno\u015bci na <a href=\"https:\/\/www.youtube.com\/watch?v=maZgWQlkdPs&amp;ab_channel=Girod%27Italia\"><u>Giro d\u2019Italia<\/u><\/a> nie ba\u0142 si\u0119 popisywa\u0107 aktorskimi umiej\u0119tno\u015bciami. Wystarczy szybkie wyszukiwanie na YouTubie i wyskoczy Ci mn\u00f3stwo film\u00f3w przedstawiaj\u0105cych Petera zdobywaj\u0105cego kolejne zwyci\u0119stwa w s\u0142ynnej Green Jersey. Nie brakuje te\u017c porywaj\u0105cych moment\u00f3w z jazdy w peletonie czy jego charakterystycznych sztuczek wykonywanych na mecie.<\/p>\n<figure id=\"attachment_179338\" aria-describedby=\"caption-attachment-179338\" style=\"width: 1024px\" class=\"wp-caption alignnone\"><img loading=\"lazy\" decoding=\"async\" class=\"loading wp-image-179338 size-large\" src=\"https:\/\/d2p6e6u75xmxt8.cloudfront.net\/2\/2020\/09\/profimedia-0461187907-1024x682.jpg\" sizes=\"auto, (max-width: 1024px) 100vw, 1024px\" srcset=\"https:\/\/d2p6e6u75xmxt8.cloudfront.net\/2\/2020\/09\/profimedia-0461187907-1024x682.jpg 1024w, https:\/\/d2p6e6u75xmxt8.cloudfront.net\/2\/2020\/09\/profimedia-0461187907-300x200.jpg 300w, https:\/\/d2p6e6u75xmxt8.cloudfront.net\/2\/2020\/09\/profimedia-0461187907-768x512.jpg 768w, https:\/\/d2p6e6u75xmxt8.cloudfront.net\/2\/2020\/09\/profimedia-0461187907-272x182.jpg 272w, https:\/\/d2p6e6u75xmxt8.cloudfront.net\/2\/2020\/09\/profimedia-0461187907.jpg 1250w\" alt=\"Peter Sagan\" width=\"1024\" height=\"682\" data-was-processed=\"true\" \/><figcaption id=\"caption-attachment-179338\" class=\"wp-caption-text\">\u00a9 Profimedia<\/figcaption><\/figure>\n<p>Pierwotnie (od 2009 roku) Sagan by\u0142 zawodnikiem kolarstwa prze\u0142ajowego i g\u00f3rskiego, w ko\u0144cu ca\u0142kowicie przeszed\u0142 na wy\u015bcigi szosowe i sta\u0142 si\u0119 legend\u0105. Jest uznanym sprinterem kolarskim i specjalist\u0105 od klasyk\u00f3w, ma na swoim koncie wiele tytu\u0142\u00f3w mistrza \u015bwiata i Europy. Je\u015bli chodzi o zielon\u0105 koszulk\u0119 \u0160KODY, kolarz pragn\u0105cy j\u0105 nosi\u0107 musi by\u0107 wyj\u0105tkowo elastyczny, gotowy da\u0107 z siebie wszystko i mie\u0107 zestaw konkretnych umiej\u0119tno\u015bci, kt\u00f3re w zasadzie opisuj\u0105 Petera. Zdobycie zielonej koszulki jest zadaniem trudnym i z\u0142o\u017conym, zale\u017cnym od wielu czynnik\u00f3w, ale zasady s\u0105 jasne. Punkty przyznawane s\u0105 za wysokie finiszowanie na etapie oraz za wygrane sprinty po\u015brednie, w kt\u00f3rych Sagan przoduje. Jest znany z tego, \u017ce zbiera punkty na p\u0142askich odcinkach nazywanych \u201esprintami \u0160KODY\u201d.<\/p>\n<p>Zwyci\u0119stwa Sagana w Green Jersey zacz\u0119\u0142y si\u0119 w 2012 roku. W 2018, po latach wspania\u0142ych sukces\u00f3w, liczba dni, w kt\u00f3rych wyst\u0119powa\u0142 w zielonej koszulce, wynosi\u0142a dok\u0142adnie 100. Rok p\u00f3\u017aniej Peter przeszed\u0142 do historii, kiedy po raz si\u00f3dmy wygra\u0142 klasyfikacj\u0119 punktow\u0105 Tour de France, ustanawiaj\u0105c tym samym rekord \u015bwiata. \u017baden inny kolarz nie mo\u017ce pochwali\u0107 si\u0119 podobnym wynikiem. Najbli\u017cej jest Niemiec Erik Zabel z sze\u015bcioma zwyci\u0119stwami. Opr\u00f3cz wygranych w Tour de France Sagan ma na swoim koncie 16 zwyci\u0119stw etapowych w Grand Tour!<\/p>\n<p>My\u015blisz, \u017ce kto\u015b mo\u017ce pokona\u0107 mistrza w tym roku? B\u0119dziesz kibicowa\u0107 Peterowi Saganowi, aby wygra\u0142 swoj\u0105 \u00f3sm\u0105 rekordow\u0105 \u0160KOD\u0118 Green Jersey?<\/p>\n","protected":false},"excerpt":{"rendered":"<p>Je\u015bli wyszukasz w sieci zdj\u0119cie Petera Sagana, 30-letniego s\u0142owackiego zawodowego kolarza wy\u015bcigowego, wyniki b\u0119d\u0105 zdominowane przez kolor zielony. Pow\u00f3d jest [&hellip;]<\/p>\n","protected":false},"author":125,"featured_media":11111,"comment_status":"open","ping_status":"open","sticky":false,"template":"","format":"standard","meta":{"footnotes":""},"categories":[335],"tags":[77,334],"global-categories":[303],"class_list":["post-11110","post","type-post","status-publish","format-standard","has-post-thumbnail","hentry","category-2020-tour-de-france","tag-tour-de-france","tag-tour-de-france-2020","global-categories-cycling"],"yoast_head":"<!-- This site is optimized with the Yoast SEO Premium plugin v25.3 (Yoast SEO v25.9) - https:\/\/yoast.com\/wordpress\/plugins\/seo\/ -->\n<title>Historia zielonej koszulki \u0160KODY i legenda Petera Sagana - \u0160koda We Love Cycling - Poland<\/title>\n<meta name=\"robots\" content=\"index, follow, max-snippet:-1, max-image-preview:large, max-video-preview:-1\" \/>\n<link rel=\"canonical\" href=\"https:\/\/www.welovecycling.com\/pl\/2020\/09\/08\/historia-zielonej-koszulki-skody-i-legenda-petera-sagana\/\" \/>\n<meta property=\"og:locale\" content=\"pl_PL\" \/>\n<meta property=\"og:type\" content=\"article\" \/>\n<meta property=\"og:title\" content=\"Historia zielonej koszulki \u0160KODY i legenda Petera Sagana\" \/>\n<meta property=\"og:description\" content=\"Je\u015bli wyszukasz w sieci zdj\u0119cie Petera Sagana, 30-letniego s\u0142owackiego zawodowego kolarza wy\u015bcigowego, wyniki b\u0119d\u0105 zdominowane przez kolor zielony. Pow\u00f3d jest [&hellip;]\" \/>\n<meta property=\"og:url\" content=\"https:\/\/www.welovecycling.com\/pl\/2020\/09\/08\/historia-zielonej-koszulki-skody-i-legenda-petera-sagana\/\" \/>\n<meta property=\"og:site_name\" content=\"\u0160koda We Love Cycling - Poland\" \/>\n<meta property=\"article:published_time\" content=\"2020-09-08T10:25:40+00:00\" \/>\n<meta property=\"article:modified_time\" content=\"2020-09-11T10:33:32+00:00\" \/>\n<meta property=\"og:image\" content=\"https:\/\/d2p6e6u75xmxt8.cloudfront.net\/5\/2020\/09\/sagan-2020-profimedia-0555519798-CVR-1024x450-1.jpg\" \/>\n\t<meta property=\"og:image:width\" content=\"1024\" \/>\n\t<meta property=\"og:image:height\" content=\"450\" \/>\n\t<meta property=\"og:image:type\" content=\"image\/jpeg\" \/>\n<meta name=\"author\" content=\"oktawiamikulska\" \/>\n<meta name=\"twitter:card\" content=\"summary_large_image\" \/>\n<meta name=\"twitter:label1\" content=\"Written by\" \/>\n\t<meta name=\"twitter:data1\" content=\"We Love Cycling\" \/>\n\t<meta name=\"twitter:label2\" content=\"Est. reading time\" \/>\n\t<meta name=\"twitter:data2\" content=\"3 minutes\" \/>\n<script type=\"application\/ld+json\" class=\"yoast-schema-graph\">{\"@context\":\"https:\/\/schema.org\",\"@graph\":[{\"@type\":\"WebPage\",\"@id\":\"https:\/\/www.welovecycling.com\/pl\/2020\/09\/08\/historia-zielonej-koszulki-skody-i-legenda-petera-sagana\/\",\"url\":\"https:\/\/www.welovecycling.com\/pl\/2020\/09\/08\/historia-zielonej-koszulki-skody-i-legenda-petera-sagana\/\",\"name\":\"Historia zielonej koszulki \u0160KODY i legenda Petera Sagana - \u0160koda We Love Cycling - Poland\",\"isPartOf\":{\"@id\":\"https:\/\/www.welovecycling.com\/pl\/#website\"},\"primaryImageOfPage\":{\"@id\":\"https:\/\/www.welovecycling.com\/pl\/2020\/09\/08\/historia-zielonej-koszulki-skody-i-legenda-petera-sagana\/#primaryimage\"},\"image\":{\"@id\":\"https:\/\/www.welovecycling.com\/pl\/2020\/09\/08\/historia-zielonej-koszulki-skody-i-legenda-petera-sagana\/#primaryimage\"},\"thumbnailUrl\":\"https:\/\/d2p6e6u75xmxt8.cloudfront.net\/5\/2020\/09\/sagan-2020-profimedia-0555519798-CVR-1024x450-1.jpg\",\"datePublished\":\"2020-09-08T10:25:40+00:00\",\"dateModified\":\"2020-09-11T10:33:32+00:00\",\"author\":{\"@id\":\"https:\/\/www.welovecycling.com\/pl\/#\/schema\/person\/4a79bac7bd265aa6a35a1079d36648be\"},\"breadcrumb\":{\"@id\":\"https:\/\/www.welovecycling.com\/pl\/2020\/09\/08\/historia-zielonej-koszulki-skody-i-legenda-petera-sagana\/#breadcrumb\"},\"inLanguage\":\"pl-PL\",\"potentialAction\":[{\"@type\":\"ReadAction\",\"target\":[\"https:\/\/www.welovecycling.com\/pl\/2020\/09\/08\/historia-zielonej-koszulki-skody-i-legenda-petera-sagana\/\"]}]},{\"@type\":\"ImageObject\",\"inLanguage\":\"pl-PL\",\"@id\":\"https:\/\/www.welovecycling.com\/pl\/2020\/09\/08\/historia-zielonej-koszulki-skody-i-legenda-petera-sagana\/#primaryimage\",\"url\":\"https:\/\/d2p6e6u75xmxt8.cloudfront.net\/5\/2020\/09\/sagan-2020-profimedia-0555519798-CVR-1024x450-1.jpg\",\"contentUrl\":\"https:\/\/d2p6e6u75xmxt8.cloudfront.net\/5\/2020\/09\/sagan-2020-profimedia-0555519798-CVR-1024x450-1.jpg\",\"width\":1024,\"height\":450},{\"@type\":\"BreadcrumbList\",\"@id\":\"https:\/\/www.welovecycling.com\/pl\/2020\/09\/08\/historia-zielonej-koszulki-skody-i-legenda-petera-sagana\/#breadcrumb\",\"itemListElement\":[{\"@type\":\"ListItem\",\"position\":1,\"name\":\"Home\",\"item\":\"https:\/\/www.welovecycling.com\/pl\/\"},{\"@type\":\"ListItem\",\"position\":2,\"name\":\"Historia zielonej koszulki \u0160KODY i legenda Petera Sagana\"}]},{\"@type\":\"WebSite\",\"@id\":\"https:\/\/www.welovecycling.com\/pl\/#website\",\"url\":\"https:\/\/www.welovecycling.com\/pl\/\",\"name\":\"\u0160koda We Love Cycling - Poland\",\"description\":\"\",\"potentialAction\":[{\"@type\":\"SearchAction\",\"target\":{\"@type\":\"EntryPoint\",\"urlTemplate\":\"https:\/\/www.welovecycling.com\/pl\/?s={search_term_string}\"},\"query-input\":{\"@type\":\"PropertyValueSpecification\",\"valueRequired\":true,\"valueName\":\"search_term_string\"}}],\"inLanguage\":\"pl-PL\"},{\"@type\":\"Person\",\"@id\":\"https:\/\/www.welovecycling.com\/pl\/#\/schema\/person\/4a79bac7bd265aa6a35a1079d36648be\",\"name\":\"oktawiamikulska\",\"image\":{\"@type\":\"ImageObject\",\"inLanguage\":\"pl-PL\",\"@id\":\"https:\/\/www.welovecycling.com\/pl\/#\/schema\/person\/image\/\",\"url\":\"https:\/\/secure.gravatar.com\/avatar\/b97a3f44e2de6d2f8dd358975937e49823662e12cbd810b9d1a2bff1c149e8a7?s=96&d=mm&r=g\",\"contentUrl\":\"https:\/\/secure.gravatar.com\/avatar\/b97a3f44e2de6d2f8dd358975937e49823662e12cbd810b9d1a2bff1c149e8a7?s=96&d=mm&r=g\",\"caption\":\"oktawiamikulska\"},\"url\":\"https:\/\/www.welovecycling.com\/pl\/author\/oktawiamikulska\/\"}]}<\/script>\n<!-- \/ Yoast SEO Premium plugin. -->","yoast_head_json":{"title":"Historia zielonej koszulki \u0160KODY i legenda Petera Sagana - \u0160koda We Love Cycling - Poland","robots":{"index":"index","follow":"follow","max-snippet":"max-snippet:-1","max-image-preview":"max-image-preview:large","max-video-preview":"max-video-preview:-1"},"canonical":"https:\/\/www.welovecycling.com\/pl\/2020\/09\/08\/historia-zielonej-koszulki-skody-i-legenda-petera-sagana\/","og_locale":"pl_PL","og_type":"article","og_title":"Historia zielonej koszulki \u0160KODY i legenda Petera Sagana","og_description":"Je\u015bli wyszukasz w sieci zdj\u0119cie Petera Sagana, 30-letniego s\u0142owackiego zawodowego kolarza wy\u015bcigowego, wyniki b\u0119d\u0105 zdominowane przez kolor zielony. Pow\u00f3d jest [&hellip;]","og_url":"https:\/\/www.welovecycling.com\/pl\/2020\/09\/08\/historia-zielonej-koszulki-skody-i-legenda-petera-sagana\/","og_site_name":"\u0160koda We Love Cycling - Poland","article_published_time":"2020-09-08T10:25:40+00:00","article_modified_time":"2020-09-11T10:33:32+00:00","og_image":[{"width":1024,"height":450,"url":"https:\/\/d2p6e6u75xmxt8.cloudfront.net\/5\/2020\/09\/sagan-2020-profimedia-0555519798-CVR-1024x450-1.jpg","type":"image\/jpeg"}],"author":"oktawiamikulska","twitter_card":"summary_large_image","twitter_misc":{"Written by":"We Love Cycling","Est. reading time":"3 minutes"},"schema":{"@context":"https:\/\/schema.org","@graph":[{"@type":"WebPage","@id":"https:\/\/www.welovecycling.com\/pl\/2020\/09\/08\/historia-zielonej-koszulki-skody-i-legenda-petera-sagana\/","url":"https:\/\/www.welovecycling.com\/pl\/2020\/09\/08\/historia-zielonej-koszulki-skody-i-legenda-petera-sagana\/","name":"Historia zielonej koszulki \u0160KODY i legenda Petera Sagana - \u0160koda We Love Cycling - Poland","isPartOf":{"@id":"https:\/\/www.welovecycling.com\/pl\/#website"},"primaryImageOfPage":{"@id":"https:\/\/www.welovecycling.com\/pl\/2020\/09\/08\/historia-zielonej-koszulki-skody-i-legenda-petera-sagana\/#primaryimage"},"image":{"@id":"https:\/\/www.welovecycling.com\/pl\/2020\/09\/08\/historia-zielonej-koszulki-skody-i-legenda-petera-sagana\/#primaryimage"},"thumbnailUrl":"https:\/\/d2p6e6u75xmxt8.cloudfront.net\/5\/2020\/09\/sagan-2020-profimedia-0555519798-CVR-1024x450-1.jpg","datePublished":"2020-09-08T10:25:40+00:00","dateModified":"2020-09-11T10:33:32+00:00","author":{"@id":"https:\/\/www.welovecycling.com\/pl\/#\/schema\/person\/4a79bac7bd265aa6a35a1079d36648be"},"breadcrumb":{"@id":"https:\/\/www.welovecycling.com\/pl\/2020\/09\/08\/historia-zielonej-koszulki-skody-i-legenda-petera-sagana\/#breadcrumb"},"inLanguage":"pl-PL","potentialAction":[{"@type":"ReadAction","target":["https:\/\/www.welovecycling.com\/pl\/2020\/09\/08\/historia-zielonej-koszulki-skody-i-legenda-petera-sagana\/"]}]},{"@type":"ImageObject","inLanguage":"pl-PL","@id":"https:\/\/www.welovecycling.com\/pl\/2020\/09\/08\/historia-zielonej-koszulki-skody-i-legenda-petera-sagana\/#primaryimage","url":"https:\/\/d2p6e6u75xmxt8.cloudfront.net\/5\/2020\/09\/sagan-2020-profimedia-0555519798-CVR-1024x450-1.jpg","contentUrl":"https:\/\/d2p6e6u75xmxt8.cloudfront.net\/5\/2020\/09\/sagan-2020-profimedia-0555519798-CVR-1024x450-1.jpg","width":1024,"height":450},{"@type":"BreadcrumbList","@id":"https:\/\/www.welovecycling.com\/pl\/2020\/09\/08\/historia-zielonej-koszulki-skody-i-legenda-petera-sagana\/#breadcrumb","itemListElement":[{"@type":"ListItem","position":1,"name":"Home","item":"https:\/\/www.welovecycling.com\/pl\/"},{"@type":"ListItem","position":2,"name":"Historia zielonej koszulki \u0160KODY i legenda Petera Sagana"}]},{"@type":"WebSite","@id":"https:\/\/www.welovecycling.com\/pl\/#website","url":"https:\/\/www.welovecycling.com\/pl\/","name":"\u0160koda We Love Cycling - Poland","description":"","potentialAction":[{"@type":"SearchAction","target":{"@type":"EntryPoint","urlTemplate":"https:\/\/www.welovecycling.com\/pl\/?s={search_term_string}"},"query-input":{"@type":"PropertyValueSpecification","valueRequired":true,"valueName":"search_term_string"}}],"inLanguage":"pl-PL"},{"@type":"Person","@id":"https:\/\/www.welovecycling.com\/pl\/#\/schema\/person\/4a79bac7bd265aa6a35a1079d36648be","name":"oktawiamikulska","image":{"@type":"ImageObject","inLanguage":"pl-PL","@id":"https:\/\/www.welovecycling.com\/pl\/#\/schema\/person\/image\/","url":"https:\/\/secure.gravatar.com\/avatar\/b97a3f44e2de6d2f8dd358975937e49823662e12cbd810b9d1a2bff1c149e8a7?s=96&d=mm&r=g","contentUrl":"https:\/\/secure.gravatar.com\/avatar\/b97a3f44e2de6d2f8dd358975937e49823662e12cbd810b9d1a2bff1c149e8a7?s=96&d=mm&r=g","caption":"oktawiamikulska"},"url":"https:\/\/www.welovecycling.com\/pl\/author\/oktawiamikulska\/"}]}},"_links":{"self":[{"href":"https:\/\/www.welovecycling.com\/pl\/wp-json\/wp\/v2\/posts\/11110","targetHints":{"allow":["GET"]}}],"collection":[{"href":"https:\/\/www.welovecycling.com\/pl\/wp-json\/wp\/v2\/posts"}],"about":[{"href":"https:\/\/www.welovecycling.com\/pl\/wp-json\/wp\/v2\/types\/post"}],"author":[{"embeddable":true,"href":"https:\/\/www.welovecycling.com\/pl\/wp-json\/wp\/v2\/users\/125"}],"replies":[{"embeddable":true,"href":"https:\/\/www.welovecycling.com\/pl\/wp-json\/wp\/v2\/comments?post=11110"}],"version-history":[{"count":1,"href":"https:\/\/www.welovecycling.com\/pl\/wp-json\/wp\/v2\/posts\/11110\/revisions"}],"predecessor-version":[{"id":11112,"href":"https:\/\/www.welovecycling.com\/pl\/wp-json\/wp\/v2\/posts\/11110\/revisions\/11112"}],"wp:featuredmedia":[{"embeddable":true,"href":"https:\/\/www.welovecycling.com\/pl\/wp-json\/wp\/v2\/media\/11111"}],"wp:attachment":[{"href":"https:\/\/www.welovecycling.com\/pl\/wp-json\/wp\/v2\/media?parent=11110"}],"wp:term":[{"taxonomy":"category","embeddable":true,"href":"https:\/\/www.welovecycling.com\/pl\/wp-json\/wp\/v2\/categories?post=11110"},{"taxonomy":"post_tag","embeddable":true,"href":"https:\/\/www.welovecycling.com\/pl\/wp-json\/wp\/v2\/tags?post=11110"},{"taxonomy":"global-categories","embeddable":true,"href":"https:\/\/www.welovecycling.com\/pl\/wp-json\/wp\/v2\/global-categories?post=11110"}],"curies":[{"name":"wp","href":"https:\/\/api.w.org\/{rel}","templated":true}]}}