{"id":11089,"date":"2020-09-07T14:16:08","date_gmt":"2020-09-07T14:16:08","guid":{"rendered":"https:\/\/www.welovecycling.com\/pl\/?p=11089"},"modified":"2020-09-10T07:43:01","modified_gmt":"2020-09-10T07:43:01","slug":"tour-de-france-szampany-wystrzelily-a-to-dopiero-poczatek","status":"publish","type":"post","link":"https:\/\/www.welovecycling.com\/pl\/2020\/09\/07\/tour-de-france-szampany-wystrzelily-a-to-dopiero-poczatek\/","title":{"rendered":"Tour de France. Szampany wystrzeli\u0142y, a to dopiero pocz\u0105tek"},"content":{"rendered":"<p><strong>S\u0142owenia w euforii! Pa\u0144stwo, w kt\u00f3rym mieszka niewiele wi\u0119cej ludzi ni\u017c w samej Warszawie, w\u0142a\u015bnie poczu\u0142o si\u0119 jak kolarska pot\u0119ga. S\u0142oweniec Tadej Pogacar (UAE Team Emirates) wygra\u0142 niedzielny etap, a jego rodak Primo\u017c Rogli\u0107\u00a0 (Jumbo-Visma) zosta\u0142 liderem klasyfikacji generalnej!<\/strong><\/p>\n<p>\u201eS\u0142owe\u0144cy bior\u0105 wszystko\u201d \u2013 zatytu\u0142owa\u0142a relacj\u0119 z dziewi\u0105tego etapu oficjalna strona Tour de France i nie ma w tym ani s\u0142owa przesady. Pogacar i Rogli\u0107 ko\u0144c\u00f3wk\u0119 niedzielnego etapu rozegrali po mistrzowsku, a na mecie dzieli\u0142 ich tylko b\u0142ysk szprychy.<\/p>\n<div class=\"embed-controller-wrapper\">\n<blockquote class=\"twitter-tweet\" data-width=\"500\" data-dnt=\"true\">\n<p lang=\"en\" dir=\"ltr\">\ud83e\udd47What an incredible ride by our <a href=\"https:\/\/twitter.com\/TamauPogi?ref_src=twsrc%5Etfw\">@TamauPogi<\/a> ! <a href=\"https:\/\/twitter.com\/hashtag\/TDF2020?src=hash&amp;ref_src=twsrc%5Etfw\">#TDF2020<\/a><a href=\"https:\/\/twitter.com\/hashtag\/UAETeamEmirates?src=hash&amp;ref_src=twsrc%5Etfw\">#UAETeamEmirates<\/a> <a href=\"https:\/\/twitter.com\/hashtag\/RideTogether?src=hash&amp;ref_src=twsrc%5Etfw\">#RideTogether<\/a> <a href=\"https:\/\/t.co\/IZBJCnPvcg\">pic.twitter.com\/IZBJCnPvcg<\/a><\/p>\n<p>&mdash; @UAE-TeamEmirates (@TeamEmiratesUAE) <a href=\"https:\/\/twitter.com\/TeamEmiratesUAE\/status\/1302622085865500673?ref_src=twsrc%5Etfw\">September 6, 2020<\/a><\/p><\/blockquote>\n<p><script async data-src=\"https:\/\/platform.twitter.com\/widgets.js\" charset=\"utf-8\"><\/script><\/div>\n<p>Najmocniej napracowa\u0142 si\u0119 jednak Marc Hirschi (Sunweb). Szwajcar d\u0142ugo ci\u0105gn\u0105\u0142 za sob\u0105 ca\u0142y peleton niczym lokomotywa sk\u0142ad wagon\u00f3w. Z przodu jecha\u0142 sam, nie m\u00f3g\u0142 liczy\u0107 na zmian\u0119 czy cho\u0107by wsparcie mentalne. Z czasem rywale zacz\u0119li go jednak dopada\u0107, wi\u0119c zwolni\u0142, by nabra\u0107 si\u0142 na finisz. Zagrywka by\u0142a sprytna, ale nie na tyle, by zwyci\u0119\u017cy\u0107. Wycie\u0144czony Szwajcar na met\u0119 wpad\u0142 jako trzeci.<\/p>\n<p>&#8211; Mia\u0142em nadziej\u0119 na wi\u0119cej. Dzi\u0119kuj\u0119 za wsparcie na trasie i wszystkie wiadomo\u015bci \u2013 napisa\u0142 Hirschi na Instagramie.<\/p>\n<p>https:\/\/www.instagram.com\/p\/CEzQvMCnasb\/?utm_source=ig_web_copy_link<\/p>\n<p>Szampany wystrzeli\u0142y za to u S\u0142owe\u0144c\u00f3w, cho\u0107 ma\u0142o brakowa\u0142o, by niedzielny etap zako\u0144czy\u0142 si\u0119 dla nich niemal katastrofalnie. Podczas walki na g\u00f3rskiej premii Pogacar i Rogli\u0107 zetkn\u0119li si\u0119 bowiem ko\u0142ami i o ma\u0142y w\u0142os nie dosz\u0142o do wywrotki.<\/p>\n<div class=\"embed-controller-wrapper\">\n<blockquote class=\"twitter-tweet\" data-width=\"500\" data-dnt=\"true\">\n<p lang=\"fr\" dir=\"ltr\">\ud83d\ude05 A bit of a fright for <a href=\"https:\/\/twitter.com\/TamauPogi?ref_src=twsrc%5Etfw\">@TamauPogi<\/a> and <a href=\"https:\/\/twitter.com\/rogla?ref_src=twsrc%5Etfw\">@rogla<\/a>! <\/p>\n<p>\ud83d\ude05 Petite frayeur pour Pogacar et Roglic au Col de Marie-Blanque !<a href=\"https:\/\/twitter.com\/hashtag\/TDF2020?src=hash&amp;ref_src=twsrc%5Etfw\">#TDF2020<\/a> <a href=\"https:\/\/twitter.com\/hashtag\/TDFunited?src=hash&amp;ref_src=twsrc%5Etfw\">#TDFunited<\/a> <a href=\"https:\/\/t.co\/5xwNeLIzdw\">pic.twitter.com\/5xwNeLIzdw<\/a><\/p>\n<p>&mdash; Tour de France\u2122 (@LeTour) <a href=\"https:\/\/twitter.com\/LeTour\/status\/1302610710783029249?ref_src=twsrc%5Etfw\">September 6, 2020<\/a><\/p><\/blockquote>\n<p><script async data-src=\"https:\/\/platform.twitter.com\/widgets.js\" charset=\"utf-8\"><\/script><\/div>\n<p>\u2013 Ciesz\u0119 si\u0119 z wygrania etapu, ale ca\u0142y czas my\u015bl\u0119 o klasyfikacji generalnej. Chc\u0119 by\u0107 jak najwy\u017cej, bo po to wystartowa\u0142em w Tour de France. Oczywi\u015bcie b\u0119d\u0119 walczy\u0142 tak\u017ce o zwyci\u0119stwa etapowe \u2013 podsumowa\u0142 21-letni Pogacar.<\/p>\n<p>Rogli\u0107: \u2013 To by\u0142 szybki i trudny etap. Byli\u015bmy bardzo zmotywowani, aby zdoby\u0107 \u017c\u00f3\u0142t\u0105 koszulk\u0119, kt\u00f3ra jest pi\u0119kna. Ka\u017cdy kolarz o niej marzy, to nagroda dla ca\u0142ego zespo\u0142u.<\/p>\n<div class=\"embed-controller-wrapper\">\n<blockquote class=\"twitter-tweet\" data-width=\"500\" data-dnt=\"true\">\n<p lang=\"en\" dir=\"ltr\">\ud83d\udc4f An epic and very promising ride by \ud83c\udde8\ud83c\udded <a href=\"https:\/\/twitter.com\/MarcHirschi?ref_src=twsrc%5Etfw\">@MarcHirschi<\/a>.<\/p>\n<p>\ud83c\udfc6\ud83d\udc9b Victoire et Maillot Jaune pour les Slov\u00e8nes <a href=\"https:\/\/twitter.com\/TamauPogi?ref_src=twsrc%5Etfw\">@TamauPogi<\/a> et <a href=\"https:\/\/twitter.com\/rogla?ref_src=twsrc%5Etfw\">@rogla<\/a>.<\/p>\n<p>\ud83d\udd0a Pump up the sound and enjoy the stage 9 highlights! <a href=\"https:\/\/twitter.com\/hashtag\/TDF2020?src=hash&amp;ref_src=twsrc%5Etfw\">#TDF2020<\/a> <a href=\"https:\/\/twitter.com\/hashtag\/TDFunited?src=hash&amp;ref_src=twsrc%5Etfw\">#TDFunited<\/a> <a href=\"https:\/\/t.co\/AXpdRctQRz\">pic.twitter.com\/AXpdRctQRz<\/a><\/p>\n<p>&mdash; Tour de France\u2122 (@LeTour) <a href=\"https:\/\/twitter.com\/LeTour\/status\/1302654041537810439?ref_src=twsrc%5Etfw\">September 6, 2020<\/a><\/p><\/blockquote>\n<p><script async data-src=\"https:\/\/platform.twitter.com\/widgets.js\" charset=\"utf-8\"><\/script><\/div>\n<p>Rogli\u0107 to czwarty lider tegorocznego Tour de France. Pierwszy etap wygra\u0142\u00a0 Alexander Kristoff, a nast\u0119pnie na trzy dni zdetronizowa\u0142 go Julian Alaphilippe. Wielka nadzieja Francuz\u00f3w \u017c\u00f3\u0142t\u0105 koszulk\u0119 lidera straci\u0142a w niecodziennych okoliczno\u015bciach.<\/p>\n<p>Gdy kolarze wjechali na met\u0119 pi\u0105tego etapu, wydawa\u0142o si\u0119 jasne, \u017ce Alaphilippe utrzyma prowadzenie. S\u0119dziowie byli jednak czujni i zauwa\u017cyli, \u017ce 17 kilometr\u00f3w przed met\u0105 zawodnik Deceuninck \u2013 QuickStep otrzyma\u0142 bidon z wozu serwisowego, tymczasem 20 km przed met\u0105 branie w takich okoliczno\u015bciach czego\u015b do picia lub jedzenia jest zabronione. Efekt? Alaphilippe otrzyma\u0142 20 sekund kary i straci\u0142 \u017c\u00f3\u0142t\u0105 koszulk\u0119 na rzecz Adama Yatesa. Brytyjczyk jecha\u0142 w niej przez cztery etapy, ale w niedziel\u0119 musia\u0142 odda\u0107 w\u0142a\u015bnie Rogliczowi.<\/p>\n<p>We wtorek zawodnicy wracaj\u0105 do \u015bcigania, a przed nimi p\u0142aski etap Oleron \u2013 Ile de Re (169 km), gdzie b\u0119d\u0105 mogli wykaza\u0107 si\u0119 sprinterzy. G\u00f3rale do gry wejd\u0105 zn\u00f3w w niedziel\u0119, gdy Wielka P\u0119tla wjedzie na decyduj\u0105ce etapy, bo ju\u017c tradycyjnie wszystko rozstrzygnie si\u0119 w Alpach.<\/p>\n<p>Zako\u0144czenie wy\u015bcigu 20 wrze\u015bnia w Pary\u017cu. \u2013 Mam nadziej\u0119, \u017ce tam r\u00f3wnie\u017c b\u0119d\u0119 mia\u0142 na sobie \u017c\u00f3\u0142t\u0105 koszulk\u0119 \u2013 m\u00f3wi lider klasyfikacji generalnej Primo\u017c Rogli\u0107, cho\u0107 po pi\u0119tach depcze mu ubieg\u0142oroczny zwyci\u0119zca Tour de France \u2013 Egan Bernal (Ineos Grenadiers), wspierany przez kolumbijskich kibic\u00f3w<\/p>\n<div class=\"embed-controller-wrapper\">\n<blockquote class=\"twitter-tweet\" data-width=\"500\" data-dnt=\"true\">\n<p lang=\"en\" dir=\"ltr\">Lovely to see <a href=\"https:\/\/twitter.com\/Eganbernal?ref_src=twsrc%5Etfw\">@Eganbernal<\/a> making the day of a Colombian fan after the finish today \ud83d\udc90 <a href=\"https:\/\/twitter.com\/hashtag\/TDF2020?src=hash&amp;ref_src=twsrc%5Etfw\">#TDF2020<\/a> <a href=\"https:\/\/t.co\/fmOu5jJT85\">pic.twitter.com\/fmOu5jJT85<\/a><\/p>\n<p>&mdash; INEOS Grenadiers (@INEOSGrenadiers) <a href=\"https:\/\/twitter.com\/INEOSGrenadiers\/status\/1302629138038218752?ref_src=twsrc%5Etfw\">September 6, 2020<\/a><\/p><\/blockquote>\n<p><script async data-src=\"https:\/\/platform.twitter.com\/widgets.js\" charset=\"utf-8\"><\/script><\/div>\n<p>W klasyfikacji sprinter\u00f3w (sponsorowanej przez \u0160kod\u0119) prowadzi Peter Sagan (Bora-hansgrohe), w\u015br\u00f3d g\u00f3rali najlepszy jest Benoit Cosnefroy (AG2R Mondiale), a w\u015br\u00f3d m\u0142odzie\u017cowc\u00f3w Egan Bernal.<\/p>\n<p>Do tej pory kolarze przejechali 1536 km, a do mety na Polach Elizejskich zosta\u0142o im 1948 km.<\/p>\n<p>&nbsp;<\/p>\n<p>&nbsp;<\/p>\n","protected":false},"excerpt":{"rendered":"<p>S\u0142owenia w euforii! Pa\u0144stwo, w kt\u00f3rym mieszka niewiele wi\u0119cej ludzi ni\u017c w samej Warszawie, w\u0142a\u015bnie poczu\u0142o si\u0119 jak kolarska pot\u0119ga. [&hellip;]<\/p>\n","protected":false},"author":125,"featured_media":11109,"comment_status":"open","ping_status":"open","sticky":false,"template":"","format":"standard","meta":{"footnotes":""},"categories":[335],"tags":[77,334],"global-categories":[303],"class_list":["post-11089","post","type-post","status-publish","format-standard","has-post-thumbnail","hentry","category-2020-tour-de-france","tag-tour-de-france","tag-tour-de-france-2020","global-categories-cycling"],"yoast_head":"<!-- This site is optimized with the Yoast SEO Premium plugin v25.3 (Yoast SEO v25.9) - https:\/\/yoast.com\/wordpress\/plugins\/seo\/ -->\n<title>Tour de France. Szampany wystrzeli\u0142y, a to dopiero pocz\u0105tek - \u0160koda We Love Cycling - Poland<\/title>\n<meta name=\"robots\" content=\"index, follow, max-snippet:-1, max-image-preview:large, max-video-preview:-1\" \/>\n<link rel=\"canonical\" href=\"https:\/\/www.welovecycling.com\/pl\/2020\/09\/07\/tour-de-france-szampany-wystrzelily-a-to-dopiero-poczatek\/\" \/>\n<meta property=\"og:locale\" content=\"pl_PL\" \/>\n<meta property=\"og:type\" content=\"article\" \/>\n<meta property=\"og:title\" content=\"Tour de France. Szampany wystrzeli\u0142y, a to dopiero pocz\u0105tek\" \/>\n<meta property=\"og:description\" content=\"S\u0142owenia w euforii! Pa\u0144stwo, w kt\u00f3rym mieszka niewiele wi\u0119cej ludzi ni\u017c w samej Warszawie, w\u0142a\u015bnie poczu\u0142o si\u0119 jak kolarska pot\u0119ga. [&hellip;]\" \/>\n<meta property=\"og:url\" content=\"https:\/\/www.welovecycling.com\/pl\/2020\/09\/07\/tour-de-france-szampany-wystrzelily-a-to-dopiero-poczatek\/\" \/>\n<meta property=\"og:site_name\" content=\"\u0160koda We Love Cycling - Poland\" \/>\n<meta property=\"article:published_time\" content=\"2020-09-07T14:16:08+00:00\" \/>\n<meta property=\"article:modified_time\" content=\"2020-09-10T07:43:01+00:00\" \/>\n<meta property=\"og:image\" content=\"https:\/\/d2p6e6u75xmxt8.cloudfront.net\/5\/2020\/09\/Tour-de-France-CVR-profimedia-0461255532-1024x450-1.jpg\" \/>\n\t<meta property=\"og:image:width\" content=\"1024\" \/>\n\t<meta property=\"og:image:height\" content=\"450\" \/>\n\t<meta property=\"og:image:type\" content=\"image\/jpeg\" \/>\n<meta name=\"author\" content=\"oktawiamikulska\" \/>\n<meta name=\"twitter:card\" content=\"summary_large_image\" \/>\n<meta name=\"twitter:label1\" content=\"Written by\" \/>\n\t<meta name=\"twitter:data1\" content=\"Piotr Nowik\" \/>\n\t<meta name=\"twitter:label2\" content=\"Est. reading time\" \/>\n\t<meta name=\"twitter:data2\" content=\"3 minutes\" \/>\n<script type=\"application\/ld+json\" class=\"yoast-schema-graph\">{\"@context\":\"https:\/\/schema.org\",\"@graph\":[{\"@type\":\"WebPage\",\"@id\":\"https:\/\/www.welovecycling.com\/pl\/2020\/09\/07\/tour-de-france-szampany-wystrzelily-a-to-dopiero-poczatek\/\",\"url\":\"https:\/\/www.welovecycling.com\/pl\/2020\/09\/07\/tour-de-france-szampany-wystrzelily-a-to-dopiero-poczatek\/\",\"name\":\"Tour de France. Szampany wystrzeli\u0142y, a to dopiero pocz\u0105tek - \u0160koda We Love Cycling - Poland\",\"isPartOf\":{\"@id\":\"https:\/\/www.welovecycling.com\/pl\/#website\"},\"primaryImageOfPage\":{\"@id\":\"https:\/\/www.welovecycling.com\/pl\/2020\/09\/07\/tour-de-france-szampany-wystrzelily-a-to-dopiero-poczatek\/#primaryimage\"},\"image\":{\"@id\":\"https:\/\/www.welovecycling.com\/pl\/2020\/09\/07\/tour-de-france-szampany-wystrzelily-a-to-dopiero-poczatek\/#primaryimage\"},\"thumbnailUrl\":\"https:\/\/d2p6e6u75xmxt8.cloudfront.net\/5\/2020\/09\/Tour-de-France-CVR-profimedia-0461255532-1024x450-1.jpg\",\"datePublished\":\"2020-09-07T14:16:08+00:00\",\"dateModified\":\"2020-09-10T07:43:01+00:00\",\"author\":{\"@id\":\"https:\/\/www.welovecycling.com\/pl\/#\/schema\/person\/4a79bac7bd265aa6a35a1079d36648be\"},\"breadcrumb\":{\"@id\":\"https:\/\/www.welovecycling.com\/pl\/2020\/09\/07\/tour-de-france-szampany-wystrzelily-a-to-dopiero-poczatek\/#breadcrumb\"},\"inLanguage\":\"pl-PL\",\"potentialAction\":[{\"@type\":\"ReadAction\",\"target\":[\"https:\/\/www.welovecycling.com\/pl\/2020\/09\/07\/tour-de-france-szampany-wystrzelily-a-to-dopiero-poczatek\/\"]}]},{\"@type\":\"ImageObject\",\"inLanguage\":\"pl-PL\",\"@id\":\"https:\/\/www.welovecycling.com\/pl\/2020\/09\/07\/tour-de-france-szampany-wystrzelily-a-to-dopiero-poczatek\/#primaryimage\",\"url\":\"https:\/\/d2p6e6u75xmxt8.cloudfront.net\/5\/2020\/09\/Tour-de-France-CVR-profimedia-0461255532-1024x450-1.jpg\",\"contentUrl\":\"https:\/\/d2p6e6u75xmxt8.cloudfront.net\/5\/2020\/09\/Tour-de-France-CVR-profimedia-0461255532-1024x450-1.jpg\",\"width\":1024,\"height\":450},{\"@type\":\"BreadcrumbList\",\"@id\":\"https:\/\/www.welovecycling.com\/pl\/2020\/09\/07\/tour-de-france-szampany-wystrzelily-a-to-dopiero-poczatek\/#breadcrumb\",\"itemListElement\":[{\"@type\":\"ListItem\",\"position\":1,\"name\":\"Home\",\"item\":\"https:\/\/www.welovecycling.com\/pl\/\"},{\"@type\":\"ListItem\",\"position\":2,\"name\":\"Tour de France. Szampany wystrzeli\u0142y, a to dopiero pocz\u0105tek\"}]},{\"@type\":\"WebSite\",\"@id\":\"https:\/\/www.welovecycling.com\/pl\/#website\",\"url\":\"https:\/\/www.welovecycling.com\/pl\/\",\"name\":\"\u0160koda We Love Cycling - Poland\",\"description\":\"\",\"potentialAction\":[{\"@type\":\"SearchAction\",\"target\":{\"@type\":\"EntryPoint\",\"urlTemplate\":\"https:\/\/www.welovecycling.com\/pl\/?s={search_term_string}\"},\"query-input\":{\"@type\":\"PropertyValueSpecification\",\"valueRequired\":true,\"valueName\":\"search_term_string\"}}],\"inLanguage\":\"pl-PL\"},{\"@type\":\"Person\",\"@id\":\"https:\/\/www.welovecycling.com\/pl\/#\/schema\/person\/4a79bac7bd265aa6a35a1079d36648be\",\"name\":\"oktawiamikulska\",\"image\":{\"@type\":\"ImageObject\",\"inLanguage\":\"pl-PL\",\"@id\":\"https:\/\/www.welovecycling.com\/pl\/#\/schema\/person\/image\/\",\"url\":\"https:\/\/secure.gravatar.com\/avatar\/b97a3f44e2de6d2f8dd358975937e49823662e12cbd810b9d1a2bff1c149e8a7?s=96&d=mm&r=g\",\"contentUrl\":\"https:\/\/secure.gravatar.com\/avatar\/b97a3f44e2de6d2f8dd358975937e49823662e12cbd810b9d1a2bff1c149e8a7?s=96&d=mm&r=g\",\"caption\":\"oktawiamikulska\"},\"url\":\"https:\/\/www.welovecycling.com\/pl\/author\/oktawiamikulska\/\"}]}<\/script>\n<!-- \/ Yoast SEO Premium plugin. -->","yoast_head_json":{"title":"Tour de France. Szampany wystrzeli\u0142y, a to dopiero pocz\u0105tek - \u0160koda We Love Cycling - Poland","robots":{"index":"index","follow":"follow","max-snippet":"max-snippet:-1","max-image-preview":"max-image-preview:large","max-video-preview":"max-video-preview:-1"},"canonical":"https:\/\/www.welovecycling.com\/pl\/2020\/09\/07\/tour-de-france-szampany-wystrzelily-a-to-dopiero-poczatek\/","og_locale":"pl_PL","og_type":"article","og_title":"Tour de France. Szampany wystrzeli\u0142y, a to dopiero pocz\u0105tek","og_description":"S\u0142owenia w euforii! Pa\u0144stwo, w kt\u00f3rym mieszka niewiele wi\u0119cej ludzi ni\u017c w samej Warszawie, w\u0142a\u015bnie poczu\u0142o si\u0119 jak kolarska pot\u0119ga. [&hellip;]","og_url":"https:\/\/www.welovecycling.com\/pl\/2020\/09\/07\/tour-de-france-szampany-wystrzelily-a-to-dopiero-poczatek\/","og_site_name":"\u0160koda We Love Cycling - Poland","article_published_time":"2020-09-07T14:16:08+00:00","article_modified_time":"2020-09-10T07:43:01+00:00","og_image":[{"width":1024,"height":450,"url":"https:\/\/d2p6e6u75xmxt8.cloudfront.net\/5\/2020\/09\/Tour-de-France-CVR-profimedia-0461255532-1024x450-1.jpg","type":"image\/jpeg"}],"author":"oktawiamikulska","twitter_card":"summary_large_image","twitter_misc":{"Written by":"Piotr Nowik","Est. reading time":"3 minutes"},"schema":{"@context":"https:\/\/schema.org","@graph":[{"@type":"WebPage","@id":"https:\/\/www.welovecycling.com\/pl\/2020\/09\/07\/tour-de-france-szampany-wystrzelily-a-to-dopiero-poczatek\/","url":"https:\/\/www.welovecycling.com\/pl\/2020\/09\/07\/tour-de-france-szampany-wystrzelily-a-to-dopiero-poczatek\/","name":"Tour de France. Szampany wystrzeli\u0142y, a to dopiero pocz\u0105tek - \u0160koda We Love Cycling - Poland","isPartOf":{"@id":"https:\/\/www.welovecycling.com\/pl\/#website"},"primaryImageOfPage":{"@id":"https:\/\/www.welovecycling.com\/pl\/2020\/09\/07\/tour-de-france-szampany-wystrzelily-a-to-dopiero-poczatek\/#primaryimage"},"image":{"@id":"https:\/\/www.welovecycling.com\/pl\/2020\/09\/07\/tour-de-france-szampany-wystrzelily-a-to-dopiero-poczatek\/#primaryimage"},"thumbnailUrl":"https:\/\/d2p6e6u75xmxt8.cloudfront.net\/5\/2020\/09\/Tour-de-France-CVR-profimedia-0461255532-1024x450-1.jpg","datePublished":"2020-09-07T14:16:08+00:00","dateModified":"2020-09-10T07:43:01+00:00","author":{"@id":"https:\/\/www.welovecycling.com\/pl\/#\/schema\/person\/4a79bac7bd265aa6a35a1079d36648be"},"breadcrumb":{"@id":"https:\/\/www.welovecycling.com\/pl\/2020\/09\/07\/tour-de-france-szampany-wystrzelily-a-to-dopiero-poczatek\/#breadcrumb"},"inLanguage":"pl-PL","potentialAction":[{"@type":"ReadAction","target":["https:\/\/www.welovecycling.com\/pl\/2020\/09\/07\/tour-de-france-szampany-wystrzelily-a-to-dopiero-poczatek\/"]}]},{"@type":"ImageObject","inLanguage":"pl-PL","@id":"https:\/\/www.welovecycling.com\/pl\/2020\/09\/07\/tour-de-france-szampany-wystrzelily-a-to-dopiero-poczatek\/#primaryimage","url":"https:\/\/d2p6e6u75xmxt8.cloudfront.net\/5\/2020\/09\/Tour-de-France-CVR-profimedia-0461255532-1024x450-1.jpg","contentUrl":"https:\/\/d2p6e6u75xmxt8.cloudfront.net\/5\/2020\/09\/Tour-de-France-CVR-profimedia-0461255532-1024x450-1.jpg","width":1024,"height":450},{"@type":"BreadcrumbList","@id":"https:\/\/www.welovecycling.com\/pl\/2020\/09\/07\/tour-de-france-szampany-wystrzelily-a-to-dopiero-poczatek\/#breadcrumb","itemListElement":[{"@type":"ListItem","position":1,"name":"Home","item":"https:\/\/www.welovecycling.com\/pl\/"},{"@type":"ListItem","position":2,"name":"Tour de France. Szampany wystrzeli\u0142y, a to dopiero pocz\u0105tek"}]},{"@type":"WebSite","@id":"https:\/\/www.welovecycling.com\/pl\/#website","url":"https:\/\/www.welovecycling.com\/pl\/","name":"\u0160koda We Love Cycling - Poland","description":"","potentialAction":[{"@type":"SearchAction","target":{"@type":"EntryPoint","urlTemplate":"https:\/\/www.welovecycling.com\/pl\/?s={search_term_string}"},"query-input":{"@type":"PropertyValueSpecification","valueRequired":true,"valueName":"search_term_string"}}],"inLanguage":"pl-PL"},{"@type":"Person","@id":"https:\/\/www.welovecycling.com\/pl\/#\/schema\/person\/4a79bac7bd265aa6a35a1079d36648be","name":"oktawiamikulska","image":{"@type":"ImageObject","inLanguage":"pl-PL","@id":"https:\/\/www.welovecycling.com\/pl\/#\/schema\/person\/image\/","url":"https:\/\/secure.gravatar.com\/avatar\/b97a3f44e2de6d2f8dd358975937e49823662e12cbd810b9d1a2bff1c149e8a7?s=96&d=mm&r=g","contentUrl":"https:\/\/secure.gravatar.com\/avatar\/b97a3f44e2de6d2f8dd358975937e49823662e12cbd810b9d1a2bff1c149e8a7?s=96&d=mm&r=g","caption":"oktawiamikulska"},"url":"https:\/\/www.welovecycling.com\/pl\/author\/oktawiamikulska\/"}]}},"_links":{"self":[{"href":"https:\/\/www.welovecycling.com\/pl\/wp-json\/wp\/v2\/posts\/11089","targetHints":{"allow":["GET"]}}],"collection":[{"href":"https:\/\/www.welovecycling.com\/pl\/wp-json\/wp\/v2\/posts"}],"about":[{"href":"https:\/\/www.welovecycling.com\/pl\/wp-json\/wp\/v2\/types\/post"}],"author":[{"embeddable":true,"href":"https:\/\/www.welovecycling.com\/pl\/wp-json\/wp\/v2\/users\/125"}],"replies":[{"embeddable":true,"href":"https:\/\/www.welovecycling.com\/pl\/wp-json\/wp\/v2\/comments?post=11089"}],"version-history":[{"count":1,"href":"https:\/\/www.welovecycling.com\/pl\/wp-json\/wp\/v2\/posts\/11089\/revisions"}],"predecessor-version":[{"id":11092,"href":"https:\/\/www.welovecycling.com\/pl\/wp-json\/wp\/v2\/posts\/11089\/revisions\/11092"}],"wp:featuredmedia":[{"embeddable":true,"href":"https:\/\/www.welovecycling.com\/pl\/wp-json\/wp\/v2\/media\/11109"}],"wp:attachment":[{"href":"https:\/\/www.welovecycling.com\/pl\/wp-json\/wp\/v2\/media?parent=11089"}],"wp:term":[{"taxonomy":"category","embeddable":true,"href":"https:\/\/www.welovecycling.com\/pl\/wp-json\/wp\/v2\/categories?post=11089"},{"taxonomy":"post_tag","embeddable":true,"href":"https:\/\/www.welovecycling.com\/pl\/wp-json\/wp\/v2\/tags?post=11089"},{"taxonomy":"global-categories","embeddable":true,"href":"https:\/\/www.welovecycling.com\/pl\/wp-json\/wp\/v2\/global-categories?post=11089"}],"curies":[{"name":"wp","href":"https:\/\/api.w.org\/{rel}","templated":true}]}}