{"id":11084,"date":"2020-09-04T14:44:05","date_gmt":"2020-09-04T14:44:05","guid":{"rendered":"https:\/\/www.welovecycling.com\/pl\/?p=11084"},"modified":"2020-09-04T14:44:05","modified_gmt":"2020-09-04T14:44:05","slug":"9-wskazowek-dzieki-ktorym-bedziesz-gotowy-dojezdzac-na-rowerze-do-pracy","status":"publish","type":"post","link":"https:\/\/www.welovecycling.com\/pl\/2020\/09\/04\/9-wskazowek-dzieki-ktorym-bedziesz-gotowy-dojezdzac-na-rowerze-do-pracy\/","title":{"rendered":"9 wskaz\u00f3wek, dzi\u0119ki kt\u00f3rym b\u0119dziesz gotowy doje\u017cd\u017ca\u0107 na rowerze do pracy"},"content":{"rendered":"<p><strong>Od jak dawna rozwa\u017ca\u0142e\u015b jazd\u0119 na rowerze do pracy? Doje\u017cd\u017canie do niej jest przyjemniejsze, ni\u017c si\u0119 mo\u017cna spodziewa\u0107, i opr\u00f3cz rado\u015bci daje du\u017co energii na ca\u0142y dzie\u0144. Zanim nadejdzie TEN dzie\u0144, upewnij si\u0119, \u017ce jeste\u015b przygotowany.<\/strong><\/p>\n<h2><strong>1. Zaplanuj najwygodniejsz\u0105 tras\u0119<\/strong><\/h2>\n<p>Chocia\u017c istnieje wiele sposob\u00f3w dojazdu do miejsca pracy, nie wszystkie s\u0105 bezpieczne i wygodne. Spr\u00f3buj znale\u017a\u0107 najlepsz\u0105 mo\u017cliw\u0105 tras\u0119 w weekend, kiedy masz du\u017co czasu na odkrywanie ulic i dr\u00f3g miasta. Nie spiesz si\u0119 ani nie m\u0119cz, aby uzyska\u0107 prawdziwy obraz tego, ile czasu potrzebujesz, \u017ceby dotrze\u0107 do celu. Nast\u0119pnie dodaj jeszcze troch\u0119 czasu ze wzgl\u0119du na ruch, kt\u00f3ry mo\u017ce spowalnia\u0107 Ci\u0119 w dzie\u0144 roboczy. Kiedy ju\u017c przyzwyczaisz si\u0119 do codziennej trasy, pokonasz j\u0105 w lepszym tempie. Nikt nie chce sp\u00f3\u017ani\u0107 si\u0119 ju\u017c w pierwszy dzie\u0144 jazdy rowerem do pracy. Wyjed\u017a wi\u0119c z domu du\u017co wcze\u015bniej.<\/p>\n<figure id=\"attachment_178708\" aria-describedby=\"caption-attachment-178708\" style=\"width: 1250px\" class=\"wp-caption alignnone\"><img loading=\"lazy\" decoding=\"async\" class=\"loading wp-image-178708 size-full\" src=\"https:\/\/d2p6e6u75xmxt8.cloudfront.net\/2\/2020\/07\/Cycling-Commuting-profimedia-0141093838.jpg\" alt=\"\" width=\"1250\" height=\"831\" data-was-processed=\"true\" \/><figcaption id=\"caption-attachment-178708\" class=\"wp-caption-text\">Przejazd wzd\u0142u\u017c kana\u0142u \u00a9 Profimedia<\/figcaption><\/figure>\n<h2><strong>2. Przygotuj sw\u00f3j rower<\/strong><\/h2>\n<p>Nawet je\u015bli masz najbardziej niezawodny rower od czasu wynalezienia ko\u0142a, szybki przegl\u0105d nie zaszkodzi. Zalecamy zrobienie go na kilka dni przed jazd\u0105, aby mie\u0107 jeszcze czas na wizyt\u0119 u mechanika, je\u015bli co\u015b nie b\u0119dzie dzia\u0142a\u0142o. Je\u015bli podczas jazdy pr\u00f3bnej przerzutki i hamulce dzia\u0142aj\u0105 bez zarzutu, napompuj obie opony i nasmaruj \u0142a\u0144cuch. Jak tylko uk\u0142ad nap\u0119dowy zacznie p\u0142ynnie pracowa\u0107, wytrzyj \u0142a\u0144cuch, \u017ceby\u015b nie zabrudzi\u0142 ubrania.<\/p>\n<h2><strong>3. Pomy\u015bl o stroju na zmian\u0119<\/strong><\/h2>\n<p>Najgorsze w dojazdach do pracy na rowerze jest to, \u017ce mo\u017cesz si\u0119 spoci\u0107 lub z\u0142apie Ci\u0119 deszcz. Obu sytuacji mo\u017cna unikn\u0105\u0107, je\u017cd\u017c\u0105c na rowerze elektrycznym, kt\u00f3ry wspomaga peda\u0142owanie, lub wybiera\u0107 tylko s\u0142oneczne dni, co uzale\u017cni\u0142oby dojazdy na rowerze od matki natury. Rozejrzyj si\u0119 po budynku firmy, czy jest dost\u0119pny prysznic lub przebieralnia, kt\u00f3ra umo\u017cliwi\u0142aby Ci zmian\u0119 ubra\u0144.<\/p>\n<h2><strong>4. Znajd\u017a parking<\/strong><\/h2>\n<p>Istniej\u0105 r\u00f3\u017cne miejsca bezpiecznego przechowywania roweru w zale\u017cno\u015bci od mo\u017cliwo\u015bci pracodawcy. Du\u017ce firmy zazwyczaj oferuj\u0105 swoim pracownikom przechowalnie rower\u00f3w. Je\u015bli nie s\u0105 wyra\u017anie zaznaczone, mo\u017cesz poprosi\u0107 o pomoc w dziale HR. Je\u015bli zaparkujesz rower w miejscu publicznym, poszukaj z wyprzedzeniem bezpiecznej okolicy, w kt\u00f3rej b\u0119dziesz m\u00f3g\u0142 zostawi\u0107 pojazd, zabezpieczaj\u0105c go przed kradzie\u017c\u0105 U-lockiem.<\/p>\n<figure id=\"attachment_175592\" aria-describedby=\"caption-attachment-175592\" style=\"width: 1250px\" class=\"wp-caption alignnone\"><img loading=\"lazy\" decoding=\"async\" class=\"loading wp-image-175592 size-full\" src=\"https:\/\/d2p6e6u75xmxt8.cloudfront.net\/2\/2019\/09\/utrecht-bicycle-garage-profimedia-0466262466.jpg\" sizes=\"auto, (max-width: 1250px) 100vw, 1250px\" srcset=\"https:\/\/d2p6e6u75xmxt8.cloudfront.net\/2\/2019\/09\/utrecht-bicycle-garage-profimedia-0466262466.jpg 1250w, https:\/\/d2p6e6u75xmxt8.cloudfront.net\/2\/2019\/09\/utrecht-bicycle-garage-profimedia-0466262466-300x200.jpg 300w, https:\/\/d2p6e6u75xmxt8.cloudfront.net\/2\/2019\/09\/utrecht-bicycle-garage-profimedia-0466262466-768x512.jpg 768w, https:\/\/d2p6e6u75xmxt8.cloudfront.net\/2\/2019\/09\/utrecht-bicycle-garage-profimedia-0466262466-1024x682.jpg 1024w, https:\/\/d2p6e6u75xmxt8.cloudfront.net\/2\/2019\/09\/utrecht-bicycle-garage-profimedia-0466262466-272x182.jpg 272w\" alt=\"\" width=\"1250\" height=\"833\" data-was-processed=\"true\" \/><figcaption id=\"caption-attachment-175592\" class=\"wp-caption-text\">Prawdziwy intermodalny terminal przesiadkowy w pe\u0142ni mobilizuj\u0105cy potencjaln\u0105 synergi\u0119 mi\u0119dzy korzystaniem z rower\u00f3w a transportem publicznym. U\u017cytkownicy mog\u0105 korzysta\u0107 ze wskazanych elektronicznie dost\u0119pnych miejsc. Dodatkowe udogodnienia, takie jak warsztat rowerowy i wypo\u017cyczalnia, pomagaj\u0105 zaspokoi\u0107 wszystkie potrzeby u\u017cytkownik\u00f3w rower\u00f3w \u00a9 Profimedia, redakcja Avalon, Wang Yanan<\/figcaption><\/figure>\n<h2><strong>5. Spakuj si\u0119<\/strong><\/h2>\n<p>Poniewa\u017c chcesz, aby rano wszystko dzia\u0142a\u0142o p\u0142ynnie, przygotuj plecak z wyprzedzeniem, \u017ceby m\u00f3c go od razu wzi\u0105\u0107 i jecha\u0107. Ci\u0119\u017csze przedmioty, takie jak \u0142adowarka do laptopa lub buty, umie\u015b\u0107 na dole, aby uzyska\u0107 lepsz\u0105 r\u00f3wnowag\u0119. Je\u015bli planujesz zmieni\u0107 ubrania w pracy, z\u0142\u00f3\u017c je starannie i w\u0142\u00f3\u017c osobno do torby, aby utrzyma\u0107 je w czysto\u015bci.<\/p>\n<h2><strong>6. Rozwa\u017c zakup zestawu g\u0142o\u015bnom\u00f3wi\u0105cego<\/strong><\/h2>\n<p>Niekt\u00f3rzy ludzie s\u0105 przyzwyczajeni do za\u0142atwiania wielu zada\u0144 ju\u017c w drodze do pracy. Je\u015bli do nich nale\u017cysz, rozwa\u017c zakup zestawu g\u0142o\u015bnom\u00f3wi\u0105cego, aby \u0142\u0105czy\u0107 si\u0119 ze smartfonem. To rozwi\u0105zanie pomo\u017ce Ci za\u0142atwia\u0107 sprawy bez zatrzymywania si\u0119 \u2013 upewnij si\u0119 tylko, \u017ce jest zgodne z przepisami obowi\u0105zuj\u0105cymi w Twoim kraju.<\/p>\n<h2><strong>7. Na\u0142aduj akumulatory<\/strong><\/h2>\n<p>Je\u015bli Tw\u00f3j rower nie jest wyposa\u017cony w \u015bwiat\u0142a zasilane dynamem, b\u0119dziesz musia\u0142 na\u0142adowa\u0107 przednie i tylne \u015bwiat\u0142a. Miej je za\u0142o\u017cone przez ca\u0142\u0105 jazd\u0119.<\/p>\n<figure id=\"attachment_178707\" aria-describedby=\"caption-attachment-178707\" style=\"width: 1800px\" class=\"wp-caption alignnone\"><img loading=\"lazy\" decoding=\"async\" class=\"loading wp-image-178707 size-full\" src=\"https:\/\/d2p6e6u75xmxt8.cloudfront.net\/2\/2020\/07\/Cycling-Commuting-profimedia-0285170835.jpg\" alt=\"\" width=\"1800\" height=\"1200\" data-was-processed=\"true\" \/><figcaption id=\"caption-attachment-178707\" class=\"wp-caption-text\">W Londynie zawsze sprawdzaj prognoz\u0119 pogody \u00a9 Profimedia<\/figcaption><\/figure>\n<h2><strong>8. Sprawd\u017a prognoz\u0119 pogody<\/strong><\/h2>\n<p>Zapewne chcesz przyj\u015b\u0107 do pracy czysty i suchy nawet po pierwszej je\u017adzie. Je\u015bli wybra\u0142e\u015b poniedzia\u0142ek, a zapowiadaj\u0105 ulew\u0119, rozwa\u017c przeniesienie jazdy na lepszy dzie\u0144. Po kilku tygodniach jazdy na rowerze do pracy nauczysz si\u0119, jak p\u0142ynnie radzi\u0107 sobie z kaprysami pogody.<\/p>\n<h2><strong>9. Ustaw dwa alarmy<\/strong><\/h2>\n<p>Jeden alarm obudzi Ci\u0119 jak zwykle, a drugi powiadomi o godzinie odjazdu. Ustaw budzik, aby mie\u0107 wystarczaj\u0105co du\u017co czasu na pokonanie trasy, wzi\u0119cie prysznica i przebranie si\u0119.<\/p>\n<p>Jeste\u015bmy przekonani, \u017ce dzi\u0119ki powy\u017cszym wskaz\u00f3wkom polubisz codzienne dojazdy do pracy!<\/p>\n<p><span data-sheets-value=\"{&quot;1&quot;:2,&quot;2&quot;:&quot;Artyku\u0142 powsta\u0142 we wsp\u00f3\u0142pracy ze skoda-auto.pl&quot;}\" data-sheets-userformat=\"{&quot;2&quot;:1,&quot;3&quot;:{&quot;1&quot;:0}}\" data-sheets-hyperlink=\"http:\/\/www.skoda-auto.pl\/\"><a class=\"in-cell-link\" href=\"http:\/\/www.skoda-auto.pl\/\" target=\"_blank\" rel=\"noopener noreferrer\">Artyku\u0142 powsta\u0142 we wsp\u00f3\u0142pracy ze skoda-auto.pl<\/a><\/span><\/p>\n<p>&nbsp;<\/p>\n<p><a href=\"https:\/\/www.skoda-auto.pl\/modele\/karoq\"><img loading=\"lazy\" decoding=\"async\" class=\"aligncenter wp-image-9609 size-full loading\" src=\"https:\/\/d2p6e6u75xmxt8.cloudfront.net\/5\/2019\/08\/baner_WLC_640x350_4.png\" sizes=\"auto, (max-width: 640px) 100vw, 640px\" srcset=\"https:\/\/d2p6e6u75xmxt8.cloudfront.net\/5\/2019\/08\/baner_WLC_640x350_4.png 640w, https:\/\/d2p6e6u75xmxt8.cloudfront.net\/5\/2019\/08\/baner_WLC_640x350_4-300x164.png 300w\" alt=\"\" width=\"640\" height=\"350\" data-was-processed=\"true\" \/>\u00a0<\/a><\/p>\n","protected":false},"excerpt":{"rendered":"<p>Od jak dawna rozwa\u017ca\u0142e\u015b jazd\u0119 na rowerze do pracy? Doje\u017cd\u017canie do niej jest przyjemniejsze, ni\u017c si\u0119 mo\u017cna spodziewa\u0107, i opr\u00f3cz [&hellip;]<\/p>\n","protected":false},"author":125,"featured_media":11086,"comment_status":"open","ping_status":"open","sticky":false,"template":"","format":"standard","meta":{"footnotes":""},"categories":[332],"tags":[],"global-categories":[303],"class_list":["post-11084","post","type-post","status-publish","format-standard","has-post-thumbnail","hentry","category-lifestyle","global-categories-cycling"],"yoast_head":"<!-- This site is optimized with the Yoast SEO Premium plugin v25.3 (Yoast SEO v25.9) - https:\/\/yoast.com\/wordpress\/plugins\/seo\/ -->\n<title>9 wskaz\u00f3wek, dzi\u0119ki kt\u00f3rym b\u0119dziesz gotowy doje\u017cd\u017ca\u0107 na rowerze do pracy - \u0160koda We Love Cycling - Poland<\/title>\n<meta name=\"robots\" content=\"index, follow, max-snippet:-1, max-image-preview:large, max-video-preview:-1\" \/>\n<link rel=\"canonical\" href=\"https:\/\/www.welovecycling.com\/pl\/2020\/09\/04\/9-wskazowek-dzieki-ktorym-bedziesz-gotowy-dojezdzac-na-rowerze-do-pracy\/\" \/>\n<meta property=\"og:locale\" content=\"pl_PL\" \/>\n<meta property=\"og:type\" content=\"article\" \/>\n<meta property=\"og:title\" content=\"9 wskaz\u00f3wek, dzi\u0119ki kt\u00f3rym b\u0119dziesz gotowy doje\u017cd\u017ca\u0107 na rowerze do pracy\" \/>\n<meta property=\"og:description\" content=\"Od jak dawna rozwa\u017ca\u0142e\u015b jazd\u0119 na rowerze do pracy? Doje\u017cd\u017canie do niej jest przyjemniejsze, ni\u017c si\u0119 mo\u017cna spodziewa\u0107, i opr\u00f3cz [&hellip;]\" \/>\n<meta property=\"og:url\" content=\"https:\/\/www.welovecycling.com\/pl\/2020\/09\/04\/9-wskazowek-dzieki-ktorym-bedziesz-gotowy-dojezdzac-na-rowerze-do-pracy\/\" \/>\n<meta property=\"og:site_name\" content=\"\u0160koda We Love Cycling - Poland\" \/>\n<meta property=\"article:published_time\" content=\"2020-09-04T14:44:05+00:00\" \/>\n<meta property=\"og:image\" content=\"https:\/\/d2p6e6u75xmxt8.cloudfront.net\/5\/2020\/09\/Cycling-to-Work-CVR-profimedia-0285170919.jpg\" \/>\n\t<meta property=\"og:image:width\" content=\"1366\" \/>\n\t<meta property=\"og:image:height\" content=\"600\" \/>\n\t<meta property=\"og:image:type\" content=\"image\/jpeg\" \/>\n<meta name=\"author\" content=\"oktawiamikulska\" \/>\n<meta name=\"twitter:card\" content=\"summary_large_image\" \/>\n<meta name=\"twitter:label1\" content=\"Written by\" \/>\n\t<meta name=\"twitter:data1\" content=\"Adam Marsal\" \/>\n\t<meta name=\"twitter:label2\" content=\"Est. reading time\" \/>\n\t<meta name=\"twitter:data2\" content=\"4 minutes\" \/>\n<script type=\"application\/ld+json\" class=\"yoast-schema-graph\">{\"@context\":\"https:\/\/schema.org\",\"@graph\":[{\"@type\":\"WebPage\",\"@id\":\"https:\/\/www.welovecycling.com\/pl\/2020\/09\/04\/9-wskazowek-dzieki-ktorym-bedziesz-gotowy-dojezdzac-na-rowerze-do-pracy\/\",\"url\":\"https:\/\/www.welovecycling.com\/pl\/2020\/09\/04\/9-wskazowek-dzieki-ktorym-bedziesz-gotowy-dojezdzac-na-rowerze-do-pracy\/\",\"name\":\"9 wskaz\u00f3wek, dzi\u0119ki kt\u00f3rym b\u0119dziesz gotowy doje\u017cd\u017ca\u0107 na rowerze do pracy - \u0160koda We Love Cycling - Poland\",\"isPartOf\":{\"@id\":\"https:\/\/www.welovecycling.com\/pl\/#website\"},\"primaryImageOfPage\":{\"@id\":\"https:\/\/www.welovecycling.com\/pl\/2020\/09\/04\/9-wskazowek-dzieki-ktorym-bedziesz-gotowy-dojezdzac-na-rowerze-do-pracy\/#primaryimage\"},\"image\":{\"@id\":\"https:\/\/www.welovecycling.com\/pl\/2020\/09\/04\/9-wskazowek-dzieki-ktorym-bedziesz-gotowy-dojezdzac-na-rowerze-do-pracy\/#primaryimage\"},\"thumbnailUrl\":\"https:\/\/d2p6e6u75xmxt8.cloudfront.net\/5\/2020\/09\/Cycling-to-Work-CVR-profimedia-0285170919.jpg\",\"datePublished\":\"2020-09-04T14:44:05+00:00\",\"author\":{\"@id\":\"https:\/\/www.welovecycling.com\/pl\/#\/schema\/person\/4a79bac7bd265aa6a35a1079d36648be\"},\"breadcrumb\":{\"@id\":\"https:\/\/www.welovecycling.com\/pl\/2020\/09\/04\/9-wskazowek-dzieki-ktorym-bedziesz-gotowy-dojezdzac-na-rowerze-do-pracy\/#breadcrumb\"},\"inLanguage\":\"pl-PL\",\"potentialAction\":[{\"@type\":\"ReadAction\",\"target\":[\"https:\/\/www.welovecycling.com\/pl\/2020\/09\/04\/9-wskazowek-dzieki-ktorym-bedziesz-gotowy-dojezdzac-na-rowerze-do-pracy\/\"]}]},{\"@type\":\"ImageObject\",\"inLanguage\":\"pl-PL\",\"@id\":\"https:\/\/www.welovecycling.com\/pl\/2020\/09\/04\/9-wskazowek-dzieki-ktorym-bedziesz-gotowy-dojezdzac-na-rowerze-do-pracy\/#primaryimage\",\"url\":\"https:\/\/d2p6e6u75xmxt8.cloudfront.net\/5\/2020\/09\/Cycling-to-Work-CVR-profimedia-0285170919.jpg\",\"contentUrl\":\"https:\/\/d2p6e6u75xmxt8.cloudfront.net\/5\/2020\/09\/Cycling-to-Work-CVR-profimedia-0285170919.jpg\",\"width\":1366,\"height\":600},{\"@type\":\"BreadcrumbList\",\"@id\":\"https:\/\/www.welovecycling.com\/pl\/2020\/09\/04\/9-wskazowek-dzieki-ktorym-bedziesz-gotowy-dojezdzac-na-rowerze-do-pracy\/#breadcrumb\",\"itemListElement\":[{\"@type\":\"ListItem\",\"position\":1,\"name\":\"Home\",\"item\":\"https:\/\/www.welovecycling.com\/pl\/\"},{\"@type\":\"ListItem\",\"position\":2,\"name\":\"9 wskaz\u00f3wek, dzi\u0119ki kt\u00f3rym b\u0119dziesz gotowy doje\u017cd\u017ca\u0107 na rowerze do pracy\"}]},{\"@type\":\"WebSite\",\"@id\":\"https:\/\/www.welovecycling.com\/pl\/#website\",\"url\":\"https:\/\/www.welovecycling.com\/pl\/\",\"name\":\"\u0160koda We Love Cycling - Poland\",\"description\":\"\",\"potentialAction\":[{\"@type\":\"SearchAction\",\"target\":{\"@type\":\"EntryPoint\",\"urlTemplate\":\"https:\/\/www.welovecycling.com\/pl\/?s={search_term_string}\"},\"query-input\":{\"@type\":\"PropertyValueSpecification\",\"valueRequired\":true,\"valueName\":\"search_term_string\"}}],\"inLanguage\":\"pl-PL\"},{\"@type\":\"Person\",\"@id\":\"https:\/\/www.welovecycling.com\/pl\/#\/schema\/person\/4a79bac7bd265aa6a35a1079d36648be\",\"name\":\"oktawiamikulska\",\"image\":{\"@type\":\"ImageObject\",\"inLanguage\":\"pl-PL\",\"@id\":\"https:\/\/www.welovecycling.com\/pl\/#\/schema\/person\/image\/\",\"url\":\"https:\/\/secure.gravatar.com\/avatar\/b97a3f44e2de6d2f8dd358975937e49823662e12cbd810b9d1a2bff1c149e8a7?s=96&d=mm&r=g\",\"contentUrl\":\"https:\/\/secure.gravatar.com\/avatar\/b97a3f44e2de6d2f8dd358975937e49823662e12cbd810b9d1a2bff1c149e8a7?s=96&d=mm&r=g\",\"caption\":\"oktawiamikulska\"},\"url\":\"https:\/\/www.welovecycling.com\/pl\/author\/oktawiamikulska\/\"}]}<\/script>\n<!-- \/ Yoast SEO Premium plugin. -->","yoast_head_json":{"title":"9 wskaz\u00f3wek, dzi\u0119ki kt\u00f3rym b\u0119dziesz gotowy doje\u017cd\u017ca\u0107 na rowerze do pracy - \u0160koda We Love Cycling - Poland","robots":{"index":"index","follow":"follow","max-snippet":"max-snippet:-1","max-image-preview":"max-image-preview:large","max-video-preview":"max-video-preview:-1"},"canonical":"https:\/\/www.welovecycling.com\/pl\/2020\/09\/04\/9-wskazowek-dzieki-ktorym-bedziesz-gotowy-dojezdzac-na-rowerze-do-pracy\/","og_locale":"pl_PL","og_type":"article","og_title":"9 wskaz\u00f3wek, dzi\u0119ki kt\u00f3rym b\u0119dziesz gotowy doje\u017cd\u017ca\u0107 na rowerze do pracy","og_description":"Od jak dawna rozwa\u017ca\u0142e\u015b jazd\u0119 na rowerze do pracy? Doje\u017cd\u017canie do niej jest przyjemniejsze, ni\u017c si\u0119 mo\u017cna spodziewa\u0107, i opr\u00f3cz [&hellip;]","og_url":"https:\/\/www.welovecycling.com\/pl\/2020\/09\/04\/9-wskazowek-dzieki-ktorym-bedziesz-gotowy-dojezdzac-na-rowerze-do-pracy\/","og_site_name":"\u0160koda We Love Cycling - Poland","article_published_time":"2020-09-04T14:44:05+00:00","og_image":[{"width":1366,"height":600,"url":"https:\/\/d2p6e6u75xmxt8.cloudfront.net\/5\/2020\/09\/Cycling-to-Work-CVR-profimedia-0285170919.jpg","type":"image\/jpeg"}],"author":"oktawiamikulska","twitter_card":"summary_large_image","twitter_misc":{"Written by":"Adam Marsal","Est. reading time":"4 minutes"},"schema":{"@context":"https:\/\/schema.org","@graph":[{"@type":"WebPage","@id":"https:\/\/www.welovecycling.com\/pl\/2020\/09\/04\/9-wskazowek-dzieki-ktorym-bedziesz-gotowy-dojezdzac-na-rowerze-do-pracy\/","url":"https:\/\/www.welovecycling.com\/pl\/2020\/09\/04\/9-wskazowek-dzieki-ktorym-bedziesz-gotowy-dojezdzac-na-rowerze-do-pracy\/","name":"9 wskaz\u00f3wek, dzi\u0119ki kt\u00f3rym b\u0119dziesz gotowy doje\u017cd\u017ca\u0107 na rowerze do pracy - \u0160koda We Love Cycling - Poland","isPartOf":{"@id":"https:\/\/www.welovecycling.com\/pl\/#website"},"primaryImageOfPage":{"@id":"https:\/\/www.welovecycling.com\/pl\/2020\/09\/04\/9-wskazowek-dzieki-ktorym-bedziesz-gotowy-dojezdzac-na-rowerze-do-pracy\/#primaryimage"},"image":{"@id":"https:\/\/www.welovecycling.com\/pl\/2020\/09\/04\/9-wskazowek-dzieki-ktorym-bedziesz-gotowy-dojezdzac-na-rowerze-do-pracy\/#primaryimage"},"thumbnailUrl":"https:\/\/d2p6e6u75xmxt8.cloudfront.net\/5\/2020\/09\/Cycling-to-Work-CVR-profimedia-0285170919.jpg","datePublished":"2020-09-04T14:44:05+00:00","author":{"@id":"https:\/\/www.welovecycling.com\/pl\/#\/schema\/person\/4a79bac7bd265aa6a35a1079d36648be"},"breadcrumb":{"@id":"https:\/\/www.welovecycling.com\/pl\/2020\/09\/04\/9-wskazowek-dzieki-ktorym-bedziesz-gotowy-dojezdzac-na-rowerze-do-pracy\/#breadcrumb"},"inLanguage":"pl-PL","potentialAction":[{"@type":"ReadAction","target":["https:\/\/www.welovecycling.com\/pl\/2020\/09\/04\/9-wskazowek-dzieki-ktorym-bedziesz-gotowy-dojezdzac-na-rowerze-do-pracy\/"]}]},{"@type":"ImageObject","inLanguage":"pl-PL","@id":"https:\/\/www.welovecycling.com\/pl\/2020\/09\/04\/9-wskazowek-dzieki-ktorym-bedziesz-gotowy-dojezdzac-na-rowerze-do-pracy\/#primaryimage","url":"https:\/\/d2p6e6u75xmxt8.cloudfront.net\/5\/2020\/09\/Cycling-to-Work-CVR-profimedia-0285170919.jpg","contentUrl":"https:\/\/d2p6e6u75xmxt8.cloudfront.net\/5\/2020\/09\/Cycling-to-Work-CVR-profimedia-0285170919.jpg","width":1366,"height":600},{"@type":"BreadcrumbList","@id":"https:\/\/www.welovecycling.com\/pl\/2020\/09\/04\/9-wskazowek-dzieki-ktorym-bedziesz-gotowy-dojezdzac-na-rowerze-do-pracy\/#breadcrumb","itemListElement":[{"@type":"ListItem","position":1,"name":"Home","item":"https:\/\/www.welovecycling.com\/pl\/"},{"@type":"ListItem","position":2,"name":"9 wskaz\u00f3wek, dzi\u0119ki kt\u00f3rym b\u0119dziesz gotowy doje\u017cd\u017ca\u0107 na rowerze do pracy"}]},{"@type":"WebSite","@id":"https:\/\/www.welovecycling.com\/pl\/#website","url":"https:\/\/www.welovecycling.com\/pl\/","name":"\u0160koda We Love Cycling - Poland","description":"","potentialAction":[{"@type":"SearchAction","target":{"@type":"EntryPoint","urlTemplate":"https:\/\/www.welovecycling.com\/pl\/?s={search_term_string}"},"query-input":{"@type":"PropertyValueSpecification","valueRequired":true,"valueName":"search_term_string"}}],"inLanguage":"pl-PL"},{"@type":"Person","@id":"https:\/\/www.welovecycling.com\/pl\/#\/schema\/person\/4a79bac7bd265aa6a35a1079d36648be","name":"oktawiamikulska","image":{"@type":"ImageObject","inLanguage":"pl-PL","@id":"https:\/\/www.welovecycling.com\/pl\/#\/schema\/person\/image\/","url":"https:\/\/secure.gravatar.com\/avatar\/b97a3f44e2de6d2f8dd358975937e49823662e12cbd810b9d1a2bff1c149e8a7?s=96&d=mm&r=g","contentUrl":"https:\/\/secure.gravatar.com\/avatar\/b97a3f44e2de6d2f8dd358975937e49823662e12cbd810b9d1a2bff1c149e8a7?s=96&d=mm&r=g","caption":"oktawiamikulska"},"url":"https:\/\/www.welovecycling.com\/pl\/author\/oktawiamikulska\/"}]}},"_links":{"self":[{"href":"https:\/\/www.welovecycling.com\/pl\/wp-json\/wp\/v2\/posts\/11084","targetHints":{"allow":["GET"]}}],"collection":[{"href":"https:\/\/www.welovecycling.com\/pl\/wp-json\/wp\/v2\/posts"}],"about":[{"href":"https:\/\/www.welovecycling.com\/pl\/wp-json\/wp\/v2\/types\/post"}],"author":[{"embeddable":true,"href":"https:\/\/www.welovecycling.com\/pl\/wp-json\/wp\/v2\/users\/125"}],"replies":[{"embeddable":true,"href":"https:\/\/www.welovecycling.com\/pl\/wp-json\/wp\/v2\/comments?post=11084"}],"version-history":[{"count":2,"href":"https:\/\/www.welovecycling.com\/pl\/wp-json\/wp\/v2\/posts\/11084\/revisions"}],"predecessor-version":[{"id":11088,"href":"https:\/\/www.welovecycling.com\/pl\/wp-json\/wp\/v2\/posts\/11084\/revisions\/11088"}],"wp:featuredmedia":[{"embeddable":true,"href":"https:\/\/www.welovecycling.com\/pl\/wp-json\/wp\/v2\/media\/11086"}],"wp:attachment":[{"href":"https:\/\/www.welovecycling.com\/pl\/wp-json\/wp\/v2\/media?parent=11084"}],"wp:term":[{"taxonomy":"category","embeddable":true,"href":"https:\/\/www.welovecycling.com\/pl\/wp-json\/wp\/v2\/categories?post=11084"},{"taxonomy":"post_tag","embeddable":true,"href":"https:\/\/www.welovecycling.com\/pl\/wp-json\/wp\/v2\/tags?post=11084"},{"taxonomy":"global-categories","embeddable":true,"href":"https:\/\/www.welovecycling.com\/pl\/wp-json\/wp\/v2\/global-categories?post=11084"}],"curies":[{"name":"wp","href":"https:\/\/api.w.org\/{rel}","templated":true}]}}