{"id":11073,"date":"2020-09-03T10:20:05","date_gmt":"2020-09-03T10:20:05","guid":{"rendered":"https:\/\/www.welovecycling.com\/pl\/?p=11073"},"modified":"2020-09-10T07:37:12","modified_gmt":"2020-09-10T07:37:12","slug":"jaka-role-pelnia-samochody-skody-podczas-tdf","status":"publish","type":"post","link":"https:\/\/www.welovecycling.com\/pl\/2020\/09\/03\/jaka-role-pelnia-samochody-skody-podczas-tdf\/","title":{"rendered":"Jak\u0105 rol\u0119 pe\u0142ni\u0105 samochody \u0160KODY podczas TdF?"},"content":{"rendered":"<p><strong>\u0160koda, dawniej Laurin i Klement, stawia\u0142a swoje pierwsze kroki w ma\u0142ym warsztacie rowerowym w 1895 roku w \u00f3wczesnych Austro-W\u0119grzech, a dzisiejszych Czechach. Naturalne wi\u0119c jest, \u017ce jedno\u015blady s\u0105 nadal mocno obecne w dzia\u0142alno\u015bci marki. W 2004 roku \u0160koda zosta\u0142a oficjalnym partnerem samochodowym Tour de France i od tego czasu jej pojazdy zapewniaj\u0105 p\u0142ynny przebieg tego spektakularnego wy\u015bcigu. Oko\u0142o 250 samochod\u00f3w \u0160koda OCTAVIA i \u0160koda SUPERB wyrusza co roku, aby pomaga\u0107 w pisaniu kolejnej historii sukcesu Le Tour. Przyjrzyjmy si\u0119 rolom poszczeg\u00f3lnych grup pojazd\u00f3w, podzielonych ze wzgl\u0119du na pe\u0142nione przez nie funkcje.<\/strong><\/p>\n<p>Najpierw jednak kilka imponuj\u0105cych danych. Pojedynczy samoch\u00f3d \u0160KODY pokonuje dystans ok. 10\u201312 tys. kilometr\u00f3w rocznie. \u0141\u0105czna liczba kilometr\u00f3w wykonana przez ca\u0142\u0105 flot\u0119 \u0160KODY to blisko 2,8 mln. Samochody s\u0105 obs\u0142ugiwane przez oko\u0142o 300 kierowc\u00f3w i 60 technik\u00f3w. Te liczby pomog\u0105 spojrze\u0107 z odpowiedniej perspektywy na znaczenie pojazd\u00f3w pomocniczych w Le Tour.<\/p>\n<h2><strong>Red SUPERB iV Dyrektora wy\u015bcigu<\/strong><\/h2>\n<p>Poranna rutyna Tour de France Christiana Prudhomme\u2019a, Dyrektora Le Tour i A.S.O., zak\u0142ada podr\u00f3\u017cowanie na tylnym siedzeniu specjalnie zmodyfikowanej \u0160KODY SUPERB, kt\u00f3ra pe\u0142ni funkcj\u0119 mobilnego mostka kapita\u0144skiego na ka\u017cdym etapie wy\u015bcigu. W tym roku zaszczyt ten przypadnie zupe\u0142nie nowej hybrydzie plug-in \u0160KODY \u2013 \u0160KODZIE SUPERB iV. Podobnie jak w przypadku poprzednik\u00f3w, jej charakterystyczny odcie\u0144 \u201eCorrida Red\u201d przyci\u0105gnie wzrok milion\u00f3w widz\u00f3w na ca\u0142ym \u015bwiecie. \u201eCzerwony samoch\u00f3d\u201d sta\u0142 si\u0119 jednym z najbardziej charakterystycznych symboli wizualnych trasy wy\u015bcigu, na r\u00f3wni z \u0141ukiem Triumfalnym. Jego obecno\u015b\u0107 jest nieodzowna dla sukcesu TdF.<\/p>\n<figure id=\"attachment_179256\" aria-describedby=\"caption-attachment-179256\" style=\"width: 1250px\" class=\"wp-caption alignnone\"><img loading=\"lazy\" decoding=\"async\" class=\"loading wp-image-179256 size-full\" src=\"https:\/\/d2p6e6u75xmxt8.cloudfront.net\/2\/2020\/09\/Tour-de-France-profimedia-0555522684.jpg\" sizes=\"auto, (max-width: 1250px) 100vw, 1250px\" srcset=\"https:\/\/d2p6e6u75xmxt8.cloudfront.net\/2\/2020\/09\/Tour-de-France-profimedia-0555522684.jpg 1250w, https:\/\/d2p6e6u75xmxt8.cloudfront.net\/2\/2020\/09\/Tour-de-France-profimedia-0555522684-300x200.jpg 300w, https:\/\/d2p6e6u75xmxt8.cloudfront.net\/2\/2020\/09\/Tour-de-France-profimedia-0555522684-1024x682.jpg 1024w, https:\/\/d2p6e6u75xmxt8.cloudfront.net\/2\/2020\/09\/Tour-de-France-profimedia-0555522684-768x511.jpg 768w, https:\/\/d2p6e6u75xmxt8.cloudfront.net\/2\/2020\/09\/Tour-de-France-profimedia-0555522684-272x182.jpg 272w\" alt=\"Tour de France\" width=\"1250\" height=\"832\" data-was-processed=\"true\" \/><figcaption id=\"caption-attachment-179256\" class=\"wp-caption-text\">Sze\u015bcioosobowa ucieczka podczas akcji na Col de Turini, Tour de France 2020. \u00a9 Profimedia<\/figcaption><\/figure>\n<div id=\"gallery-3\" class=\"gallery galleryid-179240 gallery-columns-3 gallery-size-large\">\n<figure class=\"gallery-item\">\n<div class=\"gallery-icon landscape\"><a class=\"colorbox-initialized cboxElement\" href=\"https:\/\/d2p6e6u75xmxt8.cloudfront.net\/2\/2020\/08\/Red-SKODA-SUPERB-iV-2.jpg\"><img loading=\"lazy\" decoding=\"async\" class=\"attachment-large size-large istretcher-finished loading\" src=\"https:\/\/d2p6e6u75xmxt8.cloudfront.net\/2\/2020\/08\/Red-SKODA-SUPERB-iV-2-1024x683.jpg\" sizes=\"auto, (max-width: 1024px) 100vw, 1024px\" srcset=\"https:\/\/d2p6e6u75xmxt8.cloudfront.net\/2\/2020\/08\/Red-SKODA-SUPERB-iV-2-1024x683.jpg 1024w, https:\/\/d2p6e6u75xmxt8.cloudfront.net\/2\/2020\/08\/Red-SKODA-SUPERB-iV-2-300x200.jpg 300w, https:\/\/d2p6e6u75xmxt8.cloudfront.net\/2\/2020\/08\/Red-SKODA-SUPERB-iV-2-768x512.jpg 768w, https:\/\/d2p6e6u75xmxt8.cloudfront.net\/2\/2020\/08\/Red-SKODA-SUPERB-iV-2-272x182.jpg 272w, https:\/\/d2p6e6u75xmxt8.cloudfront.net\/2\/2020\/08\/Red-SKODA-SUPERB-iV-2.jpg 1250w\" alt=\"\u0160koda SUPERB iV\" width=\"1024\" height=\"683\" data-was-processed=\"true\" \/><\/a><\/div>\n<\/figure>\n<figure class=\"gallery-item\">\n<div class=\"gallery-icon landscape\"><a class=\"colorbox-initialized cboxElement\" href=\"https:\/\/d2p6e6u75xmxt8.cloudfront.net\/2\/2020\/09\/Tour-de-France-profimedia-0555590779-1.jpg\"><img loading=\"lazy\" decoding=\"async\" class=\"attachment-large size-large istretcher-finished loading\" src=\"https:\/\/d2p6e6u75xmxt8.cloudfront.net\/2\/2020\/09\/Tour-de-France-profimedia-0555590779-1-1024x682.jpg\" sizes=\"auto, (max-width: 1024px) 100vw, 1024px\" srcset=\"https:\/\/d2p6e6u75xmxt8.cloudfront.net\/2\/2020\/09\/Tour-de-France-profimedia-0555590779-1-1024x682.jpg 1024w, https:\/\/d2p6e6u75xmxt8.cloudfront.net\/2\/2020\/09\/Tour-de-France-profimedia-0555590779-1-300x200.jpg 300w, https:\/\/d2p6e6u75xmxt8.cloudfront.net\/2\/2020\/09\/Tour-de-France-profimedia-0555590779-1-768x512.jpg 768w, https:\/\/d2p6e6u75xmxt8.cloudfront.net\/2\/2020\/09\/Tour-de-France-profimedia-0555590779-1-272x182.jpg 272w, https:\/\/d2p6e6u75xmxt8.cloudfront.net\/2\/2020\/09\/Tour-de-France-profimedia-0555590779-1.jpg 1250w\" alt=\"\u0160koda SUPERB iV\" width=\"1024\" height=\"682\" aria-describedby=\"gallery-3-179258\" data-was-processed=\"true\" \/><\/a><\/div>\n<\/figure>\n<figure class=\"gallery-item\">\n<div class=\"gallery-icon landscape\"><a class=\"colorbox-initialized cboxElement\" href=\"https:\/\/d2p6e6u75xmxt8.cloudfront.net\/2\/2020\/08\/Red-SKODA-SUPERB-iV-3-2.jpg\"><img loading=\"lazy\" decoding=\"async\" class=\"attachment-large size-large istretcher-finished loading\" src=\"https:\/\/d2p6e6u75xmxt8.cloudfront.net\/2\/2020\/08\/Red-SKODA-SUPERB-iV-3-2-1024x683.jpg\" sizes=\"auto, (max-width: 1024px) 100vw, 1024px\" srcset=\"https:\/\/d2p6e6u75xmxt8.cloudfront.net\/2\/2020\/08\/Red-SKODA-SUPERB-iV-3-2-1024x683.jpg 1024w, https:\/\/d2p6e6u75xmxt8.cloudfront.net\/2\/2020\/08\/Red-SKODA-SUPERB-iV-3-2-300x200.jpg 300w, https:\/\/d2p6e6u75xmxt8.cloudfront.net\/2\/2020\/08\/Red-SKODA-SUPERB-iV-3-2-768x512.jpg 768w, https:\/\/d2p6e6u75xmxt8.cloudfront.net\/2\/2020\/08\/Red-SKODA-SUPERB-iV-3-2-272x182.jpg 272w, https:\/\/d2p6e6u75xmxt8.cloudfront.net\/2\/2020\/08\/Red-SKODA-SUPERB-iV-3-2.jpg 1250w\" alt=\"\u0160koda SUPERB iV\" width=\"1024\" height=\"683\" data-was-processed=\"true\" \/><\/a><\/div>\n<\/figure>\n<\/div>\n<p>Wewn\u0105trz samochodu znajdziemy konsol\u0119 dowodzenia i komunikacji z dwukierunkowym radiem umieszczonym mi\u0119dzy przednimi fotelami, nadaj\u0105cym przez sze\u015b\u0107 anten zamontowanych na dachu. Prudhomme u\u017cywa go do kontaktowania si\u0119 ze swoimi s\u0119dziami regatowymi i z central\u0105 wy\u015bcigu. Odbiera te\u017c pro\u015bby i zapytania od samochod\u00f3w zespo\u0142\u00f3w oraz wydaje polecenia dotycz\u0105ce przebiegu etapu. Wykonany na zam\u00f3wienie chowany szklany dach samochodu to nie tylko oznaka stylu. Kiedy dach jest schowany, dyrektor widowiskowo macha bia\u0142\u0105 flag\u0105 na pocz\u0105tkowym kilometrze ka\u017cdego etapu, wprawiaj\u0105c peleton w ruch i prowadz\u0105c go, gdy rusza. Opr\u00f3cz niezb\u0119dnych dodatk\u00f3w organizacyjnych samoch\u00f3d ma jeden pi\u0119kny szczeg\u00f3\u0142 \u2013 d\u017awi\u0119k klaksonu zosta\u0142 zmieniony <u>na taki<\/u> i w uszach ka\u017cdego zagorza\u0142ego fana Tour brzmi jak anielski ch\u00f3r. Czerwony samoch\u00f3d znajduje si\u0119 w centrum uwagi, gdy\u017c jako jedyny mo\u017ce przekroczy\u0107 lini\u0119 mety na Polach Elizejskich przed zawodnikami.<\/p>\n<p>Tylko nieliczni \u015bmiertelnicy mieli zaszczyt pozna\u0107 Red SUPERB nr 1 od wewn\u0105trz \u2013 w tym francuscy prezydenci i jeden z naszych dziennikarzy, kt\u00f3ry podsumowa\u0142 to wyj\u0105tkowe do\u015bwiadczenie <u>w tym artykule<\/u>. (link do aktualizacji po opublikowaniu artyku\u0142u 2020)<\/p>\n<h2><strong>Samochody zespo\u0142u<\/strong><\/h2>\n<p>Ka\u017cdy zesp\u00f3\u0142 ma do swojej dyspozycji flot\u0119 samochod\u00f3w pomocniczych przewo\u017c\u0105cych mechanik\u00f3w, lekarzy, \u017cywno\u015b\u0107, napoje, zapasowe rowery i wszystkie mo\u017cliwe do wyobra\u017cenia cz\u0119\u015bci zapasowe. Nie spos\u00f3b nie zauwa\u017cy\u0107, \u017ce szczeg\u00f3lnie popularne s\u0105 \u0160KODY OCTAVIA. Kolejno\u015b\u0107 jazdy samochod\u00f3w zespo\u0142owych podlega \u015bcis\u0142ej hierarchii ustalonej przez organizator\u00f3w wy\u015bcigu na podstawie rankingu, kt\u00f3ry jest aktualizowany na starcie ka\u017cdego etapu. Kolejno\u015b\u0107 konwoju to nie tylko pedantyczna kombinacja liczb i zdobytych i straconych sekund. Im bli\u017cej czo\u0142a peletonu znajduje si\u0119 samoch\u00f3d, tym szybciej mo\u017ce dosta\u0107 si\u0119 do zawodnika zespo\u0142u, je\u015bli ten wpadnie w k\u0142opoty. M\u00f3wi si\u0119, \u017ce brukowane i g\u00f3rzyste odcinki etap\u00f3w s\u0105 krytyczne, poniewa\u017c cz\u0119sto rozbijaj\u0105 peleton, a samochody zespo\u0142owe musz\u0105 podejmowa\u0107 trudne decyzje o tym, kt\u00f3rzy kolarze najbardziej potrzebuj\u0105 ich wsparcia.<\/p>\n<figure id=\"attachment_179255\" aria-describedby=\"caption-attachment-179255\" style=\"width: 1250px\" class=\"wp-caption alignnone\"><img loading=\"lazy\" decoding=\"async\" class=\"loading wp-image-179255 size-full\" src=\"https:\/\/d2p6e6u75xmxt8.cloudfront.net\/2\/2020\/09\/Team-Cars-profimedia-0555594949.jpg\" sizes=\"auto, (max-width: 1250px) 100vw, 1250px\" srcset=\"https:\/\/d2p6e6u75xmxt8.cloudfront.net\/2\/2020\/09\/Team-Cars-profimedia-0555594949.jpg 1250w, https:\/\/d2p6e6u75xmxt8.cloudfront.net\/2\/2020\/09\/Team-Cars-profimedia-0555594949-300x200.jpg 300w, https:\/\/d2p6e6u75xmxt8.cloudfront.net\/2\/2020\/09\/Team-Cars-profimedia-0555594949-1024x682.jpg 1024w, https:\/\/d2p6e6u75xmxt8.cloudfront.net\/2\/2020\/09\/Team-Cars-profimedia-0555594949-768x512.jpg 768w, https:\/\/d2p6e6u75xmxt8.cloudfront.net\/2\/2020\/09\/Team-Cars-profimedia-0555594949-272x182.jpg 272w\" alt=\"Tour de France\" width=\"1250\" height=\"833\" data-was-processed=\"true\" \/><figcaption id=\"caption-attachment-179255\" class=\"wp-caption-text\">Julian Alaphilippe w \u017c\u00f3\u0142tej koszulce lidera w klasyfikacji generalnej podczas trzeciego etapu TdF (31 sierpnia 2020) \u00a9 Profimedia, EPA-EFE<\/figcaption><\/figure>\n<p>Z tego te\u017c powodu prawie wszyscy kierowcy to byli zawodowi kolarze. Kiedy samoch\u00f3d zespo\u0142u zostaje wezwany do akcji, musi poprosi\u0107 przez radio Christiana Prudhomme\u2019a o pozwolenie na z\u0142amanie wyznaczonej hierarchii i przyspieszenie w kierunku potrzebuj\u0105cego kierowcy. \u0141atwiej to powiedzie\u0107 ni\u017c zrobi\u0107, przedzieraj\u0105c si\u0119 przez inne samochody, motocykle, kolarzy i widz\u00f3w. Dlatego warto mie\u0107 za kierownic\u0105 kogo\u015b dobrze zaznajomionego z rytmem i zachowaniem peletonu, aby unikn\u0105\u0107 wypadk\u00f3w. Je\u015bli samochody zespo\u0142u nie s\u0105 w stanie interweniowa\u0107 wystarczaj\u0105co szybko lub z jakiego\u015b powodu w og\u00f3le, czekaj\u0105cy na pomoc kolarz mo\u017ce nadal liczy\u0107 na neutraln\u0105 flot\u0119 Mavic.<\/p>\n<h2><strong>Flota wsparcia Mavic<\/strong><\/h2>\n<p>Jens Voigt w 2010 roku, Chris Froome w 2016, Rigoberto Ur\u00e1n w 2017 \u2013 wszystkich tych zawodnik\u00f3w (i cz\u0119\u015b\u0107 ich ranking\u00f3w) uratowa\u0142 ubrany na \u017c\u00f3\u0142to anio\u0142. To okre\u015blenie dotyczy zar\u00f3wno samochod\u00f3w wsparcia Mavic, jak i cz\u0142onk\u00f3w za\u0142ogi, kt\u00f3rzy nimi kieruj\u0105. Wszyscy trzej wymienieni kolarze znale\u017ali si\u0119 w podobnej sytuacji. Ich rowery by\u0142y uszkodzone, samochody zespo\u0142u by\u0142y daleko lub utkn\u0119\u0142y z ty\u0142u, meta znajdowa\u0142a si\u0119 w pobli\u017cu, a oni chcieli ju\u017c si\u0119 podda\u0107. I wtedy pojawia\u0142y si\u0119 neutralne pojazdy wsparcia Mavic. Rowery zawodnik\u00f3w zosta\u0142y wymienione, z\u0119batki naprawione i wszyscy uko\u0144czyli etapy.<\/p>\n<div class=\"embed-controller-wrapper\">\n<div class=\"embed-wrapper\"><iframe title=\"A Day At The Tour de France With Mavic Neutral Service | Tour de France 2018\" width=\"500\" height=\"281\" data-src=\"https:\/\/www.youtube.com\/embed\/ZhaRq9E88GQ?feature=oembed\" frameborder=\"0\" allow=\"accelerometer; autoplay; clipboard-write; encrypted-media; gyroscope; picture-in-picture; web-share\" referrerpolicy=\"strict-origin-when-cross-origin\" allowfullscreen><\/iframe><\/div>\n<\/div>\n<p>Flota Mavic sk\u0142ada si\u0119 z samochod\u00f3w \u0160koda SUPERB (link do artyku\u0142u Mavic), z kt\u00f3rych ka\u017cdy wiezie sze\u015b\u0107 rower\u00f3w r\u00f3\u017cnych marek i wielko\u015bci oraz peda\u0142y. Samochody to warsztaty rowerowe na k\u00f3\u0142kach, kt\u00f3re przewo\u017c\u0105 szereg mechanizm\u00f3w korbowych, sztyc, \u0142a\u0144cuch\u00f3w, zestaw\u00f3w do naprawy d\u0119tek itp. Wykwalifikowany mechanik jad\u0105cy z ty\u0142u mo\u017ce szybko wymieni\u0107 ka\u017cdy element. Jeden z samochod\u00f3w zawsze stoi w pobli\u017cu Red SUPERB Christiana Prudhomme\u2019a z trzema rowerami specjalnie przystosowanymi dla trzech najlepszych zawodnik\u00f3w w klasyfikacji generalnej. S\u0105 gotowe do u\u017cycia, aby w razie potrzeby uratowa\u0107 sytuacj\u0119.<\/p>\n<h2><strong>Pojazdy \u0160koda VIP Program Go\u015bcinno\u015bci Tour de France<\/strong><\/h2>\n<p>Podobnie jak w przypadku \u201eCzerwonego samochodu\u201d, tegoroczna flota Programu Go\u015bcinno\u015bci obejmuje r\u00f3wnie\u017c model \u0160koda SUPERB iV, jeden z pierwszych dw\u00f3ch nowych samochod\u00f3w hybrydowych marki, kt\u00f3re niedawno wprowadzono na rynek. W niekt\u00f3re dni mo\u017cna je b\u0119dzie znale\u017a\u0107 w peletonie, poniewa\u017c b\u0119d\u0105 wioz\u0142y szcz\u0119\u015bliwych zwyci\u0119zc\u00f3w naszego konkursu <a href=\"https:\/\/www.welovecycling.com\/pl\/tour-de-france-2020\/#conest\">\u0160koda VIP Program Go\u015bcinno\u015bci <\/a>, w kt\u00f3rym Ty r\u00f3wnie\u017c mo\u017cesz wzi\u0105\u0107 udzia\u0142. Te specjalne samochody kierowane przez by\u0142ych zawodowych kolarzy i maj\u0105ce niestandardowe naklejki przemierzaj\u0105 etapy, zapewniaj\u0105c wybra\u0144com losu niezapomniane wra\u017cenia.<\/p>\n<p><img loading=\"lazy\" decoding=\"async\" class=\"alignnone wp-image-179150 size-full loading\" src=\"https:\/\/d2p6e6u75xmxt8.cloudfront.net\/2\/2020\/08\/IMG_0848-1024x575-2.jpg\" sizes=\"auto, (max-width: 1024px) 100vw, 1024px\" srcset=\"https:\/\/d2p6e6u75xmxt8.cloudfront.net\/2\/2020\/08\/IMG_0848-1024x575-2.jpg 1024w, https:\/\/d2p6e6u75xmxt8.cloudfront.net\/2\/2020\/08\/IMG_0848-1024x575-2-300x168.jpg 300w, https:\/\/d2p6e6u75xmxt8.cloudfront.net\/2\/2020\/08\/IMG_0848-1024x575-2-768x431.jpg 768w\" alt=\"\u0160koda SUPERB\" width=\"1024\" height=\"575\" data-was-processed=\"true\" \/><\/p>\n<p>Zwr\u00f3\u0107 uwag\u0119 na samochody \u0160KODY na Tour de France od 29 sierpnia do 20 wrze\u015bnia w dowolnym miejscu mi\u0119dzy Nice\u0105 a Pary\u017cem. By\u0107 mo\u017ce przyzwyczaili\u015bmy si\u0119 do ich obecno\u015bci na wy\u015bcigu do tego stopnia, \u017ce \u200b\u200buznajemy je za co\u015b oczywistego, ale dzi\u0119ki temu artyku\u0142owi masz lepszy wgl\u0105d w ogrom pracy, kt\u00f3r\u0105 one i ich za\u0142ogi wykonuj\u0105 ka\u017cdego roku. Prawda, \u017ce zas\u0142uguj\u0105 na odrobin\u0119 uznania?<\/p>\n","protected":false},"excerpt":{"rendered":"<p>\u0160koda, dawniej Laurin i Klement, stawia\u0142a swoje pierwsze kroki w ma\u0142ym warsztacie rowerowym w 1895 roku w \u00f3wczesnych Austro-W\u0119grzech, a [&hellip;]<\/p>\n","protected":false},"author":125,"featured_media":11075,"comment_status":"open","ping_status":"open","sticky":false,"template":"","format":"standard","meta":{"footnotes":""},"categories":[335],"tags":[77,334],"global-categories":[303],"class_list":["post-11073","post","type-post","status-publish","format-standard","has-post-thumbnail","hentry","category-2020-tour-de-france","tag-tour-de-france","tag-tour-de-france-2020","global-categories-cycling"],"yoast_head":"<!-- This site is optimized with the Yoast SEO Premium plugin v25.3 (Yoast SEO v25.9) - https:\/\/yoast.com\/wordpress\/plugins\/seo\/ -->\n<title>Jak\u0105 rol\u0119 pe\u0142ni\u0105 samochody \u0160KODY podczas TdF? - \u0160koda We Love Cycling - Poland<\/title>\n<meta name=\"robots\" content=\"index, follow, max-snippet:-1, max-image-preview:large, max-video-preview:-1\" \/>\n<link rel=\"canonical\" href=\"https:\/\/www.welovecycling.com\/pl\/2020\/09\/03\/jaka-role-pelnia-samochody-skody-podczas-tdf\/\" \/>\n<meta property=\"og:locale\" content=\"pl_PL\" \/>\n<meta property=\"og:type\" content=\"article\" \/>\n<meta property=\"og:title\" content=\"Jak\u0105 rol\u0119 pe\u0142ni\u0105 samochody \u0160KODY podczas TdF?\" \/>\n<meta property=\"og:description\" content=\"\u0160koda, dawniej Laurin i Klement, stawia\u0142a swoje pierwsze kroki w ma\u0142ym warsztacie rowerowym w 1895 roku w \u00f3wczesnych Austro-W\u0119grzech, a [&hellip;]\" \/>\n<meta property=\"og:url\" content=\"https:\/\/www.welovecycling.com\/pl\/2020\/09\/03\/jaka-role-pelnia-samochody-skody-podczas-tdf\/\" \/>\n<meta property=\"og:site_name\" content=\"\u0160koda We Love Cycling - Poland\" \/>\n<meta property=\"article:published_time\" content=\"2020-09-03T10:20:05+00:00\" \/>\n<meta property=\"article:modified_time\" content=\"2020-09-10T07:37:12+00:00\" \/>\n<meta property=\"og:image\" content=\"https:\/\/d2p6e6u75xmxt8.cloudfront.net\/5\/2020\/09\/SKODA-CVR-profimedia-0555522690-1024x450-1.jpg\" \/>\n\t<meta property=\"og:image:width\" content=\"1024\" \/>\n\t<meta property=\"og:image:height\" content=\"450\" \/>\n\t<meta property=\"og:image:type\" content=\"image\/jpeg\" \/>\n<meta name=\"author\" content=\"oktawiamikulska\" \/>\n<meta name=\"twitter:card\" content=\"summary_large_image\" \/>\n<meta name=\"twitter:label1\" content=\"Written by\" \/>\n\t<meta name=\"twitter:data1\" content=\"Frantiska Blazkova\" \/>\n\t<meta name=\"twitter:label2\" content=\"Est. reading time\" \/>\n\t<meta name=\"twitter:data2\" content=\"6 minutes\" \/>\n<script type=\"application\/ld+json\" class=\"yoast-schema-graph\">{\"@context\":\"https:\/\/schema.org\",\"@graph\":[{\"@type\":\"WebPage\",\"@id\":\"https:\/\/www.welovecycling.com\/pl\/2020\/09\/03\/jaka-role-pelnia-samochody-skody-podczas-tdf\/\",\"url\":\"https:\/\/www.welovecycling.com\/pl\/2020\/09\/03\/jaka-role-pelnia-samochody-skody-podczas-tdf\/\",\"name\":\"Jak\u0105 rol\u0119 pe\u0142ni\u0105 samochody \u0160KODY podczas TdF? - \u0160koda We Love Cycling - Poland\",\"isPartOf\":{\"@id\":\"https:\/\/www.welovecycling.com\/pl\/#website\"},\"primaryImageOfPage\":{\"@id\":\"https:\/\/www.welovecycling.com\/pl\/2020\/09\/03\/jaka-role-pelnia-samochody-skody-podczas-tdf\/#primaryimage\"},\"image\":{\"@id\":\"https:\/\/www.welovecycling.com\/pl\/2020\/09\/03\/jaka-role-pelnia-samochody-skody-podczas-tdf\/#primaryimage\"},\"thumbnailUrl\":\"https:\/\/d2p6e6u75xmxt8.cloudfront.net\/5\/2020\/09\/SKODA-CVR-profimedia-0555522690-1024x450-1.jpg\",\"datePublished\":\"2020-09-03T10:20:05+00:00\",\"dateModified\":\"2020-09-10T07:37:12+00:00\",\"author\":{\"@id\":\"https:\/\/www.welovecycling.com\/pl\/#\/schema\/person\/4a79bac7bd265aa6a35a1079d36648be\"},\"breadcrumb\":{\"@id\":\"https:\/\/www.welovecycling.com\/pl\/2020\/09\/03\/jaka-role-pelnia-samochody-skody-podczas-tdf\/#breadcrumb\"},\"inLanguage\":\"pl-PL\",\"potentialAction\":[{\"@type\":\"ReadAction\",\"target\":[\"https:\/\/www.welovecycling.com\/pl\/2020\/09\/03\/jaka-role-pelnia-samochody-skody-podczas-tdf\/\"]}]},{\"@type\":\"ImageObject\",\"inLanguage\":\"pl-PL\",\"@id\":\"https:\/\/www.welovecycling.com\/pl\/2020\/09\/03\/jaka-role-pelnia-samochody-skody-podczas-tdf\/#primaryimage\",\"url\":\"https:\/\/d2p6e6u75xmxt8.cloudfront.net\/5\/2020\/09\/SKODA-CVR-profimedia-0555522690-1024x450-1.jpg\",\"contentUrl\":\"https:\/\/d2p6e6u75xmxt8.cloudfront.net\/5\/2020\/09\/SKODA-CVR-profimedia-0555522690-1024x450-1.jpg\",\"width\":1024,\"height\":450},{\"@type\":\"BreadcrumbList\",\"@id\":\"https:\/\/www.welovecycling.com\/pl\/2020\/09\/03\/jaka-role-pelnia-samochody-skody-podczas-tdf\/#breadcrumb\",\"itemListElement\":[{\"@type\":\"ListItem\",\"position\":1,\"name\":\"Home\",\"item\":\"https:\/\/www.welovecycling.com\/pl\/\"},{\"@type\":\"ListItem\",\"position\":2,\"name\":\"Jak\u0105 rol\u0119 pe\u0142ni\u0105 samochody \u0160KODY podczas TdF?\"}]},{\"@type\":\"WebSite\",\"@id\":\"https:\/\/www.welovecycling.com\/pl\/#website\",\"url\":\"https:\/\/www.welovecycling.com\/pl\/\",\"name\":\"\u0160koda We Love Cycling - Poland\",\"description\":\"\",\"potentialAction\":[{\"@type\":\"SearchAction\",\"target\":{\"@type\":\"EntryPoint\",\"urlTemplate\":\"https:\/\/www.welovecycling.com\/pl\/?s={search_term_string}\"},\"query-input\":{\"@type\":\"PropertyValueSpecification\",\"valueRequired\":true,\"valueName\":\"search_term_string\"}}],\"inLanguage\":\"pl-PL\"},{\"@type\":\"Person\",\"@id\":\"https:\/\/www.welovecycling.com\/pl\/#\/schema\/person\/4a79bac7bd265aa6a35a1079d36648be\",\"name\":\"oktawiamikulska\",\"image\":{\"@type\":\"ImageObject\",\"inLanguage\":\"pl-PL\",\"@id\":\"https:\/\/www.welovecycling.com\/pl\/#\/schema\/person\/image\/\",\"url\":\"https:\/\/secure.gravatar.com\/avatar\/b97a3f44e2de6d2f8dd358975937e49823662e12cbd810b9d1a2bff1c149e8a7?s=96&d=mm&r=g\",\"contentUrl\":\"https:\/\/secure.gravatar.com\/avatar\/b97a3f44e2de6d2f8dd358975937e49823662e12cbd810b9d1a2bff1c149e8a7?s=96&d=mm&r=g\",\"caption\":\"oktawiamikulska\"},\"url\":\"https:\/\/www.welovecycling.com\/pl\/author\/oktawiamikulska\/\"}]}<\/script>\n<!-- \/ Yoast SEO Premium plugin. -->","yoast_head_json":{"title":"Jak\u0105 rol\u0119 pe\u0142ni\u0105 samochody \u0160KODY podczas TdF? - \u0160koda We Love Cycling - Poland","robots":{"index":"index","follow":"follow","max-snippet":"max-snippet:-1","max-image-preview":"max-image-preview:large","max-video-preview":"max-video-preview:-1"},"canonical":"https:\/\/www.welovecycling.com\/pl\/2020\/09\/03\/jaka-role-pelnia-samochody-skody-podczas-tdf\/","og_locale":"pl_PL","og_type":"article","og_title":"Jak\u0105 rol\u0119 pe\u0142ni\u0105 samochody \u0160KODY podczas TdF?","og_description":"\u0160koda, dawniej Laurin i Klement, stawia\u0142a swoje pierwsze kroki w ma\u0142ym warsztacie rowerowym w 1895 roku w \u00f3wczesnych Austro-W\u0119grzech, a [&hellip;]","og_url":"https:\/\/www.welovecycling.com\/pl\/2020\/09\/03\/jaka-role-pelnia-samochody-skody-podczas-tdf\/","og_site_name":"\u0160koda We Love Cycling - Poland","article_published_time":"2020-09-03T10:20:05+00:00","article_modified_time":"2020-09-10T07:37:12+00:00","og_image":[{"width":1024,"height":450,"url":"https:\/\/d2p6e6u75xmxt8.cloudfront.net\/5\/2020\/09\/SKODA-CVR-profimedia-0555522690-1024x450-1.jpg","type":"image\/jpeg"}],"author":"oktawiamikulska","twitter_card":"summary_large_image","twitter_misc":{"Written by":"Frantiska Blazkova","Est. reading time":"6 minutes"},"schema":{"@context":"https:\/\/schema.org","@graph":[{"@type":"WebPage","@id":"https:\/\/www.welovecycling.com\/pl\/2020\/09\/03\/jaka-role-pelnia-samochody-skody-podczas-tdf\/","url":"https:\/\/www.welovecycling.com\/pl\/2020\/09\/03\/jaka-role-pelnia-samochody-skody-podczas-tdf\/","name":"Jak\u0105 rol\u0119 pe\u0142ni\u0105 samochody \u0160KODY podczas TdF? - \u0160koda We Love Cycling - Poland","isPartOf":{"@id":"https:\/\/www.welovecycling.com\/pl\/#website"},"primaryImageOfPage":{"@id":"https:\/\/www.welovecycling.com\/pl\/2020\/09\/03\/jaka-role-pelnia-samochody-skody-podczas-tdf\/#primaryimage"},"image":{"@id":"https:\/\/www.welovecycling.com\/pl\/2020\/09\/03\/jaka-role-pelnia-samochody-skody-podczas-tdf\/#primaryimage"},"thumbnailUrl":"https:\/\/d2p6e6u75xmxt8.cloudfront.net\/5\/2020\/09\/SKODA-CVR-profimedia-0555522690-1024x450-1.jpg","datePublished":"2020-09-03T10:20:05+00:00","dateModified":"2020-09-10T07:37:12+00:00","author":{"@id":"https:\/\/www.welovecycling.com\/pl\/#\/schema\/person\/4a79bac7bd265aa6a35a1079d36648be"},"breadcrumb":{"@id":"https:\/\/www.welovecycling.com\/pl\/2020\/09\/03\/jaka-role-pelnia-samochody-skody-podczas-tdf\/#breadcrumb"},"inLanguage":"pl-PL","potentialAction":[{"@type":"ReadAction","target":["https:\/\/www.welovecycling.com\/pl\/2020\/09\/03\/jaka-role-pelnia-samochody-skody-podczas-tdf\/"]}]},{"@type":"ImageObject","inLanguage":"pl-PL","@id":"https:\/\/www.welovecycling.com\/pl\/2020\/09\/03\/jaka-role-pelnia-samochody-skody-podczas-tdf\/#primaryimage","url":"https:\/\/d2p6e6u75xmxt8.cloudfront.net\/5\/2020\/09\/SKODA-CVR-profimedia-0555522690-1024x450-1.jpg","contentUrl":"https:\/\/d2p6e6u75xmxt8.cloudfront.net\/5\/2020\/09\/SKODA-CVR-profimedia-0555522690-1024x450-1.jpg","width":1024,"height":450},{"@type":"BreadcrumbList","@id":"https:\/\/www.welovecycling.com\/pl\/2020\/09\/03\/jaka-role-pelnia-samochody-skody-podczas-tdf\/#breadcrumb","itemListElement":[{"@type":"ListItem","position":1,"name":"Home","item":"https:\/\/www.welovecycling.com\/pl\/"},{"@type":"ListItem","position":2,"name":"Jak\u0105 rol\u0119 pe\u0142ni\u0105 samochody \u0160KODY podczas TdF?"}]},{"@type":"WebSite","@id":"https:\/\/www.welovecycling.com\/pl\/#website","url":"https:\/\/www.welovecycling.com\/pl\/","name":"\u0160koda We Love Cycling - Poland","description":"","potentialAction":[{"@type":"SearchAction","target":{"@type":"EntryPoint","urlTemplate":"https:\/\/www.welovecycling.com\/pl\/?s={search_term_string}"},"query-input":{"@type":"PropertyValueSpecification","valueRequired":true,"valueName":"search_term_string"}}],"inLanguage":"pl-PL"},{"@type":"Person","@id":"https:\/\/www.welovecycling.com\/pl\/#\/schema\/person\/4a79bac7bd265aa6a35a1079d36648be","name":"oktawiamikulska","image":{"@type":"ImageObject","inLanguage":"pl-PL","@id":"https:\/\/www.welovecycling.com\/pl\/#\/schema\/person\/image\/","url":"https:\/\/secure.gravatar.com\/avatar\/b97a3f44e2de6d2f8dd358975937e49823662e12cbd810b9d1a2bff1c149e8a7?s=96&d=mm&r=g","contentUrl":"https:\/\/secure.gravatar.com\/avatar\/b97a3f44e2de6d2f8dd358975937e49823662e12cbd810b9d1a2bff1c149e8a7?s=96&d=mm&r=g","caption":"oktawiamikulska"},"url":"https:\/\/www.welovecycling.com\/pl\/author\/oktawiamikulska\/"}]}},"_links":{"self":[{"href":"https:\/\/www.welovecycling.com\/pl\/wp-json\/wp\/v2\/posts\/11073","targetHints":{"allow":["GET"]}}],"collection":[{"href":"https:\/\/www.welovecycling.com\/pl\/wp-json\/wp\/v2\/posts"}],"about":[{"href":"https:\/\/www.welovecycling.com\/pl\/wp-json\/wp\/v2\/types\/post"}],"author":[{"embeddable":true,"href":"https:\/\/www.welovecycling.com\/pl\/wp-json\/wp\/v2\/users\/125"}],"replies":[{"embeddable":true,"href":"https:\/\/www.welovecycling.com\/pl\/wp-json\/wp\/v2\/comments?post=11073"}],"version-history":[{"count":2,"href":"https:\/\/www.welovecycling.com\/pl\/wp-json\/wp\/v2\/posts\/11073\/revisions"}],"predecessor-version":[{"id":11081,"href":"https:\/\/www.welovecycling.com\/pl\/wp-json\/wp\/v2\/posts\/11073\/revisions\/11081"}],"wp:featuredmedia":[{"embeddable":true,"href":"https:\/\/www.welovecycling.com\/pl\/wp-json\/wp\/v2\/media\/11075"}],"wp:attachment":[{"href":"https:\/\/www.welovecycling.com\/pl\/wp-json\/wp\/v2\/media?parent=11073"}],"wp:term":[{"taxonomy":"category","embeddable":true,"href":"https:\/\/www.welovecycling.com\/pl\/wp-json\/wp\/v2\/categories?post=11073"},{"taxonomy":"post_tag","embeddable":true,"href":"https:\/\/www.welovecycling.com\/pl\/wp-json\/wp\/v2\/tags?post=11073"},{"taxonomy":"global-categories","embeddable":true,"href":"https:\/\/www.welovecycling.com\/pl\/wp-json\/wp\/v2\/global-categories?post=11073"}],"curies":[{"name":"wp","href":"https:\/\/api.w.org\/{rel}","templated":true}]}}