{"id":11070,"date":"2020-09-03T10:24:12","date_gmt":"2020-09-03T10:24:12","guid":{"rendered":"https:\/\/www.welovecycling.com\/pl\/?p=11070"},"modified":"2020-09-10T07:38:12","modified_gmt":"2020-09-10T07:38:12","slug":"w-pelni-elektryczna-skoda-enyaq-iv-nowym-wiodacym-samochodem-tour-de-france","status":"publish","type":"post","link":"https:\/\/www.welovecycling.com\/pl\/2020\/09\/03\/w-pelni-elektryczna-skoda-enyaq-iv-nowym-wiodacym-samochodem-tour-de-france\/","title":{"rendered":"W pe\u0142ni elektryczna \u0160koda ENYAQ iV nowym wiod\u0105cym samochodem Tour de France"},"content":{"rendered":"<p><strong>Flagowa, ca\u0142kowicie elektryczna i zupe\u0142nie nowa \u0160koda ENYAQ iV wczoraj zosta\u0142a oficjalnie przedstawiona \u015bwiatu. Bior\u0105c pod uwag\u0119 czeskie dziedzictwo producenta samochod\u00f3w, debiut ENYAQ iV nie m\u00f3g\u0142 odby\u0107 si\u0119 nigdzie indziej, jak w stolicy Czech, Pradze. ENYAQ iV uka\u017ce si\u0119 oczom tysi\u0119cy widz\u00f3w ju\u017c dzi\u015b, podczas inauguracji 5. etapu Tour de France 2020. Wyst\u0105pi w presti\u017cowej roli centrum kontroli ca\u0142ego Tour dowodzonego przez Dyrektora wy\u015bcigu.<\/strong><\/p>\n<p>Historia \u0160KODY jest spleciona z kolarstwem od samego pocz\u0105tku, od kiedy jej dwaj za\u0142o\u017cyciele, Laurin i Klement, zbudowali pierwszy rower w ma\u0142ym warsztacie w grudniu 1895 r. Nic dziwnego, \u017ce jedno\u015blady s\u0105 stale mocno obecne w dzia\u0142alno\u015bci marki. \u0160koda ostatecznie sta\u0142a si\u0119 oficjalnym sponsorem g\u0142\u00f3wnych imprez kolarskich na ca\u0142ym \u015bwiecie, w tym Tour de France w 2004 r., a nast\u0119pnie Green Jersey Tour w 2015 r. Jest wi\u0119c naturalne, \u017ce pierwsz\u0105 wi\u0119ksz\u0105 publiczno\u015bci\u0105 ogl\u0105daj\u0105c\u0105 ENYAQ iV w akcji b\u0119d\u0105 fani Tour de France.<\/p>\n<div class=\"embed-controller-wrapper\">\n<div class=\"embed-wrapper\"><iframe title=\"Inside-Out Look into \u0160KODA&#039;s Fully Electric ENYAQ iV: The Future Leading Car of the Tour de France\" width=\"500\" height=\"281\" data-src=\"https:\/\/www.youtube.com\/embed\/df5r5JRENOM?feature=oembed\" frameborder=\"0\" allow=\"accelerometer; autoplay; clipboard-write; encrypted-media; gyroscope; picture-in-picture; web-share\" referrerpolicy=\"strict-origin-when-cross-origin\" allowfullscreen><\/iframe><\/div>\n<\/div>\n<p>Wiod\u0105cy samoch\u00f3d numer 1, kt\u00f3ry zawsze znajduje si\u0119 na starcie ka\u017cdego etapu i na pocz\u0105tku peletonu, jest charakterystycznym wizualnym symbolem najwi\u0119kszego wy\u015bcigu kolarstwa szosowego wszech czas\u00f3w. Pokryty jest przyci\u0105gaj\u0105cym wzrok jaskrawoczerwony lakierem, ma charakterystyczny \u017c\u00f3\u0142ty daszek nad przedni\u0105 szyb\u0105 oraz niestandardowe naklejki Le Tour i \u0160koda. Zasiada w nim nie kto inny jak Dyrektor TdF i A.S.O., Christian Prudhomme. \u201e\u0160koda jest istotnym partnerem Tour de France i wy\u015bcig\u00f3w, kt\u00f3re organizujemy. Podczas TdF czerwona \u0160koda z numerem 1 jest nie tylko samochodem. To r\u00f3wnie\u017c wie\u017ca kontrolna, biuro oraz cenny i zaufany przyjaciel. Cieszymy si\u0119, \u017ce mo\u017cemy rozszerzy\u0107 t\u0119 wsp\u00f3\u0142prac\u0119 o wydajnego, niezawodnego i dynamicznego partnera\u201d \u2013 tak wypowiada\u0142 si\u0119 Prudhomme o roli wiod\u0105cego samochodu. \u0160koda by\u0142a pojazdem wybieranym przez Dyrektora Tour de France przez wiele kolejnych lat, ale w tym roku po raz pierwszy zawsze dot\u0105d obecny SUPERB zosta\u0142 zast\u0105piony przez zupe\u0142nie nowy model ENYAQ iV. Na tegorocznym Tour de France pojawi\u0105 si\u0119 trzy modele ENYAQ iV \u2013 jeden jako samoch\u00f3d Dyrektora wy\u015bcigu i dwa inne, r\u00f3wnie\u017c w tym samym odcieniu czerwieni, z s\u0119dziami wy\u015bcigowymi Prudhomme\u2019a na pok\u0142adzie.<\/p>\n<p><img loading=\"lazy\" decoding=\"async\" class=\"alignnone size-full wp-image-179224 loading\" src=\"https:\/\/d2p6e6u75xmxt8.cloudfront.net\/2\/2020\/09\/Enyaq-tdf-4-1.jpg\" sizes=\"auto, (max-width: 1458px) 100vw, 1458px\" srcset=\"https:\/\/d2p6e6u75xmxt8.cloudfront.net\/2\/2020\/09\/Enyaq-tdf-4-1.jpg 1458w, https:\/\/d2p6e6u75xmxt8.cloudfront.net\/2\/2020\/09\/Enyaq-tdf-4-1-300x169.jpg 300w, https:\/\/d2p6e6u75xmxt8.cloudfront.net\/2\/2020\/09\/Enyaq-tdf-4-1-1024x576.jpg 1024w, https:\/\/d2p6e6u75xmxt8.cloudfront.net\/2\/2020\/09\/Enyaq-tdf-4-1-768x432.jpg 768w\" alt=\"\" width=\"1458\" height=\"820\" data-was-processed=\"true\" \/><\/p>\n<div id=\"gallery-5\" class=\"gallery galleryid-179191 gallery-columns-3 gallery-size-large\">\n<figure class=\"gallery-item\">\n<div class=\"gallery-icon landscape\"><a class=\"colorbox-initialized cboxElement\" href=\"https:\/\/d2p6e6u75xmxt8.cloudfront.net\/2\/2020\/09\/Enyaq-tdf-1.jpg\"><img loading=\"lazy\" decoding=\"async\" class=\"attachment-large size-large istretcher-finished loading\" src=\"https:\/\/d2p6e6u75xmxt8.cloudfront.net\/2\/2020\/09\/Enyaq-tdf-1-1024x576.jpg\" sizes=\"auto, (max-width: 1024px) 100vw, 1024px\" srcset=\"https:\/\/d2p6e6u75xmxt8.cloudfront.net\/2\/2020\/09\/Enyaq-tdf-1-1024x576.jpg 1024w, https:\/\/d2p6e6u75xmxt8.cloudfront.net\/2\/2020\/09\/Enyaq-tdf-1-300x169.jpg 300w, https:\/\/d2p6e6u75xmxt8.cloudfront.net\/2\/2020\/09\/Enyaq-tdf-1-768x432.jpg 768w, https:\/\/d2p6e6u75xmxt8.cloudfront.net\/2\/2020\/09\/Enyaq-tdf-1.jpg 1458w\" alt=\"\" width=\"1024\" height=\"576\" data-was-processed=\"true\" \/><\/a><\/div>\n<\/figure>\n<figure class=\"gallery-item\">\n<div class=\"gallery-icon landscape\"><a class=\"colorbox-initialized cboxElement\" href=\"https:\/\/d2p6e6u75xmxt8.cloudfront.net\/2\/2020\/09\/Enyaq-tdf-5.jpg\"><img loading=\"lazy\" decoding=\"async\" class=\"attachment-large size-large istretcher-finished loading\" src=\"https:\/\/d2p6e6u75xmxt8.cloudfront.net\/2\/2020\/09\/Enyaq-tdf-5-1024x576.jpg\" sizes=\"auto, (max-width: 1024px) 100vw, 1024px\" srcset=\"https:\/\/d2p6e6u75xmxt8.cloudfront.net\/2\/2020\/09\/Enyaq-tdf-5-1024x576.jpg 1024w, https:\/\/d2p6e6u75xmxt8.cloudfront.net\/2\/2020\/09\/Enyaq-tdf-5-300x169.jpg 300w, https:\/\/d2p6e6u75xmxt8.cloudfront.net\/2\/2020\/09\/Enyaq-tdf-5-768x432.jpg 768w, https:\/\/d2p6e6u75xmxt8.cloudfront.net\/2\/2020\/09\/Enyaq-tdf-5.jpg 1458w\" alt=\"\" width=\"1024\" height=\"576\" data-was-processed=\"true\" \/><\/a><\/div>\n<\/figure>\n<figure class=\"gallery-item\">\n<div class=\"gallery-icon landscape\"><a class=\"colorbox-initialized cboxElement\" href=\"https:\/\/d2p6e6u75xmxt8.cloudfront.net\/2\/2020\/09\/Enyaq-tdf-3.jpg\"><img loading=\"lazy\" decoding=\"async\" class=\"attachment-large size-large istretcher-finished loading\" src=\"https:\/\/d2p6e6u75xmxt8.cloudfront.net\/2\/2020\/09\/Enyaq-tdf-3-1024x576.jpg\" sizes=\"auto, (max-width: 1024px) 100vw, 1024px\" srcset=\"https:\/\/d2p6e6u75xmxt8.cloudfront.net\/2\/2020\/09\/Enyaq-tdf-3-1024x576.jpg 1024w, https:\/\/d2p6e6u75xmxt8.cloudfront.net\/2\/2020\/09\/Enyaq-tdf-3-300x169.jpg 300w, https:\/\/d2p6e6u75xmxt8.cloudfront.net\/2\/2020\/09\/Enyaq-tdf-3-768x432.jpg 768w, https:\/\/d2p6e6u75xmxt8.cloudfront.net\/2\/2020\/09\/Enyaq-tdf-3.jpg 1458w\" alt=\"\" width=\"1024\" height=\"576\" data-was-processed=\"true\" \/><\/a><\/div>\n<\/figure>\n<\/div>\n<p>Podobnie jak jego poprzednicy, wiod\u0105cy samoch\u00f3d ENYAQ iV zosta\u0142 specjalnie przygotowany na t\u0119 wyj\u0105tkow\u0105 okazj\u0119. Ma du\u017cy panoramiczny szklany dach, z kt\u00f3rego Prudhomme obserwuje wy\u015bcig i macha flag\u0105 startow\u0105 na \u201ekilometrze zero\u201d. Ma sze\u015b\u0107 anten, specjalne klaksony, lod\u00f3wk\u0119 i najnowocze\u015bniejsze centrum komunikacji i dowodzenia z dwukierunkow\u0105 stacj\u0105 radiow\u0105 z ty\u0142u. To w\u0142a\u015bnie w takich warunkach Dyrektor otrzymuje informacje i wydaje polecenia s\u0119dziom wy\u015bcigu. Wszystkie samochody pomocnicze, zawodnicy, a nawet fani polegaj\u0105 na samochodzie prowadz\u0105cym, bo dzi\u0119ki niemu spektakl Tour przebiega bezpiecznie, p\u0142ynnie i gwarantuje sprawiedliwe wyniki. G\u0142\u00f3wna r\u00f3\u017cnica polega na tym, \u017ce model ENYAQ iV wykorzystuje modu\u0142owy zestaw narz\u0119dzi do elektryfikacji (MEB). Czyni go to drugim w pe\u0142ni zelektryfikowanym pojazdem \u0160KODY w linii hybryd plug-in.<\/p>\n<p>ENYAQ iV b\u0119dzie dost\u0119pny w kilku r\u00f3\u017cnych wersjach z pakietem akumulator\u00f3w o mocy od 55 kWh do 82 kWh. Jedno \u0142adowanie pozwoli Ci przejecha\u0107 nawet 500 km. Najlepsze modele b\u0119d\u0105 wyposa\u017cone m.in. w najnowocze\u015bniejsze komponenty i akcesoria, w tym 20-calowe felgi aluminiowe, 13-calowy wy\u015bwietlacz na desce rozdzielczej oraz tylne czujniki parkowania. Nie zabraknie r\u00f3wnie\u017c czujnik\u00f3w \u015bwiat\u0142a i deszczu, wbudowanego programu masa\u017cu w fotelu kierowcy, systemu otwierania pojazdu bez kluczyka (KESSY) oraz budki telefonicznej z \u0142adowaniem indukcyjnym. Model all-inclusive peak b\u0119dzie r\u00f3wnie\u017c wyposa\u017cony w funkcj\u0119 ostrzegania kierowcy z wykrywaniem zm\u0119czenia i elektrycznie sterowan\u0105 pokryw\u0105 baga\u017cnika.<\/p>\n<div id=\"gallery-6\" class=\"gallery galleryid-179191 gallery-columns-3 gallery-size-large\">\n<figure class=\"gallery-item\">\n<div class=\"gallery-icon landscape\"><a class=\"colorbox-initialized cboxElement\" href=\"https:\/\/d2p6e6u75xmxt8.cloudfront.net\/2\/2020\/09\/Enyaq-tdf-7.jpg\"><img loading=\"lazy\" decoding=\"async\" class=\"attachment-large size-large istretcher-finished loading\" src=\"https:\/\/d2p6e6u75xmxt8.cloudfront.net\/2\/2020\/09\/Enyaq-tdf-7-1024x576.jpg\" sizes=\"auto, (max-width: 1024px) 100vw, 1024px\" srcset=\"https:\/\/d2p6e6u75xmxt8.cloudfront.net\/2\/2020\/09\/Enyaq-tdf-7-1024x576.jpg 1024w, https:\/\/d2p6e6u75xmxt8.cloudfront.net\/2\/2020\/09\/Enyaq-tdf-7-300x169.jpg 300w, https:\/\/d2p6e6u75xmxt8.cloudfront.net\/2\/2020\/09\/Enyaq-tdf-7-768x432.jpg 768w, https:\/\/d2p6e6u75xmxt8.cloudfront.net\/2\/2020\/09\/Enyaq-tdf-7.jpg 1458w\" alt=\"\" width=\"1024\" height=\"576\" data-was-processed=\"true\" \/><\/a><\/div>\n<\/figure>\n<figure class=\"gallery-item\">\n<div class=\"gallery-icon landscape\"><a class=\"colorbox-initialized cboxElement\" href=\"https:\/\/d2p6e6u75xmxt8.cloudfront.net\/2\/2020\/09\/Enyaq-tdf-8.jpg\"><img loading=\"lazy\" decoding=\"async\" class=\"attachment-large size-large istretcher-finished loading\" src=\"https:\/\/d2p6e6u75xmxt8.cloudfront.net\/2\/2020\/09\/Enyaq-tdf-8-1024x576.jpg\" sizes=\"auto, (max-width: 1024px) 100vw, 1024px\" srcset=\"https:\/\/d2p6e6u75xmxt8.cloudfront.net\/2\/2020\/09\/Enyaq-tdf-8-1024x576.jpg 1024w, https:\/\/d2p6e6u75xmxt8.cloudfront.net\/2\/2020\/09\/Enyaq-tdf-8-300x169.jpg 300w, https:\/\/d2p6e6u75xmxt8.cloudfront.net\/2\/2020\/09\/Enyaq-tdf-8-768x432.jpg 768w, https:\/\/d2p6e6u75xmxt8.cloudfront.net\/2\/2020\/09\/Enyaq-tdf-8.jpg 1458w\" alt=\"\" width=\"1024\" height=\"576\" data-was-processed=\"true\" \/><\/a><\/div>\n<\/figure>\n<figure class=\"gallery-item\">\n<div class=\"gallery-icon landscape\"><a class=\"colorbox-initialized cboxElement\" href=\"https:\/\/d2p6e6u75xmxt8.cloudfront.net\/2\/2020\/09\/Enyaq-tdf-6.jpg\"><img loading=\"lazy\" decoding=\"async\" class=\"attachment-large size-large istretcher-finished loading\" src=\"https:\/\/d2p6e6u75xmxt8.cloudfront.net\/2\/2020\/09\/Enyaq-tdf-6-1024x576.jpg\" sizes=\"auto, (max-width: 1024px) 100vw, 1024px\" srcset=\"https:\/\/d2p6e6u75xmxt8.cloudfront.net\/2\/2020\/09\/Enyaq-tdf-6-1024x576.jpg 1024w, https:\/\/d2p6e6u75xmxt8.cloudfront.net\/2\/2020\/09\/Enyaq-tdf-6-300x169.jpg 300w, https:\/\/d2p6e6u75xmxt8.cloudfront.net\/2\/2020\/09\/Enyaq-tdf-6-768x432.jpg 768w, https:\/\/d2p6e6u75xmxt8.cloudfront.net\/2\/2020\/09\/Enyaq-tdf-6.jpg 1458w\" alt=\"\" width=\"1024\" height=\"576\" data-was-processed=\"true\" \/><\/a><\/div>\n<\/figure>\n<\/div>\n<p>ENYAQ iV b\u0119dzie towarzyszy\u0142 Prudhomme\u2019owi na dzisiejszym 183-kilometrowym etapie Tour z Gap do Privas, a tak\u017ce podczas dw\u00f3ch innych okazji \u2013 jazdy indywidualnej na czas z Lure do La Planche des Belles oraz podczas ko\u0144cowego etapu 122-kilometrowego, w tym finiszu na Champs-\u00c9lys\u00e9es. Samoch\u00f3d prowadz\u0105cy jest jedynym pojazdem, kt\u00f3ry mo\u017ce przekroczy\u0107 lini\u0119 mety obok rowerzyst\u00f3w.<\/p>\n<p>ENYAQ iV jest cz\u0119\u015bci\u0105 floty sk\u0142adaj\u0105cej si\u0119 z maksymalnie 250 pojazd\u00f3w, kt\u00f3re \u0160koda dostarcza kierownictwu wy\u015bcigu ju\u017c od 17 lat dzia\u0142alno\u015bci jako oficjalny g\u0142\u00f3wny partner Tour de France. \u0141\u0105cznie 30 pojazd\u00f3w z floty to modele \u0160koda iV z nap\u0119dem hybrydowym plug-in lub w pe\u0142ni elektrycznym, poniewa\u017c \u0160koda k\u0142adzie nacisk na kwestie zr\u00f3wnowa\u017conego rozwoju i mobilno\u015bci elektrycznej. Jazda na rowerze podczas Tour de France to w\u0142a\u015bnie zr\u00f3wnowa\u017cona i indywidualna mobilno\u015b\u0107. Wy\u015bcig stanowi idealn\u0105 okazj\u0119 do prezentacji pojazd\u00f3w \u0160KODY i premiery zupe\u0142nie nowego ENYAQ iV przed mi\u0119dzynarodow\u0105 publiczno\u015bci\u0105.<\/p>\n","protected":false},"excerpt":{"rendered":"<p>Flagowa, ca\u0142kowicie elektryczna i zupe\u0142nie nowa \u0160koda ENYAQ iV wczoraj zosta\u0142a oficjalnie przedstawiona \u015bwiatu. Bior\u0105c pod uwag\u0119 czeskie dziedzictwo producenta [&hellip;]<\/p>\n","protected":false},"author":125,"featured_media":11083,"comment_status":"open","ping_status":"open","sticky":false,"template":"","format":"standard","meta":{"footnotes":""},"categories":[335],"tags":[77,334],"global-categories":[303],"class_list":["post-11070","post","type-post","status-publish","format-standard","has-post-thumbnail","hentry","category-2020-tour-de-france","tag-tour-de-france","tag-tour-de-france-2020","global-categories-cycling"],"yoast_head":"<!-- This site is optimized with the Yoast SEO Premium plugin v25.3 (Yoast SEO v25.9) - https:\/\/yoast.com\/wordpress\/plugins\/seo\/ -->\n<title>W pe\u0142ni elektryczna \u0160koda ENYAQ iV nowym wiod\u0105cym samochodem Tour de France - \u0160koda We Love Cycling - Poland<\/title>\n<meta name=\"robots\" content=\"index, follow, max-snippet:-1, max-image-preview:large, max-video-preview:-1\" \/>\n<link rel=\"canonical\" href=\"https:\/\/www.welovecycling.com\/pl\/2020\/09\/03\/w-pelni-elektryczna-skoda-enyaq-iv-nowym-wiodacym-samochodem-tour-de-france\/\" \/>\n<meta property=\"og:locale\" content=\"pl_PL\" \/>\n<meta property=\"og:type\" content=\"article\" \/>\n<meta property=\"og:title\" content=\"W pe\u0142ni elektryczna \u0160koda ENYAQ iV nowym wiod\u0105cym samochodem Tour de France\" \/>\n<meta property=\"og:description\" content=\"Flagowa, ca\u0142kowicie elektryczna i zupe\u0142nie nowa \u0160koda ENYAQ iV wczoraj zosta\u0142a oficjalnie przedstawiona \u015bwiatu. Bior\u0105c pod uwag\u0119 czeskie dziedzictwo producenta [&hellip;]\" \/>\n<meta property=\"og:url\" content=\"https:\/\/www.welovecycling.com\/pl\/2020\/09\/03\/w-pelni-elektryczna-skoda-enyaq-iv-nowym-wiodacym-samochodem-tour-de-france\/\" \/>\n<meta property=\"og:site_name\" content=\"\u0160koda We Love Cycling - Poland\" \/>\n<meta property=\"article:published_time\" content=\"2020-09-03T10:24:12+00:00\" \/>\n<meta property=\"article:modified_time\" content=\"2020-09-10T07:38:12+00:00\" \/>\n<meta property=\"og:image\" content=\"https:\/\/d2p6e6u75xmxt8.cloudfront.net\/5\/2020\/09\/SKODA-ENYAQ-iV-CVR-1024x450-1.jpg\" \/>\n\t<meta property=\"og:image:width\" content=\"1024\" \/>\n\t<meta property=\"og:image:height\" content=\"450\" \/>\n\t<meta property=\"og:image:type\" content=\"image\/jpeg\" \/>\n<meta name=\"author\" content=\"oktawiamikulska\" \/>\n<meta name=\"twitter:card\" content=\"summary_large_image\" \/>\n<meta name=\"twitter:label1\" content=\"Written by\" \/>\n\t<meta name=\"twitter:data1\" content=\"oktawiamikulska\" \/>\n\t<meta name=\"twitter:label2\" content=\"Est. reading time\" \/>\n\t<meta name=\"twitter:data2\" content=\"4 minutes\" \/>\n<script type=\"application\/ld+json\" class=\"yoast-schema-graph\">{\"@context\":\"https:\/\/schema.org\",\"@graph\":[{\"@type\":\"WebPage\",\"@id\":\"https:\/\/www.welovecycling.com\/pl\/2020\/09\/03\/w-pelni-elektryczna-skoda-enyaq-iv-nowym-wiodacym-samochodem-tour-de-france\/\",\"url\":\"https:\/\/www.welovecycling.com\/pl\/2020\/09\/03\/w-pelni-elektryczna-skoda-enyaq-iv-nowym-wiodacym-samochodem-tour-de-france\/\",\"name\":\"W pe\u0142ni elektryczna \u0160koda ENYAQ iV nowym wiod\u0105cym samochodem Tour de France - \u0160koda We Love Cycling - Poland\",\"isPartOf\":{\"@id\":\"https:\/\/www.welovecycling.com\/pl\/#website\"},\"primaryImageOfPage\":{\"@id\":\"https:\/\/www.welovecycling.com\/pl\/2020\/09\/03\/w-pelni-elektryczna-skoda-enyaq-iv-nowym-wiodacym-samochodem-tour-de-france\/#primaryimage\"},\"image\":{\"@id\":\"https:\/\/www.welovecycling.com\/pl\/2020\/09\/03\/w-pelni-elektryczna-skoda-enyaq-iv-nowym-wiodacym-samochodem-tour-de-france\/#primaryimage\"},\"thumbnailUrl\":\"https:\/\/d2p6e6u75xmxt8.cloudfront.net\/5\/2020\/09\/SKODA-ENYAQ-iV-CVR-1024x450-1.jpg\",\"datePublished\":\"2020-09-03T10:24:12+00:00\",\"dateModified\":\"2020-09-10T07:38:12+00:00\",\"author\":{\"@id\":\"https:\/\/www.welovecycling.com\/pl\/#\/schema\/person\/4a79bac7bd265aa6a35a1079d36648be\"},\"breadcrumb\":{\"@id\":\"https:\/\/www.welovecycling.com\/pl\/2020\/09\/03\/w-pelni-elektryczna-skoda-enyaq-iv-nowym-wiodacym-samochodem-tour-de-france\/#breadcrumb\"},\"inLanguage\":\"pl-PL\",\"potentialAction\":[{\"@type\":\"ReadAction\",\"target\":[\"https:\/\/www.welovecycling.com\/pl\/2020\/09\/03\/w-pelni-elektryczna-skoda-enyaq-iv-nowym-wiodacym-samochodem-tour-de-france\/\"]}]},{\"@type\":\"ImageObject\",\"inLanguage\":\"pl-PL\",\"@id\":\"https:\/\/www.welovecycling.com\/pl\/2020\/09\/03\/w-pelni-elektryczna-skoda-enyaq-iv-nowym-wiodacym-samochodem-tour-de-france\/#primaryimage\",\"url\":\"https:\/\/d2p6e6u75xmxt8.cloudfront.net\/5\/2020\/09\/SKODA-ENYAQ-iV-CVR-1024x450-1.jpg\",\"contentUrl\":\"https:\/\/d2p6e6u75xmxt8.cloudfront.net\/5\/2020\/09\/SKODA-ENYAQ-iV-CVR-1024x450-1.jpg\",\"width\":1024,\"height\":450},{\"@type\":\"BreadcrumbList\",\"@id\":\"https:\/\/www.welovecycling.com\/pl\/2020\/09\/03\/w-pelni-elektryczna-skoda-enyaq-iv-nowym-wiodacym-samochodem-tour-de-france\/#breadcrumb\",\"itemListElement\":[{\"@type\":\"ListItem\",\"position\":1,\"name\":\"Home\",\"item\":\"https:\/\/www.welovecycling.com\/pl\/\"},{\"@type\":\"ListItem\",\"position\":2,\"name\":\"W pe\u0142ni elektryczna \u0160koda ENYAQ iV nowym wiod\u0105cym samochodem Tour de France\"}]},{\"@type\":\"WebSite\",\"@id\":\"https:\/\/www.welovecycling.com\/pl\/#website\",\"url\":\"https:\/\/www.welovecycling.com\/pl\/\",\"name\":\"\u0160koda We Love Cycling - Poland\",\"description\":\"\",\"potentialAction\":[{\"@type\":\"SearchAction\",\"target\":{\"@type\":\"EntryPoint\",\"urlTemplate\":\"https:\/\/www.welovecycling.com\/pl\/?s={search_term_string}\"},\"query-input\":{\"@type\":\"PropertyValueSpecification\",\"valueRequired\":true,\"valueName\":\"search_term_string\"}}],\"inLanguage\":\"pl-PL\"},{\"@type\":\"Person\",\"@id\":\"https:\/\/www.welovecycling.com\/pl\/#\/schema\/person\/4a79bac7bd265aa6a35a1079d36648be\",\"name\":\"oktawiamikulska\",\"image\":{\"@type\":\"ImageObject\",\"inLanguage\":\"pl-PL\",\"@id\":\"https:\/\/www.welovecycling.com\/pl\/#\/schema\/person\/image\/\",\"url\":\"https:\/\/secure.gravatar.com\/avatar\/b97a3f44e2de6d2f8dd358975937e49823662e12cbd810b9d1a2bff1c149e8a7?s=96&d=mm&r=g\",\"contentUrl\":\"https:\/\/secure.gravatar.com\/avatar\/b97a3f44e2de6d2f8dd358975937e49823662e12cbd810b9d1a2bff1c149e8a7?s=96&d=mm&r=g\",\"caption\":\"oktawiamikulska\"},\"url\":\"https:\/\/www.welovecycling.com\/pl\/author\/oktawiamikulska\/\"}]}<\/script>\n<!-- \/ Yoast SEO Premium plugin. -->","yoast_head_json":{"title":"W pe\u0142ni elektryczna \u0160koda ENYAQ iV nowym wiod\u0105cym samochodem Tour de France - \u0160koda We Love Cycling - Poland","robots":{"index":"index","follow":"follow","max-snippet":"max-snippet:-1","max-image-preview":"max-image-preview:large","max-video-preview":"max-video-preview:-1"},"canonical":"https:\/\/www.welovecycling.com\/pl\/2020\/09\/03\/w-pelni-elektryczna-skoda-enyaq-iv-nowym-wiodacym-samochodem-tour-de-france\/","og_locale":"pl_PL","og_type":"article","og_title":"W pe\u0142ni elektryczna \u0160koda ENYAQ iV nowym wiod\u0105cym samochodem Tour de France","og_description":"Flagowa, ca\u0142kowicie elektryczna i zupe\u0142nie nowa \u0160koda ENYAQ iV wczoraj zosta\u0142a oficjalnie przedstawiona \u015bwiatu. Bior\u0105c pod uwag\u0119 czeskie dziedzictwo producenta [&hellip;]","og_url":"https:\/\/www.welovecycling.com\/pl\/2020\/09\/03\/w-pelni-elektryczna-skoda-enyaq-iv-nowym-wiodacym-samochodem-tour-de-france\/","og_site_name":"\u0160koda We Love Cycling - Poland","article_published_time":"2020-09-03T10:24:12+00:00","article_modified_time":"2020-09-10T07:38:12+00:00","og_image":[{"width":1024,"height":450,"url":"https:\/\/d2p6e6u75xmxt8.cloudfront.net\/5\/2020\/09\/SKODA-ENYAQ-iV-CVR-1024x450-1.jpg","type":"image\/jpeg"}],"author":"oktawiamikulska","twitter_card":"summary_large_image","twitter_misc":{"Written by":"oktawiamikulska","Est. reading time":"4 minutes"},"schema":{"@context":"https:\/\/schema.org","@graph":[{"@type":"WebPage","@id":"https:\/\/www.welovecycling.com\/pl\/2020\/09\/03\/w-pelni-elektryczna-skoda-enyaq-iv-nowym-wiodacym-samochodem-tour-de-france\/","url":"https:\/\/www.welovecycling.com\/pl\/2020\/09\/03\/w-pelni-elektryczna-skoda-enyaq-iv-nowym-wiodacym-samochodem-tour-de-france\/","name":"W pe\u0142ni elektryczna \u0160koda ENYAQ iV nowym wiod\u0105cym samochodem Tour de France - \u0160koda We Love Cycling - Poland","isPartOf":{"@id":"https:\/\/www.welovecycling.com\/pl\/#website"},"primaryImageOfPage":{"@id":"https:\/\/www.welovecycling.com\/pl\/2020\/09\/03\/w-pelni-elektryczna-skoda-enyaq-iv-nowym-wiodacym-samochodem-tour-de-france\/#primaryimage"},"image":{"@id":"https:\/\/www.welovecycling.com\/pl\/2020\/09\/03\/w-pelni-elektryczna-skoda-enyaq-iv-nowym-wiodacym-samochodem-tour-de-france\/#primaryimage"},"thumbnailUrl":"https:\/\/d2p6e6u75xmxt8.cloudfront.net\/5\/2020\/09\/SKODA-ENYAQ-iV-CVR-1024x450-1.jpg","datePublished":"2020-09-03T10:24:12+00:00","dateModified":"2020-09-10T07:38:12+00:00","author":{"@id":"https:\/\/www.welovecycling.com\/pl\/#\/schema\/person\/4a79bac7bd265aa6a35a1079d36648be"},"breadcrumb":{"@id":"https:\/\/www.welovecycling.com\/pl\/2020\/09\/03\/w-pelni-elektryczna-skoda-enyaq-iv-nowym-wiodacym-samochodem-tour-de-france\/#breadcrumb"},"inLanguage":"pl-PL","potentialAction":[{"@type":"ReadAction","target":["https:\/\/www.welovecycling.com\/pl\/2020\/09\/03\/w-pelni-elektryczna-skoda-enyaq-iv-nowym-wiodacym-samochodem-tour-de-france\/"]}]},{"@type":"ImageObject","inLanguage":"pl-PL","@id":"https:\/\/www.welovecycling.com\/pl\/2020\/09\/03\/w-pelni-elektryczna-skoda-enyaq-iv-nowym-wiodacym-samochodem-tour-de-france\/#primaryimage","url":"https:\/\/d2p6e6u75xmxt8.cloudfront.net\/5\/2020\/09\/SKODA-ENYAQ-iV-CVR-1024x450-1.jpg","contentUrl":"https:\/\/d2p6e6u75xmxt8.cloudfront.net\/5\/2020\/09\/SKODA-ENYAQ-iV-CVR-1024x450-1.jpg","width":1024,"height":450},{"@type":"BreadcrumbList","@id":"https:\/\/www.welovecycling.com\/pl\/2020\/09\/03\/w-pelni-elektryczna-skoda-enyaq-iv-nowym-wiodacym-samochodem-tour-de-france\/#breadcrumb","itemListElement":[{"@type":"ListItem","position":1,"name":"Home","item":"https:\/\/www.welovecycling.com\/pl\/"},{"@type":"ListItem","position":2,"name":"W pe\u0142ni elektryczna \u0160koda ENYAQ iV nowym wiod\u0105cym samochodem Tour de France"}]},{"@type":"WebSite","@id":"https:\/\/www.welovecycling.com\/pl\/#website","url":"https:\/\/www.welovecycling.com\/pl\/","name":"\u0160koda We Love Cycling - Poland","description":"","potentialAction":[{"@type":"SearchAction","target":{"@type":"EntryPoint","urlTemplate":"https:\/\/www.welovecycling.com\/pl\/?s={search_term_string}"},"query-input":{"@type":"PropertyValueSpecification","valueRequired":true,"valueName":"search_term_string"}}],"inLanguage":"pl-PL"},{"@type":"Person","@id":"https:\/\/www.welovecycling.com\/pl\/#\/schema\/person\/4a79bac7bd265aa6a35a1079d36648be","name":"oktawiamikulska","image":{"@type":"ImageObject","inLanguage":"pl-PL","@id":"https:\/\/www.welovecycling.com\/pl\/#\/schema\/person\/image\/","url":"https:\/\/secure.gravatar.com\/avatar\/b97a3f44e2de6d2f8dd358975937e49823662e12cbd810b9d1a2bff1c149e8a7?s=96&d=mm&r=g","contentUrl":"https:\/\/secure.gravatar.com\/avatar\/b97a3f44e2de6d2f8dd358975937e49823662e12cbd810b9d1a2bff1c149e8a7?s=96&d=mm&r=g","caption":"oktawiamikulska"},"url":"https:\/\/www.welovecycling.com\/pl\/author\/oktawiamikulska\/"}]}},"_links":{"self":[{"href":"https:\/\/www.welovecycling.com\/pl\/wp-json\/wp\/v2\/posts\/11070","targetHints":{"allow":["GET"]}}],"collection":[{"href":"https:\/\/www.welovecycling.com\/pl\/wp-json\/wp\/v2\/posts"}],"about":[{"href":"https:\/\/www.welovecycling.com\/pl\/wp-json\/wp\/v2\/types\/post"}],"author":[{"embeddable":true,"href":"https:\/\/www.welovecycling.com\/pl\/wp-json\/wp\/v2\/users\/125"}],"replies":[{"embeddable":true,"href":"https:\/\/www.welovecycling.com\/pl\/wp-json\/wp\/v2\/comments?post=11070"}],"version-history":[{"count":2,"href":"https:\/\/www.welovecycling.com\/pl\/wp-json\/wp\/v2\/posts\/11070\/revisions"}],"predecessor-version":[{"id":11082,"href":"https:\/\/www.welovecycling.com\/pl\/wp-json\/wp\/v2\/posts\/11070\/revisions\/11082"}],"wp:featuredmedia":[{"embeddable":true,"href":"https:\/\/www.welovecycling.com\/pl\/wp-json\/wp\/v2\/media\/11083"}],"wp:attachment":[{"href":"https:\/\/www.welovecycling.com\/pl\/wp-json\/wp\/v2\/media?parent=11070"}],"wp:term":[{"taxonomy":"category","embeddable":true,"href":"https:\/\/www.welovecycling.com\/pl\/wp-json\/wp\/v2\/categories?post=11070"},{"taxonomy":"post_tag","embeddable":true,"href":"https:\/\/www.welovecycling.com\/pl\/wp-json\/wp\/v2\/tags?post=11070"},{"taxonomy":"global-categories","embeddable":true,"href":"https:\/\/www.welovecycling.com\/pl\/wp-json\/wp\/v2\/global-categories?post=11070"}],"curies":[{"name":"wp","href":"https:\/\/api.w.org\/{rel}","templated":true}]}}