{"id":11061,"date":"2020-09-02T12:49:41","date_gmt":"2020-09-02T12:49:41","guid":{"rendered":"https:\/\/www.welovecycling.com\/pl\/?p=11061"},"modified":"2020-09-03T05:41:12","modified_gmt":"2020-09-03T05:41:12","slug":"poczuj-sie-jak-vip-na-tdf-2020-i-wygraj-przelot-helikopterem-nad-peletonem-oraz-inne-wspaniale-nagrody","status":"publish","type":"post","link":"https:\/\/www.welovecycling.com\/pl\/2020\/09\/02\/poczuj-sie-jak-vip-na-tdf-2020-i-wygraj-przelot-helikopterem-nad-peletonem-oraz-inne-wspaniale-nagrody\/","title":{"rendered":"Poczuj si\u0119 jak VIP na TdF 2020 i wygraj przelot helikopterem nad peletonem oraz inne wspania\u0142e nagrody"},"content":{"rendered":"<p><strong>We\u017a udzia\u0142 w naszym konkursie i zosta\u0144 jednym ze zwyci\u0119zc\u00f3w \u0160koda VIP Program Go\u015bcinno\u015bci Tour de France! Je\u015bli wygrasz, czeka Ci\u0119 niezapomniana trzydniowa wycieczka all inclusive do Francji. Podczas pobytu w ojczy\u017anie TdF b\u0119dziesz obserwowa\u0142 wy\u015bcig z kilku wyj\u0105tkowych punkt\u00f3w. Po pierwsze ze \u0160KODY SUPERB jad\u0105cej w\u015br\u00f3d peletonu i prowadzonej przez by\u0142ego kolarza. Po drugie z pobocza podczas przydro\u017cnego grillowania. Po trzecie z tarasu Twojego luksusowego hotelu i wreszcie\u2026 z prywatnego helikoptera! Przyjrzyjmy si\u0119 szczeg\u00f3\u0142owo wszystkim tym niesamowitym rzeczom, kt\u00f3re czekaj\u0105 na Ciebie, je\u015bli wygrasz <a href=\"https:\/\/www.welovecycling.com\/pl\/tour-de-france-2020?utm_source=mewsletter&amp;utm_medium=email&amp;utm_campaign=tdf2020#contest\">pierwsz\u0105 rund\u0119 naszego konkursu<\/a>.\u00a0<\/strong><\/p>\n<p>Ka\u017cdego roku na stronie <a href=\"https:\/\/www.welovecycling.com\/pl\/tour-de-france-2020\/\">WeLoveCycling<\/a> odbywa si\u0119 konkurs, kt\u00f3ry sk\u0142ada si\u0119 z trzech rund pyta\u0144 dotycz\u0105cych wy\u015bcig\u00f3w TdF. Odpowiedz na nie prawid\u0142owo w wyznaczonym terminie, a potem trzymaj kciuki za pomy\u015blne losowanie. Mo\u017cesz by\u0107 tym, kt\u00f3ry prze\u017cyje przygod\u0119 podczas Tour de France, a my pokryjemy wszystkie zwi\u0105zane z tym koszty. Jako nasz go\u015b\u0107 b\u0119dziesz m\u00f3g\u0142 skorzysta\u0107 z luksusowego zakwaterowania i doskona\u0142ej kuchni francuskiej w pobli\u017cu trasy wy\u015bcigu, kt\u00f3r\u0105 prowadzi flota \u0160koda SUPERB. W tym roku sk\u0142ada si\u0119 ona z zupe\u0142nie nowych hybryd plug-in iV. Czy wiesz, \u017ce Twoje imi\u0119 b\u0119dzie naklejone z ty\u0142u samochodu? B\u0119dziesz te\u017c m\u00f3g\u0142 cieszy\u0107 si\u0119 towarzystwem znanych zawodnik\u00f3w i legend kolarstwa szosowego. Jak ju\u017c wspomnieli\u015bmy, prawdziw\u0105 wisienk\u0105 na torcie b\u0119dzie ekscytuj\u0105cy przelot helikopterem.<\/p>\n<div id=\"gallery-3\" class=\"gallery galleryid-179149 gallery-columns-2 gallery-size-large\">\n<figure class=\"gallery-item\">\n<div class=\"gallery-icon landscape\"><a class=\"colorbox-initialized cboxElement\" href=\"https:\/\/d2p6e6u75xmxt8.cloudfront.net\/2\/2020\/08\/IMG_0848-1024x575-2.jpg\"><img loading=\"lazy\" decoding=\"async\" class=\"attachment-large size-large loading istretcher-finished\" src=\"https:\/\/d2p6e6u75xmxt8.cloudfront.net\/2\/2020\/08\/IMG_0848-1024x575-2.jpg\" sizes=\"auto, (max-width: 1024px) 100vw, 1024px\" srcset=\"https:\/\/d2p6e6u75xmxt8.cloudfront.net\/2\/2020\/08\/IMG_0848-1024x575-2.jpg 1024w, https:\/\/d2p6e6u75xmxt8.cloudfront.net\/2\/2020\/08\/IMG_0848-1024x575-2-300x168.jpg 300w, https:\/\/d2p6e6u75xmxt8.cloudfront.net\/2\/2020\/08\/IMG_0848-1024x575-2-768x431.jpg 768w\" alt=\"\" width=\"1024\" height=\"575\" data-was-processed=\"true\" \/><\/a><\/div>\n<\/figure>\n<figure class=\"gallery-item\">\n<div class=\"gallery-icon landscape\"><a class=\"colorbox-initialized cboxElement\" href=\"https:\/\/d2p6e6u75xmxt8.cloudfront.net\/2\/2020\/08\/10-2.jpg\"><img loading=\"lazy\" decoding=\"async\" class=\"attachment-large size-large loaded istretcher-finished\" src=\"https:\/\/d2p6e6u75xmxt8.cloudfront.net\/2\/2020\/08\/10-2.jpg\" sizes=\"auto, (max-width: 900px) 100vw, 900px\" srcset=\"https:\/\/d2p6e6u75xmxt8.cloudfront.net\/2\/2020\/08\/10-2.jpg 900w, https:\/\/d2p6e6u75xmxt8.cloudfront.net\/2\/2020\/08\/10-2-300x200.jpg 300w, https:\/\/d2p6e6u75xmxt8.cloudfront.net\/2\/2020\/08\/10-2-768x512.jpg 768w, https:\/\/d2p6e6u75xmxt8.cloudfront.net\/2\/2020\/08\/10-2-272x182.jpg 272w\" alt=\"\" width=\"900\" height=\"600\" data-was-processed=\"true\" \/><\/a><\/div>\n<\/figure>\n<\/div>\n<p>Ekipa Programu Go\u015bcinno\u015bci zrobi wszystko, , aby zapewni\u0107 Ci komfort podczas ca\u0142ego pobytu. Je\u015bli nie chcesz by\u0107 jedynie biernym obserwatorem najwi\u0119kszego na \u015bwiecie wy\u015bcigu z wygodnego tylnego siedzenia samochodu, mamy dla Ciebie pewn\u0105 propozycj\u0119. Dla aktywnych go\u015bci Program Go\u015bcinno\u015bci oferuje poranny trening z profesjonalnym sprz\u0119tem w drugim dniu wy\u015bcigu. Trafnie nazwana \u2013 Early Bird \u2013 przeja\u017cd\u017cka rozpocznie si\u0119 jeszcze przed \u015bniadaniem all inclusive i pozwoli zasmakowa\u0107 profesjonalnej kolarskiej rutyny. Pojawi\u0105 si\u0119 rowery, koszulki, numery startowe, kaski \u2013 wszystko opatrzone logo \u0160koda i gwarantuj\u0105ce najwy\u017csz\u0105 jako\u015b\u0107. I wreszcie najlepsze: Twoim trenerem i towarzyszem mo\u017ce by\u0107 legenda kolarstwa szosowego, na przyk\u0142ad zwyci\u0119zca Tour de France Andy Schleck.<\/p>\n<p><em>\u00a0<\/em>Wed\u0142ug Stephena Roche, jednej z zaledwie dw\u00f3ch os\u00f3b na \u015bwiecie mog\u0105cych pochwali\u0107 si\u0119 Potr\u00f3jn\u0105 Koron\u0105 Kolarstwa, kt\u00f3ry prowadzi\u0142 \u0160koda VIP Program Go\u015bcinno\u015bci w 2014 roku: \u201ePrawie ka\u017cdy kierowca jest by\u0142ym zawodowym kolarzem, dzi\u0119ki temu rozumie jazd\u0119 peletonu. Na przyk\u0142ad je\u015bli jest boczny wiatr, wiem, jak ustawi\u0105 si\u0119 kolarze. To wyczerpuj\u0105ce, ale nie mo\u017cna straci\u0107 koncentracji\u201d. Dzi\u0119ki temu maksymalnie zbli\u017cysz si\u0119 do atmosfery wy\u015bcigu i do\u015bwiadczysz wra\u017ce\u0144 dost\u0119pnych tylko dla nielicznych.<\/p>\n<figure id=\"attachment_179153\" aria-describedby=\"caption-attachment-179153\" style=\"width: 1024px\" class=\"wp-caption alignnone\"><img loading=\"lazy\" decoding=\"async\" class=\"loading wp-image-179153 size-full\" src=\"https:\/\/d2p6e6u75xmxt8.cloudfront.net\/2\/2020\/08\/IMG_0906-1024x575-1.jpg\" sizes=\"auto, (max-width: 1024px) 100vw, 1024px\" srcset=\"https:\/\/d2p6e6u75xmxt8.cloudfront.net\/2\/2020\/08\/IMG_0906-1024x575-1.jpg 1024w, https:\/\/d2p6e6u75xmxt8.cloudfront.net\/2\/2020\/08\/IMG_0906-1024x575-1-300x168.jpg 300w, https:\/\/d2p6e6u75xmxt8.cloudfront.net\/2\/2020\/08\/IMG_0906-1024x575-1-768x431.jpg 768w\" alt=\"\" width=\"1024\" height=\"575\" data-was-processed=\"true\" \/><figcaption id=\"caption-attachment-179153\" class=\"wp-caption-text\">Trzydniowa wycieczka all inclusive do Francji, podczas kt\u00f3rej mo\u017cna do\u015bwiadcza\u0107 Tour 2020 z kilku wyj\u0105tkowych punkt\u00f3w \u2013 ze \u0160KODY SUPERB iV jad\u0105cej w\u015br\u00f3d peletonu i prowadzonej przez by\u0142ego kolarza, z pobocza podczas przydro\u017cnego grillowania, z tarasu luksusowego hotelu i\u2026 z prywatnego helikoptera!<\/figcaption><\/figure>\n<p>A teraz przechodzimy do ekscytuj\u0105cej zmiany otoczenia. Zanim bro\u0144 startowa i bia\u0142a flaga dyrektora wy\u015bcigu rozpoczn\u0105 dzienny etap, zwyci\u0119zcy konkursu wiezieni s\u0105 naprz\u00f3d, aby ogl\u0105da\u0107 przejazd peletonu z kieliszkiem szampana w d\u0142oni. I w ko\u0144cu najwa\u017cniejsza atrakcja dnia \u2013 przelot helikopterem nad peletonem wy\u015bcigowym! Widok helikopter\u00f3w l\u0105duj\u0105cych na trawniku zazwyczaj powoduje, \u017ce nawet najbardziej wygadani zwyci\u0119zcy trac\u0105 mow\u0119. Gdy wchodz\u0105 na pok\u0142ad, aby kontynuowa\u0107 ogl\u0105danie trasy z lotu ptaka, wielu z nich pozostaje oszo\u0142omionych. Bior\u0105c pod uwag\u0119 malownicz\u0105 i zapieraj\u0105c\u0105 dech w piersiach natur\u0119 francuskiego krajobrazu i pasm g\u00f3rskich, podr\u00f3\u017c helikopterem Tour to wyj\u0105tkowa przygoda.<\/p>\n<p>Po zako\u0144czonym locie go\u015bcie udaj\u0105 si\u0119 na grillowanie, a nast\u0119pnie odje\u017cd\u017caj\u0105 swoimi \u0160kodaMI SUPERB do stacji wypoczynkowej Club Tour de France znajduj\u0105cej si\u0119 obok znaku 100 metr\u00f3w do mety. Przybywaj\u0105 w sam\u0105 por\u0119, aby zobaczy\u0107 zwyci\u0119skiego zawodnika przekraczaj\u0105cego lini\u0119 mety. Podekscytowanie i entuzjazm zwyci\u0119zc\u00f3w konkursu s\u0105 wyczuwalne w powietrzu, gdy dopinguj\u0105 kolarzy wtopieni w wiwatuj\u0105ce t\u0142umy kibic\u00f3w, kt\u00f3rych miliony ka\u017cdego roku gromadz\u0105 si\u0119 na trasie TdF.<\/p>\n<figure id=\"attachment_179132\" aria-describedby=\"caption-attachment-179132\" style=\"width: 1650px\" class=\"wp-caption alignnone\"><img loading=\"lazy\" decoding=\"async\" class=\"loading wp-image-179132 size-full\" src=\"https:\/\/d2p6e6u75xmxt8.cloudfront.net\/2\/2020\/08\/Red-SKODA-SUPERB-iV-4-1.jpg\" sizes=\"auto, (max-width: 1650px) 100vw, 1650px\" srcset=\"https:\/\/d2p6e6u75xmxt8.cloudfront.net\/2\/2020\/08\/Red-SKODA-SUPERB-iV-4-1.jpg 1650w, https:\/\/d2p6e6u75xmxt8.cloudfront.net\/2\/2020\/08\/Red-SKODA-SUPERB-iV-4-1-300x200.jpg 300w, https:\/\/d2p6e6u75xmxt8.cloudfront.net\/2\/2020\/08\/Red-SKODA-SUPERB-iV-4-1-1024x683.jpg 1024w, https:\/\/d2p6e6u75xmxt8.cloudfront.net\/2\/2020\/08\/Red-SKODA-SUPERB-iV-4-1-768x512.jpg 768w, https:\/\/d2p6e6u75xmxt8.cloudfront.net\/2\/2020\/08\/Red-SKODA-SUPERB-iV-4-1-1536x1025.jpg 1536w, https:\/\/d2p6e6u75xmxt8.cloudfront.net\/2\/2020\/08\/Red-SKODA-SUPERB-iV-4-1-272x182.jpg 272w\" alt=\"\" width=\"1650\" height=\"1101\" data-was-processed=\"true\" \/><figcaption id=\"caption-attachment-179132\" class=\"wp-caption-text\">W tym roku nasi zwyci\u0119zcy b\u0119d\u0105 je\u017adzi\u0107 samochodami \u0160koda SUPERB iV, czyli tym samym modelem, w kt\u00f3rym zasiada Christian Prudhomme.<\/figcaption><\/figure>\n<p>Ostatni dzie\u0144 Programu Go\u015bcinno\u015bci to perfekcyjne zwie\u0144czenie ca\u0142ego pobytu. Jest nim po\u017cegnalna kolacja, podczas kt\u00f3rej go\u015bcie delektuj\u0105 si\u0119 s\u0142ynn\u0105 lokaln\u0105 kuchni\u0105 francusk\u0105, wspominaj\u0105c trzy niesamowite dni. Nast\u0119pnie s\u0105 odwo\u017ceni na odpowiednie lotniska, stacje kolejowe lub autobusowe, poniewa\u017c Program pokrywa koszty podr\u00f3\u017cy z dowolnego kraju, z kt\u00f3rego pochodz\u0105 zwyci\u0119zcy.<\/p>\n<p>Nie mo\u017cemy si\u0119 ju\u017c doczeka\u0107 spotkania ze zwyci\u0119zcami tegorocznego \u0160koda VIP Program Go\u015bcinno\u015bci. Musimy Ci\u0119 jednak uczciwie przed czym\u015b ostrzec. Istnieje ryzyko, \u017ce po powrocie do domu zam\u0119czysz swoj\u0105 rodzin\u0119 lub przyjaci\u00f3\u0142 nieko\u0144cz\u0105cymi si\u0119 opowie\u015bciami o swoich przygodach, ale mo\u017cesz by\u0107 pewien, \u017ce warto to prze\u017cy\u0107.<\/p>\n","protected":false},"excerpt":{"rendered":"<p>We\u017a udzia\u0142 w naszym konkursie i zosta\u0144 jednym ze zwyci\u0119zc\u00f3w \u0160koda VIP Program Go\u015bcinno\u015bci Tour de France! Je\u015bli wygrasz, czeka [&hellip;]<\/p>\n","protected":false},"author":125,"featured_media":11063,"comment_status":"open","ping_status":"open","sticky":false,"template":"","format":"standard","meta":{"footnotes":""},"categories":[335],"tags":[77,334],"global-categories":[303],"class_list":["post-11061","post","type-post","status-publish","format-standard","has-post-thumbnail","hentry","category-2020-tour-de-france","tag-tour-de-france","tag-tour-de-france-2020","global-categories-cycling"],"yoast_head":"<!-- This site is optimized with the Yoast SEO Premium plugin v25.3 (Yoast SEO v25.9) - https:\/\/yoast.com\/wordpress\/plugins\/seo\/ -->\n<title>Poczuj si\u0119 jak VIP na TdF 2020 i wygraj przelot helikopterem nad peletonem oraz inne wspania\u0142e nagrody - \u0160koda We Love Cycling - Poland<\/title>\n<meta name=\"robots\" content=\"index, follow, max-snippet:-1, max-image-preview:large, max-video-preview:-1\" \/>\n<link rel=\"canonical\" href=\"https:\/\/www.welovecycling.com\/pl\/2020\/09\/02\/poczuj-sie-jak-vip-na-tdf-2020-i-wygraj-przelot-helikopterem-nad-peletonem-oraz-inne-wspaniale-nagrody\/\" \/>\n<meta property=\"og:locale\" content=\"pl_PL\" \/>\n<meta property=\"og:type\" content=\"article\" \/>\n<meta property=\"og:title\" content=\"Poczuj si\u0119 jak VIP na TdF 2020 i wygraj przelot helikopterem nad peletonem oraz inne wspania\u0142e nagrody\" \/>\n<meta property=\"og:description\" content=\"We\u017a udzia\u0142 w naszym konkursie i zosta\u0144 jednym ze zwyci\u0119zc\u00f3w \u0160koda VIP Program Go\u015bcinno\u015bci Tour de France! Je\u015bli wygrasz, czeka [&hellip;]\" \/>\n<meta property=\"og:url\" content=\"https:\/\/www.welovecycling.com\/pl\/2020\/09\/02\/poczuj-sie-jak-vip-na-tdf-2020-i-wygraj-przelot-helikopterem-nad-peletonem-oraz-inne-wspaniale-nagrody\/\" \/>\n<meta property=\"og:site_name\" content=\"\u0160koda We Love Cycling - Poland\" \/>\n<meta property=\"article:published_time\" content=\"2020-09-02T12:49:41+00:00\" \/>\n<meta property=\"article:modified_time\" content=\"2020-09-03T05:41:12+00:00\" \/>\n<meta property=\"og:image\" content=\"https:\/\/d2p6e6u75xmxt8.cloudfront.net\/5\/2020\/09\/FotorCreated-1024x447-1.jpg\" \/>\n\t<meta property=\"og:image:width\" content=\"1024\" \/>\n\t<meta property=\"og:image:height\" content=\"447\" \/>\n\t<meta property=\"og:image:type\" content=\"image\/jpeg\" \/>\n<meta name=\"author\" content=\"oktawiamikulska\" \/>\n<meta name=\"twitter:card\" content=\"summary_large_image\" \/>\n<meta name=\"twitter:label1\" content=\"Written by\" \/>\n\t<meta name=\"twitter:data1\" content=\"We Love Cycling\" \/>\n\t<meta name=\"twitter:label2\" content=\"Est. reading time\" \/>\n\t<meta name=\"twitter:data2\" content=\"4 minutes\" \/>\n<script type=\"application\/ld+json\" class=\"yoast-schema-graph\">{\"@context\":\"https:\/\/schema.org\",\"@graph\":[{\"@type\":\"WebPage\",\"@id\":\"https:\/\/www.welovecycling.com\/pl\/2020\/09\/02\/poczuj-sie-jak-vip-na-tdf-2020-i-wygraj-przelot-helikopterem-nad-peletonem-oraz-inne-wspaniale-nagrody\/\",\"url\":\"https:\/\/www.welovecycling.com\/pl\/2020\/09\/02\/poczuj-sie-jak-vip-na-tdf-2020-i-wygraj-przelot-helikopterem-nad-peletonem-oraz-inne-wspaniale-nagrody\/\",\"name\":\"Poczuj si\u0119 jak VIP na TdF 2020 i wygraj przelot helikopterem nad peletonem oraz inne wspania\u0142e nagrody - \u0160koda We Love Cycling - Poland\",\"isPartOf\":{\"@id\":\"https:\/\/www.welovecycling.com\/pl\/#website\"},\"primaryImageOfPage\":{\"@id\":\"https:\/\/www.welovecycling.com\/pl\/2020\/09\/02\/poczuj-sie-jak-vip-na-tdf-2020-i-wygraj-przelot-helikopterem-nad-peletonem-oraz-inne-wspaniale-nagrody\/#primaryimage\"},\"image\":{\"@id\":\"https:\/\/www.welovecycling.com\/pl\/2020\/09\/02\/poczuj-sie-jak-vip-na-tdf-2020-i-wygraj-przelot-helikopterem-nad-peletonem-oraz-inne-wspaniale-nagrody\/#primaryimage\"},\"thumbnailUrl\":\"https:\/\/d2p6e6u75xmxt8.cloudfront.net\/5\/2020\/09\/FotorCreated-1024x447-1.jpg\",\"datePublished\":\"2020-09-02T12:49:41+00:00\",\"dateModified\":\"2020-09-03T05:41:12+00:00\",\"author\":{\"@id\":\"https:\/\/www.welovecycling.com\/pl\/#\/schema\/person\/4a79bac7bd265aa6a35a1079d36648be\"},\"breadcrumb\":{\"@id\":\"https:\/\/www.welovecycling.com\/pl\/2020\/09\/02\/poczuj-sie-jak-vip-na-tdf-2020-i-wygraj-przelot-helikopterem-nad-peletonem-oraz-inne-wspaniale-nagrody\/#breadcrumb\"},\"inLanguage\":\"pl-PL\",\"potentialAction\":[{\"@type\":\"ReadAction\",\"target\":[\"https:\/\/www.welovecycling.com\/pl\/2020\/09\/02\/poczuj-sie-jak-vip-na-tdf-2020-i-wygraj-przelot-helikopterem-nad-peletonem-oraz-inne-wspaniale-nagrody\/\"]}]},{\"@type\":\"ImageObject\",\"inLanguage\":\"pl-PL\",\"@id\":\"https:\/\/www.welovecycling.com\/pl\/2020\/09\/02\/poczuj-sie-jak-vip-na-tdf-2020-i-wygraj-przelot-helikopterem-nad-peletonem-oraz-inne-wspaniale-nagrody\/#primaryimage\",\"url\":\"https:\/\/d2p6e6u75xmxt8.cloudfront.net\/5\/2020\/09\/FotorCreated-1024x447-1.jpg\",\"contentUrl\":\"https:\/\/d2p6e6u75xmxt8.cloudfront.net\/5\/2020\/09\/FotorCreated-1024x447-1.jpg\",\"width\":1024,\"height\":447},{\"@type\":\"BreadcrumbList\",\"@id\":\"https:\/\/www.welovecycling.com\/pl\/2020\/09\/02\/poczuj-sie-jak-vip-na-tdf-2020-i-wygraj-przelot-helikopterem-nad-peletonem-oraz-inne-wspaniale-nagrody\/#breadcrumb\",\"itemListElement\":[{\"@type\":\"ListItem\",\"position\":1,\"name\":\"Home\",\"item\":\"https:\/\/www.welovecycling.com\/pl\/\"},{\"@type\":\"ListItem\",\"position\":2,\"name\":\"Poczuj si\u0119 jak VIP na TdF 2020 i wygraj przelot helikopterem nad peletonem oraz inne wspania\u0142e nagrody\"}]},{\"@type\":\"WebSite\",\"@id\":\"https:\/\/www.welovecycling.com\/pl\/#website\",\"url\":\"https:\/\/www.welovecycling.com\/pl\/\",\"name\":\"\u0160koda We Love Cycling - Poland\",\"description\":\"\",\"potentialAction\":[{\"@type\":\"SearchAction\",\"target\":{\"@type\":\"EntryPoint\",\"urlTemplate\":\"https:\/\/www.welovecycling.com\/pl\/?s={search_term_string}\"},\"query-input\":{\"@type\":\"PropertyValueSpecification\",\"valueRequired\":true,\"valueName\":\"search_term_string\"}}],\"inLanguage\":\"pl-PL\"},{\"@type\":\"Person\",\"@id\":\"https:\/\/www.welovecycling.com\/pl\/#\/schema\/person\/4a79bac7bd265aa6a35a1079d36648be\",\"name\":\"oktawiamikulska\",\"image\":{\"@type\":\"ImageObject\",\"inLanguage\":\"pl-PL\",\"@id\":\"https:\/\/www.welovecycling.com\/pl\/#\/schema\/person\/image\/\",\"url\":\"https:\/\/secure.gravatar.com\/avatar\/b97a3f44e2de6d2f8dd358975937e49823662e12cbd810b9d1a2bff1c149e8a7?s=96&d=mm&r=g\",\"contentUrl\":\"https:\/\/secure.gravatar.com\/avatar\/b97a3f44e2de6d2f8dd358975937e49823662e12cbd810b9d1a2bff1c149e8a7?s=96&d=mm&r=g\",\"caption\":\"oktawiamikulska\"},\"url\":\"https:\/\/www.welovecycling.com\/pl\/author\/oktawiamikulska\/\"}]}<\/script>\n<!-- \/ Yoast SEO Premium plugin. -->","yoast_head_json":{"title":"Poczuj si\u0119 jak VIP na TdF 2020 i wygraj przelot helikopterem nad peletonem oraz inne wspania\u0142e nagrody - \u0160koda We Love Cycling - Poland","robots":{"index":"index","follow":"follow","max-snippet":"max-snippet:-1","max-image-preview":"max-image-preview:large","max-video-preview":"max-video-preview:-1"},"canonical":"https:\/\/www.welovecycling.com\/pl\/2020\/09\/02\/poczuj-sie-jak-vip-na-tdf-2020-i-wygraj-przelot-helikopterem-nad-peletonem-oraz-inne-wspaniale-nagrody\/","og_locale":"pl_PL","og_type":"article","og_title":"Poczuj si\u0119 jak VIP na TdF 2020 i wygraj przelot helikopterem nad peletonem oraz inne wspania\u0142e nagrody","og_description":"We\u017a udzia\u0142 w naszym konkursie i zosta\u0144 jednym ze zwyci\u0119zc\u00f3w \u0160koda VIP Program Go\u015bcinno\u015bci Tour de France! Je\u015bli wygrasz, czeka [&hellip;]","og_url":"https:\/\/www.welovecycling.com\/pl\/2020\/09\/02\/poczuj-sie-jak-vip-na-tdf-2020-i-wygraj-przelot-helikopterem-nad-peletonem-oraz-inne-wspaniale-nagrody\/","og_site_name":"\u0160koda We Love Cycling - Poland","article_published_time":"2020-09-02T12:49:41+00:00","article_modified_time":"2020-09-03T05:41:12+00:00","og_image":[{"width":1024,"height":447,"url":"https:\/\/d2p6e6u75xmxt8.cloudfront.net\/5\/2020\/09\/FotorCreated-1024x447-1.jpg","type":"image\/jpeg"}],"author":"oktawiamikulska","twitter_card":"summary_large_image","twitter_misc":{"Written by":"We Love Cycling","Est. reading time":"4 minutes"},"schema":{"@context":"https:\/\/schema.org","@graph":[{"@type":"WebPage","@id":"https:\/\/www.welovecycling.com\/pl\/2020\/09\/02\/poczuj-sie-jak-vip-na-tdf-2020-i-wygraj-przelot-helikopterem-nad-peletonem-oraz-inne-wspaniale-nagrody\/","url":"https:\/\/www.welovecycling.com\/pl\/2020\/09\/02\/poczuj-sie-jak-vip-na-tdf-2020-i-wygraj-przelot-helikopterem-nad-peletonem-oraz-inne-wspaniale-nagrody\/","name":"Poczuj si\u0119 jak VIP na TdF 2020 i wygraj przelot helikopterem nad peletonem oraz inne wspania\u0142e nagrody - \u0160koda We Love Cycling - Poland","isPartOf":{"@id":"https:\/\/www.welovecycling.com\/pl\/#website"},"primaryImageOfPage":{"@id":"https:\/\/www.welovecycling.com\/pl\/2020\/09\/02\/poczuj-sie-jak-vip-na-tdf-2020-i-wygraj-przelot-helikopterem-nad-peletonem-oraz-inne-wspaniale-nagrody\/#primaryimage"},"image":{"@id":"https:\/\/www.welovecycling.com\/pl\/2020\/09\/02\/poczuj-sie-jak-vip-na-tdf-2020-i-wygraj-przelot-helikopterem-nad-peletonem-oraz-inne-wspaniale-nagrody\/#primaryimage"},"thumbnailUrl":"https:\/\/d2p6e6u75xmxt8.cloudfront.net\/5\/2020\/09\/FotorCreated-1024x447-1.jpg","datePublished":"2020-09-02T12:49:41+00:00","dateModified":"2020-09-03T05:41:12+00:00","author":{"@id":"https:\/\/www.welovecycling.com\/pl\/#\/schema\/person\/4a79bac7bd265aa6a35a1079d36648be"},"breadcrumb":{"@id":"https:\/\/www.welovecycling.com\/pl\/2020\/09\/02\/poczuj-sie-jak-vip-na-tdf-2020-i-wygraj-przelot-helikopterem-nad-peletonem-oraz-inne-wspaniale-nagrody\/#breadcrumb"},"inLanguage":"pl-PL","potentialAction":[{"@type":"ReadAction","target":["https:\/\/www.welovecycling.com\/pl\/2020\/09\/02\/poczuj-sie-jak-vip-na-tdf-2020-i-wygraj-przelot-helikopterem-nad-peletonem-oraz-inne-wspaniale-nagrody\/"]}]},{"@type":"ImageObject","inLanguage":"pl-PL","@id":"https:\/\/www.welovecycling.com\/pl\/2020\/09\/02\/poczuj-sie-jak-vip-na-tdf-2020-i-wygraj-przelot-helikopterem-nad-peletonem-oraz-inne-wspaniale-nagrody\/#primaryimage","url":"https:\/\/d2p6e6u75xmxt8.cloudfront.net\/5\/2020\/09\/FotorCreated-1024x447-1.jpg","contentUrl":"https:\/\/d2p6e6u75xmxt8.cloudfront.net\/5\/2020\/09\/FotorCreated-1024x447-1.jpg","width":1024,"height":447},{"@type":"BreadcrumbList","@id":"https:\/\/www.welovecycling.com\/pl\/2020\/09\/02\/poczuj-sie-jak-vip-na-tdf-2020-i-wygraj-przelot-helikopterem-nad-peletonem-oraz-inne-wspaniale-nagrody\/#breadcrumb","itemListElement":[{"@type":"ListItem","position":1,"name":"Home","item":"https:\/\/www.welovecycling.com\/pl\/"},{"@type":"ListItem","position":2,"name":"Poczuj si\u0119 jak VIP na TdF 2020 i wygraj przelot helikopterem nad peletonem oraz inne wspania\u0142e nagrody"}]},{"@type":"WebSite","@id":"https:\/\/www.welovecycling.com\/pl\/#website","url":"https:\/\/www.welovecycling.com\/pl\/","name":"\u0160koda We Love Cycling - Poland","description":"","potentialAction":[{"@type":"SearchAction","target":{"@type":"EntryPoint","urlTemplate":"https:\/\/www.welovecycling.com\/pl\/?s={search_term_string}"},"query-input":{"@type":"PropertyValueSpecification","valueRequired":true,"valueName":"search_term_string"}}],"inLanguage":"pl-PL"},{"@type":"Person","@id":"https:\/\/www.welovecycling.com\/pl\/#\/schema\/person\/4a79bac7bd265aa6a35a1079d36648be","name":"oktawiamikulska","image":{"@type":"ImageObject","inLanguage":"pl-PL","@id":"https:\/\/www.welovecycling.com\/pl\/#\/schema\/person\/image\/","url":"https:\/\/secure.gravatar.com\/avatar\/b97a3f44e2de6d2f8dd358975937e49823662e12cbd810b9d1a2bff1c149e8a7?s=96&d=mm&r=g","contentUrl":"https:\/\/secure.gravatar.com\/avatar\/b97a3f44e2de6d2f8dd358975937e49823662e12cbd810b9d1a2bff1c149e8a7?s=96&d=mm&r=g","caption":"oktawiamikulska"},"url":"https:\/\/www.welovecycling.com\/pl\/author\/oktawiamikulska\/"}]}},"_links":{"self":[{"href":"https:\/\/www.welovecycling.com\/pl\/wp-json\/wp\/v2\/posts\/11061","targetHints":{"allow":["GET"]}}],"collection":[{"href":"https:\/\/www.welovecycling.com\/pl\/wp-json\/wp\/v2\/posts"}],"about":[{"href":"https:\/\/www.welovecycling.com\/pl\/wp-json\/wp\/v2\/types\/post"}],"author":[{"embeddable":true,"href":"https:\/\/www.welovecycling.com\/pl\/wp-json\/wp\/v2\/users\/125"}],"replies":[{"embeddable":true,"href":"https:\/\/www.welovecycling.com\/pl\/wp-json\/wp\/v2\/comments?post=11061"}],"version-history":[{"count":2,"href":"https:\/\/www.welovecycling.com\/pl\/wp-json\/wp\/v2\/posts\/11061\/revisions"}],"predecessor-version":[{"id":11069,"href":"https:\/\/www.welovecycling.com\/pl\/wp-json\/wp\/v2\/posts\/11061\/revisions\/11069"}],"wp:featuredmedia":[{"embeddable":true,"href":"https:\/\/www.welovecycling.com\/pl\/wp-json\/wp\/v2\/media\/11063"}],"wp:attachment":[{"href":"https:\/\/www.welovecycling.com\/pl\/wp-json\/wp\/v2\/media?parent=11061"}],"wp:term":[{"taxonomy":"category","embeddable":true,"href":"https:\/\/www.welovecycling.com\/pl\/wp-json\/wp\/v2\/categories?post=11061"},{"taxonomy":"post_tag","embeddable":true,"href":"https:\/\/www.welovecycling.com\/pl\/wp-json\/wp\/v2\/tags?post=11061"},{"taxonomy":"global-categories","embeddable":true,"href":"https:\/\/www.welovecycling.com\/pl\/wp-json\/wp\/v2\/global-categories?post=11061"}],"curies":[{"name":"wp","href":"https:\/\/api.w.org\/{rel}","templated":true}]}}