{"id":11045,"date":"2020-08-28T09:08:26","date_gmt":"2020-08-28T09:08:26","guid":{"rendered":"https:\/\/www.welovecycling.com\/pl\/?p=11045"},"modified":"2020-08-28T09:33:22","modified_gmt":"2020-08-28T09:33:22","slug":"wbrew-przeciwnosciom-zaczyna-sie-tour-de-france","status":"publish","type":"post","link":"https:\/\/www.welovecycling.com\/pl\/2020\/08\/28\/wbrew-przeciwnosciom-zaczyna-sie-tour-de-france\/","title":{"rendered":"Wbrew przeciwno\u015bciom! Zaczyna si\u0119 Tour de France!"},"content":{"rendered":"<p><strong>\u015awi\u0119to, karnawa\u0142, uczta, s\u00f3l kolarstwa. Panie i Panowie, przed nami najwi\u0119kszy z najwi\u0119kszych i najlepszy z najlepszych. W sobot\u0119 rozpoczyna si\u0119 Tour de France!<\/strong><\/p>\n<p>Pi\u0142ka no\u017cna ma Lig\u0119 Mistrz\u00f3w, koszyk\u00f3wka NBA, hokej NHL, a kolarstwo Tour de France. Najwi\u0119kszy wy\u015bcig \u015bwiata opar\u0142 si\u0119 wielu przeciwno\u015bciom i wystartuje po raz 107.<\/p>\n<p>Do tej pory tylko wojny \u015bwiatowe by\u0142y w stanie zatrzyma\u0107 Wielk\u0105 P\u0119tl\u0119. W\u00f3wczas kolarze cz\u0119sto szli na front i nikomu w g\u0142owie nie by\u0142o \u015bciganie. Teraz pojawi\u0142y si\u0119 obawy, \u017ce Tour de France przegra z koronawirusem. W marcu \u015bwiat wstrzyma\u0142 oddech i przeprowadzenie Wielkiej P\u0119tli stan\u0119\u0142o pod wielkim znakiem zapytania. Szczeg\u00f3lnie, \u017ce dyrektor wy\u015bcigu Christian Prudhomme nawet nie chcia\u0142 s\u0142ysze\u0107 o tym, \u017ce Tour de France mia\u0142oby si\u0119 odby\u0107 bez kibic\u00f3w.<\/p>\n<p>Kolarze trenowali w domach, organizatorzy przygotowali si\u0119 na wy\u015bcig w niecodziennych okoliczno\u015bciach, a Mi\u0119dzynarodowa Unia Kolarska pracowa\u0142a nad kalendarzem, w kt\u00f3rym oczywi\u015bcie nie mog\u0142o zabrakn\u0105\u0107 Wielkiej P\u0119tli. W ko\u0144cu ustalono \u2013 nie pod koniec czerwca, ale w\u0142a\u015bnie po koniec sierpnia zawodnicy stan\u0105 na starcie.<\/p>\n<h2><strong>Legendy zostaj\u0105 w domu<\/strong><\/h2>\n<p>Jaki to b\u0119dzie wy\u015bcig? Mo\u017cna sili\u0107 si\u0119 na fachowe analizy, ale patrz\u0105c na tegoroczne rozstrzygni\u0119cia, to r\u00f3wnie dobrze mo\u017cna rozsi\u0105\u015b\u0107 si\u0119 nad tali\u0105 kart lub szklank\u0105 fus\u00f3w i rozpocz\u0105\u0107 wr\u00f3\u017cenie. No bo kto cho\u0107by kilka tygodni temu przewidzia\u0142, \u017ce maj\u0105cy mocarstwowe plany Team Ineos (na Tour de France wyst\u0105pi pod nazw\u0105 Ineos Grenadiers) zostawi swoich dw\u00f3ch lider\u00f3w w domu?<\/p>\n<p>To oznacza, \u017ce Christopher Froome w tym roku na pewno nie przejdzie do historii i nie wygra Wielkiej P\u0119tli po raz pi\u0105ty. Szans na zwyci\u0119stwo nie dostanie r\u00f3wnie\u017c Geraint Thomas, triumfator sprzed dw\u00f3ch lat.<\/p>\n<div class=\"embed-controller-wrapper\">\n<blockquote class=\"twitter-tweet\" data-width=\"500\" data-dnt=\"true\">\n<p lang=\"en\" dir=\"ltr\">Our <a href=\"https:\/\/twitter.com\/hashtag\/TDF2020?src=hash&amp;ref_src=twsrc%5Etfw\">#TDF2020<\/a> team is set. We&#39;ll see you on the start line in Nice as the INEOS Grenadiers. <a href=\"https:\/\/t.co\/Pk33M6WTGf\">pic.twitter.com\/Pk33M6WTGf<\/a><\/p>\n<p>&mdash; INEOS Grenadiers (@INEOSGrenadiers) <a href=\"https:\/\/twitter.com\/INEOSGrenadiers\/status\/1295989866421981185?ref_src=twsrc%5Etfw\">August 19, 2020<\/a><\/p><\/blockquote>\n<p><script async data-src=\"https:\/\/platform.twitter.com\/widgets.js\" charset=\"utf-8\"><\/script><\/div>\n<p>To jednak nie oznacza, \u017ce Team Ineos sk\u0142ada bro\u0144, bo w Wielkiej P\u0119tli postawi na Richarda Carapaza (zwyci\u0119zca ubieg\u0142orocznego Giro d\u2019Italia), a liderem zespo\u0142u b\u0119dzie Egan Bernal, kt\u00f3ry rok temu wygra\u0142 Wielk\u0105 P\u0119tl\u0119.<\/p>\n<p>&#8211; Jestem podniecony faktem, \u017ce ca\u0142a ekipa zosta\u0142a zbudowana wok\u00f3\u0142 mnie. To b\u0119dzie mieszanka m\u0142odo\u015bci z do\u015bwiadczeniem. Dam z siebie wszystko. Ju\u017c rok temu pokaza\u0142em, \u017ce sta\u0107 mnie na wiele \u2013 podkre\u015bla Bernal.<\/p>\n<p>W tej sytuacji Thomas pojedzie w Giro d\u2019Italia, a Froome w Vuelta a Espana, do kt\u00f3rego ju\u017c rozpocz\u0105\u0142 przygotowania<\/p>\n<div class=\"embed-controller-wrapper\">\n<blockquote class=\"twitter-tweet\" data-width=\"500\" data-dnt=\"true\">\n<p lang=\"en\" dir=\"ltr\">A little bit of off-roading today \ud83d\udeb5\ud83c\udffc\u200d\u2642\ufe0f<br \/>The work continues \ud83d\udcaa <a href=\"https:\/\/twitter.com\/lavuelta?ref_src=twsrc%5Etfw\">@lavuelta<\/a> \ud83c\uddea\ud83c\uddf8\u2764\ufe0f <a href=\"https:\/\/t.co\/GTk4MktBpR\">pic.twitter.com\/GTk4MktBpR<\/a><\/p>\n<p>&mdash; Chris Froome (@chrisfroome) <a href=\"https:\/\/twitter.com\/chrisfroome\/status\/1296457468193759233?ref_src=twsrc%5Etfw\">August 20, 2020<\/a><\/p><\/blockquote>\n<p><script async data-src=\"https:\/\/platform.twitter.com\/widgets.js\" charset=\"utf-8\"><\/script><\/div>\n<p>Team Ineos (wcze\u015bniej Sky) dzieli i rz\u0105dzi na Wielki P\u0119tli od pi\u0119ciu lat. Teraz ich hegemoni\u0119 planuje przerwa\u0107 Jumbo-Visma, kt\u00f3ry we Francji do boju posy\u0142a m.in. Tima Dumoulina.<\/p>\n<p>Z kolei Bora-hansgrohe liczy na Petera Sagana, kt\u00f3ry ju\u017c siedmiokrotnie wygra\u0142 zielon\u0105 koszulk\u0119 dla najlepszego sprintera sponsorowan\u0105 przez \u0160kod\u0119. Polscy kibice mog\u0105 natomiast \u017ca\u0142owa\u0107, \u017ce w Wielkiej P\u0119tli nie pojedzie Rafa\u0142 Majka<\/p>\n<div class=\"embed-controller-wrapper\">\n<blockquote class=\"twitter-tweet\" data-width=\"500\" data-dnt=\"true\">\n<p lang=\"en\" dir=\"ltr\">TDF UPDATE: BORA \u2013 hansgrohe\u2019s <a href=\"https:\/\/twitter.com\/LeTour?ref_src=twsrc%5Etfw\">@LeTour<\/a> team remains unchanged. Read our medical update on <a href=\"https:\/\/twitter.com\/EmuBuchmann?ref_src=twsrc%5Etfw\">@EmuBuchmann<\/a> <a href=\"https:\/\/twitter.com\/MaxSchachmann?ref_src=twsrc%5Etfw\">@MaxSchachmann<\/a> &amp; <a href=\"https:\/\/twitter.com\/muehlberger_94?ref_src=twsrc%5Etfw\">@muehlberger_94<\/a> here: <a href=\"https:\/\/t.co\/0YaEnX72XC\">https:\/\/t.co\/0YaEnX72XC<\/a> <a href=\"https:\/\/t.co\/vzsI1rurqN\">pic.twitter.com\/vzsI1rurqN<\/a><\/p>\n<p>&mdash; BORA \u2013 hansgrohe (@BORAhansgrohe) <a href=\"https:\/\/twitter.com\/BORAhansgrohe\/status\/1297954111430762496?ref_src=twsrc%5Etfw\">August 24, 2020<\/a><\/p><\/blockquote>\n<p><script async data-src=\"https:\/\/platform.twitter.com\/widgets.js\" charset=\"utf-8\"><\/script><\/div>\n<p>Kolarza z Polski zabraknie r\u00f3wnie\u017c w ekipie CCC<\/p>\n<div class=\"embed-controller-wrapper\">\n<blockquote class=\"twitter-tweet\" data-width=\"500\" data-dnt=\"true\">\n<p lang=\"en\" dir=\"ltr\">Our <a href=\"https:\/\/twitter.com\/hashtag\/TDF2020?src=hash&amp;ref_src=twsrc%5Etfw\">#TDF2020<\/a> \ud83c\uddeb\ud83c\uddf7 roster is in! <\/p>\n<p>Meet the eight riders heading to <a href=\"https:\/\/twitter.com\/LeTour?ref_src=twsrc%5Etfw\">@LeTour<\/a> to target stage wins \ud83d\udc47\ud83c\udffc<\/p>\n<p>\ud83c\uddee\ud83c\uddf9 <a href=\"https:\/\/twitter.com\/ADM_RossodiBuja?ref_src=twsrc%5Etfw\">@ADM_RossodiBuja<\/a><br \/>\ud83c\udde9\ud83c\uddea <a href=\"https:\/\/twitter.com\/simongeschke?ref_src=twsrc%5Etfw\">@simongeschke<\/a><br \/>\ud83c\udde8\ud83c\uddff Jan Hirt<br \/>\ud83c\udde9\ud83c\uddea <a href=\"https:\/\/twitter.com\/jonaskoch3?ref_src=twsrc%5Etfw\">@jonaskoch3<\/a><br \/>\ud83c\udde8\ud83c\udded <a href=\"https:\/\/twitter.com\/michaelschaer?ref_src=twsrc%5Etfw\">@michaelschaer<\/a><br \/>\ud83c\uddee\ud83c\uddf9 <a href=\"https:\/\/twitter.com\/MATTEOTRENTIN?ref_src=twsrc%5Etfw\">@MATTEOTRENTIN<\/a><br \/>\ud83c\udde7\ud83c\uddea <a href=\"https:\/\/twitter.com\/GregVanAvermaet?ref_src=twsrc%5Etfw\">@GregVanAvermaet<\/a><br \/>\ud83c\uddf7\ud83c\uddfa Ilnur Zakarin<\/p>\n<p>\ud83d\udcdd \ud83d\udc49\ud83c\udffc <a href=\"https:\/\/t.co\/h5oyLPQ76P\">https:\/\/t.co\/h5oyLPQ76P<\/a><a href=\"https:\/\/twitter.com\/hashtag\/RideForMore?src=hash&amp;ref_src=twsrc%5Etfw\">#RideForMore<\/a> <a href=\"https:\/\/t.co\/DQewZuCLOt\">pic.twitter.com\/DQewZuCLOt<\/a><\/p>\n<p>&mdash; Intermarch\u00e9-Wanty (@IntermarcheW) <a href=\"https:\/\/twitter.com\/IntermarcheW\/status\/1296742839167193088?ref_src=twsrc%5Etfw\">August 21, 2020<\/a><\/p><\/blockquote>\n<p><script async data-src=\"https:\/\/platform.twitter.com\/widgets.js\" charset=\"utf-8\"><\/script><\/div>\n<p>Mamy za to chyba rozstrzygni\u0119ty konkurs na najciekawiej przedstawion\u0105 dru\u017cyn\u0119 przed Tour de France. Nagroda w\u0119druje do ekipy Trek-Segafredo<\/p>\n<div class=\"embed-controller-wrapper\">\n<blockquote class=\"twitter-tweet\" data-width=\"500\" data-dnt=\"true\">\n<p lang=\"en\" dir=\"ltr\">Unveil those masked men!  \ud83d\udc7a <\/p>\n<p>We present our \ud83c\uddeb\ud83c\uddf7 <a href=\"https:\/\/twitter.com\/LeTour?ref_src=twsrc%5Etfw\">@LeTour<\/a> lineup. \ud83d\udc47<\/p>\n<p>Read more in our <a href=\"https:\/\/twitter.com\/hashtag\/TDF2020?src=hash&amp;ref_src=twsrc%5Etfw\">#TDF2020<\/a> preview <br \/>\ud83d\udc49 <a href=\"https:\/\/t.co\/2HM5xfFJR8\">https:\/\/t.co\/2HM5xfFJR8<\/a> <a href=\"https:\/\/t.co\/dNEnfq1rmw\">pic.twitter.com\/dNEnfq1rmw<\/a><\/p>\n<p>&mdash; Lidl-Trek (@LidlTrek) <a href=\"https:\/\/twitter.com\/LidlTrek\/status\/1297911818816372738?ref_src=twsrc%5Etfw\">August 24, 2020<\/a><\/p><\/blockquote>\n<p><script async data-src=\"https:\/\/platform.twitter.com\/widgets.js\" charset=\"utf-8\"><\/script><\/div>\n<p>Wielka P\u0119tla zaczyna si\u0119 w sobot\u0119 w Nicei. Najpierw zawodnicy zalicz\u0105 kilka p\u0142askich etap\u00f3w, a g\u00f3ry zaczn\u0105 si\u0119 dopiero dwa dni przed pierwsz\u0105 planow\u0105 przerw\u0105 (7 wrze\u015bnia). Nast\u0119pnie zn\u00f3w jazda po p\u0142askim i pag\u00f3rkach, a zabawa na dobre rozkr\u0119ci si\u0119 13 wrze\u015bnia etapem Lyon \u2013 Grand Colombier.<\/p>\n<p>Ostatnie dni to ju\u017c \u015bciganie w Alpach, gdzie tradycyjnie wszystko si\u0119 rozstrzygnie<\/p>\n<div class=\"embed-controller-wrapper\">\n<div class=\"embed-wrapper\"><iframe title=\"Parcours \/ Route - Tour de France 2020\" width=\"500\" height=\"281\" data-src=\"https:\/\/www.youtube.com\/embed\/iqIyUV0mat8?feature=oembed\" frameborder=\"0\" allow=\"accelerometer; autoplay; clipboard-write; encrypted-media; gyroscope; picture-in-picture; web-share\" referrerpolicy=\"strict-origin-when-cross-origin\" allowfullscreen><\/iframe><\/div>\n<\/div>\n<p>\u0141\u0105cznie kolarze przejad\u0105 3470 km podzielonych na 21 etap\u00f3w. Koniec wy\u015bcigu tradycyjnie w Pary\u017cu (20 wrze\u015bnia), gdzie czeka s\u0142awa i przepustka do historii.<\/p>\n<p>No to startujemy!<\/p>\n<p><span data-sheets-value=\"{&quot;1&quot;:2,&quot;2&quot;:&quot;Artyku\u0142 powsta\u0142 we wsp\u00f3\u0142pracy ze skoda-auto.pl&quot;}\" data-sheets-userformat=\"{&quot;2&quot;:1,&quot;3&quot;:{&quot;1&quot;:0}}\" data-sheets-hyperlink=\"http:\/\/www.skoda-auto.pl\/\"><a class=\"in-cell-link\" href=\"http:\/\/www.skoda-auto.pl\/\" target=\"_blank\" rel=\"noopener noreferrer\">Artyku\u0142 powsta\u0142 we wsp\u00f3\u0142pracy ze skoda-auto.pl<\/a><\/span><\/p>\n<p><a href=\"https:\/\/www.skoda-auto.pl\/modele\/karoq\">\u00a0<\/a><\/p>\n<p><a href=\"https:\/\/www.skoda-auto.pl\/modele\/karoq\"><img loading=\"lazy\" decoding=\"async\" class=\"aligncenter wp-image-9606 size-full\" src=\"https:\/\/d2p6e6u75xmxt8.cloudfront.net\/5\/2019\/08\/baner_WLC_640x350_1.png\" alt=\"\" width=\"640\" height=\"350\" srcset=\"https:\/\/d2p6e6u75xmxt8.cloudfront.net\/5\/2019\/08\/baner_WLC_640x350_1.png 640w, https:\/\/d2p6e6u75xmxt8.cloudfront.net\/5\/2019\/08\/baner_WLC_640x350_1-300x164.png 300w\" sizes=\"auto, (max-width: 640px) 100vw, 640px\" \/><\/a><\/p>\n<p>&nbsp;<\/p>\n","protected":false},"excerpt":{"rendered":"<p>\u015awi\u0119to, karnawa\u0142, uczta, s\u00f3l kolarstwa. Panie i Panowie, przed nami najwi\u0119kszy z najwi\u0119kszych i najlepszy z najlepszych. W sobot\u0119 rozpoczyna [&hellip;]<\/p>\n","protected":false},"author":125,"featured_media":11052,"comment_status":"open","ping_status":"open","sticky":false,"template":"","format":"standard","meta":{"footnotes":""},"categories":[321],"tags":[],"global-categories":[303],"class_list":["post-11045","post","type-post","status-publish","format-standard","has-post-thumbnail","hentry","category-tour-de-france-2020","global-categories-cycling"],"yoast_head":"<!-- This site is optimized with the Yoast SEO Premium plugin v25.3 (Yoast SEO v25.9) - https:\/\/yoast.com\/wordpress\/plugins\/seo\/ -->\n<title>Wbrew przeciwno\u015bciom! Zaczyna si\u0119 Tour de France! - \u0160koda We Love Cycling - Poland<\/title>\n<meta name=\"description\" content=\"\u015awi\u0119to, karnawa\u0142, uczta, s\u00f3l kolarstwa. Panie i Panowie, przed nami najwi\u0119kszy z najwi\u0119kszych i najlepszy z najlepszych. W sobot\u0119 rozpoczyna si\u0119 Tour de France!\" \/>\n<meta name=\"robots\" content=\"index, follow, max-snippet:-1, max-image-preview:large, max-video-preview:-1\" \/>\n<link rel=\"canonical\" href=\"https:\/\/www.welovecycling.com\/pl\/2020\/08\/28\/wbrew-przeciwnosciom-zaczyna-sie-tour-de-france\/\" \/>\n<meta property=\"og:locale\" content=\"pl_PL\" \/>\n<meta property=\"og:type\" content=\"article\" \/>\n<meta property=\"og:title\" content=\"Wbrew przeciwno\u015bciom! Zaczyna si\u0119 Tour de France!\" \/>\n<meta property=\"og:description\" content=\"\u015awi\u0119to, karnawa\u0142, uczta, s\u00f3l kolarstwa. Panie i Panowie, przed nami najwi\u0119kszy z najwi\u0119kszych i najlepszy z najlepszych. W sobot\u0119 rozpoczyna si\u0119 Tour de France!\" \/>\n<meta property=\"og:url\" content=\"https:\/\/www.welovecycling.com\/pl\/2020\/08\/28\/wbrew-przeciwnosciom-zaczyna-sie-tour-de-france\/\" \/>\n<meta property=\"og:site_name\" content=\"\u0160koda We Love Cycling - Poland\" \/>\n<meta property=\"article:published_time\" content=\"2020-08-28T09:08:26+00:00\" \/>\n<meta property=\"article:modified_time\" content=\"2020-08-28T09:33:22+00:00\" \/>\n<meta property=\"og:image\" content=\"https:\/\/d2p6e6u75xmxt8.cloudfront.net\/5\/2020\/08\/Peter-Sagan-CVR-profimedia-0456804992-1024x450-1.jpg\" \/>\n\t<meta property=\"og:image:width\" content=\"1024\" \/>\n\t<meta property=\"og:image:height\" content=\"450\" \/>\n\t<meta property=\"og:image:type\" content=\"image\/jpeg\" \/>\n<meta name=\"author\" content=\"oktawiamikulska\" \/>\n<meta name=\"twitter:card\" content=\"summary_large_image\" \/>\n<meta name=\"twitter:label1\" content=\"Written by\" \/>\n\t<meta name=\"twitter:data1\" content=\"Piotr Nowik\" \/>\n\t<meta name=\"twitter:label2\" content=\"Est. reading time\" \/>\n\t<meta name=\"twitter:data2\" content=\"3 minutes\" \/>\n<script type=\"application\/ld+json\" class=\"yoast-schema-graph\">{\"@context\":\"https:\/\/schema.org\",\"@graph\":[{\"@type\":\"WebPage\",\"@id\":\"https:\/\/www.welovecycling.com\/pl\/2020\/08\/28\/wbrew-przeciwnosciom-zaczyna-sie-tour-de-france\/\",\"url\":\"https:\/\/www.welovecycling.com\/pl\/2020\/08\/28\/wbrew-przeciwnosciom-zaczyna-sie-tour-de-france\/\",\"name\":\"Wbrew przeciwno\u015bciom! Zaczyna si\u0119 Tour de France! - \u0160koda We Love Cycling - Poland\",\"isPartOf\":{\"@id\":\"https:\/\/www.welovecycling.com\/pl\/#website\"},\"primaryImageOfPage\":{\"@id\":\"https:\/\/www.welovecycling.com\/pl\/2020\/08\/28\/wbrew-przeciwnosciom-zaczyna-sie-tour-de-france\/#primaryimage\"},\"image\":{\"@id\":\"https:\/\/www.welovecycling.com\/pl\/2020\/08\/28\/wbrew-przeciwnosciom-zaczyna-sie-tour-de-france\/#primaryimage\"},\"thumbnailUrl\":\"https:\/\/d2p6e6u75xmxt8.cloudfront.net\/5\/2020\/08\/Peter-Sagan-CVR-profimedia-0456804992-1024x450-1.jpg\",\"datePublished\":\"2020-08-28T09:08:26+00:00\",\"dateModified\":\"2020-08-28T09:33:22+00:00\",\"author\":{\"@id\":\"https:\/\/www.welovecycling.com\/pl\/#\/schema\/person\/4a79bac7bd265aa6a35a1079d36648be\"},\"description\":\"\u015awi\u0119to, karnawa\u0142, uczta, s\u00f3l kolarstwa. Panie i Panowie, przed nami najwi\u0119kszy z najwi\u0119kszych i najlepszy z najlepszych. W sobot\u0119 rozpoczyna si\u0119 Tour de France!\",\"breadcrumb\":{\"@id\":\"https:\/\/www.welovecycling.com\/pl\/2020\/08\/28\/wbrew-przeciwnosciom-zaczyna-sie-tour-de-france\/#breadcrumb\"},\"inLanguage\":\"pl-PL\",\"potentialAction\":[{\"@type\":\"ReadAction\",\"target\":[\"https:\/\/www.welovecycling.com\/pl\/2020\/08\/28\/wbrew-przeciwnosciom-zaczyna-sie-tour-de-france\/\"]}]},{\"@type\":\"ImageObject\",\"inLanguage\":\"pl-PL\",\"@id\":\"https:\/\/www.welovecycling.com\/pl\/2020\/08\/28\/wbrew-przeciwnosciom-zaczyna-sie-tour-de-france\/#primaryimage\",\"url\":\"https:\/\/d2p6e6u75xmxt8.cloudfront.net\/5\/2020\/08\/Peter-Sagan-CVR-profimedia-0456804992-1024x450-1.jpg\",\"contentUrl\":\"https:\/\/d2p6e6u75xmxt8.cloudfront.net\/5\/2020\/08\/Peter-Sagan-CVR-profimedia-0456804992-1024x450-1.jpg\",\"width\":1024,\"height\":450},{\"@type\":\"BreadcrumbList\",\"@id\":\"https:\/\/www.welovecycling.com\/pl\/2020\/08\/28\/wbrew-przeciwnosciom-zaczyna-sie-tour-de-france\/#breadcrumb\",\"itemListElement\":[{\"@type\":\"ListItem\",\"position\":1,\"name\":\"Home\",\"item\":\"https:\/\/www.welovecycling.com\/pl\/\"},{\"@type\":\"ListItem\",\"position\":2,\"name\":\"Wbrew przeciwno\u015bciom! Zaczyna si\u0119 Tour de France!\"}]},{\"@type\":\"WebSite\",\"@id\":\"https:\/\/www.welovecycling.com\/pl\/#website\",\"url\":\"https:\/\/www.welovecycling.com\/pl\/\",\"name\":\"\u0160koda We Love Cycling - Poland\",\"description\":\"\",\"potentialAction\":[{\"@type\":\"SearchAction\",\"target\":{\"@type\":\"EntryPoint\",\"urlTemplate\":\"https:\/\/www.welovecycling.com\/pl\/?s={search_term_string}\"},\"query-input\":{\"@type\":\"PropertyValueSpecification\",\"valueRequired\":true,\"valueName\":\"search_term_string\"}}],\"inLanguage\":\"pl-PL\"},{\"@type\":\"Person\",\"@id\":\"https:\/\/www.welovecycling.com\/pl\/#\/schema\/person\/4a79bac7bd265aa6a35a1079d36648be\",\"name\":\"oktawiamikulska\",\"image\":{\"@type\":\"ImageObject\",\"inLanguage\":\"pl-PL\",\"@id\":\"https:\/\/www.welovecycling.com\/pl\/#\/schema\/person\/image\/\",\"url\":\"https:\/\/secure.gravatar.com\/avatar\/b97a3f44e2de6d2f8dd358975937e49823662e12cbd810b9d1a2bff1c149e8a7?s=96&d=mm&r=g\",\"contentUrl\":\"https:\/\/secure.gravatar.com\/avatar\/b97a3f44e2de6d2f8dd358975937e49823662e12cbd810b9d1a2bff1c149e8a7?s=96&d=mm&r=g\",\"caption\":\"oktawiamikulska\"},\"url\":\"https:\/\/www.welovecycling.com\/pl\/author\/oktawiamikulska\/\"}]}<\/script>\n<!-- \/ Yoast SEO Premium plugin. -->","yoast_head_json":{"title":"Wbrew przeciwno\u015bciom! Zaczyna si\u0119 Tour de France! - \u0160koda We Love Cycling - Poland","description":"\u015awi\u0119to, karnawa\u0142, uczta, s\u00f3l kolarstwa. Panie i Panowie, przed nami najwi\u0119kszy z najwi\u0119kszych i najlepszy z najlepszych. W sobot\u0119 rozpoczyna si\u0119 Tour de France!","robots":{"index":"index","follow":"follow","max-snippet":"max-snippet:-1","max-image-preview":"max-image-preview:large","max-video-preview":"max-video-preview:-1"},"canonical":"https:\/\/www.welovecycling.com\/pl\/2020\/08\/28\/wbrew-przeciwnosciom-zaczyna-sie-tour-de-france\/","og_locale":"pl_PL","og_type":"article","og_title":"Wbrew przeciwno\u015bciom! Zaczyna si\u0119 Tour de France!","og_description":"\u015awi\u0119to, karnawa\u0142, uczta, s\u00f3l kolarstwa. Panie i Panowie, przed nami najwi\u0119kszy z najwi\u0119kszych i najlepszy z najlepszych. W sobot\u0119 rozpoczyna si\u0119 Tour de France!","og_url":"https:\/\/www.welovecycling.com\/pl\/2020\/08\/28\/wbrew-przeciwnosciom-zaczyna-sie-tour-de-france\/","og_site_name":"\u0160koda We Love Cycling - Poland","article_published_time":"2020-08-28T09:08:26+00:00","article_modified_time":"2020-08-28T09:33:22+00:00","og_image":[{"width":1024,"height":450,"url":"https:\/\/d2p6e6u75xmxt8.cloudfront.net\/5\/2020\/08\/Peter-Sagan-CVR-profimedia-0456804992-1024x450-1.jpg","type":"image\/jpeg"}],"author":"oktawiamikulska","twitter_card":"summary_large_image","twitter_misc":{"Written by":"Piotr Nowik","Est. reading time":"3 minutes"},"schema":{"@context":"https:\/\/schema.org","@graph":[{"@type":"WebPage","@id":"https:\/\/www.welovecycling.com\/pl\/2020\/08\/28\/wbrew-przeciwnosciom-zaczyna-sie-tour-de-france\/","url":"https:\/\/www.welovecycling.com\/pl\/2020\/08\/28\/wbrew-przeciwnosciom-zaczyna-sie-tour-de-france\/","name":"Wbrew przeciwno\u015bciom! Zaczyna si\u0119 Tour de France! - \u0160koda We Love Cycling - Poland","isPartOf":{"@id":"https:\/\/www.welovecycling.com\/pl\/#website"},"primaryImageOfPage":{"@id":"https:\/\/www.welovecycling.com\/pl\/2020\/08\/28\/wbrew-przeciwnosciom-zaczyna-sie-tour-de-france\/#primaryimage"},"image":{"@id":"https:\/\/www.welovecycling.com\/pl\/2020\/08\/28\/wbrew-przeciwnosciom-zaczyna-sie-tour-de-france\/#primaryimage"},"thumbnailUrl":"https:\/\/d2p6e6u75xmxt8.cloudfront.net\/5\/2020\/08\/Peter-Sagan-CVR-profimedia-0456804992-1024x450-1.jpg","datePublished":"2020-08-28T09:08:26+00:00","dateModified":"2020-08-28T09:33:22+00:00","author":{"@id":"https:\/\/www.welovecycling.com\/pl\/#\/schema\/person\/4a79bac7bd265aa6a35a1079d36648be"},"description":"\u015awi\u0119to, karnawa\u0142, uczta, s\u00f3l kolarstwa. Panie i Panowie, przed nami najwi\u0119kszy z najwi\u0119kszych i najlepszy z najlepszych. W sobot\u0119 rozpoczyna si\u0119 Tour de France!","breadcrumb":{"@id":"https:\/\/www.welovecycling.com\/pl\/2020\/08\/28\/wbrew-przeciwnosciom-zaczyna-sie-tour-de-france\/#breadcrumb"},"inLanguage":"pl-PL","potentialAction":[{"@type":"ReadAction","target":["https:\/\/www.welovecycling.com\/pl\/2020\/08\/28\/wbrew-przeciwnosciom-zaczyna-sie-tour-de-france\/"]}]},{"@type":"ImageObject","inLanguage":"pl-PL","@id":"https:\/\/www.welovecycling.com\/pl\/2020\/08\/28\/wbrew-przeciwnosciom-zaczyna-sie-tour-de-france\/#primaryimage","url":"https:\/\/d2p6e6u75xmxt8.cloudfront.net\/5\/2020\/08\/Peter-Sagan-CVR-profimedia-0456804992-1024x450-1.jpg","contentUrl":"https:\/\/d2p6e6u75xmxt8.cloudfront.net\/5\/2020\/08\/Peter-Sagan-CVR-profimedia-0456804992-1024x450-1.jpg","width":1024,"height":450},{"@type":"BreadcrumbList","@id":"https:\/\/www.welovecycling.com\/pl\/2020\/08\/28\/wbrew-przeciwnosciom-zaczyna-sie-tour-de-france\/#breadcrumb","itemListElement":[{"@type":"ListItem","position":1,"name":"Home","item":"https:\/\/www.welovecycling.com\/pl\/"},{"@type":"ListItem","position":2,"name":"Wbrew przeciwno\u015bciom! Zaczyna si\u0119 Tour de France!"}]},{"@type":"WebSite","@id":"https:\/\/www.welovecycling.com\/pl\/#website","url":"https:\/\/www.welovecycling.com\/pl\/","name":"\u0160koda We Love Cycling - Poland","description":"","potentialAction":[{"@type":"SearchAction","target":{"@type":"EntryPoint","urlTemplate":"https:\/\/www.welovecycling.com\/pl\/?s={search_term_string}"},"query-input":{"@type":"PropertyValueSpecification","valueRequired":true,"valueName":"search_term_string"}}],"inLanguage":"pl-PL"},{"@type":"Person","@id":"https:\/\/www.welovecycling.com\/pl\/#\/schema\/person\/4a79bac7bd265aa6a35a1079d36648be","name":"oktawiamikulska","image":{"@type":"ImageObject","inLanguage":"pl-PL","@id":"https:\/\/www.welovecycling.com\/pl\/#\/schema\/person\/image\/","url":"https:\/\/secure.gravatar.com\/avatar\/b97a3f44e2de6d2f8dd358975937e49823662e12cbd810b9d1a2bff1c149e8a7?s=96&d=mm&r=g","contentUrl":"https:\/\/secure.gravatar.com\/avatar\/b97a3f44e2de6d2f8dd358975937e49823662e12cbd810b9d1a2bff1c149e8a7?s=96&d=mm&r=g","caption":"oktawiamikulska"},"url":"https:\/\/www.welovecycling.com\/pl\/author\/oktawiamikulska\/"}]}},"_links":{"self":[{"href":"https:\/\/www.welovecycling.com\/pl\/wp-json\/wp\/v2\/posts\/11045","targetHints":{"allow":["GET"]}}],"collection":[{"href":"https:\/\/www.welovecycling.com\/pl\/wp-json\/wp\/v2\/posts"}],"about":[{"href":"https:\/\/www.welovecycling.com\/pl\/wp-json\/wp\/v2\/types\/post"}],"author":[{"embeddable":true,"href":"https:\/\/www.welovecycling.com\/pl\/wp-json\/wp\/v2\/users\/125"}],"replies":[{"embeddable":true,"href":"https:\/\/www.welovecycling.com\/pl\/wp-json\/wp\/v2\/comments?post=11045"}],"version-history":[{"count":2,"href":"https:\/\/www.welovecycling.com\/pl\/wp-json\/wp\/v2\/posts\/11045\/revisions"}],"predecessor-version":[{"id":11055,"href":"https:\/\/www.welovecycling.com\/pl\/wp-json\/wp\/v2\/posts\/11045\/revisions\/11055"}],"wp:featuredmedia":[{"embeddable":true,"href":"https:\/\/www.welovecycling.com\/pl\/wp-json\/wp\/v2\/media\/11052"}],"wp:attachment":[{"href":"https:\/\/www.welovecycling.com\/pl\/wp-json\/wp\/v2\/media?parent=11045"}],"wp:term":[{"taxonomy":"category","embeddable":true,"href":"https:\/\/www.welovecycling.com\/pl\/wp-json\/wp\/v2\/categories?post=11045"},{"taxonomy":"post_tag","embeddable":true,"href":"https:\/\/www.welovecycling.com\/pl\/wp-json\/wp\/v2\/tags?post=11045"},{"taxonomy":"global-categories","embeddable":true,"href":"https:\/\/www.welovecycling.com\/pl\/wp-json\/wp\/v2\/global-categories?post=11045"}],"curies":[{"name":"wp","href":"https:\/\/api.w.org\/{rel}","templated":true}]}}