{"id":11030,"date":"2020-08-26T12:00:03","date_gmt":"2020-08-26T12:00:03","guid":{"rendered":"https:\/\/www.welovecycling.com\/pl\/?p=11030"},"modified":"2020-08-26T12:00:03","modified_gmt":"2020-08-26T12:00:03","slug":"pasjonat-w-czerwonej-skodzie-wielkie-wyzwanie-przed-dyrektorem-tour-de-france","status":"publish","type":"post","link":"https:\/\/www.welovecycling.com\/pl\/2020\/08\/26\/pasjonat-w-czerwonej-skodzie-wielkie-wyzwanie-przed-dyrektorem-tour-de-france\/","title":{"rendered":"Pasjonat w czerwonej \u0160kodzie\u2026 Wielkie wyzwanie przed dyrektorem Tour de France!"},"content":{"rendered":"<p><strong>Ju\u017c w sobot\u0119 startuje Tour de France! Kolarze jak zwykle stan\u0105 przed piekielnie trudnym wyzwaniem, ale najbardziej zapracowanym cz\u0142owiekiem b\u0119dzie\u2026 Christian Prudhomme. Dyrektorem Wielkiej P\u0119tli jest od 16 lat, ale tak trudnego wy\u015bcigu jeszcze nie organizowa\u0142.<\/strong><\/p>\n<p>&#8211; Je\u015bli kochasz Tour de France i mistrz\u00f3w kolarstwa, to za\u0142\u00f3\u017c mask\u0119 podczas kibicowania przy trasie \u2013 apeluje od kilku tygodni Prudhomme, ale w tym roku ma na g\u0142owie znacznie wi\u0119cej nowo\u015bci zwi\u0105zanych z Wielk\u0105 P\u0119tla.<\/p>\n<h2><strong>Wiele niewiadomych<\/strong><\/h2>\n<p>Ci\u0105g\u0142e testy na koronawirusa, organizowanie specjalnych warunk\u00f3w noclegowych i \u017cywieniowych, odci\u0119cie kibic\u00f3w od zawodnik\u00f3w, nowe zasady pracy dziennikarzy. Za czas\u00f3w Prudhomme jeszcze nigdy tak wiele nie zmieni\u0142o si\u0119 w jednym wy\u015bcigu. Cho\u0107 dyrektor Tour de France widzia\u0142 i prze\u017cy\u0142 ju\u017c sporo, to od soboty b\u0119dzie przechodzi\u0142 organizacyjny test generalny.<\/p>\n<p>\u2013 To b\u0119dzie wyj\u0105tkowy wy\u015bcig, czeka nas wiele niewiadomych \u2013 przyzna\u0142 Prudhomme w rozmowie z AFP.<\/p>\n<div class=\"embed-controller-wrapper\">\n<blockquote class=\"twitter-tweet\" data-width=\"500\" data-dnt=\"true\">\n<p lang=\"en\" dir=\"ltr\">\u26a0 In 2020, let&#39;s protect the race and its riders!<\/p>\n<p>2\ufe0f\u20e3m away from the riders \ud83d\udd34<br \/>0\ufe0f\u20e3 autographs \u270d<br \/>2\ufe0f\u20e3 personal essentials: mask and hand gel \ud83d\ude37<br \/>0\ufe0f\u20e3 selfies \ud83e\udd33<\/p>\n<p>All supporters, all responsible.<a href=\"https:\/\/twitter.com\/hashtag\/TDF2020?src=hash&amp;ref_src=twsrc%5Etfw\">#TDF2020<\/a> <a href=\"https:\/\/twitter.com\/hashtag\/TDFunited?src=hash&amp;ref_src=twsrc%5Etfw\">#TDFunited<\/a> <a href=\"https:\/\/t.co\/ykLdPoWuPc\">pic.twitter.com\/ykLdPoWuPc<\/a><\/p>\n<p>&mdash; Tour de France\u2122 (@LeTour) <a href=\"https:\/\/twitter.com\/LeTour\/status\/1296798055149318144?ref_src=twsrc%5Etfw\">August 21, 2020<\/a><\/p><\/blockquote>\n<p><script async data-src=\"https:\/\/platform.twitter.com\/widgets.js\" charset=\"utf-8\"><\/script><\/div>\n<p>Sportem interesowa\u0142 si\u0119 od zawsze. Z pasj\u0105 do kolarstwa konkurowa\u0142a jednak s\u0142abo\u015b\u0107 do rugby i lekkoatletyki, a zim\u0105 dyscyplin\u0105 numerem jeden stawa\u0142y si\u0119 narty.<\/p>\n<p>Sam Prudhomme nie mia\u0142 predyspozycji do zawodowego uprawiania sportu, wi\u0119c \u2013 jak to cz\u0119sto w takim przypadku bywa \u2013 postanowi\u0142 pozosta\u0107 blisko wielkich aren, ale wydarzeniom przygl\u0105da\u0107 si\u0119 z boku. A idealnym do tego rozwi\u0105zaniem jest zaw\u00f3d dziennikarza sportowego.<\/p>\n<p>Cho\u0107 czas pokaza\u0142, \u017ce by\u0142 to dopiero pierwszy krok do \u015bwiata wielkiego sportu\u2026<\/p>\n<h2><strong>Kluczowa decyzja<\/strong><\/h2>\n<p>Prudhomme postawi\u0142 na studia dziennikarskie. Przeni\u00f3s\u0142 si\u0119 z Pary\u017ca do Lille, ale szybko zrobi\u0142 to, co w przypadku studi\u00f3w dziennikarskich jest najlepszym rozwi\u0105zaniem &#8211; na uczelni odkrywa\u0142 teori\u0119, a poza zaj\u0119ciami zg\u0142\u0119bia\u0142 praktyk\u0119. Za namow\u0105 jednego z wyk\u0142adowc\u00f3w zacz\u0105\u0142 pracowa\u0107 w telewizji RTL, a z czasem zbiera\u0142 do\u015bwiadczenie w wielu stacjach. Dla niespe\u0142na 30-letniego Prudhomme\u2019a najwa\u017cniejsze by\u0142o jednak, \u017ce ci\u0105gle znajdowa\u0142 si\u0119 blisko sportu.<\/p>\n<p>P\u00f3\u017aniej jego losy uk\u0142ada\u0142y si\u0119 r\u00f3\u017cnie, jak to w dziennikarstwie bywa. Raz by\u0142 gwiazd\u0105 powa\u017cnych program\u00f3w, innym razem l\u0105dowa\u0142 na bezrobociu lub w\u0142asnej dzia\u0142alno\u015bci. Kluczow\u0105 decyzj\u0119 dla swojej kariery i \u017cycia podj\u0105\u0142 w 1998 r., gdy do\u0142\u0105czy\u0142 do wydawcy dziennika L\u2019Equipe, kt\u00f3ry w\u0142a\u015bnie otwiera\u0142 kana\u0142 telewizyjny.<\/p>\n<p>Rozpocz\u0119cie wsp\u00f3\u0142pracy z rodzin\u0105 Amaury sprawia, \u017ce kr\u0119ta droga do Tour de France nagle zaczyna prostowa\u0107 si\u0119 jak na ostatnich metrach kolarskiego finiszu. Amaury to bowiem nie tylko francuscy potentaci medialni, ale tak\u017ce w\u0142a\u015bciciele ASO, kt\u00f3ry organizuje wiele sportowych imprez, m.in. Vuelta a Espana, ale przede wszystkim Tour de France.<\/p>\n<p>https:\/\/twitter.com\/AFPSport\/status\/1296149845967802370?s=20<\/p>\n<h2><strong>\u201eTo b\u0119dzie wyj\u0105tkowy wy\u015bcig\u201d<\/strong><\/h2>\n<p>W 2004 r. Prudhomme by\u0142 ju\u017c zast\u0119pc\u0105 szefa Wielkiej P\u0119tli. To w\u0142a\u015bnie w tym roku wsp\u00f3\u0142prac\u0119 z Tour de France rozpocz\u0119\u0142a te\u017c \u0160koda. Trzy lata p\u00f3\u017aniej Prudhomme by\u0142 ju\u017c najwa\u017cniejsz\u0105 osob\u0105 w czerwonej \u0160kodzie Superb, bo w\u0142a\u015bnie takim pojazdem podczas wy\u015bcigu porusza si\u0119 dyrektor Wielkiej P\u0119tli. W 2007 r. zast\u0105pi\u0142 bowiem Jeana-Marie Leblanca i do dzi\u015b jest dyrektorem Tour de France.<\/p>\n<div class=\"embed-controller-wrapper\">\n<blockquote class=\"twitter-tweet\" data-width=\"500\" data-dnt=\"true\">\n<p lang=\"en\" dir=\"ltr\"><a href=\"https:\/\/twitter.com\/hashtag\/SKODA?src=hash&amp;ref_src=twsrc%5Etfw\">#SKODA<\/a> AUTO is the official main partner of <a href=\"https:\/\/twitter.com\/LeTour?ref_src=twsrc%5Etfw\">@LeTour<\/a> for the 1\ufe0f\u20e37\ufe0f\u20e3th time \u2013 providing up to 250 vehicles for the event\u2019s race management, incl. the Red Car mobile control centre, a <a href=\"https:\/\/twitter.com\/hashtag\/SkodaSuperbiV?src=hash&amp;ref_src=twsrc%5Etfw\">#SkodaSuperbiV<\/a> plug-in hybrid, for Tour Director Christian Prudhomme.<br \/>More \u27a1\ufe0f <a href=\"https:\/\/t.co\/nQsKmtbkqs\">https:\/\/t.co\/nQsKmtbkqs<\/a> <a href=\"https:\/\/t.co\/etzbyLMys4\">pic.twitter.com\/etzbyLMys4<\/a><\/p>\n<p>&mdash; \u0160koda Auto News (@skodaautonews) <a href=\"https:\/\/twitter.com\/skodaautonews\/status\/1295995731808071681?ref_src=twsrc%5Etfw\">August 19, 2020<\/a><\/p><\/blockquote>\n<p><script async data-src=\"https:\/\/platform.twitter.com\/widgets.js\" charset=\"utf-8\"><\/script><\/div>\n<p>Od soboty stanie si\u0119 za to osob\u0105, kt\u00f3rej wszyscy b\u0119d\u0105 patrzyli na r\u0119ce. Startuj\u0105ce Tour de France b\u0119dzie pierwszym z wielkich tour\u00f3w po wznowieniu sezonu.<\/p>\n<p>&#8211; To b\u0119dzie wyj\u0105tkowy wy\u015bcig, bo Wielka P\u0119tla jeszcze nigdy nie rozpoczyna\u0142a si\u0119 tak p\u00f3\u017an\u0105 por\u0105. Teoretycznie temperatura nie b\u0119dzie tak wysoka jak zawsze, ale za to mo\u017cemy spodziewa\u0107 si\u0119 mocniejszego wiatru. Wzd\u0142u\u017c trasy b\u0119dzie te\u017c mniej kibic\u00f3w, ale na pewno b\u0119dzie \u015bwietna zabawa \u2013 uwa\u017ca Prudhomme.<\/p>\n<p>Tegoroczny Tour de France zaczyna si\u0119 w sobot\u0119 w Nicei, a zako\u0144czy 20 wrze\u015bnia w Pary\u017cu.<\/p>\n<p><span data-sheets-value=\"{&quot;1&quot;:2,&quot;2&quot;:&quot;Artyku\u0142 powsta\u0142 we wsp\u00f3\u0142pracy ze skoda-auto.pl&quot;}\" data-sheets-userformat=\"{&quot;2&quot;:1,&quot;3&quot;:{&quot;1&quot;:0}}\" data-sheets-hyperlink=\"http:\/\/www.skoda-auto.pl\/\"><a class=\"in-cell-link\" href=\"http:\/\/www.skoda-auto.pl\/\" target=\"_blank\" rel=\"noopener noreferrer\">Artyku\u0142 powsta\u0142 we wsp\u00f3\u0142pracy ze skoda-auto.pl<\/a><\/span><\/p>\n<p><a href=\"https:\/\/www.skoda-auto.pl\/modele\/karoq\"><img loading=\"lazy\" decoding=\"async\" class=\"aligncenter wp-image-9606 size-full\" src=\"https:\/\/d2p6e6u75xmxt8.cloudfront.net\/5\/2019\/08\/baner_WLC_640x350_1.png\" alt=\"\" width=\"640\" height=\"350\" srcset=\"https:\/\/d2p6e6u75xmxt8.cloudfront.net\/5\/2019\/08\/baner_WLC_640x350_1.png 640w, https:\/\/d2p6e6u75xmxt8.cloudfront.net\/5\/2019\/08\/baner_WLC_640x350_1-300x164.png 300w\" sizes=\"auto, (max-width: 640px) 100vw, 640px\" \/><\/a><\/p>\n","protected":false},"excerpt":{"rendered":"<p>Ju\u017c w sobot\u0119 startuje Tour de France! Kolarze jak zwykle stan\u0105 przed piekielnie trudnym wyzwaniem, ale najbardziej zapracowanym cz\u0142owiekiem b\u0119dzie\u2026 [&hellip;]<\/p>\n","protected":false},"author":125,"featured_media":11034,"comment_status":"open","ping_status":"open","sticky":false,"template":"","format":"standard","meta":{"footnotes":""},"categories":[321],"tags":[],"global-categories":[303],"class_list":["post-11030","post","type-post","status-publish","format-standard","has-post-thumbnail","hentry","category-tour-de-france-2020","global-categories-cycling"],"yoast_head":"<!-- This site is optimized with the Yoast SEO Premium plugin v25.3 (Yoast SEO v25.9) - https:\/\/yoast.com\/wordpress\/plugins\/seo\/ -->\n<title>Pasjonat w czerwonej \u0160kodzie\u2026 Wielkie wyzwanie przed dyrektorem Tour de France! - \u0160koda We Love Cycling - Poland<\/title>\n<meta name=\"description\" content=\"Ju\u017c w sobot\u0119 startuje Tour de France! Kolarze jak zwykle stan\u0105 przed piekielnie trudnym wyzwaniem, ale najbardziej zapracowanym cz\u0142owiekiem b\u0119dzie\u2026 Christian Prudhomme. Dyrektorem Wielkiej P\u0119tli jest od 16 lat, ale tak trudnego wy\u015bcigu jeszcze nie organizowa\u0142.\" \/>\n<meta name=\"robots\" content=\"index, follow, max-snippet:-1, max-image-preview:large, max-video-preview:-1\" \/>\n<link rel=\"canonical\" href=\"https:\/\/www.welovecycling.com\/pl\/2020\/08\/26\/pasjonat-w-czerwonej-skodzie-wielkie-wyzwanie-przed-dyrektorem-tour-de-france\/\" \/>\n<meta property=\"og:locale\" content=\"pl_PL\" \/>\n<meta property=\"og:type\" content=\"article\" \/>\n<meta property=\"og:title\" content=\"Pasjonat w czerwonej \u0160kodzie\u2026 Wielkie wyzwanie przed dyrektorem Tour de France!\" \/>\n<meta property=\"og:description\" content=\"Ju\u017c w sobot\u0119 startuje Tour de France! Kolarze jak zwykle stan\u0105 przed piekielnie trudnym wyzwaniem, ale najbardziej zapracowanym cz\u0142owiekiem b\u0119dzie\u2026 Christian Prudhomme. Dyrektorem Wielkiej P\u0119tli jest od 16 lat, ale tak trudnego wy\u015bcigu jeszcze nie organizowa\u0142.\" \/>\n<meta property=\"og:url\" content=\"https:\/\/www.welovecycling.com\/pl\/2020\/08\/26\/pasjonat-w-czerwonej-skodzie-wielkie-wyzwanie-przed-dyrektorem-tour-de-france\/\" \/>\n<meta property=\"og:site_name\" content=\"\u0160koda We Love Cycling - Poland\" \/>\n<meta property=\"article:published_time\" content=\"2020-08-26T12:00:03+00:00\" \/>\n<meta property=\"og:image\" content=\"https:\/\/d2p6e6u75xmxt8.cloudfront.net\/5\/2020\/08\/Peter-Sagan-CVR-profimedia-0461065513-1024x450-1.jpg\" \/>\n\t<meta property=\"og:image:width\" content=\"1024\" \/>\n\t<meta property=\"og:image:height\" content=\"450\" \/>\n\t<meta property=\"og:image:type\" content=\"image\/jpeg\" \/>\n<meta name=\"author\" content=\"oktawiamikulska\" \/>\n<meta name=\"twitter:card\" content=\"summary_large_image\" \/>\n<meta name=\"twitter:label1\" content=\"Written by\" \/>\n\t<meta name=\"twitter:data1\" content=\"Piotr Nowik\" \/>\n\t<meta name=\"twitter:label2\" content=\"Est. reading time\" \/>\n\t<meta name=\"twitter:data2\" content=\"3 minutes\" \/>\n<script type=\"application\/ld+json\" class=\"yoast-schema-graph\">{\"@context\":\"https:\/\/schema.org\",\"@graph\":[{\"@type\":\"WebPage\",\"@id\":\"https:\/\/www.welovecycling.com\/pl\/2020\/08\/26\/pasjonat-w-czerwonej-skodzie-wielkie-wyzwanie-przed-dyrektorem-tour-de-france\/\",\"url\":\"https:\/\/www.welovecycling.com\/pl\/2020\/08\/26\/pasjonat-w-czerwonej-skodzie-wielkie-wyzwanie-przed-dyrektorem-tour-de-france\/\",\"name\":\"Pasjonat w czerwonej \u0160kodzie\u2026 Wielkie wyzwanie przed dyrektorem Tour de France! - \u0160koda We Love Cycling - Poland\",\"isPartOf\":{\"@id\":\"https:\/\/www.welovecycling.com\/pl\/#website\"},\"primaryImageOfPage\":{\"@id\":\"https:\/\/www.welovecycling.com\/pl\/2020\/08\/26\/pasjonat-w-czerwonej-skodzie-wielkie-wyzwanie-przed-dyrektorem-tour-de-france\/#primaryimage\"},\"image\":{\"@id\":\"https:\/\/www.welovecycling.com\/pl\/2020\/08\/26\/pasjonat-w-czerwonej-skodzie-wielkie-wyzwanie-przed-dyrektorem-tour-de-france\/#primaryimage\"},\"thumbnailUrl\":\"https:\/\/d2p6e6u75xmxt8.cloudfront.net\/5\/2020\/08\/Peter-Sagan-CVR-profimedia-0461065513-1024x450-1.jpg\",\"datePublished\":\"2020-08-26T12:00:03+00:00\",\"author\":{\"@id\":\"https:\/\/www.welovecycling.com\/pl\/#\/schema\/person\/4a79bac7bd265aa6a35a1079d36648be\"},\"description\":\"Ju\u017c w sobot\u0119 startuje Tour de France! Kolarze jak zwykle stan\u0105 przed piekielnie trudnym wyzwaniem, ale najbardziej zapracowanym cz\u0142owiekiem b\u0119dzie\u2026 Christian Prudhomme. Dyrektorem Wielkiej P\u0119tli jest od 16 lat, ale tak trudnego wy\u015bcigu jeszcze nie organizowa\u0142.\",\"breadcrumb\":{\"@id\":\"https:\/\/www.welovecycling.com\/pl\/2020\/08\/26\/pasjonat-w-czerwonej-skodzie-wielkie-wyzwanie-przed-dyrektorem-tour-de-france\/#breadcrumb\"},\"inLanguage\":\"pl-PL\",\"potentialAction\":[{\"@type\":\"ReadAction\",\"target\":[\"https:\/\/www.welovecycling.com\/pl\/2020\/08\/26\/pasjonat-w-czerwonej-skodzie-wielkie-wyzwanie-przed-dyrektorem-tour-de-france\/\"]}]},{\"@type\":\"ImageObject\",\"inLanguage\":\"pl-PL\",\"@id\":\"https:\/\/www.welovecycling.com\/pl\/2020\/08\/26\/pasjonat-w-czerwonej-skodzie-wielkie-wyzwanie-przed-dyrektorem-tour-de-france\/#primaryimage\",\"url\":\"https:\/\/d2p6e6u75xmxt8.cloudfront.net\/5\/2020\/08\/Peter-Sagan-CVR-profimedia-0461065513-1024x450-1.jpg\",\"contentUrl\":\"https:\/\/d2p6e6u75xmxt8.cloudfront.net\/5\/2020\/08\/Peter-Sagan-CVR-profimedia-0461065513-1024x450-1.jpg\",\"width\":1024,\"height\":450},{\"@type\":\"BreadcrumbList\",\"@id\":\"https:\/\/www.welovecycling.com\/pl\/2020\/08\/26\/pasjonat-w-czerwonej-skodzie-wielkie-wyzwanie-przed-dyrektorem-tour-de-france\/#breadcrumb\",\"itemListElement\":[{\"@type\":\"ListItem\",\"position\":1,\"name\":\"Home\",\"item\":\"https:\/\/www.welovecycling.com\/pl\/\"},{\"@type\":\"ListItem\",\"position\":2,\"name\":\"Pasjonat w czerwonej \u0160kodzie\u2026 Wielkie wyzwanie przed dyrektorem Tour de France!\"}]},{\"@type\":\"WebSite\",\"@id\":\"https:\/\/www.welovecycling.com\/pl\/#website\",\"url\":\"https:\/\/www.welovecycling.com\/pl\/\",\"name\":\"\u0160koda We Love Cycling - Poland\",\"description\":\"\",\"potentialAction\":[{\"@type\":\"SearchAction\",\"target\":{\"@type\":\"EntryPoint\",\"urlTemplate\":\"https:\/\/www.welovecycling.com\/pl\/?s={search_term_string}\"},\"query-input\":{\"@type\":\"PropertyValueSpecification\",\"valueRequired\":true,\"valueName\":\"search_term_string\"}}],\"inLanguage\":\"pl-PL\"},{\"@type\":\"Person\",\"@id\":\"https:\/\/www.welovecycling.com\/pl\/#\/schema\/person\/4a79bac7bd265aa6a35a1079d36648be\",\"name\":\"oktawiamikulska\",\"image\":{\"@type\":\"ImageObject\",\"inLanguage\":\"pl-PL\",\"@id\":\"https:\/\/www.welovecycling.com\/pl\/#\/schema\/person\/image\/\",\"url\":\"https:\/\/secure.gravatar.com\/avatar\/b97a3f44e2de6d2f8dd358975937e49823662e12cbd810b9d1a2bff1c149e8a7?s=96&d=mm&r=g\",\"contentUrl\":\"https:\/\/secure.gravatar.com\/avatar\/b97a3f44e2de6d2f8dd358975937e49823662e12cbd810b9d1a2bff1c149e8a7?s=96&d=mm&r=g\",\"caption\":\"oktawiamikulska\"},\"url\":\"https:\/\/www.welovecycling.com\/pl\/author\/oktawiamikulska\/\"}]}<\/script>\n<!-- \/ Yoast SEO Premium plugin. -->","yoast_head_json":{"title":"Pasjonat w czerwonej \u0160kodzie\u2026 Wielkie wyzwanie przed dyrektorem Tour de France! - \u0160koda We Love Cycling - Poland","description":"Ju\u017c w sobot\u0119 startuje Tour de France! Kolarze jak zwykle stan\u0105 przed piekielnie trudnym wyzwaniem, ale najbardziej zapracowanym cz\u0142owiekiem b\u0119dzie\u2026 Christian Prudhomme. Dyrektorem Wielkiej P\u0119tli jest od 16 lat, ale tak trudnego wy\u015bcigu jeszcze nie organizowa\u0142.","robots":{"index":"index","follow":"follow","max-snippet":"max-snippet:-1","max-image-preview":"max-image-preview:large","max-video-preview":"max-video-preview:-1"},"canonical":"https:\/\/www.welovecycling.com\/pl\/2020\/08\/26\/pasjonat-w-czerwonej-skodzie-wielkie-wyzwanie-przed-dyrektorem-tour-de-france\/","og_locale":"pl_PL","og_type":"article","og_title":"Pasjonat w czerwonej \u0160kodzie\u2026 Wielkie wyzwanie przed dyrektorem Tour de France!","og_description":"Ju\u017c w sobot\u0119 startuje Tour de France! Kolarze jak zwykle stan\u0105 przed piekielnie trudnym wyzwaniem, ale najbardziej zapracowanym cz\u0142owiekiem b\u0119dzie\u2026 Christian Prudhomme. Dyrektorem Wielkiej P\u0119tli jest od 16 lat, ale tak trudnego wy\u015bcigu jeszcze nie organizowa\u0142.","og_url":"https:\/\/www.welovecycling.com\/pl\/2020\/08\/26\/pasjonat-w-czerwonej-skodzie-wielkie-wyzwanie-przed-dyrektorem-tour-de-france\/","og_site_name":"\u0160koda We Love Cycling - Poland","article_published_time":"2020-08-26T12:00:03+00:00","og_image":[{"width":1024,"height":450,"url":"https:\/\/d2p6e6u75xmxt8.cloudfront.net\/5\/2020\/08\/Peter-Sagan-CVR-profimedia-0461065513-1024x450-1.jpg","type":"image\/jpeg"}],"author":"oktawiamikulska","twitter_card":"summary_large_image","twitter_misc":{"Written by":"Piotr Nowik","Est. reading time":"3 minutes"},"schema":{"@context":"https:\/\/schema.org","@graph":[{"@type":"WebPage","@id":"https:\/\/www.welovecycling.com\/pl\/2020\/08\/26\/pasjonat-w-czerwonej-skodzie-wielkie-wyzwanie-przed-dyrektorem-tour-de-france\/","url":"https:\/\/www.welovecycling.com\/pl\/2020\/08\/26\/pasjonat-w-czerwonej-skodzie-wielkie-wyzwanie-przed-dyrektorem-tour-de-france\/","name":"Pasjonat w czerwonej \u0160kodzie\u2026 Wielkie wyzwanie przed dyrektorem Tour de France! - \u0160koda We Love Cycling - Poland","isPartOf":{"@id":"https:\/\/www.welovecycling.com\/pl\/#website"},"primaryImageOfPage":{"@id":"https:\/\/www.welovecycling.com\/pl\/2020\/08\/26\/pasjonat-w-czerwonej-skodzie-wielkie-wyzwanie-przed-dyrektorem-tour-de-france\/#primaryimage"},"image":{"@id":"https:\/\/www.welovecycling.com\/pl\/2020\/08\/26\/pasjonat-w-czerwonej-skodzie-wielkie-wyzwanie-przed-dyrektorem-tour-de-france\/#primaryimage"},"thumbnailUrl":"https:\/\/d2p6e6u75xmxt8.cloudfront.net\/5\/2020\/08\/Peter-Sagan-CVR-profimedia-0461065513-1024x450-1.jpg","datePublished":"2020-08-26T12:00:03+00:00","author":{"@id":"https:\/\/www.welovecycling.com\/pl\/#\/schema\/person\/4a79bac7bd265aa6a35a1079d36648be"},"description":"Ju\u017c w sobot\u0119 startuje Tour de France! Kolarze jak zwykle stan\u0105 przed piekielnie trudnym wyzwaniem, ale najbardziej zapracowanym cz\u0142owiekiem b\u0119dzie\u2026 Christian Prudhomme. Dyrektorem Wielkiej P\u0119tli jest od 16 lat, ale tak trudnego wy\u015bcigu jeszcze nie organizowa\u0142.","breadcrumb":{"@id":"https:\/\/www.welovecycling.com\/pl\/2020\/08\/26\/pasjonat-w-czerwonej-skodzie-wielkie-wyzwanie-przed-dyrektorem-tour-de-france\/#breadcrumb"},"inLanguage":"pl-PL","potentialAction":[{"@type":"ReadAction","target":["https:\/\/www.welovecycling.com\/pl\/2020\/08\/26\/pasjonat-w-czerwonej-skodzie-wielkie-wyzwanie-przed-dyrektorem-tour-de-france\/"]}]},{"@type":"ImageObject","inLanguage":"pl-PL","@id":"https:\/\/www.welovecycling.com\/pl\/2020\/08\/26\/pasjonat-w-czerwonej-skodzie-wielkie-wyzwanie-przed-dyrektorem-tour-de-france\/#primaryimage","url":"https:\/\/d2p6e6u75xmxt8.cloudfront.net\/5\/2020\/08\/Peter-Sagan-CVR-profimedia-0461065513-1024x450-1.jpg","contentUrl":"https:\/\/d2p6e6u75xmxt8.cloudfront.net\/5\/2020\/08\/Peter-Sagan-CVR-profimedia-0461065513-1024x450-1.jpg","width":1024,"height":450},{"@type":"BreadcrumbList","@id":"https:\/\/www.welovecycling.com\/pl\/2020\/08\/26\/pasjonat-w-czerwonej-skodzie-wielkie-wyzwanie-przed-dyrektorem-tour-de-france\/#breadcrumb","itemListElement":[{"@type":"ListItem","position":1,"name":"Home","item":"https:\/\/www.welovecycling.com\/pl\/"},{"@type":"ListItem","position":2,"name":"Pasjonat w czerwonej \u0160kodzie\u2026 Wielkie wyzwanie przed dyrektorem Tour de France!"}]},{"@type":"WebSite","@id":"https:\/\/www.welovecycling.com\/pl\/#website","url":"https:\/\/www.welovecycling.com\/pl\/","name":"\u0160koda We Love Cycling - Poland","description":"","potentialAction":[{"@type":"SearchAction","target":{"@type":"EntryPoint","urlTemplate":"https:\/\/www.welovecycling.com\/pl\/?s={search_term_string}"},"query-input":{"@type":"PropertyValueSpecification","valueRequired":true,"valueName":"search_term_string"}}],"inLanguage":"pl-PL"},{"@type":"Person","@id":"https:\/\/www.welovecycling.com\/pl\/#\/schema\/person\/4a79bac7bd265aa6a35a1079d36648be","name":"oktawiamikulska","image":{"@type":"ImageObject","inLanguage":"pl-PL","@id":"https:\/\/www.welovecycling.com\/pl\/#\/schema\/person\/image\/","url":"https:\/\/secure.gravatar.com\/avatar\/b97a3f44e2de6d2f8dd358975937e49823662e12cbd810b9d1a2bff1c149e8a7?s=96&d=mm&r=g","contentUrl":"https:\/\/secure.gravatar.com\/avatar\/b97a3f44e2de6d2f8dd358975937e49823662e12cbd810b9d1a2bff1c149e8a7?s=96&d=mm&r=g","caption":"oktawiamikulska"},"url":"https:\/\/www.welovecycling.com\/pl\/author\/oktawiamikulska\/"}]}},"_links":{"self":[{"href":"https:\/\/www.welovecycling.com\/pl\/wp-json\/wp\/v2\/posts\/11030","targetHints":{"allow":["GET"]}}],"collection":[{"href":"https:\/\/www.welovecycling.com\/pl\/wp-json\/wp\/v2\/posts"}],"about":[{"href":"https:\/\/www.welovecycling.com\/pl\/wp-json\/wp\/v2\/types\/post"}],"author":[{"embeddable":true,"href":"https:\/\/www.welovecycling.com\/pl\/wp-json\/wp\/v2\/users\/125"}],"replies":[{"embeddable":true,"href":"https:\/\/www.welovecycling.com\/pl\/wp-json\/wp\/v2\/comments?post=11030"}],"version-history":[{"count":1,"href":"https:\/\/www.welovecycling.com\/pl\/wp-json\/wp\/v2\/posts\/11030\/revisions"}],"predecessor-version":[{"id":11035,"href":"https:\/\/www.welovecycling.com\/pl\/wp-json\/wp\/v2\/posts\/11030\/revisions\/11035"}],"wp:featuredmedia":[{"embeddable":true,"href":"https:\/\/www.welovecycling.com\/pl\/wp-json\/wp\/v2\/media\/11034"}],"wp:attachment":[{"href":"https:\/\/www.welovecycling.com\/pl\/wp-json\/wp\/v2\/media?parent=11030"}],"wp:term":[{"taxonomy":"category","embeddable":true,"href":"https:\/\/www.welovecycling.com\/pl\/wp-json\/wp\/v2\/categories?post=11030"},{"taxonomy":"post_tag","embeddable":true,"href":"https:\/\/www.welovecycling.com\/pl\/wp-json\/wp\/v2\/tags?post=11030"},{"taxonomy":"global-categories","embeddable":true,"href":"https:\/\/www.welovecycling.com\/pl\/wp-json\/wp\/v2\/global-categories?post=11030"}],"curies":[{"name":"wp","href":"https:\/\/api.w.org\/{rel}","templated":true}]}}