{"id":11020,"date":"2020-08-21T12:39:16","date_gmt":"2020-08-21T12:39:16","guid":{"rendered":"https:\/\/www.welovecycling.com\/pl\/?p=11020"},"modified":"2020-08-21T12:40:41","modified_gmt":"2020-08-21T12:40:41","slug":"jak-bezpiecznie-dzielic-droge-z-kierowcami-ciezarowek","status":"publish","type":"post","link":"https:\/\/www.welovecycling.com\/pl\/2020\/08\/21\/jak-bezpiecznie-dzielic-droge-z-kierowcami-ciezarowek\/","title":{"rendered":"Jak bezpiecznie dzieli\u0107 drog\u0119 z kierowcami ci\u0119\u017car\u00f3wek"},"content":{"rendered":"<p><strong>Ci\u0119\u017ckie pojazdy transportowe stanowi\u0105 du\u017ce zagro\u017cenie dla rowerzyst\u00f3w miejskich. Wed\u0142ug bada\u0144 przeprowadzonych w europejskich miastach obecno\u015b\u0107 ci\u0119\u017car\u00f3wek okaza\u0142a si\u0119 zwi\u0119ksza\u0107 ryzyko wypadk\u00f3w. Ponadto kolizje z ich udzia\u0142em maj\u0105 powa\u017cniejsze konsekwencje.<\/strong><\/p>\n<h2><strong>Ci\u0119\u017car\u00f3wki odpowiedzialne s\u0105 za nawet 25% zgon\u00f3w rowerzyst\u00f3w<\/strong><\/h2>\n<p>W unijnej bazie danych CARE w 2015 r. odnotowano 283 wypadki \u015bmiertelne z udzia\u0142em rowerzyst\u00f3w spowodowane przez kierowc\u00f3w ci\u0119\u017car\u00f3wek. Stanowi\u0142o to prawie 14% wszystkich ofiar \u015bmiertelnych na rowerach w UE. Jednak wska\u017anik ten wzr\u00f3s\u0142 do prawie 25% w krajach takich jak Dania, Estonia, Irlandia czy S\u0142owacja. Najwy\u017cszy odsetek jest obecnie w Londynie, gdzie ci\u0119\u017car\u00f3wki zosta\u0142y zidentyfikowane jako najcz\u0119stszy pojazd powoduj\u0105cy \u015bmier\u0107 rowerzyst\u00f3w od ponad dw\u00f3ch dekad. Dlaczego samochody ci\u0119\u017carowe s\u0105 coraz bardziej niebezpieczne dla rowerzyst\u00f3w? Co rowerzy\u015bci mog\u0105 zrobi\u0107, aby skutecznie chroni\u0107 si\u0119 przed nimi w g\u0119stym ruchu miejskim?<\/p>\n<figure id=\"attachment_178657\" aria-describedby=\"caption-attachment-178657\" style=\"width: 1250px\" class=\"wp-caption alignnone\"><img loading=\"lazy\" decoding=\"async\" class=\"loading wp-image-178657 size-full\" src=\"https:\/\/d2p6e6u75xmxt8.cloudfront.net\/2\/2020\/07\/Cycling-Trucks-profimedia-0234136204.jpg\" alt=\"Cyclists and Trucks\" width=\"1250\" height=\"833\" data-was-processed=\"true\" \/><figcaption id=\"caption-attachment-178657\" class=\"wp-caption-text\">Rowerzysta na jednej z nowych autostrad rowerowych, w tym przypadku CS7, kt\u00f3ra prowadzi z mostu Southwark do Tooting. \u00a9 Profimedia<\/figcaption><\/figure>\n<h2><strong>Mylne za\u0142o\u017cenia i cz\u0119ste b\u0142\u0119dy<\/strong><\/h2>\n<p>W przeprowadzonych badaniach zidentyfikowano najbardziej zauwa\u017calne czynniki ryzyka prowadz\u0105ce do wypadk\u00f3w ci\u0119\u017car\u00f3wek i rower\u00f3w. W\u015br\u00f3d najcz\u0119\u015bciej wymienianych powod\u00f3w nale\u017cy wskaza\u0107 b\u0142\u0119dne za\u0142o\u017cenie rowerzyst\u00f3w o zdolno\u015bci kierowcy ci\u0119\u017car\u00f3wki do ich zobaczenia oraz b\u0142\u0119dne oczekiwania co do tego, jak ci\u0119\u017car\u00f3wki b\u0119d\u0105 porusza\u0107 si\u0119 po ulicach. Z kolei nieprawid\u0142owo ustawione lusterka boczne i brak \u015bwiadomo\u015bci mo\u017cliwych martwych p\u00f3l zosta\u0142y podkre\u015blone jako jedne z najbardziej istotnych powod\u00f3w wypadk\u00f3w powodowanych przez kierowc\u00f3w ci\u0119\u017car\u00f3wek.<\/p>\n<p>Poniewa\u017c w nadchodz\u0105cych latach rowerzy\u015bci wci\u0105\u017c b\u0119d\u0105 dzieli\u0107 drog\u0119 z ci\u0119\u017car\u00f3wkami, zrozumienie punktu widzenia kierowc\u00f3w przez rowerzyst\u00f3w mo\u017ce okaza\u0107 si\u0119 bardzo pomocne. Pomimo profesjonalizmu i wysokich umiej\u0119tno\u015bci kierowcy to tylko ludzie, co czyni ich omylnymi. Bior\u0105c pod uwag\u0119 sam\u0105 mas\u0119 samochod\u00f3w ci\u0119\u017carowych, najmniejsze przeoczenie mo\u017ce mie\u0107 fatalne konsekwencje dla rowerzysty.<\/p>\n<figure id=\"attachment_178656\" aria-describedby=\"caption-attachment-178656\" style=\"width: 1250px\" class=\"wp-caption alignnone\"><img loading=\"lazy\" decoding=\"async\" class=\"loading wp-image-178656 size-full\" src=\"https:\/\/d2p6e6u75xmxt8.cloudfront.net\/2\/2020\/07\/Cycling-Trucks-profimedia-0291176368.jpg\" alt=\"Cyclists and Trucks\" width=\"1250\" height=\"833\" data-was-processed=\"true\" \/><figcaption id=\"caption-attachment-178656\" class=\"wp-caption-text\">Skrzy\u017cowanie w Londynie \u00a9 Profimedia<\/figcaption><\/figure>\n<h2><strong>Rowerzy\u015bci, dajcie ci\u0119\u017car\u00f3wkom miejsce<\/strong><\/h2>\n<p>Poniewa\u017c niewielu rowerzyst\u00f3w mia\u0142o kiedykolwiek okazj\u0119 prowadzi\u0107 ci\u0119\u017car\u00f3wk\u0119, zwykle przeceniaj\u0105 zwrotno\u015b\u0107 du\u017cego pojazdu. Podczas skr\u0119cania mo\u017ce on (a dok\u0142adnie cz\u0119\u015b\u0107 naczepy) wjecha\u0107 na tras\u0119 przeje\u017cd\u017caj\u0105cego rowerzysty i uderzy\u0107 go. Umiej\u0119tno\u015b\u0107 przewidywania ruch\u00f3w ci\u0119\u017car\u00f3wki to najlepszy spos\u00f3b zapobiegania kolizji. W ruchliwych miastach kierowcy samochod\u00f3w ci\u0119\u017carowych maj\u0105 problemy z dopasowaniem si\u0119 do w\u0105skich ulic, zw\u0142aszcza podczas skr\u0119cania. Je\u015bli zauwa\u017cysz, \u017ce sygnalizuj\u0105 skr\u0119t (niewa\u017cne, czy w lewo, czy w prawo), zwolnij i pozw\u00f3l im najpierw wykona\u0107 manewr. Rozmiar ich pojazdu nie oznacza, \u017ce \u200b\u200bmaj\u0105 wi\u0119cej praw drogowych ni\u017c Ty, ale prawdopodobnie Ty pierwszy zauwa\u017cysz ci\u0119\u017car\u00f3wk\u0119, zanim kierowca zorientuje si\u0119, \u017ce jeste\u015b w pobli\u017cu. Pr\u00f3ba przeci\u015bni\u0119cia si\u0119 obok, kiedy skr\u0119ca, jest niepotrzebnym ryzykiem dla wszystkich.<\/p>\n<h2><strong>Problemy w martwym polu<\/strong><\/h2>\n<p>W przypadku ci\u0119\u017car\u00f3wek jest to jeszcze bardziej skomplikowane, poniewa\u017c ich kabiny s\u0105 podniesione ponad poziom jezdni. Podstawowa rada m\u00f3wi, \u017ce je\u015bli nie mo\u017cesz zobaczy\u0107 kierowcy w \u017cadnym z lusterek, jest ryzyko, \u017ce \u200b\u200bkierowca r\u00f3wnie\u017c nie zobaczy Ciebie. Ostatnio w social mediach pojawi\u0142o si\u0119 zdj\u0119cie pokazuj\u0105ce martwe pola ci\u0119\u017car\u00f3wek. Wida\u0107 na nim, \u017ce osoby zebrane we wskazanych obszarach wok\u00f3\u0142 pojazdu zosta\u0142y oznaczone jako niewidoczne dla kierowcy. Obszary te by\u0142y zaskakuj\u0105co du\u017ce nie tylko z przodu i za ci\u0119\u017car\u00f3wk\u0105, ale tak\u017ce po bokach. Dlatego kierowcy ostrzegaj\u0105 rowerzyst\u00f3w przed znajdowaniem si\u0119 na nich, nawet je\u015bli korzystaj\u0105 z pasa rowerowego.<\/p>\n<div class=\"embed-controller-wrapper\">\n<blockquote class=\"twitter-tweet\" data-width=\"500\" data-dnt=\"true\">\n<p lang=\"en\" dir=\"ltr\">Large trucks and buses have huge blind spots, or \u201cNo Zones.\u201d If you can\u2019t see the driver in the vehicle\u2019s side mirror, assume the driver can\u2019t see you! <a href=\"https:\/\/twitter.com\/hashtag\/OurRoads?src=hash&amp;ref_src=twsrc%5Etfw\">#OurRoads<\/a><br \/>FMCSA-2017 <a href=\"https:\/\/t.co\/1z6nYaRm9M\">pic.twitter.com\/1z6nYaRm9M<\/a><\/p>\n<p>&mdash; Minuteman Trucks (@minutemantrucks) <a href=\"https:\/\/twitter.com\/minutemantrucks\/status\/946441626662129664?ref_src=twsrc%5Etfw\">December 28, 2017<\/a><\/p><\/blockquote>\n<p><script async data-src=\"https:\/\/platform.twitter.com\/widgets.js\" charset=\"utf-8\"><\/script><\/div>\n<p>Nigdy te\u017c nie czekaj blisko przedniej cz\u0119\u015bci ci\u0119\u017car\u00f3wki, poniewa\u017c musisz by\u0107 nawet kilka metr\u00f3w przed ni\u0105, aby by\u0107 widocznym. Na \u015bwiat\u0142ach najlepiej pozosta\u0144 w pewnej odleg\u0142o\u015bci od niej, a gdy zapali si\u0119 zielone, \u200b\u200bkontynuuj jazd\u0119 maj\u0105c na uwadze pozycj\u0119 ci\u0119\u017car\u00f3wki. Kiedy musisz j\u0105 wyprzedzi\u0107, zr\u00f3b to na prostym odcinku, na kt\u00f3rym jest jasne, \u017ce kierowca nie skr\u0119ci niespodziewanie w Twoim kierunku.<\/p>\n<p><img loading=\"lazy\" decoding=\"async\" class=\"alignnone size-full wp-image-178658 loading\" src=\"https:\/\/d2p6e6u75xmxt8.cloudfront.net\/2\/2020\/07\/Blind-Spot-Truck-CVR.jpg\" alt=\"Trucks and Cyclists\" width=\"287\" height=\"175\" data-was-processed=\"true\" \/><\/p>\n<p>W przeciwie\u0144stwie do tego, co napisali\u015bmy niedawno, brytyjski kierowca ci\u0119\u017car\u00f3wki Clive Matthews powiedzia\u0142 \u201eForbesowi\u201d, \u017ce kiedy wszystkie lusterka s\u0105 u\u017cywane w spos\u00f3b odpowiedzialny, ca\u0142a sprawa martwego pola jest mitem usprawiedliwiaj\u0105cym kierowc\u00f3w, kt\u00f3rzy nie zawracaj\u0105 sobie g\u0142owy patrzeniem. Wed\u0142ug Matthewsa, kt\u00f3ry sam jest rowerzyst\u0105 i ma sk\u0142adaka w swojej ci\u0119\u017car\u00f3wce, wi\u0119kszo\u015b\u0107 jego koleg\u00f3w jest po prostu s\u0142abo przeszkolona w prawid\u0142owym korzystaniu z lusterek. Uwa\u017ca r\u00f3wnie\u017c, \u017ce regularne treningi mog\u0105 poprawi\u0107 og\u00f3lne interakcje z otoczeniem na ulicy. Niezale\u017cnie od tego, czy chodzi o martwe pole, czy brak \u015bwiadomo\u015bci kierowc\u00f3w, rowerzy\u015bci i tak powinni je\u017adzi\u0107 blisko ci\u0119\u017car\u00f3wek ze szczeg\u00f3ln\u0105 ostro\u017cno\u015bci\u0105.<\/p>\n<p>Chocia\u017c jazda obok ci\u0119\u017car\u00f3wek to dla rowerzyst\u00f3w du\u017ce wyzwanie i wi\u0105\u017ce si\u0119 z niebezpiecze\u0144stwem to przestrzeganie opisanych powy\u017cej zasad mo\u017ce znacz\u0105co obni\u017cy\u0107 ryzyko kolizji.<\/p>\n<p><span data-sheets-value=\"{&quot;1&quot;:2,&quot;2&quot;:&quot;Artyku\u0142 powsta\u0142 we wsp\u00f3\u0142pracy ze skoda-auto.pl&quot;}\" data-sheets-userformat=\"{&quot;2&quot;:1,&quot;3&quot;:{&quot;1&quot;:0}}\" data-sheets-hyperlink=\"http:\/\/www.skoda-auto.pl\/\"><a class=\"in-cell-link\" href=\"http:\/\/www.skoda-auto.pl\/\" target=\"_blank\" rel=\"noopener noreferrer\">Artyku\u0142 powsta\u0142 we wsp\u00f3\u0142pracy ze skoda-auto.pl<\/a><\/span><\/p>\n<p>&nbsp;<\/p>\n<p><a href=\"https:\/\/www.skoda-auto.pl\/modele\/karoq\"><img loading=\"lazy\" decoding=\"async\" class=\"aligncenter wp-image-9609 size-full loading\" src=\"https:\/\/d2p6e6u75xmxt8.cloudfront.net\/5\/2019\/08\/baner_WLC_640x350_4.png\" sizes=\"auto, (max-width: 640px) 100vw, 640px\" srcset=\"https:\/\/d2p6e6u75xmxt8.cloudfront.net\/5\/2019\/08\/baner_WLC_640x350_4.png 640w, https:\/\/d2p6e6u75xmxt8.cloudfront.net\/5\/2019\/08\/baner_WLC_640x350_4-300x164.png 300w\" alt=\"\" width=\"640\" height=\"350\" data-was-processed=\"true\" \/>\u00a0<\/a><\/p>\n","protected":false},"excerpt":{"rendered":"<p>Ci\u0119\u017ckie pojazdy transportowe stanowi\u0105 du\u017ce zagro\u017cenie dla rowerzyst\u00f3w miejskich. Wed\u0142ug bada\u0144 przeprowadzonych w europejskich miastach obecno\u015b\u0107 ci\u0119\u017car\u00f3wek okaza\u0142a si\u0119 zwi\u0119ksza\u0107 [&hellip;]<\/p>\n","protected":false},"author":125,"featured_media":11021,"comment_status":"open","ping_status":"open","sticky":false,"template":"","format":"standard","meta":{"footnotes":""},"categories":[301],"tags":[],"global-categories":[303],"class_list":["post-11020","post","type-post","status-publish","format-standard","has-post-thumbnail","hentry","category-safety","global-categories-cycling"],"yoast_head":"<!-- This site is optimized with the Yoast SEO Premium plugin v25.3 (Yoast SEO v25.9) - https:\/\/yoast.com\/wordpress\/plugins\/seo\/ -->\n<title>Jak bezpiecznie dzieli\u0107 drog\u0119 z kierowcami ci\u0119\u017car\u00f3wek - \u0160koda We Love Cycling - Poland<\/title>\n<meta name=\"description\" content=\"Ci\u0119\u017ckie pojazdy transportowe stanowi\u0105 du\u017ce zagro\u017cenie dla rowerzyst\u00f3w miejskich. Wed\u0142ug bada\u0144 przeprowadzonych w europejskich miastach obecno\u015b\u0107 ci\u0119\u017car\u00f3wek okaza\u0142a si\u0119 zwi\u0119ksza\u0107 ryzyko wypadk\u00f3w. Ponadto kolizje z ich udzia\u0142em maj\u0105 powa\u017cniejsze konsekwencje.\" \/>\n<meta name=\"robots\" content=\"index, follow, max-snippet:-1, max-image-preview:large, max-video-preview:-1\" \/>\n<link rel=\"canonical\" href=\"https:\/\/www.welovecycling.com\/pl\/2020\/08\/21\/jak-bezpiecznie-dzielic-droge-z-kierowcami-ciezarowek\/\" \/>\n<meta property=\"og:locale\" content=\"pl_PL\" \/>\n<meta property=\"og:type\" content=\"article\" \/>\n<meta property=\"og:title\" content=\"Jak bezpiecznie dzieli\u0107 drog\u0119 z kierowcami ci\u0119\u017car\u00f3wek\" \/>\n<meta property=\"og:description\" content=\"Ci\u0119\u017ckie pojazdy transportowe stanowi\u0105 du\u017ce zagro\u017cenie dla rowerzyst\u00f3w miejskich. Wed\u0142ug bada\u0144 przeprowadzonych w europejskich miastach obecno\u015b\u0107 ci\u0119\u017car\u00f3wek okaza\u0142a si\u0119 zwi\u0119ksza\u0107 ryzyko wypadk\u00f3w. Ponadto kolizje z ich udzia\u0142em maj\u0105 powa\u017cniejsze konsekwencje.\" \/>\n<meta property=\"og:url\" content=\"https:\/\/www.welovecycling.com\/pl\/2020\/08\/21\/jak-bezpiecznie-dzielic-droge-z-kierowcami-ciezarowek\/\" \/>\n<meta property=\"og:site_name\" content=\"\u0160koda We Love Cycling - Poland\" \/>\n<meta property=\"article:published_time\" content=\"2020-08-21T12:39:16+00:00\" \/>\n<meta property=\"article:modified_time\" content=\"2020-08-21T12:40:41+00:00\" \/>\n<meta property=\"og:image\" content=\"https:\/\/d2p6e6u75xmxt8.cloudfront.net\/5\/2020\/08\/Cycling-Trucks-CVR-profimedia-0291178810.jpg\" \/>\n\t<meta property=\"og:image:width\" content=\"1366\" \/>\n\t<meta property=\"og:image:height\" content=\"600\" \/>\n\t<meta property=\"og:image:type\" content=\"image\/jpeg\" \/>\n<meta name=\"author\" content=\"oktawiamikulska\" \/>\n<meta name=\"twitter:card\" content=\"summary_large_image\" \/>\n<meta name=\"twitter:label1\" content=\"Written by\" \/>\n\t<meta name=\"twitter:data1\" content=\"Adam Marsal\" \/>\n\t<meta name=\"twitter:label2\" content=\"Est. reading time\" \/>\n\t<meta name=\"twitter:data2\" content=\"4 minutes\" \/>\n<script type=\"application\/ld+json\" class=\"yoast-schema-graph\">{\"@context\":\"https:\/\/schema.org\",\"@graph\":[{\"@type\":\"WebPage\",\"@id\":\"https:\/\/www.welovecycling.com\/pl\/2020\/08\/21\/jak-bezpiecznie-dzielic-droge-z-kierowcami-ciezarowek\/\",\"url\":\"https:\/\/www.welovecycling.com\/pl\/2020\/08\/21\/jak-bezpiecznie-dzielic-droge-z-kierowcami-ciezarowek\/\",\"name\":\"Jak bezpiecznie dzieli\u0107 drog\u0119 z kierowcami ci\u0119\u017car\u00f3wek - \u0160koda We Love Cycling - Poland\",\"isPartOf\":{\"@id\":\"https:\/\/www.welovecycling.com\/pl\/#website\"},\"primaryImageOfPage\":{\"@id\":\"https:\/\/www.welovecycling.com\/pl\/2020\/08\/21\/jak-bezpiecznie-dzielic-droge-z-kierowcami-ciezarowek\/#primaryimage\"},\"image\":{\"@id\":\"https:\/\/www.welovecycling.com\/pl\/2020\/08\/21\/jak-bezpiecznie-dzielic-droge-z-kierowcami-ciezarowek\/#primaryimage\"},\"thumbnailUrl\":\"https:\/\/d2p6e6u75xmxt8.cloudfront.net\/5\/2020\/08\/Cycling-Trucks-CVR-profimedia-0291178810.jpg\",\"datePublished\":\"2020-08-21T12:39:16+00:00\",\"dateModified\":\"2020-08-21T12:40:41+00:00\",\"author\":{\"@id\":\"https:\/\/www.welovecycling.com\/pl\/#\/schema\/person\/4a79bac7bd265aa6a35a1079d36648be\"},\"description\":\"Ci\u0119\u017ckie pojazdy transportowe stanowi\u0105 du\u017ce zagro\u017cenie dla rowerzyst\u00f3w miejskich. Wed\u0142ug bada\u0144 przeprowadzonych w europejskich miastach obecno\u015b\u0107 ci\u0119\u017car\u00f3wek okaza\u0142a si\u0119 zwi\u0119ksza\u0107 ryzyko wypadk\u00f3w. Ponadto kolizje z ich udzia\u0142em maj\u0105 powa\u017cniejsze konsekwencje.\",\"breadcrumb\":{\"@id\":\"https:\/\/www.welovecycling.com\/pl\/2020\/08\/21\/jak-bezpiecznie-dzielic-droge-z-kierowcami-ciezarowek\/#breadcrumb\"},\"inLanguage\":\"pl-PL\",\"potentialAction\":[{\"@type\":\"ReadAction\",\"target\":[\"https:\/\/www.welovecycling.com\/pl\/2020\/08\/21\/jak-bezpiecznie-dzielic-droge-z-kierowcami-ciezarowek\/\"]}]},{\"@type\":\"ImageObject\",\"inLanguage\":\"pl-PL\",\"@id\":\"https:\/\/www.welovecycling.com\/pl\/2020\/08\/21\/jak-bezpiecznie-dzielic-droge-z-kierowcami-ciezarowek\/#primaryimage\",\"url\":\"https:\/\/d2p6e6u75xmxt8.cloudfront.net\/5\/2020\/08\/Cycling-Trucks-CVR-profimedia-0291178810.jpg\",\"contentUrl\":\"https:\/\/d2p6e6u75xmxt8.cloudfront.net\/5\/2020\/08\/Cycling-Trucks-CVR-profimedia-0291178810.jpg\",\"width\":1366,\"height\":600},{\"@type\":\"BreadcrumbList\",\"@id\":\"https:\/\/www.welovecycling.com\/pl\/2020\/08\/21\/jak-bezpiecznie-dzielic-droge-z-kierowcami-ciezarowek\/#breadcrumb\",\"itemListElement\":[{\"@type\":\"ListItem\",\"position\":1,\"name\":\"Home\",\"item\":\"https:\/\/www.welovecycling.com\/pl\/\"},{\"@type\":\"ListItem\",\"position\":2,\"name\":\"Jak bezpiecznie dzieli\u0107 drog\u0119 z kierowcami ci\u0119\u017car\u00f3wek\"}]},{\"@type\":\"WebSite\",\"@id\":\"https:\/\/www.welovecycling.com\/pl\/#website\",\"url\":\"https:\/\/www.welovecycling.com\/pl\/\",\"name\":\"\u0160koda We Love Cycling - Poland\",\"description\":\"\",\"potentialAction\":[{\"@type\":\"SearchAction\",\"target\":{\"@type\":\"EntryPoint\",\"urlTemplate\":\"https:\/\/www.welovecycling.com\/pl\/?s={search_term_string}\"},\"query-input\":{\"@type\":\"PropertyValueSpecification\",\"valueRequired\":true,\"valueName\":\"search_term_string\"}}],\"inLanguage\":\"pl-PL\"},{\"@type\":\"Person\",\"@id\":\"https:\/\/www.welovecycling.com\/pl\/#\/schema\/person\/4a79bac7bd265aa6a35a1079d36648be\",\"name\":\"oktawiamikulska\",\"image\":{\"@type\":\"ImageObject\",\"inLanguage\":\"pl-PL\",\"@id\":\"https:\/\/www.welovecycling.com\/pl\/#\/schema\/person\/image\/\",\"url\":\"https:\/\/secure.gravatar.com\/avatar\/b97a3f44e2de6d2f8dd358975937e49823662e12cbd810b9d1a2bff1c149e8a7?s=96&d=mm&r=g\",\"contentUrl\":\"https:\/\/secure.gravatar.com\/avatar\/b97a3f44e2de6d2f8dd358975937e49823662e12cbd810b9d1a2bff1c149e8a7?s=96&d=mm&r=g\",\"caption\":\"oktawiamikulska\"},\"url\":\"https:\/\/www.welovecycling.com\/pl\/author\/oktawiamikulska\/\"}]}<\/script>\n<!-- \/ Yoast SEO Premium plugin. -->","yoast_head_json":{"title":"Jak bezpiecznie dzieli\u0107 drog\u0119 z kierowcami ci\u0119\u017car\u00f3wek - \u0160koda We Love Cycling - Poland","description":"Ci\u0119\u017ckie pojazdy transportowe stanowi\u0105 du\u017ce zagro\u017cenie dla rowerzyst\u00f3w miejskich. Wed\u0142ug bada\u0144 przeprowadzonych w europejskich miastach obecno\u015b\u0107 ci\u0119\u017car\u00f3wek okaza\u0142a si\u0119 zwi\u0119ksza\u0107 ryzyko wypadk\u00f3w. Ponadto kolizje z ich udzia\u0142em maj\u0105 powa\u017cniejsze konsekwencje.","robots":{"index":"index","follow":"follow","max-snippet":"max-snippet:-1","max-image-preview":"max-image-preview:large","max-video-preview":"max-video-preview:-1"},"canonical":"https:\/\/www.welovecycling.com\/pl\/2020\/08\/21\/jak-bezpiecznie-dzielic-droge-z-kierowcami-ciezarowek\/","og_locale":"pl_PL","og_type":"article","og_title":"Jak bezpiecznie dzieli\u0107 drog\u0119 z kierowcami ci\u0119\u017car\u00f3wek","og_description":"Ci\u0119\u017ckie pojazdy transportowe stanowi\u0105 du\u017ce zagro\u017cenie dla rowerzyst\u00f3w miejskich. Wed\u0142ug bada\u0144 przeprowadzonych w europejskich miastach obecno\u015b\u0107 ci\u0119\u017car\u00f3wek okaza\u0142a si\u0119 zwi\u0119ksza\u0107 ryzyko wypadk\u00f3w. Ponadto kolizje z ich udzia\u0142em maj\u0105 powa\u017cniejsze konsekwencje.","og_url":"https:\/\/www.welovecycling.com\/pl\/2020\/08\/21\/jak-bezpiecznie-dzielic-droge-z-kierowcami-ciezarowek\/","og_site_name":"\u0160koda We Love Cycling - Poland","article_published_time":"2020-08-21T12:39:16+00:00","article_modified_time":"2020-08-21T12:40:41+00:00","og_image":[{"width":1366,"height":600,"url":"https:\/\/d2p6e6u75xmxt8.cloudfront.net\/5\/2020\/08\/Cycling-Trucks-CVR-profimedia-0291178810.jpg","type":"image\/jpeg"}],"author":"oktawiamikulska","twitter_card":"summary_large_image","twitter_misc":{"Written by":"Adam Marsal","Est. reading time":"4 minutes"},"schema":{"@context":"https:\/\/schema.org","@graph":[{"@type":"WebPage","@id":"https:\/\/www.welovecycling.com\/pl\/2020\/08\/21\/jak-bezpiecznie-dzielic-droge-z-kierowcami-ciezarowek\/","url":"https:\/\/www.welovecycling.com\/pl\/2020\/08\/21\/jak-bezpiecznie-dzielic-droge-z-kierowcami-ciezarowek\/","name":"Jak bezpiecznie dzieli\u0107 drog\u0119 z kierowcami ci\u0119\u017car\u00f3wek - \u0160koda We Love Cycling - Poland","isPartOf":{"@id":"https:\/\/www.welovecycling.com\/pl\/#website"},"primaryImageOfPage":{"@id":"https:\/\/www.welovecycling.com\/pl\/2020\/08\/21\/jak-bezpiecznie-dzielic-droge-z-kierowcami-ciezarowek\/#primaryimage"},"image":{"@id":"https:\/\/www.welovecycling.com\/pl\/2020\/08\/21\/jak-bezpiecznie-dzielic-droge-z-kierowcami-ciezarowek\/#primaryimage"},"thumbnailUrl":"https:\/\/d2p6e6u75xmxt8.cloudfront.net\/5\/2020\/08\/Cycling-Trucks-CVR-profimedia-0291178810.jpg","datePublished":"2020-08-21T12:39:16+00:00","dateModified":"2020-08-21T12:40:41+00:00","author":{"@id":"https:\/\/www.welovecycling.com\/pl\/#\/schema\/person\/4a79bac7bd265aa6a35a1079d36648be"},"description":"Ci\u0119\u017ckie pojazdy transportowe stanowi\u0105 du\u017ce zagro\u017cenie dla rowerzyst\u00f3w miejskich. Wed\u0142ug bada\u0144 przeprowadzonych w europejskich miastach obecno\u015b\u0107 ci\u0119\u017car\u00f3wek okaza\u0142a si\u0119 zwi\u0119ksza\u0107 ryzyko wypadk\u00f3w. Ponadto kolizje z ich udzia\u0142em maj\u0105 powa\u017cniejsze konsekwencje.","breadcrumb":{"@id":"https:\/\/www.welovecycling.com\/pl\/2020\/08\/21\/jak-bezpiecznie-dzielic-droge-z-kierowcami-ciezarowek\/#breadcrumb"},"inLanguage":"pl-PL","potentialAction":[{"@type":"ReadAction","target":["https:\/\/www.welovecycling.com\/pl\/2020\/08\/21\/jak-bezpiecznie-dzielic-droge-z-kierowcami-ciezarowek\/"]}]},{"@type":"ImageObject","inLanguage":"pl-PL","@id":"https:\/\/www.welovecycling.com\/pl\/2020\/08\/21\/jak-bezpiecznie-dzielic-droge-z-kierowcami-ciezarowek\/#primaryimage","url":"https:\/\/d2p6e6u75xmxt8.cloudfront.net\/5\/2020\/08\/Cycling-Trucks-CVR-profimedia-0291178810.jpg","contentUrl":"https:\/\/d2p6e6u75xmxt8.cloudfront.net\/5\/2020\/08\/Cycling-Trucks-CVR-profimedia-0291178810.jpg","width":1366,"height":600},{"@type":"BreadcrumbList","@id":"https:\/\/www.welovecycling.com\/pl\/2020\/08\/21\/jak-bezpiecznie-dzielic-droge-z-kierowcami-ciezarowek\/#breadcrumb","itemListElement":[{"@type":"ListItem","position":1,"name":"Home","item":"https:\/\/www.welovecycling.com\/pl\/"},{"@type":"ListItem","position":2,"name":"Jak bezpiecznie dzieli\u0107 drog\u0119 z kierowcami ci\u0119\u017car\u00f3wek"}]},{"@type":"WebSite","@id":"https:\/\/www.welovecycling.com\/pl\/#website","url":"https:\/\/www.welovecycling.com\/pl\/","name":"\u0160koda We Love Cycling - Poland","description":"","potentialAction":[{"@type":"SearchAction","target":{"@type":"EntryPoint","urlTemplate":"https:\/\/www.welovecycling.com\/pl\/?s={search_term_string}"},"query-input":{"@type":"PropertyValueSpecification","valueRequired":true,"valueName":"search_term_string"}}],"inLanguage":"pl-PL"},{"@type":"Person","@id":"https:\/\/www.welovecycling.com\/pl\/#\/schema\/person\/4a79bac7bd265aa6a35a1079d36648be","name":"oktawiamikulska","image":{"@type":"ImageObject","inLanguage":"pl-PL","@id":"https:\/\/www.welovecycling.com\/pl\/#\/schema\/person\/image\/","url":"https:\/\/secure.gravatar.com\/avatar\/b97a3f44e2de6d2f8dd358975937e49823662e12cbd810b9d1a2bff1c149e8a7?s=96&d=mm&r=g","contentUrl":"https:\/\/secure.gravatar.com\/avatar\/b97a3f44e2de6d2f8dd358975937e49823662e12cbd810b9d1a2bff1c149e8a7?s=96&d=mm&r=g","caption":"oktawiamikulska"},"url":"https:\/\/www.welovecycling.com\/pl\/author\/oktawiamikulska\/"}]}},"_links":{"self":[{"href":"https:\/\/www.welovecycling.com\/pl\/wp-json\/wp\/v2\/posts\/11020","targetHints":{"allow":["GET"]}}],"collection":[{"href":"https:\/\/www.welovecycling.com\/pl\/wp-json\/wp\/v2\/posts"}],"about":[{"href":"https:\/\/www.welovecycling.com\/pl\/wp-json\/wp\/v2\/types\/post"}],"author":[{"embeddable":true,"href":"https:\/\/www.welovecycling.com\/pl\/wp-json\/wp\/v2\/users\/125"}],"replies":[{"embeddable":true,"href":"https:\/\/www.welovecycling.com\/pl\/wp-json\/wp\/v2\/comments?post=11020"}],"version-history":[{"count":2,"href":"https:\/\/www.welovecycling.com\/pl\/wp-json\/wp\/v2\/posts\/11020\/revisions"}],"predecessor-version":[{"id":11025,"href":"https:\/\/www.welovecycling.com\/pl\/wp-json\/wp\/v2\/posts\/11020\/revisions\/11025"}],"wp:featuredmedia":[{"embeddable":true,"href":"https:\/\/www.welovecycling.com\/pl\/wp-json\/wp\/v2\/media\/11021"}],"wp:attachment":[{"href":"https:\/\/www.welovecycling.com\/pl\/wp-json\/wp\/v2\/media?parent=11020"}],"wp:term":[{"taxonomy":"category","embeddable":true,"href":"https:\/\/www.welovecycling.com\/pl\/wp-json\/wp\/v2\/categories?post=11020"},{"taxonomy":"post_tag","embeddable":true,"href":"https:\/\/www.welovecycling.com\/pl\/wp-json\/wp\/v2\/tags?post=11020"},{"taxonomy":"global-categories","embeddable":true,"href":"https:\/\/www.welovecycling.com\/pl\/wp-json\/wp\/v2\/global-categories?post=11020"}],"curies":[{"name":"wp","href":"https:\/\/api.w.org\/{rel}","templated":true}]}}