{"id":11007,"date":"2020-08-17T18:26:59","date_gmt":"2020-08-17T18:26:59","guid":{"rendered":"https:\/\/www.welovecycling.com\/pl\/?p=11007"},"modified":"2020-08-17T18:26:59","modified_gmt":"2020-08-17T18:26:59","slug":"odliczanie-rozpoczete-ostatnie-przygotowania-do-kolarskiej-uczty","status":"publish","type":"post","link":"https:\/\/www.welovecycling.com\/pl\/2020\/08\/17\/odliczanie-rozpoczete-ostatnie-przygotowania-do-kolarskiej-uczty\/","title":{"rendered":"Odliczanie rozpocz\u0119te! Ostatnie przygotowania do kolarskiej uczty"},"content":{"rendered":"<p><strong>Ostatnie treningi, taktyczne szlify i zaczynamy najwi\u0119kszy wy\u015bcig \u015bwiata! Za niespe\u0142na dwa tygodnie startuje Tour de France, a za nami ostatni powa\u017cny sprawdzian &#8211; Criterium du Dauphine, kt\u00f3re wygra\u0142 Daniel Martinez (EF Pro Cycling). Kolumbijczyk na mecie by\u0142 bardzo szcz\u0119\u015bliwy. \u2013 To jeden z najwspanialszych dni w moim \u017cyciu \u2013 przyzna\u0142.<\/strong><\/p>\n<p>Je\u015bli tak wygl\u0105da\u0142 przedsmak Wielkiej P\u0119tli, to ju\u017c na sam\u0105 my\u015bl o Tour de France mo\u017cna dosta\u0107 wypiek\u00f3w. Skr\u00f3cony Criterium du Dauphine dostarczy\u0142 bowiem wielu emocji, ale tak\u017ce zaskakuj\u0105cych rozstrzygni\u0119\u0107.<\/p>\n<p>&#8211; To by\u0142 upalny i intensywny tydzie\u0144. Pr\u00f3buj\u0119 wyobrazi\u0107 sobie Tour de France \u2013 napisa\u0142 na Twitterze Micha\u0142 Kwiatkowski (Team Ineos), kt\u00f3ry wycofa\u0142 si\u0119 na ostatnim etapie.<\/p>\n<div class=\"embed-controller-wrapper\">\n<blockquote class=\"twitter-tweet\" data-width=\"500\" data-dnt=\"true\">\n<p lang=\"en\" dir=\"ltr\">If that was hot and intense, try to imagine <a href=\"https:\/\/twitter.com\/LeTour?ref_src=twsrc%5Etfw\">@LeTour<\/a>&#8230; What a week at <a href=\"https:\/\/twitter.com\/dauphine?ref_src=twsrc%5Etfw\">@dauphine<\/a> \ud83d\udd25 @TeamINEOS <br \/>\ud83d\udcf7 <a href=\"https:\/\/twitter.com\/therussellellis?ref_src=twsrc%5Etfw\">@therussellellis<\/a> <a href=\"https:\/\/t.co\/rKpQSzesaG\">pic.twitter.com\/rKpQSzesaG<\/a><\/p>\n<p>&mdash; Micha\u0142 Kwiatkowski (@kwiato) <a href=\"https:\/\/twitter.com\/kwiato\/status\/1295031429848604677?ref_src=twsrc%5Etfw\">August 16, 2020<\/a><\/p><\/blockquote>\n<p><script async data-src=\"https:\/\/platform.twitter.com\/widgets.js\" charset=\"utf-8\"><\/script><\/div>\n<p>Criterium du Dauphine mia\u0142 pokaza\u0107, jak silni s\u0105 zawodnicy z Team Jumbo Visma oraz Team Ineos. Szczeg\u00f3lnie ta druga ekipa mia\u0142a pr\u0119\u017cy\u0107 musku\u0142y przed Tour de France, w ko\u0144cu zgarn\u0119\u0142a tam pi\u0119\u0107 ostatnich zwyci\u0119stw. W Criterium du Dauphine gwiazdorzy Ineos odgrywali jednak drugoplanowe role. Chris Froome zaj\u0105\u0142 92. miejsce, a Geraint Thomas 105. Z kolei Egan Bernal, zwyci\u0119zca ostatniej Wielkiej P\u0119tli, wycofa\u0142 si\u0119 z powodu kontuzji plec\u00f3w.<\/p>\n<p>Najlepszy w Ineos by\u0142 Pavel Sivakov, kt\u00f3ry sko\u0144czy\u0142 wy\u015bcig na 11. pozycji.<\/p>\n<p>&#8211; Spokojnie, do Tour de France jeszcze sporo czasu, nie ma powodu do zmartwie\u0144 i zdenerwowania \u2013 uspokaja\u0142 Sivakov.<\/p>\n<p>Z poczuciem niedosytu Criterium du Dauphine zako\u0144czy\u0142 tak\u017ce zesp\u00f3\u0142 Jumbo Visma. \u00a0Po czterech etapach zesp\u00f3\u0142 m\u00f3g\u0142 mrozi\u0107 szampany, poniewa\u017c Primo\u017c Rogli\u0107 prowadzi\u0142 w klasyfikacji generalnej. W sobot\u0119 S\u0142oweniec wzi\u0105\u0142 jednak udzia\u0142 w kraksie. Nast\u0119pnego dnia mia\u0142 problemy z chodzeniem, wi\u0119c o \u015bciganiu si\u0119 nie by\u0142o mowy i na ostatni etap ju\u017c nie wyjecha\u0142.<\/p>\n<p>\u201eTo, jak powa\u017cna jest kontuzja, zdeterminuje nasze plany zwi\u0105zane ze zbli\u017caj\u0105cymi si\u0119 wy\u015bcigami\u201d \u2013 napisa\u0142a dru\u017cyna na Twitterze.<\/p>\n<div class=\"embed-controller-wrapper\">\n<blockquote class=\"twitter-tweet\" data-width=\"500\" data-dnt=\"true\">\n<p lang=\"en\" dir=\"ltr\">\ud83c\uddeb\ud83c\uddf7 <a href=\"https:\/\/twitter.com\/hashtag\/Dauphin%C3%A9?src=hash&amp;ref_src=twsrc%5Etfw\">#Dauphin\u00e9<\/a><\/p>\n<p>As a result of his crash yesterday, Primoz Roglic &#8211; leader in the GC and points classification &#8211; won\u2019t start in the ultimate stage today. The evolution of his injuries will determine the plans for the upcoming races. Speedy recovery, <a href=\"https:\/\/twitter.com\/rogla?ref_src=twsrc%5Etfw\">@rogla<\/a> \ud83e\udd1e <a href=\"https:\/\/t.co\/xvam2hlX69\">pic.twitter.com\/xvam2hlX69<\/a><\/p>\n<p>&mdash; Team Visma | Lease a Bike (@vismaleaseabike) <a href=\"https:\/\/twitter.com\/vismaleaseabike\/status\/1294927097417338880?ref_src=twsrc%5Etfw\">August 16, 2020<\/a><\/p><\/blockquote>\n<p><script async data-src=\"https:\/\/platform.twitter.com\/widgets.js\" charset=\"utf-8\"><\/script><\/div>\n<p>Z rozczarowuj\u0105cych wyst\u0119p\u00f3w faworyt\u00f3w skorzysta\u0142 Daniel Martinez, kt\u00f3ry ostatni etap sko\u0144czy\u0142 jako drugi (za Seppem Kussem z Jumbo-Visma), ale to pozwoli\u0142o mu wskoczy\u0107 na pierwsze miejsce w klasyfikacji generalnej.<\/p>\n<p>&#8211; Jestem bardzo szcz\u0119\u015bliwy, to jeden z najwspanialszych dni w moim \u017cyciu. Zm\u0119czenie jest jednak tak du\u017ce, \u017ce nadal nie mog\u0119 uwierzy\u0107 w to zwyci\u0119stwo \u2013 m\u00f3wi\u0142 Martinez na mecie.<\/p>\n<p>&#8211; Wygra\u0142em dla ca\u0142ej mojej rodziny, ale tak\u017ce dla wszystkich ludzi, kt\u00f3rzy wierzyli i wspierali mnie, bym m\u00f3g\u0142 doj\u015b\u0107 do tego miejsca. Nasz zesp\u00f3\u0142 ci\u0119\u017cko pracowa\u0142, prze\u017cywali\u015bmy trudne chwile, ale wszyscy byli niesamowici \u2013 doda\u0142<span style=\"font-size: 16px;\">.<\/span><\/p>\n<div class=\"embed-controller-wrapper\">\n<blockquote class=\"twitter-tweet\" data-width=\"500\" data-dnt=\"true\">\n<p lang=\"fr\" dir=\"ltr\">\ud83c\udfa5 Beaucoup de montagne et de suspense pour le sacre de \ud83c\udde8\ud83c\uddf4<a href=\"https:\/\/twitter.com\/danifmartinez96?ref_src=twsrc%5Etfw\">@danifmartinez96<\/a>, une bonne r\u00e9p\u00e9tition pour <a href=\"https:\/\/twitter.com\/LeTour?ref_src=twsrc%5Etfw\">@letour<\/a>. R\u00e9sum\u00e9 de ce <a href=\"https:\/\/twitter.com\/hashtag\/Dauphin%C3%A9?src=hash&amp;ref_src=twsrc%5Etfw\">#Dauphin\u00e9<\/a> 2020. \ud83d\udeb4\ud83c\udffb\u200d\u2642\ufe0f<\/p>\n<p>\ud83c\udfa5 A lot of climbs and suspense for the coronation of \ud83c\udde8\ud83c\uddf4<a href=\"https:\/\/twitter.com\/danifmartinez96?ref_src=twsrc%5Etfw\">@danifmartinez96<\/a>, a good training for <a href=\"https:\/\/twitter.com\/LeTour?ref_src=twsrc%5Etfw\">@letour<\/a>. Highlights of this <a href=\"https:\/\/twitter.com\/hashtag\/Dauphin%C3%A9?src=hash&amp;ref_src=twsrc%5Etfw\">#Dauphin\u00e9<\/a>. \ud83d\udeb4\ud83c\udffb\u200d\u2642\ufe0f <a href=\"https:\/\/t.co\/1iF4C4zH9H\">pic.twitter.com\/1iF4C4zH9H<\/a><\/p>\n<p>&mdash; Crit\u00e9rium du Dauphin\u00e9 (@dauphine) <a href=\"https:\/\/twitter.com\/dauphine\/status\/1295059830034567171?ref_src=twsrc%5Etfw\">August 16, 2020<\/a><\/p><\/blockquote>\n<p><script async data-src=\"https:\/\/platform.twitter.com\/widgets.js\" charset=\"utf-8\"><\/script><\/div>\n<p>Podczas gdy cz\u0119\u015b\u0107 zawodnik\u00f3w \u015bciga\u0142a si\u0119 w Criterium du Dauphine, inni zdecydowali si\u0119 na udzia\u0142 w Il Lombardia. Wy\u015bcig wygra\u0142 Jakob Fuglsang (Astana Pro Team), ale w trakcie rywalizacji dosz\u0142o do bardzo gro\u017anie wygl\u0105daj\u0105cego wypadku. Remco Evenepoel (Deceuninck-Quick Step), zwyci\u0119zca ostatniego Tour de Pologne, straci\u0142 r\u00f3wnowag\u0119, wypad\u0142 poza szos\u0119 <em>i w wyniku poniesionych obra\u017ce\u0144 zosta\u0142 przetransportowany do szpitala.<\/em><\/p>\n<p>Pierwsze doniesienia by\u0142y bardzo niepokoj\u0105ce, ale ostatecznie okaza\u0142o si\u0119, \u017ce m\u0142ody Belg (wi\u0119cej o nim mo\u017cecie przeczyta\u0107 <a href=\"https:\/\/www.welovecycling.com\/pl\/2020\/08\/13\/rozpoczal-sie-generalny-test-przed-tour-de-france\/\">TUTAJ<\/a>)\u00a0ma z\u0142amania, jest poobijany, ale jego \u017cyciu nie zagra\u017ca niebezpiecze\u0144stwo. Ten sezon musi sobie ju\u017c jednak odpu\u015bci\u0107<\/p>\n<div class=\"embed-controller-wrapper\">\n<blockquote class=\"twitter-tweet\" data-width=\"500\" data-dnt=\"true\">\n<p lang=\"en\" dir=\"ltr\">We have a fresh update on <a href=\"https:\/\/twitter.com\/EvenepoelRemco?ref_src=twsrc%5Etfw\">@EvenepoelRemco<\/a> &#8211; who suffered multiple injuries following his <a href=\"https:\/\/twitter.com\/hashtag\/ILombardia?src=hash&amp;ref_src=twsrc%5Etfw\">#ILombardia<\/a> crash &#8211; so please join us in wishing him a fast recovery: <a href=\"https:\/\/t.co\/5Le18VRy9U\">https:\/\/t.co\/5Le18VRy9U<\/a><br \/>Photo: <a href=\"https:\/\/twitter.com\/GettySport?ref_src=twsrc%5Etfw\">@GettySport<\/a> <a href=\"https:\/\/t.co\/412I92pEPh\">pic.twitter.com\/412I92pEPh<\/a><\/p>\n<p>&mdash; Soudal Quick-Step Pro Cycling Team (@soudalquickstep) <a href=\"https:\/\/twitter.com\/soudalquickstep\/status\/1294695334321500161?ref_src=twsrc%5Etfw\">August 15, 2020<\/a><\/p><\/blockquote>\n<p><script async data-src=\"https:\/\/platform.twitter.com\/widgets.js\" charset=\"utf-8\"><\/script><\/div>\n<p>Teraz zawodnicy odliczaj\u0105 ju\u017c tylko dni do rozpocz\u0119cia Tour de France. Najwi\u0119kszy wy\u015bcig \u015bwiata zaczyna si\u0119 w kolejn\u0105 sobot\u0119 (29 sierpnia), a kolarska uczta potrwa do 20 wrze\u015bnia.<\/p>\n<p><span data-sheets-value=\"{&quot;1&quot;:2,&quot;2&quot;:&quot;Artyku\u0142 powsta\u0142 we wsp\u00f3\u0142pracy ze skoda-auto.pl&quot;}\" data-sheets-userformat=\"{&quot;2&quot;:1,&quot;3&quot;:{&quot;1&quot;:0}}\" data-sheets-hyperlink=\"http:\/\/www.skoda-auto.pl\/\"><a class=\"in-cell-link\" href=\"http:\/\/www.skoda-auto.pl\/\" target=\"_blank\" rel=\"noopener noreferrer\">Artyku\u0142 powsta\u0142 we wsp\u00f3\u0142pracy ze skoda-auto.pl<\/a><\/span><\/p>\n<p>&nbsp;<\/p>\n<p><a href=\"https:\/\/www.skoda-auto.pl\/modele\/karoq\">\u00a0<\/a><a href=\"https:\/\/www.skoda-auto.pl\/modele\/kodiaq\"><img loading=\"lazy\" decoding=\"async\" class=\"aligncenter wp-image-9607 size-full\" src=\"https:\/\/d2p6e6u75xmxt8.cloudfront.net\/5\/2019\/08\/baner_WLC_640x350_2.png\" alt=\"\" width=\"640\" height=\"350\" srcset=\"https:\/\/d2p6e6u75xmxt8.cloudfront.net\/5\/2019\/08\/baner_WLC_640x350_2.png 640w, https:\/\/d2p6e6u75xmxt8.cloudfront.net\/5\/2019\/08\/baner_WLC_640x350_2-300x164.png 300w\" sizes=\"auto, (max-width: 640px) 100vw, 640px\" \/><\/a><\/p>\n<p>&nbsp;<\/p>\n<p>&nbsp;<\/p>\n","protected":false},"excerpt":{"rendered":"<p>Ostatnie treningi, taktyczne szlify i zaczynamy najwi\u0119kszy wy\u015bcig \u015bwiata! Za niespe\u0142na dwa tygodnie startuje Tour de France, a za nami [&hellip;]<\/p>\n","protected":false},"author":125,"featured_media":11012,"comment_status":"open","ping_status":"open","sticky":false,"template":"","format":"standard","meta":{"footnotes":""},"categories":[295],"tags":[],"global-categories":[303],"class_list":["post-11007","post","type-post","status-publish","format-standard","has-post-thumbnail","hentry","category-zawody","global-categories-cycling"],"yoast_head":"<!-- This site is optimized with the Yoast SEO Premium plugin v25.3 (Yoast SEO v25.9) - https:\/\/yoast.com\/wordpress\/plugins\/seo\/ -->\n<title>Odliczanie rozpocz\u0119te! Ostatnie przygotowania do kolarskiej uczty - \u0160koda We Love Cycling - Poland<\/title>\n<meta name=\"robots\" content=\"index, follow, max-snippet:-1, max-image-preview:large, max-video-preview:-1\" \/>\n<link rel=\"canonical\" href=\"https:\/\/www.welovecycling.com\/pl\/2020\/08\/17\/odliczanie-rozpoczete-ostatnie-przygotowania-do-kolarskiej-uczty\/\" \/>\n<meta property=\"og:locale\" content=\"pl_PL\" \/>\n<meta property=\"og:type\" content=\"article\" \/>\n<meta property=\"og:title\" content=\"Odliczanie rozpocz\u0119te! Ostatnie przygotowania do kolarskiej uczty\" \/>\n<meta property=\"og:description\" content=\"Ostatnie treningi, taktyczne szlify i zaczynamy najwi\u0119kszy wy\u015bcig \u015bwiata! Za niespe\u0142na dwa tygodnie startuje Tour de France, a za nami [&hellip;]\" \/>\n<meta property=\"og:url\" content=\"https:\/\/www.welovecycling.com\/pl\/2020\/08\/17\/odliczanie-rozpoczete-ostatnie-przygotowania-do-kolarskiej-uczty\/\" \/>\n<meta property=\"og:site_name\" content=\"\u0160koda We Love Cycling - Poland\" \/>\n<meta property=\"article:published_time\" content=\"2020-08-17T18:26:59+00:00\" \/>\n<meta property=\"og:image\" content=\"https:\/\/d2p6e6u75xmxt8.cloudfront.net\/5\/2020\/08\/dani-martinez-CVR-profimedia-0553115100-1024x450-1.jpg\" \/>\n\t<meta property=\"og:image:width\" content=\"1024\" \/>\n\t<meta property=\"og:image:height\" content=\"450\" \/>\n\t<meta property=\"og:image:type\" content=\"image\/jpeg\" \/>\n<meta name=\"author\" content=\"oktawiamikulska\" \/>\n<meta name=\"twitter:card\" content=\"summary_large_image\" \/>\n<meta name=\"twitter:label1\" content=\"Written by\" \/>\n\t<meta name=\"twitter:data1\" content=\"Piotr Nowik\" \/>\n\t<meta name=\"twitter:label2\" content=\"Est. reading time\" \/>\n\t<meta name=\"twitter:data2\" content=\"3 minutes\" \/>\n<script type=\"application\/ld+json\" class=\"yoast-schema-graph\">{\"@context\":\"https:\/\/schema.org\",\"@graph\":[{\"@type\":\"WebPage\",\"@id\":\"https:\/\/www.welovecycling.com\/pl\/2020\/08\/17\/odliczanie-rozpoczete-ostatnie-przygotowania-do-kolarskiej-uczty\/\",\"url\":\"https:\/\/www.welovecycling.com\/pl\/2020\/08\/17\/odliczanie-rozpoczete-ostatnie-przygotowania-do-kolarskiej-uczty\/\",\"name\":\"Odliczanie rozpocz\u0119te! Ostatnie przygotowania do kolarskiej uczty - \u0160koda We Love Cycling - Poland\",\"isPartOf\":{\"@id\":\"https:\/\/www.welovecycling.com\/pl\/#website\"},\"primaryImageOfPage\":{\"@id\":\"https:\/\/www.welovecycling.com\/pl\/2020\/08\/17\/odliczanie-rozpoczete-ostatnie-przygotowania-do-kolarskiej-uczty\/#primaryimage\"},\"image\":{\"@id\":\"https:\/\/www.welovecycling.com\/pl\/2020\/08\/17\/odliczanie-rozpoczete-ostatnie-przygotowania-do-kolarskiej-uczty\/#primaryimage\"},\"thumbnailUrl\":\"https:\/\/d2p6e6u75xmxt8.cloudfront.net\/5\/2020\/08\/dani-martinez-CVR-profimedia-0553115100-1024x450-1.jpg\",\"datePublished\":\"2020-08-17T18:26:59+00:00\",\"author\":{\"@id\":\"https:\/\/www.welovecycling.com\/pl\/#\/schema\/person\/4a79bac7bd265aa6a35a1079d36648be\"},\"breadcrumb\":{\"@id\":\"https:\/\/www.welovecycling.com\/pl\/2020\/08\/17\/odliczanie-rozpoczete-ostatnie-przygotowania-do-kolarskiej-uczty\/#breadcrumb\"},\"inLanguage\":\"pl-PL\",\"potentialAction\":[{\"@type\":\"ReadAction\",\"target\":[\"https:\/\/www.welovecycling.com\/pl\/2020\/08\/17\/odliczanie-rozpoczete-ostatnie-przygotowania-do-kolarskiej-uczty\/\"]}]},{\"@type\":\"ImageObject\",\"inLanguage\":\"pl-PL\",\"@id\":\"https:\/\/www.welovecycling.com\/pl\/2020\/08\/17\/odliczanie-rozpoczete-ostatnie-przygotowania-do-kolarskiej-uczty\/#primaryimage\",\"url\":\"https:\/\/d2p6e6u75xmxt8.cloudfront.net\/5\/2020\/08\/dani-martinez-CVR-profimedia-0553115100-1024x450-1.jpg\",\"contentUrl\":\"https:\/\/d2p6e6u75xmxt8.cloudfront.net\/5\/2020\/08\/dani-martinez-CVR-profimedia-0553115100-1024x450-1.jpg\",\"width\":1024,\"height\":450},{\"@type\":\"BreadcrumbList\",\"@id\":\"https:\/\/www.welovecycling.com\/pl\/2020\/08\/17\/odliczanie-rozpoczete-ostatnie-przygotowania-do-kolarskiej-uczty\/#breadcrumb\",\"itemListElement\":[{\"@type\":\"ListItem\",\"position\":1,\"name\":\"Home\",\"item\":\"https:\/\/www.welovecycling.com\/pl\/\"},{\"@type\":\"ListItem\",\"position\":2,\"name\":\"Odliczanie rozpocz\u0119te! Ostatnie przygotowania do kolarskiej uczty\"}]},{\"@type\":\"WebSite\",\"@id\":\"https:\/\/www.welovecycling.com\/pl\/#website\",\"url\":\"https:\/\/www.welovecycling.com\/pl\/\",\"name\":\"\u0160koda We Love Cycling - Poland\",\"description\":\"\",\"potentialAction\":[{\"@type\":\"SearchAction\",\"target\":{\"@type\":\"EntryPoint\",\"urlTemplate\":\"https:\/\/www.welovecycling.com\/pl\/?s={search_term_string}\"},\"query-input\":{\"@type\":\"PropertyValueSpecification\",\"valueRequired\":true,\"valueName\":\"search_term_string\"}}],\"inLanguage\":\"pl-PL\"},{\"@type\":\"Person\",\"@id\":\"https:\/\/www.welovecycling.com\/pl\/#\/schema\/person\/4a79bac7bd265aa6a35a1079d36648be\",\"name\":\"oktawiamikulska\",\"image\":{\"@type\":\"ImageObject\",\"inLanguage\":\"pl-PL\",\"@id\":\"https:\/\/www.welovecycling.com\/pl\/#\/schema\/person\/image\/\",\"url\":\"https:\/\/secure.gravatar.com\/avatar\/b97a3f44e2de6d2f8dd358975937e49823662e12cbd810b9d1a2bff1c149e8a7?s=96&d=mm&r=g\",\"contentUrl\":\"https:\/\/secure.gravatar.com\/avatar\/b97a3f44e2de6d2f8dd358975937e49823662e12cbd810b9d1a2bff1c149e8a7?s=96&d=mm&r=g\",\"caption\":\"oktawiamikulska\"},\"url\":\"https:\/\/www.welovecycling.com\/pl\/author\/oktawiamikulska\/\"}]}<\/script>\n<!-- \/ Yoast SEO Premium plugin. -->","yoast_head_json":{"title":"Odliczanie rozpocz\u0119te! Ostatnie przygotowania do kolarskiej uczty - \u0160koda We Love Cycling - Poland","robots":{"index":"index","follow":"follow","max-snippet":"max-snippet:-1","max-image-preview":"max-image-preview:large","max-video-preview":"max-video-preview:-1"},"canonical":"https:\/\/www.welovecycling.com\/pl\/2020\/08\/17\/odliczanie-rozpoczete-ostatnie-przygotowania-do-kolarskiej-uczty\/","og_locale":"pl_PL","og_type":"article","og_title":"Odliczanie rozpocz\u0119te! Ostatnie przygotowania do kolarskiej uczty","og_description":"Ostatnie treningi, taktyczne szlify i zaczynamy najwi\u0119kszy wy\u015bcig \u015bwiata! Za niespe\u0142na dwa tygodnie startuje Tour de France, a za nami [&hellip;]","og_url":"https:\/\/www.welovecycling.com\/pl\/2020\/08\/17\/odliczanie-rozpoczete-ostatnie-przygotowania-do-kolarskiej-uczty\/","og_site_name":"\u0160koda We Love Cycling - Poland","article_published_time":"2020-08-17T18:26:59+00:00","og_image":[{"width":1024,"height":450,"url":"https:\/\/d2p6e6u75xmxt8.cloudfront.net\/5\/2020\/08\/dani-martinez-CVR-profimedia-0553115100-1024x450-1.jpg","type":"image\/jpeg"}],"author":"oktawiamikulska","twitter_card":"summary_large_image","twitter_misc":{"Written by":"Piotr Nowik","Est. reading time":"3 minutes"},"schema":{"@context":"https:\/\/schema.org","@graph":[{"@type":"WebPage","@id":"https:\/\/www.welovecycling.com\/pl\/2020\/08\/17\/odliczanie-rozpoczete-ostatnie-przygotowania-do-kolarskiej-uczty\/","url":"https:\/\/www.welovecycling.com\/pl\/2020\/08\/17\/odliczanie-rozpoczete-ostatnie-przygotowania-do-kolarskiej-uczty\/","name":"Odliczanie rozpocz\u0119te! Ostatnie przygotowania do kolarskiej uczty - \u0160koda We Love Cycling - Poland","isPartOf":{"@id":"https:\/\/www.welovecycling.com\/pl\/#website"},"primaryImageOfPage":{"@id":"https:\/\/www.welovecycling.com\/pl\/2020\/08\/17\/odliczanie-rozpoczete-ostatnie-przygotowania-do-kolarskiej-uczty\/#primaryimage"},"image":{"@id":"https:\/\/www.welovecycling.com\/pl\/2020\/08\/17\/odliczanie-rozpoczete-ostatnie-przygotowania-do-kolarskiej-uczty\/#primaryimage"},"thumbnailUrl":"https:\/\/d2p6e6u75xmxt8.cloudfront.net\/5\/2020\/08\/dani-martinez-CVR-profimedia-0553115100-1024x450-1.jpg","datePublished":"2020-08-17T18:26:59+00:00","author":{"@id":"https:\/\/www.welovecycling.com\/pl\/#\/schema\/person\/4a79bac7bd265aa6a35a1079d36648be"},"breadcrumb":{"@id":"https:\/\/www.welovecycling.com\/pl\/2020\/08\/17\/odliczanie-rozpoczete-ostatnie-przygotowania-do-kolarskiej-uczty\/#breadcrumb"},"inLanguage":"pl-PL","potentialAction":[{"@type":"ReadAction","target":["https:\/\/www.welovecycling.com\/pl\/2020\/08\/17\/odliczanie-rozpoczete-ostatnie-przygotowania-do-kolarskiej-uczty\/"]}]},{"@type":"ImageObject","inLanguage":"pl-PL","@id":"https:\/\/www.welovecycling.com\/pl\/2020\/08\/17\/odliczanie-rozpoczete-ostatnie-przygotowania-do-kolarskiej-uczty\/#primaryimage","url":"https:\/\/d2p6e6u75xmxt8.cloudfront.net\/5\/2020\/08\/dani-martinez-CVR-profimedia-0553115100-1024x450-1.jpg","contentUrl":"https:\/\/d2p6e6u75xmxt8.cloudfront.net\/5\/2020\/08\/dani-martinez-CVR-profimedia-0553115100-1024x450-1.jpg","width":1024,"height":450},{"@type":"BreadcrumbList","@id":"https:\/\/www.welovecycling.com\/pl\/2020\/08\/17\/odliczanie-rozpoczete-ostatnie-przygotowania-do-kolarskiej-uczty\/#breadcrumb","itemListElement":[{"@type":"ListItem","position":1,"name":"Home","item":"https:\/\/www.welovecycling.com\/pl\/"},{"@type":"ListItem","position":2,"name":"Odliczanie rozpocz\u0119te! Ostatnie przygotowania do kolarskiej uczty"}]},{"@type":"WebSite","@id":"https:\/\/www.welovecycling.com\/pl\/#website","url":"https:\/\/www.welovecycling.com\/pl\/","name":"\u0160koda We Love Cycling - Poland","description":"","potentialAction":[{"@type":"SearchAction","target":{"@type":"EntryPoint","urlTemplate":"https:\/\/www.welovecycling.com\/pl\/?s={search_term_string}"},"query-input":{"@type":"PropertyValueSpecification","valueRequired":true,"valueName":"search_term_string"}}],"inLanguage":"pl-PL"},{"@type":"Person","@id":"https:\/\/www.welovecycling.com\/pl\/#\/schema\/person\/4a79bac7bd265aa6a35a1079d36648be","name":"oktawiamikulska","image":{"@type":"ImageObject","inLanguage":"pl-PL","@id":"https:\/\/www.welovecycling.com\/pl\/#\/schema\/person\/image\/","url":"https:\/\/secure.gravatar.com\/avatar\/b97a3f44e2de6d2f8dd358975937e49823662e12cbd810b9d1a2bff1c149e8a7?s=96&d=mm&r=g","contentUrl":"https:\/\/secure.gravatar.com\/avatar\/b97a3f44e2de6d2f8dd358975937e49823662e12cbd810b9d1a2bff1c149e8a7?s=96&d=mm&r=g","caption":"oktawiamikulska"},"url":"https:\/\/www.welovecycling.com\/pl\/author\/oktawiamikulska\/"}]}},"_links":{"self":[{"href":"https:\/\/www.welovecycling.com\/pl\/wp-json\/wp\/v2\/posts\/11007","targetHints":{"allow":["GET"]}}],"collection":[{"href":"https:\/\/www.welovecycling.com\/pl\/wp-json\/wp\/v2\/posts"}],"about":[{"href":"https:\/\/www.welovecycling.com\/pl\/wp-json\/wp\/v2\/types\/post"}],"author":[{"embeddable":true,"href":"https:\/\/www.welovecycling.com\/pl\/wp-json\/wp\/v2\/users\/125"}],"replies":[{"embeddable":true,"href":"https:\/\/www.welovecycling.com\/pl\/wp-json\/wp\/v2\/comments?post=11007"}],"version-history":[{"count":1,"href":"https:\/\/www.welovecycling.com\/pl\/wp-json\/wp\/v2\/posts\/11007\/revisions"}],"predecessor-version":[{"id":11013,"href":"https:\/\/www.welovecycling.com\/pl\/wp-json\/wp\/v2\/posts\/11007\/revisions\/11013"}],"wp:featuredmedia":[{"embeddable":true,"href":"https:\/\/www.welovecycling.com\/pl\/wp-json\/wp\/v2\/media\/11012"}],"wp:attachment":[{"href":"https:\/\/www.welovecycling.com\/pl\/wp-json\/wp\/v2\/media?parent=11007"}],"wp:term":[{"taxonomy":"category","embeddable":true,"href":"https:\/\/www.welovecycling.com\/pl\/wp-json\/wp\/v2\/categories?post=11007"},{"taxonomy":"post_tag","embeddable":true,"href":"https:\/\/www.welovecycling.com\/pl\/wp-json\/wp\/v2\/tags?post=11007"},{"taxonomy":"global-categories","embeddable":true,"href":"https:\/\/www.welovecycling.com\/pl\/wp-json\/wp\/v2\/global-categories?post=11007"}],"curies":[{"name":"wp","href":"https:\/\/api.w.org\/{rel}","templated":true}]}}