{"id":10997,"date":"2020-08-13T13:59:41","date_gmt":"2020-08-13T13:59:41","guid":{"rendered":"https:\/\/www.welovecycling.com\/pl\/?p=10997"},"modified":"2020-08-13T14:05:29","modified_gmt":"2020-08-13T14:05:29","slug":"rozpoczal-sie-generalny-test-przed-tour-de-france","status":"publish","type":"post","link":"https:\/\/www.welovecycling.com\/pl\/2020\/08\/13\/rozpoczal-sie-generalny-test-przed-tour-de-france\/","title":{"rendered":"Rozpocz\u0105\u0142 si\u0119 generalny test przed Tour de France!"},"content":{"rendered":"<p><strong>Ledwie wyhamowali po Tour de Pologne, a ju\u017c staj\u0105 przed generalnym sprawdzianem do Tour de France. Rozpocz\u0105\u0142 si\u0119 Criterium du Dauphine, pierwszy etap wygra\u0142 Wout Van Aert (Team Jumbo-Visma).<\/strong><\/p>\n<p>\u015awiatowy peleton wchodzi na bardzo wysokie obroty. Za nami ju\u017c Tour de Pologne, pierwszy wy\u015bcig wieloetapowy po wznowieniu UCI World Tour. Wygra\u0142 go 20-letni Belg Remco Evenepoel (Deceuninck-Quick Step), kt\u00f3ry jeszcze niedawno by\u0142\u2026 pi\u0142karzem.<\/p>\n<div class=\"embed-controller-wrapper\">\n<blockquote class=\"twitter-tweet\" data-width=\"500\" data-dnt=\"true\">\n<p lang=\"en\" dir=\"ltr\">We look back at the final results of this year&#39;s Tour de Pologne:<a href=\"https:\/\/twitter.com\/EvenepoelRemco?ref_src=twsrc%5Etfw\">@EvenepoelRemco<\/a> (GC winner of this year&#39;s race) <br \/>&quot;The biggest win of this week is Fabio\u2019s, against his injury. [&#8230;] He has now already improved, and I think that\u2019s the biggest victory.&quot; \u2764\ufe0f<a href=\"https:\/\/twitter.com\/hashtag\/tdp20?src=hash&amp;ref_src=twsrc%5Etfw\">#tdp20<\/a> <a href=\"https:\/\/twitter.com\/deceuninck_qst?ref_src=twsrc%5Etfw\">@deceuninck_qst<\/a> <a href=\"https:\/\/t.co\/VPHl1jhSdP\">pic.twitter.com\/VPHl1jhSdP<\/a><\/p>\n<p>&mdash; Tour de Pologne (@Tour_de_Pologne) <a href=\"https:\/\/twitter.com\/Tour_de_Pologne\/status\/1293292580676018176?ref_src=twsrc%5Etfw\">August 11, 2020<\/a><\/p><\/blockquote>\n<p><script async data-src=\"https:\/\/platform.twitter.com\/widgets.js\" charset=\"utf-8\"><\/script><\/div>\n<h2><strong>Poszed\u0142 w \u015blady ojca<\/strong><\/h2>\n<p>Evenepoel najpierw marzy\u0142 o karierze bramkarza, wi\u0119c zapisa\u0142 si\u0119 do szk\u00f3\u0142ki Anderlechtu Bruksela. Trenerzy jednak szybko zauwa\u017cyli, \u017ce ch\u0142opak wyr\u00f3\u017cnia si\u0119 nieprzeci\u0119tn\u0105 szybko\u015bci\u0105 oraz wydolno\u015bci\u0105 dlatego przemianowali go na pomocnika. Jego kariera zapowiada\u0142a si\u0119 bardzo dobrze. Swego czasu by\u0142 nawet kapitanem w m\u0142odzie\u017cowych reprezentacjach Belgii.<\/p>\n<p>Wszystko zmieni\u0142o si\u0119 w wieku 16 lat. To wtedy od kilku trener\u00f3w Evenepoel us\u0142ysza\u0142, \u017ce jego talent nie rozwija si\u0119 tak, jak powinien, wi\u0119c lepiej, aby zrezygnowa\u0142 z profesjonalnego uprawiania pi\u0142ki no\u017cnej. M\u0142ody Remco pr\u00f3bowa\u0142 jeszcze oszuka\u0107 przeznaczenie, ale w ko\u0144cu zdecydowa\u0142 si\u0119 porzuci\u0107 bieganie za pi\u0142k\u0105. I okaza\u0142o si\u0119 to strza\u0142em w \u201e10\u201d!<\/p>\n<p>Ojciec Evenepoela swego czasu by\u0142 zdolnym kolarzem, wi\u0119c syn r\u00f3wnie\u017c postanowi\u0142 sprawdzi\u0107 si\u0119 w tej dyscyplinie sportu. Warunki motoryczne mia\u0142 doskona\u0142e, a techniki szybko si\u0119 nauczy\u0142. Efekt? Dzi\u015b jest jednym z najbardziej obiecuj\u0105cych kolarzy m\u0142odego pokolenia, a na razie jego najwi\u0119kszym sukcesem jest wygranie w\u0142a\u015bnie Tour de Pologne.<\/p>\n<h2><strong>Czas na Criterium du Dauphine<\/strong><\/h2>\n<p>Evenepoel w rywalizacji z absolutn\u0105 czo\u0142\u00f3wk\u0105 m\u00f3g\u0142by sprawdzi\u0107 si\u0119 podczas Criterium du Dauphine, nazywanego testem generalnym przed Tour de France.<\/p>\n<p>To w\u0142a\u015bnie dlatego jedzie w nim czo\u0142\u00f3wka \u015bwiatowego kolarstwa. Na przyk\u0142ad Team Ineos wystawi\u0142 Egana Bernala, Gerainta Thomasa i Christophera Froome\u2019a, czyli zawodnik\u00f3w, kt\u00f3rzy wygrali pi\u0119\u0107 ostatnich Tour de France! Tym kapitalnym zawodnikom pomaga m.in. Micha\u0142 Kwiatkowski<\/p>\n<div class=\"embed-controller-wrapper\">\n<blockquote class=\"twitter-tweet\" data-width=\"500\" data-dnt=\"true\">\n<p lang=\"en\" dir=\"ltr\">The <a href=\"https:\/\/twitter.com\/dauphine?ref_src=twsrc%5Etfw\">@Dauphine<\/a> begins on Wednesday and is the final stop on the road to <a href=\"https:\/\/twitter.com\/hashtag\/TDF2020?src=hash&amp;ref_src=twsrc%5Etfw\">#TDF2020<\/a>. Meet our lineup for the five-day stage race:  <a href=\"https:\/\/twitter.com\/Eganbernal?ref_src=twsrc%5Etfw\">@Eganbernal<\/a> <a href=\"https:\/\/twitter.com\/jcastroviejo?ref_src=twsrc%5Etfw\">@jcastroviejo<\/a> <a href=\"https:\/\/twitter.com\/chrisfroome?ref_src=twsrc%5Etfw\">@chrisfroome<\/a> <a href=\"https:\/\/twitter.com\/kwiato?ref_src=twsrc%5Etfw\">@kwiato<\/a> <a href=\"https:\/\/twitter.com\/PavelSivakov?ref_src=twsrc%5Etfw\">@PavelSivakov<\/a> <a href=\"https:\/\/twitter.com\/GeraintThomas86?ref_src=twsrc%5Etfw\">@GeraintThomas86<\/a> <a href=\"https:\/\/twitter.com\/DylanvanBaarle?ref_src=twsrc%5Etfw\">@DylanvanBaarle<\/a> <a href=\"https:\/\/t.co\/7YU0jUe7a8\">pic.twitter.com\/7YU0jUe7a8<\/a><\/p>\n<p>&mdash; INEOS Grenadiers (@INEOSGrenadiers) <a href=\"https:\/\/twitter.com\/INEOSGrenadiers\/status\/1292809876536795137?ref_src=twsrc%5Etfw\">August 10, 2020<\/a><\/p><\/blockquote>\n<p><script async data-src=\"https:\/\/platform.twitter.com\/widgets.js\" charset=\"utf-8\"><\/script><\/div>\n<p>Tegoroczny Criterium du Dauphine zosta\u0142 skr\u00f3cony z o\u015bmiu do pi\u0119ciu etap\u00f3w. Postanowiono zrezygnowa\u0107 m.in. z jazdy indywidualnej na czas, za to gratka czeka specjalist\u00f3w od jazdy po g\u00f3rach, na kt\u00f3rych czekaj\u0105 mordercze podjazdy.<\/p>\n<p>Pierwszy etap nie by\u0142 jeszcze tak m\u0119cz\u0105cy, za to najd\u0142u\u017cszy, bo liczy\u0142 a\u017c 218 km.<\/p>\n<div class=\"embed-controller-wrapper\">\n<blockquote class=\"twitter-tweet\" data-width=\"500\" data-dnt=\"true\">\n<p lang=\"en\" dir=\"ltr\">\ud83d\udea9 3&#8230;2&#8230;1&#8230; c\u2019est parti !<\/p>\n<p>\ud83d\udea9 Here they go, wheels are rolling!<a href=\"https:\/\/twitter.com\/hashtag\/Dauphin%C3%A9?src=hash&amp;ref_src=twsrc%5Etfw\">#Dauphin\u00e9<\/a> <a href=\"https:\/\/t.co\/uzSsTVNLAZ\">pic.twitter.com\/uzSsTVNLAZ<\/a><\/p>\n<p>&mdash; Crit\u00e9rium du Dauphin\u00e9 (@dauphine) <a href=\"https:\/\/twitter.com\/dauphine\/status\/1293466854695075840?ref_src=twsrc%5Etfw\">August 12, 2020<\/a><\/p><\/blockquote>\n<p><script async data-src=\"https:\/\/platform.twitter.com\/widgets.js\" charset=\"utf-8\"><\/script><\/div>\n<p>Wygra\u0142 go po finiszu z peletonu Wout Van Aert, przed Darylem Impeyem (Mitchelton-Scott) i Eganem Bernalem (Ineos).<\/p>\n<div class=\"embed-controller-wrapper\">\n<blockquote class=\"twitter-tweet\" data-width=\"500\" data-dnt=\"true\">\n<p lang=\"en\" dir=\"ltr\">\ud83c\udfc6 \ud83c\udde7\ud83c\uddea <a href=\"https:\/\/twitter.com\/WoutvanAert?ref_src=twsrc%5Etfw\">@WoutvanAert<\/a> s\u2019impose !<\/p>\n<p>\ud83c\udfc6 \ud83c\udde7\ud83c\uddea <a href=\"https:\/\/twitter.com\/WoutvanAert?ref_src=twsrc%5Etfw\">@WoutvanAert<\/a>  claims the win!<a href=\"https:\/\/twitter.com\/hashtag\/Dauphin%C3%A9?src=hash&amp;ref_src=twsrc%5Etfw\">#Dauphin\u00e9<\/a> <a href=\"https:\/\/t.co\/XgRM2E0OaT\">pic.twitter.com\/XgRM2E0OaT<\/a><\/p>\n<p>&mdash; Crit\u00e9rium du Dauphin\u00e9 (@dauphine) <a href=\"https:\/\/twitter.com\/dauphine\/status\/1293553557195628544?ref_src=twsrc%5Etfw\">August 12, 2020<\/a><\/p><\/blockquote>\n<p><script async data-src=\"https:\/\/platform.twitter.com\/widgets.js\" charset=\"utf-8\"><\/script><\/div>\n<p>W czwartek powinna ju\u017c wy\u0142oni\u0107 si\u0119 czo\u0142\u00f3wka, cho\u0107 w Criterium du Dauphine ka\u017cdy etap mo\u017ce przewr\u00f3ci\u0107 klasyfikacj\u0119 generaln\u0105 do g\u00f3ry nogami. W tej sytuacji mo\u017cna spodziewa\u0107 si\u0119 za\u017cartej walki a\u017c do ostatniego, niedzielnego etapu.<\/p>\n<p>Po zako\u0144czeniu wy\u015bcigu zawodnicy b\u0119d\u0105 mieli ju\u017c tylko niespe\u0142na dwa tygodnie do Tour de France, kt\u00f3ry zaczyna si\u0119 29 sierpnia i potrwa do 20 wrze\u015bnia. Dzi\u0119ki Criterium du Dauphine powinni\u015bmy si\u0119 dowiedzie\u0107, kto w tym roku mo\u017ce liczy\u0107 si\u0119 w walce o wygran\u0105 w Wielkiej P\u0119tli.<\/p>\n<p><span data-sheets-value=\"{&quot;1&quot;:2,&quot;2&quot;:&quot;Artyku\u0142 powsta\u0142 we wsp\u00f3\u0142pracy ze skoda-auto.pl&quot;}\" data-sheets-userformat=\"{&quot;2&quot;:1,&quot;3&quot;:{&quot;1&quot;:0}}\" data-sheets-hyperlink=\"http:\/\/www.skoda-auto.pl\/\"><a class=\"in-cell-link\" href=\"http:\/\/www.skoda-auto.pl\/\" target=\"_blank\" rel=\"noopener noreferrer\">Artyku\u0142 powsta\u0142 we wsp\u00f3\u0142pracy ze skoda-auto.pl<\/a><\/span><\/p>\n<p><a href=\"https:\/\/www.skoda-auto.pl\/modele\/karoq\">\u00a0<\/a><\/p>\n<p><a href=\"https:\/\/www.skoda-auto.pl\/modele\/karoq\"><img loading=\"lazy\" decoding=\"async\" class=\"aligncenter wp-image-9606 size-full\" src=\"https:\/\/d2p6e6u75xmxt8.cloudfront.net\/5\/2019\/08\/baner_WLC_640x350_1.png\" alt=\"\" width=\"640\" height=\"350\" srcset=\"https:\/\/d2p6e6u75xmxt8.cloudfront.net\/5\/2019\/08\/baner_WLC_640x350_1.png 640w, https:\/\/d2p6e6u75xmxt8.cloudfront.net\/5\/2019\/08\/baner_WLC_640x350_1-300x164.png 300w\" sizes=\"auto, (max-width: 640px) 100vw, 640px\" \/><\/a><\/p>\n","protected":false},"excerpt":{"rendered":"<p>Ledwie wyhamowali po Tour de Pologne, a ju\u017c staj\u0105 przed generalnym sprawdzianem do Tour de France. Rozpocz\u0105\u0142 si\u0119 Criterium du [&hellip;]<\/p>\n","protected":false},"author":125,"featured_media":11003,"comment_status":"open","ping_status":"open","sticky":false,"template":"","format":"standard","meta":{"footnotes":""},"categories":[331],"tags":[],"global-categories":[303],"class_list":["post-10997","post","type-post","status-publish","format-standard","has-post-thumbnail","hentry","category-tour-de-pologne-2020","global-categories-cycling"],"yoast_head":"<!-- This site is optimized with the Yoast SEO Premium plugin v25.3 (Yoast SEO v25.9) - https:\/\/yoast.com\/wordpress\/plugins\/seo\/ -->\n<title>Rozpocz\u0105\u0142 si\u0119 generalny test przed Tour de France! - \u0160koda We Love Cycling - Poland<\/title>\n<meta name=\"description\" content=\"Ledwie wyhamowali po Tour de Pologne, a ju\u017c staj\u0105 przed generalnym sprawdzianem do Tour de France. Rozpocz\u0105\u0142 si\u0119 Criterium du Dauphine, pierwszy etap wygra\u0142 Wout Van Aert (Team Jumbo-Visma).\" \/>\n<meta name=\"robots\" content=\"index, follow, max-snippet:-1, max-image-preview:large, max-video-preview:-1\" \/>\n<link rel=\"canonical\" href=\"https:\/\/www.welovecycling.com\/pl\/2020\/08\/13\/rozpoczal-sie-generalny-test-przed-tour-de-france\/\" \/>\n<meta property=\"og:locale\" content=\"pl_PL\" \/>\n<meta property=\"og:type\" content=\"article\" \/>\n<meta property=\"og:title\" content=\"Rozpocz\u0105\u0142 si\u0119 generalny test przed Tour de France!\" \/>\n<meta property=\"og:description\" content=\"Ledwie wyhamowali po Tour de Pologne, a ju\u017c staj\u0105 przed generalnym sprawdzianem do Tour de France. Rozpocz\u0105\u0142 si\u0119 Criterium du Dauphine, pierwszy etap wygra\u0142 Wout Van Aert (Team Jumbo-Visma).\" \/>\n<meta property=\"og:url\" content=\"https:\/\/www.welovecycling.com\/pl\/2020\/08\/13\/rozpoczal-sie-generalny-test-przed-tour-de-france\/\" \/>\n<meta property=\"og:site_name\" content=\"\u0160koda We Love Cycling - Poland\" \/>\n<meta property=\"article:published_time\" content=\"2020-08-13T13:59:41+00:00\" \/>\n<meta property=\"article:modified_time\" content=\"2020-08-13T14:05:29+00:00\" \/>\n<meta property=\"og:image\" content=\"https:\/\/d2p6e6u75xmxt8.cloudfront.net\/5\/2020\/08\/Green-Jersey-Crit-Dauphine-CVR-profimedia-0448321768-1024x450-1.jpg\" \/>\n\t<meta property=\"og:image:width\" content=\"1024\" \/>\n\t<meta property=\"og:image:height\" content=\"450\" \/>\n\t<meta property=\"og:image:type\" content=\"image\/jpeg\" \/>\n<meta name=\"author\" content=\"oktawiamikulska\" \/>\n<meta name=\"twitter:card\" content=\"summary_large_image\" \/>\n<meta name=\"twitter:label1\" content=\"Written by\" \/>\n\t<meta name=\"twitter:data1\" content=\"Piotr Nowik\" \/>\n\t<meta name=\"twitter:label2\" content=\"Est. reading time\" \/>\n\t<meta name=\"twitter:data2\" content=\"3 minutes\" \/>\n<script type=\"application\/ld+json\" class=\"yoast-schema-graph\">{\"@context\":\"https:\/\/schema.org\",\"@graph\":[{\"@type\":\"WebPage\",\"@id\":\"https:\/\/www.welovecycling.com\/pl\/2020\/08\/13\/rozpoczal-sie-generalny-test-przed-tour-de-france\/\",\"url\":\"https:\/\/www.welovecycling.com\/pl\/2020\/08\/13\/rozpoczal-sie-generalny-test-przed-tour-de-france\/\",\"name\":\"Rozpocz\u0105\u0142 si\u0119 generalny test przed Tour de France! - \u0160koda We Love Cycling - Poland\",\"isPartOf\":{\"@id\":\"https:\/\/www.welovecycling.com\/pl\/#website\"},\"primaryImageOfPage\":{\"@id\":\"https:\/\/www.welovecycling.com\/pl\/2020\/08\/13\/rozpoczal-sie-generalny-test-przed-tour-de-france\/#primaryimage\"},\"image\":{\"@id\":\"https:\/\/www.welovecycling.com\/pl\/2020\/08\/13\/rozpoczal-sie-generalny-test-przed-tour-de-france\/#primaryimage\"},\"thumbnailUrl\":\"https:\/\/d2p6e6u75xmxt8.cloudfront.net\/5\/2020\/08\/Green-Jersey-Crit-Dauphine-CVR-profimedia-0448321768-1024x450-1.jpg\",\"datePublished\":\"2020-08-13T13:59:41+00:00\",\"dateModified\":\"2020-08-13T14:05:29+00:00\",\"author\":{\"@id\":\"https:\/\/www.welovecycling.com\/pl\/#\/schema\/person\/4a79bac7bd265aa6a35a1079d36648be\"},\"description\":\"Ledwie wyhamowali po Tour de Pologne, a ju\u017c staj\u0105 przed generalnym sprawdzianem do Tour de France. Rozpocz\u0105\u0142 si\u0119 Criterium du Dauphine, pierwszy etap wygra\u0142 Wout Van Aert (Team Jumbo-Visma).\",\"breadcrumb\":{\"@id\":\"https:\/\/www.welovecycling.com\/pl\/2020\/08\/13\/rozpoczal-sie-generalny-test-przed-tour-de-france\/#breadcrumb\"},\"inLanguage\":\"pl-PL\",\"potentialAction\":[{\"@type\":\"ReadAction\",\"target\":[\"https:\/\/www.welovecycling.com\/pl\/2020\/08\/13\/rozpoczal-sie-generalny-test-przed-tour-de-france\/\"]}]},{\"@type\":\"ImageObject\",\"inLanguage\":\"pl-PL\",\"@id\":\"https:\/\/www.welovecycling.com\/pl\/2020\/08\/13\/rozpoczal-sie-generalny-test-przed-tour-de-france\/#primaryimage\",\"url\":\"https:\/\/d2p6e6u75xmxt8.cloudfront.net\/5\/2020\/08\/Green-Jersey-Crit-Dauphine-CVR-profimedia-0448321768-1024x450-1.jpg\",\"contentUrl\":\"https:\/\/d2p6e6u75xmxt8.cloudfront.net\/5\/2020\/08\/Green-Jersey-Crit-Dauphine-CVR-profimedia-0448321768-1024x450-1.jpg\",\"width\":1024,\"height\":450},{\"@type\":\"BreadcrumbList\",\"@id\":\"https:\/\/www.welovecycling.com\/pl\/2020\/08\/13\/rozpoczal-sie-generalny-test-przed-tour-de-france\/#breadcrumb\",\"itemListElement\":[{\"@type\":\"ListItem\",\"position\":1,\"name\":\"Home\",\"item\":\"https:\/\/www.welovecycling.com\/pl\/\"},{\"@type\":\"ListItem\",\"position\":2,\"name\":\"Rozpocz\u0105\u0142 si\u0119 generalny test przed Tour de France!\"}]},{\"@type\":\"WebSite\",\"@id\":\"https:\/\/www.welovecycling.com\/pl\/#website\",\"url\":\"https:\/\/www.welovecycling.com\/pl\/\",\"name\":\"\u0160koda We Love Cycling - Poland\",\"description\":\"\",\"potentialAction\":[{\"@type\":\"SearchAction\",\"target\":{\"@type\":\"EntryPoint\",\"urlTemplate\":\"https:\/\/www.welovecycling.com\/pl\/?s={search_term_string}\"},\"query-input\":{\"@type\":\"PropertyValueSpecification\",\"valueRequired\":true,\"valueName\":\"search_term_string\"}}],\"inLanguage\":\"pl-PL\"},{\"@type\":\"Person\",\"@id\":\"https:\/\/www.welovecycling.com\/pl\/#\/schema\/person\/4a79bac7bd265aa6a35a1079d36648be\",\"name\":\"oktawiamikulska\",\"image\":{\"@type\":\"ImageObject\",\"inLanguage\":\"pl-PL\",\"@id\":\"https:\/\/www.welovecycling.com\/pl\/#\/schema\/person\/image\/\",\"url\":\"https:\/\/secure.gravatar.com\/avatar\/b97a3f44e2de6d2f8dd358975937e49823662e12cbd810b9d1a2bff1c149e8a7?s=96&d=mm&r=g\",\"contentUrl\":\"https:\/\/secure.gravatar.com\/avatar\/b97a3f44e2de6d2f8dd358975937e49823662e12cbd810b9d1a2bff1c149e8a7?s=96&d=mm&r=g\",\"caption\":\"oktawiamikulska\"},\"url\":\"https:\/\/www.welovecycling.com\/pl\/author\/oktawiamikulska\/\"}]}<\/script>\n<!-- \/ Yoast SEO Premium plugin. -->","yoast_head_json":{"title":"Rozpocz\u0105\u0142 si\u0119 generalny test przed Tour de France! - \u0160koda We Love Cycling - Poland","description":"Ledwie wyhamowali po Tour de Pologne, a ju\u017c staj\u0105 przed generalnym sprawdzianem do Tour de France. Rozpocz\u0105\u0142 si\u0119 Criterium du Dauphine, pierwszy etap wygra\u0142 Wout Van Aert (Team Jumbo-Visma).","robots":{"index":"index","follow":"follow","max-snippet":"max-snippet:-1","max-image-preview":"max-image-preview:large","max-video-preview":"max-video-preview:-1"},"canonical":"https:\/\/www.welovecycling.com\/pl\/2020\/08\/13\/rozpoczal-sie-generalny-test-przed-tour-de-france\/","og_locale":"pl_PL","og_type":"article","og_title":"Rozpocz\u0105\u0142 si\u0119 generalny test przed Tour de France!","og_description":"Ledwie wyhamowali po Tour de Pologne, a ju\u017c staj\u0105 przed generalnym sprawdzianem do Tour de France. Rozpocz\u0105\u0142 si\u0119 Criterium du Dauphine, pierwszy etap wygra\u0142 Wout Van Aert (Team Jumbo-Visma).","og_url":"https:\/\/www.welovecycling.com\/pl\/2020\/08\/13\/rozpoczal-sie-generalny-test-przed-tour-de-france\/","og_site_name":"\u0160koda We Love Cycling - Poland","article_published_time":"2020-08-13T13:59:41+00:00","article_modified_time":"2020-08-13T14:05:29+00:00","og_image":[{"width":1024,"height":450,"url":"https:\/\/d2p6e6u75xmxt8.cloudfront.net\/5\/2020\/08\/Green-Jersey-Crit-Dauphine-CVR-profimedia-0448321768-1024x450-1.jpg","type":"image\/jpeg"}],"author":"oktawiamikulska","twitter_card":"summary_large_image","twitter_misc":{"Written by":"Piotr Nowik","Est. reading time":"3 minutes"},"schema":{"@context":"https:\/\/schema.org","@graph":[{"@type":"WebPage","@id":"https:\/\/www.welovecycling.com\/pl\/2020\/08\/13\/rozpoczal-sie-generalny-test-przed-tour-de-france\/","url":"https:\/\/www.welovecycling.com\/pl\/2020\/08\/13\/rozpoczal-sie-generalny-test-przed-tour-de-france\/","name":"Rozpocz\u0105\u0142 si\u0119 generalny test przed Tour de France! - \u0160koda We Love Cycling - Poland","isPartOf":{"@id":"https:\/\/www.welovecycling.com\/pl\/#website"},"primaryImageOfPage":{"@id":"https:\/\/www.welovecycling.com\/pl\/2020\/08\/13\/rozpoczal-sie-generalny-test-przed-tour-de-france\/#primaryimage"},"image":{"@id":"https:\/\/www.welovecycling.com\/pl\/2020\/08\/13\/rozpoczal-sie-generalny-test-przed-tour-de-france\/#primaryimage"},"thumbnailUrl":"https:\/\/d2p6e6u75xmxt8.cloudfront.net\/5\/2020\/08\/Green-Jersey-Crit-Dauphine-CVR-profimedia-0448321768-1024x450-1.jpg","datePublished":"2020-08-13T13:59:41+00:00","dateModified":"2020-08-13T14:05:29+00:00","author":{"@id":"https:\/\/www.welovecycling.com\/pl\/#\/schema\/person\/4a79bac7bd265aa6a35a1079d36648be"},"description":"Ledwie wyhamowali po Tour de Pologne, a ju\u017c staj\u0105 przed generalnym sprawdzianem do Tour de France. Rozpocz\u0105\u0142 si\u0119 Criterium du Dauphine, pierwszy etap wygra\u0142 Wout Van Aert (Team Jumbo-Visma).","breadcrumb":{"@id":"https:\/\/www.welovecycling.com\/pl\/2020\/08\/13\/rozpoczal-sie-generalny-test-przed-tour-de-france\/#breadcrumb"},"inLanguage":"pl-PL","potentialAction":[{"@type":"ReadAction","target":["https:\/\/www.welovecycling.com\/pl\/2020\/08\/13\/rozpoczal-sie-generalny-test-przed-tour-de-france\/"]}]},{"@type":"ImageObject","inLanguage":"pl-PL","@id":"https:\/\/www.welovecycling.com\/pl\/2020\/08\/13\/rozpoczal-sie-generalny-test-przed-tour-de-france\/#primaryimage","url":"https:\/\/d2p6e6u75xmxt8.cloudfront.net\/5\/2020\/08\/Green-Jersey-Crit-Dauphine-CVR-profimedia-0448321768-1024x450-1.jpg","contentUrl":"https:\/\/d2p6e6u75xmxt8.cloudfront.net\/5\/2020\/08\/Green-Jersey-Crit-Dauphine-CVR-profimedia-0448321768-1024x450-1.jpg","width":1024,"height":450},{"@type":"BreadcrumbList","@id":"https:\/\/www.welovecycling.com\/pl\/2020\/08\/13\/rozpoczal-sie-generalny-test-przed-tour-de-france\/#breadcrumb","itemListElement":[{"@type":"ListItem","position":1,"name":"Home","item":"https:\/\/www.welovecycling.com\/pl\/"},{"@type":"ListItem","position":2,"name":"Rozpocz\u0105\u0142 si\u0119 generalny test przed Tour de France!"}]},{"@type":"WebSite","@id":"https:\/\/www.welovecycling.com\/pl\/#website","url":"https:\/\/www.welovecycling.com\/pl\/","name":"\u0160koda We Love Cycling - Poland","description":"","potentialAction":[{"@type":"SearchAction","target":{"@type":"EntryPoint","urlTemplate":"https:\/\/www.welovecycling.com\/pl\/?s={search_term_string}"},"query-input":{"@type":"PropertyValueSpecification","valueRequired":true,"valueName":"search_term_string"}}],"inLanguage":"pl-PL"},{"@type":"Person","@id":"https:\/\/www.welovecycling.com\/pl\/#\/schema\/person\/4a79bac7bd265aa6a35a1079d36648be","name":"oktawiamikulska","image":{"@type":"ImageObject","inLanguage":"pl-PL","@id":"https:\/\/www.welovecycling.com\/pl\/#\/schema\/person\/image\/","url":"https:\/\/secure.gravatar.com\/avatar\/b97a3f44e2de6d2f8dd358975937e49823662e12cbd810b9d1a2bff1c149e8a7?s=96&d=mm&r=g","contentUrl":"https:\/\/secure.gravatar.com\/avatar\/b97a3f44e2de6d2f8dd358975937e49823662e12cbd810b9d1a2bff1c149e8a7?s=96&d=mm&r=g","caption":"oktawiamikulska"},"url":"https:\/\/www.welovecycling.com\/pl\/author\/oktawiamikulska\/"}]}},"_links":{"self":[{"href":"https:\/\/www.welovecycling.com\/pl\/wp-json\/wp\/v2\/posts\/10997","targetHints":{"allow":["GET"]}}],"collection":[{"href":"https:\/\/www.welovecycling.com\/pl\/wp-json\/wp\/v2\/posts"}],"about":[{"href":"https:\/\/www.welovecycling.com\/pl\/wp-json\/wp\/v2\/types\/post"}],"author":[{"embeddable":true,"href":"https:\/\/www.welovecycling.com\/pl\/wp-json\/wp\/v2\/users\/125"}],"replies":[{"embeddable":true,"href":"https:\/\/www.welovecycling.com\/pl\/wp-json\/wp\/v2\/comments?post=10997"}],"version-history":[{"count":2,"href":"https:\/\/www.welovecycling.com\/pl\/wp-json\/wp\/v2\/posts\/10997\/revisions"}],"predecessor-version":[{"id":11006,"href":"https:\/\/www.welovecycling.com\/pl\/wp-json\/wp\/v2\/posts\/10997\/revisions\/11006"}],"wp:featuredmedia":[{"embeddable":true,"href":"https:\/\/www.welovecycling.com\/pl\/wp-json\/wp\/v2\/media\/11003"}],"wp:attachment":[{"href":"https:\/\/www.welovecycling.com\/pl\/wp-json\/wp\/v2\/media?parent=10997"}],"wp:term":[{"taxonomy":"category","embeddable":true,"href":"https:\/\/www.welovecycling.com\/pl\/wp-json\/wp\/v2\/categories?post=10997"},{"taxonomy":"post_tag","embeddable":true,"href":"https:\/\/www.welovecycling.com\/pl\/wp-json\/wp\/v2\/tags?post=10997"},{"taxonomy":"global-categories","embeddable":true,"href":"https:\/\/www.welovecycling.com\/pl\/wp-json\/wp\/v2\/global-categories?post=10997"}],"curies":[{"name":"wp","href":"https:\/\/api.w.org\/{rel}","templated":true}]}}