{"id":10992,"date":"2020-08-12T15:05:01","date_gmt":"2020-08-12T15:05:01","guid":{"rendered":"https:\/\/www.welovecycling.com\/pl\/?p=10992"},"modified":"2020-08-12T15:05:01","modified_gmt":"2020-08-12T15:05:01","slug":"mogl-przynajmniej-pomachac-jak-pierre-beuffeuil-zapomnial-o-dobrych-manierach","status":"publish","type":"post","link":"https:\/\/www.welovecycling.com\/pl\/2020\/08\/12\/mogl-przynajmniej-pomachac-jak-pierre-beuffeuil-zapomnial-o-dobrych-manierach\/","title":{"rendered":"M\u00f3g\u0142 przynajmniej pomacha\u0107: jak Pierre Beuffeuil zapomnia\u0142 o dobrych manierach"},"content":{"rendered":"<p><strong>Czy wyobra\u017casz sobie, \u017ce przebita d\u0119tka mo\u017ce spowodowa\u0107 oskar\u017cenie o zdrad\u0119? Ju\u017c samo z\u0142apanie gumy to nic przyjemnego, a w po\u0142\u0105czeniu z tak dotkliw\u0105 kar\u0105 to jawna niesprawiedliwo\u015b\u0107. A jednak takie zdarzenie mia\u0142o miejsce i niemal zaprowadzi\u0142o pewnego kolarza do wi\u0119zienia.<\/strong><\/p>\n<p>Wszystko wydarzy\u0142o si\u0119 w pewien lipcowy dzie\u0144\u2026 16 lipca, w dniu przedostatniego etapu Tour de France, jego organizatorzy otrzymali bardzo wa\u017cn\u0105 wiadomo\u015b\u0107. W Colombey pojawi\u0142 si\u0119 wyj\u0105tkowy widz, kt\u00f3ry obserwowa\u0142 peleton przeje\u017cd\u017caj\u0105cy obok jego ogrodu. By\u0142 nim ciesz\u0105cy si\u0119 wielk\u0105 popularno\u015bci\u0105 prezydent Francji, Charles de Gaulle.<\/p>\n<p>Dyrektor TdF, Jacques Goddet, wiedzia\u0142, \u017ce musi dzia\u0142a\u0107 szybko, i wpad\u0142 na pewien pomys\u0142: zatrzyma\u0107 zawodnik\u00f3w w Colombey, kt\u00f3rzy pozdrowi\u0105 de Gaulle\u2019a i b\u0119d\u0105 \u015bciga\u0107 si\u0119 dalej. Goddet usytuowa\u0142 mistrza Francji Henry\u2019ego Anglade\u2019a z ty\u0142u peletonu i skonsultowa\u0142 z nim spraw\u0119. Zawodnik mia\u0142 obawy, \u017ce \u200b\u200bzatrzymanie wy\u015bcigu b\u0119d\u0105cego na pe\u0142nych obrotach mo\u017ce by\u0107 trudne, zobowi\u0105za\u0142 si\u0119 jednak pom\u00f3c. Podjecha\u0142 na czo\u0142o wy\u015bcigu, poinformowa\u0142 lider\u00f3w o pomy\u015ble, a nast\u0119pnie przekaza\u0142 wie\u015bci pozosta\u0142ym zawodnikom w drodze powrotnej.<\/p>\n<figure id=\"attachment_178422\" aria-describedby=\"caption-attachment-178422\" style=\"width: 750px\" class=\"wp-caption alignnone\"><img loading=\"lazy\" decoding=\"async\" class=\"loading wp-image-178422 size-full\" src=\"https:\/\/d2p6e6u75xmxt8.cloudfront.net\/2\/2020\/06\/pierre-beuffeuil-1b01e17f-ea8b-44a1-a4c1-a0cb06d14f5-resize-750.jpeg\" alt=\"\" width=\"750\" height=\"1082\" data-was-processed=\"true\" \/><figcaption id=\"caption-attachment-178422\" class=\"wp-caption-text\">\u201eG\u0142osowa\u0142em na de Gaulle\u2019a\u201d \u2013 powiedzia\u0142 dziennikarzom Pierre Beuffeuil<\/figcaption><\/figure>\n<p>Anglade ruszy\u0142 i zdo\u0142a\u0142 poinformowa\u0107 wszystkich kolarzy w peletonie o znakomitym go\u015bciu i zaimprowizowanej niespodziance. Powolnym i sta\u0142ym tempem peleton przyby\u0142 do Colombey i wiwatowa\u0142 na cze\u015b\u0107 ukochanego genera\u0142a de Gaulle\u2019a. Wydawa\u0142o si\u0119, \u017ce wszystko by\u0142o w idealnym porz\u0105dku, etykieta by\u0142a przestrzegana, gdy nagle wydarzy\u0142o si\u0119 co\u015b nieoczekiwanego. Jeden z zawodnik\u00f3w, Pierre Beuffeuil, kt\u00f3ry w ko\u0144cu dotar\u0142 do Colombey, min\u0105\u0142 wiwatuj\u0105cych zawodnik\u00f3w, jakby nawet ich nie zauwa\u017cy\u0142.<\/p>\n<p>Rozw\u015bcieczeni jego zachowaniem kolarze wskoczyli na rowery i rozpocz\u0119li po\u015bcig. Jednak nim zdo\u0142ali otrz\u0105sn\u0105\u0107 si\u0119 z pocz\u0105tkowego zaskoczenia, Beuffeuil dawno znikn\u0105\u0142 im z oczu i odni\u00f3s\u0142 zwyci\u0119stwo etapowe.<\/p>\n<p>Trzeba jednak odda\u0107 sprawiedliwo\u015b\u0107 nieoczekiwanemu mistrzowi, poniewa\u017c nie mia\u0142 on poj\u0119cia o niespodziance. Wcze\u015bniej tego dnia Beuffeuil z\u0142apa\u0142 gum\u0119 i reszt\u0119 etapu sp\u0119dzi\u0142 na pogoni za rywalami. Kiedy w ko\u0144cu ich dopad\u0142, nikt nie m\u00f3g\u0142 oczekiwa\u0107 od niego, \u017ce zatrzyma si\u0119 i przepu\u015bci tak wyj\u0105tkow\u0105 szans\u0119 na zwyci\u0119stwo.<\/p>\n<p>Tylko jedna rzecz mog\u0142a zgasi\u0107 u\u015bmiech na twarzy Beuffeuila. By\u0142a to w\u015bciek\u0142o\u015b\u0107 dyrektora TdF, kt\u00f3ry zasugerowa\u0142 oskar\u017cenie Beuffeuila o zdrad\u0119. Na szcz\u0119\u015bcie pomys\u0142 nie spotka\u0142 si\u0119 z wi\u0119kszym poparciem (co mog\u0142o wynika\u0107 z faktu, \u017ce de Gaulle nie by\u0142 cesarzem) i przeszed\u0142 do historii jako jedno z dziwniejszych wydarze\u0144 kolarskich.<\/p>\n<p><span data-sheets-value=\"{&quot;1&quot;:2,&quot;2&quot;:&quot;Artyku\u0142 powsta\u0142 we wsp\u00f3\u0142pracy ze skoda-auto.pl&quot;}\" data-sheets-userformat=\"{&quot;2&quot;:1,&quot;3&quot;:{&quot;1&quot;:0}}\" data-sheets-hyperlink=\"http:\/\/www.skoda-auto.pl\/\"><a class=\"in-cell-link\" href=\"http:\/\/www.skoda-auto.pl\/\" target=\"_blank\" rel=\"noopener noreferrer\">Artyku\u0142 powsta\u0142 we wsp\u00f3\u0142pracy ze skoda-auto.pl<\/a><\/span><\/p>\n<p><a href=\"https:\/\/www.skoda-auto.pl\/modele\/karoq\">\u00a0<\/a><\/p>\n<p><a href=\"https:\/\/www.skoda-auto.pl\/modele\/karoq\"><img loading=\"lazy\" decoding=\"async\" class=\"aligncenter wp-image-9606 size-full\" src=\"https:\/\/d2p6e6u75xmxt8.cloudfront.net\/5\/2019\/08\/baner_WLC_640x350_1.png\" alt=\"\" width=\"640\" height=\"350\" srcset=\"https:\/\/d2p6e6u75xmxt8.cloudfront.net\/5\/2019\/08\/baner_WLC_640x350_1.png 640w, https:\/\/d2p6e6u75xmxt8.cloudfront.net\/5\/2019\/08\/baner_WLC_640x350_1-300x164.png 300w\" sizes=\"auto, (max-width: 640px) 100vw, 640px\" \/><\/a><\/p>\n<p>&nbsp;<\/p>\n","protected":false},"excerpt":{"rendered":"<p>Czy wyobra\u017casz sobie, \u017ce przebita d\u0119tka mo\u017ce spowodowa\u0107 oskar\u017cenie o zdrad\u0119? Ju\u017c samo z\u0142apanie gumy to nic przyjemnego, a w [&hellip;]<\/p>\n","protected":false},"author":125,"featured_media":10993,"comment_status":"open","ping_status":"open","sticky":false,"template":"","format":"standard","meta":{"footnotes":""},"categories":[325],"tags":[],"global-categories":[303],"class_list":["post-10992","post","type-post","status-publish","format-standard","has-post-thumbnail","hentry","category-historia","global-categories-cycling"],"yoast_head":"<!-- This site is optimized with the Yoast SEO Premium plugin v25.3 (Yoast SEO v25.9) - https:\/\/yoast.com\/wordpress\/plugins\/seo\/ -->\n<title>M\u00f3g\u0142 przynajmniej pomacha\u0107: jak Pierre Beuffeuil zapomnia\u0142 o dobrych manierach - \u0160koda We Love Cycling - Poland<\/title>\n<meta name=\"description\" content=\"Czy wyobra\u017casz sobie, \u017ce przebita d\u0119tka mo\u017ce spowodowa\u0107 oskar\u017cenie o zdrad\u0119? Ju\u017c samo z\u0142apanie gumy to nic przyjemnego, a w po\u0142\u0105czeniu z tak dotkliw\u0105 kar\u0105 to jawna niesprawiedliwo\u015b\u0107. A jednak takie zdarzenie mia\u0142o miejsce i niemal zaprowadzi\u0142o pewnego kolarza do wi\u0119zienia.\" \/>\n<meta name=\"robots\" content=\"index, follow, max-snippet:-1, max-image-preview:large, max-video-preview:-1\" \/>\n<link rel=\"canonical\" href=\"https:\/\/www.welovecycling.com\/pl\/2020\/08\/12\/mogl-przynajmniej-pomachac-jak-pierre-beuffeuil-zapomnial-o-dobrych-manierach\/\" \/>\n<meta property=\"og:locale\" content=\"pl_PL\" \/>\n<meta property=\"og:type\" content=\"article\" \/>\n<meta property=\"og:title\" content=\"M\u00f3g\u0142 przynajmniej pomacha\u0107: jak Pierre Beuffeuil zapomnia\u0142 o dobrych manierach\" \/>\n<meta property=\"og:description\" content=\"Czy wyobra\u017casz sobie, \u017ce przebita d\u0119tka mo\u017ce spowodowa\u0107 oskar\u017cenie o zdrad\u0119? Ju\u017c samo z\u0142apanie gumy to nic przyjemnego, a w po\u0142\u0105czeniu z tak dotkliw\u0105 kar\u0105 to jawna niesprawiedliwo\u015b\u0107. A jednak takie zdarzenie mia\u0142o miejsce i niemal zaprowadzi\u0142o pewnego kolarza do wi\u0119zienia.\" \/>\n<meta property=\"og:url\" content=\"https:\/\/www.welovecycling.com\/pl\/2020\/08\/12\/mogl-przynajmniej-pomachac-jak-pierre-beuffeuil-zapomnial-o-dobrych-manierach\/\" \/>\n<meta property=\"og:site_name\" content=\"\u0160koda We Love Cycling - Poland\" \/>\n<meta property=\"article:published_time\" content=\"2020-08-12T15:05:01+00:00\" \/>\n<meta property=\"og:image\" content=\"https:\/\/d2p6e6u75xmxt8.cloudfront.net\/5\/2020\/08\/Pierre-Beuffeuil-CVR-profimedia-0017378295.jpg\" \/>\n\t<meta property=\"og:image:width\" content=\"1366\" \/>\n\t<meta property=\"og:image:height\" content=\"600\" \/>\n\t<meta property=\"og:image:type\" content=\"image\/jpeg\" \/>\n<meta name=\"author\" content=\"oktawiamikulska\" \/>\n<meta name=\"twitter:card\" content=\"summary_large_image\" \/>\n<meta name=\"twitter:label1\" content=\"Written by\" \/>\n\t<meta name=\"twitter:data1\" content=\"Tereza Antonova\" \/>\n\t<meta name=\"twitter:label2\" content=\"Est. reading time\" \/>\n\t<meta name=\"twitter:data2\" content=\"2 minutes\" \/>\n<script type=\"application\/ld+json\" class=\"yoast-schema-graph\">{\"@context\":\"https:\/\/schema.org\",\"@graph\":[{\"@type\":\"WebPage\",\"@id\":\"https:\/\/www.welovecycling.com\/pl\/2020\/08\/12\/mogl-przynajmniej-pomachac-jak-pierre-beuffeuil-zapomnial-o-dobrych-manierach\/\",\"url\":\"https:\/\/www.welovecycling.com\/pl\/2020\/08\/12\/mogl-przynajmniej-pomachac-jak-pierre-beuffeuil-zapomnial-o-dobrych-manierach\/\",\"name\":\"M\u00f3g\u0142 przynajmniej pomacha\u0107: jak Pierre Beuffeuil zapomnia\u0142 o dobrych manierach - \u0160koda We Love Cycling - Poland\",\"isPartOf\":{\"@id\":\"https:\/\/www.welovecycling.com\/pl\/#website\"},\"primaryImageOfPage\":{\"@id\":\"https:\/\/www.welovecycling.com\/pl\/2020\/08\/12\/mogl-przynajmniej-pomachac-jak-pierre-beuffeuil-zapomnial-o-dobrych-manierach\/#primaryimage\"},\"image\":{\"@id\":\"https:\/\/www.welovecycling.com\/pl\/2020\/08\/12\/mogl-przynajmniej-pomachac-jak-pierre-beuffeuil-zapomnial-o-dobrych-manierach\/#primaryimage\"},\"thumbnailUrl\":\"https:\/\/d2p6e6u75xmxt8.cloudfront.net\/5\/2020\/08\/Pierre-Beuffeuil-CVR-profimedia-0017378295.jpg\",\"datePublished\":\"2020-08-12T15:05:01+00:00\",\"author\":{\"@id\":\"https:\/\/www.welovecycling.com\/pl\/#\/schema\/person\/4a79bac7bd265aa6a35a1079d36648be\"},\"description\":\"Czy wyobra\u017casz sobie, \u017ce przebita d\u0119tka mo\u017ce spowodowa\u0107 oskar\u017cenie o zdrad\u0119? Ju\u017c samo z\u0142apanie gumy to nic przyjemnego, a w po\u0142\u0105czeniu z tak dotkliw\u0105 kar\u0105 to jawna niesprawiedliwo\u015b\u0107. A jednak takie zdarzenie mia\u0142o miejsce i niemal zaprowadzi\u0142o pewnego kolarza do wi\u0119zienia.\",\"breadcrumb\":{\"@id\":\"https:\/\/www.welovecycling.com\/pl\/2020\/08\/12\/mogl-przynajmniej-pomachac-jak-pierre-beuffeuil-zapomnial-o-dobrych-manierach\/#breadcrumb\"},\"inLanguage\":\"pl-PL\",\"potentialAction\":[{\"@type\":\"ReadAction\",\"target\":[\"https:\/\/www.welovecycling.com\/pl\/2020\/08\/12\/mogl-przynajmniej-pomachac-jak-pierre-beuffeuil-zapomnial-o-dobrych-manierach\/\"]}]},{\"@type\":\"ImageObject\",\"inLanguage\":\"pl-PL\",\"@id\":\"https:\/\/www.welovecycling.com\/pl\/2020\/08\/12\/mogl-przynajmniej-pomachac-jak-pierre-beuffeuil-zapomnial-o-dobrych-manierach\/#primaryimage\",\"url\":\"https:\/\/d2p6e6u75xmxt8.cloudfront.net\/5\/2020\/08\/Pierre-Beuffeuil-CVR-profimedia-0017378295.jpg\",\"contentUrl\":\"https:\/\/d2p6e6u75xmxt8.cloudfront.net\/5\/2020\/08\/Pierre-Beuffeuil-CVR-profimedia-0017378295.jpg\",\"width\":1366,\"height\":600},{\"@type\":\"BreadcrumbList\",\"@id\":\"https:\/\/www.welovecycling.com\/pl\/2020\/08\/12\/mogl-przynajmniej-pomachac-jak-pierre-beuffeuil-zapomnial-o-dobrych-manierach\/#breadcrumb\",\"itemListElement\":[{\"@type\":\"ListItem\",\"position\":1,\"name\":\"Home\",\"item\":\"https:\/\/www.welovecycling.com\/pl\/\"},{\"@type\":\"ListItem\",\"position\":2,\"name\":\"M\u00f3g\u0142 przynajmniej pomacha\u0107: jak Pierre Beuffeuil zapomnia\u0142 o dobrych manierach\"}]},{\"@type\":\"WebSite\",\"@id\":\"https:\/\/www.welovecycling.com\/pl\/#website\",\"url\":\"https:\/\/www.welovecycling.com\/pl\/\",\"name\":\"\u0160koda We Love Cycling - Poland\",\"description\":\"\",\"potentialAction\":[{\"@type\":\"SearchAction\",\"target\":{\"@type\":\"EntryPoint\",\"urlTemplate\":\"https:\/\/www.welovecycling.com\/pl\/?s={search_term_string}\"},\"query-input\":{\"@type\":\"PropertyValueSpecification\",\"valueRequired\":true,\"valueName\":\"search_term_string\"}}],\"inLanguage\":\"pl-PL\"},{\"@type\":\"Person\",\"@id\":\"https:\/\/www.welovecycling.com\/pl\/#\/schema\/person\/4a79bac7bd265aa6a35a1079d36648be\",\"name\":\"oktawiamikulska\",\"image\":{\"@type\":\"ImageObject\",\"inLanguage\":\"pl-PL\",\"@id\":\"https:\/\/www.welovecycling.com\/pl\/#\/schema\/person\/image\/\",\"url\":\"https:\/\/secure.gravatar.com\/avatar\/b97a3f44e2de6d2f8dd358975937e49823662e12cbd810b9d1a2bff1c149e8a7?s=96&d=mm&r=g\",\"contentUrl\":\"https:\/\/secure.gravatar.com\/avatar\/b97a3f44e2de6d2f8dd358975937e49823662e12cbd810b9d1a2bff1c149e8a7?s=96&d=mm&r=g\",\"caption\":\"oktawiamikulska\"},\"url\":\"https:\/\/www.welovecycling.com\/pl\/author\/oktawiamikulska\/\"}]}<\/script>\n<!-- \/ Yoast SEO Premium plugin. -->","yoast_head_json":{"title":"M\u00f3g\u0142 przynajmniej pomacha\u0107: jak Pierre Beuffeuil zapomnia\u0142 o dobrych manierach - \u0160koda We Love Cycling - Poland","description":"Czy wyobra\u017casz sobie, \u017ce przebita d\u0119tka mo\u017ce spowodowa\u0107 oskar\u017cenie o zdrad\u0119? Ju\u017c samo z\u0142apanie gumy to nic przyjemnego, a w po\u0142\u0105czeniu z tak dotkliw\u0105 kar\u0105 to jawna niesprawiedliwo\u015b\u0107. A jednak takie zdarzenie mia\u0142o miejsce i niemal zaprowadzi\u0142o pewnego kolarza do wi\u0119zienia.","robots":{"index":"index","follow":"follow","max-snippet":"max-snippet:-1","max-image-preview":"max-image-preview:large","max-video-preview":"max-video-preview:-1"},"canonical":"https:\/\/www.welovecycling.com\/pl\/2020\/08\/12\/mogl-przynajmniej-pomachac-jak-pierre-beuffeuil-zapomnial-o-dobrych-manierach\/","og_locale":"pl_PL","og_type":"article","og_title":"M\u00f3g\u0142 przynajmniej pomacha\u0107: jak Pierre Beuffeuil zapomnia\u0142 o dobrych manierach","og_description":"Czy wyobra\u017casz sobie, \u017ce przebita d\u0119tka mo\u017ce spowodowa\u0107 oskar\u017cenie o zdrad\u0119? Ju\u017c samo z\u0142apanie gumy to nic przyjemnego, a w po\u0142\u0105czeniu z tak dotkliw\u0105 kar\u0105 to jawna niesprawiedliwo\u015b\u0107. A jednak takie zdarzenie mia\u0142o miejsce i niemal zaprowadzi\u0142o pewnego kolarza do wi\u0119zienia.","og_url":"https:\/\/www.welovecycling.com\/pl\/2020\/08\/12\/mogl-przynajmniej-pomachac-jak-pierre-beuffeuil-zapomnial-o-dobrych-manierach\/","og_site_name":"\u0160koda We Love Cycling - Poland","article_published_time":"2020-08-12T15:05:01+00:00","og_image":[{"width":1366,"height":600,"url":"https:\/\/d2p6e6u75xmxt8.cloudfront.net\/5\/2020\/08\/Pierre-Beuffeuil-CVR-profimedia-0017378295.jpg","type":"image\/jpeg"}],"author":"oktawiamikulska","twitter_card":"summary_large_image","twitter_misc":{"Written by":"Tereza Antonova","Est. reading time":"2 minutes"},"schema":{"@context":"https:\/\/schema.org","@graph":[{"@type":"WebPage","@id":"https:\/\/www.welovecycling.com\/pl\/2020\/08\/12\/mogl-przynajmniej-pomachac-jak-pierre-beuffeuil-zapomnial-o-dobrych-manierach\/","url":"https:\/\/www.welovecycling.com\/pl\/2020\/08\/12\/mogl-przynajmniej-pomachac-jak-pierre-beuffeuil-zapomnial-o-dobrych-manierach\/","name":"M\u00f3g\u0142 przynajmniej pomacha\u0107: jak Pierre Beuffeuil zapomnia\u0142 o dobrych manierach - \u0160koda We Love Cycling - Poland","isPartOf":{"@id":"https:\/\/www.welovecycling.com\/pl\/#website"},"primaryImageOfPage":{"@id":"https:\/\/www.welovecycling.com\/pl\/2020\/08\/12\/mogl-przynajmniej-pomachac-jak-pierre-beuffeuil-zapomnial-o-dobrych-manierach\/#primaryimage"},"image":{"@id":"https:\/\/www.welovecycling.com\/pl\/2020\/08\/12\/mogl-przynajmniej-pomachac-jak-pierre-beuffeuil-zapomnial-o-dobrych-manierach\/#primaryimage"},"thumbnailUrl":"https:\/\/d2p6e6u75xmxt8.cloudfront.net\/5\/2020\/08\/Pierre-Beuffeuil-CVR-profimedia-0017378295.jpg","datePublished":"2020-08-12T15:05:01+00:00","author":{"@id":"https:\/\/www.welovecycling.com\/pl\/#\/schema\/person\/4a79bac7bd265aa6a35a1079d36648be"},"description":"Czy wyobra\u017casz sobie, \u017ce przebita d\u0119tka mo\u017ce spowodowa\u0107 oskar\u017cenie o zdrad\u0119? Ju\u017c samo z\u0142apanie gumy to nic przyjemnego, a w po\u0142\u0105czeniu z tak dotkliw\u0105 kar\u0105 to jawna niesprawiedliwo\u015b\u0107. A jednak takie zdarzenie mia\u0142o miejsce i niemal zaprowadzi\u0142o pewnego kolarza do wi\u0119zienia.","breadcrumb":{"@id":"https:\/\/www.welovecycling.com\/pl\/2020\/08\/12\/mogl-przynajmniej-pomachac-jak-pierre-beuffeuil-zapomnial-o-dobrych-manierach\/#breadcrumb"},"inLanguage":"pl-PL","potentialAction":[{"@type":"ReadAction","target":["https:\/\/www.welovecycling.com\/pl\/2020\/08\/12\/mogl-przynajmniej-pomachac-jak-pierre-beuffeuil-zapomnial-o-dobrych-manierach\/"]}]},{"@type":"ImageObject","inLanguage":"pl-PL","@id":"https:\/\/www.welovecycling.com\/pl\/2020\/08\/12\/mogl-przynajmniej-pomachac-jak-pierre-beuffeuil-zapomnial-o-dobrych-manierach\/#primaryimage","url":"https:\/\/d2p6e6u75xmxt8.cloudfront.net\/5\/2020\/08\/Pierre-Beuffeuil-CVR-profimedia-0017378295.jpg","contentUrl":"https:\/\/d2p6e6u75xmxt8.cloudfront.net\/5\/2020\/08\/Pierre-Beuffeuil-CVR-profimedia-0017378295.jpg","width":1366,"height":600},{"@type":"BreadcrumbList","@id":"https:\/\/www.welovecycling.com\/pl\/2020\/08\/12\/mogl-przynajmniej-pomachac-jak-pierre-beuffeuil-zapomnial-o-dobrych-manierach\/#breadcrumb","itemListElement":[{"@type":"ListItem","position":1,"name":"Home","item":"https:\/\/www.welovecycling.com\/pl\/"},{"@type":"ListItem","position":2,"name":"M\u00f3g\u0142 przynajmniej pomacha\u0107: jak Pierre Beuffeuil zapomnia\u0142 o dobrych manierach"}]},{"@type":"WebSite","@id":"https:\/\/www.welovecycling.com\/pl\/#website","url":"https:\/\/www.welovecycling.com\/pl\/","name":"\u0160koda We Love Cycling - Poland","description":"","potentialAction":[{"@type":"SearchAction","target":{"@type":"EntryPoint","urlTemplate":"https:\/\/www.welovecycling.com\/pl\/?s={search_term_string}"},"query-input":{"@type":"PropertyValueSpecification","valueRequired":true,"valueName":"search_term_string"}}],"inLanguage":"pl-PL"},{"@type":"Person","@id":"https:\/\/www.welovecycling.com\/pl\/#\/schema\/person\/4a79bac7bd265aa6a35a1079d36648be","name":"oktawiamikulska","image":{"@type":"ImageObject","inLanguage":"pl-PL","@id":"https:\/\/www.welovecycling.com\/pl\/#\/schema\/person\/image\/","url":"https:\/\/secure.gravatar.com\/avatar\/b97a3f44e2de6d2f8dd358975937e49823662e12cbd810b9d1a2bff1c149e8a7?s=96&d=mm&r=g","contentUrl":"https:\/\/secure.gravatar.com\/avatar\/b97a3f44e2de6d2f8dd358975937e49823662e12cbd810b9d1a2bff1c149e8a7?s=96&d=mm&r=g","caption":"oktawiamikulska"},"url":"https:\/\/www.welovecycling.com\/pl\/author\/oktawiamikulska\/"}]}},"_links":{"self":[{"href":"https:\/\/www.welovecycling.com\/pl\/wp-json\/wp\/v2\/posts\/10992","targetHints":{"allow":["GET"]}}],"collection":[{"href":"https:\/\/www.welovecycling.com\/pl\/wp-json\/wp\/v2\/posts"}],"about":[{"href":"https:\/\/www.welovecycling.com\/pl\/wp-json\/wp\/v2\/types\/post"}],"author":[{"embeddable":true,"href":"https:\/\/www.welovecycling.com\/pl\/wp-json\/wp\/v2\/users\/125"}],"replies":[{"embeddable":true,"href":"https:\/\/www.welovecycling.com\/pl\/wp-json\/wp\/v2\/comments?post=10992"}],"version-history":[{"count":2,"href":"https:\/\/www.welovecycling.com\/pl\/wp-json\/wp\/v2\/posts\/10992\/revisions"}],"predecessor-version":[{"id":10996,"href":"https:\/\/www.welovecycling.com\/pl\/wp-json\/wp\/v2\/posts\/10992\/revisions\/10996"}],"wp:featuredmedia":[{"embeddable":true,"href":"https:\/\/www.welovecycling.com\/pl\/wp-json\/wp\/v2\/media\/10993"}],"wp:attachment":[{"href":"https:\/\/www.welovecycling.com\/pl\/wp-json\/wp\/v2\/media?parent=10992"}],"wp:term":[{"taxonomy":"category","embeddable":true,"href":"https:\/\/www.welovecycling.com\/pl\/wp-json\/wp\/v2\/categories?post=10992"},{"taxonomy":"post_tag","embeddable":true,"href":"https:\/\/www.welovecycling.com\/pl\/wp-json\/wp\/v2\/tags?post=10992"},{"taxonomy":"global-categories","embeddable":true,"href":"https:\/\/www.welovecycling.com\/pl\/wp-json\/wp\/v2\/global-categories?post=10992"}],"curies":[{"name":"wp","href":"https:\/\/api.w.org\/{rel}","templated":true}]}}