{"id":10970,"date":"2020-08-04T17:03:56","date_gmt":"2020-08-04T17:03:56","guid":{"rendered":"https:\/\/www.welovecycling.com\/pl\/?p=10970"},"modified":"2020-08-04T17:04:19","modified_gmt":"2020-08-04T17:04:19","slug":"smietanka-kolarstwa-zjechala-do-polski-startuje-tour-de-pologne","status":"publish","type":"post","link":"https:\/\/www.welovecycling.com\/pl\/2020\/08\/04\/smietanka-kolarstwa-zjechala-do-polski-startuje-tour-de-pologne\/","title":{"rendered":"\u015amietanka kolarstwa zjecha\u0142a do Polski\u2026 Startuje Tour de Pologne!"},"content":{"rendered":"<p><strong>154 zawodnik\u00f3w, 5 dni rywalizacji i ponad 900 km do przejechania. W \u015brod\u0119 rozpoczyna si\u0119 najwi\u0119kszy wy\u015bcig w Polsce &#8211; Tour de Pologne. <\/strong><\/p>\n<p>\u015awiatowy peleton rozkr\u0119ca si\u0119 na dobre. W sobot\u0119 wy\u015bcigiem Strade Bianche zosta\u0142a wznowiona rywalizacja w UCI World Tour, a w \u015brod\u0119 zacznie si\u0119 pierwszy wy\u015bcig wieloetapowy \u2013 Tour de Pologne.<\/p>\n<h2><strong>Potwierdzenia w ostatniej chwili<\/strong><\/h2>\n<p>Strade Bianche wygra\u0142 Belg Wout Van Aert (Jumbo-Visma), przed Davidem Formolo (UAE Team Emirates) i Maksem Schachmannem (Bora-hansgrohe). Jedyny Polak \u2013 Micha\u0142 Kwiatkowski (Ineos) \u2013 zaj\u0105\u0142 12. miejsce.<\/p>\n<p>Znacznie wi\u0119cej Polak\u00f3w stanie na starcie 77. Tour de Pologne. B\u0119d\u0105 w\u015br\u00f3d nich m.in. Rafa\u0142 Majka (Bora-hansgrohe), Tomasz Marczy\u0144ski (Lotto Soudal), czy Micha\u0142 Go\u0142a\u015b (Ineos). Do Polski przyjad\u0105 tak\u017ce inni \u015bwietni zawodnicy, jak Remco Evenepoel (Deceuninck-Quick Step), Jakob Fuglsang (Astana), Mads Pedersen (Trek-Segafredo), czy Dylan Groenewegen (Jumbo-Visma), kt\u00f3ry w taki spos\u00f3b zapowiedzia\u0142 swoj\u0105 obecno\u015b\u0107:<\/p>\n<div class=\"embed-controller-wrapper\">\n<blockquote class=\"twitter-tweet\" data-width=\"500\" data-dnt=\"true\">\n<p lang=\"en\" dir=\"ltr\">Time to start again! <br \/>On my way to Poland! \ud83d\udd25 <a href=\"https:\/\/t.co\/74PiHIEQPQ\">pic.twitter.com\/74PiHIEQPQ<\/a><\/p>\n<p>&mdash; Dylan Groenewegen (@GroenewegenD) <a href=\"https:\/\/twitter.com\/GroenewegenD\/status\/1290205776301105153?ref_src=twsrc%5Etfw\">August 3, 2020<\/a><\/p><\/blockquote>\n<p><script async data-src=\"https:\/\/platform.twitter.com\/widgets.js\" charset=\"utf-8\"><\/script><\/div>\n<p>Z kolei ekipa Ineos w ostatniej chwili potwierdzi\u0142a start w Polsce Richarda Carapaza, ubieg\u0142orocznego zwyci\u0119zcy Giro d\u2019Italia.<\/p>\n<div class=\"embed-controller-wrapper\">\n<blockquote class=\"twitter-tweet\" data-width=\"500\" data-dnt=\"true\">\n<p lang=\"en\" dir=\"ltr\">The races and coming thick and fast this week! Meet our team for a five-stage edition of <a href=\"https:\/\/twitter.com\/Tour_de_Pologne?ref_src=twsrc%5Etfw\">@Tour_de_Pologne<\/a> which begins tomorrow: <a href=\"https:\/\/twitter.com\/RichardCarapazM?ref_src=twsrc%5Etfw\">@RichardCarapazM<\/a><br \/>Rohan Dennis <a href=\"https:\/\/twitter.com\/owaindoull?ref_src=twsrc%5Etfw\">@OwainDoull<\/a><a href=\"https:\/\/twitter.com\/EddieDunbar?ref_src=twsrc%5Etfw\">@EddieDunbar<\/a><a href=\"https:\/\/twitter.com\/golasmichal?ref_src=twsrc%5Etfw\">@golasmichal<\/a> <a href=\"https:\/\/twitter.com\/LukeRowe1990?ref_src=twsrc%5Etfw\">@LukeRowe1990<\/a> <a href=\"https:\/\/twitter.com\/IStannard?ref_src=twsrc%5Etfw\">@IStannard<\/a> <a href=\"https:\/\/t.co\/F14DLDOwwj\">pic.twitter.com\/F14DLDOwwj<\/a><\/p>\n<p>&mdash; INEOS Grenadiers (@INEOSGrenadiers) <a href=\"https:\/\/twitter.com\/INEOSGrenadiers\/status\/1290561259377692672?ref_src=twsrc%5Etfw\">August 4, 2020<\/a><\/p><\/blockquote>\n<p><script async data-src=\"https:\/\/platform.twitter.com\/widgets.js\" charset=\"utf-8\"><\/script><\/div>\n<p>\u0141\u0105cznie na starcie stanie 154 kolarzy z 22 ekip.<\/p>\n<h2><strong>Du\u017ce wyr\u00f3\u017cnienie<\/strong><\/h2>\n<p>W tym roku Tour de Pologne utrzyma\u0142 si\u0119 w zmodyfikowanym kalendarzu UCI. Co wi\u0119cej, jest te\u017c przedostatni\u0105 pr\u00f3b\u0105 wieloetapow\u0105 przed Tour de France, kt\u00f3ry zostanie rozegrane w dniach 29 sierpnia \u2013 20 wrze\u015bnia.<\/p>\n<p>&#8211; Patrzymy na kalendarz i pozosta\u0142o w nim kilku graczy, takich jak Tour de France, czy Giro d&#8217;Italia&#8230; Wiele mniejszych wy\u015bcig\u00f3w wypad\u0142o, ale my zostali\u015bmy i to na takim honorowym miejscu \u2013 m\u00f3wi\u0142 na antenie TVP Sport Czes\u0142aw Lang, organizator wy\u015bcigu.<\/p>\n<p>W tym roku przygotowanie Tour de Pologne jest dla jego ekipy szczeg\u00f3lnym wyzwaniem. Z powodu pandemii koronawirusa organizatorzy musz\u0105 do\u0142o\u017cy\u0107 wszelkich stara\u0144, by zawodnicy nie mieli kontaktu z przypadkowymi osobami. Do tego ka\u017cda dru\u017cyna nocuje i przemieszcza si\u0119 osobno, a kolarze na podium b\u0119d\u0105 pojawiali si\u0119 pojedynczo. Wok\u00f3\u0142 nich nie b\u0119dzie ani hostess, ani os\u00f3b, kt\u00f3re wr\u0119czaj\u0105 nagrody.<\/p>\n<h2><strong>W oczekiwaniu na Pola Elizejskie<\/strong><\/h2>\n<p>Start wy\u015bcigu odb\u0119dzie si\u0119 w \u015brod\u0119 o godz. 13:55 na Stadionie \u015al\u0105skim. Nast\u0119pnie zawodnicy pojad\u0105 do Piekar \u015al\u0105skich, Ogrodzie\u0144ca, Sosnowca, Siemianowic \u015al\u0105skich, a meta usytuowana jest w Katowicach. \u201e Pierwszy etap to dynamiczny i wymagaj\u0105cy odcinek o d\u0142ugo\u015bci 196 kilometr\u00f3w\u201d \u2013 informuj\u0105 organizatorzy.<\/p>\n<div class=\"embed-controller-wrapper\">\n<blockquote class=\"twitter-tweet\" data-width=\"500\" data-dnt=\"true\">\n<p lang=\"en\" dir=\"ltr\">Just one month from now, we will start <a href=\"https:\/\/twitter.com\/hashtag\/TDP20?src=hash&amp;ref_src=twsrc%5Etfw\">#TDP20<\/a>\ud83c\uddf5\ud83c\uddf1 <a href=\"https:\/\/twitter.com\/hashtag\/UCIWT?src=hash&amp;ref_src=twsrc%5Etfw\">#UCIWT<\/a>!<a href=\"https:\/\/twitter.com\/StadionSlaski?ref_src=twsrc%5Etfw\">@StadionSlaski<\/a> \ud83d\udc49\ud83c\udffb @umkatowice <br \/>\ud83d\udc9b <a href=\"https:\/\/twitter.com\/CarrefourPolska?ref_src=twsrc%5Etfw\">@CarrefourPolska<\/a> <br \/>\ud83e\udd0d <a href=\"https:\/\/twitter.com\/GrupaLOTOS?ref_src=twsrc%5Etfw\">@GrupaLOTOS<\/a> <br \/>\ud83d\udc99 <a href=\"https:\/\/twitter.com\/totalizator_sp?ref_src=twsrc%5Etfw\">@totalizator_sp<\/a> Lotto <a href=\"https:\/\/t.co\/hk73Hu3sxC\">pic.twitter.com\/hk73Hu3sxC<\/a><\/p>\n<p>&mdash; Tour de Pologne (@Tour_de_Pologne) <a href=\"https:\/\/twitter.com\/Tour_de_Pologne\/status\/1279771435846729730?ref_src=twsrc%5Etfw\">July 5, 2020<\/a><\/p><\/blockquote>\n<p><script async data-src=\"https:\/\/platform.twitter.com\/widgets.js\" charset=\"utf-8\"><\/script><\/div>\n<p>Nazajutrz kolarze pojad\u0105 szybk\u0105 tras\u0105 z Opola do Zabrza (151 km), gdzie b\u0119d\u0105 musieli zmierzy\u0107 si\u0119 z trudnym podjazdem na G\u00f3r\u0119 \u015awi\u0119tej Anny.<\/p>\n<p>https:\/\/twitter.com\/Tour_de_Pologne\/status\/1280147665725112322?s=20<\/p>\n<p>W pi\u0105tek czeka ich przejazd Wadowice \u2013 Bielsko-Bia\u0142a (203 km)\u2026<\/p>\n<div class=\"embed-controller-wrapper\">\n<blockquote class=\"twitter-tweet\" data-width=\"500\" data-dnt=\"true\">\n<p lang=\"en\" dir=\"ltr\">Tour de Pologne stage 3 coming in one month. It will be \ud83d\udca5<br \/>Wadowice \ud83d\udc49\ud83c\udffb <a href=\"https:\/\/twitter.com\/BielskoBialaPL?ref_src=twsrc%5Etfw\">@BielskoBialaPL<\/a><br \/>\ud83d\udc9b <a href=\"https:\/\/twitter.com\/CarrefourPolska?ref_src=twsrc%5Etfw\">@CarrefourPolska<\/a><br \/>\ud83d\udc99 <a href=\"https:\/\/twitter.com\/totalizator_sp?ref_src=twsrc%5Etfw\">@totalizator_sp<\/a> Lotto<br \/>\ud83e\udd0d <a href=\"https:\/\/twitter.com\/GrupaLOTOS?ref_src=twsrc%5Etfw\">@GrupaLOTOS<\/a><br \/>\ud83c\uddf5\ud83c\uddf1 05-09.08.2020 <a href=\"https:\/\/t.co\/Vm2L27I9zD\">pic.twitter.com\/Vm2L27I9zD<\/a><\/p>\n<p>&mdash; Tour de Pologne (@Tour_de_Pologne) <a href=\"https:\/\/twitter.com\/Tour_de_Pologne\/status\/1280614854844243968?ref_src=twsrc%5Etfw\">July 7, 2020<\/a><\/p><\/blockquote>\n<p><script async data-src=\"https:\/\/platform.twitter.com\/widgets.js\" charset=\"utf-8\"><\/script><\/div>\n<p>\u2026 a w sobot\u0119 kr\u00f3lewski etap Tour de Pologne w okolicach Bukowiny Tatrza\u0144skiej (153 km).<\/p>\n<p>\u201ePo pokonaniu sze\u015bciu niezwykle wymagaj\u0105cych podjazd\u00f3w kolarze zafiniszuj\u0105 w Bukowinie Tatrza\u0144skiej. Ten etap mo\u017ce by\u0107 decyduj\u0105cy w walce o zwyci\u0119stwo w klasyfikacji generalnej\u201d \u2013 przewiduj\u0105 organizatorzy.<\/p>\n<div class=\"embed-controller-wrapper\">\n<blockquote class=\"twitter-tweet\" data-width=\"500\" data-dnt=\"true\">\n<p lang=\"en\" dir=\"ltr\">The countdown continues. Only 1\ufe0f\u20e3 month till <a href=\"https:\/\/twitter.com\/hashtag\/TDP20?src=hash&amp;ref_src=twsrc%5Etfw\">#TDP20<\/a> stage 4. <br \/>The Queen\u2019s Stage! \ud83d\udc51<br \/>Bukowina Resort \ud83d\udc49\ud83c\udffb Bukowina Tatrza\u0144ska<br \/>\ud83d\udc9b <a href=\"https:\/\/twitter.com\/CarrefourPolska?ref_src=twsrc%5Etfw\">@CarrefourPolska<\/a> <br \/>\ud83e\udd0d <a href=\"https:\/\/twitter.com\/GrupaLOTOS?ref_src=twsrc%5Etfw\">@GrupaLOTOS<\/a> <br \/>\ud83d\udc99 <a href=\"https:\/\/twitter.com\/totalizator_sp?ref_src=twsrc%5Etfw\">@totalizator_sp<\/a> Lotto<br \/>\ud83c\uddf5\ud83c\uddf1 <a href=\"https:\/\/twitter.com\/hashtag\/TDP?src=hash&amp;ref_src=twsrc%5Etfw\">#TDP<\/a> <a href=\"https:\/\/twitter.com\/hashtag\/UCIWT?src=hash&amp;ref_src=twsrc%5Etfw\">#UCIWT<\/a> 05-09.08.2020 <a href=\"https:\/\/t.co\/aVTKXny4DD\">pic.twitter.com\/aVTKXny4DD<\/a><\/p>\n<p>&mdash; Tour de Pologne (@Tour_de_Pologne) <a href=\"https:\/\/twitter.com\/Tour_de_Pologne\/status\/1280892624992440320?ref_src=twsrc%5Etfw\">July 8, 2020<\/a><\/p><\/blockquote>\n<p><script async data-src=\"https:\/\/platform.twitter.com\/widgets.js\" charset=\"utf-8\"><\/script><\/div>\n<p>Fina\u0142owy, niedzielny etap rozpocznie si\u0119 w Zakopanem, a zako\u0144czy w Krakowie przy B\u0142oniach, kt\u00f3re Czes\u0142aw Lang nazywa \u201ePolami Elizejskimi\u201d w nawi\u0105zaniu do miejsca, w kt\u00f3rym ko\u0144czy si\u0119 najwi\u0119kszy wy\u015bcig \u015bwiata &#8211; Tour de France.<\/p>\n<div class=\"embed-controller-wrapper\">\n<blockquote class=\"twitter-tweet\" data-width=\"500\" data-dnt=\"true\">\n<p lang=\"en\" dir=\"ltr\">Who will bring home the \ud83c\udfc6 from <a href=\"https:\/\/twitter.com\/hashtag\/TDP20?src=hash&amp;ref_src=twsrc%5Etfw\">#TDP20<\/a>? That we are going to learn after stage 5 \ud83d\udca5<br \/>Zakopane \ud83d\udc49\ud83c\udffb <a href=\"https:\/\/twitter.com\/krakow_pl?ref_src=twsrc%5Etfw\">@krakow_pl<\/a> <br \/>\ud83d\udc9b <a href=\"https:\/\/twitter.com\/CarrefourPolska?ref_src=twsrc%5Etfw\">@CarrefourPolska<\/a> <br \/>\ud83e\udd0d <a href=\"https:\/\/twitter.com\/GrupaLOTOS?ref_src=twsrc%5Etfw\">@GrupaLOTOS<\/a> <br \/>\ud83d\udc99 <a href=\"https:\/\/twitter.com\/totalizator_sp?ref_src=twsrc%5Etfw\">@totalizator_sp<\/a> Lotto<br \/>\ud83c\uddf5\ud83c\uddf1 <a href=\"https:\/\/twitter.com\/hashtag\/TDP?src=hash&amp;ref_src=twsrc%5Etfw\">#TDP<\/a> <a href=\"https:\/\/twitter.com\/hashtag\/UCIWT?src=hash&amp;ref_src=twsrc%5Etfw\">#UCIWT<\/a> 05-09.08.2020 <a href=\"https:\/\/t.co\/1BdqxanFWG\">pic.twitter.com\/1BdqxanFWG<\/a><\/p>\n<p>&mdash; Tour de Pologne (@Tour_de_Pologne) <a href=\"https:\/\/twitter.com\/Tour_de_Pologne\/status\/1281258397162246144?ref_src=twsrc%5Etfw\">July 9, 2020<\/a><\/p><\/blockquote>\n<p><script async data-src=\"https:\/\/platform.twitter.com\/widgets.js\" charset=\"utf-8\"><\/script><\/div>\n<p>Zmagania zawodnik\u00f3w podczas Tour de Pologne b\u0119dzie mo\u017cna ogl\u0105da\u0107 w Telewizji Polskiej oraz Eurosporcie. \u2013 Ten wy\u015bcig to du\u017ce wyzwanie dla organizator\u00f3w, ale tak\u017ce ca\u0142ej Polski, bo Tour de Pologne jest wizyt\u00f3wk\u0105 ca\u0142ego pa\u0144stwa. Oczy ca\u0142ego kolarskiego \u015bwiata s\u0105 na nas zwr\u00f3cone. Pod wieloma wzgl\u0119dami to wyj\u0105tkowy wy\u015bcig, wi\u0119c i wyzwanie jest wyj\u0105tkowe &#8211; przyzna\u0142 Czes\u0142aw Lang w Polskim Radiu.<\/p>\n<p><span data-sheets-value=\"{&quot;1&quot;:2,&quot;2&quot;:&quot;Artyku\u0142 powsta\u0142 we wsp\u00f3\u0142pracy ze skoda-auto.pl&quot;}\" data-sheets-userformat=\"{&quot;2&quot;:1,&quot;3&quot;:{&quot;1&quot;:0}}\" data-sheets-hyperlink=\"http:\/\/www.skoda-auto.pl\/\"><a class=\"in-cell-link\" href=\"http:\/\/www.skoda-auto.pl\/\" target=\"_blank\" rel=\"noopener noreferrer\">Artyku\u0142 powsta\u0142 we wsp\u00f3\u0142pracy ze skoda-auto.pl<\/a><\/span><\/p>\n<p>&nbsp;<\/p>\n<p><a href=\"https:\/\/www.skoda-auto.pl\/modele\/karoq\">\u00a0<\/a><\/p>\n<p><a href=\"https:\/\/www.skoda-auto.pl\/modele\/karoq\"><img loading=\"lazy\" decoding=\"async\" class=\"aligncenter wp-image-9606 size-full\" src=\"https:\/\/d2p6e6u75xmxt8.cloudfront.net\/5\/2019\/08\/baner_WLC_640x350_1.png\" alt=\"\" width=\"640\" height=\"350\" srcset=\"https:\/\/d2p6e6u75xmxt8.cloudfront.net\/5\/2019\/08\/baner_WLC_640x350_1.png 640w, https:\/\/d2p6e6u75xmxt8.cloudfront.net\/5\/2019\/08\/baner_WLC_640x350_1-300x164.png 300w\" sizes=\"auto, (max-width: 640px) 100vw, 640px\" \/><\/a><\/p>\n<p>&nbsp;<\/p>\n","protected":false},"excerpt":{"rendered":"<p>154 zawodnik\u00f3w, 5 dni rywalizacji i ponad 900 km do przejechania. W \u015brod\u0119 rozpoczyna si\u0119 najwi\u0119kszy wy\u015bcig w Polsce &#8211; [&hellip;]<\/p>\n","protected":false},"author":125,"featured_media":10977,"comment_status":"open","ping_status":"open","sticky":false,"template":"","format":"standard","meta":{"footnotes":""},"categories":[331],"tags":[],"global-categories":[303],"class_list":["post-10970","post","type-post","status-publish","format-standard","has-post-thumbnail","hentry","category-tour-de-pologne-2020","global-categories-cycling"],"yoast_head":"<!-- This site is optimized with the Yoast SEO Premium plugin v25.3 (Yoast SEO v25.9) - https:\/\/yoast.com\/wordpress\/plugins\/seo\/ -->\n<title>\u015amietanka kolarstwa zjecha\u0142a do Polski\u2026 Startuje Tour de Pologne! - \u0160koda We Love Cycling - Poland<\/title>\n<meta name=\"description\" content=\"154 zawodnik\u00f3w, 5 dni rywalizacji i ponad 900 km do przejechania. W \u015brod\u0119 rozpoczyna si\u0119 najwi\u0119kszy wy\u015bcig w Polsce - Tour de Pologne.\" \/>\n<meta name=\"robots\" content=\"index, follow, max-snippet:-1, max-image-preview:large, max-video-preview:-1\" \/>\n<link rel=\"canonical\" href=\"https:\/\/www.welovecycling.com\/pl\/2020\/08\/04\/smietanka-kolarstwa-zjechala-do-polski-startuje-tour-de-pologne\/\" \/>\n<meta property=\"og:locale\" content=\"pl_PL\" \/>\n<meta property=\"og:type\" content=\"article\" \/>\n<meta property=\"og:title\" content=\"\u015amietanka kolarstwa zjecha\u0142a do Polski\u2026 Startuje Tour de Pologne!\" \/>\n<meta property=\"og:description\" content=\"154 zawodnik\u00f3w, 5 dni rywalizacji i ponad 900 km do przejechania. W \u015brod\u0119 rozpoczyna si\u0119 najwi\u0119kszy wy\u015bcig w Polsce - Tour de Pologne.\" \/>\n<meta property=\"og:url\" content=\"https:\/\/www.welovecycling.com\/pl\/2020\/08\/04\/smietanka-kolarstwa-zjechala-do-polski-startuje-tour-de-pologne\/\" \/>\n<meta property=\"og:site_name\" content=\"\u0160koda We Love Cycling - Poland\" \/>\n<meta property=\"article:published_time\" content=\"2020-08-04T17:03:56+00:00\" \/>\n<meta property=\"article:modified_time\" content=\"2020-08-04T17:04:19+00:00\" \/>\n<meta property=\"og:image\" content=\"https:\/\/d2p6e6u75xmxt8.cloudfront.net\/5\/2020\/08\/Wout-van-Aert-CVR-profimedia-0548947629-1.jpg\" \/>\n\t<meta property=\"og:image:width\" content=\"1366\" \/>\n\t<meta property=\"og:image:height\" content=\"600\" \/>\n\t<meta property=\"og:image:type\" content=\"image\/jpeg\" \/>\n<meta name=\"author\" content=\"oktawiamikulska\" \/>\n<meta name=\"twitter:card\" content=\"summary_large_image\" \/>\n<meta name=\"twitter:label1\" content=\"Written by\" \/>\n\t<meta name=\"twitter:data1\" content=\"Piotr Nowik\" \/>\n\t<meta name=\"twitter:label2\" content=\"Est. reading time\" \/>\n\t<meta name=\"twitter:data2\" content=\"3 minutes\" \/>\n<script type=\"application\/ld+json\" class=\"yoast-schema-graph\">{\"@context\":\"https:\/\/schema.org\",\"@graph\":[{\"@type\":\"WebPage\",\"@id\":\"https:\/\/www.welovecycling.com\/pl\/2020\/08\/04\/smietanka-kolarstwa-zjechala-do-polski-startuje-tour-de-pologne\/\",\"url\":\"https:\/\/www.welovecycling.com\/pl\/2020\/08\/04\/smietanka-kolarstwa-zjechala-do-polski-startuje-tour-de-pologne\/\",\"name\":\"\u015amietanka kolarstwa zjecha\u0142a do Polski\u2026 Startuje Tour de Pologne! - \u0160koda We Love Cycling - Poland\",\"isPartOf\":{\"@id\":\"https:\/\/www.welovecycling.com\/pl\/#website\"},\"primaryImageOfPage\":{\"@id\":\"https:\/\/www.welovecycling.com\/pl\/2020\/08\/04\/smietanka-kolarstwa-zjechala-do-polski-startuje-tour-de-pologne\/#primaryimage\"},\"image\":{\"@id\":\"https:\/\/www.welovecycling.com\/pl\/2020\/08\/04\/smietanka-kolarstwa-zjechala-do-polski-startuje-tour-de-pologne\/#primaryimage\"},\"thumbnailUrl\":\"https:\/\/d2p6e6u75xmxt8.cloudfront.net\/5\/2020\/08\/Wout-van-Aert-CVR-profimedia-0548947629-1.jpg\",\"datePublished\":\"2020-08-04T17:03:56+00:00\",\"dateModified\":\"2020-08-04T17:04:19+00:00\",\"author\":{\"@id\":\"https:\/\/www.welovecycling.com\/pl\/#\/schema\/person\/4a79bac7bd265aa6a35a1079d36648be\"},\"description\":\"154 zawodnik\u00f3w, 5 dni rywalizacji i ponad 900 km do przejechania. W \u015brod\u0119 rozpoczyna si\u0119 najwi\u0119kszy wy\u015bcig w Polsce - Tour de Pologne.\",\"breadcrumb\":{\"@id\":\"https:\/\/www.welovecycling.com\/pl\/2020\/08\/04\/smietanka-kolarstwa-zjechala-do-polski-startuje-tour-de-pologne\/#breadcrumb\"},\"inLanguage\":\"pl-PL\",\"potentialAction\":[{\"@type\":\"ReadAction\",\"target\":[\"https:\/\/www.welovecycling.com\/pl\/2020\/08\/04\/smietanka-kolarstwa-zjechala-do-polski-startuje-tour-de-pologne\/\"]}]},{\"@type\":\"ImageObject\",\"inLanguage\":\"pl-PL\",\"@id\":\"https:\/\/www.welovecycling.com\/pl\/2020\/08\/04\/smietanka-kolarstwa-zjechala-do-polski-startuje-tour-de-pologne\/#primaryimage\",\"url\":\"https:\/\/d2p6e6u75xmxt8.cloudfront.net\/5\/2020\/08\/Wout-van-Aert-CVR-profimedia-0548947629-1.jpg\",\"contentUrl\":\"https:\/\/d2p6e6u75xmxt8.cloudfront.net\/5\/2020\/08\/Wout-van-Aert-CVR-profimedia-0548947629-1.jpg\",\"width\":1366,\"height\":600},{\"@type\":\"BreadcrumbList\",\"@id\":\"https:\/\/www.welovecycling.com\/pl\/2020\/08\/04\/smietanka-kolarstwa-zjechala-do-polski-startuje-tour-de-pologne\/#breadcrumb\",\"itemListElement\":[{\"@type\":\"ListItem\",\"position\":1,\"name\":\"Home\",\"item\":\"https:\/\/www.welovecycling.com\/pl\/\"},{\"@type\":\"ListItem\",\"position\":2,\"name\":\"\u015amietanka kolarstwa zjecha\u0142a do Polski\u2026 Startuje Tour de Pologne!\"}]},{\"@type\":\"WebSite\",\"@id\":\"https:\/\/www.welovecycling.com\/pl\/#website\",\"url\":\"https:\/\/www.welovecycling.com\/pl\/\",\"name\":\"\u0160koda We Love Cycling - Poland\",\"description\":\"\",\"potentialAction\":[{\"@type\":\"SearchAction\",\"target\":{\"@type\":\"EntryPoint\",\"urlTemplate\":\"https:\/\/www.welovecycling.com\/pl\/?s={search_term_string}\"},\"query-input\":{\"@type\":\"PropertyValueSpecification\",\"valueRequired\":true,\"valueName\":\"search_term_string\"}}],\"inLanguage\":\"pl-PL\"},{\"@type\":\"Person\",\"@id\":\"https:\/\/www.welovecycling.com\/pl\/#\/schema\/person\/4a79bac7bd265aa6a35a1079d36648be\",\"name\":\"oktawiamikulska\",\"image\":{\"@type\":\"ImageObject\",\"inLanguage\":\"pl-PL\",\"@id\":\"https:\/\/www.welovecycling.com\/pl\/#\/schema\/person\/image\/\",\"url\":\"https:\/\/secure.gravatar.com\/avatar\/b97a3f44e2de6d2f8dd358975937e49823662e12cbd810b9d1a2bff1c149e8a7?s=96&d=mm&r=g\",\"contentUrl\":\"https:\/\/secure.gravatar.com\/avatar\/b97a3f44e2de6d2f8dd358975937e49823662e12cbd810b9d1a2bff1c149e8a7?s=96&d=mm&r=g\",\"caption\":\"oktawiamikulska\"},\"url\":\"https:\/\/www.welovecycling.com\/pl\/author\/oktawiamikulska\/\"}]}<\/script>\n<!-- \/ Yoast SEO Premium plugin. -->","yoast_head_json":{"title":"\u015amietanka kolarstwa zjecha\u0142a do Polski\u2026 Startuje Tour de Pologne! - \u0160koda We Love Cycling - Poland","description":"154 zawodnik\u00f3w, 5 dni rywalizacji i ponad 900 km do przejechania. W \u015brod\u0119 rozpoczyna si\u0119 najwi\u0119kszy wy\u015bcig w Polsce - Tour de Pologne.","robots":{"index":"index","follow":"follow","max-snippet":"max-snippet:-1","max-image-preview":"max-image-preview:large","max-video-preview":"max-video-preview:-1"},"canonical":"https:\/\/www.welovecycling.com\/pl\/2020\/08\/04\/smietanka-kolarstwa-zjechala-do-polski-startuje-tour-de-pologne\/","og_locale":"pl_PL","og_type":"article","og_title":"\u015amietanka kolarstwa zjecha\u0142a do Polski\u2026 Startuje Tour de Pologne!","og_description":"154 zawodnik\u00f3w, 5 dni rywalizacji i ponad 900 km do przejechania. W \u015brod\u0119 rozpoczyna si\u0119 najwi\u0119kszy wy\u015bcig w Polsce - Tour de Pologne.","og_url":"https:\/\/www.welovecycling.com\/pl\/2020\/08\/04\/smietanka-kolarstwa-zjechala-do-polski-startuje-tour-de-pologne\/","og_site_name":"\u0160koda We Love Cycling - Poland","article_published_time":"2020-08-04T17:03:56+00:00","article_modified_time":"2020-08-04T17:04:19+00:00","og_image":[{"width":1366,"height":600,"url":"https:\/\/d2p6e6u75xmxt8.cloudfront.net\/5\/2020\/08\/Wout-van-Aert-CVR-profimedia-0548947629-1.jpg","type":"image\/jpeg"}],"author":"oktawiamikulska","twitter_card":"summary_large_image","twitter_misc":{"Written by":"Piotr Nowik","Est. reading time":"3 minutes"},"schema":{"@context":"https:\/\/schema.org","@graph":[{"@type":"WebPage","@id":"https:\/\/www.welovecycling.com\/pl\/2020\/08\/04\/smietanka-kolarstwa-zjechala-do-polski-startuje-tour-de-pologne\/","url":"https:\/\/www.welovecycling.com\/pl\/2020\/08\/04\/smietanka-kolarstwa-zjechala-do-polski-startuje-tour-de-pologne\/","name":"\u015amietanka kolarstwa zjecha\u0142a do Polski\u2026 Startuje Tour de Pologne! - \u0160koda We Love Cycling - Poland","isPartOf":{"@id":"https:\/\/www.welovecycling.com\/pl\/#website"},"primaryImageOfPage":{"@id":"https:\/\/www.welovecycling.com\/pl\/2020\/08\/04\/smietanka-kolarstwa-zjechala-do-polski-startuje-tour-de-pologne\/#primaryimage"},"image":{"@id":"https:\/\/www.welovecycling.com\/pl\/2020\/08\/04\/smietanka-kolarstwa-zjechala-do-polski-startuje-tour-de-pologne\/#primaryimage"},"thumbnailUrl":"https:\/\/d2p6e6u75xmxt8.cloudfront.net\/5\/2020\/08\/Wout-van-Aert-CVR-profimedia-0548947629-1.jpg","datePublished":"2020-08-04T17:03:56+00:00","dateModified":"2020-08-04T17:04:19+00:00","author":{"@id":"https:\/\/www.welovecycling.com\/pl\/#\/schema\/person\/4a79bac7bd265aa6a35a1079d36648be"},"description":"154 zawodnik\u00f3w, 5 dni rywalizacji i ponad 900 km do przejechania. W \u015brod\u0119 rozpoczyna si\u0119 najwi\u0119kszy wy\u015bcig w Polsce - Tour de Pologne.","breadcrumb":{"@id":"https:\/\/www.welovecycling.com\/pl\/2020\/08\/04\/smietanka-kolarstwa-zjechala-do-polski-startuje-tour-de-pologne\/#breadcrumb"},"inLanguage":"pl-PL","potentialAction":[{"@type":"ReadAction","target":["https:\/\/www.welovecycling.com\/pl\/2020\/08\/04\/smietanka-kolarstwa-zjechala-do-polski-startuje-tour-de-pologne\/"]}]},{"@type":"ImageObject","inLanguage":"pl-PL","@id":"https:\/\/www.welovecycling.com\/pl\/2020\/08\/04\/smietanka-kolarstwa-zjechala-do-polski-startuje-tour-de-pologne\/#primaryimage","url":"https:\/\/d2p6e6u75xmxt8.cloudfront.net\/5\/2020\/08\/Wout-van-Aert-CVR-profimedia-0548947629-1.jpg","contentUrl":"https:\/\/d2p6e6u75xmxt8.cloudfront.net\/5\/2020\/08\/Wout-van-Aert-CVR-profimedia-0548947629-1.jpg","width":1366,"height":600},{"@type":"BreadcrumbList","@id":"https:\/\/www.welovecycling.com\/pl\/2020\/08\/04\/smietanka-kolarstwa-zjechala-do-polski-startuje-tour-de-pologne\/#breadcrumb","itemListElement":[{"@type":"ListItem","position":1,"name":"Home","item":"https:\/\/www.welovecycling.com\/pl\/"},{"@type":"ListItem","position":2,"name":"\u015amietanka kolarstwa zjecha\u0142a do Polski\u2026 Startuje Tour de Pologne!"}]},{"@type":"WebSite","@id":"https:\/\/www.welovecycling.com\/pl\/#website","url":"https:\/\/www.welovecycling.com\/pl\/","name":"\u0160koda We Love Cycling - Poland","description":"","potentialAction":[{"@type":"SearchAction","target":{"@type":"EntryPoint","urlTemplate":"https:\/\/www.welovecycling.com\/pl\/?s={search_term_string}"},"query-input":{"@type":"PropertyValueSpecification","valueRequired":true,"valueName":"search_term_string"}}],"inLanguage":"pl-PL"},{"@type":"Person","@id":"https:\/\/www.welovecycling.com\/pl\/#\/schema\/person\/4a79bac7bd265aa6a35a1079d36648be","name":"oktawiamikulska","image":{"@type":"ImageObject","inLanguage":"pl-PL","@id":"https:\/\/www.welovecycling.com\/pl\/#\/schema\/person\/image\/","url":"https:\/\/secure.gravatar.com\/avatar\/b97a3f44e2de6d2f8dd358975937e49823662e12cbd810b9d1a2bff1c149e8a7?s=96&d=mm&r=g","contentUrl":"https:\/\/secure.gravatar.com\/avatar\/b97a3f44e2de6d2f8dd358975937e49823662e12cbd810b9d1a2bff1c149e8a7?s=96&d=mm&r=g","caption":"oktawiamikulska"},"url":"https:\/\/www.welovecycling.com\/pl\/author\/oktawiamikulska\/"}]}},"_links":{"self":[{"href":"https:\/\/www.welovecycling.com\/pl\/wp-json\/wp\/v2\/posts\/10970","targetHints":{"allow":["GET"]}}],"collection":[{"href":"https:\/\/www.welovecycling.com\/pl\/wp-json\/wp\/v2\/posts"}],"about":[{"href":"https:\/\/www.welovecycling.com\/pl\/wp-json\/wp\/v2\/types\/post"}],"author":[{"embeddable":true,"href":"https:\/\/www.welovecycling.com\/pl\/wp-json\/wp\/v2\/users\/125"}],"replies":[{"embeddable":true,"href":"https:\/\/www.welovecycling.com\/pl\/wp-json\/wp\/v2\/comments?post=10970"}],"version-history":[{"count":1,"href":"https:\/\/www.welovecycling.com\/pl\/wp-json\/wp\/v2\/posts\/10970\/revisions"}],"predecessor-version":[{"id":10976,"href":"https:\/\/www.welovecycling.com\/pl\/wp-json\/wp\/v2\/posts\/10970\/revisions\/10976"}],"wp:featuredmedia":[{"embeddable":true,"href":"https:\/\/www.welovecycling.com\/pl\/wp-json\/wp\/v2\/media\/10977"}],"wp:attachment":[{"href":"https:\/\/www.welovecycling.com\/pl\/wp-json\/wp\/v2\/media?parent=10970"}],"wp:term":[{"taxonomy":"category","embeddable":true,"href":"https:\/\/www.welovecycling.com\/pl\/wp-json\/wp\/v2\/categories?post=10970"},{"taxonomy":"post_tag","embeddable":true,"href":"https:\/\/www.welovecycling.com\/pl\/wp-json\/wp\/v2\/tags?post=10970"},{"taxonomy":"global-categories","embeddable":true,"href":"https:\/\/www.welovecycling.com\/pl\/wp-json\/wp\/v2\/global-categories?post=10970"}],"curies":[{"name":"wp","href":"https:\/\/api.w.org\/{rel}","templated":true}]}}