{"id":10949,"date":"2020-07-27T14:44:08","date_gmt":"2020-07-27T14:44:08","guid":{"rendered":"https:\/\/www.welovecycling.com\/pl\/?p=10949"},"modified":"2020-07-27T14:44:08","modified_gmt":"2020-07-27T14:44:08","slug":"miasta-na-calym-swiecie-rozbudowuja-sciezki-rowerowe-i-zachecaja-swoich-mieszkancow-do-jazdy-na-dwoch-kolkach","status":"publish","type":"post","link":"https:\/\/www.welovecycling.com\/pl\/2020\/07\/27\/miasta-na-calym-swiecie-rozbudowuja-sciezki-rowerowe-i-zachecaja-swoich-mieszkancow-do-jazdy-na-dwoch-kolkach\/","title":{"rendered":"Miasta na ca\u0142ym \u015bwiecie rozbudowuj\u0105 \u015bcie\u017cki rowerowe i zach\u0119caj\u0105 swoich mieszka\u0144c\u00f3w do jazdy na dw\u00f3ch k\u00f3\u0142kach"},"content":{"rendered":"<p><strong>W zwi\u0105zku z wybuchem pandemii nasze miasta w ci\u0105gu ostatnich kilku miesi\u0119cy wygl\u0105da\u0142y zupe\u0142nie inaczej. Rz\u0105dy, pr\u00f3buj\u0105c opanowa\u0107 rozprzestrzenianie si\u0119 koronawirusa, apelowa\u0142y do swoich obywateli o modyfikacj\u0119 trybu \u017cycia i dostosowanie go do sytuacji. Zwolni\u0142a gospodarka, szko\u0142y pozostawa\u0142y zamkni\u0119te. W\u0142a\u015bciciele firm byli (i s\u0105 nadal) sfrustrowani z powodu niepewnej przysz\u0142o\u015bci, a wiele os\u00f3b jest zmuszonych do szukania nowych sposob\u00f3w funkcjonowania. Okaza\u0142o si\u0119, \u017ce w tych niestabilnych i budz\u0105cych niepok\u00f3j czasach rowery mocno zyska\u0142y na znaczeniu.<\/strong><\/p>\n<p>Gdy tylko wprowadzono lockdown, sklepy rowerowe odnotowa\u0142y wzrost sprzeda\u017cy. Ludzie kupowali nowe pojazdy, naprawiali stare i og\u00f3lnie je\u017adzili o wiele intensywniej ni\u017c kiedykolwiek wcze\u015bniej. Ci, od kt\u00f3rych oczekiwano stawiania si\u0119 pracy, wsiadali na rowery z konieczno\u015bci, poniewa\u017c szukali sposobu na przemieszczanie si\u0119 z zachowaniem dystansu spo\u0142ecznego. Dla innych by\u0142 to spos\u00f3b na zachowanie formy. Kiedy wychodzenie z domu zosta\u0142o ograniczone przepisami, wielu ludzi szuka\u0142o okazji do wyj\u015bcia na zewn\u0105trz \u2013 i rower by\u0142 jedn\u0105 z opcji. Rowerzy\u015bci wyruszyli gromadnie na miasto i zauwa\u017cyli, \u017ce na ulicach panuje wi\u0119kszy spok\u00f3j, powietrze jest czystsze, a otoczenie jest dla nich bardziej przyjazne.<\/p>\n<p>Dopiero w przysz\u0142o\u015bci oka\u017ce si\u0119, czy ten pozytywny trend utrzyma si\u0119 po ust\u0105pieniu pandemii, ale ju\u017c teraz wiele miast korzysta z okazji, by rozwin\u0105\u0107 polityk\u0119 i infrastruktur\u0119 rowerow\u0105. To pokazuje, \u017ce najbli\u017csze lata mog\u0105 by\u0107 faktycznie bardziej przyjazne dla podr\u00f3\u017cuj\u0105cych na dw\u00f3ch k\u00f3\u0142kach.<\/p>\n<h2><strong>Bruksela<\/strong><\/h2>\n<p>Znaczna rozbudowa sieci rowerowej by\u0142a jedn\u0105 z pierwszych rzeczy, kt\u00f3re Bruksela zrobi\u0142a po wprowadzeniu lockdownu. W\u0142adze regionalne szybko przed\u0142u\u017cy\u0142y miejskie \u015bcie\u017cki rowerowe o oko\u0142o 40 kilometr\u00f3w, aby zach\u0119ci\u0107 mieszka\u0144c\u00f3w do podr\u00f3\u017cowania rowerem.<\/p>\n<figure id=\"attachment_178104\" aria-describedby=\"caption-attachment-178104\" style=\"width: 1250px\" class=\"wp-caption alignnone\"><img loading=\"lazy\" decoding=\"async\" class=\"loading wp-image-178104 size-full\" src=\"https:\/\/d2p6e6u75xmxt8.cloudfront.net\/2\/2020\/05\/profimedia-0520112249.jpg\" alt=\"\" width=\"1250\" height=\"833\" data-was-processed=\"true\" \/><figcaption id=\"caption-attachment-178104\" class=\"wp-caption-text\">Dziewczyna przeje\u017cd\u017ca obok Atomium, symbolu turystyki w Brukseli, 17 maja 2020 r. Atomium znalaz\u0142o si\u0119 na pierwszych stronach gazet, poniewa\u017c w lutym zadeklarowa\u0142o straty w wysoko\u015bci 3 milion\u00f3w euro z powodu ogranicze\u0144 wynikaj\u0105cych z koronawirusa. \u00a9 ARIS OIKONOMOU \/ EPA \/ Profimedia<\/figcaption><\/figure>\n<p>Wygl\u0105da na to, \u017ce wi\u0119kszo\u015b\u0107 nowej infrastruktury rowerowej pozostanie. Rzecznik prasowy Brussels Mobility, Steven Fierens, powiedzia\u0142, \u017ce wymaga ona jeszcze pewnego dopracowania, ale \u017ce dotychczasowe dzia\u0142ania by\u0142y zgodne z planem mobilno\u015bci \u201eGood Move\u201d. Jest to strategia miejska na kolejn\u0105 dekad\u0119, przyj\u0119ta ju\u017c w marcu przez rz\u0105d koalicji Socjalistyczno-Zielonych.<\/p>\n<h2><strong>Francja<\/strong><\/h2>\n<p>Kraj, kt\u00f3ry organizuje najbardziej presti\u017cowe wydarzenie rowerowe na \u015bwiecie, w\u0142a\u015bnie wprowadzi\u0142 program o warto\u015bci 20 milion\u00f3w euro, aby zach\u0119ci\u0107 wi\u0119cej os\u00f3b do podr\u00f3\u017cowania rowerem. Kwota ta zostanie przeznaczona na r\u00f3\u017cne projekty rowerowe. Jeden z nich zak\u0142ada op\u0142acanie (do okre\u015blonej kwoty) naprawy roweru wykonanej w jednym z zarejestrowanych sklep\u00f3w rowerowych.<\/p>\n<p>Francja podj\u0119\u0142a ju\u017c inicjatyw\u0119, kt\u00f3rej celem jest trzykrotny wzrost liczby os\u00f3b doje\u017cd\u017caj\u0105cych do pracy rowerem do 2024 roku (z obecnych 3% do 9). Francuzi zdaj\u0105 sobie spraw\u0119, \u017ce rozbudowa \u015bcie\u017cek rowerowych to wa\u017cna cz\u0119\u015b\u0107 tej strategii, a obecna sytuacja sprzyja powolnemu zmierzaniu w tym kierunku. Ponad 60% podr\u00f3\u017cy przed pandemi\u0105 odbywa\u0142o si\u0119 na dystansie mniejszym ni\u017c 5 km. \u00c9lisabeth Borne z Ministerstwa Transformacji Ekologicznej tak to skomentowa\u0142a: \u201eChcemy, aby czas pandemii przyczyni\u0142 si\u0119 do zrobienia kroku naprz\u00f3d w kulturze rowerowej. Liczymy na to, \u017ce rowery w pewnym sensie stan\u0105 si\u0119 symbolem otwarcia po lockdownie\u201d.<\/p>\n<figure id=\"attachment_177558\" aria-describedby=\"caption-attachment-177558\" style=\"width: 1250px\" class=\"wp-caption alignnone\"><img loading=\"lazy\" decoding=\"async\" class=\"loading wp-image-177558 size-full\" src=\"https:\/\/d2p6e6u75xmxt8.cloudfront.net\/2\/2020\/04\/Paris-profimedia-0514452851.jpg\" sizes=\"auto, (max-width: 1250px) 100vw, 1250px\" srcset=\"https:\/\/d2p6e6u75xmxt8.cloudfront.net\/2\/2020\/04\/Paris-profimedia-0514452851.jpg 1250w, https:\/\/d2p6e6u75xmxt8.cloudfront.net\/2\/2020\/04\/Paris-profimedia-0514452851-300x205.jpg 300w, https:\/\/d2p6e6u75xmxt8.cloudfront.net\/2\/2020\/04\/Paris-profimedia-0514452851-768x525.jpg 768w, https:\/\/d2p6e6u75xmxt8.cloudfront.net\/2\/2020\/04\/Paris-profimedia-0514452851-1024x700.jpg 1024w\" alt=\"\" width=\"1250\" height=\"854\" data-was-processed=\"true\" \/><figcaption id=\"caption-attachment-177558\" class=\"wp-caption-text\">Dostawca Uber Eats w Pary\u017cu, 21 kwietnia 2020 r. \u00a9 IAN LANGSDON \/ EPA \/ Profimedia<\/figcaption><\/figure>\n<h2><strong>Mediolan<\/strong><\/h2>\n<p>Mediolan, kt\u00f3ry ogromnie ucierpia\u0142 podczas pandemii, zacz\u0105\u0142 ch\u0119tnie wprowadza\u0107 du\u017ce zmiany. Stara si\u0119 chroni\u0107 osoby doje\u017cd\u017caj\u0105ce do pracy przed koronawirusem i dba o to, by mieszka\u0144cy nie byli zmuszeni polega\u0107 wy\u0142\u0105cznie na swoich samochodach. Dlatego te\u017c w mie\u015bcie og\u0142oszono znaczn\u0105 rozbudow\u0119 \u015bcie\u017cek rowerowych i pieszych.<\/p>\n<p>Ambitny plan \u201eStrade Aperte\u201d (\u201eOtwarte ulice\u201d) opr\u00f3cz obni\u017cenia pr\u0119dko\u015bci na niekt\u00f3rych obszarach i wprowadzenia wi\u0119kszej liczby \u015bcie\u017cek rowerowych zak\u0142ada wygospodarowanie 35 km przestrzeni ulicznej. Jest nadzieja, \u017ce niebawem b\u0119dzie mo\u017cna przedstawi\u0107 map\u0119 drogow\u0105 rozbudowy infrastruktury rowerowej dla miast nie tylko we W\u0142oszech, ale i na ca\u0142ym \u015bwiecie.<\/p>\n<figure id=\"attachment_178101\" aria-describedby=\"caption-attachment-178101\" style=\"width: 1250px\" class=\"wp-caption alignnone\"><img loading=\"lazy\" decoding=\"async\" class=\"loading wp-image-178101 size-full\" src=\"https:\/\/d2p6e6u75xmxt8.cloudfront.net\/2\/2020\/05\/profimedia-0521188986.jpg\" alt=\"\" width=\"1250\" height=\"832\" data-was-processed=\"true\" \/><figcaption id=\"caption-attachment-178101\" class=\"wp-caption-text\">Nowa \u015bcie\u017cka rowerowa w Mediolanie, 20 maja 2020 r. \u00a9 Massimo Alberico \/ Shutterstock Editorial \/ Profimedia<\/figcaption><\/figure>\n<h2><strong>Vancouver<\/strong><\/h2>\n<p>Organizacje w Vancouver, dzi\u0119ki silnej kulturze propagowania ruchu rowerowego, tu\u017c po wybuchu pandemii poprosi\u0142y swoje w\u0142adze o stworzenie wi\u0119kszej przestrzeni dla rowerzyst\u00f3w i pieszych. Utworzono petycj\u0119 rozpowszechnian\u0105 przez Hub Cycling, w kt\u00f3rej zaapelowano do w\u0142adz Metro Vancouver o wi\u0119cej miejsca dla rower\u00f3w jako \u015brodka transportu.<\/p>\n<p>W odpowiedzi zarz\u0105d parku w Vancouver og\u0142osi\u0142, \u017ce Stanley Park, 405-hektarowy obszar publiczny, kt\u00f3ry graniczy z centrum miasta, jest teraz dost\u0119pny tylko dla rowerzyst\u00f3w i pieszych. Stworzono tak\u017ce wi\u0119cej \u015bcie\u017cek rowerowych i pieszych, \u0142\u0105cz\u0105c odr\u0119bne wcze\u015bniej cz\u0119\u015bci miasta i czyni\u0105c tereny zielone bezpieczniejszymi dla odwiedzaj\u0105cych park.<\/p>\n<figure id=\"attachment_178102\" aria-describedby=\"caption-attachment-178102\" style=\"width: 1250px\" class=\"wp-caption alignnone\"><img loading=\"lazy\" decoding=\"async\" class=\"loading wp-image-178102 size-full\" src=\"https:\/\/d2p6e6u75xmxt8.cloudfront.net\/2\/2020\/05\/profimedia-0522046967.jpg\" alt=\"\" width=\"1250\" height=\"856\" data-was-processed=\"true\" \/><figcaption id=\"caption-attachment-178102\" class=\"wp-caption-text\">Ludzie je\u017cd\u017c\u0105cy rowerami po \u201eslow street\u201d na drodze w Vancouver, 24 maja 2020 r. \u00a9 Xinhua News \/ Profimedia<\/figcaption><\/figure>\n<h2><strong>Bogota<\/strong><\/h2>\n<p>Stolica Kolumbii, znana z rozleg\u0142ej sieci rowerowej, powi\u0119kszy\u0142a j\u0105 jeszcze bardziej w marcu, wprowadzaj\u0105c dodatkowe 100 km awaryjnych \u015bcie\u017cek rowerowych. Pasy oznaczone pacho\u0142kami odzwierciedla\u0142y miejsk\u0105 sie\u0107 szybkiego transportu autobusowego TransMilenio i zach\u0119ca\u0142y ludzi do wypr\u00f3bowania alternatywy dla transportu publicznego. Szeroko\u015b\u0107 pas\u00f3w dostosowywana jest do bie\u017c\u0105cej sytuacji, w zale\u017cno\u015bci od codziennego nat\u0119\u017cenia ruchu.<\/p>\n<p>Inne miasta, takie jak Denver, Budapeszt, Nowy Jork i Meksyk, r\u00f3wnie\u017c odpowiedzia\u0142y na now\u0105 rzeczywisto\u015b\u0107. Wprowadzi\u0142y system kr\u00f3tkoterminowych zamkni\u0119\u0107 ulic lub stworzy\u0142y tymczasowe \u015bcie\u017cki rowerowe. Dzi\u0119ki temu s\u0105 one bezpieczniejsze i zdrowsze dla os\u00f3b decyduj\u0105cych si\u0119 na jazd\u0119 rowerem. Miasta wychodz\u0105 powoli z lockdownu i dopiero za jaki\u015b czas oka\u017ce si\u0119, w jakim stopniu wzrost liczby rower\u00f3w b\u0119dzie kszta\u0142towa\u0142 polityk\u0119 rowerow\u0105. Rz\u0105dy lokalne i stanowe wychodz\u0105ce z kryzysu d\u0105\u017c\u0105 do budowania lepszych, bardziej zr\u00f3wnowa\u017conych i bardziej odpornych spo\u0142ecze\u0144stw. Cieszymy si\u0119, \u017ce rower odgrywa w tym tak wa\u017cn\u0105 rol\u0119.<\/p>\n<p><span data-sheets-value=\"{&quot;1&quot;:2,&quot;2&quot;:&quot;Artyku\u0142 powsta\u0142 we wsp\u00f3\u0142pracy ze skoda-auto.pl&quot;}\" data-sheets-userformat=\"{&quot;2&quot;:1,&quot;3&quot;:{&quot;1&quot;:0}}\" data-sheets-hyperlink=\"http:\/\/www.skoda-auto.pl\/\"><a class=\"in-cell-link\" href=\"http:\/\/www.skoda-auto.pl\/\" target=\"_blank\" rel=\"noopener noreferrer\">Artyku\u0142 powsta\u0142 we wsp\u00f3\u0142pracy ze skoda-auto.pl<\/a><\/span><\/p>\n<p>&nbsp;<\/p>\n<p><a href=\"https:\/\/www.skoda-auto.pl\/modele\/karoq\">\u00a0<\/a><a href=\"https:\/\/www.skoda-auto.pl\/modele\/kodiaq\"><img loading=\"lazy\" decoding=\"async\" class=\"aligncenter wp-image-9607 size-full\" src=\"https:\/\/d2p6e6u75xmxt8.cloudfront.net\/5\/2019\/08\/baner_WLC_640x350_2.png\" alt=\"\" width=\"640\" height=\"350\" srcset=\"https:\/\/d2p6e6u75xmxt8.cloudfront.net\/5\/2019\/08\/baner_WLC_640x350_2.png 640w, https:\/\/d2p6e6u75xmxt8.cloudfront.net\/5\/2019\/08\/baner_WLC_640x350_2-300x164.png 300w\" sizes=\"auto, (max-width: 640px) 100vw, 640px\" \/><\/a><\/p>\n<p>&nbsp;<\/p>\n<p>&nbsp;<\/p>\n","protected":false},"excerpt":{"rendered":"<p>W zwi\u0105zku z wybuchem pandemii nasze miasta w ci\u0105gu ostatnich kilku miesi\u0119cy wygl\u0105da\u0142y zupe\u0142nie inaczej. Rz\u0105dy, pr\u00f3buj\u0105c opanowa\u0107 rozprzestrzenianie si\u0119 [&hellip;]<\/p>\n","protected":false},"author":125,"featured_media":10950,"comment_status":"open","ping_status":"open","sticky":false,"template":"","format":"standard","meta":{"footnotes":""},"categories":[330],"tags":[],"global-categories":[303],"class_list":["post-10949","post","type-post","status-publish","format-standard","has-post-thumbnail","hentry","category-ride2unite","global-categories-cycling"],"yoast_head":"<!-- This site is optimized with the Yoast SEO Premium plugin v25.3 (Yoast SEO v25.9) - https:\/\/yoast.com\/wordpress\/plugins\/seo\/ -->\n<title>Miasta na ca\u0142ym \u015bwiecie rozbudowuj\u0105 \u015bcie\u017cki rowerowe i zach\u0119caj\u0105 swoich mieszka\u0144c\u00f3w do jazdy na dw\u00f3ch k\u00f3\u0142kach - \u0160koda We Love Cycling - Poland<\/title>\n<meta name=\"robots\" content=\"index, follow, max-snippet:-1, max-image-preview:large, max-video-preview:-1\" \/>\n<link rel=\"canonical\" href=\"https:\/\/www.welovecycling.com\/pl\/2020\/07\/27\/miasta-na-calym-swiecie-rozbudowuja-sciezki-rowerowe-i-zachecaja-swoich-mieszkancow-do-jazdy-na-dwoch-kolkach\/\" \/>\n<meta property=\"og:locale\" content=\"pl_PL\" \/>\n<meta property=\"og:type\" content=\"article\" \/>\n<meta property=\"og:title\" content=\"Miasta na ca\u0142ym \u015bwiecie rozbudowuj\u0105 \u015bcie\u017cki rowerowe i zach\u0119caj\u0105 swoich mieszka\u0144c\u00f3w do jazdy na dw\u00f3ch k\u00f3\u0142kach\" \/>\n<meta property=\"og:description\" content=\"W zwi\u0105zku z wybuchem pandemii nasze miasta w ci\u0105gu ostatnich kilku miesi\u0119cy wygl\u0105da\u0142y zupe\u0142nie inaczej. Rz\u0105dy, pr\u00f3buj\u0105c opanowa\u0107 rozprzestrzenianie si\u0119 [&hellip;]\" \/>\n<meta property=\"og:url\" content=\"https:\/\/www.welovecycling.com\/pl\/2020\/07\/27\/miasta-na-calym-swiecie-rozbudowuja-sciezki-rowerowe-i-zachecaja-swoich-mieszkancow-do-jazdy-na-dwoch-kolkach\/\" \/>\n<meta property=\"og:site_name\" content=\"\u0160koda We Love Cycling - Poland\" \/>\n<meta property=\"article:published_time\" content=\"2020-07-27T14:44:08+00:00\" \/>\n<meta property=\"og:image\" content=\"https:\/\/d2p6e6u75xmxt8.cloudfront.net\/5\/2020\/07\/Bogot\u00e1-CVR-profimedia-0507884238.jpg\" \/>\n\t<meta property=\"og:image:width\" content=\"1366\" \/>\n\t<meta property=\"og:image:height\" content=\"600\" \/>\n\t<meta property=\"og:image:type\" content=\"image\/jpeg\" \/>\n<meta name=\"author\" content=\"oktawiamikulska\" \/>\n<meta name=\"twitter:card\" content=\"summary_large_image\" \/>\n<meta name=\"twitter:label1\" content=\"Written by\" \/>\n\t<meta name=\"twitter:data1\" content=\"Megan Flottorp\" \/>\n\t<meta name=\"twitter:label2\" content=\"Est. reading time\" \/>\n\t<meta name=\"twitter:data2\" content=\"5 minutes\" \/>\n<script type=\"application\/ld+json\" class=\"yoast-schema-graph\">{\"@context\":\"https:\/\/schema.org\",\"@graph\":[{\"@type\":\"WebPage\",\"@id\":\"https:\/\/www.welovecycling.com\/pl\/2020\/07\/27\/miasta-na-calym-swiecie-rozbudowuja-sciezki-rowerowe-i-zachecaja-swoich-mieszkancow-do-jazdy-na-dwoch-kolkach\/\",\"url\":\"https:\/\/www.welovecycling.com\/pl\/2020\/07\/27\/miasta-na-calym-swiecie-rozbudowuja-sciezki-rowerowe-i-zachecaja-swoich-mieszkancow-do-jazdy-na-dwoch-kolkach\/\",\"name\":\"Miasta na ca\u0142ym \u015bwiecie rozbudowuj\u0105 \u015bcie\u017cki rowerowe i zach\u0119caj\u0105 swoich mieszka\u0144c\u00f3w do jazdy na dw\u00f3ch k\u00f3\u0142kach - \u0160koda We Love Cycling - Poland\",\"isPartOf\":{\"@id\":\"https:\/\/www.welovecycling.com\/pl\/#website\"},\"primaryImageOfPage\":{\"@id\":\"https:\/\/www.welovecycling.com\/pl\/2020\/07\/27\/miasta-na-calym-swiecie-rozbudowuja-sciezki-rowerowe-i-zachecaja-swoich-mieszkancow-do-jazdy-na-dwoch-kolkach\/#primaryimage\"},\"image\":{\"@id\":\"https:\/\/www.welovecycling.com\/pl\/2020\/07\/27\/miasta-na-calym-swiecie-rozbudowuja-sciezki-rowerowe-i-zachecaja-swoich-mieszkancow-do-jazdy-na-dwoch-kolkach\/#primaryimage\"},\"thumbnailUrl\":\"https:\/\/d2p6e6u75xmxt8.cloudfront.net\/5\/2020\/07\/Bogot\u00e1-CVR-profimedia-0507884238.jpg\",\"datePublished\":\"2020-07-27T14:44:08+00:00\",\"author\":{\"@id\":\"https:\/\/www.welovecycling.com\/pl\/#\/schema\/person\/4a79bac7bd265aa6a35a1079d36648be\"},\"breadcrumb\":{\"@id\":\"https:\/\/www.welovecycling.com\/pl\/2020\/07\/27\/miasta-na-calym-swiecie-rozbudowuja-sciezki-rowerowe-i-zachecaja-swoich-mieszkancow-do-jazdy-na-dwoch-kolkach\/#breadcrumb\"},\"inLanguage\":\"pl-PL\",\"potentialAction\":[{\"@type\":\"ReadAction\",\"target\":[\"https:\/\/www.welovecycling.com\/pl\/2020\/07\/27\/miasta-na-calym-swiecie-rozbudowuja-sciezki-rowerowe-i-zachecaja-swoich-mieszkancow-do-jazdy-na-dwoch-kolkach\/\"]}]},{\"@type\":\"ImageObject\",\"inLanguage\":\"pl-PL\",\"@id\":\"https:\/\/www.welovecycling.com\/pl\/2020\/07\/27\/miasta-na-calym-swiecie-rozbudowuja-sciezki-rowerowe-i-zachecaja-swoich-mieszkancow-do-jazdy-na-dwoch-kolkach\/#primaryimage\",\"url\":\"https:\/\/d2p6e6u75xmxt8.cloudfront.net\/5\/2020\/07\/Bogot\u00e1-CVR-profimedia-0507884238.jpg\",\"contentUrl\":\"https:\/\/d2p6e6u75xmxt8.cloudfront.net\/5\/2020\/07\/Bogot\u00e1-CVR-profimedia-0507884238.jpg\",\"width\":1366,\"height\":600},{\"@type\":\"BreadcrumbList\",\"@id\":\"https:\/\/www.welovecycling.com\/pl\/2020\/07\/27\/miasta-na-calym-swiecie-rozbudowuja-sciezki-rowerowe-i-zachecaja-swoich-mieszkancow-do-jazdy-na-dwoch-kolkach\/#breadcrumb\",\"itemListElement\":[{\"@type\":\"ListItem\",\"position\":1,\"name\":\"Home\",\"item\":\"https:\/\/www.welovecycling.com\/pl\/\"},{\"@type\":\"ListItem\",\"position\":2,\"name\":\"Miasta na ca\u0142ym \u015bwiecie rozbudowuj\u0105 \u015bcie\u017cki rowerowe i zach\u0119caj\u0105 swoich mieszka\u0144c\u00f3w do jazdy na dw\u00f3ch k\u00f3\u0142kach\"}]},{\"@type\":\"WebSite\",\"@id\":\"https:\/\/www.welovecycling.com\/pl\/#website\",\"url\":\"https:\/\/www.welovecycling.com\/pl\/\",\"name\":\"\u0160koda We Love Cycling - Poland\",\"description\":\"\",\"potentialAction\":[{\"@type\":\"SearchAction\",\"target\":{\"@type\":\"EntryPoint\",\"urlTemplate\":\"https:\/\/www.welovecycling.com\/pl\/?s={search_term_string}\"},\"query-input\":{\"@type\":\"PropertyValueSpecification\",\"valueRequired\":true,\"valueName\":\"search_term_string\"}}],\"inLanguage\":\"pl-PL\"},{\"@type\":\"Person\",\"@id\":\"https:\/\/www.welovecycling.com\/pl\/#\/schema\/person\/4a79bac7bd265aa6a35a1079d36648be\",\"name\":\"oktawiamikulska\",\"image\":{\"@type\":\"ImageObject\",\"inLanguage\":\"pl-PL\",\"@id\":\"https:\/\/www.welovecycling.com\/pl\/#\/schema\/person\/image\/\",\"url\":\"https:\/\/secure.gravatar.com\/avatar\/b97a3f44e2de6d2f8dd358975937e49823662e12cbd810b9d1a2bff1c149e8a7?s=96&d=mm&r=g\",\"contentUrl\":\"https:\/\/secure.gravatar.com\/avatar\/b97a3f44e2de6d2f8dd358975937e49823662e12cbd810b9d1a2bff1c149e8a7?s=96&d=mm&r=g\",\"caption\":\"oktawiamikulska\"},\"url\":\"https:\/\/www.welovecycling.com\/pl\/author\/oktawiamikulska\/\"}]}<\/script>\n<!-- \/ Yoast SEO Premium plugin. -->","yoast_head_json":{"title":"Miasta na ca\u0142ym \u015bwiecie rozbudowuj\u0105 \u015bcie\u017cki rowerowe i zach\u0119caj\u0105 swoich mieszka\u0144c\u00f3w do jazdy na dw\u00f3ch k\u00f3\u0142kach - \u0160koda We Love Cycling - Poland","robots":{"index":"index","follow":"follow","max-snippet":"max-snippet:-1","max-image-preview":"max-image-preview:large","max-video-preview":"max-video-preview:-1"},"canonical":"https:\/\/www.welovecycling.com\/pl\/2020\/07\/27\/miasta-na-calym-swiecie-rozbudowuja-sciezki-rowerowe-i-zachecaja-swoich-mieszkancow-do-jazdy-na-dwoch-kolkach\/","og_locale":"pl_PL","og_type":"article","og_title":"Miasta na ca\u0142ym \u015bwiecie rozbudowuj\u0105 \u015bcie\u017cki rowerowe i zach\u0119caj\u0105 swoich mieszka\u0144c\u00f3w do jazdy na dw\u00f3ch k\u00f3\u0142kach","og_description":"W zwi\u0105zku z wybuchem pandemii nasze miasta w ci\u0105gu ostatnich kilku miesi\u0119cy wygl\u0105da\u0142y zupe\u0142nie inaczej. Rz\u0105dy, pr\u00f3buj\u0105c opanowa\u0107 rozprzestrzenianie si\u0119 [&hellip;]","og_url":"https:\/\/www.welovecycling.com\/pl\/2020\/07\/27\/miasta-na-calym-swiecie-rozbudowuja-sciezki-rowerowe-i-zachecaja-swoich-mieszkancow-do-jazdy-na-dwoch-kolkach\/","og_site_name":"\u0160koda We Love Cycling - Poland","article_published_time":"2020-07-27T14:44:08+00:00","og_image":[{"width":1366,"height":600,"url":"https:\/\/d2p6e6u75xmxt8.cloudfront.net\/5\/2020\/07\/Bogot\u00e1-CVR-profimedia-0507884238.jpg","type":"image\/jpeg"}],"author":"oktawiamikulska","twitter_card":"summary_large_image","twitter_misc":{"Written by":"Megan Flottorp","Est. reading time":"5 minutes"},"schema":{"@context":"https:\/\/schema.org","@graph":[{"@type":"WebPage","@id":"https:\/\/www.welovecycling.com\/pl\/2020\/07\/27\/miasta-na-calym-swiecie-rozbudowuja-sciezki-rowerowe-i-zachecaja-swoich-mieszkancow-do-jazdy-na-dwoch-kolkach\/","url":"https:\/\/www.welovecycling.com\/pl\/2020\/07\/27\/miasta-na-calym-swiecie-rozbudowuja-sciezki-rowerowe-i-zachecaja-swoich-mieszkancow-do-jazdy-na-dwoch-kolkach\/","name":"Miasta na ca\u0142ym \u015bwiecie rozbudowuj\u0105 \u015bcie\u017cki rowerowe i zach\u0119caj\u0105 swoich mieszka\u0144c\u00f3w do jazdy na dw\u00f3ch k\u00f3\u0142kach - \u0160koda We Love Cycling - Poland","isPartOf":{"@id":"https:\/\/www.welovecycling.com\/pl\/#website"},"primaryImageOfPage":{"@id":"https:\/\/www.welovecycling.com\/pl\/2020\/07\/27\/miasta-na-calym-swiecie-rozbudowuja-sciezki-rowerowe-i-zachecaja-swoich-mieszkancow-do-jazdy-na-dwoch-kolkach\/#primaryimage"},"image":{"@id":"https:\/\/www.welovecycling.com\/pl\/2020\/07\/27\/miasta-na-calym-swiecie-rozbudowuja-sciezki-rowerowe-i-zachecaja-swoich-mieszkancow-do-jazdy-na-dwoch-kolkach\/#primaryimage"},"thumbnailUrl":"https:\/\/d2p6e6u75xmxt8.cloudfront.net\/5\/2020\/07\/Bogot\u00e1-CVR-profimedia-0507884238.jpg","datePublished":"2020-07-27T14:44:08+00:00","author":{"@id":"https:\/\/www.welovecycling.com\/pl\/#\/schema\/person\/4a79bac7bd265aa6a35a1079d36648be"},"breadcrumb":{"@id":"https:\/\/www.welovecycling.com\/pl\/2020\/07\/27\/miasta-na-calym-swiecie-rozbudowuja-sciezki-rowerowe-i-zachecaja-swoich-mieszkancow-do-jazdy-na-dwoch-kolkach\/#breadcrumb"},"inLanguage":"pl-PL","potentialAction":[{"@type":"ReadAction","target":["https:\/\/www.welovecycling.com\/pl\/2020\/07\/27\/miasta-na-calym-swiecie-rozbudowuja-sciezki-rowerowe-i-zachecaja-swoich-mieszkancow-do-jazdy-na-dwoch-kolkach\/"]}]},{"@type":"ImageObject","inLanguage":"pl-PL","@id":"https:\/\/www.welovecycling.com\/pl\/2020\/07\/27\/miasta-na-calym-swiecie-rozbudowuja-sciezki-rowerowe-i-zachecaja-swoich-mieszkancow-do-jazdy-na-dwoch-kolkach\/#primaryimage","url":"https:\/\/d2p6e6u75xmxt8.cloudfront.net\/5\/2020\/07\/Bogot\u00e1-CVR-profimedia-0507884238.jpg","contentUrl":"https:\/\/d2p6e6u75xmxt8.cloudfront.net\/5\/2020\/07\/Bogot\u00e1-CVR-profimedia-0507884238.jpg","width":1366,"height":600},{"@type":"BreadcrumbList","@id":"https:\/\/www.welovecycling.com\/pl\/2020\/07\/27\/miasta-na-calym-swiecie-rozbudowuja-sciezki-rowerowe-i-zachecaja-swoich-mieszkancow-do-jazdy-na-dwoch-kolkach\/#breadcrumb","itemListElement":[{"@type":"ListItem","position":1,"name":"Home","item":"https:\/\/www.welovecycling.com\/pl\/"},{"@type":"ListItem","position":2,"name":"Miasta na ca\u0142ym \u015bwiecie rozbudowuj\u0105 \u015bcie\u017cki rowerowe i zach\u0119caj\u0105 swoich mieszka\u0144c\u00f3w do jazdy na dw\u00f3ch k\u00f3\u0142kach"}]},{"@type":"WebSite","@id":"https:\/\/www.welovecycling.com\/pl\/#website","url":"https:\/\/www.welovecycling.com\/pl\/","name":"\u0160koda We Love Cycling - Poland","description":"","potentialAction":[{"@type":"SearchAction","target":{"@type":"EntryPoint","urlTemplate":"https:\/\/www.welovecycling.com\/pl\/?s={search_term_string}"},"query-input":{"@type":"PropertyValueSpecification","valueRequired":true,"valueName":"search_term_string"}}],"inLanguage":"pl-PL"},{"@type":"Person","@id":"https:\/\/www.welovecycling.com\/pl\/#\/schema\/person\/4a79bac7bd265aa6a35a1079d36648be","name":"oktawiamikulska","image":{"@type":"ImageObject","inLanguage":"pl-PL","@id":"https:\/\/www.welovecycling.com\/pl\/#\/schema\/person\/image\/","url":"https:\/\/secure.gravatar.com\/avatar\/b97a3f44e2de6d2f8dd358975937e49823662e12cbd810b9d1a2bff1c149e8a7?s=96&d=mm&r=g","contentUrl":"https:\/\/secure.gravatar.com\/avatar\/b97a3f44e2de6d2f8dd358975937e49823662e12cbd810b9d1a2bff1c149e8a7?s=96&d=mm&r=g","caption":"oktawiamikulska"},"url":"https:\/\/www.welovecycling.com\/pl\/author\/oktawiamikulska\/"}]}},"_links":{"self":[{"href":"https:\/\/www.welovecycling.com\/pl\/wp-json\/wp\/v2\/posts\/10949","targetHints":{"allow":["GET"]}}],"collection":[{"href":"https:\/\/www.welovecycling.com\/pl\/wp-json\/wp\/v2\/posts"}],"about":[{"href":"https:\/\/www.welovecycling.com\/pl\/wp-json\/wp\/v2\/types\/post"}],"author":[{"embeddable":true,"href":"https:\/\/www.welovecycling.com\/pl\/wp-json\/wp\/v2\/users\/125"}],"replies":[{"embeddable":true,"href":"https:\/\/www.welovecycling.com\/pl\/wp-json\/wp\/v2\/comments?post=10949"}],"version-history":[{"count":1,"href":"https:\/\/www.welovecycling.com\/pl\/wp-json\/wp\/v2\/posts\/10949\/revisions"}],"predecessor-version":[{"id":10951,"href":"https:\/\/www.welovecycling.com\/pl\/wp-json\/wp\/v2\/posts\/10949\/revisions\/10951"}],"wp:featuredmedia":[{"embeddable":true,"href":"https:\/\/www.welovecycling.com\/pl\/wp-json\/wp\/v2\/media\/10950"}],"wp:attachment":[{"href":"https:\/\/www.welovecycling.com\/pl\/wp-json\/wp\/v2\/media?parent=10949"}],"wp:term":[{"taxonomy":"category","embeddable":true,"href":"https:\/\/www.welovecycling.com\/pl\/wp-json\/wp\/v2\/categories?post=10949"},{"taxonomy":"post_tag","embeddable":true,"href":"https:\/\/www.welovecycling.com\/pl\/wp-json\/wp\/v2\/tags?post=10949"},{"taxonomy":"global-categories","embeddable":true,"href":"https:\/\/www.welovecycling.com\/pl\/wp-json\/wp\/v2\/global-categories?post=10949"}],"curies":[{"name":"wp","href":"https:\/\/api.w.org\/{rel}","templated":true}]}}