{"id":10944,"date":"2020-07-22T11:05:31","date_gmt":"2020-07-22T11:05:31","guid":{"rendered":"https:\/\/www.welovecycling.com\/pl\/?p=10944"},"modified":"2020-07-22T11:05:31","modified_gmt":"2020-07-22T11:05:31","slug":"chris-froome-w-finale-wirtualnego-tdf","status":"publish","type":"post","link":"https:\/\/www.welovecycling.com\/pl\/2020\/07\/22\/chris-froome-w-finale-wirtualnego-tdf\/","title":{"rendered":"Chris Froome w finale wirtualnego TdF"},"content":{"rendered":"<p><strong>Chris Froome, czterokrotny zwyci\u0119zca Tour de France, wyst\u0105pi\u0142 w 6. etapie TdF z finiszem na Polach Elizejskich. W rywalizacji wzi\u0119li r\u00f3wnie\u017c udzia\u0142 inni kolarze z teamu Ineos: Filippo Ganna, Chris Lawless i Cameron Wurf.<\/strong><\/p>\n<p>Jak wiemy, start Tour de France zosta\u0142 przesuni\u0119ty na 29 sierpnia z powodu pandemii koronawirusa. Pustk\u0119 w kalendarzu i w duszach kibic\u00f3w wype\u0142ni\u0142a edycja online wy\u015bcigu. Przez trzy weekendy, od 4 do 19 lipca, odby\u0142o si\u0119 sze\u015b\u0107 wirtualnych etap\u00f3w TdF. W ostatni\u0105 niedziel\u0119 wy\u015bcig si\u0119 zako\u0144czy\u0142.<\/p>\n<div class=\"embed-controller-wrapper\">\n<blockquote class=\"twitter-tweet\" data-width=\"500\" data-dnt=\"true\">\n<p lang=\"en\" dir=\"ltr\">Sunday sees the <a href=\"https:\/\/twitter.com\/hashtag\/TDFvirtual?src=hash&amp;ref_src=twsrc%5Etfw\">#TDFvirtual<\/a> finale. Here&#39;s our team, including a four-time Tour de France winner, to take on the Champs-Elysees circuit:<a href=\"https:\/\/twitter.com\/chrisfroome?ref_src=twsrc%5Etfw\">@chrisfroome<\/a> <a href=\"https:\/\/twitter.com\/GannaFilippo?ref_src=twsrc%5Etfw\">@GannaFilippo<\/a> <a href=\"https:\/\/twitter.com\/ChrisLawless95?ref_src=twsrc%5Etfw\">@ChrisLawless95<\/a> <a href=\"https:\/\/twitter.com\/cameronwurf?ref_src=twsrc%5Etfw\">@cameronwurf<\/a> <\/p>\n<p>Fans can watch all the action for both races live on our Facebook page. <a href=\"https:\/\/t.co\/JyNrByoKju\">pic.twitter.com\/JyNrByoKju<\/a><\/p>\n<p>&mdash; INEOS Grenadiers (@INEOSGrenadiers) <a href=\"https:\/\/twitter.com\/INEOSGrenadiers\/status\/1283697547752738817?ref_src=twsrc%5Etfw\">July 16, 2020<\/a><\/p><\/blockquote>\n<p><script async data-src=\"https:\/\/platform.twitter.com\/widgets.js\" charset=\"utf-8\"><\/script><\/div>\n<p>Poni\u017cej aktualna klasyfikacja generalna TdF.<\/p>\n<p><strong>Klasyfikacja generalna m\u0119\u017cczyzn:<\/strong><\/p>\n<ol>\n<li>NTT (RPA) \u2013 263 pkt<\/li>\n<li>Rally Cycling (USA) \u2013 188 pkt<\/li>\n<li>Trek-Segafredo (USA) \u2013 162 pkt<\/li>\n<li>Israel Start-Up Nation (Izrael) \u2013 161 pkt<\/li>\n<li>Mitchelton-Scott (Australia) \u2013 110 pkt<\/li>\n<li>EF Pro Cycling (USA) \u2013 109 pkt<\/li>\n<li>Alpecin-Fenix \u200b\u200b(Belgia) \u2013 99 pkt<\/li>\n<li>Ag2r La Mondiale (Francja) \u2013 84 pkt<\/li>\n<li>Ineos (Wielka Brytania) \u2013 80 pkt<\/li>\n<li>Groupama-FDJ (Francja) \u2013 75 pkt<\/li>\n<\/ol>\n<figure id=\"attachment_178675\" aria-describedby=\"caption-attachment-178675\" style=\"width: 2246px\" class=\"wp-caption alignnone\"><img loading=\"lazy\" decoding=\"async\" class=\"loading wp-image-178675 size-full\" src=\"https:\/\/d2p6e6u75xmxt8.cloudfront.net\/2\/2020\/07\/Virtual-TdF-2.JPG.jpg\" alt=\"Virtual Tour de France\" width=\"2246\" height=\"1209\" data-was-processed=\"true\" \/><figcaption id=\"caption-attachment-178675\" class=\"wp-caption-text\">Etap 4. wirtualnego Tour de France]<\/figcaption><\/figure>\n<p>&nbsp;<\/p>\n<p><strong>Klasyfikacja generalna kobiet:<\/strong><\/p>\n<ol>\n<li>Tibco-Silicon Valley Bank (USA) \u2013 277 pkt<\/li>\n<li>Drops (Wielka Brytania) \u2013 219 pkt<\/li>\n<li>Canyon-SRAM (Niemcy) \u2013 206 pkt<\/li>\n<li>Twenty20 (USA) \u2013 189 pkt<\/li>\n<li>CCC Liv (Polska) \u2013 148 pkt<\/li>\n<li>Sunweb (Niemcy) \u2013 121 pkt<\/li>\n<li>Ceratizit WNT (Niemcy) \u2013 110 pkt<\/li>\n<li>Boels Dolmans (Holandia) \u2013 82 pkt<\/li>\n<li>FDJ Nouvelle \u2013 Aquitaine Futuroscope (Francja) \u2013 82 pkt<\/li>\n<li>Rally Cycling (USA) \u2013 77 pkt<\/li>\n<\/ol>\n<p>&nbsp;<\/p>\n<p>&nbsp;<\/p>\n<p>&nbsp;<\/p>\n<p>&nbsp;<\/p>\n","protected":false},"excerpt":{"rendered":"<p>Chris Froome, czterokrotny zwyci\u0119zca Tour de France, wyst\u0105pi\u0142 w 6. etapie TdF z finiszem na Polach Elizejskich. W rywalizacji wzi\u0119li [&hellip;]<\/p>\n","protected":false},"author":76,"featured_media":10946,"comment_status":"open","ping_status":"open","sticky":false,"template":"","format":"standard","meta":{"footnotes":""},"categories":[6],"tags":[],"global-categories":[303],"class_list":["post-10944","post","type-post","status-publish","format-standard","has-post-thumbnail","hentry","category-kolarstwo-szosowe","global-categories-cycling"],"yoast_head":"<!-- This site is optimized with the Yoast SEO Premium plugin v25.3 (Yoast SEO v25.9) - https:\/\/yoast.com\/wordpress\/plugins\/seo\/ -->\n<title>Chris Froome w finale wirtualnego TdF - \u0160koda We Love Cycling - Poland<\/title>\n<meta name=\"robots\" content=\"index, follow, max-snippet:-1, max-image-preview:large, max-video-preview:-1\" \/>\n<link rel=\"canonical\" href=\"https:\/\/www.welovecycling.com\/pl\/2020\/07\/22\/chris-froome-w-finale-wirtualnego-tdf\/\" \/>\n<meta property=\"og:locale\" content=\"pl_PL\" \/>\n<meta property=\"og:type\" content=\"article\" \/>\n<meta property=\"og:title\" content=\"Chris Froome w finale wirtualnego TdF\" \/>\n<meta property=\"og:description\" content=\"Chris Froome, czterokrotny zwyci\u0119zca Tour de France, wyst\u0105pi\u0142 w 6. etapie TdF z finiszem na Polach Elizejskich. W rywalizacji wzi\u0119li [&hellip;]\" \/>\n<meta property=\"og:url\" content=\"https:\/\/www.welovecycling.com\/pl\/2020\/07\/22\/chris-froome-w-finale-wirtualnego-tdf\/\" \/>\n<meta property=\"og:site_name\" content=\"\u0160koda We Love Cycling - Poland\" \/>\n<meta property=\"article:published_time\" content=\"2020-07-22T11:05:31+00:00\" \/>\n<meta property=\"og:image\" content=\"https:\/\/d2p6e6u75xmxt8.cloudfront.net\/5\/2020\/07\/Ineos-CVR.jpg\" \/>\n\t<meta property=\"og:image:width\" content=\"1366\" \/>\n\t<meta property=\"og:image:height\" content=\"600\" \/>\n\t<meta property=\"og:image:type\" content=\"image\/jpeg\" \/>\n<meta name=\"author\" content=\"piotrboczkowski\" \/>\n<meta name=\"twitter:card\" content=\"summary_large_image\" \/>\n<meta name=\"twitter:label1\" content=\"Written by\" \/>\n\t<meta name=\"twitter:data1\" content=\"Monica Buck\" \/>\n\t<meta name=\"twitter:label2\" content=\"Est. reading time\" \/>\n\t<meta name=\"twitter:data2\" content=\"1 minute\" \/>\n<script type=\"application\/ld+json\" class=\"yoast-schema-graph\">{\"@context\":\"https:\/\/schema.org\",\"@graph\":[{\"@type\":\"WebPage\",\"@id\":\"https:\/\/www.welovecycling.com\/pl\/2020\/07\/22\/chris-froome-w-finale-wirtualnego-tdf\/\",\"url\":\"https:\/\/www.welovecycling.com\/pl\/2020\/07\/22\/chris-froome-w-finale-wirtualnego-tdf\/\",\"name\":\"Chris Froome w finale wirtualnego TdF - \u0160koda We Love Cycling - Poland\",\"isPartOf\":{\"@id\":\"https:\/\/www.welovecycling.com\/pl\/#website\"},\"primaryImageOfPage\":{\"@id\":\"https:\/\/www.welovecycling.com\/pl\/2020\/07\/22\/chris-froome-w-finale-wirtualnego-tdf\/#primaryimage\"},\"image\":{\"@id\":\"https:\/\/www.welovecycling.com\/pl\/2020\/07\/22\/chris-froome-w-finale-wirtualnego-tdf\/#primaryimage\"},\"thumbnailUrl\":\"https:\/\/d2p6e6u75xmxt8.cloudfront.net\/5\/2020\/07\/Ineos-CVR.jpg\",\"datePublished\":\"2020-07-22T11:05:31+00:00\",\"author\":{\"@id\":\"https:\/\/www.welovecycling.com\/pl\/#\/schema\/person\/0dba2d39da943db9df3fd8f4687e7f23\"},\"breadcrumb\":{\"@id\":\"https:\/\/www.welovecycling.com\/pl\/2020\/07\/22\/chris-froome-w-finale-wirtualnego-tdf\/#breadcrumb\"},\"inLanguage\":\"pl-PL\",\"potentialAction\":[{\"@type\":\"ReadAction\",\"target\":[\"https:\/\/www.welovecycling.com\/pl\/2020\/07\/22\/chris-froome-w-finale-wirtualnego-tdf\/\"]}]},{\"@type\":\"ImageObject\",\"inLanguage\":\"pl-PL\",\"@id\":\"https:\/\/www.welovecycling.com\/pl\/2020\/07\/22\/chris-froome-w-finale-wirtualnego-tdf\/#primaryimage\",\"url\":\"https:\/\/d2p6e6u75xmxt8.cloudfront.net\/5\/2020\/07\/Ineos-CVR.jpg\",\"contentUrl\":\"https:\/\/d2p6e6u75xmxt8.cloudfront.net\/5\/2020\/07\/Ineos-CVR.jpg\",\"width\":1366,\"height\":600},{\"@type\":\"BreadcrumbList\",\"@id\":\"https:\/\/www.welovecycling.com\/pl\/2020\/07\/22\/chris-froome-w-finale-wirtualnego-tdf\/#breadcrumb\",\"itemListElement\":[{\"@type\":\"ListItem\",\"position\":1,\"name\":\"Home\",\"item\":\"https:\/\/www.welovecycling.com\/pl\/\"},{\"@type\":\"ListItem\",\"position\":2,\"name\":\"Chris Froome w finale wirtualnego TdF\"}]},{\"@type\":\"WebSite\",\"@id\":\"https:\/\/www.welovecycling.com\/pl\/#website\",\"url\":\"https:\/\/www.welovecycling.com\/pl\/\",\"name\":\"\u0160koda We Love Cycling - Poland\",\"description\":\"\",\"potentialAction\":[{\"@type\":\"SearchAction\",\"target\":{\"@type\":\"EntryPoint\",\"urlTemplate\":\"https:\/\/www.welovecycling.com\/pl\/?s={search_term_string}\"},\"query-input\":{\"@type\":\"PropertyValueSpecification\",\"valueRequired\":true,\"valueName\":\"search_term_string\"}}],\"inLanguage\":\"pl-PL\"},{\"@type\":\"Person\",\"@id\":\"https:\/\/www.welovecycling.com\/pl\/#\/schema\/person\/0dba2d39da943db9df3fd8f4687e7f23\",\"name\":\"piotrboczkowski\",\"image\":{\"@type\":\"ImageObject\",\"inLanguage\":\"pl-PL\",\"@id\":\"https:\/\/www.welovecycling.com\/pl\/#\/schema\/person\/image\/\",\"url\":\"https:\/\/secure.gravatar.com\/avatar\/533caccae14752e03a2ce2d3fd62d1b98b93e1393c3195c27819e53344ca1ace?s=96&d=mm&r=g\",\"contentUrl\":\"https:\/\/secure.gravatar.com\/avatar\/533caccae14752e03a2ce2d3fd62d1b98b93e1393c3195c27819e53344ca1ace?s=96&d=mm&r=g\",\"caption\":\"piotrboczkowski\"},\"url\":\"https:\/\/www.welovecycling.com\/pl\/author\/piotrboczkowski\/\"}]}<\/script>\n<!-- \/ Yoast SEO Premium plugin. -->","yoast_head_json":{"title":"Chris Froome w finale wirtualnego TdF - \u0160koda We Love Cycling - Poland","robots":{"index":"index","follow":"follow","max-snippet":"max-snippet:-1","max-image-preview":"max-image-preview:large","max-video-preview":"max-video-preview:-1"},"canonical":"https:\/\/www.welovecycling.com\/pl\/2020\/07\/22\/chris-froome-w-finale-wirtualnego-tdf\/","og_locale":"pl_PL","og_type":"article","og_title":"Chris Froome w finale wirtualnego TdF","og_description":"Chris Froome, czterokrotny zwyci\u0119zca Tour de France, wyst\u0105pi\u0142 w 6. etapie TdF z finiszem na Polach Elizejskich. W rywalizacji wzi\u0119li [&hellip;]","og_url":"https:\/\/www.welovecycling.com\/pl\/2020\/07\/22\/chris-froome-w-finale-wirtualnego-tdf\/","og_site_name":"\u0160koda We Love Cycling - Poland","article_published_time":"2020-07-22T11:05:31+00:00","og_image":[{"width":1366,"height":600,"url":"https:\/\/d2p6e6u75xmxt8.cloudfront.net\/5\/2020\/07\/Ineos-CVR.jpg","type":"image\/jpeg"}],"author":"piotrboczkowski","twitter_card":"summary_large_image","twitter_misc":{"Written by":"Monica Buck","Est. reading time":"1 minute"},"schema":{"@context":"https:\/\/schema.org","@graph":[{"@type":"WebPage","@id":"https:\/\/www.welovecycling.com\/pl\/2020\/07\/22\/chris-froome-w-finale-wirtualnego-tdf\/","url":"https:\/\/www.welovecycling.com\/pl\/2020\/07\/22\/chris-froome-w-finale-wirtualnego-tdf\/","name":"Chris Froome w finale wirtualnego TdF - \u0160koda We Love Cycling - Poland","isPartOf":{"@id":"https:\/\/www.welovecycling.com\/pl\/#website"},"primaryImageOfPage":{"@id":"https:\/\/www.welovecycling.com\/pl\/2020\/07\/22\/chris-froome-w-finale-wirtualnego-tdf\/#primaryimage"},"image":{"@id":"https:\/\/www.welovecycling.com\/pl\/2020\/07\/22\/chris-froome-w-finale-wirtualnego-tdf\/#primaryimage"},"thumbnailUrl":"https:\/\/d2p6e6u75xmxt8.cloudfront.net\/5\/2020\/07\/Ineos-CVR.jpg","datePublished":"2020-07-22T11:05:31+00:00","author":{"@id":"https:\/\/www.welovecycling.com\/pl\/#\/schema\/person\/0dba2d39da943db9df3fd8f4687e7f23"},"breadcrumb":{"@id":"https:\/\/www.welovecycling.com\/pl\/2020\/07\/22\/chris-froome-w-finale-wirtualnego-tdf\/#breadcrumb"},"inLanguage":"pl-PL","potentialAction":[{"@type":"ReadAction","target":["https:\/\/www.welovecycling.com\/pl\/2020\/07\/22\/chris-froome-w-finale-wirtualnego-tdf\/"]}]},{"@type":"ImageObject","inLanguage":"pl-PL","@id":"https:\/\/www.welovecycling.com\/pl\/2020\/07\/22\/chris-froome-w-finale-wirtualnego-tdf\/#primaryimage","url":"https:\/\/d2p6e6u75xmxt8.cloudfront.net\/5\/2020\/07\/Ineos-CVR.jpg","contentUrl":"https:\/\/d2p6e6u75xmxt8.cloudfront.net\/5\/2020\/07\/Ineos-CVR.jpg","width":1366,"height":600},{"@type":"BreadcrumbList","@id":"https:\/\/www.welovecycling.com\/pl\/2020\/07\/22\/chris-froome-w-finale-wirtualnego-tdf\/#breadcrumb","itemListElement":[{"@type":"ListItem","position":1,"name":"Home","item":"https:\/\/www.welovecycling.com\/pl\/"},{"@type":"ListItem","position":2,"name":"Chris Froome w finale wirtualnego TdF"}]},{"@type":"WebSite","@id":"https:\/\/www.welovecycling.com\/pl\/#website","url":"https:\/\/www.welovecycling.com\/pl\/","name":"\u0160koda We Love Cycling - Poland","description":"","potentialAction":[{"@type":"SearchAction","target":{"@type":"EntryPoint","urlTemplate":"https:\/\/www.welovecycling.com\/pl\/?s={search_term_string}"},"query-input":{"@type":"PropertyValueSpecification","valueRequired":true,"valueName":"search_term_string"}}],"inLanguage":"pl-PL"},{"@type":"Person","@id":"https:\/\/www.welovecycling.com\/pl\/#\/schema\/person\/0dba2d39da943db9df3fd8f4687e7f23","name":"piotrboczkowski","image":{"@type":"ImageObject","inLanguage":"pl-PL","@id":"https:\/\/www.welovecycling.com\/pl\/#\/schema\/person\/image\/","url":"https:\/\/secure.gravatar.com\/avatar\/533caccae14752e03a2ce2d3fd62d1b98b93e1393c3195c27819e53344ca1ace?s=96&d=mm&r=g","contentUrl":"https:\/\/secure.gravatar.com\/avatar\/533caccae14752e03a2ce2d3fd62d1b98b93e1393c3195c27819e53344ca1ace?s=96&d=mm&r=g","caption":"piotrboczkowski"},"url":"https:\/\/www.welovecycling.com\/pl\/author\/piotrboczkowski\/"}]}},"_links":{"self":[{"href":"https:\/\/www.welovecycling.com\/pl\/wp-json\/wp\/v2\/posts\/10944","targetHints":{"allow":["GET"]}}],"collection":[{"href":"https:\/\/www.welovecycling.com\/pl\/wp-json\/wp\/v2\/posts"}],"about":[{"href":"https:\/\/www.welovecycling.com\/pl\/wp-json\/wp\/v2\/types\/post"}],"author":[{"embeddable":true,"href":"https:\/\/www.welovecycling.com\/pl\/wp-json\/wp\/v2\/users\/76"}],"replies":[{"embeddable":true,"href":"https:\/\/www.welovecycling.com\/pl\/wp-json\/wp\/v2\/comments?post=10944"}],"version-history":[{"count":1,"href":"https:\/\/www.welovecycling.com\/pl\/wp-json\/wp\/v2\/posts\/10944\/revisions"}],"predecessor-version":[{"id":10947,"href":"https:\/\/www.welovecycling.com\/pl\/wp-json\/wp\/v2\/posts\/10944\/revisions\/10947"}],"wp:featuredmedia":[{"embeddable":true,"href":"https:\/\/www.welovecycling.com\/pl\/wp-json\/wp\/v2\/media\/10946"}],"wp:attachment":[{"href":"https:\/\/www.welovecycling.com\/pl\/wp-json\/wp\/v2\/media?parent=10944"}],"wp:term":[{"taxonomy":"category","embeddable":true,"href":"https:\/\/www.welovecycling.com\/pl\/wp-json\/wp\/v2\/categories?post=10944"},{"taxonomy":"post_tag","embeddable":true,"href":"https:\/\/www.welovecycling.com\/pl\/wp-json\/wp\/v2\/tags?post=10944"},{"taxonomy":"global-categories","embeddable":true,"href":"https:\/\/www.welovecycling.com\/pl\/wp-json\/wp\/v2\/global-categories?post=10944"}],"curies":[{"name":"wp","href":"https:\/\/api.w.org\/{rel}","templated":true}]}}