{"id":10937,"date":"2020-07-20T15:11:11","date_gmt":"2020-07-20T15:11:11","guid":{"rendered":"https:\/\/www.welovecycling.com\/pl\/?p=10937"},"modified":"2020-07-20T16:25:59","modified_gmt":"2020-07-20T16:25:59","slug":"dlaczego-recykling-rowerow-ma-sens","status":"publish","type":"post","link":"https:\/\/www.welovecycling.com\/pl\/2020\/07\/20\/dlaczego-recykling-rowerow-ma-sens\/","title":{"rendered":"Dlaczego recykling rower\u00f3w ma sens?"},"content":{"rendered":"<p><strong>W zwi\u0105zku z niepokoj\u0105cymi zmianami klimatycznymi coraz popularniejszym trendem jest to, \u017ce restauracje i firmy cateringowe ograniczaj\u0105 produkcj\u0119 odpad\u00f3w. Robi\u0105 to, wykorzystuj\u0105c na przyk\u0142ad owoce i warzywa, kt\u00f3re kiedy\u015b zosta\u0142yby wyrzucone przez sklepikarzy lub dostawc\u00f3w z czysto estetycznych powod\u00f3w (zmieniony z powodu obt\u0142uczenia kolor banana lub jab\u0142ka). Umo\u017cliwiaj\u0105 r\u00f3wnie\u017c swoim go\u015bciom zabranie niezjedzonego posi\u0142ku w biodegradowalnym pude\u0142ku do domu.<\/strong><\/p>\n<p>Chodzi o to, by ograniczy\u0107 marnotrawstwo, poniewa\u017c mamy globalny problem z odpadami i dos\u0142ownie w nich toniemy. W naszych oceanach p\u0142ywaj\u0105 \u015bmieci, a miasta otoczone s\u0105 sk\u0142adowiskami\u00a0 odpad\u00f3w.<\/p>\n<p>&nbsp;<\/p>\n<p>W tym kontek\u015bcie ma sens ratowanie starych, porzuconych rower\u00f3w, czyli ich recykling. W Nowym Jorku dzia\u0142a Recycle-A-Bicycle (RAB), organizacja daj\u0105ca drugie \u017cycie rowerom, kt\u00f3re w innym wypadku zosta\u0142yby wyrzucone na \u015bmieci. Zatrudnia m\u0142odych ludzi do odnawiania rower\u00f3w na w\u0142asny u\u017cytek lub na sprzeda\u017c.<\/p>\n<p>https:\/\/www.instagram.com\/p\/B8jqykVpels\/?utm_source=ig_web_copy_link<\/p>\n<p>RAB dzia\u0142a non-profit. Wszystkie rowery otrzymuje za darmo, a doch\u00f3d z ich sprzeda\u017cy przeznaczany jest na programy edukacyjne dla m\u0142odzie\u017cy prowadzone przez nadrz\u0119dn\u0105 organizacj\u0119 \u2013 Bike New York.<\/p>\n<p>Jak podaj\u0105 na swojej<a href=\"https:\/\/www.bike.nyc\/recycleabicycle\/\"> stronie internetowej<\/a>: \u201eRAB co roku ratuje 1800 rower\u00f3w, co przek\u0142ada si\u0119 na oko\u0142o 20 412 kg odpad\u00f3w ze sk\u0142adowisk w Nowym Jorku\u201d. To du\u017co potencjalnych \u015bmieci.<\/p>\n<p>Dzia\u0142ania organizacji Re-Cycle w Wielkiej Brytanii wygl\u0105daj\u0105 nieco inaczej. Pozyskane przez ni\u0105 u\u017cywane rowery wysy\u0142ane s\u0105 do czterech organizacji partnerskich w czterech r\u00f3\u017cnych krajach Afryki. Organizacje te nast\u0119pnie naprawiaj\u0105, konserwuj\u0105 i dystrybuuj\u0105 pojazdy dalej. Opr\u00f3cz rower\u00f3w z Wielkiej Brytanii za darmo rozdawane s\u0105 r\u00f3wnie\u017c cz\u0119\u015bci zamienne i narz\u0119dzia, kt\u00f3re s\u0105 tam sprzedawane za u\u0142amek warto\u015bci rynkowej (podobnie jak rowery).<\/p>\n<p>https:\/\/www.instagram.com\/p\/ByVJEUrFfxZ\/?utm_source=ig_web_copy_link<\/p>\n<p>Powy\u017csze dzia\u0142ania daj\u0105 pozytywne rezultaty, takie jak niedrogi transport dla lokalnych spo\u0142eczno\u015bci czy wykorzystywanie dochod\u00f3w ze sprzeda\u017cy rower\u00f3w na finansowanie przedsi\u0119biorstw spo\u0142ecznych. Wzrasta r\u00f3wnie\u017c lokalne zatrudnienie i rozw\u00f3j umiej\u0119tno\u015bci oraz \u2013 oczywi\u015bcie \u2013 zmniejsza to ilo\u015b\u0107 rower\u00f3w na \u015bmietniku.<\/p>\n<p>Re-Cycle deklaruje na swojej stronie internetowej: \u201eEtos naszej pracy to zr\u00f3wnowa\u017cony rozw\u00f3j\u201d.<\/p>\n<p>To musi by\u0107 r\u00f3wnie\u017c dewiz\u0105 Ala Schroadera, znanego jako Bike Man. Emeryt z Illinois uratowa\u0142 ponad 3000 rower\u00f3w, a tym samym sprawi\u0142, \u017ce na naszej planecie znalaz\u0142o si\u0119 mniej \u015bmieci. Zrecyklingowane pojazdy przekaza\u0142 nast\u0119pnie osobom, kt\u00f3re ich potrzebowa\u0142y.<\/p>\n<p>\u201eKiedy dostaj\u0119 rower, cz\u0119sto brakuje cz\u0119\u015bci i innych element\u00f3w, takich jak na przyk\u0142ad opony, wtedy musz\u0119 ustali\u0107, czy jest on jeszcze do uratowania, czy ju\u017c nie. Ka\u017cdy pojazd ma swoj\u0105 histori\u0119\u201d \u2013 powiedzia\u0142 Al.<\/p>\n<p><iframe loading=\"lazy\" src=\"https:\/\/abc7chicago.com\/video\/embed\/?pid=5686431\" width=\"476\" height=\"267\" frameborder=\"0\" allowfullscreen=\"allowfullscreen\"><\/iframe><\/p>\n<p>Chocia\u017c pojawi\u0142 si\u0119 w<a href=\"https:\/\/abc7chicago.com\/5686431\/\"> ABC News<\/a>, Schroader nie uwa\u017ca si\u0119 za kogo\u015b wyj\u0105tkowego. \u201eCiesz\u0119 si\u0119, \u017ce mog\u0119 pom\u00f3c innym\u201d \u2013 doda\u0142 skromnie.<\/p>\n<p>Na ca\u0142ym \u015bwiecie dzia\u0142aj\u0105 sklepy i organizacje zajmuj\u0105ce si\u0119 recyklingiem rower\u00f3w. Cz\u0119sto maj\u0105 w swojej nazwie s\u0142owo <em>rescue<\/em> (ratunek), na przyk\u0142ad Electric City Bike Rescue w Schenectady w Nowym Jorku. Prowadzony jest tam program dla wolontariuszy naprawiaj\u0105cych i redystrybuuj\u0105cych rowery, kt\u00f3re w przeciwnym razie zosta\u0142yby wyrzucone na \u015bmieci.<\/p>\n<p>S\u0105 du\u017ce szanse, \u017ce blisko Ciebie r\u00f3wnie\u017c znajduje si\u0119 miejsce recyklingu rower\u00f3w. Je\u015bli masz stary pojazd zajmuj\u0105cy miejsce w piwnicy lub magazynie i zastanawiasz si\u0119 nad jego sprzeda\u017c\u0105, \u017ceby zwr\u00f3ci\u0142a Ci si\u0119 cz\u0119\u015b\u0107 koszt\u00f3w, lub po prostu nad wyrzuceniem go, rozwa\u017c to jeszcze raz. Pomy\u015bl o satysfakcji z pomocy komu\u015b, kto potrzebuje roweru, a nie sta\u0107 go na jego zakup. Taki gest przyczynia si\u0119 do ocalenia nas wszystkich (i naszej planety) przed plag\u0105 \u015bmieci.<\/p>\n<p>Tw\u00f3j stary rower zas\u0142uguje na lepsz\u0105 przysz\u0142o\u015b\u0107.<\/p>\n<p><span data-sheets-value=\"{&quot;1&quot;:2,&quot;2&quot;:&quot;Artyku\u0142 powsta\u0142 we wsp\u00f3\u0142pracy ze skoda-auto.pl&quot;}\" data-sheets-userformat=\"{&quot;2&quot;:1,&quot;3&quot;:{&quot;1&quot;:0}}\" data-sheets-hyperlink=\"http:\/\/www.skoda-auto.pl\/\"><a class=\"in-cell-link\" href=\"http:\/\/www.skoda-auto.pl\/\" target=\"_blank\" rel=\"noopener noreferrer\">Artyku\u0142 powsta\u0142 we wsp\u00f3\u0142pracy ze skoda-auto.pl<\/a><\/span><\/p>\n<p><a href=\"https:\/\/sklep.skoda.pl\/pl\/sklep\/b\/331\/rowery-i-akcesoria-rowery.html\"><img loading=\"lazy\" decoding=\"async\" class=\"aligncenter wp-image-9608 size-full loading\" src=\"https:\/\/d2p6e6u75xmxt8.cloudfront.net\/5\/2019\/08\/baner_WLC_640x350_3.png\" sizes=\"auto, (max-width: 640px) 100vw, 640px\" srcset=\"https:\/\/d2p6e6u75xmxt8.cloudfront.net\/5\/2019\/08\/baner_WLC_640x350_3.png 640w, https:\/\/d2p6e6u75xmxt8.cloudfront.net\/5\/2019\/08\/baner_WLC_640x350_3-300x164.png 300w\" alt=\"\" width=\"640\" height=\"350\" data-was-processed=\"true\" \/><\/a><\/p>\n<p><a href=\"https:\/\/www.skoda-auto.pl\/modele\/karoq\">\u00a0<\/a><\/p>\n<p>&nbsp;<\/p>\n<p>&nbsp;<\/p>\n<p>&nbsp;<\/p>\n","protected":false},"excerpt":{"rendered":"<p>W zwi\u0105zku z niepokoj\u0105cymi zmianami klimatycznymi coraz popularniejszym trendem jest to, \u017ce restauracje i firmy cateringowe ograniczaj\u0105 produkcj\u0119 odpad\u00f3w. Robi\u0105 [&hellip;]<\/p>\n","protected":false},"author":125,"featured_media":10940,"comment_status":"open","ping_status":"open","sticky":false,"template":"","format":"standard","meta":{"footnotes":""},"categories":[226],"tags":[],"global-categories":[303],"class_list":["post-10937","post","type-post","status-publish","format-standard","has-post-thumbnail","hentry","category-ciekawostki","global-categories-cycling"],"yoast_head":"<!-- This site is optimized with the Yoast SEO Premium plugin v25.3 (Yoast SEO v25.9) - https:\/\/yoast.com\/wordpress\/plugins\/seo\/ -->\n<title>Dlaczego recykling rower\u00f3w ma sens? - \u0160koda We Love Cycling - Poland<\/title>\n<meta name=\"robots\" content=\"index, follow, max-snippet:-1, max-image-preview:large, max-video-preview:-1\" \/>\n<link rel=\"canonical\" href=\"https:\/\/www.welovecycling.com\/pl\/2020\/07\/20\/dlaczego-recykling-rowerow-ma-sens\/\" \/>\n<meta property=\"og:locale\" content=\"pl_PL\" \/>\n<meta property=\"og:type\" content=\"article\" \/>\n<meta property=\"og:title\" content=\"Dlaczego recykling rower\u00f3w ma sens?\" \/>\n<meta property=\"og:description\" content=\"W zwi\u0105zku z niepokoj\u0105cymi zmianami klimatycznymi coraz popularniejszym trendem jest to, \u017ce restauracje i firmy cateringowe ograniczaj\u0105 produkcj\u0119 odpad\u00f3w. Robi\u0105 [&hellip;]\" \/>\n<meta property=\"og:url\" content=\"https:\/\/www.welovecycling.com\/pl\/2020\/07\/20\/dlaczego-recykling-rowerow-ma-sens\/\" \/>\n<meta property=\"og:site_name\" content=\"\u0160koda We Love Cycling - Poland\" \/>\n<meta property=\"article:published_time\" content=\"2020-07-20T15:11:11+00:00\" \/>\n<meta property=\"article:modified_time\" content=\"2020-07-20T16:25:59+00:00\" \/>\n<meta property=\"og:image\" content=\"https:\/\/d2p6e6u75xmxt8.cloudfront.net\/5\/2020\/12\/Recycle-A-Bicycle-CVR.jpg\" \/>\n\t<meta property=\"og:image:width\" content=\"1366\" \/>\n\t<meta property=\"og:image:height\" content=\"600\" \/>\n\t<meta property=\"og:image:type\" content=\"image\/jpeg\" \/>\n<meta name=\"author\" content=\"oktawiamikulska\" \/>\n<meta name=\"twitter:card\" content=\"summary_large_image\" \/>\n<meta name=\"twitter:label1\" content=\"Written by\" \/>\n\t<meta name=\"twitter:data1\" content=\"Siegfried Mortkowitz\" \/>\n\t<meta name=\"twitter:label2\" content=\"Est. reading time\" \/>\n\t<meta name=\"twitter:data2\" content=\"3 minutes\" \/>\n<script type=\"application\/ld+json\" class=\"yoast-schema-graph\">{\"@context\":\"https:\/\/schema.org\",\"@graph\":[{\"@type\":\"WebPage\",\"@id\":\"https:\/\/www.welovecycling.com\/pl\/2020\/07\/20\/dlaczego-recykling-rowerow-ma-sens\/\",\"url\":\"https:\/\/www.welovecycling.com\/pl\/2020\/07\/20\/dlaczego-recykling-rowerow-ma-sens\/\",\"name\":\"Dlaczego recykling rower\u00f3w ma sens? - \u0160koda We Love Cycling - Poland\",\"isPartOf\":{\"@id\":\"https:\/\/www.welovecycling.com\/pl\/#website\"},\"primaryImageOfPage\":{\"@id\":\"https:\/\/www.welovecycling.com\/pl\/2020\/07\/20\/dlaczego-recykling-rowerow-ma-sens\/#primaryimage\"},\"image\":{\"@id\":\"https:\/\/www.welovecycling.com\/pl\/2020\/07\/20\/dlaczego-recykling-rowerow-ma-sens\/#primaryimage\"},\"thumbnailUrl\":\"https:\/\/d2p6e6u75xmxt8.cloudfront.net\/5\/2020\/12\/Recycle-A-Bicycle-CVR.jpg\",\"datePublished\":\"2020-07-20T15:11:11+00:00\",\"dateModified\":\"2020-07-20T16:25:59+00:00\",\"author\":{\"@id\":\"https:\/\/www.welovecycling.com\/pl\/#\/schema\/person\/4a79bac7bd265aa6a35a1079d36648be\"},\"breadcrumb\":{\"@id\":\"https:\/\/www.welovecycling.com\/pl\/2020\/07\/20\/dlaczego-recykling-rowerow-ma-sens\/#breadcrumb\"},\"inLanguage\":\"pl-PL\",\"potentialAction\":[{\"@type\":\"ReadAction\",\"target\":[\"https:\/\/www.welovecycling.com\/pl\/2020\/07\/20\/dlaczego-recykling-rowerow-ma-sens\/\"]}]},{\"@type\":\"ImageObject\",\"inLanguage\":\"pl-PL\",\"@id\":\"https:\/\/www.welovecycling.com\/pl\/2020\/07\/20\/dlaczego-recykling-rowerow-ma-sens\/#primaryimage\",\"url\":\"https:\/\/d2p6e6u75xmxt8.cloudfront.net\/5\/2020\/12\/Recycle-A-Bicycle-CVR.jpg\",\"contentUrl\":\"https:\/\/d2p6e6u75xmxt8.cloudfront.net\/5\/2020\/12\/Recycle-A-Bicycle-CVR.jpg\",\"width\":1366,\"height\":600},{\"@type\":\"BreadcrumbList\",\"@id\":\"https:\/\/www.welovecycling.com\/pl\/2020\/07\/20\/dlaczego-recykling-rowerow-ma-sens\/#breadcrumb\",\"itemListElement\":[{\"@type\":\"ListItem\",\"position\":1,\"name\":\"Home\",\"item\":\"https:\/\/www.welovecycling.com\/pl\/\"},{\"@type\":\"ListItem\",\"position\":2,\"name\":\"Dlaczego recykling rower\u00f3w ma sens?\"}]},{\"@type\":\"WebSite\",\"@id\":\"https:\/\/www.welovecycling.com\/pl\/#website\",\"url\":\"https:\/\/www.welovecycling.com\/pl\/\",\"name\":\"\u0160koda We Love Cycling - Poland\",\"description\":\"\",\"potentialAction\":[{\"@type\":\"SearchAction\",\"target\":{\"@type\":\"EntryPoint\",\"urlTemplate\":\"https:\/\/www.welovecycling.com\/pl\/?s={search_term_string}\"},\"query-input\":{\"@type\":\"PropertyValueSpecification\",\"valueRequired\":true,\"valueName\":\"search_term_string\"}}],\"inLanguage\":\"pl-PL\"},{\"@type\":\"Person\",\"@id\":\"https:\/\/www.welovecycling.com\/pl\/#\/schema\/person\/4a79bac7bd265aa6a35a1079d36648be\",\"name\":\"oktawiamikulska\",\"image\":{\"@type\":\"ImageObject\",\"inLanguage\":\"pl-PL\",\"@id\":\"https:\/\/www.welovecycling.com\/pl\/#\/schema\/person\/image\/\",\"url\":\"https:\/\/secure.gravatar.com\/avatar\/b97a3f44e2de6d2f8dd358975937e49823662e12cbd810b9d1a2bff1c149e8a7?s=96&d=mm&r=g\",\"contentUrl\":\"https:\/\/secure.gravatar.com\/avatar\/b97a3f44e2de6d2f8dd358975937e49823662e12cbd810b9d1a2bff1c149e8a7?s=96&d=mm&r=g\",\"caption\":\"oktawiamikulska\"},\"url\":\"https:\/\/www.welovecycling.com\/pl\/author\/oktawiamikulska\/\"}]}<\/script>\n<!-- \/ Yoast SEO Premium plugin. -->","yoast_head_json":{"title":"Dlaczego recykling rower\u00f3w ma sens? - \u0160koda We Love Cycling - Poland","robots":{"index":"index","follow":"follow","max-snippet":"max-snippet:-1","max-image-preview":"max-image-preview:large","max-video-preview":"max-video-preview:-1"},"canonical":"https:\/\/www.welovecycling.com\/pl\/2020\/07\/20\/dlaczego-recykling-rowerow-ma-sens\/","og_locale":"pl_PL","og_type":"article","og_title":"Dlaczego recykling rower\u00f3w ma sens?","og_description":"W zwi\u0105zku z niepokoj\u0105cymi zmianami klimatycznymi coraz popularniejszym trendem jest to, \u017ce restauracje i firmy cateringowe ograniczaj\u0105 produkcj\u0119 odpad\u00f3w. Robi\u0105 [&hellip;]","og_url":"https:\/\/www.welovecycling.com\/pl\/2020\/07\/20\/dlaczego-recykling-rowerow-ma-sens\/","og_site_name":"\u0160koda We Love Cycling - Poland","article_published_time":"2020-07-20T15:11:11+00:00","article_modified_time":"2020-07-20T16:25:59+00:00","og_image":[{"width":1366,"height":600,"url":"https:\/\/d2p6e6u75xmxt8.cloudfront.net\/5\/2020\/12\/Recycle-A-Bicycle-CVR.jpg","type":"image\/jpeg"}],"author":"oktawiamikulska","twitter_card":"summary_large_image","twitter_misc":{"Written by":"Siegfried Mortkowitz","Est. reading time":"3 minutes"},"schema":{"@context":"https:\/\/schema.org","@graph":[{"@type":"WebPage","@id":"https:\/\/www.welovecycling.com\/pl\/2020\/07\/20\/dlaczego-recykling-rowerow-ma-sens\/","url":"https:\/\/www.welovecycling.com\/pl\/2020\/07\/20\/dlaczego-recykling-rowerow-ma-sens\/","name":"Dlaczego recykling rower\u00f3w ma sens? - \u0160koda We Love Cycling - Poland","isPartOf":{"@id":"https:\/\/www.welovecycling.com\/pl\/#website"},"primaryImageOfPage":{"@id":"https:\/\/www.welovecycling.com\/pl\/2020\/07\/20\/dlaczego-recykling-rowerow-ma-sens\/#primaryimage"},"image":{"@id":"https:\/\/www.welovecycling.com\/pl\/2020\/07\/20\/dlaczego-recykling-rowerow-ma-sens\/#primaryimage"},"thumbnailUrl":"https:\/\/d2p6e6u75xmxt8.cloudfront.net\/5\/2020\/12\/Recycle-A-Bicycle-CVR.jpg","datePublished":"2020-07-20T15:11:11+00:00","dateModified":"2020-07-20T16:25:59+00:00","author":{"@id":"https:\/\/www.welovecycling.com\/pl\/#\/schema\/person\/4a79bac7bd265aa6a35a1079d36648be"},"breadcrumb":{"@id":"https:\/\/www.welovecycling.com\/pl\/2020\/07\/20\/dlaczego-recykling-rowerow-ma-sens\/#breadcrumb"},"inLanguage":"pl-PL","potentialAction":[{"@type":"ReadAction","target":["https:\/\/www.welovecycling.com\/pl\/2020\/07\/20\/dlaczego-recykling-rowerow-ma-sens\/"]}]},{"@type":"ImageObject","inLanguage":"pl-PL","@id":"https:\/\/www.welovecycling.com\/pl\/2020\/07\/20\/dlaczego-recykling-rowerow-ma-sens\/#primaryimage","url":"https:\/\/d2p6e6u75xmxt8.cloudfront.net\/5\/2020\/12\/Recycle-A-Bicycle-CVR.jpg","contentUrl":"https:\/\/d2p6e6u75xmxt8.cloudfront.net\/5\/2020\/12\/Recycle-A-Bicycle-CVR.jpg","width":1366,"height":600},{"@type":"BreadcrumbList","@id":"https:\/\/www.welovecycling.com\/pl\/2020\/07\/20\/dlaczego-recykling-rowerow-ma-sens\/#breadcrumb","itemListElement":[{"@type":"ListItem","position":1,"name":"Home","item":"https:\/\/www.welovecycling.com\/pl\/"},{"@type":"ListItem","position":2,"name":"Dlaczego recykling rower\u00f3w ma sens?"}]},{"@type":"WebSite","@id":"https:\/\/www.welovecycling.com\/pl\/#website","url":"https:\/\/www.welovecycling.com\/pl\/","name":"\u0160koda We Love Cycling - Poland","description":"","potentialAction":[{"@type":"SearchAction","target":{"@type":"EntryPoint","urlTemplate":"https:\/\/www.welovecycling.com\/pl\/?s={search_term_string}"},"query-input":{"@type":"PropertyValueSpecification","valueRequired":true,"valueName":"search_term_string"}}],"inLanguage":"pl-PL"},{"@type":"Person","@id":"https:\/\/www.welovecycling.com\/pl\/#\/schema\/person\/4a79bac7bd265aa6a35a1079d36648be","name":"oktawiamikulska","image":{"@type":"ImageObject","inLanguage":"pl-PL","@id":"https:\/\/www.welovecycling.com\/pl\/#\/schema\/person\/image\/","url":"https:\/\/secure.gravatar.com\/avatar\/b97a3f44e2de6d2f8dd358975937e49823662e12cbd810b9d1a2bff1c149e8a7?s=96&d=mm&r=g","contentUrl":"https:\/\/secure.gravatar.com\/avatar\/b97a3f44e2de6d2f8dd358975937e49823662e12cbd810b9d1a2bff1c149e8a7?s=96&d=mm&r=g","caption":"oktawiamikulska"},"url":"https:\/\/www.welovecycling.com\/pl\/author\/oktawiamikulska\/"}]}},"_links":{"self":[{"href":"https:\/\/www.welovecycling.com\/pl\/wp-json\/wp\/v2\/posts\/10937","targetHints":{"allow":["GET"]}}],"collection":[{"href":"https:\/\/www.welovecycling.com\/pl\/wp-json\/wp\/v2\/posts"}],"about":[{"href":"https:\/\/www.welovecycling.com\/pl\/wp-json\/wp\/v2\/types\/post"}],"author":[{"embeddable":true,"href":"https:\/\/www.welovecycling.com\/pl\/wp-json\/wp\/v2\/users\/125"}],"replies":[{"embeddable":true,"href":"https:\/\/www.welovecycling.com\/pl\/wp-json\/wp\/v2\/comments?post=10937"}],"version-history":[{"count":2,"href":"https:\/\/www.welovecycling.com\/pl\/wp-json\/wp\/v2\/posts\/10937\/revisions"}],"predecessor-version":[{"id":10943,"href":"https:\/\/www.welovecycling.com\/pl\/wp-json\/wp\/v2\/posts\/10937\/revisions\/10943"}],"wp:featuredmedia":[{"embeddable":true,"href":"https:\/\/www.welovecycling.com\/pl\/wp-json\/wp\/v2\/media\/10940"}],"wp:attachment":[{"href":"https:\/\/www.welovecycling.com\/pl\/wp-json\/wp\/v2\/media?parent=10937"}],"wp:term":[{"taxonomy":"category","embeddable":true,"href":"https:\/\/www.welovecycling.com\/pl\/wp-json\/wp\/v2\/categories?post=10937"},{"taxonomy":"post_tag","embeddable":true,"href":"https:\/\/www.welovecycling.com\/pl\/wp-json\/wp\/v2\/tags?post=10937"},{"taxonomy":"global-categories","embeddable":true,"href":"https:\/\/www.welovecycling.com\/pl\/wp-json\/wp\/v2\/global-categories?post=10937"}],"curies":[{"name":"wp","href":"https:\/\/api.w.org\/{rel}","templated":true}]}}