{"id":10929,"date":"2020-07-24T11:22:55","date_gmt":"2020-07-24T11:22:55","guid":{"rendered":"https:\/\/www.welovecycling.com\/pl\/?p=10929"},"modified":"2020-07-30T11:23:22","modified_gmt":"2020-07-30T11:23:22","slug":"co-za-atak-w-taki-sposob-odarl-z-marzen-legende","status":"publish","type":"post","link":"https:\/\/www.welovecycling.com\/pl\/2020\/07\/24\/co-za-atak-w-taki-sposob-odarl-z-marzen-legende\/","title":{"rendered":"Co za atak! W taki spos\u00f3b odar\u0142 z marze\u0144 legend\u0119"},"content":{"rendered":"<p><strong>Gdyby wygra\u0142 kt\u00f3rykolwiek inny Tour de France, nie zrobi\u0142oby to a\u017c takiego wra\u017cenia. Ale wygra\u0142 w\u0142a\u015bnie wtedy, w 1975 roku, przez co prys\u0142y marzenia s\u0142ynnego Eddy\u2019ego Merckxa. Poznajcie Bernarda Theveneta \u2013 cz\u0142owieka, kt\u00f3ry zdetronizowa\u0142 legend\u0119.<\/strong><\/p>\n<p>To mia\u0142 by\u0107 wielki wy\u015bcig wielkiego kolarza. Merckx mia\u0142 na koncie ju\u017c pi\u0119\u0107 zwyci\u0119stw w Wielkiej P\u0119tli i gdyby w\u00f3wczas bukmacherzy dzia\u0142ali tak pr\u0119\u017cnie jak dzi\u015b, to na jego kolejnej wygranej nie da\u0142oby si\u0119 zbi\u0107 kokos\u00f3w. Mia\u0142 dopiero 30 lat, a na koncie wielkie sukcesy oraz cel, kt\u00f3ry go nap\u0119dza\u0142 \u2013 pobi\u0107 rekord zwyci\u0119stw Tour de France.<\/p>\n<p>Merckx mia\u0142 ich tyle samo co Jacques Anquetil, ale Francuz ju\u017c zszed\u0142 ze sceny, wi\u0119c Belg mia\u0142 prost\u0105 drog\u0119 do pobicia jego osi\u0105gni\u0119cia. Przynajmniej tak si\u0119 wydawa\u0142o do czasu, gdy na nadludzki wysi\u0142ek zdoby\u0142 si\u0119 Thevenet.<\/p>\n<div class=\"embed-controller-wrapper\">\n<blockquote class=\"twitter-tweet\" data-width=\"500\" data-dnt=\"true\">\n<p lang=\"fr\" dir=\"ltr\">\ud83c\udf99 &quot;You immediately realise that you&#39;ll no longer be a rider like another.&quot;<\/p>\n<p>\ud83c\uddeb\ud83c\uddf7 Bernard Th\u00e9venet, Tour de France winner in 1975 and 1977.<\/p>\n<p>\ud83c\udf99 &quot;Tu te rends compte imm\u00e9diatement que tu ne seras plus un coureur comme un autre.&quot;<\/p>\n<p>\ud83c\uddeb\ud83c\uddf7 Bernard Th\u00e9venet, double vainqueur du Tour. <a href=\"https:\/\/t.co\/0EqvL6T2FN\">pic.twitter.com\/0EqvL6T2FN<\/a><\/p>\n<p>&mdash; Tour de France\u2122 (@LeTour) <a href=\"https:\/\/twitter.com\/LeTour\/status\/1154149257919827968?ref_src=twsrc%5Etfw\">July 24, 2019<\/a><\/p><\/blockquote>\n<p><script async data-src=\"https:\/\/platform.twitter.com\/widgets.js\" charset=\"utf-8\"><\/script><\/div>\n<h2><strong>Diament do oszlifowania<\/strong><\/h2>\n<p>Urodzi\u0142 si\u0119 w Burgundii, w rodzinie bez wi\u0119kszych sportowych tradycji. Rodzicom zreszt\u0105 bardziej potrzebny by\u0142 syn do ci\u0119\u017ckich codziennych prac na roli ni\u017c mi\u0142o\u015bnik sportu. Trenerzy jednak przekonywali ich, \u017ce ch\u0142opak ma talent, i \u017ce powinni da\u0107 mu szans\u0119.<\/p>\n<p>M\u0142ody Bernard nie tylko si\u0119 \u015bciga\u0142, ale te\u017c ogl\u0105da\u0142 Wielk\u0105 P\u0119tl\u0119. Kolarzy nazywa\u0142 rycerzami w l\u015bni\u0105cych zbrojach i marzy\u0142, by sta\u0107 si\u0119 jednym z nich. Wygrywa\u0142 kolejne wy\u015bcigi dla m\u0142odzik\u00f3w, a o pierwszym z nich rodzice dowiedzieli si\u0119 z\u2026 gazety. Gdy jednak zdoby\u0142 mistrzostwo junior\u00f3w, odwrotu ju\u017c nie by\u0142o \u2013 Francja mia\u0142a diament, kt\u00f3ry nale\u017ca\u0142o oszlifowa\u0107.<\/p>\n<p>Thevenet \u2013 dla swojego dobra \u2013 bez problemu poddawa\u0142 si\u0119 obr\u00f3bce i ju\u017c w wieku 22 lat zadebiutowa\u0142 w Tour de France. Co wi\u0119cej, wygra\u0142 jeden z g\u00f3rskich etap\u00f3w! Jednak o tym, \u017ce w og\u00f3le pojedzie w Wielkiej P\u0119tli dowiedzia\u0142 si\u0119 w ostatniej chwili i to od\u2026 s\u0105siad\u00f3w, bo w najbli\u017cszej okolicy tylko oni mieli telefon, na kt\u00f3ry zadzwonili szefowie jego grupy.<\/p>\n<div class=\"embed-controller-wrapper\">\n<blockquote class=\"twitter-tweet\" data-width=\"500\" data-dnt=\"true\">\n<p lang=\"fr\" dir=\"ltr\">\ud83c\udf82 Happy Birthday Bernard Th\u00e9venet! \ud83c\udf82<\/p>\n<p>\ud83d\udc9b He won the <a href=\"https:\/\/twitter.com\/hashtag\/TDF1975?src=hash&amp;ref_src=twsrc%5Etfw\">#TDF1975<\/a> and <a href=\"https:\/\/twitter.com\/hashtag\/TDF1977?src=hash&amp;ref_src=twsrc%5Etfw\">#TDF1977<\/a>.<\/p>\n<p>\ud83c\udf82 Joyeux Anniversaire <a href=\"https:\/\/twitter.com\/bthevenet75?ref_src=twsrc%5Etfw\">@bthevenet75<\/a> ! \ud83c\udf82  <\/p>\n<p>\ud83d\udc9b Double vainqueur lors des <a href=\"https:\/\/twitter.com\/hashtag\/TDF1975?src=hash&amp;ref_src=twsrc%5Etfw\">#TDF1975<\/a> et <a href=\"https:\/\/twitter.com\/hashtag\/TDF1977?src=hash&amp;ref_src=twsrc%5Etfw\">#TDF1977<\/a>. <a href=\"https:\/\/t.co\/LkgoBloe3M\">pic.twitter.com\/LkgoBloe3M<\/a><\/p>\n<p>&mdash; Tour de France\u2122 (@LeTour) <a href=\"https:\/\/twitter.com\/LeTour\/status\/1083299329706737666?ref_src=twsrc%5Etfw\">January 10, 2019<\/a><\/p><\/blockquote>\n<p><script async data-src=\"https:\/\/platform.twitter.com\/widgets.js\" charset=\"utf-8\"><\/script><\/div>\n<p>Dwa lata p\u00f3\u017aniej jecha\u0142 w Tour de France ju\u017c nie jako \u017c\u00f3\u0142todzi\u00f3b, ale powa\u017cny zawodnik. Podczas jednego ze zjazd\u00f3w mia\u0142 jednak powa\u017cny wypadek i na chwil\u0119 straci\u0142 przytomno\u015b\u0107. Gdy si\u0119 ockn\u0105\u0142, nie wiedzia\u0142, gdzie jest. Dopiero, gdy zobaczy\u0142 koszulk\u0119, przypomnia\u0142 sobie, \u017ce jedzie na Tour de France.<\/p>\n<p>Mimo to doradzano mu, by wycofa\u0142 si\u0119 z wy\u015bcigu, ale Francuz nie chcia\u0142 o tym s\u0142ysze\u0107. Postawi\u0142 na swoim i dobrze zrobi\u0142, bo cztery dni p\u00f3\u017aniej wygra\u0142 morderczy etap ko\u0144cz\u0105cy si\u0119 podjazdem na Mont Ventoux.<\/p>\n<h2><strong>Zaatakowa\u0142 jak drapie\u017cnik<\/strong><\/h2>\n<p>Rok p\u00f3\u017aniej zaj\u0105\u0142 drugie miejsce w klasyfikacji generalnej, a w 1975 r. dosz\u0142o do jego legendarnego starcia z Mercksem. Cho\u0107 trzeba przyzna\u0107, \u017ce bitwa by\u0142a nier\u00f3wna, bo Belg walczy\u0142 nie tylko z rywalami, ale tak\u017ce z b\u00f3lem po tym, gdy jeden z szalonych\u00a0 kibic\u00f3w uderzy\u0142 go pi\u0119\u015bci\u0105 w brzuch.<\/p>\n<p>Thevenet wyczu\u0142 k\u0142opoty Merckxa i mocno przycisn\u0105\u0142 podczas podjazdu do Pra Loup. Na ostatnich 6 kilometrach Belg straci\u0142 do niego ponad 3 minuty, a co za tym idzie \u2013 tak\u017ce koszulk\u0119 lidera.<\/p>\n<div class=\"embed-controller-wrapper\">\n<blockquote class=\"twitter-tweet\" data-width=\"500\" data-dnt=\"true\">\n<p lang=\"en\" dir=\"ltr\">\ud83d\udde3 &quot;Eddy Merckx has been caught? It&#39;s not true! It can&#39;t be. That is terrible. Unimaginable. It&#39;s the worst day in my entire life. Oh la la!&quot;<\/p>\n<p>In the latest edition of the Re-Cycle, <a href=\"https:\/\/twitter.com\/saddleblaze?ref_src=twsrc%5Etfw\">@SaddleBlaze<\/a> rewinds to 1975 when Bernard Th\u00e9venet ended Merckx\u2019s Tour de France reign \ud83c\uddeb\ud83c\uddf7<\/p>\n<p>&mdash; Eurosport (@eurosport) <a href=\"https:\/\/twitter.com\/eurosport\/status\/1278334532182249474?ref_src=twsrc%5Etfw\">July 1, 2020<\/a><\/p><\/blockquote>\n<p><script async data-src=\"https:\/\/platform.twitter.com\/widgets.js\" charset=\"utf-8\"><\/script><\/div>\n<p>Na domiar z\u0142ego, podczas kolejnego etapu Merckx zderzy\u0142 si\u0119 z jednym z rywali i tylko si\u0142\u0105 woli doko\u0144czy\u0142 wy\u015bcig. Po latach przyzna\u0142, \u017ce by\u0142 to b\u0142\u0105d, kt\u00f3ry skr\u00f3ci\u0142 jego karier\u0119, a co za tym idzie \u2013 odebra\u0142 szans\u0119 na sz\u00f3st\u0105 wygran\u0105 w Tour de France. W tym wy\u015bcigu Merckx utrzyma\u0142 drugie miejsce w klasyfikacji generalnej, ale na najwy\u017cszym stopniu podium stan\u0105\u0142 Thevenet. Francuz ten wyczyn powt\u00f3rzy\u0142 r\u00f3wnie\u017c dwa lata p\u00f3\u017aniej.<\/p>\n<div class=\"embed-controller-wrapper\">\n<blockquote class=\"twitter-tweet\" data-width=\"500\" data-dnt=\"true\">\n<p lang=\"fr\" dir=\"ltr\">Paris, Tour 1977. Jacques Chirac remet le maillot jaune \u00e0 Bernard Th\u00e9venet. <a href=\"https:\/\/t.co\/1RX355tE9w\">pic.twitter.com\/1RX355tE9w<\/a><\/p>\n<p>&mdash; David Gu\u00e9nel (@davidguenel) <a href=\"https:\/\/twitter.com\/davidguenel\/status\/1177171202487402496?ref_src=twsrc%5Etfw\">September 26, 2019<\/a><\/p><\/blockquote>\n<p><script async data-src=\"https:\/\/platform.twitter.com\/widgets.js\" charset=\"utf-8\"><\/script><\/div>\n<h2><strong>Ca\u0142e \u017cycie przy rowerach<\/strong><\/h2>\n<p>Po zako\u0144czeniu kariery Thevenet nie potrafi\u0142 jednak rozsta\u0107 si\u0119 z rowerami. By\u0142e dyrektorem sportowym jednego z zespo\u0142\u00f3w, komentatorem wy\u015bcig\u00f3w, a tak\u017ce produkowa\u0142 odzie\u017c sportow\u0105. Dzi\u015b sprawuje funkcj\u0119 dyrektora s\u0142ynnego wy\u015bcigu Criterium du Dauphine.<\/p>\n<div class=\"embed-controller-wrapper\">\n<blockquote class=\"twitter-tweet\" data-width=\"500\" data-dnt=\"true\">\n<p lang=\"en\" dir=\"ltr\">\ud83d\udc9b De bons souvenirs pour <a href=\"https:\/\/twitter.com\/bthevenet75?ref_src=twsrc%5Etfw\">@bthevenet75<\/a>&#8230;<\/p>\n<p>\ud83d\udc9b Good memories for Bernard Th\u00e9venet, winner of the <a href=\"https:\/\/twitter.com\/hashtag\/TDF1975?src=hash&amp;ref_src=twsrc%5Etfw\">#TDF1975<\/a> and <a href=\"https:\/\/twitter.com\/hashtag\/TDF1977?src=hash&amp;ref_src=twsrc%5Etfw\">#TDF1977<\/a>. <a href=\"https:\/\/t.co\/iKBi5jTsqg\">pic.twitter.com\/iKBi5jTsqg<\/a><\/p>\n<p>&mdash; Tour de France\u2122 (@LeTour) <a href=\"https:\/\/twitter.com\/LeTour\/status\/1128238975276199936?ref_src=twsrc%5Etfw\">May 14, 2019<\/a><\/p><\/blockquote>\n<p><script async data-src=\"https:\/\/platform.twitter.com\/widgets.js\" charset=\"utf-8\"><\/script><\/div>\n<p><span data-sheets-value=\"{&quot;1&quot;:2,&quot;2&quot;:&quot;Artyku\u0142 powsta\u0142 we wsp\u00f3\u0142pracy ze skoda-auto.pl&quot;}\" data-sheets-userformat=\"{&quot;2&quot;:1,&quot;3&quot;:{&quot;1&quot;:0}}\" data-sheets-hyperlink=\"http:\/\/www.skoda-auto.pl\/\"><a class=\"in-cell-link\" href=\"http:\/\/www.skoda-auto.pl\/\" target=\"_blank\" rel=\"noopener noreferrer\">Artyku\u0142 powsta\u0142 we wsp\u00f3\u0142pracy ze skoda-auto.pl<\/a><\/span><\/p>\n<p>&nbsp;<\/p>\n<p><a href=\"https:\/\/www.skoda-auto.pl\/modele\/karoq\">\u00a0<\/a><\/p>\n<p><a href=\"https:\/\/www.skoda-auto.pl\/modele\/karoq\"><img loading=\"lazy\" decoding=\"async\" class=\"aligncenter wp-image-9606 size-full\" src=\"https:\/\/d2p6e6u75xmxt8.cloudfront.net\/5\/2019\/08\/baner_WLC_640x350_1.png\" alt=\"\" width=\"640\" height=\"350\" srcset=\"https:\/\/d2p6e6u75xmxt8.cloudfront.net\/5\/2019\/08\/baner_WLC_640x350_1.png 640w, https:\/\/d2p6e6u75xmxt8.cloudfront.net\/5\/2019\/08\/baner_WLC_640x350_1-300x164.png 300w\" sizes=\"auto, (max-width: 640px) 100vw, 640px\" \/><\/a><\/p>\n<p>&nbsp;<\/p>\n<p>&nbsp;<\/p>\n","protected":false},"excerpt":{"rendered":"<p>Gdyby wygra\u0142 kt\u00f3rykolwiek inny Tour de France, nie zrobi\u0142oby to a\u017c takiego wra\u017cenia. Ale wygra\u0142 w\u0142a\u015bnie wtedy, w 1975 roku, [&hellip;]<\/p>\n","protected":false},"author":125,"featured_media":10935,"comment_status":"open","ping_status":"open","sticky":false,"template":"","format":"standard","meta":{"footnotes":""},"categories":[325],"tags":[],"global-categories":[303],"class_list":["post-10929","post","type-post","status-publish","format-standard","has-post-thumbnail","hentry","category-historia","global-categories-cycling"],"yoast_head":"<!-- This site is optimized with the Yoast SEO Premium plugin v25.3 (Yoast SEO v25.9) - https:\/\/yoast.com\/wordpress\/plugins\/seo\/ -->\n<title>Co za atak! W taki spos\u00f3b odar\u0142 z marze\u0144 legend\u0119 - \u0160koda We Love Cycling - Poland<\/title>\n<meta name=\"robots\" content=\"index, follow, max-snippet:-1, max-image-preview:large, max-video-preview:-1\" \/>\n<link rel=\"canonical\" href=\"https:\/\/www.welovecycling.com\/pl\/2020\/07\/24\/co-za-atak-w-taki-sposob-odarl-z-marzen-legende\/\" \/>\n<meta property=\"og:locale\" content=\"pl_PL\" \/>\n<meta property=\"og:type\" content=\"article\" \/>\n<meta property=\"og:title\" content=\"Co za atak! W taki spos\u00f3b odar\u0142 z marze\u0144 legend\u0119\" \/>\n<meta property=\"og:description\" content=\"Gdyby wygra\u0142 kt\u00f3rykolwiek inny Tour de France, nie zrobi\u0142oby to a\u017c takiego wra\u017cenia. Ale wygra\u0142 w\u0142a\u015bnie wtedy, w 1975 roku, [&hellip;]\" \/>\n<meta property=\"og:url\" content=\"https:\/\/www.welovecycling.com\/pl\/2020\/07\/24\/co-za-atak-w-taki-sposob-odarl-z-marzen-legende\/\" \/>\n<meta property=\"og:site_name\" content=\"\u0160koda We Love Cycling - Poland\" \/>\n<meta property=\"article:published_time\" content=\"2020-07-24T11:22:55+00:00\" \/>\n<meta property=\"article:modified_time\" content=\"2020-07-30T11:23:22+00:00\" \/>\n<meta property=\"og:image\" content=\"https:\/\/d2p6e6u75xmxt8.cloudfront.net\/5\/2020\/07\/Untitled-collage-7-1024x447-1.jpg\" \/>\n\t<meta property=\"og:image:width\" content=\"1024\" \/>\n\t<meta property=\"og:image:height\" content=\"447\" \/>\n\t<meta property=\"og:image:type\" content=\"image\/jpeg\" \/>\n<meta name=\"author\" content=\"oktawiamikulska\" \/>\n<meta name=\"twitter:card\" content=\"summary_large_image\" \/>\n<meta name=\"twitter:label1\" content=\"Written by\" \/>\n\t<meta name=\"twitter:data1\" content=\"Piotr Nowik\" \/>\n\t<meta name=\"twitter:label2\" content=\"Est. reading time\" \/>\n\t<meta name=\"twitter:data2\" content=\"3 minutes\" \/>\n<script type=\"application\/ld+json\" class=\"yoast-schema-graph\">{\"@context\":\"https:\/\/schema.org\",\"@graph\":[{\"@type\":\"WebPage\",\"@id\":\"https:\/\/www.welovecycling.com\/pl\/2020\/07\/24\/co-za-atak-w-taki-sposob-odarl-z-marzen-legende\/\",\"url\":\"https:\/\/www.welovecycling.com\/pl\/2020\/07\/24\/co-za-atak-w-taki-sposob-odarl-z-marzen-legende\/\",\"name\":\"Co za atak! W taki spos\u00f3b odar\u0142 z marze\u0144 legend\u0119 - \u0160koda We Love Cycling - Poland\",\"isPartOf\":{\"@id\":\"https:\/\/www.welovecycling.com\/pl\/#website\"},\"primaryImageOfPage\":{\"@id\":\"https:\/\/www.welovecycling.com\/pl\/2020\/07\/24\/co-za-atak-w-taki-sposob-odarl-z-marzen-legende\/#primaryimage\"},\"image\":{\"@id\":\"https:\/\/www.welovecycling.com\/pl\/2020\/07\/24\/co-za-atak-w-taki-sposob-odarl-z-marzen-legende\/#primaryimage\"},\"thumbnailUrl\":\"https:\/\/d2p6e6u75xmxt8.cloudfront.net\/5\/2020\/07\/Untitled-collage-7-1024x447-1.jpg\",\"datePublished\":\"2020-07-24T11:22:55+00:00\",\"dateModified\":\"2020-07-30T11:23:22+00:00\",\"author\":{\"@id\":\"https:\/\/www.welovecycling.com\/pl\/#\/schema\/person\/4a79bac7bd265aa6a35a1079d36648be\"},\"breadcrumb\":{\"@id\":\"https:\/\/www.welovecycling.com\/pl\/2020\/07\/24\/co-za-atak-w-taki-sposob-odarl-z-marzen-legende\/#breadcrumb\"},\"inLanguage\":\"pl-PL\",\"potentialAction\":[{\"@type\":\"ReadAction\",\"target\":[\"https:\/\/www.welovecycling.com\/pl\/2020\/07\/24\/co-za-atak-w-taki-sposob-odarl-z-marzen-legende\/\"]}]},{\"@type\":\"ImageObject\",\"inLanguage\":\"pl-PL\",\"@id\":\"https:\/\/www.welovecycling.com\/pl\/2020\/07\/24\/co-za-atak-w-taki-sposob-odarl-z-marzen-legende\/#primaryimage\",\"url\":\"https:\/\/d2p6e6u75xmxt8.cloudfront.net\/5\/2020\/07\/Untitled-collage-7-1024x447-1.jpg\",\"contentUrl\":\"https:\/\/d2p6e6u75xmxt8.cloudfront.net\/5\/2020\/07\/Untitled-collage-7-1024x447-1.jpg\",\"width\":1024,\"height\":447},{\"@type\":\"BreadcrumbList\",\"@id\":\"https:\/\/www.welovecycling.com\/pl\/2020\/07\/24\/co-za-atak-w-taki-sposob-odarl-z-marzen-legende\/#breadcrumb\",\"itemListElement\":[{\"@type\":\"ListItem\",\"position\":1,\"name\":\"Home\",\"item\":\"https:\/\/www.welovecycling.com\/pl\/\"},{\"@type\":\"ListItem\",\"position\":2,\"name\":\"Co za atak! W taki spos\u00f3b odar\u0142 z marze\u0144 legend\u0119\"}]},{\"@type\":\"WebSite\",\"@id\":\"https:\/\/www.welovecycling.com\/pl\/#website\",\"url\":\"https:\/\/www.welovecycling.com\/pl\/\",\"name\":\"\u0160koda We Love Cycling - Poland\",\"description\":\"\",\"potentialAction\":[{\"@type\":\"SearchAction\",\"target\":{\"@type\":\"EntryPoint\",\"urlTemplate\":\"https:\/\/www.welovecycling.com\/pl\/?s={search_term_string}\"},\"query-input\":{\"@type\":\"PropertyValueSpecification\",\"valueRequired\":true,\"valueName\":\"search_term_string\"}}],\"inLanguage\":\"pl-PL\"},{\"@type\":\"Person\",\"@id\":\"https:\/\/www.welovecycling.com\/pl\/#\/schema\/person\/4a79bac7bd265aa6a35a1079d36648be\",\"name\":\"oktawiamikulska\",\"image\":{\"@type\":\"ImageObject\",\"inLanguage\":\"pl-PL\",\"@id\":\"https:\/\/www.welovecycling.com\/pl\/#\/schema\/person\/image\/\",\"url\":\"https:\/\/secure.gravatar.com\/avatar\/b97a3f44e2de6d2f8dd358975937e49823662e12cbd810b9d1a2bff1c149e8a7?s=96&d=mm&r=g\",\"contentUrl\":\"https:\/\/secure.gravatar.com\/avatar\/b97a3f44e2de6d2f8dd358975937e49823662e12cbd810b9d1a2bff1c149e8a7?s=96&d=mm&r=g\",\"caption\":\"oktawiamikulska\"},\"url\":\"https:\/\/www.welovecycling.com\/pl\/author\/oktawiamikulska\/\"}]}<\/script>\n<!-- \/ Yoast SEO Premium plugin. -->","yoast_head_json":{"title":"Co za atak! W taki spos\u00f3b odar\u0142 z marze\u0144 legend\u0119 - \u0160koda We Love Cycling - Poland","robots":{"index":"index","follow":"follow","max-snippet":"max-snippet:-1","max-image-preview":"max-image-preview:large","max-video-preview":"max-video-preview:-1"},"canonical":"https:\/\/www.welovecycling.com\/pl\/2020\/07\/24\/co-za-atak-w-taki-sposob-odarl-z-marzen-legende\/","og_locale":"pl_PL","og_type":"article","og_title":"Co za atak! W taki spos\u00f3b odar\u0142 z marze\u0144 legend\u0119","og_description":"Gdyby wygra\u0142 kt\u00f3rykolwiek inny Tour de France, nie zrobi\u0142oby to a\u017c takiego wra\u017cenia. Ale wygra\u0142 w\u0142a\u015bnie wtedy, w 1975 roku, [&hellip;]","og_url":"https:\/\/www.welovecycling.com\/pl\/2020\/07\/24\/co-za-atak-w-taki-sposob-odarl-z-marzen-legende\/","og_site_name":"\u0160koda We Love Cycling - Poland","article_published_time":"2020-07-24T11:22:55+00:00","article_modified_time":"2020-07-30T11:23:22+00:00","og_image":[{"width":1024,"height":447,"url":"https:\/\/d2p6e6u75xmxt8.cloudfront.net\/5\/2020\/07\/Untitled-collage-7-1024x447-1.jpg","type":"image\/jpeg"}],"author":"oktawiamikulska","twitter_card":"summary_large_image","twitter_misc":{"Written by":"Piotr Nowik","Est. reading time":"3 minutes"},"schema":{"@context":"https:\/\/schema.org","@graph":[{"@type":"WebPage","@id":"https:\/\/www.welovecycling.com\/pl\/2020\/07\/24\/co-za-atak-w-taki-sposob-odarl-z-marzen-legende\/","url":"https:\/\/www.welovecycling.com\/pl\/2020\/07\/24\/co-za-atak-w-taki-sposob-odarl-z-marzen-legende\/","name":"Co za atak! W taki spos\u00f3b odar\u0142 z marze\u0144 legend\u0119 - \u0160koda We Love Cycling - Poland","isPartOf":{"@id":"https:\/\/www.welovecycling.com\/pl\/#website"},"primaryImageOfPage":{"@id":"https:\/\/www.welovecycling.com\/pl\/2020\/07\/24\/co-za-atak-w-taki-sposob-odarl-z-marzen-legende\/#primaryimage"},"image":{"@id":"https:\/\/www.welovecycling.com\/pl\/2020\/07\/24\/co-za-atak-w-taki-sposob-odarl-z-marzen-legende\/#primaryimage"},"thumbnailUrl":"https:\/\/d2p6e6u75xmxt8.cloudfront.net\/5\/2020\/07\/Untitled-collage-7-1024x447-1.jpg","datePublished":"2020-07-24T11:22:55+00:00","dateModified":"2020-07-30T11:23:22+00:00","author":{"@id":"https:\/\/www.welovecycling.com\/pl\/#\/schema\/person\/4a79bac7bd265aa6a35a1079d36648be"},"breadcrumb":{"@id":"https:\/\/www.welovecycling.com\/pl\/2020\/07\/24\/co-za-atak-w-taki-sposob-odarl-z-marzen-legende\/#breadcrumb"},"inLanguage":"pl-PL","potentialAction":[{"@type":"ReadAction","target":["https:\/\/www.welovecycling.com\/pl\/2020\/07\/24\/co-za-atak-w-taki-sposob-odarl-z-marzen-legende\/"]}]},{"@type":"ImageObject","inLanguage":"pl-PL","@id":"https:\/\/www.welovecycling.com\/pl\/2020\/07\/24\/co-za-atak-w-taki-sposob-odarl-z-marzen-legende\/#primaryimage","url":"https:\/\/d2p6e6u75xmxt8.cloudfront.net\/5\/2020\/07\/Untitled-collage-7-1024x447-1.jpg","contentUrl":"https:\/\/d2p6e6u75xmxt8.cloudfront.net\/5\/2020\/07\/Untitled-collage-7-1024x447-1.jpg","width":1024,"height":447},{"@type":"BreadcrumbList","@id":"https:\/\/www.welovecycling.com\/pl\/2020\/07\/24\/co-za-atak-w-taki-sposob-odarl-z-marzen-legende\/#breadcrumb","itemListElement":[{"@type":"ListItem","position":1,"name":"Home","item":"https:\/\/www.welovecycling.com\/pl\/"},{"@type":"ListItem","position":2,"name":"Co za atak! W taki spos\u00f3b odar\u0142 z marze\u0144 legend\u0119"}]},{"@type":"WebSite","@id":"https:\/\/www.welovecycling.com\/pl\/#website","url":"https:\/\/www.welovecycling.com\/pl\/","name":"\u0160koda We Love Cycling - Poland","description":"","potentialAction":[{"@type":"SearchAction","target":{"@type":"EntryPoint","urlTemplate":"https:\/\/www.welovecycling.com\/pl\/?s={search_term_string}"},"query-input":{"@type":"PropertyValueSpecification","valueRequired":true,"valueName":"search_term_string"}}],"inLanguage":"pl-PL"},{"@type":"Person","@id":"https:\/\/www.welovecycling.com\/pl\/#\/schema\/person\/4a79bac7bd265aa6a35a1079d36648be","name":"oktawiamikulska","image":{"@type":"ImageObject","inLanguage":"pl-PL","@id":"https:\/\/www.welovecycling.com\/pl\/#\/schema\/person\/image\/","url":"https:\/\/secure.gravatar.com\/avatar\/b97a3f44e2de6d2f8dd358975937e49823662e12cbd810b9d1a2bff1c149e8a7?s=96&d=mm&r=g","contentUrl":"https:\/\/secure.gravatar.com\/avatar\/b97a3f44e2de6d2f8dd358975937e49823662e12cbd810b9d1a2bff1c149e8a7?s=96&d=mm&r=g","caption":"oktawiamikulska"},"url":"https:\/\/www.welovecycling.com\/pl\/author\/oktawiamikulska\/"}]}},"_links":{"self":[{"href":"https:\/\/www.welovecycling.com\/pl\/wp-json\/wp\/v2\/posts\/10929","targetHints":{"allow":["GET"]}}],"collection":[{"href":"https:\/\/www.welovecycling.com\/pl\/wp-json\/wp\/v2\/posts"}],"about":[{"href":"https:\/\/www.welovecycling.com\/pl\/wp-json\/wp\/v2\/types\/post"}],"author":[{"embeddable":true,"href":"https:\/\/www.welovecycling.com\/pl\/wp-json\/wp\/v2\/users\/125"}],"replies":[{"embeddable":true,"href":"https:\/\/www.welovecycling.com\/pl\/wp-json\/wp\/v2\/comments?post=10929"}],"version-history":[{"count":1,"href":"https:\/\/www.welovecycling.com\/pl\/wp-json\/wp\/v2\/posts\/10929\/revisions"}],"predecessor-version":[{"id":10936,"href":"https:\/\/www.welovecycling.com\/pl\/wp-json\/wp\/v2\/posts\/10929\/revisions\/10936"}],"wp:featuredmedia":[{"embeddable":true,"href":"https:\/\/www.welovecycling.com\/pl\/wp-json\/wp\/v2\/media\/10935"}],"wp:attachment":[{"href":"https:\/\/www.welovecycling.com\/pl\/wp-json\/wp\/v2\/media?parent=10929"}],"wp:term":[{"taxonomy":"category","embeddable":true,"href":"https:\/\/www.welovecycling.com\/pl\/wp-json\/wp\/v2\/categories?post=10929"},{"taxonomy":"post_tag","embeddable":true,"href":"https:\/\/www.welovecycling.com\/pl\/wp-json\/wp\/v2\/tags?post=10929"},{"taxonomy":"global-categories","embeddable":true,"href":"https:\/\/www.welovecycling.com\/pl\/wp-json\/wp\/v2\/global-categories?post=10929"}],"curies":[{"name":"wp","href":"https:\/\/api.w.org\/{rel}","templated":true}]}}