{"id":10916,"date":"2020-07-15T07:42:31","date_gmt":"2020-07-15T07:42:31","guid":{"rendered":"https:\/\/www.welovecycling.com\/pl\/?p=10916"},"modified":"2020-07-15T07:42:56","modified_gmt":"2020-07-15T07:42:56","slug":"julien-goupil-ponad-80-000-osob-wzielo-udzial-w-wirtualnym-tour-de-france-to-bardzo-dobry-poczatek","status":"publish","type":"post","link":"https:\/\/www.welovecycling.com\/pl\/2020\/07\/15\/julien-goupil-ponad-80-000-osob-wzielo-udzial-w-wirtualnym-tour-de-france-to-bardzo-dobry-poczatek\/","title":{"rendered":"Julien Goupil: \u201ePonad 80 000 os\u00f3b wzi\u0119\u0142o udzia\u0142 w wirtualnym Tour de France \u2013 to bardzo dobry pocz\u0105tek!\u201d"},"content":{"rendered":"<p><strong>Jak zapewne ju\u017c wiesz, Tour de France wraz z l&#8217;\u00c9tape du Tour w tym roku odbywaj\u0105 si\u0119 w nowej formule. Poza przesuni\u0119tymi terminami (zawodnicy \u015bcigaj\u0105 si\u0119 podczas trzech weekend\u00f3w mi\u0119dzy 4 a 19 lipca), co zdarzy\u0142o si\u0119 po raz pierwszy w historii wy\u015bcigu,<a href=\"https:\/\/www.zwift.com\/eu\/virtual-tour-de-france\"> <u>Le Tour odbywa si\u0119 wirtualnie<\/u><\/a>. Julien Goupil, dyrektor ds. medi\u00f3w A.S.O., zna szczeg\u00f3\u0142y tego wyj\u0105tkowego przedsi\u0119wzi\u0119cia od \u015brodka. Dlatego gospodyni naszych stream\u00f3w, Laura Meseguer, przeprowadzi\u0142a z nim wywiad na ten temat. By\u0142 to ju\u017c kolejny, wybitny go\u015b\u0107 naszych instagramowych transmisji na \u017cywo w ramach akcji #Ride2Unite. Poni\u017cej przedstawiamy najwa\u017cniejsze poruszone kwestie.<\/strong><\/p>\n<p>Goupil doskonali\u0142 swoje umiej\u0119tno\u015bci mediowo-produkcyjne w bran\u017cy reklamowej przez kilka lat, zanim przeszed\u0142 na stanowisko dyrektora ds. medi\u00f3w w A.S.O. Organizacja zajmuje si\u0119 presti\u017cowymi eventami sportowymi, w tym oczywi\u015bcie Tour de France. Goupil, kt\u00f3ry jest odpowiedzialny za komunikacj\u0119 wydarzenia nag\u0142a\u015bnia je za po\u015brednictwem telewizji, medi\u00f3w spo\u0142eczno\u015bciowych i r\u00f3\u017cnych innych kana\u0142\u00f3w. Dzi\u0119ki streamowi na \u017cywo mogli\u015bmy zajrze\u0107 za kulisy organizacji legendarnego TdF, a Julien i Laura zastanawiali si\u0119 nad przysz\u0142o\u015bci\u0105 wy\u015bcig\u00f3w kolarskich i ich atrakcyjno\u015bci\u0105 dla widza. Skupili si\u0119 mi\u0119dzy innymi na trudno\u015bciach, jakie zawodnicy napotykaj\u0105 w wirtualnym \u015brodowisku, oraz nad tym, jaka jest reakcja \u015bwiata na dotychczasowy przebieg wirtualnej rywalizacji. Rozwa\u017cali na ile wirtualne wy\u015bcigi popularyzuj\u0105 korzystanie z rower\u00f3w w realnym \u015bwiecie. Oczywi\u015bcie poruszyli te\u017c wiele innych temat\u00f3w zwi\u0105zanych z kolarstwem.<\/p>\n<p>Przeczytaj nasz <a href=\"https:\/\/www.welovecycling.com\/pl\/2020\/07\/08\/akcja-ride2unite-spotkanie-z-julienem-goupilem-a-s-o-media-director\/\"><u>poprzedni artyku\u0142 <\/u><\/a>o Julienie Goupilu i wirtualnym Tour de France i poznaj wi\u0119cej szczeg\u00f3\u0142\u00f3w tego ogromnego przedsi\u0119wzi\u0119cia.<\/p>\n<p>https:\/\/www.instagram.com\/tv\/CCYmklap9wN\/?utm_source=ig_web_copy_link<\/p>\n<p>Podczas naszej transmisji na IG Julien Goupil wyja\u015bni\u0142, jaka dok\u0142adnie jest jego rola w organizowanym wirtualnie Tour de France. \u201eJestem dyrektorem ds. medi\u00f3w i odpowiadam za ca\u0142\u0105 produkcj\u0119 i dystrybucj\u0119 telewizyjn\u0105. Zajmuj\u0119 si\u0119 r\u00f3wnie\u017c stron\u0105 internetow\u0105, rozwojem biznesu, a tak\u017ce obszarem komunikacji, w tym sieciami spo\u0142eczno\u015bciowymi, relacjami prasowymi, partnerstwem medialnym itp.\u201d \u2013 powiedzia\u0142 Goupil.<\/p>\n<p>Pierwsze dwa weekendy wy\u015bcig\u00f3w na wirtualnej trasie, kt\u00f3re odby\u0142y si\u0119 na cyfrowej platformie rowerowej Zwift, s\u0105 za nami i pojawi\u0142y si\u0119 ju\u017c pierwsze wnioski. Laura by\u0142a ciekawa, jak narodzi\u0142 si\u0119 pomys\u0142 wirtualizacji Grande Boucle. Okaza\u0142o si\u0119, \u017ce tym razem lipiec nie b\u0119dzie miesi\u0105cem Tour de France. Jasne by\u0142o jednak, \u017ce kibice czekaj\u0105 na imprez\u0119 kolarsk\u0105, kt\u00f3ra powinna odby\u0107 si\u0119 w tym terminie. Julien Goupil z satysfakcj\u0105 og\u0142osi\u0142 r\u00f3wnie\u017c, \u017ce pierwsze dwa weekendy wirtualnej trasy wypad\u0142y dobrze: \u201eSzczerze m\u00f3wi\u0105c, by\u0142 to du\u017cy sukces. Otrzymali\u015bmy dobre opinie od spo\u0142eczno\u015bci rowerowej, zw\u0142aszcza zespo\u0142\u00f3w i kolarzy, poniewa\u017c zapewnili\u015bmy im odpowiedni rozg\u0142os. Dostali\u015bmy r\u00f3wnie\u017c dobre opinie od naszych nadawc\u00f3w telewizyjnych, a mieli\u015bmy ich a\u017c 20 na ca\u0142ym \u015bwiecie. Wirtualny TdF odni\u00f3s\u0142 du\u017cy sukces, bo w wydarzeniu zarejestrowa\u0142o si\u0119 i uczestniczy\u0142o do tej pory ponad 80 000 os\u00f3b. To dobry pocz\u0105tek i dobrze wr\u00f3\u017cy na przysz\u0142o\u015b\u0107\u201d. Na podstawie liczb wida\u0107, \u017ce aspekt cyfrowy wy\u015bcigu przyci\u0105gn\u0105\u0142 r\u00f3wnie\u017c m\u0142odsz\u0105 ni\u017c zazwyczaj publiczno\u015b\u0107.<\/p>\n<figure id=\"attachment_178551\" aria-describedby=\"caption-attachment-178551\" style=\"width: 1366px\" class=\"wp-caption alignnone\"><img loading=\"lazy\" decoding=\"async\" class=\"loading wp-image-178551 size-full\" src=\"https:\/\/d2p6e6u75xmxt8.cloudfront.net\/2\/2020\/07\/Virtual-TdF-CVR-1.jpg\" alt=\"Virtual Tour de France\" width=\"1366\" height=\"600\" data-was-processed=\"true\" \/><figcaption id=\"caption-attachment-178551\" class=\"wp-caption-text\">Trwa wirtualny Tour de Franc<\/figcaption><\/figure>\n<p>Pozostaj\u0105c przy liczbach, organizatorom uda\u0142o si\u0119 pozyska\u0107 do wy\u015bcigu profesjonalne zespo\u0142y: 23 m\u0119skie i 17 kobiecych. S\u0105 to prawie wszystkie ekipy, kt\u00f3re wyst\u0105pi\u0105 w realnym, prze\u0142o\u017conym na wrzesie\u0144, Tour de France. Goupil ocenia to jako wielki sukces i ma poczucie, \u017ce wysi\u0142ek jak i ci\u0119\u017cka praca, w\u0142o\u017cona w organizacj\u0119 przedsi\u0119wzi\u0119cia si\u0119 op\u0142aci\u0142y.<\/p>\n<p>Zapytany o najwi\u0119ksze wyzwania, jakie sta\u0142y przed organizacj\u0105 tego wy\u015bcigu w wirtualnym formacie, Julien odpowiedzia\u0142: \u201eNajtrudniejsze by\u0142o stworzenie od nowa wy\u015bcigu, kt\u00f3ry zmienia\u0142 si\u0119 na przestrzeni ostatnich kilku tygodni. Wyobra\u017amy sobie wirtualn\u0105 rywalizacj\u0119, gdy kolarze trenuj\u0105 w\u0142a\u015bnie na obozach itp.\u201d. W ko\u0144cu jednak si\u0119 uda\u0142o. \u201ePostanowili\u015bmy zbudowa\u0107 now\u0105 koncepcj\u0119 wsp\u00f3lnie z ca\u0142\u0105 spo\u0142eczno\u015bci\u0105 rowerow\u0105, zespo\u0142ami i kolarzami. Ich zaanga\u017cowanie by\u0142o bardzo wa\u017cne i my\u015bl\u0119, \u017ce zadecydowa\u0142o o sukcesie. Po drugie \u2013 kiedy wszyscy s\u0105 w lockdownie, zorganizowanie tak du\u017cej imprezy nie jest \u0142atwe. Siedz\u0105c w domu, musisz wisie\u0107 ca\u0142y czas na telefonie i wykonywa\u0107 tysi\u0105ce po\u0142\u0105cze\u0144. To by\u0142o kolejne wyzwanie. Nast\u0119pnie musieli\u015bmy wybra\u0107 odpowiednich partner\u00f3w technicznych i tutaj Zwift okaza\u0142 si\u0119 najbardziej konsekwentny. Co bardzo wa\u017cne, trzeba by\u0142o zaanga\u017cowa\u0107 wszystkich partner\u00f3w i zapewni\u0107 odpowiedni rozg\u0142os imprezie tak, \u017ceby w pe\u0142ni odda\u0107 atmosfer\u0119 TdF\u201d \u2013 powiedzia\u0142 Goupil. Tak wi\u0119c po oko\u0142o dw\u00f3ch miesi\u0105cach planowania, rozwi\u0105zywania problem\u00f3w, setek po\u0142\u0105cze\u0144 telefonicznych i nieprzespanych nocy wszystko zosta\u0142o ostatecznie przygotowane do inauguracji wirtualnego Tour de France.<\/p>\n<p>Zobacz nasz poprzedni stream <a href=\"https:\/\/www.welovecycling.com\/pl\/2020\/07\/15\/jiri-jezek-zrezygnowalem-z-kolarstwa-zawodowego-i-wyscigow-ale-nie-porzucilem-jazdy-na-rowerze\/\"><u>z parakolarzem Ji\u0159\u00edm Je\u017ekiem<\/u><\/a>.<\/p>\n<p>Dzi\u0119ki spotkaniu z Julienem Goupilem mogli\u015bmy dowiedzie\u0107 si\u0119 wielu ciekawych rzeczy na temat pierwszego w historii wirtualnego TdF. Zupe\u0142nie jakby\u015bmy brali w nim udzia\u0142 na \u017cywo.<\/p>\n","protected":false},"excerpt":{"rendered":"<p>Jak zapewne ju\u017c wiesz, Tour de France wraz z l&#8217;\u00c9tape du Tour w tym roku odbywaj\u0105 si\u0119 w nowej formule. [&hellip;]<\/p>\n","protected":false},"author":125,"featured_media":10917,"comment_status":"open","ping_status":"open","sticky":false,"template":"","format":"standard","meta":{"footnotes":""},"categories":[330],"tags":[],"global-categories":[303],"class_list":["post-10916","post","type-post","status-publish","format-standard","has-post-thumbnail","hentry","category-ride2unite","global-categories-cycling"],"yoast_head":"<!-- This site is optimized with the Yoast SEO Premium plugin v25.3 (Yoast SEO v25.9) - https:\/\/yoast.com\/wordpress\/plugins\/seo\/ -->\n<title>Julien Goupil: \u201ePonad 80 000 os\u00f3b wzi\u0119\u0142o udzia\u0142 w wirtualnym Tour de France \u2013 to bardzo dobry pocz\u0105tek!\u201d - \u0160koda We Love Cycling - Poland<\/title>\n<meta name=\"description\" content=\"Poza przesuni\u0119tymi terminami (zawodnicy \u015bcigaj\u0105 si\u0119 podczas trzech weekend\u00f3w mi\u0119dzy 4 a 19 lipca), co zdarzy\u0142o si\u0119 po raz pierwszy w historii wy\u015bcigu, Le Tour odbywa si\u0119 wirtualnie.\" \/>\n<meta name=\"robots\" content=\"index, follow, max-snippet:-1, max-image-preview:large, max-video-preview:-1\" \/>\n<link rel=\"canonical\" href=\"https:\/\/www.welovecycling.com\/pl\/2020\/07\/15\/julien-goupil-ponad-80-000-osob-wzielo-udzial-w-wirtualnym-tour-de-france-to-bardzo-dobry-poczatek\/\" \/>\n<meta property=\"og:locale\" content=\"pl_PL\" \/>\n<meta property=\"og:type\" content=\"article\" \/>\n<meta property=\"og:title\" content=\"Julien Goupil: \u201ePonad 80 000 os\u00f3b wzi\u0119\u0142o udzia\u0142 w wirtualnym Tour de France \u2013 to bardzo dobry pocz\u0105tek!\u201d\" \/>\n<meta property=\"og:description\" content=\"Poza przesuni\u0119tymi terminami (zawodnicy \u015bcigaj\u0105 si\u0119 podczas trzech weekend\u00f3w mi\u0119dzy 4 a 19 lipca), co zdarzy\u0142o si\u0119 po raz pierwszy w historii wy\u015bcigu, Le Tour odbywa si\u0119 wirtualnie.\" \/>\n<meta property=\"og:url\" content=\"https:\/\/www.welovecycling.com\/pl\/2020\/07\/15\/julien-goupil-ponad-80-000-osob-wzielo-udzial-w-wirtualnym-tour-de-france-to-bardzo-dobry-poczatek\/\" \/>\n<meta property=\"og:site_name\" content=\"\u0160koda We Love Cycling - Poland\" \/>\n<meta property=\"article:published_time\" content=\"2020-07-15T07:42:31+00:00\" \/>\n<meta property=\"article:modified_time\" content=\"2020-07-15T07:42:56+00:00\" \/>\n<meta property=\"og:image\" content=\"https:\/\/d2p6e6u75xmxt8.cloudfront.net\/5\/2020\/07\/Julien-Goupil.jpg\" \/>\n\t<meta property=\"og:image:width\" content=\"1712\" \/>\n\t<meta property=\"og:image:height\" content=\"960\" \/>\n\t<meta property=\"og:image:type\" content=\"image\/jpeg\" \/>\n<meta name=\"author\" content=\"oktawiamikulska\" \/>\n<meta name=\"twitter:card\" content=\"summary_large_image\" \/>\n<meta name=\"twitter:label1\" content=\"Written by\" \/>\n\t<meta name=\"twitter:data1\" content=\"oktawiamikulska\" \/>\n\t<meta name=\"twitter:label2\" content=\"Est. reading time\" \/>\n\t<meta name=\"twitter:data2\" content=\"4 minutes\" \/>\n<script type=\"application\/ld+json\" class=\"yoast-schema-graph\">{\"@context\":\"https:\/\/schema.org\",\"@graph\":[{\"@type\":\"WebPage\",\"@id\":\"https:\/\/www.welovecycling.com\/pl\/2020\/07\/15\/julien-goupil-ponad-80-000-osob-wzielo-udzial-w-wirtualnym-tour-de-france-to-bardzo-dobry-poczatek\/\",\"url\":\"https:\/\/www.welovecycling.com\/pl\/2020\/07\/15\/julien-goupil-ponad-80-000-osob-wzielo-udzial-w-wirtualnym-tour-de-france-to-bardzo-dobry-poczatek\/\",\"name\":\"Julien Goupil: \u201ePonad 80 000 os\u00f3b wzi\u0119\u0142o udzia\u0142 w wirtualnym Tour de France \u2013 to bardzo dobry pocz\u0105tek!\u201d - \u0160koda We Love Cycling - Poland\",\"isPartOf\":{\"@id\":\"https:\/\/www.welovecycling.com\/pl\/#website\"},\"primaryImageOfPage\":{\"@id\":\"https:\/\/www.welovecycling.com\/pl\/2020\/07\/15\/julien-goupil-ponad-80-000-osob-wzielo-udzial-w-wirtualnym-tour-de-france-to-bardzo-dobry-poczatek\/#primaryimage\"},\"image\":{\"@id\":\"https:\/\/www.welovecycling.com\/pl\/2020\/07\/15\/julien-goupil-ponad-80-000-osob-wzielo-udzial-w-wirtualnym-tour-de-france-to-bardzo-dobry-poczatek\/#primaryimage\"},\"thumbnailUrl\":\"https:\/\/d2p6e6u75xmxt8.cloudfront.net\/5\/2020\/07\/Julien-Goupil.jpg\",\"datePublished\":\"2020-07-15T07:42:31+00:00\",\"dateModified\":\"2020-07-15T07:42:56+00:00\",\"author\":{\"@id\":\"https:\/\/www.welovecycling.com\/pl\/#\/schema\/person\/4a79bac7bd265aa6a35a1079d36648be\"},\"description\":\"Poza przesuni\u0119tymi terminami (zawodnicy \u015bcigaj\u0105 si\u0119 podczas trzech weekend\u00f3w mi\u0119dzy 4 a 19 lipca), co zdarzy\u0142o si\u0119 po raz pierwszy w historii wy\u015bcigu, Le Tour odbywa si\u0119 wirtualnie.\",\"breadcrumb\":{\"@id\":\"https:\/\/www.welovecycling.com\/pl\/2020\/07\/15\/julien-goupil-ponad-80-000-osob-wzielo-udzial-w-wirtualnym-tour-de-france-to-bardzo-dobry-poczatek\/#breadcrumb\"},\"inLanguage\":\"pl-PL\",\"potentialAction\":[{\"@type\":\"ReadAction\",\"target\":[\"https:\/\/www.welovecycling.com\/pl\/2020\/07\/15\/julien-goupil-ponad-80-000-osob-wzielo-udzial-w-wirtualnym-tour-de-france-to-bardzo-dobry-poczatek\/\"]}]},{\"@type\":\"ImageObject\",\"inLanguage\":\"pl-PL\",\"@id\":\"https:\/\/www.welovecycling.com\/pl\/2020\/07\/15\/julien-goupil-ponad-80-000-osob-wzielo-udzial-w-wirtualnym-tour-de-france-to-bardzo-dobry-poczatek\/#primaryimage\",\"url\":\"https:\/\/d2p6e6u75xmxt8.cloudfront.net\/5\/2020\/07\/Julien-Goupil.jpg\",\"contentUrl\":\"https:\/\/d2p6e6u75xmxt8.cloudfront.net\/5\/2020\/07\/Julien-Goupil.jpg\",\"width\":1712,\"height\":960},{\"@type\":\"BreadcrumbList\",\"@id\":\"https:\/\/www.welovecycling.com\/pl\/2020\/07\/15\/julien-goupil-ponad-80-000-osob-wzielo-udzial-w-wirtualnym-tour-de-france-to-bardzo-dobry-poczatek\/#breadcrumb\",\"itemListElement\":[{\"@type\":\"ListItem\",\"position\":1,\"name\":\"Home\",\"item\":\"https:\/\/www.welovecycling.com\/pl\/\"},{\"@type\":\"ListItem\",\"position\":2,\"name\":\"Julien Goupil: \u201ePonad 80 000 os\u00f3b wzi\u0119\u0142o udzia\u0142 w wirtualnym Tour de France \u2013 to bardzo dobry pocz\u0105tek!\u201d\"}]},{\"@type\":\"WebSite\",\"@id\":\"https:\/\/www.welovecycling.com\/pl\/#website\",\"url\":\"https:\/\/www.welovecycling.com\/pl\/\",\"name\":\"\u0160koda We Love Cycling - Poland\",\"description\":\"\",\"potentialAction\":[{\"@type\":\"SearchAction\",\"target\":{\"@type\":\"EntryPoint\",\"urlTemplate\":\"https:\/\/www.welovecycling.com\/pl\/?s={search_term_string}\"},\"query-input\":{\"@type\":\"PropertyValueSpecification\",\"valueRequired\":true,\"valueName\":\"search_term_string\"}}],\"inLanguage\":\"pl-PL\"},{\"@type\":\"Person\",\"@id\":\"https:\/\/www.welovecycling.com\/pl\/#\/schema\/person\/4a79bac7bd265aa6a35a1079d36648be\",\"name\":\"oktawiamikulska\",\"image\":{\"@type\":\"ImageObject\",\"inLanguage\":\"pl-PL\",\"@id\":\"https:\/\/www.welovecycling.com\/pl\/#\/schema\/person\/image\/\",\"url\":\"https:\/\/secure.gravatar.com\/avatar\/b97a3f44e2de6d2f8dd358975937e49823662e12cbd810b9d1a2bff1c149e8a7?s=96&d=mm&r=g\",\"contentUrl\":\"https:\/\/secure.gravatar.com\/avatar\/b97a3f44e2de6d2f8dd358975937e49823662e12cbd810b9d1a2bff1c149e8a7?s=96&d=mm&r=g\",\"caption\":\"oktawiamikulska\"},\"url\":\"https:\/\/www.welovecycling.com\/pl\/author\/oktawiamikulska\/\"}]}<\/script>\n<!-- \/ Yoast SEO Premium plugin. -->","yoast_head_json":{"title":"Julien Goupil: \u201ePonad 80 000 os\u00f3b wzi\u0119\u0142o udzia\u0142 w wirtualnym Tour de France \u2013 to bardzo dobry pocz\u0105tek!\u201d - \u0160koda We Love Cycling - Poland","description":"Poza przesuni\u0119tymi terminami (zawodnicy \u015bcigaj\u0105 si\u0119 podczas trzech weekend\u00f3w mi\u0119dzy 4 a 19 lipca), co zdarzy\u0142o si\u0119 po raz pierwszy w historii wy\u015bcigu, Le Tour odbywa si\u0119 wirtualnie.","robots":{"index":"index","follow":"follow","max-snippet":"max-snippet:-1","max-image-preview":"max-image-preview:large","max-video-preview":"max-video-preview:-1"},"canonical":"https:\/\/www.welovecycling.com\/pl\/2020\/07\/15\/julien-goupil-ponad-80-000-osob-wzielo-udzial-w-wirtualnym-tour-de-france-to-bardzo-dobry-poczatek\/","og_locale":"pl_PL","og_type":"article","og_title":"Julien Goupil: \u201ePonad 80 000 os\u00f3b wzi\u0119\u0142o udzia\u0142 w wirtualnym Tour de France \u2013 to bardzo dobry pocz\u0105tek!\u201d","og_description":"Poza przesuni\u0119tymi terminami (zawodnicy \u015bcigaj\u0105 si\u0119 podczas trzech weekend\u00f3w mi\u0119dzy 4 a 19 lipca), co zdarzy\u0142o si\u0119 po raz pierwszy w historii wy\u015bcigu, Le Tour odbywa si\u0119 wirtualnie.","og_url":"https:\/\/www.welovecycling.com\/pl\/2020\/07\/15\/julien-goupil-ponad-80-000-osob-wzielo-udzial-w-wirtualnym-tour-de-france-to-bardzo-dobry-poczatek\/","og_site_name":"\u0160koda We Love Cycling - Poland","article_published_time":"2020-07-15T07:42:31+00:00","article_modified_time":"2020-07-15T07:42:56+00:00","og_image":[{"width":1712,"height":960,"url":"https:\/\/d2p6e6u75xmxt8.cloudfront.net\/5\/2020\/07\/Julien-Goupil.jpg","type":"image\/jpeg"}],"author":"oktawiamikulska","twitter_card":"summary_large_image","twitter_misc":{"Written by":"oktawiamikulska","Est. reading time":"4 minutes"},"schema":{"@context":"https:\/\/schema.org","@graph":[{"@type":"WebPage","@id":"https:\/\/www.welovecycling.com\/pl\/2020\/07\/15\/julien-goupil-ponad-80-000-osob-wzielo-udzial-w-wirtualnym-tour-de-france-to-bardzo-dobry-poczatek\/","url":"https:\/\/www.welovecycling.com\/pl\/2020\/07\/15\/julien-goupil-ponad-80-000-osob-wzielo-udzial-w-wirtualnym-tour-de-france-to-bardzo-dobry-poczatek\/","name":"Julien Goupil: \u201ePonad 80 000 os\u00f3b wzi\u0119\u0142o udzia\u0142 w wirtualnym Tour de France \u2013 to bardzo dobry pocz\u0105tek!\u201d - \u0160koda We Love Cycling - Poland","isPartOf":{"@id":"https:\/\/www.welovecycling.com\/pl\/#website"},"primaryImageOfPage":{"@id":"https:\/\/www.welovecycling.com\/pl\/2020\/07\/15\/julien-goupil-ponad-80-000-osob-wzielo-udzial-w-wirtualnym-tour-de-france-to-bardzo-dobry-poczatek\/#primaryimage"},"image":{"@id":"https:\/\/www.welovecycling.com\/pl\/2020\/07\/15\/julien-goupil-ponad-80-000-osob-wzielo-udzial-w-wirtualnym-tour-de-france-to-bardzo-dobry-poczatek\/#primaryimage"},"thumbnailUrl":"https:\/\/d2p6e6u75xmxt8.cloudfront.net\/5\/2020\/07\/Julien-Goupil.jpg","datePublished":"2020-07-15T07:42:31+00:00","dateModified":"2020-07-15T07:42:56+00:00","author":{"@id":"https:\/\/www.welovecycling.com\/pl\/#\/schema\/person\/4a79bac7bd265aa6a35a1079d36648be"},"description":"Poza przesuni\u0119tymi terminami (zawodnicy \u015bcigaj\u0105 si\u0119 podczas trzech weekend\u00f3w mi\u0119dzy 4 a 19 lipca), co zdarzy\u0142o si\u0119 po raz pierwszy w historii wy\u015bcigu, Le Tour odbywa si\u0119 wirtualnie.","breadcrumb":{"@id":"https:\/\/www.welovecycling.com\/pl\/2020\/07\/15\/julien-goupil-ponad-80-000-osob-wzielo-udzial-w-wirtualnym-tour-de-france-to-bardzo-dobry-poczatek\/#breadcrumb"},"inLanguage":"pl-PL","potentialAction":[{"@type":"ReadAction","target":["https:\/\/www.welovecycling.com\/pl\/2020\/07\/15\/julien-goupil-ponad-80-000-osob-wzielo-udzial-w-wirtualnym-tour-de-france-to-bardzo-dobry-poczatek\/"]}]},{"@type":"ImageObject","inLanguage":"pl-PL","@id":"https:\/\/www.welovecycling.com\/pl\/2020\/07\/15\/julien-goupil-ponad-80-000-osob-wzielo-udzial-w-wirtualnym-tour-de-france-to-bardzo-dobry-poczatek\/#primaryimage","url":"https:\/\/d2p6e6u75xmxt8.cloudfront.net\/5\/2020\/07\/Julien-Goupil.jpg","contentUrl":"https:\/\/d2p6e6u75xmxt8.cloudfront.net\/5\/2020\/07\/Julien-Goupil.jpg","width":1712,"height":960},{"@type":"BreadcrumbList","@id":"https:\/\/www.welovecycling.com\/pl\/2020\/07\/15\/julien-goupil-ponad-80-000-osob-wzielo-udzial-w-wirtualnym-tour-de-france-to-bardzo-dobry-poczatek\/#breadcrumb","itemListElement":[{"@type":"ListItem","position":1,"name":"Home","item":"https:\/\/www.welovecycling.com\/pl\/"},{"@type":"ListItem","position":2,"name":"Julien Goupil: \u201ePonad 80 000 os\u00f3b wzi\u0119\u0142o udzia\u0142 w wirtualnym Tour de France \u2013 to bardzo dobry pocz\u0105tek!\u201d"}]},{"@type":"WebSite","@id":"https:\/\/www.welovecycling.com\/pl\/#website","url":"https:\/\/www.welovecycling.com\/pl\/","name":"\u0160koda We Love Cycling - Poland","description":"","potentialAction":[{"@type":"SearchAction","target":{"@type":"EntryPoint","urlTemplate":"https:\/\/www.welovecycling.com\/pl\/?s={search_term_string}"},"query-input":{"@type":"PropertyValueSpecification","valueRequired":true,"valueName":"search_term_string"}}],"inLanguage":"pl-PL"},{"@type":"Person","@id":"https:\/\/www.welovecycling.com\/pl\/#\/schema\/person\/4a79bac7bd265aa6a35a1079d36648be","name":"oktawiamikulska","image":{"@type":"ImageObject","inLanguage":"pl-PL","@id":"https:\/\/www.welovecycling.com\/pl\/#\/schema\/person\/image\/","url":"https:\/\/secure.gravatar.com\/avatar\/b97a3f44e2de6d2f8dd358975937e49823662e12cbd810b9d1a2bff1c149e8a7?s=96&d=mm&r=g","contentUrl":"https:\/\/secure.gravatar.com\/avatar\/b97a3f44e2de6d2f8dd358975937e49823662e12cbd810b9d1a2bff1c149e8a7?s=96&d=mm&r=g","caption":"oktawiamikulska"},"url":"https:\/\/www.welovecycling.com\/pl\/author\/oktawiamikulska\/"}]}},"_links":{"self":[{"href":"https:\/\/www.welovecycling.com\/pl\/wp-json\/wp\/v2\/posts\/10916","targetHints":{"allow":["GET"]}}],"collection":[{"href":"https:\/\/www.welovecycling.com\/pl\/wp-json\/wp\/v2\/posts"}],"about":[{"href":"https:\/\/www.welovecycling.com\/pl\/wp-json\/wp\/v2\/types\/post"}],"author":[{"embeddable":true,"href":"https:\/\/www.welovecycling.com\/pl\/wp-json\/wp\/v2\/users\/125"}],"replies":[{"embeddable":true,"href":"https:\/\/www.welovecycling.com\/pl\/wp-json\/wp\/v2\/comments?post=10916"}],"version-history":[{"count":1,"href":"https:\/\/www.welovecycling.com\/pl\/wp-json\/wp\/v2\/posts\/10916\/revisions"}],"predecessor-version":[{"id":10919,"href":"https:\/\/www.welovecycling.com\/pl\/wp-json\/wp\/v2\/posts\/10916\/revisions\/10919"}],"wp:featuredmedia":[{"embeddable":true,"href":"https:\/\/www.welovecycling.com\/pl\/wp-json\/wp\/v2\/media\/10917"}],"wp:attachment":[{"href":"https:\/\/www.welovecycling.com\/pl\/wp-json\/wp\/v2\/media?parent=10916"}],"wp:term":[{"taxonomy":"category","embeddable":true,"href":"https:\/\/www.welovecycling.com\/pl\/wp-json\/wp\/v2\/categories?post=10916"},{"taxonomy":"post_tag","embeddable":true,"href":"https:\/\/www.welovecycling.com\/pl\/wp-json\/wp\/v2\/tags?post=10916"},{"taxonomy":"global-categories","embeddable":true,"href":"https:\/\/www.welovecycling.com\/pl\/wp-json\/wp\/v2\/global-categories?post=10916"}],"curies":[{"name":"wp","href":"https:\/\/api.w.org\/{rel}","templated":true}]}}