{"id":10912,"date":"2020-07-15T06:56:24","date_gmt":"2020-07-15T06:56:24","guid":{"rendered":"https:\/\/www.welovecycling.com\/pl\/?p=10912"},"modified":"2020-07-15T06:57:15","modified_gmt":"2020-07-15T06:57:15","slug":"jiri-jezek-zrezygnowalem-z-kolarstwa-zawodowego-i-wyscigow-ale-nie-porzucilem-jazdy-na-rowerze","status":"publish","type":"post","link":"https:\/\/www.welovecycling.com\/pl\/2020\/07\/15\/jiri-jezek-zrezygnowalem-z-kolarstwa-zawodowego-i-wyscigow-ale-nie-porzucilem-jazdy-na-rowerze\/","title":{"rendered":"Ji\u0159\u00ed Je\u017eek: zrezygnowa\u0142em z kolarstwa zawodowego i wy\u015bcig\u00f3w, ale nie porzuci\u0142em jazdy na rowerze"},"content":{"rendered":"<p><strong>Podczas kolejnej transmisji na \u017cywo w ramach akcji #Ride2Unite go\u015bciem specjalnym Laury Meseguer by\u0142 najbardziej utytu\u0142owany parakolarz z Czech, Ji\u0159\u00ed Je\u017eek. Droga Ji\u0159\u00edego do s\u0142awy i spe\u0142nienia marze\u0144 rozpocz\u0119\u0142a si\u0119 od czego\u015b zupe\u0142nie nieoczekiwanego. Wypadek drogowy, kt\u00f3remu uleg\u0142, wywr\u00f3ci\u0142 jego \u017cycie do g\u00f3ry nogami. Jeste\u015bmy przekonani, \u017ce z otwartej i szczerej rozmowy z Ji\u0159im o jego obecnym \u017cyciu i wcze\u015bniejszej karierze zaczerpniesz inspiracj\u0119 i motywacj\u0119 do dzia\u0142ania. Poni\u017cej streszczamy najistotniejsze punkty ze streamingu z Je\u017eekiem.<\/strong><\/p>\n<p>Jak wspomnieli\u015bmy wy\u017cej, Ji\u0159\u00ed nie mia\u0142 \u0142atwego startu kariery jako sportowiec. Kiedy mia\u0142 11 lat, straci\u0142 cz\u0119\u015b\u0107 prawej nogi poni\u017cej kolana. Najecha\u0142a na niego ci\u0119\u017car\u00f3wka, gdy przechodzi\u0142 przez ulic\u0119. Dzi\u015b uwa\u017ca, \u017ce \u200b\u200bta sytuacja sprawi\u0142a, \u017ce w ko\u0144cu zabra\u0142 si\u0119 do realizacji swoich marze\u0144. W wieku 20 lat zacz\u0105\u0142 uprawia\u0107 kolarstwo wyczynowe jako hobby i pi\u0119\u0107 lat p\u00f3\u017aniej sta\u0142 si\u0119 jednym z najlepszych parakolarzy na \u015bwiecie. Potem nadesz\u0142y najwi\u0119ksze sukcesy: zwyci\u0119skie mistrzostwa i paraolimpijskie z\u0142ote medale zebrane w 2000 roku w Sydney, 2004 w Atenach, 2008 w Pekinie i 2012 w Londynie. W sumie by\u0142o ich 11. Pierwsze zwyci\u0119stwo sprawi\u0142o, \u017ce zosta\u0142 zauwa\u017cony i uzyska\u0142 fundusze od sponsor\u00f3w. Dzi\u0119ki nim m\u00f3g\u0142 porzuci\u0107 dotychczasow\u0105 prac\u0119 technika protetyki i zosta\u0107 zawodowym kolarzem w pe\u0142nym wymiarze godzin. W szczytowym okresie swojej kariery rywalizowa\u0142 z pe\u0142nosprawnymi kolarzami i je\u017adzi\u0142 na rowerze \u015brednio 27\u201330 tysi\u0119cy kilometr\u00f3w rocznie. Niedawno zosta\u0142 uznany za jednego z najwi\u0119kszych sportowc\u00f3w XXI wieku \u2013 w pe\u0142ni zas\u0142u\u017cenie. Je\u017eek og\u0142osi\u0142 wycofanie si\u0119 z zawodowego kolarstwa w pa\u017adzierniku 2017 roku, ale nadal jest aktywny jako kolarz, trener i ambasador kolarstwa. Ponadto Ji\u0159\u00ed jest by\u0142ym kapitanem Czeskiej Reprezentacji Paraolimpijskiej.<\/p>\n<p>https:\/\/www.instagram.com\/tv\/CCG2failwr-\/?utm_source=ig_web_copy_link<\/p>\n<p>Wi\u0119cej o livestreamie z Ji\u0159\u00edm dowiecie si\u0119 z <a href=\"https:\/\/www.welovecycling.com\/pl\/2020\/07\/01\/akcja-ride2unite-niezlomny-jiri-jezek-czeski-paraolimpijczyk-i-byly-kolarz-szosowy\/\"><u>poprzedniego artyku\u0142u<\/u><\/a>.<\/p>\n<p>Ji\u0159\u00ed Je\u017eek po\u0142\u0105czy\u0142 si\u0119 na \u017cywo z Laur\u0105 w trakcie trwania przeprowadzki, do nowego domu ze swoj\u0105 rodzin\u0105. Laura \u017cartobliwie stwierdzi\u0142a, \u017ce \u200bto chyba najgorszy czas na rozmow\u0119, ale Ji\u0159\u00ed, znany z optymistycznego usposobienia, odpowiedzia\u0142 w charakterystyczny dla siebie spos\u00f3b: \u201eTakie jest \u017cycie, jestem wdzi\u0119czny za chwil\u0119 przerwy\u201d.<\/p>\n<p>Je\u017eek opowiedzia\u0142 troch\u0119 o sytuacji panuj\u0105cej w jego rodzinnym kraju w kontek\u015bcie koronawirusa. Stwierdzi\u0142, \u017ce cieszy si\u0119, \u017ce zn\u00f3w mo\u017ce je\u017adzi\u0107 na zewn\u0105trz z przyjaci\u00f3\u0142mi. Doda\u0142, \u017ce ostatnie kilka miesi\u0119cy dla czeskich rowerzyst\u00f3w nie by\u0142y a\u017c tak z\u0142e, ale z pewno\u015bci\u0105 stanowi\u0142y wyzwanie dla ka\u017cdego. \u201eSytuacja by\u0142a trudna dla wszystkich, nie tylko sportowc\u00f3w, ale zw\u0142aszcza dla os\u00f3b starszych. Pomaga\u0142em, robi\u0105c zakupy i dostarczaj\u0105c je na rowerze s\u0105siadom, kt\u00f3rzy nie byli w stanie wyj\u015b\u0107 do sklepu\u201d \u2013 powiedzia\u0142 Ji\u0159\u00ed.<\/p>\n<p>Zanim oboje zag\u0142\u0119bili si\u0119 w histori\u0119 Je\u017eeka, Laura chcia\u0142a dowiedzie\u0107 si\u0119, czym zajmowa\u0142 si\u0119 od og\u0142oszenia swojej oficjalnej emerytury w 2017 roku. Jej rozm\u00f3wca odpowiedzia\u0142: \u201eZrezygnowa\u0142em z kolarstwa zawodowego i wy\u015bcig\u00f3w, ale nie porzuci\u0142em jazdy na rowerze. [\u2026] Staram si\u0119 je\u017adzi\u0107 ka\u017cdego dnia, pomagam w organizacji wy\u015bcig\u00f3w, czasami je promuj\u0119. Lubi\u0119 by\u0107 na wy\u015bcigach, jestem tam facetem z mikrofonem i staram si\u0119 by\u0107 motywacj\u0105 dla m\u0142odych kolarzy\u201d. Ji\u0159\u00ed wyzna\u0142, \u017ce uwa\u017ca si\u0119 za towarzyskiego kolarza i lubi jazd\u0119 z innymi rowerzystami. Sko\u0144czy\u0142 ju\u017c z treningami, wy\u015bcigami (chyba \u017ce bierze w nich udzia\u0142 dla przyjemno\u015bci) i po prostu cieszy si\u0119 z samej jazdy. \u201eBycie ambasadorem We Love Cycling to co\u015b, co utrzymuje mnie w spo\u0142eczno\u015bci i biznesie kolarskim. Dlatego ciesz\u0119 si\u0119, \u017ce jestem jednym z promotor\u00f3w WLC na \u015bwiecie. Staram si\u0119 m\u00f3wi\u0107 o tym, jak pozytywny wp\u0142yw ma jazda na rowerze na zdrowie i prac\u0119 m\u00f3zgu\u201d.<\/p>\n<figure id=\"attachment_178535\" aria-describedby=\"caption-attachment-178535\" style=\"width: 1250px\" class=\"wp-caption alignnone\"><img loading=\"lazy\" decoding=\"async\" class=\"loading wp-image-178535 size-full\" src=\"https:\/\/d2p6e6u75xmxt8.cloudfront.net\/2\/2020\/07\/Jiri-Jezek-profimedia-0140874167.jpg\" alt=\"\" width=\"1250\" height=\"908\" data-was-processed=\"true\" \/><figcaption id=\"caption-attachment-178535\" class=\"wp-caption-text\">Ji\u0159\u00ed Je\u017eek \u015bwi\u0119tuje po zdobyciu z\u0142otego medalu w finale C4 indywidualnej jazdy na czas w kolarstwie szosowym na torze wy\u015bcigowym Brands Hatch w po\u0142udniowej Anglii, 5 wrze\u015bnia 2012 \u00a9 Profimedia<\/figcaption><\/figure>\n<p>Poniewa\u017c \u017cycie Ji\u0159\u00edego z racji wypadku jest do\u015b\u0107 wyj\u0105tkowe, ten temat zawsze pojawia si\u0119 podczas wywiad\u00f3w. Je\u017eek m\u00f3wi o tym tak: \u201eJako ma\u0142e dziecko chcia\u0142em by\u0107 zawodowym pi\u0142karzem. [\u2026] Gra\u0142em w najlepszej praskiej dru\u017cynie, ale szczerze m\u00f3wi\u0105c, moja motywacja do bycia pi\u0142karzem by\u0142a wi\u0119ksza ni\u017c m\u00f3j talent. W wieku 11 lat mia\u0142em pecha. Przechodzi\u0142em przez ulic\u0119 i nagle wyl\u0105dowa\u0142em pod wielk\u0105 ci\u0119\u017car\u00f3wk\u0105, w wyniku czego obudzi\u0142em si\u0119 w szpitalu bez jednej nogi. To by\u0142 dla mnie bardzo trudny moment, poniewa\u017c chcia\u0142em by\u0107 pi\u0142karzem, a w\u0142a\u015bnie zda\u0142em sobie z tego spraw\u0119, \u017ce ju\u017c nigdy nim nie zostan\u0119\u201d.<\/p>\n<p>Ji\u0159\u00ed zacz\u0105\u0142 wtedy my\u015ble\u0107 o tym, w jaki spos\u00f3b ma teraz stawi\u0107 czo\u0142a swojemu \u017cyciu, poniewa\u017c chcia\u0142 jak najszybciej wr\u00f3ci\u0107 do wszystkich ukochanych czynno\u015bci korzystaj\u0105c z protezy. Kiedy dowiedzia\u0142 si\u0119, \u017ce mo\u017ce zn\u00f3w biega\u0107, wr\u00f3ci\u0142 do siatk\u00f3wki, koszyk\u00f3wki i innych zaj\u0119\u0107 ruchowych. Podkre\u015bli\u0142, \u017ce ka\u017cda aktywno\u015b\u0107, kt\u00f3r\u0105 m\u00f3g\u0142 podj\u0105\u0107, wzmocni\u0142a jego pewno\u015b\u0107 siebie i motywacj\u0119. \u201eSport w wielkim stopniu pom\u00f3g\u0142 mi wr\u00f3ci\u0107 do normalnego \u017cycia\u201d \u2013 podsumowa\u0142. Cieszy si\u0119 r\u00f3wnie\u017c, \u017ce jego postawa \u201enigdy si\u0119 nie poddawaj\u201d stanowi zach\u0119t\u0119 dla os\u00f3b walcz\u0105cych o pozostanie aktywnymi mimo niepe\u0142nosprawno\u015bci. Je\u017eek organizuje sesje motywacyjne i przem\u00f3wienia dla ludzi, kt\u00f3rzy chc\u0105 odnale\u017a\u0107 swoj\u0105 drog\u0119 do sportu.<\/p>\n<p>A kto zach\u0119ci\u0142 Ji\u0159iego do parakolarstwa? W czasach, kiedy robi\u0142 protezy, szcz\u0119\u015bliwym zbiegiem okoliczno\u015bci, jednym z jego pacjent\u00f3w, by\u0142 pierwszy czeski parakolarz. Rozmawiali na temat kolarstwa i tak to si\u0119 zacz\u0119\u0142o. Wkr\u00f3tce Ji\u0159\u00ed zosta\u0142 najlepszym na \u015bwiecie parakolarzem i znanym paraolimpijczykiem.<\/p>\n<p>Zobacz ca\u0142y streaming #Ride2Unite z Ji\u0159\u00edm Je\u017eekiem na \u017cywo na naszym IG.<\/p>\n<p>Wszystkie poprzednie transmisje znajdziesz tutaj <a href=\"https:\/\/www.instagram.com\/wlcmagazine\/\"><u>We Love Cycling Instagram<\/u>.<\/a><\/p>\n","protected":false},"excerpt":{"rendered":"<p>Podczas kolejnej transmisji na \u017cywo w ramach akcji #Ride2Unite go\u015bciem specjalnym Laury Meseguer by\u0142 najbardziej utytu\u0142owany parakolarz z Czech, Ji\u0159\u00ed [&hellip;]<\/p>\n","protected":false},"author":125,"featured_media":10913,"comment_status":"open","ping_status":"open","sticky":false,"template":"","format":"standard","meta":{"footnotes":""},"categories":[330],"tags":[],"global-categories":[303],"class_list":["post-10912","post","type-post","status-publish","format-standard","has-post-thumbnail","hentry","category-ride2unite","global-categories-cycling"],"yoast_head":"<!-- This site is optimized with the Yoast SEO Premium plugin v25.3 (Yoast SEO v25.9) - https:\/\/yoast.com\/wordpress\/plugins\/seo\/ -->\n<title>Ji\u0159\u00ed Je\u017eek: zrezygnowa\u0142em z kolarstwa zawodowego i wy\u015bcig\u00f3w, ale nie porzuci\u0142em jazdy na rowerze - \u0160koda We Love Cycling - Poland<\/title>\n<meta name=\"description\" content=\"#Ride2Unite go\u015bciem specjalnym Laury Meseguer by\u0142 najbardziej utytu\u0142owany parakolarz z Czech, Ji\u0159\u00ed Je\u017eek. Droga Ji\u0159\u00edego do s\u0142awy i spe\u0142nienia marze\u0144 rozpocz\u0119\u0142a si\u0119 od czego\u015b zupe\u0142nie nieoczekiwanego. Wypadek drogowy, kt\u00f3remu uleg\u0142, wywr\u00f3ci\u0142 jego \u017cycie do g\u00f3ry nogami. Jeste\u015bmy przekonani, \u017ce z otwartej i szczerej rozmowy z Ji\u0159im o jego obecnym \u017cyciu i wcze\u015bniejszej karierze zaczerpniesz inspiracj\u0119 i motywacj\u0119 do dzia\u0142ania. Poni\u017cej streszczamy najistotniejsze punkty ze streamingu z Je\u017eekiem.\" \/>\n<meta name=\"robots\" content=\"index, follow, max-snippet:-1, max-image-preview:large, max-video-preview:-1\" \/>\n<link rel=\"canonical\" href=\"https:\/\/www.welovecycling.com\/pl\/2020\/07\/15\/jiri-jezek-zrezygnowalem-z-kolarstwa-zawodowego-i-wyscigow-ale-nie-porzucilem-jazdy-na-rowerze\/\" \/>\n<meta property=\"og:locale\" content=\"pl_PL\" \/>\n<meta property=\"og:type\" content=\"article\" \/>\n<meta property=\"og:title\" content=\"Ji\u0159\u00ed Je\u017eek: zrezygnowa\u0142em z kolarstwa zawodowego i wy\u015bcig\u00f3w, ale nie porzuci\u0142em jazdy na rowerze\" \/>\n<meta property=\"og:description\" content=\"#Ride2Unite go\u015bciem specjalnym Laury Meseguer by\u0142 najbardziej utytu\u0142owany parakolarz z Czech, Ji\u0159\u00ed Je\u017eek. Droga Ji\u0159\u00edego do s\u0142awy i spe\u0142nienia marze\u0144 rozpocz\u0119\u0142a si\u0119 od czego\u015b zupe\u0142nie nieoczekiwanego. Wypadek drogowy, kt\u00f3remu uleg\u0142, wywr\u00f3ci\u0142 jego \u017cycie do g\u00f3ry nogami. Jeste\u015bmy przekonani, \u017ce z otwartej i szczerej rozmowy z Ji\u0159im o jego obecnym \u017cyciu i wcze\u015bniejszej karierze zaczerpniesz inspiracj\u0119 i motywacj\u0119 do dzia\u0142ania. Poni\u017cej streszczamy najistotniejsze punkty ze streamingu z Je\u017eekiem.\" \/>\n<meta property=\"og:url\" content=\"https:\/\/www.welovecycling.com\/pl\/2020\/07\/15\/jiri-jezek-zrezygnowalem-z-kolarstwa-zawodowego-i-wyscigow-ale-nie-porzucilem-jazdy-na-rowerze\/\" \/>\n<meta property=\"og:site_name\" content=\"\u0160koda We Love Cycling - Poland\" \/>\n<meta property=\"article:published_time\" content=\"2020-07-15T06:56:24+00:00\" \/>\n<meta property=\"article:modified_time\" content=\"2020-07-15T06:57:15+00:00\" \/>\n<meta property=\"og:image\" content=\"https:\/\/d2p6e6u75xmxt8.cloudfront.net\/5\/2020\/07\/Jiri-Jezek-CVR-profimedia-0535643302.jpg\" \/>\n\t<meta property=\"og:image:width\" content=\"1366\" \/>\n\t<meta property=\"og:image:height\" content=\"600\" \/>\n\t<meta property=\"og:image:type\" content=\"image\/jpeg\" \/>\n<meta name=\"author\" content=\"oktawiamikulska\" \/>\n<meta name=\"twitter:card\" content=\"summary_large_image\" \/>\n<meta name=\"twitter:label1\" content=\"Written by\" \/>\n\t<meta name=\"twitter:data1\" content=\"Frantiska Blazkova\" \/>\n\t<meta name=\"twitter:label2\" content=\"Est. reading time\" \/>\n\t<meta name=\"twitter:data2\" content=\"5 minutes\" \/>\n<script type=\"application\/ld+json\" class=\"yoast-schema-graph\">{\"@context\":\"https:\/\/schema.org\",\"@graph\":[{\"@type\":\"WebPage\",\"@id\":\"https:\/\/www.welovecycling.com\/pl\/2020\/07\/15\/jiri-jezek-zrezygnowalem-z-kolarstwa-zawodowego-i-wyscigow-ale-nie-porzucilem-jazdy-na-rowerze\/\",\"url\":\"https:\/\/www.welovecycling.com\/pl\/2020\/07\/15\/jiri-jezek-zrezygnowalem-z-kolarstwa-zawodowego-i-wyscigow-ale-nie-porzucilem-jazdy-na-rowerze\/\",\"name\":\"Ji\u0159\u00ed Je\u017eek: zrezygnowa\u0142em z kolarstwa zawodowego i wy\u015bcig\u00f3w, ale nie porzuci\u0142em jazdy na rowerze - \u0160koda We Love Cycling - Poland\",\"isPartOf\":{\"@id\":\"https:\/\/www.welovecycling.com\/pl\/#website\"},\"primaryImageOfPage\":{\"@id\":\"https:\/\/www.welovecycling.com\/pl\/2020\/07\/15\/jiri-jezek-zrezygnowalem-z-kolarstwa-zawodowego-i-wyscigow-ale-nie-porzucilem-jazdy-na-rowerze\/#primaryimage\"},\"image\":{\"@id\":\"https:\/\/www.welovecycling.com\/pl\/2020\/07\/15\/jiri-jezek-zrezygnowalem-z-kolarstwa-zawodowego-i-wyscigow-ale-nie-porzucilem-jazdy-na-rowerze\/#primaryimage\"},\"thumbnailUrl\":\"https:\/\/d2p6e6u75xmxt8.cloudfront.net\/5\/2020\/07\/Jiri-Jezek-CVR-profimedia-0535643302.jpg\",\"datePublished\":\"2020-07-15T06:56:24+00:00\",\"dateModified\":\"2020-07-15T06:57:15+00:00\",\"author\":{\"@id\":\"https:\/\/www.welovecycling.com\/pl\/#\/schema\/person\/4a79bac7bd265aa6a35a1079d36648be\"},\"description\":\"#Ride2Unite go\u015bciem specjalnym Laury Meseguer by\u0142 najbardziej utytu\u0142owany parakolarz z Czech, Ji\u0159\u00ed Je\u017eek. Droga Ji\u0159\u00edego do s\u0142awy i spe\u0142nienia marze\u0144 rozpocz\u0119\u0142a si\u0119 od czego\u015b zupe\u0142nie nieoczekiwanego. Wypadek drogowy, kt\u00f3remu uleg\u0142, wywr\u00f3ci\u0142 jego \u017cycie do g\u00f3ry nogami. Jeste\u015bmy przekonani, \u017ce z otwartej i szczerej rozmowy z Ji\u0159im o jego obecnym \u017cyciu i wcze\u015bniejszej karierze zaczerpniesz inspiracj\u0119 i motywacj\u0119 do dzia\u0142ania. Poni\u017cej streszczamy najistotniejsze punkty ze streamingu z Je\u017eekiem.\",\"breadcrumb\":{\"@id\":\"https:\/\/www.welovecycling.com\/pl\/2020\/07\/15\/jiri-jezek-zrezygnowalem-z-kolarstwa-zawodowego-i-wyscigow-ale-nie-porzucilem-jazdy-na-rowerze\/#breadcrumb\"},\"inLanguage\":\"pl-PL\",\"potentialAction\":[{\"@type\":\"ReadAction\",\"target\":[\"https:\/\/www.welovecycling.com\/pl\/2020\/07\/15\/jiri-jezek-zrezygnowalem-z-kolarstwa-zawodowego-i-wyscigow-ale-nie-porzucilem-jazdy-na-rowerze\/\"]}]},{\"@type\":\"ImageObject\",\"inLanguage\":\"pl-PL\",\"@id\":\"https:\/\/www.welovecycling.com\/pl\/2020\/07\/15\/jiri-jezek-zrezygnowalem-z-kolarstwa-zawodowego-i-wyscigow-ale-nie-porzucilem-jazdy-na-rowerze\/#primaryimage\",\"url\":\"https:\/\/d2p6e6u75xmxt8.cloudfront.net\/5\/2020\/07\/Jiri-Jezek-CVR-profimedia-0535643302.jpg\",\"contentUrl\":\"https:\/\/d2p6e6u75xmxt8.cloudfront.net\/5\/2020\/07\/Jiri-Jezek-CVR-profimedia-0535643302.jpg\",\"width\":1366,\"height\":600},{\"@type\":\"BreadcrumbList\",\"@id\":\"https:\/\/www.welovecycling.com\/pl\/2020\/07\/15\/jiri-jezek-zrezygnowalem-z-kolarstwa-zawodowego-i-wyscigow-ale-nie-porzucilem-jazdy-na-rowerze\/#breadcrumb\",\"itemListElement\":[{\"@type\":\"ListItem\",\"position\":1,\"name\":\"Home\",\"item\":\"https:\/\/www.welovecycling.com\/pl\/\"},{\"@type\":\"ListItem\",\"position\":2,\"name\":\"Ji\u0159\u00ed Je\u017eek: zrezygnowa\u0142em z kolarstwa zawodowego i wy\u015bcig\u00f3w, ale nie porzuci\u0142em jazdy na rowerze\"}]},{\"@type\":\"WebSite\",\"@id\":\"https:\/\/www.welovecycling.com\/pl\/#website\",\"url\":\"https:\/\/www.welovecycling.com\/pl\/\",\"name\":\"\u0160koda We Love Cycling - Poland\",\"description\":\"\",\"potentialAction\":[{\"@type\":\"SearchAction\",\"target\":{\"@type\":\"EntryPoint\",\"urlTemplate\":\"https:\/\/www.welovecycling.com\/pl\/?s={search_term_string}\"},\"query-input\":{\"@type\":\"PropertyValueSpecification\",\"valueRequired\":true,\"valueName\":\"search_term_string\"}}],\"inLanguage\":\"pl-PL\"},{\"@type\":\"Person\",\"@id\":\"https:\/\/www.welovecycling.com\/pl\/#\/schema\/person\/4a79bac7bd265aa6a35a1079d36648be\",\"name\":\"oktawiamikulska\",\"image\":{\"@type\":\"ImageObject\",\"inLanguage\":\"pl-PL\",\"@id\":\"https:\/\/www.welovecycling.com\/pl\/#\/schema\/person\/image\/\",\"url\":\"https:\/\/secure.gravatar.com\/avatar\/b97a3f44e2de6d2f8dd358975937e49823662e12cbd810b9d1a2bff1c149e8a7?s=96&d=mm&r=g\",\"contentUrl\":\"https:\/\/secure.gravatar.com\/avatar\/b97a3f44e2de6d2f8dd358975937e49823662e12cbd810b9d1a2bff1c149e8a7?s=96&d=mm&r=g\",\"caption\":\"oktawiamikulska\"},\"url\":\"https:\/\/www.welovecycling.com\/pl\/author\/oktawiamikulska\/\"}]}<\/script>\n<!-- \/ Yoast SEO Premium plugin. -->","yoast_head_json":{"title":"Ji\u0159\u00ed Je\u017eek: zrezygnowa\u0142em z kolarstwa zawodowego i wy\u015bcig\u00f3w, ale nie porzuci\u0142em jazdy na rowerze - \u0160koda We Love Cycling - Poland","description":"#Ride2Unite go\u015bciem specjalnym Laury Meseguer by\u0142 najbardziej utytu\u0142owany parakolarz z Czech, Ji\u0159\u00ed Je\u017eek. Droga Ji\u0159\u00edego do s\u0142awy i spe\u0142nienia marze\u0144 rozpocz\u0119\u0142a si\u0119 od czego\u015b zupe\u0142nie nieoczekiwanego. Wypadek drogowy, kt\u00f3remu uleg\u0142, wywr\u00f3ci\u0142 jego \u017cycie do g\u00f3ry nogami. Jeste\u015bmy przekonani, \u017ce z otwartej i szczerej rozmowy z Ji\u0159im o jego obecnym \u017cyciu i wcze\u015bniejszej karierze zaczerpniesz inspiracj\u0119 i motywacj\u0119 do dzia\u0142ania. Poni\u017cej streszczamy najistotniejsze punkty ze streamingu z Je\u017eekiem.","robots":{"index":"index","follow":"follow","max-snippet":"max-snippet:-1","max-image-preview":"max-image-preview:large","max-video-preview":"max-video-preview:-1"},"canonical":"https:\/\/www.welovecycling.com\/pl\/2020\/07\/15\/jiri-jezek-zrezygnowalem-z-kolarstwa-zawodowego-i-wyscigow-ale-nie-porzucilem-jazdy-na-rowerze\/","og_locale":"pl_PL","og_type":"article","og_title":"Ji\u0159\u00ed Je\u017eek: zrezygnowa\u0142em z kolarstwa zawodowego i wy\u015bcig\u00f3w, ale nie porzuci\u0142em jazdy na rowerze","og_description":"#Ride2Unite go\u015bciem specjalnym Laury Meseguer by\u0142 najbardziej utytu\u0142owany parakolarz z Czech, Ji\u0159\u00ed Je\u017eek. Droga Ji\u0159\u00edego do s\u0142awy i spe\u0142nienia marze\u0144 rozpocz\u0119\u0142a si\u0119 od czego\u015b zupe\u0142nie nieoczekiwanego. Wypadek drogowy, kt\u00f3remu uleg\u0142, wywr\u00f3ci\u0142 jego \u017cycie do g\u00f3ry nogami. Jeste\u015bmy przekonani, \u017ce z otwartej i szczerej rozmowy z Ji\u0159im o jego obecnym \u017cyciu i wcze\u015bniejszej karierze zaczerpniesz inspiracj\u0119 i motywacj\u0119 do dzia\u0142ania. Poni\u017cej streszczamy najistotniejsze punkty ze streamingu z Je\u017eekiem.","og_url":"https:\/\/www.welovecycling.com\/pl\/2020\/07\/15\/jiri-jezek-zrezygnowalem-z-kolarstwa-zawodowego-i-wyscigow-ale-nie-porzucilem-jazdy-na-rowerze\/","og_site_name":"\u0160koda We Love Cycling - Poland","article_published_time":"2020-07-15T06:56:24+00:00","article_modified_time":"2020-07-15T06:57:15+00:00","og_image":[{"width":1366,"height":600,"url":"https:\/\/d2p6e6u75xmxt8.cloudfront.net\/5\/2020\/07\/Jiri-Jezek-CVR-profimedia-0535643302.jpg","type":"image\/jpeg"}],"author":"oktawiamikulska","twitter_card":"summary_large_image","twitter_misc":{"Written by":"Frantiska Blazkova","Est. reading time":"5 minutes"},"schema":{"@context":"https:\/\/schema.org","@graph":[{"@type":"WebPage","@id":"https:\/\/www.welovecycling.com\/pl\/2020\/07\/15\/jiri-jezek-zrezygnowalem-z-kolarstwa-zawodowego-i-wyscigow-ale-nie-porzucilem-jazdy-na-rowerze\/","url":"https:\/\/www.welovecycling.com\/pl\/2020\/07\/15\/jiri-jezek-zrezygnowalem-z-kolarstwa-zawodowego-i-wyscigow-ale-nie-porzucilem-jazdy-na-rowerze\/","name":"Ji\u0159\u00ed Je\u017eek: zrezygnowa\u0142em z kolarstwa zawodowego i wy\u015bcig\u00f3w, ale nie porzuci\u0142em jazdy na rowerze - \u0160koda We Love Cycling - Poland","isPartOf":{"@id":"https:\/\/www.welovecycling.com\/pl\/#website"},"primaryImageOfPage":{"@id":"https:\/\/www.welovecycling.com\/pl\/2020\/07\/15\/jiri-jezek-zrezygnowalem-z-kolarstwa-zawodowego-i-wyscigow-ale-nie-porzucilem-jazdy-na-rowerze\/#primaryimage"},"image":{"@id":"https:\/\/www.welovecycling.com\/pl\/2020\/07\/15\/jiri-jezek-zrezygnowalem-z-kolarstwa-zawodowego-i-wyscigow-ale-nie-porzucilem-jazdy-na-rowerze\/#primaryimage"},"thumbnailUrl":"https:\/\/d2p6e6u75xmxt8.cloudfront.net\/5\/2020\/07\/Jiri-Jezek-CVR-profimedia-0535643302.jpg","datePublished":"2020-07-15T06:56:24+00:00","dateModified":"2020-07-15T06:57:15+00:00","author":{"@id":"https:\/\/www.welovecycling.com\/pl\/#\/schema\/person\/4a79bac7bd265aa6a35a1079d36648be"},"description":"#Ride2Unite go\u015bciem specjalnym Laury Meseguer by\u0142 najbardziej utytu\u0142owany parakolarz z Czech, Ji\u0159\u00ed Je\u017eek. Droga Ji\u0159\u00edego do s\u0142awy i spe\u0142nienia marze\u0144 rozpocz\u0119\u0142a si\u0119 od czego\u015b zupe\u0142nie nieoczekiwanego. Wypadek drogowy, kt\u00f3remu uleg\u0142, wywr\u00f3ci\u0142 jego \u017cycie do g\u00f3ry nogami. Jeste\u015bmy przekonani, \u017ce z otwartej i szczerej rozmowy z Ji\u0159im o jego obecnym \u017cyciu i wcze\u015bniejszej karierze zaczerpniesz inspiracj\u0119 i motywacj\u0119 do dzia\u0142ania. Poni\u017cej streszczamy najistotniejsze punkty ze streamingu z Je\u017eekiem.","breadcrumb":{"@id":"https:\/\/www.welovecycling.com\/pl\/2020\/07\/15\/jiri-jezek-zrezygnowalem-z-kolarstwa-zawodowego-i-wyscigow-ale-nie-porzucilem-jazdy-na-rowerze\/#breadcrumb"},"inLanguage":"pl-PL","potentialAction":[{"@type":"ReadAction","target":["https:\/\/www.welovecycling.com\/pl\/2020\/07\/15\/jiri-jezek-zrezygnowalem-z-kolarstwa-zawodowego-i-wyscigow-ale-nie-porzucilem-jazdy-na-rowerze\/"]}]},{"@type":"ImageObject","inLanguage":"pl-PL","@id":"https:\/\/www.welovecycling.com\/pl\/2020\/07\/15\/jiri-jezek-zrezygnowalem-z-kolarstwa-zawodowego-i-wyscigow-ale-nie-porzucilem-jazdy-na-rowerze\/#primaryimage","url":"https:\/\/d2p6e6u75xmxt8.cloudfront.net\/5\/2020\/07\/Jiri-Jezek-CVR-profimedia-0535643302.jpg","contentUrl":"https:\/\/d2p6e6u75xmxt8.cloudfront.net\/5\/2020\/07\/Jiri-Jezek-CVR-profimedia-0535643302.jpg","width":1366,"height":600},{"@type":"BreadcrumbList","@id":"https:\/\/www.welovecycling.com\/pl\/2020\/07\/15\/jiri-jezek-zrezygnowalem-z-kolarstwa-zawodowego-i-wyscigow-ale-nie-porzucilem-jazdy-na-rowerze\/#breadcrumb","itemListElement":[{"@type":"ListItem","position":1,"name":"Home","item":"https:\/\/www.welovecycling.com\/pl\/"},{"@type":"ListItem","position":2,"name":"Ji\u0159\u00ed Je\u017eek: zrezygnowa\u0142em z kolarstwa zawodowego i wy\u015bcig\u00f3w, ale nie porzuci\u0142em jazdy na rowerze"}]},{"@type":"WebSite","@id":"https:\/\/www.welovecycling.com\/pl\/#website","url":"https:\/\/www.welovecycling.com\/pl\/","name":"\u0160koda We Love Cycling - Poland","description":"","potentialAction":[{"@type":"SearchAction","target":{"@type":"EntryPoint","urlTemplate":"https:\/\/www.welovecycling.com\/pl\/?s={search_term_string}"},"query-input":{"@type":"PropertyValueSpecification","valueRequired":true,"valueName":"search_term_string"}}],"inLanguage":"pl-PL"},{"@type":"Person","@id":"https:\/\/www.welovecycling.com\/pl\/#\/schema\/person\/4a79bac7bd265aa6a35a1079d36648be","name":"oktawiamikulska","image":{"@type":"ImageObject","inLanguage":"pl-PL","@id":"https:\/\/www.welovecycling.com\/pl\/#\/schema\/person\/image\/","url":"https:\/\/secure.gravatar.com\/avatar\/b97a3f44e2de6d2f8dd358975937e49823662e12cbd810b9d1a2bff1c149e8a7?s=96&d=mm&r=g","contentUrl":"https:\/\/secure.gravatar.com\/avatar\/b97a3f44e2de6d2f8dd358975937e49823662e12cbd810b9d1a2bff1c149e8a7?s=96&d=mm&r=g","caption":"oktawiamikulska"},"url":"https:\/\/www.welovecycling.com\/pl\/author\/oktawiamikulska\/"}]}},"_links":{"self":[{"href":"https:\/\/www.welovecycling.com\/pl\/wp-json\/wp\/v2\/posts\/10912","targetHints":{"allow":["GET"]}}],"collection":[{"href":"https:\/\/www.welovecycling.com\/pl\/wp-json\/wp\/v2\/posts"}],"about":[{"href":"https:\/\/www.welovecycling.com\/pl\/wp-json\/wp\/v2\/types\/post"}],"author":[{"embeddable":true,"href":"https:\/\/www.welovecycling.com\/pl\/wp-json\/wp\/v2\/users\/125"}],"replies":[{"embeddable":true,"href":"https:\/\/www.welovecycling.com\/pl\/wp-json\/wp\/v2\/comments?post=10912"}],"version-history":[{"count":1,"href":"https:\/\/www.welovecycling.com\/pl\/wp-json\/wp\/v2\/posts\/10912\/revisions"}],"predecessor-version":[{"id":10915,"href":"https:\/\/www.welovecycling.com\/pl\/wp-json\/wp\/v2\/posts\/10912\/revisions\/10915"}],"wp:featuredmedia":[{"embeddable":true,"href":"https:\/\/www.welovecycling.com\/pl\/wp-json\/wp\/v2\/media\/10913"}],"wp:attachment":[{"href":"https:\/\/www.welovecycling.com\/pl\/wp-json\/wp\/v2\/media?parent=10912"}],"wp:term":[{"taxonomy":"category","embeddable":true,"href":"https:\/\/www.welovecycling.com\/pl\/wp-json\/wp\/v2\/categories?post=10912"},{"taxonomy":"post_tag","embeddable":true,"href":"https:\/\/www.welovecycling.com\/pl\/wp-json\/wp\/v2\/tags?post=10912"},{"taxonomy":"global-categories","embeddable":true,"href":"https:\/\/www.welovecycling.com\/pl\/wp-json\/wp\/v2\/global-categories?post=10912"}],"curies":[{"name":"wp","href":"https:\/\/api.w.org\/{rel}","templated":true}]}}