{"id":10888,"date":"2020-07-08T12:50:23","date_gmt":"2020-07-08T12:50:23","guid":{"rendered":"https:\/\/www.welovecycling.com\/pl\/?p=10888"},"modified":"2020-07-08T12:50:23","modified_gmt":"2020-07-08T12:50:23","slug":"akcja-ride2unite-spotkanie-z-julienem-goupilem-a-s-o-media-director","status":"publish","type":"post","link":"https:\/\/www.welovecycling.com\/pl\/2020\/07\/08\/akcja-ride2unite-spotkanie-z-julienem-goupilem-a-s-o-media-director\/","title":{"rendered":"Akcja #Ride2Unite: spotkanie z Julienem Goupilem, A.S.O. Media Director"},"content":{"rendered":"<p><strong>COVID-19 pokrzy\u017cowa\u0142 wiele plan\u00f3w w \u015bwiecie sportu. Nic dziwnego, \u017ce pandemia dotkn\u0119\u0142a r\u00f3wnie\u017c najbardziej presti\u017cow\u0105 imprez\u0119 sezonu kolarskiego, Tour de France. Na szcz\u0119\u015bcie nie odwo\u0142ano jej, tylko podj\u0119to decyzj\u0119 o przesuni\u0119ciu wy\u015bcigu na wrzesie\u0144 tego roku. W pierwotnym terminie lipcowym rozgrywka odb\u0119dzie si\u0119 w niespotykanej dot\u0105d formule \u2013 w wersji cyfrowej! Cieszymy si\u0119, \u017ce Julien Goupil A.S.O. Media Director, kt\u00f3ry czuwa nad wizerunkiem TdF na ca\u0142ym \u015bwiecie, do\u0142\u0105czy do nas w kolejnej transmisji #Ride2Unite na \u017cywo. Liczymy, \u017ce opowie nam troch\u0119 o pierwszym w historii wirtualnym Tour de France. Zapraszamy na spotkanie na nasz Instagram ju\u017c w \u015brod\u0119 8 lipca o godzinie 16:00.<\/strong><\/p>\n<p>Po owocnej karierze w reklamie i mediach Julien Goupil do\u0142\u0105czy\u0142 w 2004 roku do Amaury Sport Organisation (A.S.O.). Organizuje ona renomowane, profesjonalne wy\u015bcigi szosowe, w tym Tour de France, Vuelta a Espa\u00f1a, Pary\u017c\u2013Nicea i wiele innych. Julien pe\u0142ni wyj\u0105tkowo odpowiedzialn\u0105 funkcj\u0119 w szeregach A.S.O. Jego aktualna misja obejmuje zarz\u0105dzanie produkcj\u0105 i dystrybucj\u0105 telewizyjn\u0105, cyfrow\u0105 oraz komunikacyjn\u0105 wszystkich wydarze\u0144 w wielu kana\u0142ach analogowych i cyfrowych. Tak wi\u0119c Goupil jest odpowiedzialny za nag\u0142a\u015bnianie nowych cyfrowych reali\u00f3w profesjonalnego \u015bwiata kolarstwa szosowego.<\/p>\n<p>Podczas trzech weekend\u00f3w, od 4 do 19 lipca, wirtualny Tour de France b\u0119dzie rozgrywany na sze\u015bciu cyfrowych etapach na platformie treningowej i wy\u015bcigowej Zwift. B\u0119dzie zawiera\u0142 wszystkie elementy, za kt\u00f3re tak kochamy La Grande Boucle. Nale\u017c\u0105 do nich: \u015bwiatowej s\u0142awy profesjonalne zespo\u0142y, kt\u00f3rych nazwy znane s\u0105 wszystkim, pi\u0119kne krajobrazy, peleton i wreszcie wszystkie cztery koszulki klasyfikacji do walki + combatif. To naprawd\u0119 historyczny moment, bo jeszcze nigdy nie organizowano za po\u015brednictwem wirtualnej rzeczywisto\u015bci wydarzenia o tak ogromnej skali, presti\u017cu i zasi\u0119gu. Wirtualnemu Tour de France b\u0119dzie towarzyszy\u0107 r\u00f3wnie\u017c l&#8217;\u00c9tape &#8211; wersja wy\u015bcigu dedykowana jego fanom. Ka\u017cdy mo\u017ce wzi\u0105\u0107 w niej udzia\u0142 online za pomoc\u0105 platformy Zwift i je\u017adzi\u0107 na trzech trasach w te same weekendy co profesjonali\u015bci! Tak wi\u0119c je\u015bli jeste\u015b aktywnym fanem kolarstwa otwartym na nowo\u015bci, zapisz si\u0119 do wirtualnego l&#8217;\u00c9tape. Mo\u017cesz tak\u017ce wzi\u0105\u0107 udzia\u0142 w specjalnym <a href=\"https:\/\/www.welovecycling.com\/wide\/2020\/06\/29\/win-a-vip-tour-de-france-experience-join-the-virtual-letape-du-tour\/\">konkursie We Love Cycling<\/a>, w kt\u00f3rym do wygrania s\u0105 trzy pakiety VIP Tour de France Hospitality Programme!<\/p>\n<p>Niezast\u0105piona Laura Meseguer poprowadzi wyj\u0105tkowe spotkanie z Julienem Goupilem, kt\u00f3ry wyja\u015bni dok\u0142adnie, jakie trudno\u015bci pojawi\u0142y si\u0119 podczas adaptowania TdF do rzeczywisto\u015bci wirtualnej. Ponadto us\u0142yszysz jak \u015bwiat kolarstwa zareagowa\u0142 na te zmiany i czy taki format wy\u015bcigu mo\u017ce sta\u0107 si\u0119 standardem w przysz\u0142o\u015bci. Dowiesz si\u0119 te\u017c, kto mo\u017ce uczestniczy\u0107 w wirtualnym wy\u015bcigu i czy jest jeszcze miejsce dla tradycyjnych kolarskich, wy\u015bcig\u00f3w szosowych, kt\u00f3re bez w\u0105tpienia s\u0105 niezwykle widowiskowe. To oczywi\u015bcie tylko niekt\u00f3re z temat\u00f3w, kt\u00f3re poruszymy.<\/p>\n<p>Je\u015bli masz jakie\u015b pytania, \u015bmia\u0142o zadawaj je na naszym czacie podczas streamu na \u017cywo! Do zobaczenia na naszym kanale IG w \u015brod\u0119 8 lipca o godzinie 16:00.<\/p>\n","protected":false},"excerpt":{"rendered":"<p>COVID-19 pokrzy\u017cowa\u0142 wiele plan\u00f3w w \u015bwiecie sportu. Nic dziwnego, \u017ce pandemia dotkn\u0119\u0142a r\u00f3wnie\u017c najbardziej presti\u017cow\u0105 imprez\u0119 sezonu kolarskiego, Tour de [&hellip;]<\/p>\n","protected":false},"author":125,"featured_media":10890,"comment_status":"open","ping_status":"open","sticky":false,"template":"","format":"standard","meta":{"footnotes":""},"categories":[330],"tags":[],"global-categories":[303],"class_list":["post-10888","post","type-post","status-publish","format-standard","has-post-thumbnail","hentry","category-ride2unite","global-categories-cycling"],"yoast_head":"<!-- This site is optimized with the Yoast SEO Premium plugin v25.3 (Yoast SEO v25.9) - https:\/\/yoast.com\/wordpress\/plugins\/seo\/ -->\n<title>Akcja #Ride2Unite: spotkanie z Julienem Goupilem, A.S.O. Media Director - \u0160koda We Love Cycling - Poland<\/title>\n<meta name=\"description\" content=\"COVID-19 pokrzy\u017cowa\u0142 wiele plan\u00f3w w \u015bwiecie sportu. Nic dziwnego, \u017ce pandemia dotkn\u0119\u0142a r\u00f3wnie\u017c najbardziej presti\u017cow\u0105 imprez\u0119 sezonu kolarskiego, Tour de France. Na szcz\u0119\u015bcie nie odwo\u0142ano jej, tylko podj\u0119to decyzj\u0119 o przesuni\u0119ciu wy\u015bcigu na wrzesie\u0144 tego roku.\" \/>\n<meta name=\"robots\" content=\"index, follow, max-snippet:-1, max-image-preview:large, max-video-preview:-1\" \/>\n<link rel=\"canonical\" href=\"https:\/\/www.welovecycling.com\/pl\/2020\/07\/08\/akcja-ride2unite-spotkanie-z-julienem-goupilem-a-s-o-media-director\/\" \/>\n<meta property=\"og:locale\" content=\"pl_PL\" \/>\n<meta property=\"og:type\" content=\"article\" \/>\n<meta property=\"og:title\" content=\"Akcja #Ride2Unite: spotkanie z Julienem Goupilem, A.S.O. Media Director\" \/>\n<meta property=\"og:description\" content=\"COVID-19 pokrzy\u017cowa\u0142 wiele plan\u00f3w w \u015bwiecie sportu. Nic dziwnego, \u017ce pandemia dotkn\u0119\u0142a r\u00f3wnie\u017c najbardziej presti\u017cow\u0105 imprez\u0119 sezonu kolarskiego, Tour de France. Na szcz\u0119\u015bcie nie odwo\u0142ano jej, tylko podj\u0119to decyzj\u0119 o przesuni\u0119ciu wy\u015bcigu na wrzesie\u0144 tego roku.\" \/>\n<meta property=\"og:url\" content=\"https:\/\/www.welovecycling.com\/pl\/2020\/07\/08\/akcja-ride2unite-spotkanie-z-julienem-goupilem-a-s-o-media-director\/\" \/>\n<meta property=\"og:site_name\" content=\"\u0160koda We Love Cycling - Poland\" \/>\n<meta property=\"article:published_time\" content=\"2020-07-08T12:50:23+00:00\" \/>\n<meta property=\"og:image\" content=\"https:\/\/d2p6e6u75xmxt8.cloudfront.net\/5\/2020\/07\/JULIEN-GOUPIL_-POP-1.jpg\" \/>\n\t<meta property=\"og:image:width\" content=\"1366\" \/>\n\t<meta property=\"og:image:height\" content=\"628\" \/>\n\t<meta property=\"og:image:type\" content=\"image\/jpeg\" \/>\n<meta name=\"author\" content=\"oktawiamikulska\" \/>\n<meta name=\"twitter:card\" content=\"summary_large_image\" \/>\n<meta name=\"twitter:label1\" content=\"Written by\" \/>\n\t<meta name=\"twitter:data1\" content=\"Frantiska Blazkova\" \/>\n\t<meta name=\"twitter:label2\" content=\"Est. reading time\" \/>\n\t<meta name=\"twitter:data2\" content=\"3 minutes\" \/>\n<script type=\"application\/ld+json\" class=\"yoast-schema-graph\">{\"@context\":\"https:\/\/schema.org\",\"@graph\":[{\"@type\":\"WebPage\",\"@id\":\"https:\/\/www.welovecycling.com\/pl\/2020\/07\/08\/akcja-ride2unite-spotkanie-z-julienem-goupilem-a-s-o-media-director\/\",\"url\":\"https:\/\/www.welovecycling.com\/pl\/2020\/07\/08\/akcja-ride2unite-spotkanie-z-julienem-goupilem-a-s-o-media-director\/\",\"name\":\"Akcja #Ride2Unite: spotkanie z Julienem Goupilem, A.S.O. Media Director - \u0160koda We Love Cycling - Poland\",\"isPartOf\":{\"@id\":\"https:\/\/www.welovecycling.com\/pl\/#website\"},\"primaryImageOfPage\":{\"@id\":\"https:\/\/www.welovecycling.com\/pl\/2020\/07\/08\/akcja-ride2unite-spotkanie-z-julienem-goupilem-a-s-o-media-director\/#primaryimage\"},\"image\":{\"@id\":\"https:\/\/www.welovecycling.com\/pl\/2020\/07\/08\/akcja-ride2unite-spotkanie-z-julienem-goupilem-a-s-o-media-director\/#primaryimage\"},\"thumbnailUrl\":\"https:\/\/d2p6e6u75xmxt8.cloudfront.net\/5\/2020\/07\/JULIEN-GOUPIL_-POP-1.jpg\",\"datePublished\":\"2020-07-08T12:50:23+00:00\",\"author\":{\"@id\":\"https:\/\/www.welovecycling.com\/pl\/#\/schema\/person\/4a79bac7bd265aa6a35a1079d36648be\"},\"description\":\"COVID-19 pokrzy\u017cowa\u0142 wiele plan\u00f3w w \u015bwiecie sportu. Nic dziwnego, \u017ce pandemia dotkn\u0119\u0142a r\u00f3wnie\u017c najbardziej presti\u017cow\u0105 imprez\u0119 sezonu kolarskiego, Tour de France. Na szcz\u0119\u015bcie nie odwo\u0142ano jej, tylko podj\u0119to decyzj\u0119 o przesuni\u0119ciu wy\u015bcigu na wrzesie\u0144 tego roku.\",\"breadcrumb\":{\"@id\":\"https:\/\/www.welovecycling.com\/pl\/2020\/07\/08\/akcja-ride2unite-spotkanie-z-julienem-goupilem-a-s-o-media-director\/#breadcrumb\"},\"inLanguage\":\"pl-PL\",\"potentialAction\":[{\"@type\":\"ReadAction\",\"target\":[\"https:\/\/www.welovecycling.com\/pl\/2020\/07\/08\/akcja-ride2unite-spotkanie-z-julienem-goupilem-a-s-o-media-director\/\"]}]},{\"@type\":\"ImageObject\",\"inLanguage\":\"pl-PL\",\"@id\":\"https:\/\/www.welovecycling.com\/pl\/2020\/07\/08\/akcja-ride2unite-spotkanie-z-julienem-goupilem-a-s-o-media-director\/#primaryimage\",\"url\":\"https:\/\/d2p6e6u75xmxt8.cloudfront.net\/5\/2020\/07\/JULIEN-GOUPIL_-POP-1.jpg\",\"contentUrl\":\"https:\/\/d2p6e6u75xmxt8.cloudfront.net\/5\/2020\/07\/JULIEN-GOUPIL_-POP-1.jpg\",\"width\":1366,\"height\":628},{\"@type\":\"BreadcrumbList\",\"@id\":\"https:\/\/www.welovecycling.com\/pl\/2020\/07\/08\/akcja-ride2unite-spotkanie-z-julienem-goupilem-a-s-o-media-director\/#breadcrumb\",\"itemListElement\":[{\"@type\":\"ListItem\",\"position\":1,\"name\":\"Home\",\"item\":\"https:\/\/www.welovecycling.com\/pl\/\"},{\"@type\":\"ListItem\",\"position\":2,\"name\":\"Akcja #Ride2Unite: spotkanie z Julienem Goupilem, A.S.O. Media Director\"}]},{\"@type\":\"WebSite\",\"@id\":\"https:\/\/www.welovecycling.com\/pl\/#website\",\"url\":\"https:\/\/www.welovecycling.com\/pl\/\",\"name\":\"\u0160koda We Love Cycling - Poland\",\"description\":\"\",\"potentialAction\":[{\"@type\":\"SearchAction\",\"target\":{\"@type\":\"EntryPoint\",\"urlTemplate\":\"https:\/\/www.welovecycling.com\/pl\/?s={search_term_string}\"},\"query-input\":{\"@type\":\"PropertyValueSpecification\",\"valueRequired\":true,\"valueName\":\"search_term_string\"}}],\"inLanguage\":\"pl-PL\"},{\"@type\":\"Person\",\"@id\":\"https:\/\/www.welovecycling.com\/pl\/#\/schema\/person\/4a79bac7bd265aa6a35a1079d36648be\",\"name\":\"oktawiamikulska\",\"image\":{\"@type\":\"ImageObject\",\"inLanguage\":\"pl-PL\",\"@id\":\"https:\/\/www.welovecycling.com\/pl\/#\/schema\/person\/image\/\",\"url\":\"https:\/\/secure.gravatar.com\/avatar\/b97a3f44e2de6d2f8dd358975937e49823662e12cbd810b9d1a2bff1c149e8a7?s=96&d=mm&r=g\",\"contentUrl\":\"https:\/\/secure.gravatar.com\/avatar\/b97a3f44e2de6d2f8dd358975937e49823662e12cbd810b9d1a2bff1c149e8a7?s=96&d=mm&r=g\",\"caption\":\"oktawiamikulska\"},\"url\":\"https:\/\/www.welovecycling.com\/pl\/author\/oktawiamikulska\/\"}]}<\/script>\n<!-- \/ Yoast SEO Premium plugin. -->","yoast_head_json":{"title":"Akcja #Ride2Unite: spotkanie z Julienem Goupilem, A.S.O. Media Director - \u0160koda We Love Cycling - Poland","description":"COVID-19 pokrzy\u017cowa\u0142 wiele plan\u00f3w w \u015bwiecie sportu. Nic dziwnego, \u017ce pandemia dotkn\u0119\u0142a r\u00f3wnie\u017c najbardziej presti\u017cow\u0105 imprez\u0119 sezonu kolarskiego, Tour de France. Na szcz\u0119\u015bcie nie odwo\u0142ano jej, tylko podj\u0119to decyzj\u0119 o przesuni\u0119ciu wy\u015bcigu na wrzesie\u0144 tego roku.","robots":{"index":"index","follow":"follow","max-snippet":"max-snippet:-1","max-image-preview":"max-image-preview:large","max-video-preview":"max-video-preview:-1"},"canonical":"https:\/\/www.welovecycling.com\/pl\/2020\/07\/08\/akcja-ride2unite-spotkanie-z-julienem-goupilem-a-s-o-media-director\/","og_locale":"pl_PL","og_type":"article","og_title":"Akcja #Ride2Unite: spotkanie z Julienem Goupilem, A.S.O. Media Director","og_description":"COVID-19 pokrzy\u017cowa\u0142 wiele plan\u00f3w w \u015bwiecie sportu. Nic dziwnego, \u017ce pandemia dotkn\u0119\u0142a r\u00f3wnie\u017c najbardziej presti\u017cow\u0105 imprez\u0119 sezonu kolarskiego, Tour de France. Na szcz\u0119\u015bcie nie odwo\u0142ano jej, tylko podj\u0119to decyzj\u0119 o przesuni\u0119ciu wy\u015bcigu na wrzesie\u0144 tego roku.","og_url":"https:\/\/www.welovecycling.com\/pl\/2020\/07\/08\/akcja-ride2unite-spotkanie-z-julienem-goupilem-a-s-o-media-director\/","og_site_name":"\u0160koda We Love Cycling - Poland","article_published_time":"2020-07-08T12:50:23+00:00","og_image":[{"width":1366,"height":628,"url":"https:\/\/d2p6e6u75xmxt8.cloudfront.net\/5\/2020\/07\/JULIEN-GOUPIL_-POP-1.jpg","type":"image\/jpeg"}],"author":"oktawiamikulska","twitter_card":"summary_large_image","twitter_misc":{"Written by":"Frantiska Blazkova","Est. reading time":"3 minutes"},"schema":{"@context":"https:\/\/schema.org","@graph":[{"@type":"WebPage","@id":"https:\/\/www.welovecycling.com\/pl\/2020\/07\/08\/akcja-ride2unite-spotkanie-z-julienem-goupilem-a-s-o-media-director\/","url":"https:\/\/www.welovecycling.com\/pl\/2020\/07\/08\/akcja-ride2unite-spotkanie-z-julienem-goupilem-a-s-o-media-director\/","name":"Akcja #Ride2Unite: spotkanie z Julienem Goupilem, A.S.O. Media Director - \u0160koda We Love Cycling - Poland","isPartOf":{"@id":"https:\/\/www.welovecycling.com\/pl\/#website"},"primaryImageOfPage":{"@id":"https:\/\/www.welovecycling.com\/pl\/2020\/07\/08\/akcja-ride2unite-spotkanie-z-julienem-goupilem-a-s-o-media-director\/#primaryimage"},"image":{"@id":"https:\/\/www.welovecycling.com\/pl\/2020\/07\/08\/akcja-ride2unite-spotkanie-z-julienem-goupilem-a-s-o-media-director\/#primaryimage"},"thumbnailUrl":"https:\/\/d2p6e6u75xmxt8.cloudfront.net\/5\/2020\/07\/JULIEN-GOUPIL_-POP-1.jpg","datePublished":"2020-07-08T12:50:23+00:00","author":{"@id":"https:\/\/www.welovecycling.com\/pl\/#\/schema\/person\/4a79bac7bd265aa6a35a1079d36648be"},"description":"COVID-19 pokrzy\u017cowa\u0142 wiele plan\u00f3w w \u015bwiecie sportu. Nic dziwnego, \u017ce pandemia dotkn\u0119\u0142a r\u00f3wnie\u017c najbardziej presti\u017cow\u0105 imprez\u0119 sezonu kolarskiego, Tour de France. Na szcz\u0119\u015bcie nie odwo\u0142ano jej, tylko podj\u0119to decyzj\u0119 o przesuni\u0119ciu wy\u015bcigu na wrzesie\u0144 tego roku.","breadcrumb":{"@id":"https:\/\/www.welovecycling.com\/pl\/2020\/07\/08\/akcja-ride2unite-spotkanie-z-julienem-goupilem-a-s-o-media-director\/#breadcrumb"},"inLanguage":"pl-PL","potentialAction":[{"@type":"ReadAction","target":["https:\/\/www.welovecycling.com\/pl\/2020\/07\/08\/akcja-ride2unite-spotkanie-z-julienem-goupilem-a-s-o-media-director\/"]}]},{"@type":"ImageObject","inLanguage":"pl-PL","@id":"https:\/\/www.welovecycling.com\/pl\/2020\/07\/08\/akcja-ride2unite-spotkanie-z-julienem-goupilem-a-s-o-media-director\/#primaryimage","url":"https:\/\/d2p6e6u75xmxt8.cloudfront.net\/5\/2020\/07\/JULIEN-GOUPIL_-POP-1.jpg","contentUrl":"https:\/\/d2p6e6u75xmxt8.cloudfront.net\/5\/2020\/07\/JULIEN-GOUPIL_-POP-1.jpg","width":1366,"height":628},{"@type":"BreadcrumbList","@id":"https:\/\/www.welovecycling.com\/pl\/2020\/07\/08\/akcja-ride2unite-spotkanie-z-julienem-goupilem-a-s-o-media-director\/#breadcrumb","itemListElement":[{"@type":"ListItem","position":1,"name":"Home","item":"https:\/\/www.welovecycling.com\/pl\/"},{"@type":"ListItem","position":2,"name":"Akcja #Ride2Unite: spotkanie z Julienem Goupilem, A.S.O. Media Director"}]},{"@type":"WebSite","@id":"https:\/\/www.welovecycling.com\/pl\/#website","url":"https:\/\/www.welovecycling.com\/pl\/","name":"\u0160koda We Love Cycling - Poland","description":"","potentialAction":[{"@type":"SearchAction","target":{"@type":"EntryPoint","urlTemplate":"https:\/\/www.welovecycling.com\/pl\/?s={search_term_string}"},"query-input":{"@type":"PropertyValueSpecification","valueRequired":true,"valueName":"search_term_string"}}],"inLanguage":"pl-PL"},{"@type":"Person","@id":"https:\/\/www.welovecycling.com\/pl\/#\/schema\/person\/4a79bac7bd265aa6a35a1079d36648be","name":"oktawiamikulska","image":{"@type":"ImageObject","inLanguage":"pl-PL","@id":"https:\/\/www.welovecycling.com\/pl\/#\/schema\/person\/image\/","url":"https:\/\/secure.gravatar.com\/avatar\/b97a3f44e2de6d2f8dd358975937e49823662e12cbd810b9d1a2bff1c149e8a7?s=96&d=mm&r=g","contentUrl":"https:\/\/secure.gravatar.com\/avatar\/b97a3f44e2de6d2f8dd358975937e49823662e12cbd810b9d1a2bff1c149e8a7?s=96&d=mm&r=g","caption":"oktawiamikulska"},"url":"https:\/\/www.welovecycling.com\/pl\/author\/oktawiamikulska\/"}]}},"_links":{"self":[{"href":"https:\/\/www.welovecycling.com\/pl\/wp-json\/wp\/v2\/posts\/10888","targetHints":{"allow":["GET"]}}],"collection":[{"href":"https:\/\/www.welovecycling.com\/pl\/wp-json\/wp\/v2\/posts"}],"about":[{"href":"https:\/\/www.welovecycling.com\/pl\/wp-json\/wp\/v2\/types\/post"}],"author":[{"embeddable":true,"href":"https:\/\/www.welovecycling.com\/pl\/wp-json\/wp\/v2\/users\/125"}],"replies":[{"embeddable":true,"href":"https:\/\/www.welovecycling.com\/pl\/wp-json\/wp\/v2\/comments?post=10888"}],"version-history":[{"count":1,"href":"https:\/\/www.welovecycling.com\/pl\/wp-json\/wp\/v2\/posts\/10888\/revisions"}],"predecessor-version":[{"id":10889,"href":"https:\/\/www.welovecycling.com\/pl\/wp-json\/wp\/v2\/posts\/10888\/revisions\/10889"}],"wp:featuredmedia":[{"embeddable":true,"href":"https:\/\/www.welovecycling.com\/pl\/wp-json\/wp\/v2\/media\/10890"}],"wp:attachment":[{"href":"https:\/\/www.welovecycling.com\/pl\/wp-json\/wp\/v2\/media?parent=10888"}],"wp:term":[{"taxonomy":"category","embeddable":true,"href":"https:\/\/www.welovecycling.com\/pl\/wp-json\/wp\/v2\/categories?post=10888"},{"taxonomy":"post_tag","embeddable":true,"href":"https:\/\/www.welovecycling.com\/pl\/wp-json\/wp\/v2\/tags?post=10888"},{"taxonomy":"global-categories","embeddable":true,"href":"https:\/\/www.welovecycling.com\/pl\/wp-json\/wp\/v2\/global-categories?post=10888"}],"curies":[{"name":"wp","href":"https:\/\/api.w.org\/{rel}","templated":true}]}}