{"id":10883,"date":"2020-07-08T14:50:33","date_gmt":"2020-07-08T14:50:33","guid":{"rendered":"https:\/\/www.welovecycling.com\/pl\/?p=10883"},"modified":"2020-07-08T14:50:33","modified_gmt":"2020-07-08T14:50:33","slug":"julien-bernard-i-laura-stephens-zwyciezcami-drugiego-etapu-wirtualnego-tdf","status":"publish","type":"post","link":"https:\/\/www.welovecycling.com\/pl\/2020\/07\/08\/julien-bernard-i-laura-stephens-zwyciezcami-drugiego-etapu-wirtualnego-tdf\/","title":{"rendered":"Julien Bernard i Laura Stephens zwyci\u0119zcami drugiego etapu wirtualnego TdF"},"content":{"rendered":"<p><strong>Mamy dla Ciebie kolejn\u0105 porcj\u0119 najnowszych wie\u015bci z kolarskiego \u015bwiata, za kt\u00f3rymi z pewno\u015bci\u0105 t\u0119skni\u0142e\u015b.<\/strong><\/p>\n<h2><strong>Wirtualny Tour de France m\u0119\u017cczyzn, etap drugi<\/strong><\/h2>\n<p>Julien Bernard zosta\u0142 pierwszym Francuzem, kt\u00f3ry wygra\u0142 etap Tour de France w 2020 roku.<\/p>\n<p>\u201eJestem bardzo dumny, poniewa\u017c etap TdF to etap TdF. To zupe\u0142nie nieistotne, \u017ce w tym roku wy\u015bcig jest wirtualny. Ciesz\u0119 si\u0119, \u017ce wygra\u0142em \u2013 tak\u017ce ze wzgl\u0119du na moj\u0105 ekip\u0119 Trek-Segafredo. Ci\u0119\u017cko trenowali\u015bmy podczas przerwy i teraz jeste\u015bmy gotowi na wy\u015bcigi w realu\u201d \u2013 powiedzia\u0142 Bernard po swoim zwyci\u0119stwie.<\/p>\n<div class=\"embed-controller-wrapper\">\n<div class=\"embed-wrapper\"><iframe title=\"Virtual Tour de France 2020 - Stage 2 : Highlights\" width=\"500\" height=\"281\" data-src=\"https:\/\/www.youtube.com\/embed\/M1XwTnK1FaQ?feature=oembed\" frameborder=\"0\" allow=\"accelerometer; autoplay; clipboard-write; encrypted-media; gyroscope; picture-in-picture; web-share\" referrerpolicy=\"strict-origin-when-cross-origin\" allowfullscreen><\/iframe><\/div>\n<\/div>\n<p>Dzi\u0119ki najlepszym wynikom ekipa NTT przed trzecim i czwartym etapem, kt\u00f3re odb\u0119d\u0105 si\u0119 w nast\u0119pny weekend, pozostaje w \u017c\u00f3\u0142tej koszulce lidera.<\/p>\n<h4><strong>Stage 2 results<\/strong><\/h4>\n<p>1. Julien Bernard (Fra) Trek-Segafredo, in 41-12<br \/>\n2. Freddy Ovett (Aus) Israel Start-Up Nation, at same time<br \/>\n3. Nicolas Edet (Fra) Cofidis<br \/>\n4. Michael Woods (Can) EF Pro Cycling, both at same time<br \/>\n5. Patrick Bevin (NZl) CCC, at one second<br \/>\n6. Stefan De Bod (RSA) NTT, at 2s<br \/>\n7. Giulio Ciccone (Ita) Trek-Segafredo<br \/>\n8. Louis Meintjes (RSA) NTT<br \/>\n9. Tao Geoghegan Hart (GBr) Ineos<br \/>\n10. Gianni Vermeersch (Bel) Alpecin-Fenix, all at same time<\/p>\n<h4><strong>General classification<\/strong><\/h4>\n<p>1. NTT (RSA) \u2013 130 points<br \/>\n2. Rally Cycling (USA) \u2013 92<br \/>\n3. Alpecin-Fenix (Bel) \u2013 89<br \/>\n4. Trek-Segafredo (USA) \u2013 87<br \/>\n5. Israel Start-Up Nation \u2013 77<br \/>\n6. CCC Team (Pol) \u2013 61<br \/>\n7. EF Pro Cycling (USA) \u2013 53<br \/>\n8. Cofidis (Fra) \u2013 51<br \/>\n9. Ineos (GBr) \u2013 36<br \/>\n10. Mitchelton-Scott (Aus) \u2013 35<\/p>\n<h2><strong>Wirtualny Tour de France kobiet, etap drugi<\/strong><\/h2>\n<p>Laura Stephens odnios\u0142a zwyci\u0119stwo podczas ekscytuj\u0105cego sprintu na g\u00f3rzystym etapie drugim.<\/p>\n<p>https:\/\/www.instagram.com\/p\/CCRrLhblBRO\/?utm_source=ig_web_copy_link<\/p>\n<p>Ekipa Tibco \u2013 Silicon Valley Bank prowadzi teraz w klasyfikacji generalnej kobiet.<\/p>\n<h4><strong>Stage 2 results<\/strong><\/h4>\n<p>1. Lauren Stephens (USA) Tibco \u2013 Silicon Valley Bank, in 47-32<br \/>\n2. Joss Lowden (GBr) Drops, at same time<br \/>\n3. Erica Magnaldi (Ita) Ceratizit \u2013 WNT<br \/>\n4. Cecilie Uttrup Ludwig (Den) FDJ Nouvelle \u2013 Aquitaine Futuroscope<br \/>\n5. Kristen Faulkner (USA) Tibco \u2013 Silicon Valley Bank, all at same time<br \/>\n6. Pauliena Rooijakkers (Ned) CCC, at 15 seconds<br \/>\n7. Sarah Gigante (Aus) Tibco \u2013 Silicon Valley Bank<br \/>\n8. Ella Harris (New Zealand) Canyon-SRAM<br \/>\n9. Anna Henderson (GBr) Sunweb<br \/>\n10. Krista Doebel-Hickok (USA) Rally, all at same time<\/p>\n<h4>General classification<\/h4>\n<p>1. Tibco \u2013 Silicon Valley Bank (USA) \u2013 170 points<br \/>\n2. Drops (GBr) \u2013 111<br \/>\n3. Canyon-SRAM (Ger) \u2013 88<br \/>\n4. Boels Dolmans (Ned) \u2013 60<br \/>\n5. CCC Liv (Pol) \u2013 59<br \/>\n6. Rally Cycling (USA) \u2013 57<br \/>\n7. Twenty20 (USA) \u2013 55<br \/>\n8. Ceratizit-WNT (Ger) \u2013 46<br \/>\n9. FDJ Nouvelle \u2013 Aquitaine Futuroscope (Fra) \u2013 45<br \/>\n10. Trek-Segafredo (USA) \u2013 26<\/p>\n<p>Wirtualna rywalizacja podczas drugiego etapu TdF by\u0142a bardzo zaci\u0119ta, a zawodnicy s\u0105 r\u00f3wnie mocno zaanga\u017cowani i g\u0142odni zwyci\u0119stw, jak w poprzednich edycjach wy\u015bcig\u00f3w na \u017cywo.<\/p>\n","protected":false},"excerpt":{"rendered":"<p>Mamy dla Ciebie kolejn\u0105 porcj\u0119 najnowszych wie\u015bci z kolarskiego \u015bwiata, za kt\u00f3rymi z pewno\u015bci\u0105 t\u0119skni\u0142e\u015b. Wirtualny Tour de France m\u0119\u017cczyzn, [&hellip;]<\/p>\n","protected":false},"author":125,"featured_media":10887,"comment_status":"open","ping_status":"open","sticky":false,"template":"","format":"standard","meta":{"footnotes":""},"categories":[330],"tags":[],"global-categories":[303],"class_list":["post-10883","post","type-post","status-publish","format-standard","has-post-thumbnail","hentry","category-ride2unite","global-categories-cycling"],"yoast_head":"<!-- This site is optimized with the Yoast SEO Premium plugin v25.3 (Yoast SEO v25.9) - https:\/\/yoast.com\/wordpress\/plugins\/seo\/ -->\n<title>Julien Bernard i Laura Stephens zwyci\u0119zcami drugiego etapu wirtualnego TdF - \u0160koda We Love Cycling - Poland<\/title>\n<meta name=\"robots\" content=\"index, follow, max-snippet:-1, max-image-preview:large, max-video-preview:-1\" \/>\n<link rel=\"canonical\" href=\"https:\/\/www.welovecycling.com\/pl\/2020\/07\/08\/julien-bernard-i-laura-stephens-zwyciezcami-drugiego-etapu-wirtualnego-tdf\/\" \/>\n<meta property=\"og:locale\" content=\"pl_PL\" \/>\n<meta property=\"og:type\" content=\"article\" \/>\n<meta property=\"og:title\" content=\"Julien Bernard i Laura Stephens zwyci\u0119zcami drugiego etapu wirtualnego TdF\" \/>\n<meta property=\"og:description\" content=\"Mamy dla Ciebie kolejn\u0105 porcj\u0119 najnowszych wie\u015bci z kolarskiego \u015bwiata, za kt\u00f3rymi z pewno\u015bci\u0105 t\u0119skni\u0142e\u015b. Wirtualny Tour de France m\u0119\u017cczyzn, [&hellip;]\" \/>\n<meta property=\"og:url\" content=\"https:\/\/www.welovecycling.com\/pl\/2020\/07\/08\/julien-bernard-i-laura-stephens-zwyciezcami-drugiego-etapu-wirtualnego-tdf\/\" \/>\n<meta property=\"og:site_name\" content=\"\u0160koda We Love Cycling - Poland\" \/>\n<meta property=\"article:published_time\" content=\"2020-07-08T14:50:33+00:00\" \/>\n<meta property=\"og:image\" content=\"https:\/\/d2p6e6u75xmxt8.cloudfront.net\/5\/2020\/07\/Virtual-TdF-CVR-1.jpg\" \/>\n\t<meta property=\"og:image:width\" content=\"1366\" \/>\n\t<meta property=\"og:image:height\" content=\"600\" \/>\n\t<meta property=\"og:image:type\" content=\"image\/jpeg\" \/>\n<meta name=\"author\" content=\"oktawiamikulska\" \/>\n<meta name=\"twitter:card\" content=\"summary_large_image\" \/>\n<meta name=\"twitter:label1\" content=\"Written by\" \/>\n\t<meta name=\"twitter:data1\" content=\"Monica Buck\" \/>\n\t<meta name=\"twitter:label2\" content=\"Est. reading time\" \/>\n\t<meta name=\"twitter:data2\" content=\"2 minutes\" \/>\n<script type=\"application\/ld+json\" class=\"yoast-schema-graph\">{\"@context\":\"https:\/\/schema.org\",\"@graph\":[{\"@type\":\"WebPage\",\"@id\":\"https:\/\/www.welovecycling.com\/pl\/2020\/07\/08\/julien-bernard-i-laura-stephens-zwyciezcami-drugiego-etapu-wirtualnego-tdf\/\",\"url\":\"https:\/\/www.welovecycling.com\/pl\/2020\/07\/08\/julien-bernard-i-laura-stephens-zwyciezcami-drugiego-etapu-wirtualnego-tdf\/\",\"name\":\"Julien Bernard i Laura Stephens zwyci\u0119zcami drugiego etapu wirtualnego TdF - \u0160koda We Love Cycling - Poland\",\"isPartOf\":{\"@id\":\"https:\/\/www.welovecycling.com\/pl\/#website\"},\"primaryImageOfPage\":{\"@id\":\"https:\/\/www.welovecycling.com\/pl\/2020\/07\/08\/julien-bernard-i-laura-stephens-zwyciezcami-drugiego-etapu-wirtualnego-tdf\/#primaryimage\"},\"image\":{\"@id\":\"https:\/\/www.welovecycling.com\/pl\/2020\/07\/08\/julien-bernard-i-laura-stephens-zwyciezcami-drugiego-etapu-wirtualnego-tdf\/#primaryimage\"},\"thumbnailUrl\":\"https:\/\/d2p6e6u75xmxt8.cloudfront.net\/5\/2020\/07\/Virtual-TdF-CVR-1.jpg\",\"datePublished\":\"2020-07-08T14:50:33+00:00\",\"author\":{\"@id\":\"https:\/\/www.welovecycling.com\/pl\/#\/schema\/person\/4a79bac7bd265aa6a35a1079d36648be\"},\"breadcrumb\":{\"@id\":\"https:\/\/www.welovecycling.com\/pl\/2020\/07\/08\/julien-bernard-i-laura-stephens-zwyciezcami-drugiego-etapu-wirtualnego-tdf\/#breadcrumb\"},\"inLanguage\":\"pl-PL\",\"potentialAction\":[{\"@type\":\"ReadAction\",\"target\":[\"https:\/\/www.welovecycling.com\/pl\/2020\/07\/08\/julien-bernard-i-laura-stephens-zwyciezcami-drugiego-etapu-wirtualnego-tdf\/\"]}]},{\"@type\":\"ImageObject\",\"inLanguage\":\"pl-PL\",\"@id\":\"https:\/\/www.welovecycling.com\/pl\/2020\/07\/08\/julien-bernard-i-laura-stephens-zwyciezcami-drugiego-etapu-wirtualnego-tdf\/#primaryimage\",\"url\":\"https:\/\/d2p6e6u75xmxt8.cloudfront.net\/5\/2020\/07\/Virtual-TdF-CVR-1.jpg\",\"contentUrl\":\"https:\/\/d2p6e6u75xmxt8.cloudfront.net\/5\/2020\/07\/Virtual-TdF-CVR-1.jpg\",\"width\":1366,\"height\":600},{\"@type\":\"BreadcrumbList\",\"@id\":\"https:\/\/www.welovecycling.com\/pl\/2020\/07\/08\/julien-bernard-i-laura-stephens-zwyciezcami-drugiego-etapu-wirtualnego-tdf\/#breadcrumb\",\"itemListElement\":[{\"@type\":\"ListItem\",\"position\":1,\"name\":\"Home\",\"item\":\"https:\/\/www.welovecycling.com\/pl\/\"},{\"@type\":\"ListItem\",\"position\":2,\"name\":\"Julien Bernard i Laura Stephens zwyci\u0119zcami drugiego etapu wirtualnego TdF\"}]},{\"@type\":\"WebSite\",\"@id\":\"https:\/\/www.welovecycling.com\/pl\/#website\",\"url\":\"https:\/\/www.welovecycling.com\/pl\/\",\"name\":\"\u0160koda We Love Cycling - Poland\",\"description\":\"\",\"potentialAction\":[{\"@type\":\"SearchAction\",\"target\":{\"@type\":\"EntryPoint\",\"urlTemplate\":\"https:\/\/www.welovecycling.com\/pl\/?s={search_term_string}\"},\"query-input\":{\"@type\":\"PropertyValueSpecification\",\"valueRequired\":true,\"valueName\":\"search_term_string\"}}],\"inLanguage\":\"pl-PL\"},{\"@type\":\"Person\",\"@id\":\"https:\/\/www.welovecycling.com\/pl\/#\/schema\/person\/4a79bac7bd265aa6a35a1079d36648be\",\"name\":\"oktawiamikulska\",\"image\":{\"@type\":\"ImageObject\",\"inLanguage\":\"pl-PL\",\"@id\":\"https:\/\/www.welovecycling.com\/pl\/#\/schema\/person\/image\/\",\"url\":\"https:\/\/secure.gravatar.com\/avatar\/b97a3f44e2de6d2f8dd358975937e49823662e12cbd810b9d1a2bff1c149e8a7?s=96&d=mm&r=g\",\"contentUrl\":\"https:\/\/secure.gravatar.com\/avatar\/b97a3f44e2de6d2f8dd358975937e49823662e12cbd810b9d1a2bff1c149e8a7?s=96&d=mm&r=g\",\"caption\":\"oktawiamikulska\"},\"url\":\"https:\/\/www.welovecycling.com\/pl\/author\/oktawiamikulska\/\"}]}<\/script>\n<!-- \/ Yoast SEO Premium plugin. -->","yoast_head_json":{"title":"Julien Bernard i Laura Stephens zwyci\u0119zcami drugiego etapu wirtualnego TdF - \u0160koda We Love Cycling - Poland","robots":{"index":"index","follow":"follow","max-snippet":"max-snippet:-1","max-image-preview":"max-image-preview:large","max-video-preview":"max-video-preview:-1"},"canonical":"https:\/\/www.welovecycling.com\/pl\/2020\/07\/08\/julien-bernard-i-laura-stephens-zwyciezcami-drugiego-etapu-wirtualnego-tdf\/","og_locale":"pl_PL","og_type":"article","og_title":"Julien Bernard i Laura Stephens zwyci\u0119zcami drugiego etapu wirtualnego TdF","og_description":"Mamy dla Ciebie kolejn\u0105 porcj\u0119 najnowszych wie\u015bci z kolarskiego \u015bwiata, za kt\u00f3rymi z pewno\u015bci\u0105 t\u0119skni\u0142e\u015b. Wirtualny Tour de France m\u0119\u017cczyzn, [&hellip;]","og_url":"https:\/\/www.welovecycling.com\/pl\/2020\/07\/08\/julien-bernard-i-laura-stephens-zwyciezcami-drugiego-etapu-wirtualnego-tdf\/","og_site_name":"\u0160koda We Love Cycling - Poland","article_published_time":"2020-07-08T14:50:33+00:00","og_image":[{"width":1366,"height":600,"url":"https:\/\/d2p6e6u75xmxt8.cloudfront.net\/5\/2020\/07\/Virtual-TdF-CVR-1.jpg","type":"image\/jpeg"}],"author":"oktawiamikulska","twitter_card":"summary_large_image","twitter_misc":{"Written by":"Monica Buck","Est. reading time":"2 minutes"},"schema":{"@context":"https:\/\/schema.org","@graph":[{"@type":"WebPage","@id":"https:\/\/www.welovecycling.com\/pl\/2020\/07\/08\/julien-bernard-i-laura-stephens-zwyciezcami-drugiego-etapu-wirtualnego-tdf\/","url":"https:\/\/www.welovecycling.com\/pl\/2020\/07\/08\/julien-bernard-i-laura-stephens-zwyciezcami-drugiego-etapu-wirtualnego-tdf\/","name":"Julien Bernard i Laura Stephens zwyci\u0119zcami drugiego etapu wirtualnego TdF - \u0160koda We Love Cycling - Poland","isPartOf":{"@id":"https:\/\/www.welovecycling.com\/pl\/#website"},"primaryImageOfPage":{"@id":"https:\/\/www.welovecycling.com\/pl\/2020\/07\/08\/julien-bernard-i-laura-stephens-zwyciezcami-drugiego-etapu-wirtualnego-tdf\/#primaryimage"},"image":{"@id":"https:\/\/www.welovecycling.com\/pl\/2020\/07\/08\/julien-bernard-i-laura-stephens-zwyciezcami-drugiego-etapu-wirtualnego-tdf\/#primaryimage"},"thumbnailUrl":"https:\/\/d2p6e6u75xmxt8.cloudfront.net\/5\/2020\/07\/Virtual-TdF-CVR-1.jpg","datePublished":"2020-07-08T14:50:33+00:00","author":{"@id":"https:\/\/www.welovecycling.com\/pl\/#\/schema\/person\/4a79bac7bd265aa6a35a1079d36648be"},"breadcrumb":{"@id":"https:\/\/www.welovecycling.com\/pl\/2020\/07\/08\/julien-bernard-i-laura-stephens-zwyciezcami-drugiego-etapu-wirtualnego-tdf\/#breadcrumb"},"inLanguage":"pl-PL","potentialAction":[{"@type":"ReadAction","target":["https:\/\/www.welovecycling.com\/pl\/2020\/07\/08\/julien-bernard-i-laura-stephens-zwyciezcami-drugiego-etapu-wirtualnego-tdf\/"]}]},{"@type":"ImageObject","inLanguage":"pl-PL","@id":"https:\/\/www.welovecycling.com\/pl\/2020\/07\/08\/julien-bernard-i-laura-stephens-zwyciezcami-drugiego-etapu-wirtualnego-tdf\/#primaryimage","url":"https:\/\/d2p6e6u75xmxt8.cloudfront.net\/5\/2020\/07\/Virtual-TdF-CVR-1.jpg","contentUrl":"https:\/\/d2p6e6u75xmxt8.cloudfront.net\/5\/2020\/07\/Virtual-TdF-CVR-1.jpg","width":1366,"height":600},{"@type":"BreadcrumbList","@id":"https:\/\/www.welovecycling.com\/pl\/2020\/07\/08\/julien-bernard-i-laura-stephens-zwyciezcami-drugiego-etapu-wirtualnego-tdf\/#breadcrumb","itemListElement":[{"@type":"ListItem","position":1,"name":"Home","item":"https:\/\/www.welovecycling.com\/pl\/"},{"@type":"ListItem","position":2,"name":"Julien Bernard i Laura Stephens zwyci\u0119zcami drugiego etapu wirtualnego TdF"}]},{"@type":"WebSite","@id":"https:\/\/www.welovecycling.com\/pl\/#website","url":"https:\/\/www.welovecycling.com\/pl\/","name":"\u0160koda We Love Cycling - Poland","description":"","potentialAction":[{"@type":"SearchAction","target":{"@type":"EntryPoint","urlTemplate":"https:\/\/www.welovecycling.com\/pl\/?s={search_term_string}"},"query-input":{"@type":"PropertyValueSpecification","valueRequired":true,"valueName":"search_term_string"}}],"inLanguage":"pl-PL"},{"@type":"Person","@id":"https:\/\/www.welovecycling.com\/pl\/#\/schema\/person\/4a79bac7bd265aa6a35a1079d36648be","name":"oktawiamikulska","image":{"@type":"ImageObject","inLanguage":"pl-PL","@id":"https:\/\/www.welovecycling.com\/pl\/#\/schema\/person\/image\/","url":"https:\/\/secure.gravatar.com\/avatar\/b97a3f44e2de6d2f8dd358975937e49823662e12cbd810b9d1a2bff1c149e8a7?s=96&d=mm&r=g","contentUrl":"https:\/\/secure.gravatar.com\/avatar\/b97a3f44e2de6d2f8dd358975937e49823662e12cbd810b9d1a2bff1c149e8a7?s=96&d=mm&r=g","caption":"oktawiamikulska"},"url":"https:\/\/www.welovecycling.com\/pl\/author\/oktawiamikulska\/"}]}},"_links":{"self":[{"href":"https:\/\/www.welovecycling.com\/pl\/wp-json\/wp\/v2\/posts\/10883","targetHints":{"allow":["GET"]}}],"collection":[{"href":"https:\/\/www.welovecycling.com\/pl\/wp-json\/wp\/v2\/posts"}],"about":[{"href":"https:\/\/www.welovecycling.com\/pl\/wp-json\/wp\/v2\/types\/post"}],"author":[{"embeddable":true,"href":"https:\/\/www.welovecycling.com\/pl\/wp-json\/wp\/v2\/users\/125"}],"replies":[{"embeddable":true,"href":"https:\/\/www.welovecycling.com\/pl\/wp-json\/wp\/v2\/comments?post=10883"}],"version-history":[{"count":2,"href":"https:\/\/www.welovecycling.com\/pl\/wp-json\/wp\/v2\/posts\/10883\/revisions"}],"predecessor-version":[{"id":10891,"href":"https:\/\/www.welovecycling.com\/pl\/wp-json\/wp\/v2\/posts\/10883\/revisions\/10891"}],"wp:featuredmedia":[{"embeddable":true,"href":"https:\/\/www.welovecycling.com\/pl\/wp-json\/wp\/v2\/media\/10887"}],"wp:attachment":[{"href":"https:\/\/www.welovecycling.com\/pl\/wp-json\/wp\/v2\/media?parent=10883"}],"wp:term":[{"taxonomy":"category","embeddable":true,"href":"https:\/\/www.welovecycling.com\/pl\/wp-json\/wp\/v2\/categories?post=10883"},{"taxonomy":"post_tag","embeddable":true,"href":"https:\/\/www.welovecycling.com\/pl\/wp-json\/wp\/v2\/tags?post=10883"},{"taxonomy":"global-categories","embeddable":true,"href":"https:\/\/www.welovecycling.com\/pl\/wp-json\/wp\/v2\/global-categories?post=10883"}],"curies":[{"name":"wp","href":"https:\/\/api.w.org\/{rel}","templated":true}]}}