{"id":10844,"date":"2020-07-03T15:29:02","date_gmt":"2020-07-03T15:29:02","guid":{"rendered":"https:\/\/www.welovecycling.com\/pl\/?p=10844"},"modified":"2020-07-08T12:07:27","modified_gmt":"2020-07-08T12:07:27","slug":"czeka-na-ciebie-wyjatkowa-przygoda-z-tour-de-france-dolacz-do-konkursu-virtual-letape-du-tour","status":"publish","type":"post","link":"https:\/\/www.welovecycling.com\/pl\/2020\/07\/03\/czeka-na-ciebie-wyjatkowa-przygoda-z-tour-de-france-dolacz-do-konkursu-virtual-letape-du-tour\/","title":{"rendered":"Czeka na Ciebie wyj\u0105tkowa przygoda z Tour de France! Do\u0142\u0105cz do konkursu Virtual L\u2019\u00c9tape du Tour"},"content":{"rendered":"<p><strong>W\u0142a\u015bciwe Grand D\u00e9part zosta\u0142o prze\u0142o\u017cone na 29 sierpnia, ale to nie znaczy, \u017ce w lipcu nie poczujesz klimatu Tour de France. W trakcie trzech weekend\u00f3w pomi\u0119dzy 4 a 19 lipca odb\u0119dzie si\u0119 sze\u015b\u0107 etap\u00f3w wirtualnego Tour de France. Najlepsze zespo\u0142y z ca\u0142ego \u015bwiata s\u0105 ju\u017c przygotowane do niecodziennych zmaga\u0144 kolarskich. Bez obaw jednak \u2013 online czy nie, wy\u015bcig b\u0119dzie wci\u0105\u017c przypomina\u0142 ka\u017cdemu fanowi kolarstwa ten w \u201erealu\u201d. Nie zabraknie czterech kultowych koszulek, w tym Zielonej Koszulki \u0160<\/strong><strong>KODY dla najlepszego sprintera. Nowe wirtualne trasy w grze Zwift, umiejscowione we Francji, zapewni\u0105 zawodnikom i obserwatorom pi\u0119kne widoki. Tym razem uczestnicy powalcz\u0105 nie o nagrody dla siebie, lecz o zebranie \u015brodk\u00f3w na rzecz <u><a href=\"https:\/\/www.letour.fr\/en\/news\/2020\/tour-de-france-united-cycling-in-the-summer\/1283448\">akcji charytatywnej<\/a>.<\/u><\/strong><\/p>\n<p>Do wydarzenia mo\u017cesz do\u0142\u0105czy\u0107 dzi\u0119ki <a href=\"https:\/\/zwift.com\/events\/series\/virtual_letape_du_tour_de_france?__znl=en-eu\"><strong><u>Virtual L\u2019\u00c9tape du Tour de France<\/u><\/strong><\/a>. Wszyscy fani b\u0119d\u0105 mieli zapewniony dost\u0119p do trzech etap\u00f3w.<\/p>\n<div id=\"gallery-5\" class=\"gallery galleryid-178464 gallery-columns-2 gallery-size-large\">\n<figure class=\"gallery-item\">\n<div class=\"gallery-icon landscape\"><a class=\"colorbox-initialized cboxElement\" href=\"https:\/\/d2p6e6u75xmxt8.cloudfront.net\/2\/2020\/06\/1-4.jpg\"><img loading=\"lazy\" decoding=\"async\" class=\"attachment-large size-large istretcher-finished loading\" src=\"https:\/\/d2p6e6u75xmxt8.cloudfront.net\/2\/2020\/06\/1-4.jpg\" alt=\"\" width=\"1024\" height=\"574\" data-was-processed=\"true\" \/><\/a><\/div>\n<\/figure>\n<figure class=\"gallery-item\">\n<div class=\"gallery-icon landscape\"><a class=\"colorbox-initialized cboxElement\" href=\"https:\/\/d2p6e6u75xmxt8.cloudfront.net\/2\/2020\/06\/vtdf-PR-image-letape-1.jpg\"><img loading=\"lazy\" decoding=\"async\" class=\"attachment-large size-large istretcher-finished loading\" src=\"https:\/\/d2p6e6u75xmxt8.cloudfront.net\/2\/2020\/06\/vtdf-PR-image-letape-1.jpg\" alt=\"\" width=\"1024\" height=\"576\" aria-describedby=\"gallery-5-178488\" data-was-processed=\"true\" \/><\/a><\/div>\n<\/figure>\n<\/div>\n<figure id=\"attachment_178483\" class=\"wp-caption alignnone\" aria-describedby=\"caption-attachment-178483\">\n<p><figure id=\"attachment_178483\" aria-describedby=\"caption-attachment-178483\" style=\"width: 1712px\" class=\"wp-caption alignnone\"><img loading=\"lazy\" decoding=\"async\" class=\"loading wp-image-178483 size-full\" src=\"https:\/\/d2p6e6u75xmxt8.cloudfront.net\/2\/2020\/06\/1-6.jpg\" alt=\"\" width=\"1712\" height=\"960\" data-was-processed=\"true\" \/><figcaption id=\"caption-attachment-178483\" class=\"wp-caption-text\">Przy\u0142\u0105cz si\u0119 do nas w grze Zwift!<\/figcaption><\/figure><\/figure>\n<p><strong>4 i 5 lipca \u2013 etap<\/strong> <strong>1<\/strong>: Nicea, 29,5 km (682 m przewy\u017cszenia, trasa g\u00f3rska) \u2013 Watopia Mountain Route<\/p>\n<p><strong>11 i 12 lipca \u2013 etap 2<\/strong>: pd.-wsch. Francja, 45,8 km (2 okr\u0105\u017cenia po 22,9 km, trasa pag\u00f3rkowata) \u2013 France Casse-Pattes Route<\/p>\n<p><strong>18 i 19 lipca \u2013 etap 3<\/strong>: Mont Ventoux, (22,9 km, meta w obserwatorium) \u2013 France Ven-Top Route<\/p>\n<p>Mo\u017cesz potraktowa\u0107 to jako zabaw\u0119 albo trening, przed w\u0142a\u015bciwym L\u2019\u00c9tape, kt\u00f3re odb\u0119dzie si\u0119 dnia 6 wrze\u015bnia. Najwa\u017cniejsze jest wzi\u0119cie udzia\u0142u w wydarzeniu!<\/p>\n<p><strong>Aby si\u0119 zg\u0142osi\u0107, wykonaj zrzut ekranu swojego wyniku z aplikacji Zwift lub Strava oraz wrzu\u0107 go na sw\u00f3j profil na Instagramie, dodaj\u0105c hashtag\u00a0 #Ride2Unite i oznaczaj\u0105c profil magazynu We Love Cycling. <\/strong>Opisz r\u00f3wnie\u017c swoje wra\u017cenia z wirtualnych tras \u2013 i ju\u017c masz szans\u0119 na wygran\u0105! Zwyci\u0119zcy wraz z wybranymi przez siebie osobami towarzysz\u0105cymi otrzymaj\u0105 jedyne w swoim rodzaju pakiety VIP Programu Go\u015bcinno\u015bci Tour de France przygotowane przez \u0160KOD\u0118.<\/p>\n<p>Na czym jednak polega <strong>VIP<\/strong> <strong>Program Go\u015bcinno\u015bci Tour de France<\/strong>? Jak wyt\u0142umaczyli\u015bmy <a href=\"https:\/\/www.welovecycling.com\/wide\/2016\/08\/01\/blog-whats-like-part-le-tour-de-france-winners-contest-thrilled-find\/\"><u>tutaj<\/u><\/a>, to spos\u00f3b na wyj\u0105tkowe do\u015bwiadczenie Tour de France z perspektywy obserwatora \u2013 a dok\u0142adniej z fotela \u0160KODY SUPERB iV jad\u0105cej na czele peletonu. Program przewiduje r\u00f3wnie\u017c lot helikopterem, co pozwoli na prze\u017cycie niesamowitych emocji obserwuj\u0105c wydarzenie z perspektywy widzianej jedynie podczas transmisji. L\u0105dowanie przewidziane jest odpowiednio wcze\u015bniej, aby zd\u0105\u017cy\u0107 na kibicowanie na mecie wy\u015bcigu. Ta w pe\u0142ni op\u0142acona wycieczka do Francji jest niepowtarzalnym do\u015bwiadczeniem.<\/p>\n<figure id=\"attachment_178483\" class=\"wp-caption alignnone\" aria-describedby=\"caption-attachment-178483\"><figcaption id=\"caption-attachment-178483\" class=\"wp-caption-text\"><strong><br \/>\n<\/strong><\/p>\n<figure id=\"attachment_142135\" class=\"wp-caption alignnone\" aria-describedby=\"caption-attachment-142135\">\n<p><figure id=\"attachment_142135\" aria-describedby=\"caption-attachment-142135\" style=\"width: 1375px\" class=\"wp-caption alignnone\"><img loading=\"lazy\" decoding=\"async\" class=\"loading wp-image-142135 size-full\" src=\"https:\/\/d2p6e6u75xmxt8.cloudfront.net\/2\/2016\/08\/FotorCreated.jpg\" sizes=\"auto, (max-width: 1375px) 100vw, 1375px\" srcset=\"https:\/\/d2p6e6u75xmxt8.cloudfront.net\/2\/2016\/08\/FotorCreated.jpg 1375w, https:\/\/d2p6e6u75xmxt8.cloudfront.net\/2\/2016\/08\/FotorCreated-300x131.jpg 300w, https:\/\/d2p6e6u75xmxt8.cloudfront.net\/2\/2016\/08\/FotorCreated-768x335.jpg 768w, https:\/\/d2p6e6u75xmxt8.cloudfront.net\/2\/2016\/08\/FotorCreated-1024x447.jpg 1024w\" alt=\"\" width=\"1375\" height=\"600\" data-was-processed=\"true\" \/><figcaption id=\"caption-attachment-142135\" class=\"wp-caption-text\">Zwyci\u0119zcy poprzedniej edycji konkursu czekaj\u0105cy na sw\u00f3j lot.<\/figcaption><\/figure><\/figure>\n<div id=\"gallery-6\" class=\"gallery galleryid-178464 gallery-columns-2 gallery-size-large\">\n<figure class=\"gallery-item\">\n<div class=\"gallery-icon landscape\"><a class=\"colorbox-initialized cboxElement\" href=\"https:\/\/d2p6e6u75xmxt8.cloudfront.net\/2\/2020\/06\/Hospitality-Program-1.JPG.jpg\"><img loading=\"lazy\" decoding=\"async\" class=\"attachment-large size-large istretcher-finished loading\" src=\"https:\/\/d2p6e6u75xmxt8.cloudfront.net\/2\/2020\/06\/Hospitality-Program-1.JPG.jpg\" alt=\"\" width=\"600\" height=\"428\" data-was-processed=\"true\" \/><\/a><\/div>\n<\/figure>\n<figure class=\"gallery-item\">\n<div class=\"gallery-icon landscape\"><a class=\"colorbox-initialized cboxElement\" href=\"https:\/\/d2p6e6u75xmxt8.cloudfront.net\/2\/2019\/07\/10-2.jpg\"><img loading=\"lazy\" decoding=\"async\" class=\"attachment-large size-large istretcher-finished loading\" src=\"https:\/\/d2p6e6u75xmxt8.cloudfront.net\/2\/2019\/07\/10-2.jpg\" sizes=\"auto, (max-width: 900px) 100vw, 900px\" srcset=\"https:\/\/d2p6e6u75xmxt8.cloudfront.net\/2\/2019\/07\/10-2.jpg 900w, https:\/\/d2p6e6u75xmxt8.cloudfront.net\/2\/2019\/07\/10-2-300x200.jpg 300w, https:\/\/d2p6e6u75xmxt8.cloudfront.net\/2\/2019\/07\/10-2-768x512.jpg 768w, https:\/\/d2p6e6u75xmxt8.cloudfront.net\/2\/2019\/07\/10-2-272x182.jpg 272w\" alt=\"\" width=\"900\" height=\"600\" data-was-processed=\"true\" \/><\/a><\/div>\n<\/figure>\n<\/div>\n<\/figcaption><\/figure>\n<p>&nbsp;<\/p>\n<p>Brzmi ekscytuj\u0105co, prawda? Mo\u017ce wi\u0119c warto do\u0142\u0105czy\u0107 do wirtualnego L\u2019\u00c9tape? B\u0119dziemy tam na Ciebie czeka\u0107!<\/p>\n<p>Regulamin konkursu jest dost\u0119pny <a href=\"https:\/\/www.welovecycling.com\/pl\/regulaminletapedutour2020\/\"><u>pod tym linkiem<\/u><\/a>.<\/p>\n","protected":false},"excerpt":{"rendered":"<p>W\u0142a\u015bciwe Grand D\u00e9part zosta\u0142o prze\u0142o\u017cone na 29 sierpnia, ale to nie znaczy, \u017ce w lipcu nie poczujesz klimatu Tour de [&hellip;]<\/p>\n","protected":false},"author":125,"featured_media":10882,"comment_status":"open","ping_status":"open","sticky":false,"template":"","format":"standard","meta":{"footnotes":""},"categories":[330],"tags":[],"global-categories":[303],"class_list":["post-10844","post","type-post","status-publish","format-standard","has-post-thumbnail","hentry","category-ride2unite","global-categories-cycling"],"yoast_head":"<!-- This site is optimized with the Yoast SEO Premium plugin v25.3 (Yoast SEO v25.9) - https:\/\/yoast.com\/wordpress\/plugins\/seo\/ -->\n<title>Czeka na Ciebie wyj\u0105tkowa przygoda z Tour de France! Do\u0142\u0105cz do konkursu Virtual L\u2019\u00c9tape du Tour - \u0160koda We Love Cycling - Poland<\/title>\n<meta name=\"description\" content=\"W\u0142a\u015bciwe Grand D\u00e9part zosta\u0142o prze\u0142o\u017cone na 29 sierpnia, ale to nie znaczy, \u017ce w lipcu nie poczujesz klimatu Tour de France. W trakcie trzech weekend\u00f3w pomi\u0119dzy 4 a 19 lipca odb\u0119dzie si\u0119 sze\u015b\u0107 etap\u00f3w wirtualnego Tour de France. Najlepsze zespo\u0142y z ca\u0142ego \u015bwiata s\u0105 ju\u017c przygotowane do niecodziennych zmaga\u0144 kolarskich\" \/>\n<meta name=\"robots\" content=\"index, follow, max-snippet:-1, max-image-preview:large, max-video-preview:-1\" \/>\n<link rel=\"canonical\" href=\"https:\/\/www.welovecycling.com\/pl\/2020\/07\/03\/czeka-na-ciebie-wyjatkowa-przygoda-z-tour-de-france-dolacz-do-konkursu-virtual-letape-du-tour\/\" \/>\n<meta property=\"og:locale\" content=\"pl_PL\" \/>\n<meta property=\"og:type\" content=\"article\" \/>\n<meta property=\"og:title\" content=\"Czeka na Ciebie wyj\u0105tkowa przygoda z Tour de France! Do\u0142\u0105cz do konkursu Virtual L\u2019\u00c9tape du Tour\" \/>\n<meta property=\"og:description\" content=\"W\u0142a\u015bciwe Grand D\u00e9part zosta\u0142o prze\u0142o\u017cone na 29 sierpnia, ale to nie znaczy, \u017ce w lipcu nie poczujesz klimatu Tour de France. W trakcie trzech weekend\u00f3w pomi\u0119dzy 4 a 19 lipca odb\u0119dzie si\u0119 sze\u015b\u0107 etap\u00f3w wirtualnego Tour de France. Najlepsze zespo\u0142y z ca\u0142ego \u015bwiata s\u0105 ju\u017c przygotowane do niecodziennych zmaga\u0144 kolarskich\" \/>\n<meta property=\"og:url\" content=\"https:\/\/www.welovecycling.com\/pl\/2020\/07\/03\/czeka-na-ciebie-wyjatkowa-przygoda-z-tour-de-france-dolacz-do-konkursu-virtual-letape-du-tour\/\" \/>\n<meta property=\"og:site_name\" content=\"\u0160koda We Love Cycling - Poland\" \/>\n<meta property=\"article:published_time\" content=\"2020-07-03T15:29:02+00:00\" \/>\n<meta property=\"article:modified_time\" content=\"2020-07-08T12:07:27+00:00\" \/>\n<meta property=\"og:image\" content=\"https:\/\/d2p6e6u75xmxt8.cloudfront.net\/5\/2020\/07\/WLC_R2U_VIP_Cover_v3.png\" \/>\n\t<meta property=\"og:image:width\" content=\"1366\" \/>\n\t<meta property=\"og:image:height\" content=\"600\" \/>\n\t<meta property=\"og:image:type\" content=\"image\/png\" \/>\n<meta name=\"author\" content=\"oktawiamikulska\" \/>\n<meta name=\"twitter:card\" content=\"summary_large_image\" \/>\n<meta name=\"twitter:label1\" content=\"Written by\" \/>\n\t<meta name=\"twitter:data1\" content=\"We Love Cycling\" \/>\n\t<meta name=\"twitter:label2\" content=\"Est. reading time\" \/>\n\t<meta name=\"twitter:data2\" content=\"2 minutes\" \/>\n<script type=\"application\/ld+json\" class=\"yoast-schema-graph\">{\"@context\":\"https:\/\/schema.org\",\"@graph\":[{\"@type\":\"WebPage\",\"@id\":\"https:\/\/www.welovecycling.com\/pl\/2020\/07\/03\/czeka-na-ciebie-wyjatkowa-przygoda-z-tour-de-france-dolacz-do-konkursu-virtual-letape-du-tour\/\",\"url\":\"https:\/\/www.welovecycling.com\/pl\/2020\/07\/03\/czeka-na-ciebie-wyjatkowa-przygoda-z-tour-de-france-dolacz-do-konkursu-virtual-letape-du-tour\/\",\"name\":\"Czeka na Ciebie wyj\u0105tkowa przygoda z Tour de France! Do\u0142\u0105cz do konkursu Virtual L\u2019\u00c9tape du Tour - \u0160koda We Love Cycling - Poland\",\"isPartOf\":{\"@id\":\"https:\/\/www.welovecycling.com\/pl\/#website\"},\"primaryImageOfPage\":{\"@id\":\"https:\/\/www.welovecycling.com\/pl\/2020\/07\/03\/czeka-na-ciebie-wyjatkowa-przygoda-z-tour-de-france-dolacz-do-konkursu-virtual-letape-du-tour\/#primaryimage\"},\"image\":{\"@id\":\"https:\/\/www.welovecycling.com\/pl\/2020\/07\/03\/czeka-na-ciebie-wyjatkowa-przygoda-z-tour-de-france-dolacz-do-konkursu-virtual-letape-du-tour\/#primaryimage\"},\"thumbnailUrl\":\"https:\/\/d2p6e6u75xmxt8.cloudfront.net\/5\/2020\/07\/WLC_R2U_VIP_Cover_v3.png\",\"datePublished\":\"2020-07-03T15:29:02+00:00\",\"dateModified\":\"2020-07-08T12:07:27+00:00\",\"author\":{\"@id\":\"https:\/\/www.welovecycling.com\/pl\/#\/schema\/person\/4a79bac7bd265aa6a35a1079d36648be\"},\"description\":\"W\u0142a\u015bciwe Grand D\u00e9part zosta\u0142o prze\u0142o\u017cone na 29 sierpnia, ale to nie znaczy, \u017ce w lipcu nie poczujesz klimatu Tour de France. W trakcie trzech weekend\u00f3w pomi\u0119dzy 4 a 19 lipca odb\u0119dzie si\u0119 sze\u015b\u0107 etap\u00f3w wirtualnego Tour de France. Najlepsze zespo\u0142y z ca\u0142ego \u015bwiata s\u0105 ju\u017c przygotowane do niecodziennych zmaga\u0144 kolarskich\",\"breadcrumb\":{\"@id\":\"https:\/\/www.welovecycling.com\/pl\/2020\/07\/03\/czeka-na-ciebie-wyjatkowa-przygoda-z-tour-de-france-dolacz-do-konkursu-virtual-letape-du-tour\/#breadcrumb\"},\"inLanguage\":\"pl-PL\",\"potentialAction\":[{\"@type\":\"ReadAction\",\"target\":[\"https:\/\/www.welovecycling.com\/pl\/2020\/07\/03\/czeka-na-ciebie-wyjatkowa-przygoda-z-tour-de-france-dolacz-do-konkursu-virtual-letape-du-tour\/\"]}]},{\"@type\":\"ImageObject\",\"inLanguage\":\"pl-PL\",\"@id\":\"https:\/\/www.welovecycling.com\/pl\/2020\/07\/03\/czeka-na-ciebie-wyjatkowa-przygoda-z-tour-de-france-dolacz-do-konkursu-virtual-letape-du-tour\/#primaryimage\",\"url\":\"https:\/\/d2p6e6u75xmxt8.cloudfront.net\/5\/2020\/07\/WLC_R2U_VIP_Cover_v3.png\",\"contentUrl\":\"https:\/\/d2p6e6u75xmxt8.cloudfront.net\/5\/2020\/07\/WLC_R2U_VIP_Cover_v3.png\",\"width\":1366,\"height\":600},{\"@type\":\"BreadcrumbList\",\"@id\":\"https:\/\/www.welovecycling.com\/pl\/2020\/07\/03\/czeka-na-ciebie-wyjatkowa-przygoda-z-tour-de-france-dolacz-do-konkursu-virtual-letape-du-tour\/#breadcrumb\",\"itemListElement\":[{\"@type\":\"ListItem\",\"position\":1,\"name\":\"Home\",\"item\":\"https:\/\/www.welovecycling.com\/pl\/\"},{\"@type\":\"ListItem\",\"position\":2,\"name\":\"Czeka na Ciebie wyj\u0105tkowa przygoda z Tour de France! Do\u0142\u0105cz do konkursu Virtual L\u2019\u00c9tape du Tour\"}]},{\"@type\":\"WebSite\",\"@id\":\"https:\/\/www.welovecycling.com\/pl\/#website\",\"url\":\"https:\/\/www.welovecycling.com\/pl\/\",\"name\":\"\u0160koda We Love Cycling - Poland\",\"description\":\"\",\"potentialAction\":[{\"@type\":\"SearchAction\",\"target\":{\"@type\":\"EntryPoint\",\"urlTemplate\":\"https:\/\/www.welovecycling.com\/pl\/?s={search_term_string}\"},\"query-input\":{\"@type\":\"PropertyValueSpecification\",\"valueRequired\":true,\"valueName\":\"search_term_string\"}}],\"inLanguage\":\"pl-PL\"},{\"@type\":\"Person\",\"@id\":\"https:\/\/www.welovecycling.com\/pl\/#\/schema\/person\/4a79bac7bd265aa6a35a1079d36648be\",\"name\":\"oktawiamikulska\",\"image\":{\"@type\":\"ImageObject\",\"inLanguage\":\"pl-PL\",\"@id\":\"https:\/\/www.welovecycling.com\/pl\/#\/schema\/person\/image\/\",\"url\":\"https:\/\/secure.gravatar.com\/avatar\/b97a3f44e2de6d2f8dd358975937e49823662e12cbd810b9d1a2bff1c149e8a7?s=96&d=mm&r=g\",\"contentUrl\":\"https:\/\/secure.gravatar.com\/avatar\/b97a3f44e2de6d2f8dd358975937e49823662e12cbd810b9d1a2bff1c149e8a7?s=96&d=mm&r=g\",\"caption\":\"oktawiamikulska\"},\"url\":\"https:\/\/www.welovecycling.com\/pl\/author\/oktawiamikulska\/\"}]}<\/script>\n<!-- \/ Yoast SEO Premium plugin. -->","yoast_head_json":{"title":"Czeka na Ciebie wyj\u0105tkowa przygoda z Tour de France! Do\u0142\u0105cz do konkursu Virtual L\u2019\u00c9tape du Tour - \u0160koda We Love Cycling - Poland","description":"W\u0142a\u015bciwe Grand D\u00e9part zosta\u0142o prze\u0142o\u017cone na 29 sierpnia, ale to nie znaczy, \u017ce w lipcu nie poczujesz klimatu Tour de France. W trakcie trzech weekend\u00f3w pomi\u0119dzy 4 a 19 lipca odb\u0119dzie si\u0119 sze\u015b\u0107 etap\u00f3w wirtualnego Tour de France. Najlepsze zespo\u0142y z ca\u0142ego \u015bwiata s\u0105 ju\u017c przygotowane do niecodziennych zmaga\u0144 kolarskich","robots":{"index":"index","follow":"follow","max-snippet":"max-snippet:-1","max-image-preview":"max-image-preview:large","max-video-preview":"max-video-preview:-1"},"canonical":"https:\/\/www.welovecycling.com\/pl\/2020\/07\/03\/czeka-na-ciebie-wyjatkowa-przygoda-z-tour-de-france-dolacz-do-konkursu-virtual-letape-du-tour\/","og_locale":"pl_PL","og_type":"article","og_title":"Czeka na Ciebie wyj\u0105tkowa przygoda z Tour de France! Do\u0142\u0105cz do konkursu Virtual L\u2019\u00c9tape du Tour","og_description":"W\u0142a\u015bciwe Grand D\u00e9part zosta\u0142o prze\u0142o\u017cone na 29 sierpnia, ale to nie znaczy, \u017ce w lipcu nie poczujesz klimatu Tour de France. W trakcie trzech weekend\u00f3w pomi\u0119dzy 4 a 19 lipca odb\u0119dzie si\u0119 sze\u015b\u0107 etap\u00f3w wirtualnego Tour de France. Najlepsze zespo\u0142y z ca\u0142ego \u015bwiata s\u0105 ju\u017c przygotowane do niecodziennych zmaga\u0144 kolarskich","og_url":"https:\/\/www.welovecycling.com\/pl\/2020\/07\/03\/czeka-na-ciebie-wyjatkowa-przygoda-z-tour-de-france-dolacz-do-konkursu-virtual-letape-du-tour\/","og_site_name":"\u0160koda We Love Cycling - Poland","article_published_time":"2020-07-03T15:29:02+00:00","article_modified_time":"2020-07-08T12:07:27+00:00","og_image":[{"width":1366,"height":600,"url":"https:\/\/d2p6e6u75xmxt8.cloudfront.net\/5\/2020\/07\/WLC_R2U_VIP_Cover_v3.png","type":"image\/png"}],"author":"oktawiamikulska","twitter_card":"summary_large_image","twitter_misc":{"Written by":"We Love Cycling","Est. reading time":"2 minutes"},"schema":{"@context":"https:\/\/schema.org","@graph":[{"@type":"WebPage","@id":"https:\/\/www.welovecycling.com\/pl\/2020\/07\/03\/czeka-na-ciebie-wyjatkowa-przygoda-z-tour-de-france-dolacz-do-konkursu-virtual-letape-du-tour\/","url":"https:\/\/www.welovecycling.com\/pl\/2020\/07\/03\/czeka-na-ciebie-wyjatkowa-przygoda-z-tour-de-france-dolacz-do-konkursu-virtual-letape-du-tour\/","name":"Czeka na Ciebie wyj\u0105tkowa przygoda z Tour de France! Do\u0142\u0105cz do konkursu Virtual L\u2019\u00c9tape du Tour - \u0160koda We Love Cycling - Poland","isPartOf":{"@id":"https:\/\/www.welovecycling.com\/pl\/#website"},"primaryImageOfPage":{"@id":"https:\/\/www.welovecycling.com\/pl\/2020\/07\/03\/czeka-na-ciebie-wyjatkowa-przygoda-z-tour-de-france-dolacz-do-konkursu-virtual-letape-du-tour\/#primaryimage"},"image":{"@id":"https:\/\/www.welovecycling.com\/pl\/2020\/07\/03\/czeka-na-ciebie-wyjatkowa-przygoda-z-tour-de-france-dolacz-do-konkursu-virtual-letape-du-tour\/#primaryimage"},"thumbnailUrl":"https:\/\/d2p6e6u75xmxt8.cloudfront.net\/5\/2020\/07\/WLC_R2U_VIP_Cover_v3.png","datePublished":"2020-07-03T15:29:02+00:00","dateModified":"2020-07-08T12:07:27+00:00","author":{"@id":"https:\/\/www.welovecycling.com\/pl\/#\/schema\/person\/4a79bac7bd265aa6a35a1079d36648be"},"description":"W\u0142a\u015bciwe Grand D\u00e9part zosta\u0142o prze\u0142o\u017cone na 29 sierpnia, ale to nie znaczy, \u017ce w lipcu nie poczujesz klimatu Tour de France. W trakcie trzech weekend\u00f3w pomi\u0119dzy 4 a 19 lipca odb\u0119dzie si\u0119 sze\u015b\u0107 etap\u00f3w wirtualnego Tour de France. Najlepsze zespo\u0142y z ca\u0142ego \u015bwiata s\u0105 ju\u017c przygotowane do niecodziennych zmaga\u0144 kolarskich","breadcrumb":{"@id":"https:\/\/www.welovecycling.com\/pl\/2020\/07\/03\/czeka-na-ciebie-wyjatkowa-przygoda-z-tour-de-france-dolacz-do-konkursu-virtual-letape-du-tour\/#breadcrumb"},"inLanguage":"pl-PL","potentialAction":[{"@type":"ReadAction","target":["https:\/\/www.welovecycling.com\/pl\/2020\/07\/03\/czeka-na-ciebie-wyjatkowa-przygoda-z-tour-de-france-dolacz-do-konkursu-virtual-letape-du-tour\/"]}]},{"@type":"ImageObject","inLanguage":"pl-PL","@id":"https:\/\/www.welovecycling.com\/pl\/2020\/07\/03\/czeka-na-ciebie-wyjatkowa-przygoda-z-tour-de-france-dolacz-do-konkursu-virtual-letape-du-tour\/#primaryimage","url":"https:\/\/d2p6e6u75xmxt8.cloudfront.net\/5\/2020\/07\/WLC_R2U_VIP_Cover_v3.png","contentUrl":"https:\/\/d2p6e6u75xmxt8.cloudfront.net\/5\/2020\/07\/WLC_R2U_VIP_Cover_v3.png","width":1366,"height":600},{"@type":"BreadcrumbList","@id":"https:\/\/www.welovecycling.com\/pl\/2020\/07\/03\/czeka-na-ciebie-wyjatkowa-przygoda-z-tour-de-france-dolacz-do-konkursu-virtual-letape-du-tour\/#breadcrumb","itemListElement":[{"@type":"ListItem","position":1,"name":"Home","item":"https:\/\/www.welovecycling.com\/pl\/"},{"@type":"ListItem","position":2,"name":"Czeka na Ciebie wyj\u0105tkowa przygoda z Tour de France! Do\u0142\u0105cz do konkursu Virtual L\u2019\u00c9tape du Tour"}]},{"@type":"WebSite","@id":"https:\/\/www.welovecycling.com\/pl\/#website","url":"https:\/\/www.welovecycling.com\/pl\/","name":"\u0160koda We Love Cycling - Poland","description":"","potentialAction":[{"@type":"SearchAction","target":{"@type":"EntryPoint","urlTemplate":"https:\/\/www.welovecycling.com\/pl\/?s={search_term_string}"},"query-input":{"@type":"PropertyValueSpecification","valueRequired":true,"valueName":"search_term_string"}}],"inLanguage":"pl-PL"},{"@type":"Person","@id":"https:\/\/www.welovecycling.com\/pl\/#\/schema\/person\/4a79bac7bd265aa6a35a1079d36648be","name":"oktawiamikulska","image":{"@type":"ImageObject","inLanguage":"pl-PL","@id":"https:\/\/www.welovecycling.com\/pl\/#\/schema\/person\/image\/","url":"https:\/\/secure.gravatar.com\/avatar\/b97a3f44e2de6d2f8dd358975937e49823662e12cbd810b9d1a2bff1c149e8a7?s=96&d=mm&r=g","contentUrl":"https:\/\/secure.gravatar.com\/avatar\/b97a3f44e2de6d2f8dd358975937e49823662e12cbd810b9d1a2bff1c149e8a7?s=96&d=mm&r=g","caption":"oktawiamikulska"},"url":"https:\/\/www.welovecycling.com\/pl\/author\/oktawiamikulska\/"}]}},"_links":{"self":[{"href":"https:\/\/www.welovecycling.com\/pl\/wp-json\/wp\/v2\/posts\/10844","targetHints":{"allow":["GET"]}}],"collection":[{"href":"https:\/\/www.welovecycling.com\/pl\/wp-json\/wp\/v2\/posts"}],"about":[{"href":"https:\/\/www.welovecycling.com\/pl\/wp-json\/wp\/v2\/types\/post"}],"author":[{"embeddable":true,"href":"https:\/\/www.welovecycling.com\/pl\/wp-json\/wp\/v2\/users\/125"}],"replies":[{"embeddable":true,"href":"https:\/\/www.welovecycling.com\/pl\/wp-json\/wp\/v2\/comments?post=10844"}],"version-history":[{"count":2,"href":"https:\/\/www.welovecycling.com\/pl\/wp-json\/wp\/v2\/posts\/10844\/revisions"}],"predecessor-version":[{"id":10871,"href":"https:\/\/www.welovecycling.com\/pl\/wp-json\/wp\/v2\/posts\/10844\/revisions\/10871"}],"wp:featuredmedia":[{"embeddable":true,"href":"https:\/\/www.welovecycling.com\/pl\/wp-json\/wp\/v2\/media\/10882"}],"wp:attachment":[{"href":"https:\/\/www.welovecycling.com\/pl\/wp-json\/wp\/v2\/media?parent=10844"}],"wp:term":[{"taxonomy":"category","embeddable":true,"href":"https:\/\/www.welovecycling.com\/pl\/wp-json\/wp\/v2\/categories?post=10844"},{"taxonomy":"post_tag","embeddable":true,"href":"https:\/\/www.welovecycling.com\/pl\/wp-json\/wp\/v2\/tags?post=10844"},{"taxonomy":"global-categories","embeddable":true,"href":"https:\/\/www.welovecycling.com\/pl\/wp-json\/wp\/v2\/global-categories?post=10844"}],"curies":[{"name":"wp","href":"https:\/\/api.w.org\/{rel}","templated":true}]}}