{"id":10838,"date":"2020-07-03T13:55:35","date_gmt":"2020-07-03T13:55:35","guid":{"rendered":"https:\/\/www.welovecycling.com\/pl\/?p=10838"},"modified":"2020-07-09T10:16:12","modified_gmt":"2020-07-09T10:16:12","slug":"wielkie-kuszenie-przed-tour-de-france-koniec-kolarskiej-telenoweli","status":"publish","type":"post","link":"https:\/\/www.welovecycling.com\/pl\/2020\/07\/03\/wielkie-kuszenie-przed-tour-de-france-koniec-kolarskiej-telenoweli\/","title":{"rendered":"Wielkie kuszenie przed Tour de France\u2026 Koniec kolarskiej telenoweli!"},"content":{"rendered":"<p><strong>Za niespe\u0142na dwa miesi\u0105ce startuje Tour de France! Zawodnicy ju\u017c sprawdzaj\u0105 przebieg trasy i\u2026 walcz\u0105 o jak najlepsz\u0105 pozycj\u0119 startow\u0105. Niekt\u00f3re negocjacje tocz\u0105 si\u0119 nawet o pi\u0119\u0107 milion\u00f3w euro!<\/strong><\/p>\n<p>Fani kolarstwa ju\u017c zacz\u0119li odliczanie do pierwszego wy\u015bcigu z serii UCI. Wszyscy czekaj\u0105 na 1 sierpnia, gdy wystartuje Strade Bianche<\/p>\n<div class=\"embed-controller-wrapper\">\n<blockquote class=\"twitter-tweet\" data-width=\"500\" data-dnt=\"true\">\n<p lang=\"en\" dir=\"ltr\">Official date: dont\u2019 miss <a href=\"https:\/\/twitter.com\/hashtag\/StradeBianche?src=hash&amp;ref_src=twsrc%5Etfw\">#StradeBianche<\/a> on 1st August! <a href=\"https:\/\/t.co\/4hvsvIcNV5\">pic.twitter.com\/4hvsvIcNV5<\/a><\/p>\n<p>&mdash; Strade Bianche (@StradeBianche) <a href=\"https:\/\/twitter.com\/StradeBianche\/status\/1271495949353996289?ref_src=twsrc%5Etfw\">June 12, 2020<\/a><\/p><\/blockquote>\n<p><script async data-src=\"https:\/\/platform.twitter.com\/widgets.js\" charset=\"utf-8\"><\/script><\/div>\n<p>Wy\u015bcig zapowiada si\u0119 bardzo ciekawie, bo sw\u00f3j udzia\u0142 zg\u0142osi\u0142 mi\u0119dzy innymi ubieg\u0142oroczny zwyci\u0119zca Julian Alaphilippe (Deceuninck-Quick Step). Jego plany podczas w\u0142oskiego wy\u015bcigu spr\u00f3buje pokrzy\u017cowa\u0107 m.in. Micha\u0142 Kwiatkowski (Team Ineos).<\/p>\n<p>Pierwszym wy\u015bcigiem wieloetapowym po wznowieniu sezonu b\u0119dzie z kolei Tour de Pologne (5-9 sierpnia). Po drogach naszego kraju ma si\u0119 \u015bciga\u0107 m.in. zwyci\u0119zca ostatniego Giro d\u2019Italia Richard Carapaz (Movistar), Mads Pedersen (Trek-Segafredo), czy Rafa\u0142 Majka (Bora-hansgrohe).<\/p>\n<p>Na razie Carapaz do sezonu przygotowuje si\u0119 jednak w swojej ojczy\u017anie \u2013 Ekwadorze, gdzie kilka miesi\u0119cy temu witano go z najwi\u0119kszymi honorami<\/p>\n<p>https:\/\/www.instagram.com\/p\/CCAvn0npLPK\/?utm_source=ig_web_copy_link<\/p>\n<p>Wszyscy jednak ostrz\u0105 sobie z\u0119by na najstarszy i najwi\u0119kszy wy\u015bcig \u015bwiata \u2013 Tour de France, kt\u00f3ry 1 lipca sko\u0144czy\u0142\u2026 117 lat i z tej okazji z ca\u0142ego \u015bwiata przyjmowa\u0142 \u017cyczenia<\/p>\n<div class=\"embed-controller-wrapper\">\n<blockquote class=\"twitter-tweet\" data-width=\"500\" data-dnt=\"true\">\n<p lang=\"en\" dir=\"ltr\">The Tour de France is 117 today \ud83c\udf89<br \/>Happy to have been part of its history since 2003.<a href=\"https:\/\/twitter.com\/hashtag\/Memories?src=hash&amp;ref_src=twsrc%5Etfw\">#Memories<\/a> <a href=\"https:\/\/twitter.com\/hashtag\/TheWolfpack?src=hash&amp;ref_src=twsrc%5Etfw\">#TheWolfpack<\/a><br \/>Photo: <a href=\"https:\/\/twitter.com\/GettySport?ref_src=twsrc%5Etfw\">@GettySport<\/a> <a href=\"https:\/\/t.co\/Bjcbtk9oaI\">pic.twitter.com\/Bjcbtk9oaI<\/a><\/p>\n<p>&mdash; Soudal Quick-Step Pro Cycling Team (@soudalquickstep) <a href=\"https:\/\/twitter.com\/soudalquickstep\/status\/1278258114224181259?ref_src=twsrc%5Etfw\">July 1, 2020<\/a><\/p><\/blockquote>\n<p><script async data-src=\"https:\/\/platform.twitter.com\/widgets.js\" charset=\"utf-8\"><\/script><\/div>\n<p>Niekt\u00f3rzy o historii pami\u0119taj\u0105, a niekt\u00f3rzy chc\u0105 po prostu sta\u0107 si\u0119 jej cz\u0119\u015bci\u0105. Blisko takiego zaszczytu jest Christopher Froome, kt\u00f3ry w tym roku planuje przypu\u015bci\u0107 atak na pi\u0105ty triumf w historii Wielkiej P\u0119tli. Gdyby mu si\u0119 uda\u0142o, do\u0142\u0105czy\u0142by do najwi\u0119kszych s\u0142aw wy\u015bcigu: Eddy\u2019ego Merckxa, Bernarda Hinaulta,\u00a0 Jacquesa Anquetila i\u00a0 Miguela Induraina.<\/p>\n<p>Froome mistrz\u00f3w chcia\u0142 dopa\u015b\u0107 ju\u017c w poprzednim roku, ale podczas przygotowa\u0144 mia\u0142 bardzo powa\u017cny wypadek, po kt\u00f3rym nie pozbiera\u0142 si\u0119 a\u017c do ko\u0144ca sezonu. W tym roku jego pozycja nie jest ju\u017c tak mocna, wi\u0119c Brytyjczyk b\u0119dzie stara\u0142 si\u0119 o wykr\u0119cenie jak najlepszej pozycji.<\/p>\n<p>https:\/\/www.instagram.com\/p\/CBVJ19qILdR\/?utm_source=ig_web_copy_link<\/p>\n<p>W Team Ineos maj\u0105 teraz trzech \u015bwietnych zawodnik\u00f3w: Egana Bernala (zwyci\u0119zca Tour de France sprzed roku), Gerainta Thomasa (sprzed dw\u00f3ch lat) i Froome\u2019a (sprzed trzech). Wydawa\u0142oby si\u0119, \u017ce to wymarzona sytuacja, jednak mo\u017ce si\u0119 ona okaza\u0107 tak\u017ce mieszank\u0105 wybuchow\u0105. Zawodnik nie by\u0142 bowiem pewien, czy wobec takiej konkurencji zostanie liderem dru\u017cyny, a jego rozterki postanowi\u0142o wykorzysta\u0107 kilka zespo\u0142\u00f3w z\u00a0 Israel Start-Up Nation na czele.<\/p>\n<p>Ta grupa kusi\u0142a Froome\u2019a trzyletnim kontraktem, dzi\u0119ki kt\u00f3remu mia\u0142by otrzyma\u0107 on a\u017c pi\u0119\u0107 milion\u00f3w euro, a tyle w kolarskim \u015bwiecie zarabia tylko Petr Sagan. I co r\u00f3wnie wa\u017cne \u2013 Froome otrzyma\u0142by tak\u017ce gwarancj\u0119, \u017ce ca\u0142a grupa b\u0119dzie ci\u0119\u017cko pracowa\u0142a na jego pi\u0105ty triumf w Tour de France.<\/p>\n<p>Pierwsze wiadomo\u015bci o kuszeniu czterokrotnego zwyci\u0119zcy Wielkie P\u0119tli pojawi\u0142y si\u0119 ju\u017c w marcu, ale dopiero teraz wydaje si\u0119, \u017ce serial znalaz\u0142 sw\u00f3j fina\u0142. Jak donosi \u201eLa Gazzetta dello Sport\u201d Brytyjczyk w ko\u0144cu otrzyma\u0142 zapewnienie, \u017ce Team Ineos w Tour de France pojedzie a\u017c na trzech lider\u00f3w, wi\u0119c Froome zdecydowa\u0142 si\u0119 pozosta\u0107 w zespole. Spekuluje si\u0119 jednak, \u017ce jego odej\u015bcie przes\u0105dzone jest po zako\u0144czeniu sezonu.<\/p>\n<p>Przypomnijmy, \u017ce tegoroczny Tour de France odb\u0119dzie si\u0119 w dniach 29 sierpnia \u2013 20 wrze\u015bnia.<\/p>\n<h3>AKTUALIZACJA<\/h3>\n<p>Dok\u0142adnie 9 lipca Team Ineos oficjalnie poinformowa\u0142, \u017ce nie przed\u0142u\u017cy umowy z Froomem, wi\u0119c od nowego sezonu Brytyjczyk prawdopodobnie b\u0119dzie je\u017adzi\u0142 w Israel Start-Up Nation.<\/p>\n<div class=\"embed-controller-wrapper\">\n<blockquote class=\"twitter-tweet\" data-width=\"500\" data-dnt=\"true\">\n<p lang=\"en\" dir=\"ltr\">Team INEOS confirms we will not be renewing <a href=\"https:\/\/twitter.com\/chrisfroome?ref_src=twsrc%5Etfw\">@chrisfroome<\/a>\u2019s contract &#8211; so after 10 great years this season will be Chris\u2019s last with the team.<\/p>\n<p>&mdash; INEOS Grenadiers (@INEOSGrenadiers) <a href=\"https:\/\/twitter.com\/INEOSGrenadiers\/status\/1281151190013816833?ref_src=twsrc%5Etfw\">July 9, 2020<\/a><\/p><\/blockquote>\n<p><script async data-src=\"https:\/\/platform.twitter.com\/widgets.js\" charset=\"utf-8\"><\/script><\/div>\n<p><span data-sheets-value=\"{&quot;1&quot;:2,&quot;2&quot;:&quot;Artyku\u0142 powsta\u0142 we wsp\u00f3\u0142pracy ze skoda-auto.pl&quot;}\" data-sheets-userformat=\"{&quot;2&quot;:1,&quot;3&quot;:{&quot;1&quot;:0}}\" data-sheets-hyperlink=\"http:\/\/www.skoda-auto.pl\/\"><a class=\"in-cell-link\" href=\"http:\/\/www.skoda-auto.pl\/\" target=\"_blank\" rel=\"noopener noreferrer\">Artyku\u0142 powsta\u0142 we wsp\u00f3\u0142pracy ze skoda-auto.pl<\/a><\/span><\/p>\n<p><a href=\"https:\/\/www.skoda-auto.pl\/modele\/karoq\">\u00a0<\/a><\/p>\n<p><a href=\"https:\/\/www.skoda-auto.pl\/modele\/karoq\"><img loading=\"lazy\" decoding=\"async\" class=\"aligncenter wp-image-9606 size-full\" src=\"https:\/\/d2p6e6u75xmxt8.cloudfront.net\/5\/2019\/08\/baner_WLC_640x350_1.png\" alt=\"\" width=\"640\" height=\"350\" srcset=\"https:\/\/d2p6e6u75xmxt8.cloudfront.net\/5\/2019\/08\/baner_WLC_640x350_1.png 640w, https:\/\/d2p6e6u75xmxt8.cloudfront.net\/5\/2019\/08\/baner_WLC_640x350_1-300x164.png 300w\" sizes=\"auto, (max-width: 640px) 100vw, 640px\" \/><\/a><\/p>\n<p>&nbsp;<\/p>\n","protected":false},"excerpt":{"rendered":"<p>Za niespe\u0142na dwa miesi\u0105ce startuje Tour de France! Zawodnicy ju\u017c sprawdzaj\u0105 przebieg trasy i\u2026 walcz\u0105 o jak najlepsz\u0105 pozycj\u0119 startow\u0105. [&hellip;]<\/p>\n","protected":false},"author":125,"featured_media":10842,"comment_status":"open","ping_status":"open","sticky":false,"template":"","format":"standard","meta":{"footnotes":""},"categories":[321],"tags":[],"global-categories":[303],"class_list":["post-10838","post","type-post","status-publish","format-standard","has-post-thumbnail","hentry","category-tour-de-france-2020","global-categories-cycling"],"yoast_head":"<!-- This site is optimized with the Yoast SEO Premium plugin v25.3 (Yoast SEO v25.9) - https:\/\/yoast.com\/wordpress\/plugins\/seo\/ -->\n<title>Wielkie kuszenie przed Tour de France\u2026 Koniec kolarskiej telenoweli! - \u0160koda We Love Cycling - Poland<\/title>\n<meta name=\"description\" content=\"Za niespe\u0142na dwa miesi\u0105ce startuje Tour de France! Zawodnicy ju\u017c sprawdzaj\u0105 przebieg trasy i\u2026 walcz\u0105 o jak najlepsz\u0105 pozycj\u0119 startow\u0105. Niekt\u00f3re negocjacje tocz\u0105 si\u0119 nawet o pi\u0119\u0107 milion\u00f3w euro!\" \/>\n<meta name=\"robots\" content=\"index, follow, max-snippet:-1, max-image-preview:large, max-video-preview:-1\" \/>\n<link rel=\"canonical\" href=\"https:\/\/www.welovecycling.com\/pl\/2020\/07\/03\/wielkie-kuszenie-przed-tour-de-france-koniec-kolarskiej-telenoweli\/\" \/>\n<meta property=\"og:locale\" content=\"pl_PL\" \/>\n<meta property=\"og:type\" content=\"article\" \/>\n<meta property=\"og:title\" content=\"Wielkie kuszenie przed Tour de France\u2026 Koniec kolarskiej telenoweli!\" \/>\n<meta property=\"og:description\" content=\"Za niespe\u0142na dwa miesi\u0105ce startuje Tour de France! Zawodnicy ju\u017c sprawdzaj\u0105 przebieg trasy i\u2026 walcz\u0105 o jak najlepsz\u0105 pozycj\u0119 startow\u0105. Niekt\u00f3re negocjacje tocz\u0105 si\u0119 nawet o pi\u0119\u0107 milion\u00f3w euro!\" \/>\n<meta property=\"og:url\" content=\"https:\/\/www.welovecycling.com\/pl\/2020\/07\/03\/wielkie-kuszenie-przed-tour-de-france-koniec-kolarskiej-telenoweli\/\" \/>\n<meta property=\"og:site_name\" content=\"\u0160koda We Love Cycling - Poland\" \/>\n<meta property=\"article:published_time\" content=\"2020-07-03T13:55:35+00:00\" \/>\n<meta property=\"article:modified_time\" content=\"2020-07-09T10:16:12+00:00\" \/>\n<meta property=\"og:image\" content=\"https:\/\/d2p6e6u75xmxt8.cloudfront.net\/5\/2020\/07\/Egan-Bernal-CVR-profimedia-0461176396.jpg\" \/>\n\t<meta property=\"og:image:width\" content=\"1366\" \/>\n\t<meta property=\"og:image:height\" content=\"600\" \/>\n\t<meta property=\"og:image:type\" content=\"image\/jpeg\" \/>\n<meta name=\"author\" content=\"oktawiamikulska\" \/>\n<meta name=\"twitter:card\" content=\"summary_large_image\" \/>\n<meta name=\"twitter:label1\" content=\"Written by\" \/>\n\t<meta name=\"twitter:data1\" content=\"Piotr Nowik\" \/>\n\t<meta name=\"twitter:label2\" content=\"Est. reading time\" \/>\n\t<meta name=\"twitter:data2\" content=\"3 minutes\" \/>\n<script type=\"application\/ld+json\" class=\"yoast-schema-graph\">{\"@context\":\"https:\/\/schema.org\",\"@graph\":[{\"@type\":\"WebPage\",\"@id\":\"https:\/\/www.welovecycling.com\/pl\/2020\/07\/03\/wielkie-kuszenie-przed-tour-de-france-koniec-kolarskiej-telenoweli\/\",\"url\":\"https:\/\/www.welovecycling.com\/pl\/2020\/07\/03\/wielkie-kuszenie-przed-tour-de-france-koniec-kolarskiej-telenoweli\/\",\"name\":\"Wielkie kuszenie przed Tour de France\u2026 Koniec kolarskiej telenoweli! - \u0160koda We Love Cycling - Poland\",\"isPartOf\":{\"@id\":\"https:\/\/www.welovecycling.com\/pl\/#website\"},\"primaryImageOfPage\":{\"@id\":\"https:\/\/www.welovecycling.com\/pl\/2020\/07\/03\/wielkie-kuszenie-przed-tour-de-france-koniec-kolarskiej-telenoweli\/#primaryimage\"},\"image\":{\"@id\":\"https:\/\/www.welovecycling.com\/pl\/2020\/07\/03\/wielkie-kuszenie-przed-tour-de-france-koniec-kolarskiej-telenoweli\/#primaryimage\"},\"thumbnailUrl\":\"https:\/\/d2p6e6u75xmxt8.cloudfront.net\/5\/2020\/07\/Egan-Bernal-CVR-profimedia-0461176396.jpg\",\"datePublished\":\"2020-07-03T13:55:35+00:00\",\"dateModified\":\"2020-07-09T10:16:12+00:00\",\"author\":{\"@id\":\"https:\/\/www.welovecycling.com\/pl\/#\/schema\/person\/4a79bac7bd265aa6a35a1079d36648be\"},\"description\":\"Za niespe\u0142na dwa miesi\u0105ce startuje Tour de France! Zawodnicy ju\u017c sprawdzaj\u0105 przebieg trasy i\u2026 walcz\u0105 o jak najlepsz\u0105 pozycj\u0119 startow\u0105. Niekt\u00f3re negocjacje tocz\u0105 si\u0119 nawet o pi\u0119\u0107 milion\u00f3w euro!\",\"breadcrumb\":{\"@id\":\"https:\/\/www.welovecycling.com\/pl\/2020\/07\/03\/wielkie-kuszenie-przed-tour-de-france-koniec-kolarskiej-telenoweli\/#breadcrumb\"},\"inLanguage\":\"pl-PL\",\"potentialAction\":[{\"@type\":\"ReadAction\",\"target\":[\"https:\/\/www.welovecycling.com\/pl\/2020\/07\/03\/wielkie-kuszenie-przed-tour-de-france-koniec-kolarskiej-telenoweli\/\"]}]},{\"@type\":\"ImageObject\",\"inLanguage\":\"pl-PL\",\"@id\":\"https:\/\/www.welovecycling.com\/pl\/2020\/07\/03\/wielkie-kuszenie-przed-tour-de-france-koniec-kolarskiej-telenoweli\/#primaryimage\",\"url\":\"https:\/\/d2p6e6u75xmxt8.cloudfront.net\/5\/2020\/07\/Egan-Bernal-CVR-profimedia-0461176396.jpg\",\"contentUrl\":\"https:\/\/d2p6e6u75xmxt8.cloudfront.net\/5\/2020\/07\/Egan-Bernal-CVR-profimedia-0461176396.jpg\",\"width\":1366,\"height\":600},{\"@type\":\"BreadcrumbList\",\"@id\":\"https:\/\/www.welovecycling.com\/pl\/2020\/07\/03\/wielkie-kuszenie-przed-tour-de-france-koniec-kolarskiej-telenoweli\/#breadcrumb\",\"itemListElement\":[{\"@type\":\"ListItem\",\"position\":1,\"name\":\"Home\",\"item\":\"https:\/\/www.welovecycling.com\/pl\/\"},{\"@type\":\"ListItem\",\"position\":2,\"name\":\"Wielkie kuszenie przed Tour de France\u2026 Koniec kolarskiej telenoweli!\"}]},{\"@type\":\"WebSite\",\"@id\":\"https:\/\/www.welovecycling.com\/pl\/#website\",\"url\":\"https:\/\/www.welovecycling.com\/pl\/\",\"name\":\"\u0160koda We Love Cycling - Poland\",\"description\":\"\",\"potentialAction\":[{\"@type\":\"SearchAction\",\"target\":{\"@type\":\"EntryPoint\",\"urlTemplate\":\"https:\/\/www.welovecycling.com\/pl\/?s={search_term_string}\"},\"query-input\":{\"@type\":\"PropertyValueSpecification\",\"valueRequired\":true,\"valueName\":\"search_term_string\"}}],\"inLanguage\":\"pl-PL\"},{\"@type\":\"Person\",\"@id\":\"https:\/\/www.welovecycling.com\/pl\/#\/schema\/person\/4a79bac7bd265aa6a35a1079d36648be\",\"name\":\"oktawiamikulska\",\"image\":{\"@type\":\"ImageObject\",\"inLanguage\":\"pl-PL\",\"@id\":\"https:\/\/www.welovecycling.com\/pl\/#\/schema\/person\/image\/\",\"url\":\"https:\/\/secure.gravatar.com\/avatar\/b97a3f44e2de6d2f8dd358975937e49823662e12cbd810b9d1a2bff1c149e8a7?s=96&d=mm&r=g\",\"contentUrl\":\"https:\/\/secure.gravatar.com\/avatar\/b97a3f44e2de6d2f8dd358975937e49823662e12cbd810b9d1a2bff1c149e8a7?s=96&d=mm&r=g\",\"caption\":\"oktawiamikulska\"},\"url\":\"https:\/\/www.welovecycling.com\/pl\/author\/oktawiamikulska\/\"}]}<\/script>\n<!-- \/ Yoast SEO Premium plugin. -->","yoast_head_json":{"title":"Wielkie kuszenie przed Tour de France\u2026 Koniec kolarskiej telenoweli! - \u0160koda We Love Cycling - Poland","description":"Za niespe\u0142na dwa miesi\u0105ce startuje Tour de France! Zawodnicy ju\u017c sprawdzaj\u0105 przebieg trasy i\u2026 walcz\u0105 o jak najlepsz\u0105 pozycj\u0119 startow\u0105. Niekt\u00f3re negocjacje tocz\u0105 si\u0119 nawet o pi\u0119\u0107 milion\u00f3w euro!","robots":{"index":"index","follow":"follow","max-snippet":"max-snippet:-1","max-image-preview":"max-image-preview:large","max-video-preview":"max-video-preview:-1"},"canonical":"https:\/\/www.welovecycling.com\/pl\/2020\/07\/03\/wielkie-kuszenie-przed-tour-de-france-koniec-kolarskiej-telenoweli\/","og_locale":"pl_PL","og_type":"article","og_title":"Wielkie kuszenie przed Tour de France\u2026 Koniec kolarskiej telenoweli!","og_description":"Za niespe\u0142na dwa miesi\u0105ce startuje Tour de France! Zawodnicy ju\u017c sprawdzaj\u0105 przebieg trasy i\u2026 walcz\u0105 o jak najlepsz\u0105 pozycj\u0119 startow\u0105. Niekt\u00f3re negocjacje tocz\u0105 si\u0119 nawet o pi\u0119\u0107 milion\u00f3w euro!","og_url":"https:\/\/www.welovecycling.com\/pl\/2020\/07\/03\/wielkie-kuszenie-przed-tour-de-france-koniec-kolarskiej-telenoweli\/","og_site_name":"\u0160koda We Love Cycling - Poland","article_published_time":"2020-07-03T13:55:35+00:00","article_modified_time":"2020-07-09T10:16:12+00:00","og_image":[{"width":1366,"height":600,"url":"https:\/\/d2p6e6u75xmxt8.cloudfront.net\/5\/2020\/07\/Egan-Bernal-CVR-profimedia-0461176396.jpg","type":"image\/jpeg"}],"author":"oktawiamikulska","twitter_card":"summary_large_image","twitter_misc":{"Written by":"Piotr Nowik","Est. reading time":"3 minutes"},"schema":{"@context":"https:\/\/schema.org","@graph":[{"@type":"WebPage","@id":"https:\/\/www.welovecycling.com\/pl\/2020\/07\/03\/wielkie-kuszenie-przed-tour-de-france-koniec-kolarskiej-telenoweli\/","url":"https:\/\/www.welovecycling.com\/pl\/2020\/07\/03\/wielkie-kuszenie-przed-tour-de-france-koniec-kolarskiej-telenoweli\/","name":"Wielkie kuszenie przed Tour de France\u2026 Koniec kolarskiej telenoweli! - \u0160koda We Love Cycling - Poland","isPartOf":{"@id":"https:\/\/www.welovecycling.com\/pl\/#website"},"primaryImageOfPage":{"@id":"https:\/\/www.welovecycling.com\/pl\/2020\/07\/03\/wielkie-kuszenie-przed-tour-de-france-koniec-kolarskiej-telenoweli\/#primaryimage"},"image":{"@id":"https:\/\/www.welovecycling.com\/pl\/2020\/07\/03\/wielkie-kuszenie-przed-tour-de-france-koniec-kolarskiej-telenoweli\/#primaryimage"},"thumbnailUrl":"https:\/\/d2p6e6u75xmxt8.cloudfront.net\/5\/2020\/07\/Egan-Bernal-CVR-profimedia-0461176396.jpg","datePublished":"2020-07-03T13:55:35+00:00","dateModified":"2020-07-09T10:16:12+00:00","author":{"@id":"https:\/\/www.welovecycling.com\/pl\/#\/schema\/person\/4a79bac7bd265aa6a35a1079d36648be"},"description":"Za niespe\u0142na dwa miesi\u0105ce startuje Tour de France! Zawodnicy ju\u017c sprawdzaj\u0105 przebieg trasy i\u2026 walcz\u0105 o jak najlepsz\u0105 pozycj\u0119 startow\u0105. Niekt\u00f3re negocjacje tocz\u0105 si\u0119 nawet o pi\u0119\u0107 milion\u00f3w euro!","breadcrumb":{"@id":"https:\/\/www.welovecycling.com\/pl\/2020\/07\/03\/wielkie-kuszenie-przed-tour-de-france-koniec-kolarskiej-telenoweli\/#breadcrumb"},"inLanguage":"pl-PL","potentialAction":[{"@type":"ReadAction","target":["https:\/\/www.welovecycling.com\/pl\/2020\/07\/03\/wielkie-kuszenie-przed-tour-de-france-koniec-kolarskiej-telenoweli\/"]}]},{"@type":"ImageObject","inLanguage":"pl-PL","@id":"https:\/\/www.welovecycling.com\/pl\/2020\/07\/03\/wielkie-kuszenie-przed-tour-de-france-koniec-kolarskiej-telenoweli\/#primaryimage","url":"https:\/\/d2p6e6u75xmxt8.cloudfront.net\/5\/2020\/07\/Egan-Bernal-CVR-profimedia-0461176396.jpg","contentUrl":"https:\/\/d2p6e6u75xmxt8.cloudfront.net\/5\/2020\/07\/Egan-Bernal-CVR-profimedia-0461176396.jpg","width":1366,"height":600},{"@type":"BreadcrumbList","@id":"https:\/\/www.welovecycling.com\/pl\/2020\/07\/03\/wielkie-kuszenie-przed-tour-de-france-koniec-kolarskiej-telenoweli\/#breadcrumb","itemListElement":[{"@type":"ListItem","position":1,"name":"Home","item":"https:\/\/www.welovecycling.com\/pl\/"},{"@type":"ListItem","position":2,"name":"Wielkie kuszenie przed Tour de France\u2026 Koniec kolarskiej telenoweli!"}]},{"@type":"WebSite","@id":"https:\/\/www.welovecycling.com\/pl\/#website","url":"https:\/\/www.welovecycling.com\/pl\/","name":"\u0160koda We Love Cycling - Poland","description":"","potentialAction":[{"@type":"SearchAction","target":{"@type":"EntryPoint","urlTemplate":"https:\/\/www.welovecycling.com\/pl\/?s={search_term_string}"},"query-input":{"@type":"PropertyValueSpecification","valueRequired":true,"valueName":"search_term_string"}}],"inLanguage":"pl-PL"},{"@type":"Person","@id":"https:\/\/www.welovecycling.com\/pl\/#\/schema\/person\/4a79bac7bd265aa6a35a1079d36648be","name":"oktawiamikulska","image":{"@type":"ImageObject","inLanguage":"pl-PL","@id":"https:\/\/www.welovecycling.com\/pl\/#\/schema\/person\/image\/","url":"https:\/\/secure.gravatar.com\/avatar\/b97a3f44e2de6d2f8dd358975937e49823662e12cbd810b9d1a2bff1c149e8a7?s=96&d=mm&r=g","contentUrl":"https:\/\/secure.gravatar.com\/avatar\/b97a3f44e2de6d2f8dd358975937e49823662e12cbd810b9d1a2bff1c149e8a7?s=96&d=mm&r=g","caption":"oktawiamikulska"},"url":"https:\/\/www.welovecycling.com\/pl\/author\/oktawiamikulska\/"}]}},"_links":{"self":[{"href":"https:\/\/www.welovecycling.com\/pl\/wp-json\/wp\/v2\/posts\/10838","targetHints":{"allow":["GET"]}}],"collection":[{"href":"https:\/\/www.welovecycling.com\/pl\/wp-json\/wp\/v2\/posts"}],"about":[{"href":"https:\/\/www.welovecycling.com\/pl\/wp-json\/wp\/v2\/types\/post"}],"author":[{"embeddable":true,"href":"https:\/\/www.welovecycling.com\/pl\/wp-json\/wp\/v2\/users\/125"}],"replies":[{"embeddable":true,"href":"https:\/\/www.welovecycling.com\/pl\/wp-json\/wp\/v2\/comments?post=10838"}],"version-history":[{"count":2,"href":"https:\/\/www.welovecycling.com\/pl\/wp-json\/wp\/v2\/posts\/10838\/revisions"}],"predecessor-version":[{"id":10894,"href":"https:\/\/www.welovecycling.com\/pl\/wp-json\/wp\/v2\/posts\/10838\/revisions\/10894"}],"wp:featuredmedia":[{"embeddable":true,"href":"https:\/\/www.welovecycling.com\/pl\/wp-json\/wp\/v2\/media\/10842"}],"wp:attachment":[{"href":"https:\/\/www.welovecycling.com\/pl\/wp-json\/wp\/v2\/media?parent=10838"}],"wp:term":[{"taxonomy":"category","embeddable":true,"href":"https:\/\/www.welovecycling.com\/pl\/wp-json\/wp\/v2\/categories?post=10838"},{"taxonomy":"post_tag","embeddable":true,"href":"https:\/\/www.welovecycling.com\/pl\/wp-json\/wp\/v2\/tags?post=10838"},{"taxonomy":"global-categories","embeddable":true,"href":"https:\/\/www.welovecycling.com\/pl\/wp-json\/wp\/v2\/global-categories?post=10838"}],"curies":[{"name":"wp","href":"https:\/\/api.w.org\/{rel}","templated":true}]}}