{"id":10831,"date":"2020-07-01T10:29:18","date_gmt":"2020-07-01T10:29:18","guid":{"rendered":"https:\/\/www.welovecycling.com\/pl\/?p=10831"},"modified":"2020-07-01T13:02:28","modified_gmt":"2020-07-01T13:02:28","slug":"akcja-ride2unite-niezlomny-jiri-jezek-czeski-paraolimpijczyk-i-byly-kolarz-szosowy","status":"publish","type":"post","link":"https:\/\/www.welovecycling.com\/pl\/2020\/07\/01\/akcja-ride2unite-niezlomny-jiri-jezek-czeski-paraolimpijczyk-i-byly-kolarz-szosowy\/","title":{"rendered":"Akcja #Ride2Unite: niez\u0142omny Ji\u0159\u00ed Je\u017eek, czeski paraolimpijczyk i by\u0142y kolarz szosowy"},"content":{"rendered":"<p><strong>Kontynuujemy akcj\u0119 #Ride2Unite \u2013 go\u015bciem kolejnego livestreamu b\u0119dzie by\u0142y kolarz szosowy i torowy, Ji\u0159\u00ed Je\u017eek. Czech jest wymieniany w\u015br\u00f3d najlepszych parakolarzy w historii, a ostatnio zosta\u0142 uznany <a href=\"https:\/\/especiales.marca.com\/100-deportistas-siglo\/\">za jednego z najwi\u0119kszych sportowc\u00f3w XXI wieku.<\/a> Prowadz\u0105ca, Laura Meseguer, zabierze nas w podr\u00f3\u017c przez najbardziej inspiruj\u0105ce momenty jego \u017cycia i kariery. Historia Ji\u0159\u00edego podnosi na duchu, bawi oraz motywuje, i to nie tylko w kontek\u015bcie rowerowym, dlatego warto zapami\u0119ta\u0107, \u017ce stream zacznie si\u0119 w \u015brod\u0119 1 lipca o godzinie 18:00 na Instagramie We Love Cycling.<\/strong><\/p>\n<p>Ji\u0159\u00ed Je\u017eek straci\u0142 praw\u0105 nog\u0119 poni\u017cej kolana po potr\u0105ceniu przez ci\u0119\u017car\u00f3wk\u0119 w trakcie przechodzenia przez ulic\u0119. Mia\u0142 wtedy 11 lat. Kilka lat temu w wywiadzie dla We Love Cycling powiedzia\u0142, \u017ce to do\u015bwiadczenie zmotywowa\u0142o go do spe\u0142nienia marze\u0144 o byciu profesjonalnym sportowcem. Wypadek sta\u0142 si\u0119 dla niego \u017ar\u00f3d\u0142em wewn\u0119trznej si\u0142y i ukszta\u0142towa\u0142 go jako osob\u0119. Zacz\u0105\u0142 wyznacza\u0107 sobie coraz bardziej ambitne cele i ju\u017c w wieku 20 lat zacz\u0105\u0142 uprawia\u0107 kolarstwo wyczynowe, pocz\u0105tkowo jako hobby.<\/p>\n<p>Po pi\u0119ciu latach ci\u0119\u017ckich trening\u00f3w Je\u017eek zacz\u0105\u0142 wyrasta\u0107 na jednego z czo\u0142owych kolarzy \u015bwiata rywalizuj\u0105cych w paraolimpijskiej kategorii LC 2. Pierwszym du\u017cym sukcesem by\u0142y dwa z\u0142ote medale na igrzyskach paraolimpijskich w Sydney w 2000 roku, kt\u00f3re zwr\u00f3ci\u0142y na niego uwag\u0119 sponsor\u00f3w doceniaj\u0105cych tak\u017ce jego uroczy charakter i determinacj\u0119. Dzi\u0119ki temu Ji\u0159\u00ed m\u00f3g\u0142 odej\u015b\u0107 z pracy technika protetyki i rozpocz\u0105\u0107 profesjonaln\u0105 karier\u0119 kolarsk\u0105.<\/p>\n<figure id=\"attachment_161970\" aria-describedby=\"caption-attachment-161970\" style=\"width: 1250px\" class=\"wp-caption alignnone\"><img loading=\"lazy\" decoding=\"async\" class=\"loading wp-image-161970 size-full\" src=\"https:\/\/d2p6e6u75xmxt8.cloudfront.net\/2\/2017\/11\/profimedia-0234123798.jpg\" sizes=\"auto, (max-width: 1250px) 100vw, 1250px\" srcset=\"https:\/\/d2p6e6u75xmxt8.cloudfront.net\/2\/2017\/11\/profimedia-0234123798.jpg 1250w, https:\/\/d2p6e6u75xmxt8.cloudfront.net\/2\/2017\/11\/profimedia-0234123798-300x228.jpg 300w, https:\/\/d2p6e6u75xmxt8.cloudfront.net\/2\/2017\/11\/profimedia-0234123798-768x582.jpg 768w, https:\/\/d2p6e6u75xmxt8.cloudfront.net\/2\/2017\/11\/profimedia-0234123798-1024x777.jpg 1024w\" alt=\"\" width=\"1250\" height=\"948\" data-was-processed=\"true\" \/><figcaption id=\"caption-attachment-161970\" class=\"wp-caption-text\">Ji\u0159\u00ed Je\u017eek \u015bwi\u0119tuje w Brands Hatch w Wielkiej Brytanii po zdobyciu z\u0142otego medalu w indywidualnej je\u017adzie na czas m\u0119\u017cczyzn C4 podczas igrzysk paraolimpijskich w Londynie w 2012 roku. \u00a9 Profimedia, TEMP EPA<\/figcaption><\/figure>\n<p>Nast\u0119pnie wygra\u0142 presti\u017cowy wy\u015bcig paraolimpijski w Atenach w 2004 roku, z\u0142oto na igrzyskach paraolimpijskich w Pekinie 2008 i Rio 2016, a tak\u017ce kilka innych mistrzostw i liczne wy\u015bcigi. Jest r\u00f3wnie\u017c by\u0142ym kapitanem Czeskiej Narodowej Dru\u017cyny Paraolimpijskiej.<\/p>\n<p>Kiedy jeszcze \u015bciga\u0142 si\u0119 zawodowo, na porz\u0105dku dziennym by\u0142o mierzenie si\u0119 z pe\u0142nosprawnymi kolarzami. \u015arednio przeje\u017cd\u017ca\u0142 mi\u0119dzy 27 a 30 tysi\u0105cami kilometr\u00f3w rocznie, w co opr\u00f3cz trening\u00f3w wlicza\u0142o si\u0119 od 55 do 75 wy\u015bcig\u00f3w. W 2008 roku wyda\u0142 autobiografi\u0119 pod tytu\u0142em \u201eFrajer\u201d. Dnia 14 pa\u017adziernika 2017 roku w wieku 43 lat Je\u017eek og\u0142osi\u0142 przej\u015bcie na sportow\u0105 emerytur\u0119, ale do dzi\u015b pozostaje aktywny \u2013 wci\u0105\u017c je\u017adzi, jest trenerem kolarstwa i jednym ambasador\u00f3w \u0160KODY. Poza tym wyst\u0119puje w roli m\u00f3wcy motywacyjnego, wspiera organizacje charytatywne, organizuje wy\u015bcigi dla dzieci i zajmuje si\u0119 doradztwem w zakresie rozwoju protetyki ko\u0144czyn.<\/p>\n<p><strong>W \u015brod\u0119 1 lipca o 18:00 na kanale IGTV We Love Cycling<\/strong> mo\u017cecie si\u0119 spodziewa\u0107 od\u015bwie\u017caj\u0105cego spojrzenia na \u017cycie, du\u017cej dawki motywacji, ci\u0119\u017ckiej pracy i szczero\u015bci. B\u0119dzie to emocjonuj\u0105ca opowie\u015b\u0107 zza kulis \u015bwiata parakolarstwa.<\/p>\n<p>https:\/\/www.instagram.com\/tv\/CB0t95UFJde\/?utm_source=ig_web_copy_link<\/p>\n<p>W mi\u0119dzyczasie zach\u0119camy do obejrzenia poprzedniego streamu z cyklu #Ride2Unite, kt\u00f3rego go\u015bciem by\u0142 Belg Philippe Gilbert \u2013 \u201eKr\u00f3l Klasyk\u00f3w\u201d.<\/p>\n","protected":false},"excerpt":{"rendered":"<p>Kontynuujemy akcj\u0119 #Ride2Unite \u2013 go\u015bciem kolejnego livestreamu b\u0119dzie by\u0142y kolarz szosowy i torowy, Ji\u0159\u00ed Je\u017eek. Czech jest wymieniany w\u015br\u00f3d najlepszych [&hellip;]<\/p>\n","protected":false},"author":125,"featured_media":10836,"comment_status":"open","ping_status":"open","sticky":false,"template":"","format":"standard","meta":{"footnotes":""},"categories":[330],"tags":[],"global-categories":[303],"class_list":["post-10831","post","type-post","status-publish","format-standard","has-post-thumbnail","hentry","category-ride2unite","global-categories-cycling"],"yoast_head":"<!-- This site is optimized with the Yoast SEO Premium plugin v25.3 (Yoast SEO v25.9) - https:\/\/yoast.com\/wordpress\/plugins\/seo\/ -->\n<title>Akcja #Ride2Unite: niez\u0142omny Ji\u0159\u00ed Je\u017eek, czeski paraolimpijczyk i by\u0142y kolarz szosowy - \u0160koda We Love Cycling - Poland<\/title>\n<meta name=\"description\" content=\"Kontynuujemy akcj\u0119 #Ride2Unite \u2013 go\u015bciem kolejnego livestreamu b\u0119dzie by\u0142y kolarz szosowy i torowy, Ji\u0159\u00ed Je\u017eek. Czech jest wymieniany w\u015br\u00f3d najlepszych parakolarzy w historii, a ostatnio zosta\u0142 uznany za jednego z najwi\u0119kszych sportowc\u00f3w XXI wieku. Prowadz\u0105ca, Laura Meseguer, zabierze nas w podr\u00f3\u017c przez najbardziej inspiruj\u0105ce momenty jego \u017cycia i kariery. Historia Ji\u0159\u00edego podnosi na duchu, bawi oraz motywuje, i to nie tylko w kontek\u015bcie rowerowym, dlatego warto zapami\u0119ta\u0107, \u017ce stream zacznie si\u0119 w \u015brod\u0119 1 lipca o godzinie 18:00 na Instagramie We Love Cycling.\" \/>\n<meta name=\"robots\" content=\"index, follow, max-snippet:-1, max-image-preview:large, max-video-preview:-1\" \/>\n<link rel=\"canonical\" href=\"https:\/\/www.welovecycling.com\/pl\/2020\/07\/01\/akcja-ride2unite-niezlomny-jiri-jezek-czeski-paraolimpijczyk-i-byly-kolarz-szosowy\/\" \/>\n<meta property=\"og:locale\" content=\"pl_PL\" \/>\n<meta property=\"og:type\" content=\"article\" \/>\n<meta property=\"og:title\" content=\"Akcja #Ride2Unite: niez\u0142omny Ji\u0159\u00ed Je\u017eek, czeski paraolimpijczyk i by\u0142y kolarz szosowy\" \/>\n<meta property=\"og:description\" content=\"Kontynuujemy akcj\u0119 #Ride2Unite \u2013 go\u015bciem kolejnego livestreamu b\u0119dzie by\u0142y kolarz szosowy i torowy, Ji\u0159\u00ed Je\u017eek. Czech jest wymieniany w\u015br\u00f3d najlepszych parakolarzy w historii, a ostatnio zosta\u0142 uznany za jednego z najwi\u0119kszych sportowc\u00f3w XXI wieku. Prowadz\u0105ca, Laura Meseguer, zabierze nas w podr\u00f3\u017c przez najbardziej inspiruj\u0105ce momenty jego \u017cycia i kariery. Historia Ji\u0159\u00edego podnosi na duchu, bawi oraz motywuje, i to nie tylko w kontek\u015bcie rowerowym, dlatego warto zapami\u0119ta\u0107, \u017ce stream zacznie si\u0119 w \u015brod\u0119 1 lipca o godzinie 18:00 na Instagramie We Love Cycling.\" \/>\n<meta property=\"og:url\" content=\"https:\/\/www.welovecycling.com\/pl\/2020\/07\/01\/akcja-ride2unite-niezlomny-jiri-jezek-czeski-paraolimpijczyk-i-byly-kolarz-szosowy\/\" \/>\n<meta property=\"og:site_name\" content=\"\u0160koda We Love Cycling - Poland\" \/>\n<meta property=\"article:published_time\" content=\"2020-07-01T10:29:18+00:00\" \/>\n<meta property=\"article:modified_time\" content=\"2020-07-01T13:02:28+00:00\" \/>\n<meta property=\"og:image\" content=\"https:\/\/d2p6e6u75xmxt8.cloudfront.net\/5\/2020\/07\/JIRI-JAZEK-_-POP.jpg\" \/>\n\t<meta property=\"og:image:width\" content=\"1366\" \/>\n\t<meta property=\"og:image:height\" content=\"628\" \/>\n\t<meta property=\"og:image:type\" content=\"image\/jpeg\" \/>\n<meta name=\"author\" content=\"oktawiamikulska\" \/>\n<meta name=\"twitter:card\" content=\"summary_large_image\" \/>\n<meta name=\"twitter:label1\" content=\"Written by\" \/>\n\t<meta name=\"twitter:data1\" content=\"Frantiska Blazkova\" \/>\n\t<meta name=\"twitter:label2\" content=\"Est. reading time\" \/>\n\t<meta name=\"twitter:data2\" content=\"3 minutes\" \/>\n<script type=\"application\/ld+json\" class=\"yoast-schema-graph\">{\"@context\":\"https:\/\/schema.org\",\"@graph\":[{\"@type\":\"WebPage\",\"@id\":\"https:\/\/www.welovecycling.com\/pl\/2020\/07\/01\/akcja-ride2unite-niezlomny-jiri-jezek-czeski-paraolimpijczyk-i-byly-kolarz-szosowy\/\",\"url\":\"https:\/\/www.welovecycling.com\/pl\/2020\/07\/01\/akcja-ride2unite-niezlomny-jiri-jezek-czeski-paraolimpijczyk-i-byly-kolarz-szosowy\/\",\"name\":\"Akcja #Ride2Unite: niez\u0142omny Ji\u0159\u00ed Je\u017eek, czeski paraolimpijczyk i by\u0142y kolarz szosowy - \u0160koda We Love Cycling - Poland\",\"isPartOf\":{\"@id\":\"https:\/\/www.welovecycling.com\/pl\/#website\"},\"primaryImageOfPage\":{\"@id\":\"https:\/\/www.welovecycling.com\/pl\/2020\/07\/01\/akcja-ride2unite-niezlomny-jiri-jezek-czeski-paraolimpijczyk-i-byly-kolarz-szosowy\/#primaryimage\"},\"image\":{\"@id\":\"https:\/\/www.welovecycling.com\/pl\/2020\/07\/01\/akcja-ride2unite-niezlomny-jiri-jezek-czeski-paraolimpijczyk-i-byly-kolarz-szosowy\/#primaryimage\"},\"thumbnailUrl\":\"https:\/\/d2p6e6u75xmxt8.cloudfront.net\/5\/2020\/07\/JIRI-JAZEK-_-POP.jpg\",\"datePublished\":\"2020-07-01T10:29:18+00:00\",\"dateModified\":\"2020-07-01T13:02:28+00:00\",\"author\":{\"@id\":\"https:\/\/www.welovecycling.com\/pl\/#\/schema\/person\/4a79bac7bd265aa6a35a1079d36648be\"},\"description\":\"Kontynuujemy akcj\u0119 #Ride2Unite \u2013 go\u015bciem kolejnego livestreamu b\u0119dzie by\u0142y kolarz szosowy i torowy, Ji\u0159\u00ed Je\u017eek. Czech jest wymieniany w\u015br\u00f3d najlepszych parakolarzy w historii, a ostatnio zosta\u0142 uznany za jednego z najwi\u0119kszych sportowc\u00f3w XXI wieku. Prowadz\u0105ca, Laura Meseguer, zabierze nas w podr\u00f3\u017c przez najbardziej inspiruj\u0105ce momenty jego \u017cycia i kariery. Historia Ji\u0159\u00edego podnosi na duchu, bawi oraz motywuje, i to nie tylko w kontek\u015bcie rowerowym, dlatego warto zapami\u0119ta\u0107, \u017ce stream zacznie si\u0119 w \u015brod\u0119 1 lipca o godzinie 18:00 na Instagramie We Love Cycling.\",\"breadcrumb\":{\"@id\":\"https:\/\/www.welovecycling.com\/pl\/2020\/07\/01\/akcja-ride2unite-niezlomny-jiri-jezek-czeski-paraolimpijczyk-i-byly-kolarz-szosowy\/#breadcrumb\"},\"inLanguage\":\"pl-PL\",\"potentialAction\":[{\"@type\":\"ReadAction\",\"target\":[\"https:\/\/www.welovecycling.com\/pl\/2020\/07\/01\/akcja-ride2unite-niezlomny-jiri-jezek-czeski-paraolimpijczyk-i-byly-kolarz-szosowy\/\"]}]},{\"@type\":\"ImageObject\",\"inLanguage\":\"pl-PL\",\"@id\":\"https:\/\/www.welovecycling.com\/pl\/2020\/07\/01\/akcja-ride2unite-niezlomny-jiri-jezek-czeski-paraolimpijczyk-i-byly-kolarz-szosowy\/#primaryimage\",\"url\":\"https:\/\/d2p6e6u75xmxt8.cloudfront.net\/5\/2020\/07\/JIRI-JAZEK-_-POP.jpg\",\"contentUrl\":\"https:\/\/d2p6e6u75xmxt8.cloudfront.net\/5\/2020\/07\/JIRI-JAZEK-_-POP.jpg\",\"width\":1366,\"height\":628},{\"@type\":\"BreadcrumbList\",\"@id\":\"https:\/\/www.welovecycling.com\/pl\/2020\/07\/01\/akcja-ride2unite-niezlomny-jiri-jezek-czeski-paraolimpijczyk-i-byly-kolarz-szosowy\/#breadcrumb\",\"itemListElement\":[{\"@type\":\"ListItem\",\"position\":1,\"name\":\"Home\",\"item\":\"https:\/\/www.welovecycling.com\/pl\/\"},{\"@type\":\"ListItem\",\"position\":2,\"name\":\"Akcja #Ride2Unite: niez\u0142omny Ji\u0159\u00ed Je\u017eek, czeski paraolimpijczyk i by\u0142y kolarz szosowy\"}]},{\"@type\":\"WebSite\",\"@id\":\"https:\/\/www.welovecycling.com\/pl\/#website\",\"url\":\"https:\/\/www.welovecycling.com\/pl\/\",\"name\":\"\u0160koda We Love Cycling - Poland\",\"description\":\"\",\"potentialAction\":[{\"@type\":\"SearchAction\",\"target\":{\"@type\":\"EntryPoint\",\"urlTemplate\":\"https:\/\/www.welovecycling.com\/pl\/?s={search_term_string}\"},\"query-input\":{\"@type\":\"PropertyValueSpecification\",\"valueRequired\":true,\"valueName\":\"search_term_string\"}}],\"inLanguage\":\"pl-PL\"},{\"@type\":\"Person\",\"@id\":\"https:\/\/www.welovecycling.com\/pl\/#\/schema\/person\/4a79bac7bd265aa6a35a1079d36648be\",\"name\":\"oktawiamikulska\",\"image\":{\"@type\":\"ImageObject\",\"inLanguage\":\"pl-PL\",\"@id\":\"https:\/\/www.welovecycling.com\/pl\/#\/schema\/person\/image\/\",\"url\":\"https:\/\/secure.gravatar.com\/avatar\/b97a3f44e2de6d2f8dd358975937e49823662e12cbd810b9d1a2bff1c149e8a7?s=96&d=mm&r=g\",\"contentUrl\":\"https:\/\/secure.gravatar.com\/avatar\/b97a3f44e2de6d2f8dd358975937e49823662e12cbd810b9d1a2bff1c149e8a7?s=96&d=mm&r=g\",\"caption\":\"oktawiamikulska\"},\"url\":\"https:\/\/www.welovecycling.com\/pl\/author\/oktawiamikulska\/\"}]}<\/script>\n<!-- \/ Yoast SEO Premium plugin. -->","yoast_head_json":{"title":"Akcja #Ride2Unite: niez\u0142omny Ji\u0159\u00ed Je\u017eek, czeski paraolimpijczyk i by\u0142y kolarz szosowy - \u0160koda We Love Cycling - Poland","description":"Kontynuujemy akcj\u0119 #Ride2Unite \u2013 go\u015bciem kolejnego livestreamu b\u0119dzie by\u0142y kolarz szosowy i torowy, Ji\u0159\u00ed Je\u017eek. Czech jest wymieniany w\u015br\u00f3d najlepszych parakolarzy w historii, a ostatnio zosta\u0142 uznany za jednego z najwi\u0119kszych sportowc\u00f3w XXI wieku. Prowadz\u0105ca, Laura Meseguer, zabierze nas w podr\u00f3\u017c przez najbardziej inspiruj\u0105ce momenty jego \u017cycia i kariery. Historia Ji\u0159\u00edego podnosi na duchu, bawi oraz motywuje, i to nie tylko w kontek\u015bcie rowerowym, dlatego warto zapami\u0119ta\u0107, \u017ce stream zacznie si\u0119 w \u015brod\u0119 1 lipca o godzinie 18:00 na Instagramie We Love Cycling.","robots":{"index":"index","follow":"follow","max-snippet":"max-snippet:-1","max-image-preview":"max-image-preview:large","max-video-preview":"max-video-preview:-1"},"canonical":"https:\/\/www.welovecycling.com\/pl\/2020\/07\/01\/akcja-ride2unite-niezlomny-jiri-jezek-czeski-paraolimpijczyk-i-byly-kolarz-szosowy\/","og_locale":"pl_PL","og_type":"article","og_title":"Akcja #Ride2Unite: niez\u0142omny Ji\u0159\u00ed Je\u017eek, czeski paraolimpijczyk i by\u0142y kolarz szosowy","og_description":"Kontynuujemy akcj\u0119 #Ride2Unite \u2013 go\u015bciem kolejnego livestreamu b\u0119dzie by\u0142y kolarz szosowy i torowy, Ji\u0159\u00ed Je\u017eek. Czech jest wymieniany w\u015br\u00f3d najlepszych parakolarzy w historii, a ostatnio zosta\u0142 uznany za jednego z najwi\u0119kszych sportowc\u00f3w XXI wieku. Prowadz\u0105ca, Laura Meseguer, zabierze nas w podr\u00f3\u017c przez najbardziej inspiruj\u0105ce momenty jego \u017cycia i kariery. Historia Ji\u0159\u00edego podnosi na duchu, bawi oraz motywuje, i to nie tylko w kontek\u015bcie rowerowym, dlatego warto zapami\u0119ta\u0107, \u017ce stream zacznie si\u0119 w \u015brod\u0119 1 lipca o godzinie 18:00 na Instagramie We Love Cycling.","og_url":"https:\/\/www.welovecycling.com\/pl\/2020\/07\/01\/akcja-ride2unite-niezlomny-jiri-jezek-czeski-paraolimpijczyk-i-byly-kolarz-szosowy\/","og_site_name":"\u0160koda We Love Cycling - Poland","article_published_time":"2020-07-01T10:29:18+00:00","article_modified_time":"2020-07-01T13:02:28+00:00","og_image":[{"width":1366,"height":628,"url":"https:\/\/d2p6e6u75xmxt8.cloudfront.net\/5\/2020\/07\/JIRI-JAZEK-_-POP.jpg","type":"image\/jpeg"}],"author":"oktawiamikulska","twitter_card":"summary_large_image","twitter_misc":{"Written by":"Frantiska Blazkova","Est. reading time":"3 minutes"},"schema":{"@context":"https:\/\/schema.org","@graph":[{"@type":"WebPage","@id":"https:\/\/www.welovecycling.com\/pl\/2020\/07\/01\/akcja-ride2unite-niezlomny-jiri-jezek-czeski-paraolimpijczyk-i-byly-kolarz-szosowy\/","url":"https:\/\/www.welovecycling.com\/pl\/2020\/07\/01\/akcja-ride2unite-niezlomny-jiri-jezek-czeski-paraolimpijczyk-i-byly-kolarz-szosowy\/","name":"Akcja #Ride2Unite: niez\u0142omny Ji\u0159\u00ed Je\u017eek, czeski paraolimpijczyk i by\u0142y kolarz szosowy - \u0160koda We Love Cycling - Poland","isPartOf":{"@id":"https:\/\/www.welovecycling.com\/pl\/#website"},"primaryImageOfPage":{"@id":"https:\/\/www.welovecycling.com\/pl\/2020\/07\/01\/akcja-ride2unite-niezlomny-jiri-jezek-czeski-paraolimpijczyk-i-byly-kolarz-szosowy\/#primaryimage"},"image":{"@id":"https:\/\/www.welovecycling.com\/pl\/2020\/07\/01\/akcja-ride2unite-niezlomny-jiri-jezek-czeski-paraolimpijczyk-i-byly-kolarz-szosowy\/#primaryimage"},"thumbnailUrl":"https:\/\/d2p6e6u75xmxt8.cloudfront.net\/5\/2020\/07\/JIRI-JAZEK-_-POP.jpg","datePublished":"2020-07-01T10:29:18+00:00","dateModified":"2020-07-01T13:02:28+00:00","author":{"@id":"https:\/\/www.welovecycling.com\/pl\/#\/schema\/person\/4a79bac7bd265aa6a35a1079d36648be"},"description":"Kontynuujemy akcj\u0119 #Ride2Unite \u2013 go\u015bciem kolejnego livestreamu b\u0119dzie by\u0142y kolarz szosowy i torowy, Ji\u0159\u00ed Je\u017eek. Czech jest wymieniany w\u015br\u00f3d najlepszych parakolarzy w historii, a ostatnio zosta\u0142 uznany za jednego z najwi\u0119kszych sportowc\u00f3w XXI wieku. Prowadz\u0105ca, Laura Meseguer, zabierze nas w podr\u00f3\u017c przez najbardziej inspiruj\u0105ce momenty jego \u017cycia i kariery. Historia Ji\u0159\u00edego podnosi na duchu, bawi oraz motywuje, i to nie tylko w kontek\u015bcie rowerowym, dlatego warto zapami\u0119ta\u0107, \u017ce stream zacznie si\u0119 w \u015brod\u0119 1 lipca o godzinie 18:00 na Instagramie We Love Cycling.","breadcrumb":{"@id":"https:\/\/www.welovecycling.com\/pl\/2020\/07\/01\/akcja-ride2unite-niezlomny-jiri-jezek-czeski-paraolimpijczyk-i-byly-kolarz-szosowy\/#breadcrumb"},"inLanguage":"pl-PL","potentialAction":[{"@type":"ReadAction","target":["https:\/\/www.welovecycling.com\/pl\/2020\/07\/01\/akcja-ride2unite-niezlomny-jiri-jezek-czeski-paraolimpijczyk-i-byly-kolarz-szosowy\/"]}]},{"@type":"ImageObject","inLanguage":"pl-PL","@id":"https:\/\/www.welovecycling.com\/pl\/2020\/07\/01\/akcja-ride2unite-niezlomny-jiri-jezek-czeski-paraolimpijczyk-i-byly-kolarz-szosowy\/#primaryimage","url":"https:\/\/d2p6e6u75xmxt8.cloudfront.net\/5\/2020\/07\/JIRI-JAZEK-_-POP.jpg","contentUrl":"https:\/\/d2p6e6u75xmxt8.cloudfront.net\/5\/2020\/07\/JIRI-JAZEK-_-POP.jpg","width":1366,"height":628},{"@type":"BreadcrumbList","@id":"https:\/\/www.welovecycling.com\/pl\/2020\/07\/01\/akcja-ride2unite-niezlomny-jiri-jezek-czeski-paraolimpijczyk-i-byly-kolarz-szosowy\/#breadcrumb","itemListElement":[{"@type":"ListItem","position":1,"name":"Home","item":"https:\/\/www.welovecycling.com\/pl\/"},{"@type":"ListItem","position":2,"name":"Akcja #Ride2Unite: niez\u0142omny Ji\u0159\u00ed Je\u017eek, czeski paraolimpijczyk i by\u0142y kolarz szosowy"}]},{"@type":"WebSite","@id":"https:\/\/www.welovecycling.com\/pl\/#website","url":"https:\/\/www.welovecycling.com\/pl\/","name":"\u0160koda We Love Cycling - Poland","description":"","potentialAction":[{"@type":"SearchAction","target":{"@type":"EntryPoint","urlTemplate":"https:\/\/www.welovecycling.com\/pl\/?s={search_term_string}"},"query-input":{"@type":"PropertyValueSpecification","valueRequired":true,"valueName":"search_term_string"}}],"inLanguage":"pl-PL"},{"@type":"Person","@id":"https:\/\/www.welovecycling.com\/pl\/#\/schema\/person\/4a79bac7bd265aa6a35a1079d36648be","name":"oktawiamikulska","image":{"@type":"ImageObject","inLanguage":"pl-PL","@id":"https:\/\/www.welovecycling.com\/pl\/#\/schema\/person\/image\/","url":"https:\/\/secure.gravatar.com\/avatar\/b97a3f44e2de6d2f8dd358975937e49823662e12cbd810b9d1a2bff1c149e8a7?s=96&d=mm&r=g","contentUrl":"https:\/\/secure.gravatar.com\/avatar\/b97a3f44e2de6d2f8dd358975937e49823662e12cbd810b9d1a2bff1c149e8a7?s=96&d=mm&r=g","caption":"oktawiamikulska"},"url":"https:\/\/www.welovecycling.com\/pl\/author\/oktawiamikulska\/"}]}},"_links":{"self":[{"href":"https:\/\/www.welovecycling.com\/pl\/wp-json\/wp\/v2\/posts\/10831","targetHints":{"allow":["GET"]}}],"collection":[{"href":"https:\/\/www.welovecycling.com\/pl\/wp-json\/wp\/v2\/posts"}],"about":[{"href":"https:\/\/www.welovecycling.com\/pl\/wp-json\/wp\/v2\/types\/post"}],"author":[{"embeddable":true,"href":"https:\/\/www.welovecycling.com\/pl\/wp-json\/wp\/v2\/users\/125"}],"replies":[{"embeddable":true,"href":"https:\/\/www.welovecycling.com\/pl\/wp-json\/wp\/v2\/comments?post=10831"}],"version-history":[{"count":2,"href":"https:\/\/www.welovecycling.com\/pl\/wp-json\/wp\/v2\/posts\/10831\/revisions"}],"predecessor-version":[{"id":10835,"href":"https:\/\/www.welovecycling.com\/pl\/wp-json\/wp\/v2\/posts\/10831\/revisions\/10835"}],"wp:featuredmedia":[{"embeddable":true,"href":"https:\/\/www.welovecycling.com\/pl\/wp-json\/wp\/v2\/media\/10836"}],"wp:attachment":[{"href":"https:\/\/www.welovecycling.com\/pl\/wp-json\/wp\/v2\/media?parent=10831"}],"wp:term":[{"taxonomy":"category","embeddable":true,"href":"https:\/\/www.welovecycling.com\/pl\/wp-json\/wp\/v2\/categories?post=10831"},{"taxonomy":"post_tag","embeddable":true,"href":"https:\/\/www.welovecycling.com\/pl\/wp-json\/wp\/v2\/tags?post=10831"},{"taxonomy":"global-categories","embeddable":true,"href":"https:\/\/www.welovecycling.com\/pl\/wp-json\/wp\/v2\/global-categories?post=10831"}],"curies":[{"name":"wp","href":"https:\/\/api.w.org\/{rel}","templated":true}]}}