{"id":10818,"date":"2020-06-29T13:36:37","date_gmt":"2020-06-29T13:36:37","guid":{"rendered":"https:\/\/www.welovecycling.com\/pl\/?p=10818"},"modified":"2020-06-29T13:36:37","modified_gmt":"2020-06-29T13:36:37","slug":"blisko-coraz-blizej-swiatowy-peleton-juz-przebiera-nogami","status":"publish","type":"post","link":"https:\/\/www.welovecycling.com\/pl\/2020\/06\/29\/blisko-coraz-blizej-swiatowy-peleton-juz-przebiera-nogami\/","title":{"rendered":"Blisko, coraz bli\u017cej\u2026 \u015awiatowy peleton ju\u017c przebiera nogami!"},"content":{"rendered":"<p><strong>Rozpocz\u0119\u0142o si\u0119 ko\u0144cowe odliczanie! Najlepsi zawodnicy \u015bwiata ju\u017c za miesi\u0105c wystartuj\u0105 w zawodach z serii UCI World Tour, a za dwa zmierz\u0105 si\u0119 w najwi\u0119kszym wy\u015bcigu \u015bwiata \u2013 Tour de France. Jak si\u0119 do tego przygotowuj\u0105? Oto nasz sprint po \u015bwiatowym peletonie.<\/strong><\/p>\n<p>Primo\u017c Roglic (Jumbo-Visma), kt\u00f3ry oszuka\u0142 przeznaczenie i zamiast zosta\u0107 skoczkiem narciarskim, dzi\u015b \u015bciga si\u0119 z najlepszymi, po raz kolejny udowodni\u0142 sobie i \u015bwiatu, \u017ce dokona\u0142 dobrego wyboru. Do coraz bardziej okaza\u0142ej gabloty, S\u0142oweniec w\u0142a\u015bnie dorzuci\u0142 mistrzostwo swojego kraju<\/p>\n<p>https:\/\/www.instagram.com\/p\/CBvtUq7pcpY\/?utm_source=ig_web_copy_link<\/p>\n<p>\u2013 W ko\u0144cu wr\u00f3cili\u015bmy do \u015bcigania! To by\u0142 honor wygra\u0107 mistrzostwa przed tak niesamowitym t\u0142umem \u2013 napisa\u0142 Roglic, kt\u00f3ry kilka dni p\u00f3\u017aniej zdoby\u0142 wicemistrzostwo S\u0142owenii w je\u017adzie na czas, przegrywaj\u0105c tylko z Tadejem Pogacarem (UAE Team Emirates)<\/p>\n<p>https:\/\/www.instagram.com\/p\/CBuuq3xlcHS\/?utm_source=ig_web_copy_link<\/p>\n<p>Nogami z niecierpliwo\u015bci przebiera za to Peter Sagan (Bora-hansgrohe), kt\u00f3ry przygotowuje si\u0119 do wznowienia sezonu. A w tym roku S\u0142owak musi by\u0107 wyj\u0105tkowo silny, bo zamierza zaliczy\u0107 zar\u00f3wno Tour de France, jak i Giro d\u2019Italia. Mimo to Sagan znajduje jeszcze czas na inne aktywno\u015bci poza kolarstwem, o czym wi\u0119cej dowiecie si\u0119 z poni\u017cszego materia\u0142u.<\/p>\n<p>https:\/\/www.instagram.com\/p\/CB5j3MPiAQR\/?utm_source=ig_web_copy_link<\/p>\n<p>Trzeba przyzna\u0107, \u017ce S\u0142owak nie\u017ale poradzi\u0142 sobie jako aktor.<\/p>\n<p>Nie tylko na \u015bciganiu musi ostatnio skupi\u0107 si\u0119 Christopher Froome. Brytyjczyk tak bardzo chce wygra\u0107 Tour de France po raz pi\u0105ty w karierze (dzi\u0119ki temu do\u0142\u0105czy\u0142by do legend Wielkiej P\u0119tli), \u017ce spekuluje si\u0119, i\u017c jeszcze przed startem sezonu mo\u017ce zamieni\u0107 Team Ineos na Israel Start-Up Nation. Fromme do tych plotek na razie si\u0119 nie odnosi i przygotowuje si\u0119 do start\u00f3w z kolegami z Ineos<\/p>\n<p>https:\/\/www.instagram.com\/p\/CBiiAEOoyJV\/?utm_source=ig_web_copy_link<\/p>\n<p>Przypomnijmy, \u017ce Brytyjczyk do \u015bcigania wraca po bardzo powa\u017cnej kontuzji, kt\u00f3re nabawi\u0142 si\u0119 w poprzednim sezonie. A jego walka o powr\u00f3t do zdrowia w skr\u00f3cie wygl\u0105da\u0142a tak<\/p>\n<p>https:\/\/www.instagram.com\/p\/CBVJ19qILdR\/?utm_source=ig_web_copy_link<\/p>\n<p>Do startu sezonu przygotowuj\u0105 si\u0119 r\u00f3wnie\u017c Polacy. Rafa\u0142 Majka (Bora-hansgrohe) ju\u017c poinformowa\u0142 swoich kibic\u00f3w, gdzie b\u0119d\u0119 mogli go dopingowa\u0107<\/p>\n<div class=\"embed-controller-wrapper\">\n<blockquote class=\"twitter-tweet\" data-width=\"500\" data-dnt=\"true\">\n<p lang=\"qme\" dir=\"ltr\">\ud83c\udd95\ud83d\uddd3\ufe0f\ud83d\udc47 <a href=\"https:\/\/t.co\/B4fVArQjy5\">pic.twitter.com\/B4fVArQjy5<\/a><\/p>\n<p>&mdash; Rafa\u0142 Majka (@majkaformal) <a href=\"https:\/\/twitter.com\/majkaformal\/status\/1272876565022552066?ref_src=twsrc%5Etfw\">June 16, 2020<\/a><\/p><\/blockquote>\n<p><script async data-src=\"https:\/\/platform.twitter.com\/widgets.js\" charset=\"utf-8\"><\/script><\/div>\n<p>Bora-hansgrohe, najbardziej \u201epolski\u201d zesp\u00f3\u0142 w \u015bwiatowej czo\u0142\u00f3wce, do restartu sezonu przygotowuje si\u0119 w Austrii, o czym z kolei poinformowa\u0142 Pawe\u0142 Polja\u0144ski<\/p>\n<p>https:\/\/www.facebook.com\/p.poljanski\/posts\/3604838312878687<\/p>\n<p>Sezon UCI Tour zostanie wznowiony dok\u0142adnie 1 sierpnia jednodniowym wy\u015bcigiem Strade Bianche. Ju\u017c wiadomo, \u017ce we\u017amie w nim udzia\u0142 m.in. Julian Alaphilippe (Deceuninck Quick-Step), kt\u00f3ry ostatnio wspi\u0105\u0142 si\u0119 wraz z kolegami na Col de la Loze, jeden ze szczyt\u00f3w, kt\u00f3re w tym roku b\u0119d\u0105 musieli zaliczy\u0107 \u015bmia\u0142kowie startuj\u0105cy w Tour de France. To w\u0142a\u015bnie tam zako\u0144czy si\u0119 17. etap tegorocznej Wielkiej P\u0119tli<\/p>\n<p>https:\/\/www.instagram.com\/p\/CB0feT-DreH\/?utm_source=ig_web_copy_link<\/p>\n<p>Przypomnijmy, \u017ce w tym roku Tour de France odb\u0119dzie si\u0119 w dniach 29 sierpnia \u2013 20 wrze\u015bnia, a wcze\u015bniej zawodnicy b\u0119d\u0105 \u015bci\u0105gali si\u0119 podczas Tour de Pologne (5 \u2013 9 sierpnia).<br \/>\nCzeka nas wi\u0119c du\u017co kolarskich emocji, kt\u00f3rych ju\u017c nie mo\u017cemy si\u0119 doczeka\u0107.<\/p>\n<p><span data-sheets-value=\"{&quot;1&quot;:2,&quot;2&quot;:&quot;Artyku\u0142 powsta\u0142 we wsp\u00f3\u0142pracy ze skoda-auto.pl&quot;}\" data-sheets-userformat=\"{&quot;2&quot;:1,&quot;3&quot;:{&quot;1&quot;:0}}\" data-sheets-hyperlink=\"http:\/\/www.skoda-auto.pl\/\"><a class=\"in-cell-link\" href=\"http:\/\/www.skoda-auto.pl\/\" target=\"_blank\" rel=\"noopener noreferrer\">Artyku\u0142 powsta\u0142 we wsp\u00f3\u0142pracy ze skoda-auto.pl<\/a><\/span><\/p>\n<p>&nbsp;<\/p>\n<p><a href=\"https:\/\/www.skoda-auto.pl\/modele\/karoq\">\u00a0<\/a><\/p>\n<p><a href=\"https:\/\/www.skoda-auto.pl\/modele\/karoq\"><img loading=\"lazy\" decoding=\"async\" class=\"aligncenter wp-image-9606 size-full\" src=\"https:\/\/d2p6e6u75xmxt8.cloudfront.net\/5\/2019\/08\/baner_WLC_640x350_1.png\" alt=\"\" width=\"640\" height=\"350\" srcset=\"https:\/\/d2p6e6u75xmxt8.cloudfront.net\/5\/2019\/08\/baner_WLC_640x350_1.png 640w, https:\/\/d2p6e6u75xmxt8.cloudfront.net\/5\/2019\/08\/baner_WLC_640x350_1-300x164.png 300w\" sizes=\"auto, (max-width: 640px) 100vw, 640px\" \/><\/a><\/p>\n<p>&nbsp;<\/p>\n","protected":false},"excerpt":{"rendered":"<p>Rozpocz\u0119\u0142o si\u0119 ko\u0144cowe odliczanie! Najlepsi zawodnicy \u015bwiata ju\u017c za miesi\u0105c wystartuj\u0105 w zawodach z serii UCI World Tour, a za [&hellip;]<\/p>\n","protected":false},"author":125,"featured_media":10829,"comment_status":"open","ping_status":"open","sticky":false,"template":"","format":"standard","meta":{"footnotes":""},"categories":[6,295],"tags":[],"global-categories":[303],"class_list":["post-10818","post","type-post","status-publish","format-standard","has-post-thumbnail","hentry","category-kolarstwo-szosowe","category-zawody","global-categories-cycling"],"yoast_head":"<!-- This site is optimized with the Yoast SEO Premium plugin v25.3 (Yoast SEO v25.9) - https:\/\/yoast.com\/wordpress\/plugins\/seo\/ -->\n<title>Blisko, coraz bli\u017cej\u2026 \u015awiatowy peleton ju\u017c przebiera nogami! - \u0160koda We Love Cycling - Poland<\/title>\n<meta name=\"description\" content=\"Rozpocz\u0119\u0142o si\u0119 ko\u0144cowe odliczanie! Najlepsi zawodnicy \u015bwiata ju\u017c za miesi\u0105c wystartuj\u0105 w zawodach z serii UCI World Tour, a za dwa zmierz\u0105 si\u0119 w najwi\u0119kszym wy\u015bcigu \u015bwiata \u2013 Tour de France. Jak si\u0119 do tego przygotowuj\u0105? Oto nasz sprint po \u015bwiatowym peletonie.\" \/>\n<meta name=\"robots\" content=\"index, follow, max-snippet:-1, max-image-preview:large, max-video-preview:-1\" \/>\n<link rel=\"canonical\" href=\"https:\/\/www.welovecycling.com\/pl\/2020\/06\/29\/blisko-coraz-blizej-swiatowy-peleton-juz-przebiera-nogami\/\" \/>\n<meta property=\"og:locale\" content=\"pl_PL\" \/>\n<meta property=\"og:type\" content=\"article\" \/>\n<meta property=\"og:title\" content=\"Blisko, coraz bli\u017cej\u2026 \u015awiatowy peleton ju\u017c przebiera nogami!\" \/>\n<meta property=\"og:description\" content=\"Rozpocz\u0119\u0142o si\u0119 ko\u0144cowe odliczanie! Najlepsi zawodnicy \u015bwiata ju\u017c za miesi\u0105c wystartuj\u0105 w zawodach z serii UCI World Tour, a za dwa zmierz\u0105 si\u0119 w najwi\u0119kszym wy\u015bcigu \u015bwiata \u2013 Tour de France. Jak si\u0119 do tego przygotowuj\u0105? Oto nasz sprint po \u015bwiatowym peletonie.\" \/>\n<meta property=\"og:url\" content=\"https:\/\/www.welovecycling.com\/pl\/2020\/06\/29\/blisko-coraz-blizej-swiatowy-peleton-juz-przebiera-nogami\/\" \/>\n<meta property=\"og:site_name\" content=\"\u0160koda We Love Cycling - Poland\" \/>\n<meta property=\"article:published_time\" content=\"2020-06-29T13:36:37+00:00\" \/>\n<meta property=\"og:image\" content=\"https:\/\/d2p6e6u75xmxt8.cloudfront.net\/5\/2020\/06\/Chris-Froome-CVR-profimedia-0500721987-1024x450-1.jpg\" \/>\n\t<meta property=\"og:image:width\" content=\"1024\" \/>\n\t<meta property=\"og:image:height\" content=\"450\" \/>\n\t<meta property=\"og:image:type\" content=\"image\/jpeg\" \/>\n<meta name=\"author\" content=\"oktawiamikulska\" \/>\n<meta name=\"twitter:card\" content=\"summary_large_image\" \/>\n<meta name=\"twitter:label1\" content=\"Written by\" \/>\n\t<meta name=\"twitter:data1\" content=\"Piotr Nowik\" \/>\n\t<meta name=\"twitter:label2\" content=\"Est. reading time\" \/>\n\t<meta name=\"twitter:data2\" content=\"3 minutes\" \/>\n<script type=\"application\/ld+json\" class=\"yoast-schema-graph\">{\"@context\":\"https:\/\/schema.org\",\"@graph\":[{\"@type\":\"WebPage\",\"@id\":\"https:\/\/www.welovecycling.com\/pl\/2020\/06\/29\/blisko-coraz-blizej-swiatowy-peleton-juz-przebiera-nogami\/\",\"url\":\"https:\/\/www.welovecycling.com\/pl\/2020\/06\/29\/blisko-coraz-blizej-swiatowy-peleton-juz-przebiera-nogami\/\",\"name\":\"Blisko, coraz bli\u017cej\u2026 \u015awiatowy peleton ju\u017c przebiera nogami! - \u0160koda We Love Cycling - Poland\",\"isPartOf\":{\"@id\":\"https:\/\/www.welovecycling.com\/pl\/#website\"},\"primaryImageOfPage\":{\"@id\":\"https:\/\/www.welovecycling.com\/pl\/2020\/06\/29\/blisko-coraz-blizej-swiatowy-peleton-juz-przebiera-nogami\/#primaryimage\"},\"image\":{\"@id\":\"https:\/\/www.welovecycling.com\/pl\/2020\/06\/29\/blisko-coraz-blizej-swiatowy-peleton-juz-przebiera-nogami\/#primaryimage\"},\"thumbnailUrl\":\"https:\/\/d2p6e6u75xmxt8.cloudfront.net\/5\/2020\/06\/Chris-Froome-CVR-profimedia-0500721987-1024x450-1.jpg\",\"datePublished\":\"2020-06-29T13:36:37+00:00\",\"author\":{\"@id\":\"https:\/\/www.welovecycling.com\/pl\/#\/schema\/person\/4a79bac7bd265aa6a35a1079d36648be\"},\"description\":\"Rozpocz\u0119\u0142o si\u0119 ko\u0144cowe odliczanie! Najlepsi zawodnicy \u015bwiata ju\u017c za miesi\u0105c wystartuj\u0105 w zawodach z serii UCI World Tour, a za dwa zmierz\u0105 si\u0119 w najwi\u0119kszym wy\u015bcigu \u015bwiata \u2013 Tour de France. Jak si\u0119 do tego przygotowuj\u0105? Oto nasz sprint po \u015bwiatowym peletonie.\",\"breadcrumb\":{\"@id\":\"https:\/\/www.welovecycling.com\/pl\/2020\/06\/29\/blisko-coraz-blizej-swiatowy-peleton-juz-przebiera-nogami\/#breadcrumb\"},\"inLanguage\":\"pl-PL\",\"potentialAction\":[{\"@type\":\"ReadAction\",\"target\":[\"https:\/\/www.welovecycling.com\/pl\/2020\/06\/29\/blisko-coraz-blizej-swiatowy-peleton-juz-przebiera-nogami\/\"]}]},{\"@type\":\"ImageObject\",\"inLanguage\":\"pl-PL\",\"@id\":\"https:\/\/www.welovecycling.com\/pl\/2020\/06\/29\/blisko-coraz-blizej-swiatowy-peleton-juz-przebiera-nogami\/#primaryimage\",\"url\":\"https:\/\/d2p6e6u75xmxt8.cloudfront.net\/5\/2020\/06\/Chris-Froome-CVR-profimedia-0500721987-1024x450-1.jpg\",\"contentUrl\":\"https:\/\/d2p6e6u75xmxt8.cloudfront.net\/5\/2020\/06\/Chris-Froome-CVR-profimedia-0500721987-1024x450-1.jpg\",\"width\":1024,\"height\":450},{\"@type\":\"BreadcrumbList\",\"@id\":\"https:\/\/www.welovecycling.com\/pl\/2020\/06\/29\/blisko-coraz-blizej-swiatowy-peleton-juz-przebiera-nogami\/#breadcrumb\",\"itemListElement\":[{\"@type\":\"ListItem\",\"position\":1,\"name\":\"Home\",\"item\":\"https:\/\/www.welovecycling.com\/pl\/\"},{\"@type\":\"ListItem\",\"position\":2,\"name\":\"Blisko, coraz bli\u017cej\u2026 \u015awiatowy peleton ju\u017c przebiera nogami!\"}]},{\"@type\":\"WebSite\",\"@id\":\"https:\/\/www.welovecycling.com\/pl\/#website\",\"url\":\"https:\/\/www.welovecycling.com\/pl\/\",\"name\":\"\u0160koda We Love Cycling - Poland\",\"description\":\"\",\"potentialAction\":[{\"@type\":\"SearchAction\",\"target\":{\"@type\":\"EntryPoint\",\"urlTemplate\":\"https:\/\/www.welovecycling.com\/pl\/?s={search_term_string}\"},\"query-input\":{\"@type\":\"PropertyValueSpecification\",\"valueRequired\":true,\"valueName\":\"search_term_string\"}}],\"inLanguage\":\"pl-PL\"},{\"@type\":\"Person\",\"@id\":\"https:\/\/www.welovecycling.com\/pl\/#\/schema\/person\/4a79bac7bd265aa6a35a1079d36648be\",\"name\":\"oktawiamikulska\",\"image\":{\"@type\":\"ImageObject\",\"inLanguage\":\"pl-PL\",\"@id\":\"https:\/\/www.welovecycling.com\/pl\/#\/schema\/person\/image\/\",\"url\":\"https:\/\/secure.gravatar.com\/avatar\/b97a3f44e2de6d2f8dd358975937e49823662e12cbd810b9d1a2bff1c149e8a7?s=96&d=mm&r=g\",\"contentUrl\":\"https:\/\/secure.gravatar.com\/avatar\/b97a3f44e2de6d2f8dd358975937e49823662e12cbd810b9d1a2bff1c149e8a7?s=96&d=mm&r=g\",\"caption\":\"oktawiamikulska\"},\"url\":\"https:\/\/www.welovecycling.com\/pl\/author\/oktawiamikulska\/\"}]}<\/script>\n<!-- \/ Yoast SEO Premium plugin. -->","yoast_head_json":{"title":"Blisko, coraz bli\u017cej\u2026 \u015awiatowy peleton ju\u017c przebiera nogami! - \u0160koda We Love Cycling - Poland","description":"Rozpocz\u0119\u0142o si\u0119 ko\u0144cowe odliczanie! Najlepsi zawodnicy \u015bwiata ju\u017c za miesi\u0105c wystartuj\u0105 w zawodach z serii UCI World Tour, a za dwa zmierz\u0105 si\u0119 w najwi\u0119kszym wy\u015bcigu \u015bwiata \u2013 Tour de France. Jak si\u0119 do tego przygotowuj\u0105? Oto nasz sprint po \u015bwiatowym peletonie.","robots":{"index":"index","follow":"follow","max-snippet":"max-snippet:-1","max-image-preview":"max-image-preview:large","max-video-preview":"max-video-preview:-1"},"canonical":"https:\/\/www.welovecycling.com\/pl\/2020\/06\/29\/blisko-coraz-blizej-swiatowy-peleton-juz-przebiera-nogami\/","og_locale":"pl_PL","og_type":"article","og_title":"Blisko, coraz bli\u017cej\u2026 \u015awiatowy peleton ju\u017c przebiera nogami!","og_description":"Rozpocz\u0119\u0142o si\u0119 ko\u0144cowe odliczanie! Najlepsi zawodnicy \u015bwiata ju\u017c za miesi\u0105c wystartuj\u0105 w zawodach z serii UCI World Tour, a za dwa zmierz\u0105 si\u0119 w najwi\u0119kszym wy\u015bcigu \u015bwiata \u2013 Tour de France. Jak si\u0119 do tego przygotowuj\u0105? Oto nasz sprint po \u015bwiatowym peletonie.","og_url":"https:\/\/www.welovecycling.com\/pl\/2020\/06\/29\/blisko-coraz-blizej-swiatowy-peleton-juz-przebiera-nogami\/","og_site_name":"\u0160koda We Love Cycling - Poland","article_published_time":"2020-06-29T13:36:37+00:00","og_image":[{"width":1024,"height":450,"url":"https:\/\/d2p6e6u75xmxt8.cloudfront.net\/5\/2020\/06\/Chris-Froome-CVR-profimedia-0500721987-1024x450-1.jpg","type":"image\/jpeg"}],"author":"oktawiamikulska","twitter_card":"summary_large_image","twitter_misc":{"Written by":"Piotr Nowik","Est. reading time":"3 minutes"},"schema":{"@context":"https:\/\/schema.org","@graph":[{"@type":"WebPage","@id":"https:\/\/www.welovecycling.com\/pl\/2020\/06\/29\/blisko-coraz-blizej-swiatowy-peleton-juz-przebiera-nogami\/","url":"https:\/\/www.welovecycling.com\/pl\/2020\/06\/29\/blisko-coraz-blizej-swiatowy-peleton-juz-przebiera-nogami\/","name":"Blisko, coraz bli\u017cej\u2026 \u015awiatowy peleton ju\u017c przebiera nogami! - \u0160koda We Love Cycling - Poland","isPartOf":{"@id":"https:\/\/www.welovecycling.com\/pl\/#website"},"primaryImageOfPage":{"@id":"https:\/\/www.welovecycling.com\/pl\/2020\/06\/29\/blisko-coraz-blizej-swiatowy-peleton-juz-przebiera-nogami\/#primaryimage"},"image":{"@id":"https:\/\/www.welovecycling.com\/pl\/2020\/06\/29\/blisko-coraz-blizej-swiatowy-peleton-juz-przebiera-nogami\/#primaryimage"},"thumbnailUrl":"https:\/\/d2p6e6u75xmxt8.cloudfront.net\/5\/2020\/06\/Chris-Froome-CVR-profimedia-0500721987-1024x450-1.jpg","datePublished":"2020-06-29T13:36:37+00:00","author":{"@id":"https:\/\/www.welovecycling.com\/pl\/#\/schema\/person\/4a79bac7bd265aa6a35a1079d36648be"},"description":"Rozpocz\u0119\u0142o si\u0119 ko\u0144cowe odliczanie! Najlepsi zawodnicy \u015bwiata ju\u017c za miesi\u0105c wystartuj\u0105 w zawodach z serii UCI World Tour, a za dwa zmierz\u0105 si\u0119 w najwi\u0119kszym wy\u015bcigu \u015bwiata \u2013 Tour de France. Jak si\u0119 do tego przygotowuj\u0105? Oto nasz sprint po \u015bwiatowym peletonie.","breadcrumb":{"@id":"https:\/\/www.welovecycling.com\/pl\/2020\/06\/29\/blisko-coraz-blizej-swiatowy-peleton-juz-przebiera-nogami\/#breadcrumb"},"inLanguage":"pl-PL","potentialAction":[{"@type":"ReadAction","target":["https:\/\/www.welovecycling.com\/pl\/2020\/06\/29\/blisko-coraz-blizej-swiatowy-peleton-juz-przebiera-nogami\/"]}]},{"@type":"ImageObject","inLanguage":"pl-PL","@id":"https:\/\/www.welovecycling.com\/pl\/2020\/06\/29\/blisko-coraz-blizej-swiatowy-peleton-juz-przebiera-nogami\/#primaryimage","url":"https:\/\/d2p6e6u75xmxt8.cloudfront.net\/5\/2020\/06\/Chris-Froome-CVR-profimedia-0500721987-1024x450-1.jpg","contentUrl":"https:\/\/d2p6e6u75xmxt8.cloudfront.net\/5\/2020\/06\/Chris-Froome-CVR-profimedia-0500721987-1024x450-1.jpg","width":1024,"height":450},{"@type":"BreadcrumbList","@id":"https:\/\/www.welovecycling.com\/pl\/2020\/06\/29\/blisko-coraz-blizej-swiatowy-peleton-juz-przebiera-nogami\/#breadcrumb","itemListElement":[{"@type":"ListItem","position":1,"name":"Home","item":"https:\/\/www.welovecycling.com\/pl\/"},{"@type":"ListItem","position":2,"name":"Blisko, coraz bli\u017cej\u2026 \u015awiatowy peleton ju\u017c przebiera nogami!"}]},{"@type":"WebSite","@id":"https:\/\/www.welovecycling.com\/pl\/#website","url":"https:\/\/www.welovecycling.com\/pl\/","name":"\u0160koda We Love Cycling - Poland","description":"","potentialAction":[{"@type":"SearchAction","target":{"@type":"EntryPoint","urlTemplate":"https:\/\/www.welovecycling.com\/pl\/?s={search_term_string}"},"query-input":{"@type":"PropertyValueSpecification","valueRequired":true,"valueName":"search_term_string"}}],"inLanguage":"pl-PL"},{"@type":"Person","@id":"https:\/\/www.welovecycling.com\/pl\/#\/schema\/person\/4a79bac7bd265aa6a35a1079d36648be","name":"oktawiamikulska","image":{"@type":"ImageObject","inLanguage":"pl-PL","@id":"https:\/\/www.welovecycling.com\/pl\/#\/schema\/person\/image\/","url":"https:\/\/secure.gravatar.com\/avatar\/b97a3f44e2de6d2f8dd358975937e49823662e12cbd810b9d1a2bff1c149e8a7?s=96&d=mm&r=g","contentUrl":"https:\/\/secure.gravatar.com\/avatar\/b97a3f44e2de6d2f8dd358975937e49823662e12cbd810b9d1a2bff1c149e8a7?s=96&d=mm&r=g","caption":"oktawiamikulska"},"url":"https:\/\/www.welovecycling.com\/pl\/author\/oktawiamikulska\/"}]}},"_links":{"self":[{"href":"https:\/\/www.welovecycling.com\/pl\/wp-json\/wp\/v2\/posts\/10818","targetHints":{"allow":["GET"]}}],"collection":[{"href":"https:\/\/www.welovecycling.com\/pl\/wp-json\/wp\/v2\/posts"}],"about":[{"href":"https:\/\/www.welovecycling.com\/pl\/wp-json\/wp\/v2\/types\/post"}],"author":[{"embeddable":true,"href":"https:\/\/www.welovecycling.com\/pl\/wp-json\/wp\/v2\/users\/125"}],"replies":[{"embeddable":true,"href":"https:\/\/www.welovecycling.com\/pl\/wp-json\/wp\/v2\/comments?post=10818"}],"version-history":[{"count":2,"href":"https:\/\/www.welovecycling.com\/pl\/wp-json\/wp\/v2\/posts\/10818\/revisions"}],"predecessor-version":[{"id":10830,"href":"https:\/\/www.welovecycling.com\/pl\/wp-json\/wp\/v2\/posts\/10818\/revisions\/10830"}],"wp:featuredmedia":[{"embeddable":true,"href":"https:\/\/www.welovecycling.com\/pl\/wp-json\/wp\/v2\/media\/10829"}],"wp:attachment":[{"href":"https:\/\/www.welovecycling.com\/pl\/wp-json\/wp\/v2\/media?parent=10818"}],"wp:term":[{"taxonomy":"category","embeddable":true,"href":"https:\/\/www.welovecycling.com\/pl\/wp-json\/wp\/v2\/categories?post=10818"},{"taxonomy":"post_tag","embeddable":true,"href":"https:\/\/www.welovecycling.com\/pl\/wp-json\/wp\/v2\/tags?post=10818"},{"taxonomy":"global-categories","embeddable":true,"href":"https:\/\/www.welovecycling.com\/pl\/wp-json\/wp\/v2\/global-categories?post=10818"}],"curies":[{"name":"wp","href":"https:\/\/api.w.org\/{rel}","templated":true}]}}