{"id":10805,"date":"2020-06-24T11:38:26","date_gmt":"2020-06-24T11:38:26","guid":{"rendered":"https:\/\/www.welovecycling.com\/pl\/?p=10805"},"modified":"2020-06-24T17:20:58","modified_gmt":"2020-06-24T17:20:58","slug":"akcja-ride2unite-spotkanie-z-philippem-gilbertem-krolem-klasykow","status":"publish","type":"post","link":"https:\/\/www.welovecycling.com\/pl\/2020\/06\/24\/akcja-ride2unite-spotkanie-z-philippem-gilbertem-krolem-klasykow\/","title":{"rendered":"Akcja #Ride2Unite: spotkanie z Philippem Gilbertem, kr\u00f3lem Klasyk\u00f3w"},"content":{"rendered":"<p><strong>W obecnej sytuacji spo\u0142eczno\u015b\u0107 kolarska buduje prawdopodobnie jeszcze silniejsze wi\u0119zi ni\u017c kiedykolwiek wcze\u015bniej. Chcemy wspiera\u0107 ten proces, np. umo\u017cliwiaj\u0105c Ci spotkania twarz\u0105 w twarz z niezwyk\u0142ymi osobowo\u015bciami zar\u00f3wno kolarstwa zawodowego, jak i amatorskiego. Podczas naszej kolejnej transmisji na \u017cywo prowadzonej przez Laur\u0119 Meseguer <a href=\"https:\/\/www.instagram.com\/wlcmagazine\/\">w \u015brod\u0119 24 czerwca o godz. 17.00<\/a>, porozmawiamy z aktualnie jednym z najbardziej wszechstronnych kolarzy wy\u015bcigowych, Belgiem Philippem Gilbertem z Team Lotto Soudal.<\/strong><\/p>\n<p>Pseudonimy kolarzy zazwyczaj wiele m\u00f3wi\u0105 o ich charakterze i tak te\u017c jest w przypadku Gilberta Philippa. Nazywany jest \u201eDzikiem z Arden\u00f3w\u201d z powodu zami\u0142owania do ataku i wytrwa\u0142o\u015bci, nawet w z\u0142ych warunkach pogodowych. Przed transferem do Team Lotto Soudal w 2019 roku, Gilbert je\u017adzi\u0142 w ekipie Quick-Step Floors od 2017 r. Wcze\u015bniej sp\u0119dzi\u0142 pi\u0119\u0107 lat w BMC, podczas kt\u00f3rych wygra\u0142 Mistrzostwa \u015awiata w Kolarstwie Szosowym UCI w 2012 r. Drugim najwa\u017cniejszym osi\u0105gni\u0119ciem Gilberta jest zwyci\u0119stwo we wszystkich trzech klasykach Arden\u00f3w &#8211; Amstel Gold Race, La Fl\u00e8che Wallonne i Li\u00e8ge \u2013 Bastogne \u2013 Li\u00e8ge &#8211; w jednym, 2011 roku. Dokona\u0142 tego jako drugi w historii zawodnik i jako pierwszy Belg. Ponadto wygra\u0142 Tour of Flanders i Li\u00e8ge-Bastogne-Li\u00e8ge w sezonie 2017. Wymaga\u0142o to wyj\u0105tkowego talentu, poniewa\u017c obie trasy bardzo r\u00f3\u017cni\u0105 si\u0119 od siebie i trzeba si\u0119 wykaza\u0107 zar\u00f3wno umiej\u0119tno\u015bciami sprinterskimi, jak i wspinaczkowymi. Ostatnim przed Gilbertem Belgiem, kt\u00f3ry wygra\u0142 oba te wy\u015bcigi, by\u0142 Eddy Merckx. Opr\u00f3cz tego wygrywa\u0142 r\u00f3wnie\u017c etapy na ka\u017cdej z wielkich tras, zdobywaj\u0105c 11 zwyci\u0119stw w Giro d&#8217;Italia, Tour de France i La Vuelta.<\/p>\n<p>https:\/\/www.instagram.com\/p\/CA-Sw9AJ0r3\/?utm_source=ig_web_copy_link<\/p>\n<p>Do\u0142\u0105cz do streamu w \u015brod\u0119 24 czerwca o 17:00 i pos\u0142uchaj, jak specyficzny krajobraz wok\u00f3\u0142 ma\u0142ego belgijskiego miasteczka ukszta\u0142towa\u0142 wszechstronnego Philippa Gilberta. Dowiedz si\u0119, jak to jest, gdy wielkie plany zostaj\u0105 przerwane przez pandemi\u0119 oraz jak trenowa\u0107 swoj\u0105 wszechstronno\u015b\u0107, wytrzyma\u0142o\u015b\u0107 i inne kluczowe dla kolarza umiej\u0119tno\u015bci.<\/p>\n<p>Chcesz obejrze\u0107 poprzedni\u0105 transmisj\u0119 #Ride2Unite? Tym razem w spotkaniu wzi\u0119\u0142o udzia\u0142 a\u017c troje go\u015bci specjalnych, zaanga\u017cowanych w pierwszy w historii wirtualny wy\u015bcig etapowy kobiet w Wielkiej Brytanii, \u0160koda V-Series Women Tour: Juliet Elliott, Adam Blythe i Dame Sarah Storey. Wejd\u017a <a href=\"https:\/\/www.instagram.com\/p\/CBbP19BANJk\/\"><u>tutaj<\/u><\/a> i <a href=\"https:\/\/www.instagram.com\/p\/CBbTkFQApmn\/\"><u>tutaj<\/u><\/a>.<\/p>\n","protected":false},"excerpt":{"rendered":"<p>W obecnej sytuacji spo\u0142eczno\u015b\u0107 kolarska buduje prawdopodobnie jeszcze silniejsze wi\u0119zi ni\u017c kiedykolwiek wcze\u015bniej. Chcemy wspiera\u0107 ten proces, np. umo\u017cliwiaj\u0105c Ci [&hellip;]<\/p>\n","protected":false},"author":125,"featured_media":10812,"comment_status":"open","ping_status":"open","sticky":false,"template":"","format":"standard","meta":{"footnotes":""},"categories":[330],"tags":[],"global-categories":[303],"class_list":["post-10805","post","type-post","status-publish","format-standard","has-post-thumbnail","hentry","category-ride2unite","global-categories-cycling"],"yoast_head":"<!-- This site is optimized with the Yoast SEO Premium plugin v25.3 (Yoast SEO v25.9) - https:\/\/yoast.com\/wordpress\/plugins\/seo\/ -->\n<title>Akcja #Ride2Unite: spotkanie z Philippem Gilbertem, kr\u00f3lem Klasyk\u00f3w - \u0160koda We Love Cycling - Poland<\/title>\n<meta name=\"robots\" content=\"index, follow, max-snippet:-1, max-image-preview:large, max-video-preview:-1\" \/>\n<link rel=\"canonical\" href=\"https:\/\/www.welovecycling.com\/pl\/2020\/06\/24\/akcja-ride2unite-spotkanie-z-philippem-gilbertem-krolem-klasykow\/\" \/>\n<meta property=\"og:locale\" content=\"pl_PL\" \/>\n<meta property=\"og:type\" content=\"article\" \/>\n<meta property=\"og:title\" content=\"Akcja #Ride2Unite: spotkanie z Philippem Gilbertem, kr\u00f3lem Klasyk\u00f3w\" \/>\n<meta property=\"og:description\" content=\"W obecnej sytuacji spo\u0142eczno\u015b\u0107 kolarska buduje prawdopodobnie jeszcze silniejsze wi\u0119zi ni\u017c kiedykolwiek wcze\u015bniej. Chcemy wspiera\u0107 ten proces, np. umo\u017cliwiaj\u0105c Ci [&hellip;]\" \/>\n<meta property=\"og:url\" content=\"https:\/\/www.welovecycling.com\/pl\/2020\/06\/24\/akcja-ride2unite-spotkanie-z-philippem-gilbertem-krolem-klasykow\/\" \/>\n<meta property=\"og:site_name\" content=\"\u0160koda We Love Cycling - Poland\" \/>\n<meta property=\"article:published_time\" content=\"2020-06-24T11:38:26+00:00\" \/>\n<meta property=\"article:modified_time\" content=\"2020-06-24T17:20:58+00:00\" \/>\n<meta property=\"og:image\" content=\"https:\/\/d2p6e6u75xmxt8.cloudfront.net\/5\/2020\/06\/Jenny-Rissveds-CVR-1.jpg\" \/>\n\t<meta property=\"og:image:width\" content=\"1366\" \/>\n\t<meta property=\"og:image:height\" content=\"628\" \/>\n\t<meta property=\"og:image:type\" content=\"image\/jpeg\" \/>\n<meta name=\"author\" content=\"oktawiamikulska\" \/>\n<meta name=\"twitter:card\" content=\"summary_large_image\" \/>\n<meta name=\"twitter:label1\" content=\"Written by\" \/>\n\t<meta name=\"twitter:data1\" content=\"Frantiska Blazkova\" \/>\n\t<meta name=\"twitter:label2\" content=\"Est. reading time\" \/>\n\t<meta name=\"twitter:data2\" content=\"2 minutes\" \/>\n<script type=\"application\/ld+json\" class=\"yoast-schema-graph\">{\"@context\":\"https:\/\/schema.org\",\"@graph\":[{\"@type\":\"WebPage\",\"@id\":\"https:\/\/www.welovecycling.com\/pl\/2020\/06\/24\/akcja-ride2unite-spotkanie-z-philippem-gilbertem-krolem-klasykow\/\",\"url\":\"https:\/\/www.welovecycling.com\/pl\/2020\/06\/24\/akcja-ride2unite-spotkanie-z-philippem-gilbertem-krolem-klasykow\/\",\"name\":\"Akcja #Ride2Unite: spotkanie z Philippem Gilbertem, kr\u00f3lem Klasyk\u00f3w - \u0160koda We Love Cycling - Poland\",\"isPartOf\":{\"@id\":\"https:\/\/www.welovecycling.com\/pl\/#website\"},\"primaryImageOfPage\":{\"@id\":\"https:\/\/www.welovecycling.com\/pl\/2020\/06\/24\/akcja-ride2unite-spotkanie-z-philippem-gilbertem-krolem-klasykow\/#primaryimage\"},\"image\":{\"@id\":\"https:\/\/www.welovecycling.com\/pl\/2020\/06\/24\/akcja-ride2unite-spotkanie-z-philippem-gilbertem-krolem-klasykow\/#primaryimage\"},\"thumbnailUrl\":\"https:\/\/d2p6e6u75xmxt8.cloudfront.net\/5\/2020\/06\/Jenny-Rissveds-CVR-1.jpg\",\"datePublished\":\"2020-06-24T11:38:26+00:00\",\"dateModified\":\"2020-06-24T17:20:58+00:00\",\"author\":{\"@id\":\"https:\/\/www.welovecycling.com\/pl\/#\/schema\/person\/4a79bac7bd265aa6a35a1079d36648be\"},\"breadcrumb\":{\"@id\":\"https:\/\/www.welovecycling.com\/pl\/2020\/06\/24\/akcja-ride2unite-spotkanie-z-philippem-gilbertem-krolem-klasykow\/#breadcrumb\"},\"inLanguage\":\"pl-PL\",\"potentialAction\":[{\"@type\":\"ReadAction\",\"target\":[\"https:\/\/www.welovecycling.com\/pl\/2020\/06\/24\/akcja-ride2unite-spotkanie-z-philippem-gilbertem-krolem-klasykow\/\"]}]},{\"@type\":\"ImageObject\",\"inLanguage\":\"pl-PL\",\"@id\":\"https:\/\/www.welovecycling.com\/pl\/2020\/06\/24\/akcja-ride2unite-spotkanie-z-philippem-gilbertem-krolem-klasykow\/#primaryimage\",\"url\":\"https:\/\/d2p6e6u75xmxt8.cloudfront.net\/5\/2020\/06\/Jenny-Rissveds-CVR-1.jpg\",\"contentUrl\":\"https:\/\/d2p6e6u75xmxt8.cloudfront.net\/5\/2020\/06\/Jenny-Rissveds-CVR-1.jpg\",\"width\":1366,\"height\":628},{\"@type\":\"BreadcrumbList\",\"@id\":\"https:\/\/www.welovecycling.com\/pl\/2020\/06\/24\/akcja-ride2unite-spotkanie-z-philippem-gilbertem-krolem-klasykow\/#breadcrumb\",\"itemListElement\":[{\"@type\":\"ListItem\",\"position\":1,\"name\":\"Home\",\"item\":\"https:\/\/www.welovecycling.com\/pl\/\"},{\"@type\":\"ListItem\",\"position\":2,\"name\":\"Akcja #Ride2Unite: spotkanie z Philippem Gilbertem, kr\u00f3lem Klasyk\u00f3w\"}]},{\"@type\":\"WebSite\",\"@id\":\"https:\/\/www.welovecycling.com\/pl\/#website\",\"url\":\"https:\/\/www.welovecycling.com\/pl\/\",\"name\":\"\u0160koda We Love Cycling - Poland\",\"description\":\"\",\"potentialAction\":[{\"@type\":\"SearchAction\",\"target\":{\"@type\":\"EntryPoint\",\"urlTemplate\":\"https:\/\/www.welovecycling.com\/pl\/?s={search_term_string}\"},\"query-input\":{\"@type\":\"PropertyValueSpecification\",\"valueRequired\":true,\"valueName\":\"search_term_string\"}}],\"inLanguage\":\"pl-PL\"},{\"@type\":\"Person\",\"@id\":\"https:\/\/www.welovecycling.com\/pl\/#\/schema\/person\/4a79bac7bd265aa6a35a1079d36648be\",\"name\":\"oktawiamikulska\",\"image\":{\"@type\":\"ImageObject\",\"inLanguage\":\"pl-PL\",\"@id\":\"https:\/\/www.welovecycling.com\/pl\/#\/schema\/person\/image\/\",\"url\":\"https:\/\/secure.gravatar.com\/avatar\/b97a3f44e2de6d2f8dd358975937e49823662e12cbd810b9d1a2bff1c149e8a7?s=96&d=mm&r=g\",\"contentUrl\":\"https:\/\/secure.gravatar.com\/avatar\/b97a3f44e2de6d2f8dd358975937e49823662e12cbd810b9d1a2bff1c149e8a7?s=96&d=mm&r=g\",\"caption\":\"oktawiamikulska\"},\"url\":\"https:\/\/www.welovecycling.com\/pl\/author\/oktawiamikulska\/\"}]}<\/script>\n<!-- \/ Yoast SEO Premium plugin. -->","yoast_head_json":{"title":"Akcja #Ride2Unite: spotkanie z Philippem Gilbertem, kr\u00f3lem Klasyk\u00f3w - \u0160koda We Love Cycling - Poland","robots":{"index":"index","follow":"follow","max-snippet":"max-snippet:-1","max-image-preview":"max-image-preview:large","max-video-preview":"max-video-preview:-1"},"canonical":"https:\/\/www.welovecycling.com\/pl\/2020\/06\/24\/akcja-ride2unite-spotkanie-z-philippem-gilbertem-krolem-klasykow\/","og_locale":"pl_PL","og_type":"article","og_title":"Akcja #Ride2Unite: spotkanie z Philippem Gilbertem, kr\u00f3lem Klasyk\u00f3w","og_description":"W obecnej sytuacji spo\u0142eczno\u015b\u0107 kolarska buduje prawdopodobnie jeszcze silniejsze wi\u0119zi ni\u017c kiedykolwiek wcze\u015bniej. Chcemy wspiera\u0107 ten proces, np. umo\u017cliwiaj\u0105c Ci [&hellip;]","og_url":"https:\/\/www.welovecycling.com\/pl\/2020\/06\/24\/akcja-ride2unite-spotkanie-z-philippem-gilbertem-krolem-klasykow\/","og_site_name":"\u0160koda We Love Cycling - Poland","article_published_time":"2020-06-24T11:38:26+00:00","article_modified_time":"2020-06-24T17:20:58+00:00","og_image":[{"width":1366,"height":628,"url":"https:\/\/d2p6e6u75xmxt8.cloudfront.net\/5\/2020\/06\/Jenny-Rissveds-CVR-1.jpg","type":"image\/jpeg"}],"author":"oktawiamikulska","twitter_card":"summary_large_image","twitter_misc":{"Written by":"Frantiska Blazkova","Est. reading time":"2 minutes"},"schema":{"@context":"https:\/\/schema.org","@graph":[{"@type":"WebPage","@id":"https:\/\/www.welovecycling.com\/pl\/2020\/06\/24\/akcja-ride2unite-spotkanie-z-philippem-gilbertem-krolem-klasykow\/","url":"https:\/\/www.welovecycling.com\/pl\/2020\/06\/24\/akcja-ride2unite-spotkanie-z-philippem-gilbertem-krolem-klasykow\/","name":"Akcja #Ride2Unite: spotkanie z Philippem Gilbertem, kr\u00f3lem Klasyk\u00f3w - \u0160koda We Love Cycling - Poland","isPartOf":{"@id":"https:\/\/www.welovecycling.com\/pl\/#website"},"primaryImageOfPage":{"@id":"https:\/\/www.welovecycling.com\/pl\/2020\/06\/24\/akcja-ride2unite-spotkanie-z-philippem-gilbertem-krolem-klasykow\/#primaryimage"},"image":{"@id":"https:\/\/www.welovecycling.com\/pl\/2020\/06\/24\/akcja-ride2unite-spotkanie-z-philippem-gilbertem-krolem-klasykow\/#primaryimage"},"thumbnailUrl":"https:\/\/d2p6e6u75xmxt8.cloudfront.net\/5\/2020\/06\/Jenny-Rissveds-CVR-1.jpg","datePublished":"2020-06-24T11:38:26+00:00","dateModified":"2020-06-24T17:20:58+00:00","author":{"@id":"https:\/\/www.welovecycling.com\/pl\/#\/schema\/person\/4a79bac7bd265aa6a35a1079d36648be"},"breadcrumb":{"@id":"https:\/\/www.welovecycling.com\/pl\/2020\/06\/24\/akcja-ride2unite-spotkanie-z-philippem-gilbertem-krolem-klasykow\/#breadcrumb"},"inLanguage":"pl-PL","potentialAction":[{"@type":"ReadAction","target":["https:\/\/www.welovecycling.com\/pl\/2020\/06\/24\/akcja-ride2unite-spotkanie-z-philippem-gilbertem-krolem-klasykow\/"]}]},{"@type":"ImageObject","inLanguage":"pl-PL","@id":"https:\/\/www.welovecycling.com\/pl\/2020\/06\/24\/akcja-ride2unite-spotkanie-z-philippem-gilbertem-krolem-klasykow\/#primaryimage","url":"https:\/\/d2p6e6u75xmxt8.cloudfront.net\/5\/2020\/06\/Jenny-Rissveds-CVR-1.jpg","contentUrl":"https:\/\/d2p6e6u75xmxt8.cloudfront.net\/5\/2020\/06\/Jenny-Rissveds-CVR-1.jpg","width":1366,"height":628},{"@type":"BreadcrumbList","@id":"https:\/\/www.welovecycling.com\/pl\/2020\/06\/24\/akcja-ride2unite-spotkanie-z-philippem-gilbertem-krolem-klasykow\/#breadcrumb","itemListElement":[{"@type":"ListItem","position":1,"name":"Home","item":"https:\/\/www.welovecycling.com\/pl\/"},{"@type":"ListItem","position":2,"name":"Akcja #Ride2Unite: spotkanie z Philippem Gilbertem, kr\u00f3lem Klasyk\u00f3w"}]},{"@type":"WebSite","@id":"https:\/\/www.welovecycling.com\/pl\/#website","url":"https:\/\/www.welovecycling.com\/pl\/","name":"\u0160koda We Love Cycling - Poland","description":"","potentialAction":[{"@type":"SearchAction","target":{"@type":"EntryPoint","urlTemplate":"https:\/\/www.welovecycling.com\/pl\/?s={search_term_string}"},"query-input":{"@type":"PropertyValueSpecification","valueRequired":true,"valueName":"search_term_string"}}],"inLanguage":"pl-PL"},{"@type":"Person","@id":"https:\/\/www.welovecycling.com\/pl\/#\/schema\/person\/4a79bac7bd265aa6a35a1079d36648be","name":"oktawiamikulska","image":{"@type":"ImageObject","inLanguage":"pl-PL","@id":"https:\/\/www.welovecycling.com\/pl\/#\/schema\/person\/image\/","url":"https:\/\/secure.gravatar.com\/avatar\/b97a3f44e2de6d2f8dd358975937e49823662e12cbd810b9d1a2bff1c149e8a7?s=96&d=mm&r=g","contentUrl":"https:\/\/secure.gravatar.com\/avatar\/b97a3f44e2de6d2f8dd358975937e49823662e12cbd810b9d1a2bff1c149e8a7?s=96&d=mm&r=g","caption":"oktawiamikulska"},"url":"https:\/\/www.welovecycling.com\/pl\/author\/oktawiamikulska\/"}]}},"_links":{"self":[{"href":"https:\/\/www.welovecycling.com\/pl\/wp-json\/wp\/v2\/posts\/10805","targetHints":{"allow":["GET"]}}],"collection":[{"href":"https:\/\/www.welovecycling.com\/pl\/wp-json\/wp\/v2\/posts"}],"about":[{"href":"https:\/\/www.welovecycling.com\/pl\/wp-json\/wp\/v2\/types\/post"}],"author":[{"embeddable":true,"href":"https:\/\/www.welovecycling.com\/pl\/wp-json\/wp\/v2\/users\/125"}],"replies":[{"embeddable":true,"href":"https:\/\/www.welovecycling.com\/pl\/wp-json\/wp\/v2\/comments?post=10805"}],"version-history":[{"count":2,"href":"https:\/\/www.welovecycling.com\/pl\/wp-json\/wp\/v2\/posts\/10805\/revisions"}],"predecessor-version":[{"id":10810,"href":"https:\/\/www.welovecycling.com\/pl\/wp-json\/wp\/v2\/posts\/10805\/revisions\/10810"}],"wp:featuredmedia":[{"embeddable":true,"href":"https:\/\/www.welovecycling.com\/pl\/wp-json\/wp\/v2\/media\/10812"}],"wp:attachment":[{"href":"https:\/\/www.welovecycling.com\/pl\/wp-json\/wp\/v2\/media?parent=10805"}],"wp:term":[{"taxonomy":"category","embeddable":true,"href":"https:\/\/www.welovecycling.com\/pl\/wp-json\/wp\/v2\/categories?post=10805"},{"taxonomy":"post_tag","embeddable":true,"href":"https:\/\/www.welovecycling.com\/pl\/wp-json\/wp\/v2\/tags?post=10805"},{"taxonomy":"global-categories","embeddable":true,"href":"https:\/\/www.welovecycling.com\/pl\/wp-json\/wp\/v2\/global-categories?post=10805"}],"curies":[{"name":"wp","href":"https:\/\/api.w.org\/{rel}","templated":true}]}}