{"id":10778,"date":"2020-06-17T13:05:34","date_gmt":"2020-06-17T13:05:34","guid":{"rendered":"https:\/\/www.welovecycling.com\/pl\/?p=10778"},"modified":"2020-06-17T13:05:34","modified_gmt":"2020-06-17T13:05:34","slug":"sensacja-to-malo-powiedziane-kolarska-historia-jak-z-amerykanskiego-filmu","status":"publish","type":"post","link":"https:\/\/www.welovecycling.com\/pl\/2020\/06\/17\/sensacja-to-malo-powiedziane-kolarska-historia-jak-z-amerykanskiego-filmu\/","title":{"rendered":"Sensacja to ma\u0142o powiedziane! Kolarska historia jak z ameryka\u0144skiego filmu"},"content":{"rendered":"<p><strong>Prawie 33 lata temu \u017cycie nakr\u0119ci\u0142o kolarski \u201eAmerican Dream\u201d, a w roli g\u0142\u00f3wnej obsadzi\u0142o Irlandczyka. Stephen Roche nie zapowiada\u0142 si\u0119 na zawodnika, kt\u00f3ry wejdzie do historii, tymczasem jeden sezon sprawi\u0142, \u017ce znalaz\u0142 na r\u00f3wni z najwi\u0119kszymi. Poznajcie histori\u0119 kolarza, kt\u00f3ry sta\u0142 si\u0119 wielki wbrew przeciwno\u015bciom losu.<\/strong><\/p>\n<p>Opowie\u015b\u0107 zaczyna si\u0119 w pewnej irlandzkiej mleczarni, gdzie m\u0142ody Stephen przyucza\u0142 si\u0119 do zawodu mechanika. R\u00f3wnocze\u015bnie znajdowa\u0142 jednak si\u0142\u0119 i czas, by je\u017adzi\u0107 w amatorskim klubie. Wi\u0119kszych nadziei na sukces mu jednak nie wr\u00f3\u017cono &#8211; w ko\u0144cu Irlandia to nie mekka kolarstwa, a je\u015bli w rodzinie Roche\u2019a kto\u015b je\u017adzi\u0142 na rowerze, to tylko rekreacyjnie.<\/p>\n<h2><strong>Falstart podczas igrzysk<\/strong><\/h2>\n<p>Nastolatek z Dublina z sezonu na sezon spisywa\u0142 si\u0119 jednak coraz lepiej, a\u017c w ko\u0144cu zacz\u0105\u0142 przygotowania do igrzysk olimpijskich w Moskwie. Ju\u017c wtedy trenowa\u0142 w Pary\u017cu, wi\u0119c zdecydowanie bli\u017cej wielkiego kolarskiego \u015bwiata.<\/p>\n<div class=\"embed-controller-wrapper\">\n<blockquote class=\"twitter-tweet\" data-width=\"500\" data-dnt=\"true\">\n<p lang=\"en\" dir=\"ltr\">Billy Kerr and Stephen Roche, Tour of the Cotswolds 1979. <a href=\"https:\/\/twitter.com\/stephenj_roche?ref_src=twsrc%5Etfw\">@stephenj_roche<\/a> <a href=\"https:\/\/twitter.com\/nicholasroche?ref_src=twsrc%5Etfw\">@nicholasroche<\/a><br \/>\ud83d\udcf7 John Coles. <a href=\"https:\/\/t.co\/PLGtRmj9iC\">pic.twitter.com\/PLGtRmj9iC<\/a><\/p>\n<p>&mdash; cycling archives (@mission753) <a href=\"https:\/\/twitter.com\/mission753\/status\/1216454252316459008?ref_src=twsrc%5Etfw\">January 12, 2020<\/a><\/p><\/blockquote>\n<p><script async data-src=\"https:\/\/platform.twitter.com\/widgets.js\" charset=\"utf-8\"><\/script><\/div>\n<p>Wydawa\u0142o si\u0119 jednak, \u017ce zn\u00f3w znacznie si\u0119 od niego oddali\u0142 w\u0142a\u015bnie w Rosji, bo mimo wielkich aspiracji zaj\u0105\u0142 dopiero 45. miejsce. Zw\u0105tpienie? Zniech\u0119cenie? Zrezygnowanie? Je\u015bli tak, to tylko chwilowe, bo dobra dyspozycja podczas innych wy\u015bcig\u00f3w pozwala\u0142a 21-letniemu Roche\u2019owi wierzy\u0107, \u017ce Irlandczyk jest w stanie zamieszka\u0107 w \u015bwiatowym peletonie.<\/p>\n<p>W 1981 r. by\u0142 ju\u017c zawodowcem i to ca\u0142kiem obiecuj\u0105cym. Wygrywa\u0142 powa\u017cne wy\u015bcigi (np. Pary\u017c-Nicea, Tour de Romandie), ale z trudem puka\u0142 do drzwi elity najwi\u0119kszych wy\u015bcig\u00f3w etapowych. W Vuelta a Espana nie je\u017adzi\u0142 prawie wcale, debiutanckiego Giro d\u2019 Italia nie uko\u0144czy\u0142, a w Tour de France zajmowa\u0142 kolejno: 13., 25., 3. i 48. miejsce. I teraz wyobra\u017acie sobie, \u017ce w kolejnym sezonie zawodnik z takim CV zosta\u0142 jednym z dw\u00f3ch kolarzy w historii \u015bwiatowego sportu, kt\u00f3rzy w jednym sezonie zdoby\u0142 potr\u00f3jn\u0105 koron\u0119, czyli wygra\u0142 Giro d\u2019Italia, Tour de France i zostali mistrzami \u015bwiata! Pierwszy zrobi\u0142 to w 1974 r. legendarny Eddy Merckx, a jego wynik w 1987 r. sensacyjnie wyr\u00f3wna\u0142 w\u0142a\u015bnie Roche.<\/p>\n<h2><strong>Podajcie tlen!<\/strong><\/h2>\n<p>Sensacja to jednak ma\u0142o powiedziane, gdy przypomnimy sobie, co wydarzy\u0142o si\u0119 kilka miesi\u0119cy wcze\u015bniej. Irlandczyk podczas jednego ze zjazd\u00f3w upad\u0142 i tak mocno pogruchota\u0142 kolano, \u017ce w tamtym sezonie ci\u0105gn\u0105\u0142 si\u0119 w ogonie peletonu. Co wi\u0119cej, okaza\u0142o si\u0119, \u017ce kontuzja mo\u017ce rzutowa\u0107 ju\u017c na ca\u0142\u0105 jego karier\u0119, poniewa\u017c zapocz\u0105tkowa\u0142a problemy z kr\u0119gos\u0142upem oraz prawid\u0142ow\u0105 postaw\u0105.<\/p>\n<p>W kolejnym sezonie Roche stan\u0105\u0142 jednak na starcie Giro d\u2019Italia i wygra\u0142! Wielu ekspert\u00f3w uwa\u017ca\u0142o to za sportowy wybryk, kt\u00f3ry zdarza si\u0119 raz na 10 lat, ale o przypadku nie mog\u0142o by\u0107 mowy, gdy Irlandczyk nied\u0142ugo p\u00f3\u017aniej wjecha\u0142 w \u017c\u00f3\u0142tej koszulce na Pola Elizejskie.<\/p>\n<div class=\"embed-controller-wrapper\">\n<blockquote class=\"twitter-tweet\" data-width=\"500\" data-dnt=\"true\">\n<p lang=\"en\" dir=\"ltr\">Robert Millar-Philippa York and Stephen Roche on the climb of the Col de Joux Plane at the 1983 Tour de France. <br \/>\ud83d\udcf7 Presse Sports. <a href=\"https:\/\/t.co\/v7aZ7un75X\">pic.twitter.com\/v7aZ7un75X<\/a><\/p>\n<p>&mdash; cycling archives (@mission753) <a href=\"https:\/\/twitter.com\/mission753\/status\/1236587269517172737?ref_src=twsrc%5Etfw\">March 8, 2020<\/a><\/p><\/blockquote>\n<p><script async data-src=\"https:\/\/platform.twitter.com\/widgets.js\" charset=\"utf-8\"><\/script><\/div>\n<p>Wygranie Tour de France kosztowa\u0142o go jednak wiele zdrowia. Po jednym z etap\u00f3w pad\u0142 wycie\u0144czony za lini\u0105 mety, straci\u0142 przytomno\u015b\u0107 i ockn\u0105\u0142 si\u0119 dopiero po podaniu tlenu. Nazajutrz jednak zn\u00f3w stan\u0105\u0142 na starcie i dowi\u00f3z\u0142 wygran\u0105 a\u017c do Pary\u017ca. By\u0107 mo\u017ce losy wy\u015bcigu potoczy\u0142yby si\u0119 inaczej, gdyby chwil\u0119 wcze\u015bniej na emerytur\u0119 nie przeszed\u0142 wielki Bernard Hinault, a faworyt Greg LeMond nie zosta\u0142 raniony podczas polowania. Mo\u017ce, ale dla Roche nie mia\u0142o to \u017cadnego znaczenia, bo w\u0142a\u015bnie prze\u017cywa\u0142 najwa\u017cniejsze chwile w swoim \u017cyciu.<\/p>\n<p>Okaza\u0142o si\u0119 jednak, \u017ce \u201eAmerican Dream\u201d Irlandczyka nie sko\u0144czy\u0142 si\u0119 w Pary\u017cu, bo fina\u0142owe sceny zaplanowane by\u0142y w\u00a0 austriackim Villach. To tam Roche na\u0142o\u017cy\u0142 trzeci\u0105 w 1987 r. koron\u0119 i tym samym stan\u0105\u0142 na r\u00f3wni z wielkim Mercksem.<\/p>\n<div class=\"embed-controller-wrapper\">\n<blockquote class=\"twitter-tweet\" data-width=\"500\" data-dnt=\"true\">\n<p lang=\"en\" dir=\"ltr\">These 3 important jerseys will be on show in the National Sports Museum in Nice from next week for 1 year <a href=\"https:\/\/t.co\/8mBUrQIfVm\">pic.twitter.com\/8mBUrQIfVm<\/a><\/p>\n<p>&mdash; Stephen Roche (@stephenj_roche) <a href=\"https:\/\/twitter.com\/stephenj_roche\/status\/1235012311921942528?ref_src=twsrc%5Etfw\">March 4, 2020<\/a><\/p><\/blockquote>\n<p><script async data-src=\"https:\/\/platform.twitter.com\/widgets.js\" charset=\"utf-8\"><\/script><\/div>\n<h2><strong>Mi\u0142o\u015b\u0107 na ca\u0142e \u017cycie<\/strong><\/h2>\n<p>P\u00f3\u017aniej Roche ju\u017c nigdy nawet nie zbli\u017cy\u0142 si\u0119 do wygrania wielkiego wy\u015bcigu, o biciu kolejnych rekord\u00f3w nie wspominaj\u0105c. Coraz mocniej zacz\u0119\u0142y dawa\u0107 o sobie zna\u0107 dawne urazy, ale jeszcze do 1993 r. kibice mieli okazj\u0119 ogl\u0105da\u0107 zawodnika, kt\u00f3ry przeszed\u0142 do historii \u015bwiatowego kolarstwa.<\/p>\n<p>Rowery jednak do dzi\u015b s\u0105 obecne w jego \u017cyciu. Roche organizowa\u0142 wy\u015bcigi, zgrupowania, treningi i komentowa\u0142 wy\u015bcigi, a jego syn &#8211; Nicolas Roche (obecnie w Team Sunweb) \u2013 dwukrotnie zosta\u0142 mistrzem Irlandii.<\/p>\n<p>&#8211; Zaw\u00f3d kolarza jest bardzo ci\u0119\u017cki, a czasem wr\u0119cz okrutny, ale dzi\u015b moja mi\u0142o\u015b\u0107 do roweru jest taka sama jak wtedy, gdy go odkry\u0142em. Nigdy z niego nie zrezygnuj\u0119 \u2013 mawia Stephen Roche.<\/p>\n<p><span data-sheets-value=\"{&quot;1&quot;:2,&quot;2&quot;:&quot;Artyku\u0142 powsta\u0142 we wsp\u00f3\u0142pracy ze skoda-auto.pl&quot;}\" data-sheets-userformat=\"{&quot;2&quot;:1,&quot;3&quot;:{&quot;1&quot;:0}}\" data-sheets-hyperlink=\"http:\/\/www.skoda-auto.pl\/\"><a class=\"in-cell-link\" href=\"http:\/\/www.skoda-auto.pl\/\" target=\"_blank\" rel=\"noopener noreferrer\">Artyku\u0142 powsta\u0142 we wsp\u00f3\u0142pracy ze skoda-auto.pl<\/a><\/span><\/p>\n<p><a href=\"https:\/\/sklep.skoda.pl\/pl\/sklep\/b\/331\/rowery-i-akcesoria-rowery.html\"><img loading=\"lazy\" decoding=\"async\" class=\"aligncenter wp-image-9608 size-full loading\" src=\"https:\/\/d2p6e6u75xmxt8.cloudfront.net\/5\/2019\/08\/baner_WLC_640x350_3.png\" sizes=\"auto, (max-width: 640px) 100vw, 640px\" srcset=\"https:\/\/d2p6e6u75xmxt8.cloudfront.net\/5\/2019\/08\/baner_WLC_640x350_3.png 640w, https:\/\/d2p6e6u75xmxt8.cloudfront.net\/5\/2019\/08\/baner_WLC_640x350_3-300x164.png 300w\" alt=\"\" width=\"640\" height=\"350\" data-was-processed=\"true\" \/><\/a><\/p>\n<p><a href=\"https:\/\/www.skoda-auto.pl\/modele\/karoq\">\u00a0<\/a><\/p>\n<p>&nbsp;<\/p>\n<p>&nbsp;<\/p>\n","protected":false},"excerpt":{"rendered":"<p>Prawie 33 lata temu \u017cycie nakr\u0119ci\u0142o kolarski \u201eAmerican Dream\u201d, a w roli g\u0142\u00f3wnej obsadzi\u0142o Irlandczyka. Stephen Roche nie zapowiada\u0142 si\u0119 [&hellip;]<\/p>\n","protected":false},"author":125,"featured_media":10570,"comment_status":"open","ping_status":"open","sticky":false,"template":"","format":"standard","meta":{"footnotes":""},"categories":[325],"tags":[],"global-categories":[303],"class_list":["post-10778","post","type-post","status-publish","format-standard","has-post-thumbnail","hentry","category-historia","global-categories-cycling"],"yoast_head":"<!-- This site is optimized with the Yoast SEO Premium plugin v25.3 (Yoast SEO v25.9) - https:\/\/yoast.com\/wordpress\/plugins\/seo\/ -->\n<title>Sensacja to ma\u0142o powiedziane! Kolarska historia jak z ameryka\u0144skiego filmu - \u0160koda We Love Cycling - Poland<\/title>\n<meta name=\"robots\" content=\"index, follow, max-snippet:-1, max-image-preview:large, max-video-preview:-1\" \/>\n<link rel=\"canonical\" href=\"https:\/\/www.welovecycling.com\/pl\/2020\/06\/17\/sensacja-to-malo-powiedziane-kolarska-historia-jak-z-amerykanskiego-filmu\/\" \/>\n<meta property=\"og:locale\" content=\"pl_PL\" \/>\n<meta property=\"og:type\" content=\"article\" \/>\n<meta property=\"og:title\" content=\"Sensacja to ma\u0142o powiedziane! Kolarska historia jak z ameryka\u0144skiego filmu\" \/>\n<meta property=\"og:description\" content=\"Prawie 33 lata temu \u017cycie nakr\u0119ci\u0142o kolarski \u201eAmerican Dream\u201d, a w roli g\u0142\u00f3wnej obsadzi\u0142o Irlandczyka. Stephen Roche nie zapowiada\u0142 si\u0119 [&hellip;]\" \/>\n<meta property=\"og:url\" content=\"https:\/\/www.welovecycling.com\/pl\/2020\/06\/17\/sensacja-to-malo-powiedziane-kolarska-historia-jak-z-amerykanskiego-filmu\/\" \/>\n<meta property=\"og:site_name\" content=\"\u0160koda We Love Cycling - Poland\" \/>\n<meta property=\"article:published_time\" content=\"2020-06-17T13:05:34+00:00\" \/>\n<meta property=\"og:image\" content=\"https:\/\/d2p6e6u75xmxt8.cloudfront.net\/5\/2020\/04\/Beryl-Burton-racing.jpg\" \/>\n\t<meta property=\"og:image:width\" content=\"1024\" \/>\n\t<meta property=\"og:image:height\" content=\"673\" \/>\n\t<meta property=\"og:image:type\" content=\"image\/jpeg\" \/>\n<meta name=\"author\" content=\"oktawiamikulska\" \/>\n<meta name=\"twitter:card\" content=\"summary_large_image\" \/>\n<meta name=\"twitter:label1\" content=\"Written by\" \/>\n\t<meta name=\"twitter:data1\" content=\"Piotr Nowik\" \/>\n\t<meta name=\"twitter:label2\" content=\"Est. reading time\" \/>\n\t<meta name=\"twitter:data2\" content=\"4 minutes\" \/>\n<script type=\"application\/ld+json\" class=\"yoast-schema-graph\">{\"@context\":\"https:\/\/schema.org\",\"@graph\":[{\"@type\":\"WebPage\",\"@id\":\"https:\/\/www.welovecycling.com\/pl\/2020\/06\/17\/sensacja-to-malo-powiedziane-kolarska-historia-jak-z-amerykanskiego-filmu\/\",\"url\":\"https:\/\/www.welovecycling.com\/pl\/2020\/06\/17\/sensacja-to-malo-powiedziane-kolarska-historia-jak-z-amerykanskiego-filmu\/\",\"name\":\"Sensacja to ma\u0142o powiedziane! Kolarska historia jak z ameryka\u0144skiego filmu - \u0160koda We Love Cycling - Poland\",\"isPartOf\":{\"@id\":\"https:\/\/www.welovecycling.com\/pl\/#website\"},\"primaryImageOfPage\":{\"@id\":\"https:\/\/www.welovecycling.com\/pl\/2020\/06\/17\/sensacja-to-malo-powiedziane-kolarska-historia-jak-z-amerykanskiego-filmu\/#primaryimage\"},\"image\":{\"@id\":\"https:\/\/www.welovecycling.com\/pl\/2020\/06\/17\/sensacja-to-malo-powiedziane-kolarska-historia-jak-z-amerykanskiego-filmu\/#primaryimage\"},\"thumbnailUrl\":\"https:\/\/d2p6e6u75xmxt8.cloudfront.net\/5\/2020\/04\/Beryl-Burton-racing.jpg\",\"datePublished\":\"2020-06-17T13:05:34+00:00\",\"author\":{\"@id\":\"https:\/\/www.welovecycling.com\/pl\/#\/schema\/person\/4a79bac7bd265aa6a35a1079d36648be\"},\"breadcrumb\":{\"@id\":\"https:\/\/www.welovecycling.com\/pl\/2020\/06\/17\/sensacja-to-malo-powiedziane-kolarska-historia-jak-z-amerykanskiego-filmu\/#breadcrumb\"},\"inLanguage\":\"pl-PL\",\"potentialAction\":[{\"@type\":\"ReadAction\",\"target\":[\"https:\/\/www.welovecycling.com\/pl\/2020\/06\/17\/sensacja-to-malo-powiedziane-kolarska-historia-jak-z-amerykanskiego-filmu\/\"]}]},{\"@type\":\"ImageObject\",\"inLanguage\":\"pl-PL\",\"@id\":\"https:\/\/www.welovecycling.com\/pl\/2020\/06\/17\/sensacja-to-malo-powiedziane-kolarska-historia-jak-z-amerykanskiego-filmu\/#primaryimage\",\"url\":\"https:\/\/d2p6e6u75xmxt8.cloudfront.net\/5\/2020\/04\/Beryl-Burton-racing.jpg\",\"contentUrl\":\"https:\/\/d2p6e6u75xmxt8.cloudfront.net\/5\/2020\/04\/Beryl-Burton-racing.jpg\",\"width\":1024,\"height\":673},{\"@type\":\"BreadcrumbList\",\"@id\":\"https:\/\/www.welovecycling.com\/pl\/2020\/06\/17\/sensacja-to-malo-powiedziane-kolarska-historia-jak-z-amerykanskiego-filmu\/#breadcrumb\",\"itemListElement\":[{\"@type\":\"ListItem\",\"position\":1,\"name\":\"Home\",\"item\":\"https:\/\/www.welovecycling.com\/pl\/\"},{\"@type\":\"ListItem\",\"position\":2,\"name\":\"Sensacja to ma\u0142o powiedziane! Kolarska historia jak z ameryka\u0144skiego filmu\"}]},{\"@type\":\"WebSite\",\"@id\":\"https:\/\/www.welovecycling.com\/pl\/#website\",\"url\":\"https:\/\/www.welovecycling.com\/pl\/\",\"name\":\"\u0160koda We Love Cycling - Poland\",\"description\":\"\",\"potentialAction\":[{\"@type\":\"SearchAction\",\"target\":{\"@type\":\"EntryPoint\",\"urlTemplate\":\"https:\/\/www.welovecycling.com\/pl\/?s={search_term_string}\"},\"query-input\":{\"@type\":\"PropertyValueSpecification\",\"valueRequired\":true,\"valueName\":\"search_term_string\"}}],\"inLanguage\":\"pl-PL\"},{\"@type\":\"Person\",\"@id\":\"https:\/\/www.welovecycling.com\/pl\/#\/schema\/person\/4a79bac7bd265aa6a35a1079d36648be\",\"name\":\"oktawiamikulska\",\"image\":{\"@type\":\"ImageObject\",\"inLanguage\":\"pl-PL\",\"@id\":\"https:\/\/www.welovecycling.com\/pl\/#\/schema\/person\/image\/\",\"url\":\"https:\/\/secure.gravatar.com\/avatar\/b97a3f44e2de6d2f8dd358975937e49823662e12cbd810b9d1a2bff1c149e8a7?s=96&d=mm&r=g\",\"contentUrl\":\"https:\/\/secure.gravatar.com\/avatar\/b97a3f44e2de6d2f8dd358975937e49823662e12cbd810b9d1a2bff1c149e8a7?s=96&d=mm&r=g\",\"caption\":\"oktawiamikulska\"},\"url\":\"https:\/\/www.welovecycling.com\/pl\/author\/oktawiamikulska\/\"}]}<\/script>\n<!-- \/ Yoast SEO Premium plugin. -->","yoast_head_json":{"title":"Sensacja to ma\u0142o powiedziane! Kolarska historia jak z ameryka\u0144skiego filmu - \u0160koda We Love Cycling - Poland","robots":{"index":"index","follow":"follow","max-snippet":"max-snippet:-1","max-image-preview":"max-image-preview:large","max-video-preview":"max-video-preview:-1"},"canonical":"https:\/\/www.welovecycling.com\/pl\/2020\/06\/17\/sensacja-to-malo-powiedziane-kolarska-historia-jak-z-amerykanskiego-filmu\/","og_locale":"pl_PL","og_type":"article","og_title":"Sensacja to ma\u0142o powiedziane! Kolarska historia jak z ameryka\u0144skiego filmu","og_description":"Prawie 33 lata temu \u017cycie nakr\u0119ci\u0142o kolarski \u201eAmerican Dream\u201d, a w roli g\u0142\u00f3wnej obsadzi\u0142o Irlandczyka. Stephen Roche nie zapowiada\u0142 si\u0119 [&hellip;]","og_url":"https:\/\/www.welovecycling.com\/pl\/2020\/06\/17\/sensacja-to-malo-powiedziane-kolarska-historia-jak-z-amerykanskiego-filmu\/","og_site_name":"\u0160koda We Love Cycling - Poland","article_published_time":"2020-06-17T13:05:34+00:00","og_image":[{"width":1024,"height":673,"url":"https:\/\/d2p6e6u75xmxt8.cloudfront.net\/5\/2020\/04\/Beryl-Burton-racing.jpg","type":"image\/jpeg"}],"author":"oktawiamikulska","twitter_card":"summary_large_image","twitter_misc":{"Written by":"Piotr Nowik","Est. reading time":"4 minutes"},"schema":{"@context":"https:\/\/schema.org","@graph":[{"@type":"WebPage","@id":"https:\/\/www.welovecycling.com\/pl\/2020\/06\/17\/sensacja-to-malo-powiedziane-kolarska-historia-jak-z-amerykanskiego-filmu\/","url":"https:\/\/www.welovecycling.com\/pl\/2020\/06\/17\/sensacja-to-malo-powiedziane-kolarska-historia-jak-z-amerykanskiego-filmu\/","name":"Sensacja to ma\u0142o powiedziane! Kolarska historia jak z ameryka\u0144skiego filmu - \u0160koda We Love Cycling - Poland","isPartOf":{"@id":"https:\/\/www.welovecycling.com\/pl\/#website"},"primaryImageOfPage":{"@id":"https:\/\/www.welovecycling.com\/pl\/2020\/06\/17\/sensacja-to-malo-powiedziane-kolarska-historia-jak-z-amerykanskiego-filmu\/#primaryimage"},"image":{"@id":"https:\/\/www.welovecycling.com\/pl\/2020\/06\/17\/sensacja-to-malo-powiedziane-kolarska-historia-jak-z-amerykanskiego-filmu\/#primaryimage"},"thumbnailUrl":"https:\/\/d2p6e6u75xmxt8.cloudfront.net\/5\/2020\/04\/Beryl-Burton-racing.jpg","datePublished":"2020-06-17T13:05:34+00:00","author":{"@id":"https:\/\/www.welovecycling.com\/pl\/#\/schema\/person\/4a79bac7bd265aa6a35a1079d36648be"},"breadcrumb":{"@id":"https:\/\/www.welovecycling.com\/pl\/2020\/06\/17\/sensacja-to-malo-powiedziane-kolarska-historia-jak-z-amerykanskiego-filmu\/#breadcrumb"},"inLanguage":"pl-PL","potentialAction":[{"@type":"ReadAction","target":["https:\/\/www.welovecycling.com\/pl\/2020\/06\/17\/sensacja-to-malo-powiedziane-kolarska-historia-jak-z-amerykanskiego-filmu\/"]}]},{"@type":"ImageObject","inLanguage":"pl-PL","@id":"https:\/\/www.welovecycling.com\/pl\/2020\/06\/17\/sensacja-to-malo-powiedziane-kolarska-historia-jak-z-amerykanskiego-filmu\/#primaryimage","url":"https:\/\/d2p6e6u75xmxt8.cloudfront.net\/5\/2020\/04\/Beryl-Burton-racing.jpg","contentUrl":"https:\/\/d2p6e6u75xmxt8.cloudfront.net\/5\/2020\/04\/Beryl-Burton-racing.jpg","width":1024,"height":673},{"@type":"BreadcrumbList","@id":"https:\/\/www.welovecycling.com\/pl\/2020\/06\/17\/sensacja-to-malo-powiedziane-kolarska-historia-jak-z-amerykanskiego-filmu\/#breadcrumb","itemListElement":[{"@type":"ListItem","position":1,"name":"Home","item":"https:\/\/www.welovecycling.com\/pl\/"},{"@type":"ListItem","position":2,"name":"Sensacja to ma\u0142o powiedziane! Kolarska historia jak z ameryka\u0144skiego filmu"}]},{"@type":"WebSite","@id":"https:\/\/www.welovecycling.com\/pl\/#website","url":"https:\/\/www.welovecycling.com\/pl\/","name":"\u0160koda We Love Cycling - Poland","description":"","potentialAction":[{"@type":"SearchAction","target":{"@type":"EntryPoint","urlTemplate":"https:\/\/www.welovecycling.com\/pl\/?s={search_term_string}"},"query-input":{"@type":"PropertyValueSpecification","valueRequired":true,"valueName":"search_term_string"}}],"inLanguage":"pl-PL"},{"@type":"Person","@id":"https:\/\/www.welovecycling.com\/pl\/#\/schema\/person\/4a79bac7bd265aa6a35a1079d36648be","name":"oktawiamikulska","image":{"@type":"ImageObject","inLanguage":"pl-PL","@id":"https:\/\/www.welovecycling.com\/pl\/#\/schema\/person\/image\/","url":"https:\/\/secure.gravatar.com\/avatar\/b97a3f44e2de6d2f8dd358975937e49823662e12cbd810b9d1a2bff1c149e8a7?s=96&d=mm&r=g","contentUrl":"https:\/\/secure.gravatar.com\/avatar\/b97a3f44e2de6d2f8dd358975937e49823662e12cbd810b9d1a2bff1c149e8a7?s=96&d=mm&r=g","caption":"oktawiamikulska"},"url":"https:\/\/www.welovecycling.com\/pl\/author\/oktawiamikulska\/"}]}},"_links":{"self":[{"href":"https:\/\/www.welovecycling.com\/pl\/wp-json\/wp\/v2\/posts\/10778","targetHints":{"allow":["GET"]}}],"collection":[{"href":"https:\/\/www.welovecycling.com\/pl\/wp-json\/wp\/v2\/posts"}],"about":[{"href":"https:\/\/www.welovecycling.com\/pl\/wp-json\/wp\/v2\/types\/post"}],"author":[{"embeddable":true,"href":"https:\/\/www.welovecycling.com\/pl\/wp-json\/wp\/v2\/users\/125"}],"replies":[{"embeddable":true,"href":"https:\/\/www.welovecycling.com\/pl\/wp-json\/wp\/v2\/comments?post=10778"}],"version-history":[{"count":2,"href":"https:\/\/www.welovecycling.com\/pl\/wp-json\/wp\/v2\/posts\/10778\/revisions"}],"predecessor-version":[{"id":10787,"href":"https:\/\/www.welovecycling.com\/pl\/wp-json\/wp\/v2\/posts\/10778\/revisions\/10787"}],"wp:featuredmedia":[{"embeddable":true,"href":"https:\/\/www.welovecycling.com\/pl\/wp-json\/wp\/v2\/media\/10570"}],"wp:attachment":[{"href":"https:\/\/www.welovecycling.com\/pl\/wp-json\/wp\/v2\/media?parent=10778"}],"wp:term":[{"taxonomy":"category","embeddable":true,"href":"https:\/\/www.welovecycling.com\/pl\/wp-json\/wp\/v2\/categories?post=10778"},{"taxonomy":"post_tag","embeddable":true,"href":"https:\/\/www.welovecycling.com\/pl\/wp-json\/wp\/v2\/tags?post=10778"},{"taxonomy":"global-categories","embeddable":true,"href":"https:\/\/www.welovecycling.com\/pl\/wp-json\/wp\/v2\/global-categories?post=10778"}],"curies":[{"name":"wp","href":"https:\/\/api.w.org\/{rel}","templated":true}]}}