{"id":10774,"date":"2020-06-16T14:49:48","date_gmt":"2020-06-16T14:49:48","guid":{"rendered":"https:\/\/www.welovecycling.com\/pl\/?p=10774"},"modified":"2020-06-16T14:49:48","modified_gmt":"2020-06-16T14:49:48","slug":"akcja-ride2unite-spotkanie-z-jenny-rissveds-szwedzka-zawodniczka-przelajowa-mtb","status":"publish","type":"post","link":"https:\/\/www.welovecycling.com\/pl\/2020\/06\/16\/akcja-ride2unite-spotkanie-z-jenny-rissveds-szwedzka-zawodniczka-przelajowa-mtb\/","title":{"rendered":"Akcja #Ride2Unite: spotkanie z Jenny Rissveds, szwedzk\u0105 zawodniczk\u0105 prze\u0142ajow\u0105 MTB"},"content":{"rendered":"<p><strong>To ju\u017c pi\u0105ta transmisja na \u017cywo w ramach naszej akcji #Ride2Unite, kt\u00f3ra odb\u0119dzie si\u0119 na Instagramie <a href=\"https:\/\/www.instagram.com\/wlcmagazine\/\">We Love Cycling<\/a> w \u015brod\u0119 17 czerwca o 18:00. Nieustannie zbieramy dla Was inspiruj\u0105ce historie oraz porady dotycz\u0105ce spo\u0142eczno\u015bci rowerowej. Tym razem przedstawimy godn\u0105 podziwu osobowo\u015b\u0107, kt\u00f3rej biografia mo\u017ce niejednego podnie\u015b\u0107 na duchu \u2013 Jenny Rissveds, szwedzk\u0105 kolark\u0119 prze\u0142ajow\u0105 i mistrzyni\u0119 olimpijsk\u0105. Spotkanie jak zwykle poprowadzi Laura Meseguer.<\/strong><\/p>\n<p>Jenny zdoby\u0142a tytu\u0142 mistrzyni \u015bwiata w kategorii poni\u017cej 23 lat i z\u0142oto na igrzyskach olimpijskich w Rio de Janeiro w 2016 roku. W wieku zaledwie 22 lat by\u0142a u szczytu swoich mo\u017cliwo\u015bci jako najszybciej rozwijaj\u0105cy si\u0119 talent w kolarstwie g\u00f3rskim i wydawa\u0142o si\u0119, \u017ce nic jej nie stanie na drodze. Potem przyszed\u0142 2017 rok, w kt\u00f3rym Rissveds zerwa\u0142a kontrakt z zespo\u0142em Scott-SRAM i praktycznie znikn\u0119\u0142a ze sportu. Wr\u00f3ci\u0142a do kolarstwa po dwuletniej nieobecno\u015bci. Jej powr\u00f3t by\u0142 imponuj\u0105cy: zwyci\u0119\u017cy\u0142a w Pucharze \u015awiata MTB 2019 w Lenzerheide. Jenny przerw\u0119 po\u015bwi\u0119ci\u0142a swojemu zdrowiu psychicznemu \u2013 walce z zaburzeniami od\u017cywiania, stresem zwi\u0105zanym z rywalizacj\u0105 i g\u0142\u0119bok\u0105 depresj\u0105 po nieporozumieniu ze Szwedzk\u0105 Federacj\u0105 Kolarsk\u0105. W tym czasie straci\u0142a te\u017c obu swoich dziadk\u00f3w. Mistrzyni olimpijska wr\u00f3ci\u0142a na zawody wiosn\u0105 2019 roku ze swoj\u0105 w\u0142asn\u0105 ekip\u0105 Team 31, wspieran\u0105 przez Specialized, Shimano i Thule. Dru\u017cyn\u0119 nazwano na cze\u015b\u0107 <a href=\"https:\/\/www.ohchr.org\/en\/professionalinterest\/pages\/crc.aspx\">artyku\u0142u 31<\/a>. Powszechnej Deklaracji Praw Cz\u0142owieka ONZ, promuj\u0105cego prawa dziecka.<\/p>\n<figure id=\"attachment_178300\" aria-describedby=\"caption-attachment-178300\" style=\"width: 1250px\" class=\"wp-caption alignnone\"><img loading=\"lazy\" decoding=\"async\" class=\"loading wp-image-178300 size-full\" src=\"https:\/\/d2p6e6u75xmxt8.cloudfront.net\/2\/2020\/06\/profimedia-0464355781.jpg\" alt=\"\" width=\"1250\" height=\"833\" data-was-processed=\"true\" \/><figcaption id=\"caption-attachment-178300\" class=\"wp-caption-text\">Reakcja Jenny Rissveds na zwyci\u0119stwo w wy\u015bcigu Pucharu \u015awiata w kolarstwie g\u00f3rskim UCI w Lenzerheide w Szwajcarii, 11 sierpnia 2019 r. \u00a9 Profimedia<\/figcaption><\/figure>\n<p>Jenny bardzo otwarcie m\u00f3wi o swoich zmaganiach ze zdrowiem psychicznym i o walce z najwi\u0119kszym krytykiem: sam\u0105 sob\u0105. Mo\u017ce by\u0107 inspiracj\u0105 dla wszystkich dzi\u0119ki swojej niezachwianej wierze w proste stwierdzenie: \u201eNigdy, ale to nigdy si\u0119 nie poddawaj\u201d.<\/p>\n<p>Podczas streamu na \u017cywo Jenny z pewno\u015bci\u0105 opowie o swojej trudnej walce o powr\u00f3t do zdrowia, zainspiruje Was i zmotywuje, nie tylko za pomoc\u0105 ulubionych cytat\u00f3w. Nie przegapcie tego spotkania, wejd\u017acie na nasz Instagram w \u015brod\u0119 17 czerwca o 18:00.<\/p>\n","protected":false},"excerpt":{"rendered":"<p>To ju\u017c pi\u0105ta transmisja na \u017cywo w ramach naszej akcji #Ride2Unite, kt\u00f3ra odb\u0119dzie si\u0119 na Instagramie We Love Cycling w [&hellip;]<\/p>\n","protected":false},"author":125,"featured_media":10777,"comment_status":"open","ping_status":"open","sticky":false,"template":"","format":"standard","meta":{"footnotes":""},"categories":[330],"tags":[],"global-categories":[303],"class_list":["post-10774","post","type-post","status-publish","format-standard","has-post-thumbnail","hentry","category-ride2unite","global-categories-cycling"],"yoast_head":"<!-- This site is optimized with the Yoast SEO Premium plugin v25.3 (Yoast SEO v25.9) - https:\/\/yoast.com\/wordpress\/plugins\/seo\/ -->\n<title>Akcja #Ride2Unite: spotkanie z Jenny Rissveds, szwedzk\u0105 zawodniczk\u0105 prze\u0142ajow\u0105 MTB - \u0160koda We Love Cycling - Poland<\/title>\n<meta name=\"description\" content=\"To ju\u017c pi\u0105ta transmisja na \u017cywo w ramach naszej akcji #Ride2Unite, kt\u00f3ra odb\u0119dzie si\u0119 na Instagramie We Love Cycling w \u015brod\u0119 17 czerwca o 18:00. Nieustannie zbieramy dla Was inspiruj\u0105ce historie oraz porady dotycz\u0105ce spo\u0142eczno\u015bci rowerowej. Tym razem przedstawimy godn\u0105 podziwu osobowo\u015b\u0107, kt\u00f3rej biografia mo\u017ce niejednego podnie\u015b\u0107 na duchu \u2013 Jenny Rissveds, szwedzk\u0105 kolark\u0119 prze\u0142ajow\u0105 i mistrzyni\u0119 olimpijsk\u0105. Spotkanie jak zwykle poprowadzi Laura Meseguer.\" \/>\n<meta name=\"robots\" content=\"index, follow, max-snippet:-1, max-image-preview:large, max-video-preview:-1\" \/>\n<link rel=\"canonical\" href=\"https:\/\/www.welovecycling.com\/pl\/2020\/06\/16\/akcja-ride2unite-spotkanie-z-jenny-rissveds-szwedzka-zawodniczka-przelajowa-mtb\/\" \/>\n<meta property=\"og:locale\" content=\"pl_PL\" \/>\n<meta property=\"og:type\" content=\"article\" \/>\n<meta property=\"og:title\" content=\"Akcja #Ride2Unite: spotkanie z Jenny Rissveds, szwedzk\u0105 zawodniczk\u0105 prze\u0142ajow\u0105 MTB\" \/>\n<meta property=\"og:description\" content=\"To ju\u017c pi\u0105ta transmisja na \u017cywo w ramach naszej akcji #Ride2Unite, kt\u00f3ra odb\u0119dzie si\u0119 na Instagramie We Love Cycling w \u015brod\u0119 17 czerwca o 18:00. Nieustannie zbieramy dla Was inspiruj\u0105ce historie oraz porady dotycz\u0105ce spo\u0142eczno\u015bci rowerowej. Tym razem przedstawimy godn\u0105 podziwu osobowo\u015b\u0107, kt\u00f3rej biografia mo\u017ce niejednego podnie\u015b\u0107 na duchu \u2013 Jenny Rissveds, szwedzk\u0105 kolark\u0119 prze\u0142ajow\u0105 i mistrzyni\u0119 olimpijsk\u0105. Spotkanie jak zwykle poprowadzi Laura Meseguer.\" \/>\n<meta property=\"og:url\" content=\"https:\/\/www.welovecycling.com\/pl\/2020\/06\/16\/akcja-ride2unite-spotkanie-z-jenny-rissveds-szwedzka-zawodniczka-przelajowa-mtb\/\" \/>\n<meta property=\"og:site_name\" content=\"\u0160koda We Love Cycling - Poland\" \/>\n<meta property=\"article:published_time\" content=\"2020-06-16T14:49:48+00:00\" \/>\n<meta property=\"og:image\" content=\"https:\/\/d2p6e6u75xmxt8.cloudfront.net\/5\/2020\/06\/Jenny-Rissveds-CVR.jpg\" \/>\n\t<meta property=\"og:image:width\" content=\"1366\" \/>\n\t<meta property=\"og:image:height\" content=\"600\" \/>\n\t<meta property=\"og:image:type\" content=\"image\/jpeg\" \/>\n<meta name=\"author\" content=\"oktawiamikulska\" \/>\n<meta name=\"twitter:card\" content=\"summary_large_image\" \/>\n<meta name=\"twitter:label1\" content=\"Written by\" \/>\n\t<meta name=\"twitter:data1\" content=\"Frantiska Blazkova\" \/>\n\t<meta name=\"twitter:label2\" content=\"Est. reading time\" \/>\n\t<meta name=\"twitter:data2\" content=\"2 minutes\" \/>\n<script type=\"application\/ld+json\" class=\"yoast-schema-graph\">{\"@context\":\"https:\/\/schema.org\",\"@graph\":[{\"@type\":\"WebPage\",\"@id\":\"https:\/\/www.welovecycling.com\/pl\/2020\/06\/16\/akcja-ride2unite-spotkanie-z-jenny-rissveds-szwedzka-zawodniczka-przelajowa-mtb\/\",\"url\":\"https:\/\/www.welovecycling.com\/pl\/2020\/06\/16\/akcja-ride2unite-spotkanie-z-jenny-rissveds-szwedzka-zawodniczka-przelajowa-mtb\/\",\"name\":\"Akcja #Ride2Unite: spotkanie z Jenny Rissveds, szwedzk\u0105 zawodniczk\u0105 prze\u0142ajow\u0105 MTB - \u0160koda We Love Cycling - Poland\",\"isPartOf\":{\"@id\":\"https:\/\/www.welovecycling.com\/pl\/#website\"},\"primaryImageOfPage\":{\"@id\":\"https:\/\/www.welovecycling.com\/pl\/2020\/06\/16\/akcja-ride2unite-spotkanie-z-jenny-rissveds-szwedzka-zawodniczka-przelajowa-mtb\/#primaryimage\"},\"image\":{\"@id\":\"https:\/\/www.welovecycling.com\/pl\/2020\/06\/16\/akcja-ride2unite-spotkanie-z-jenny-rissveds-szwedzka-zawodniczka-przelajowa-mtb\/#primaryimage\"},\"thumbnailUrl\":\"https:\/\/d2p6e6u75xmxt8.cloudfront.net\/5\/2020\/06\/Jenny-Rissveds-CVR.jpg\",\"datePublished\":\"2020-06-16T14:49:48+00:00\",\"author\":{\"@id\":\"https:\/\/www.welovecycling.com\/pl\/#\/schema\/person\/4a79bac7bd265aa6a35a1079d36648be\"},\"description\":\"To ju\u017c pi\u0105ta transmisja na \u017cywo w ramach naszej akcji #Ride2Unite, kt\u00f3ra odb\u0119dzie si\u0119 na Instagramie We Love Cycling w \u015brod\u0119 17 czerwca o 18:00. Nieustannie zbieramy dla Was inspiruj\u0105ce historie oraz porady dotycz\u0105ce spo\u0142eczno\u015bci rowerowej. Tym razem przedstawimy godn\u0105 podziwu osobowo\u015b\u0107, kt\u00f3rej biografia mo\u017ce niejednego podnie\u015b\u0107 na duchu \u2013 Jenny Rissveds, szwedzk\u0105 kolark\u0119 prze\u0142ajow\u0105 i mistrzyni\u0119 olimpijsk\u0105. Spotkanie jak zwykle poprowadzi Laura Meseguer.\",\"breadcrumb\":{\"@id\":\"https:\/\/www.welovecycling.com\/pl\/2020\/06\/16\/akcja-ride2unite-spotkanie-z-jenny-rissveds-szwedzka-zawodniczka-przelajowa-mtb\/#breadcrumb\"},\"inLanguage\":\"pl-PL\",\"potentialAction\":[{\"@type\":\"ReadAction\",\"target\":[\"https:\/\/www.welovecycling.com\/pl\/2020\/06\/16\/akcja-ride2unite-spotkanie-z-jenny-rissveds-szwedzka-zawodniczka-przelajowa-mtb\/\"]}]},{\"@type\":\"ImageObject\",\"inLanguage\":\"pl-PL\",\"@id\":\"https:\/\/www.welovecycling.com\/pl\/2020\/06\/16\/akcja-ride2unite-spotkanie-z-jenny-rissveds-szwedzka-zawodniczka-przelajowa-mtb\/#primaryimage\",\"url\":\"https:\/\/d2p6e6u75xmxt8.cloudfront.net\/5\/2020\/06\/Jenny-Rissveds-CVR.jpg\",\"contentUrl\":\"https:\/\/d2p6e6u75xmxt8.cloudfront.net\/5\/2020\/06\/Jenny-Rissveds-CVR.jpg\",\"width\":1366,\"height\":600},{\"@type\":\"BreadcrumbList\",\"@id\":\"https:\/\/www.welovecycling.com\/pl\/2020\/06\/16\/akcja-ride2unite-spotkanie-z-jenny-rissveds-szwedzka-zawodniczka-przelajowa-mtb\/#breadcrumb\",\"itemListElement\":[{\"@type\":\"ListItem\",\"position\":1,\"name\":\"Home\",\"item\":\"https:\/\/www.welovecycling.com\/pl\/\"},{\"@type\":\"ListItem\",\"position\":2,\"name\":\"Akcja #Ride2Unite: spotkanie z Jenny Rissveds, szwedzk\u0105 zawodniczk\u0105 prze\u0142ajow\u0105 MTB\"}]},{\"@type\":\"WebSite\",\"@id\":\"https:\/\/www.welovecycling.com\/pl\/#website\",\"url\":\"https:\/\/www.welovecycling.com\/pl\/\",\"name\":\"\u0160koda We Love Cycling - Poland\",\"description\":\"\",\"potentialAction\":[{\"@type\":\"SearchAction\",\"target\":{\"@type\":\"EntryPoint\",\"urlTemplate\":\"https:\/\/www.welovecycling.com\/pl\/?s={search_term_string}\"},\"query-input\":{\"@type\":\"PropertyValueSpecification\",\"valueRequired\":true,\"valueName\":\"search_term_string\"}}],\"inLanguage\":\"pl-PL\"},{\"@type\":\"Person\",\"@id\":\"https:\/\/www.welovecycling.com\/pl\/#\/schema\/person\/4a79bac7bd265aa6a35a1079d36648be\",\"name\":\"oktawiamikulska\",\"image\":{\"@type\":\"ImageObject\",\"inLanguage\":\"pl-PL\",\"@id\":\"https:\/\/www.welovecycling.com\/pl\/#\/schema\/person\/image\/\",\"url\":\"https:\/\/secure.gravatar.com\/avatar\/b97a3f44e2de6d2f8dd358975937e49823662e12cbd810b9d1a2bff1c149e8a7?s=96&d=mm&r=g\",\"contentUrl\":\"https:\/\/secure.gravatar.com\/avatar\/b97a3f44e2de6d2f8dd358975937e49823662e12cbd810b9d1a2bff1c149e8a7?s=96&d=mm&r=g\",\"caption\":\"oktawiamikulska\"},\"url\":\"https:\/\/www.welovecycling.com\/pl\/author\/oktawiamikulska\/\"}]}<\/script>\n<!-- \/ Yoast SEO Premium plugin. -->","yoast_head_json":{"title":"Akcja #Ride2Unite: spotkanie z Jenny Rissveds, szwedzk\u0105 zawodniczk\u0105 prze\u0142ajow\u0105 MTB - \u0160koda We Love Cycling - Poland","description":"To ju\u017c pi\u0105ta transmisja na \u017cywo w ramach naszej akcji #Ride2Unite, kt\u00f3ra odb\u0119dzie si\u0119 na Instagramie We Love Cycling w \u015brod\u0119 17 czerwca o 18:00. Nieustannie zbieramy dla Was inspiruj\u0105ce historie oraz porady dotycz\u0105ce spo\u0142eczno\u015bci rowerowej. Tym razem przedstawimy godn\u0105 podziwu osobowo\u015b\u0107, kt\u00f3rej biografia mo\u017ce niejednego podnie\u015b\u0107 na duchu \u2013 Jenny Rissveds, szwedzk\u0105 kolark\u0119 prze\u0142ajow\u0105 i mistrzyni\u0119 olimpijsk\u0105. Spotkanie jak zwykle poprowadzi Laura Meseguer.","robots":{"index":"index","follow":"follow","max-snippet":"max-snippet:-1","max-image-preview":"max-image-preview:large","max-video-preview":"max-video-preview:-1"},"canonical":"https:\/\/www.welovecycling.com\/pl\/2020\/06\/16\/akcja-ride2unite-spotkanie-z-jenny-rissveds-szwedzka-zawodniczka-przelajowa-mtb\/","og_locale":"pl_PL","og_type":"article","og_title":"Akcja #Ride2Unite: spotkanie z Jenny Rissveds, szwedzk\u0105 zawodniczk\u0105 prze\u0142ajow\u0105 MTB","og_description":"To ju\u017c pi\u0105ta transmisja na \u017cywo w ramach naszej akcji #Ride2Unite, kt\u00f3ra odb\u0119dzie si\u0119 na Instagramie We Love Cycling w \u015brod\u0119 17 czerwca o 18:00. Nieustannie zbieramy dla Was inspiruj\u0105ce historie oraz porady dotycz\u0105ce spo\u0142eczno\u015bci rowerowej. Tym razem przedstawimy godn\u0105 podziwu osobowo\u015b\u0107, kt\u00f3rej biografia mo\u017ce niejednego podnie\u015b\u0107 na duchu \u2013 Jenny Rissveds, szwedzk\u0105 kolark\u0119 prze\u0142ajow\u0105 i mistrzyni\u0119 olimpijsk\u0105. Spotkanie jak zwykle poprowadzi Laura Meseguer.","og_url":"https:\/\/www.welovecycling.com\/pl\/2020\/06\/16\/akcja-ride2unite-spotkanie-z-jenny-rissveds-szwedzka-zawodniczka-przelajowa-mtb\/","og_site_name":"\u0160koda We Love Cycling - Poland","article_published_time":"2020-06-16T14:49:48+00:00","og_image":[{"width":1366,"height":600,"url":"https:\/\/d2p6e6u75xmxt8.cloudfront.net\/5\/2020\/06\/Jenny-Rissveds-CVR.jpg","type":"image\/jpeg"}],"author":"oktawiamikulska","twitter_card":"summary_large_image","twitter_misc":{"Written by":"Frantiska Blazkova","Est. reading time":"2 minutes"},"schema":{"@context":"https:\/\/schema.org","@graph":[{"@type":"WebPage","@id":"https:\/\/www.welovecycling.com\/pl\/2020\/06\/16\/akcja-ride2unite-spotkanie-z-jenny-rissveds-szwedzka-zawodniczka-przelajowa-mtb\/","url":"https:\/\/www.welovecycling.com\/pl\/2020\/06\/16\/akcja-ride2unite-spotkanie-z-jenny-rissveds-szwedzka-zawodniczka-przelajowa-mtb\/","name":"Akcja #Ride2Unite: spotkanie z Jenny Rissveds, szwedzk\u0105 zawodniczk\u0105 prze\u0142ajow\u0105 MTB - \u0160koda We Love Cycling - Poland","isPartOf":{"@id":"https:\/\/www.welovecycling.com\/pl\/#website"},"primaryImageOfPage":{"@id":"https:\/\/www.welovecycling.com\/pl\/2020\/06\/16\/akcja-ride2unite-spotkanie-z-jenny-rissveds-szwedzka-zawodniczka-przelajowa-mtb\/#primaryimage"},"image":{"@id":"https:\/\/www.welovecycling.com\/pl\/2020\/06\/16\/akcja-ride2unite-spotkanie-z-jenny-rissveds-szwedzka-zawodniczka-przelajowa-mtb\/#primaryimage"},"thumbnailUrl":"https:\/\/d2p6e6u75xmxt8.cloudfront.net\/5\/2020\/06\/Jenny-Rissveds-CVR.jpg","datePublished":"2020-06-16T14:49:48+00:00","author":{"@id":"https:\/\/www.welovecycling.com\/pl\/#\/schema\/person\/4a79bac7bd265aa6a35a1079d36648be"},"description":"To ju\u017c pi\u0105ta transmisja na \u017cywo w ramach naszej akcji #Ride2Unite, kt\u00f3ra odb\u0119dzie si\u0119 na Instagramie We Love Cycling w \u015brod\u0119 17 czerwca o 18:00. Nieustannie zbieramy dla Was inspiruj\u0105ce historie oraz porady dotycz\u0105ce spo\u0142eczno\u015bci rowerowej. Tym razem przedstawimy godn\u0105 podziwu osobowo\u015b\u0107, kt\u00f3rej biografia mo\u017ce niejednego podnie\u015b\u0107 na duchu \u2013 Jenny Rissveds, szwedzk\u0105 kolark\u0119 prze\u0142ajow\u0105 i mistrzyni\u0119 olimpijsk\u0105. Spotkanie jak zwykle poprowadzi Laura Meseguer.","breadcrumb":{"@id":"https:\/\/www.welovecycling.com\/pl\/2020\/06\/16\/akcja-ride2unite-spotkanie-z-jenny-rissveds-szwedzka-zawodniczka-przelajowa-mtb\/#breadcrumb"},"inLanguage":"pl-PL","potentialAction":[{"@type":"ReadAction","target":["https:\/\/www.welovecycling.com\/pl\/2020\/06\/16\/akcja-ride2unite-spotkanie-z-jenny-rissveds-szwedzka-zawodniczka-przelajowa-mtb\/"]}]},{"@type":"ImageObject","inLanguage":"pl-PL","@id":"https:\/\/www.welovecycling.com\/pl\/2020\/06\/16\/akcja-ride2unite-spotkanie-z-jenny-rissveds-szwedzka-zawodniczka-przelajowa-mtb\/#primaryimage","url":"https:\/\/d2p6e6u75xmxt8.cloudfront.net\/5\/2020\/06\/Jenny-Rissveds-CVR.jpg","contentUrl":"https:\/\/d2p6e6u75xmxt8.cloudfront.net\/5\/2020\/06\/Jenny-Rissveds-CVR.jpg","width":1366,"height":600},{"@type":"BreadcrumbList","@id":"https:\/\/www.welovecycling.com\/pl\/2020\/06\/16\/akcja-ride2unite-spotkanie-z-jenny-rissveds-szwedzka-zawodniczka-przelajowa-mtb\/#breadcrumb","itemListElement":[{"@type":"ListItem","position":1,"name":"Home","item":"https:\/\/www.welovecycling.com\/pl\/"},{"@type":"ListItem","position":2,"name":"Akcja #Ride2Unite: spotkanie z Jenny Rissveds, szwedzk\u0105 zawodniczk\u0105 prze\u0142ajow\u0105 MTB"}]},{"@type":"WebSite","@id":"https:\/\/www.welovecycling.com\/pl\/#website","url":"https:\/\/www.welovecycling.com\/pl\/","name":"\u0160koda We Love Cycling - Poland","description":"","potentialAction":[{"@type":"SearchAction","target":{"@type":"EntryPoint","urlTemplate":"https:\/\/www.welovecycling.com\/pl\/?s={search_term_string}"},"query-input":{"@type":"PropertyValueSpecification","valueRequired":true,"valueName":"search_term_string"}}],"inLanguage":"pl-PL"},{"@type":"Person","@id":"https:\/\/www.welovecycling.com\/pl\/#\/schema\/person\/4a79bac7bd265aa6a35a1079d36648be","name":"oktawiamikulska","image":{"@type":"ImageObject","inLanguage":"pl-PL","@id":"https:\/\/www.welovecycling.com\/pl\/#\/schema\/person\/image\/","url":"https:\/\/secure.gravatar.com\/avatar\/b97a3f44e2de6d2f8dd358975937e49823662e12cbd810b9d1a2bff1c149e8a7?s=96&d=mm&r=g","contentUrl":"https:\/\/secure.gravatar.com\/avatar\/b97a3f44e2de6d2f8dd358975937e49823662e12cbd810b9d1a2bff1c149e8a7?s=96&d=mm&r=g","caption":"oktawiamikulska"},"url":"https:\/\/www.welovecycling.com\/pl\/author\/oktawiamikulska\/"}]}},"_links":{"self":[{"href":"https:\/\/www.welovecycling.com\/pl\/wp-json\/wp\/v2\/posts\/10774","targetHints":{"allow":["GET"]}}],"collection":[{"href":"https:\/\/www.welovecycling.com\/pl\/wp-json\/wp\/v2\/posts"}],"about":[{"href":"https:\/\/www.welovecycling.com\/pl\/wp-json\/wp\/v2\/types\/post"}],"author":[{"embeddable":true,"href":"https:\/\/www.welovecycling.com\/pl\/wp-json\/wp\/v2\/users\/125"}],"replies":[{"embeddable":true,"href":"https:\/\/www.welovecycling.com\/pl\/wp-json\/wp\/v2\/comments?post=10774"}],"version-history":[{"count":2,"href":"https:\/\/www.welovecycling.com\/pl\/wp-json\/wp\/v2\/posts\/10774\/revisions"}],"predecessor-version":[{"id":10776,"href":"https:\/\/www.welovecycling.com\/pl\/wp-json\/wp\/v2\/posts\/10774\/revisions\/10776"}],"wp:featuredmedia":[{"embeddable":true,"href":"https:\/\/www.welovecycling.com\/pl\/wp-json\/wp\/v2\/media\/10777"}],"wp:attachment":[{"href":"https:\/\/www.welovecycling.com\/pl\/wp-json\/wp\/v2\/media?parent=10774"}],"wp:term":[{"taxonomy":"category","embeddable":true,"href":"https:\/\/www.welovecycling.com\/pl\/wp-json\/wp\/v2\/categories?post=10774"},{"taxonomy":"post_tag","embeddable":true,"href":"https:\/\/www.welovecycling.com\/pl\/wp-json\/wp\/v2\/tags?post=10774"},{"taxonomy":"global-categories","embeddable":true,"href":"https:\/\/www.welovecycling.com\/pl\/wp-json\/wp\/v2\/global-categories?post=10774"}],"curies":[{"name":"wp","href":"https:\/\/api.w.org\/{rel}","templated":true}]}}