{"id":10766,"date":"2020-06-10T15:10:11","date_gmt":"2020-06-10T15:10:11","guid":{"rendered":"https:\/\/www.welovecycling.com\/pl\/?p=10766"},"modified":"2020-06-15T13:19:51","modified_gmt":"2020-06-15T13:19:51","slug":"gdzie-ja-to-wszystko-zmieszcze-radzimy-co-zabrac-na-rowerowa-przejazdzke","status":"publish","type":"post","link":"https:\/\/www.welovecycling.com\/pl\/2020\/06\/10\/gdzie-ja-to-wszystko-zmieszcze-radzimy-co-zabrac-na-rowerowa-przejazdzke\/","title":{"rendered":"\u201eGdzie ja to wszystko zmieszcz\u0119?!\u201d. Radzimy, co zabra\u0107 na rowerow\u0105 przeja\u017cd\u017ck\u0119"},"content":{"rendered":"<p><strong>Nie musimy by\u0107 obwieszeni jak wielb\u0142\u0105d przemierzaj\u0105cy pustyni\u0119, ale ju\u017c niewielki pakunek z niezb\u0119dnymi akcesoriami sprawi, \u017ce podczas przeja\u017cd\u017cki nie b\u0119dziemy musieli rozpaczliwie poszukiwa\u0107 pomocy. Co zabra\u0107 ze sob\u0105 na wycieczk\u0119 rowerow\u0105? Wszystkiego dowiecie si\u0119 poni\u017cej.<\/strong><\/p>\n<p>Nie chcemy snu\u0107 czarnych wizji wypadk\u00f3w, ale wyobra\u017amy sobie tak\u0105 sytuacj\u0119:<\/p>\n<p>Wyje\u017cd\u017camy na wakacje i samotnie wybieramy si\u0119 kr\u00f3tk\u0105 przeja\u017cd\u017ck\u0119 w zupe\u0142nie nieznany teren. Jedziemy asfaltem, p\u00f3\u017aniej poln\u0105 drog\u0105, a po kwadransie jeste\u015bmy ju\u017c w lesie.<\/p>\n<p>Pi\u0119kne widoki, przyjemny ch\u0142\u00f3d, \u015bpiew ptak\u00f3w i b\u0142ogie zapomnienie. Niestety, nagle wje\u017cd\u017camy na wystaj\u0105cy korze\u0144, przewracamy si\u0119 i mocno t\u0142uczemy kolano. \u015arodek nieznanego lasu, rower niezdatny do jazdy, b\u00f3l coraz silniejszy. Co robi\u0107?<\/p>\n<h2><strong>Podstawa to telefon!<\/strong><\/h2>\n<p>Co zrobi\u0107 w takich sytuacjach, uczono nas kiedy\u015b na obozach harcerskich, ale dzi\u015b spos\u00f3b na wybrni\u0119cie z nich jest znacznie prostszy, czyli dzia\u0142aj\u0105cy i w pe\u0142ni na\u0142adowany telefon kom\u00f3rkowy. A je\u015bli wiesz, \u017ce tw\u00f3j aparat szybko wykorzystuje bateri\u0119, to przydatny b\u0119dzie tak\u017ce przeno\u015bny akumulator w postaci powerbanka.<\/p>\n<p>Dzi\u0119ki telefonowi, nie do\u015b\u0107, \u017ce jeste\u015b w stanie wezwa\u0107 pomoc, to dodatkowo mo\u017cesz udost\u0119pni\u0107 swoj\u0105 aktualn\u0105 lokalizacj\u0119 (np. poprzez Google Maps). Najlepszym sposobem jest w\u0142\u0105czenie ci\u0105g\u0142ego udost\u0119pniania lokalizacji (np. poprzez WhatsApp), co pozwala wybranej osobie \u015bledzi\u0107 nasze po\u0142o\u017cenie.<\/p>\n<p>Oczywi\u015bcie musimy pami\u0119ta\u0107, \u017ce nawet taka zdobycz techniki jak telefon kom\u00f3rkowy nie jest bez wad, poniewa\u017c nie mamy pewno\u015bci, \u017ce w pewnym momencie w tej le\u015bnej g\u0142uszy nie zabraknie nam zasi\u0119gu\u2026<\/p>\n<h2><strong>Awaria sprz\u0119tu? \u017baden problem<\/strong><\/h2>\n<p>Na szcz\u0119\u015bcie w wi\u0119kszo\u015bci przypadk\u00f3w jeste\u015bmy w stanie sami zaradzi\u0107 problemom. Najcz\u0119stszymi s\u0105 proste awarie roweru. Tzn. s\u0105 proste, je\u015bli posiadamy odpowiedni sprz\u0119t, by je za\u017cegna\u0107.<\/p>\n<p>Co wi\u0119c warto ze sob\u0105 wzi\u0105\u0107? Na pewno d\u0119tk\u0119. Co prawda mo\u017cna te\u017c zdecydowa\u0107 si\u0119 na \u0142atki, ale znalezienie i za\u0142atanie dziury trwa znacznie d\u0142u\u017cej ni\u017c wymiana d\u0119tki. Skoro jest d\u0119tka, to musi by\u0107 te\u017c pompka, a przydatne mog\u0105 okaza\u0107 si\u0119 r\u00f3wnie\u017c \u0142y\u017cki do opon.<\/p>\n<p>Niemal w ka\u017cdym sklepie rowerowym mo\u017cecie te\u017c zakupi\u0107 tzw. multitool, czyli por\u0119czny zestaw kluczy, kt\u00f3re powinny by\u0107 wystarczaj\u0105ce podczas przeja\u017cd\u017cki. Umo\u017cliwi\u0105 one wykonanie wielu czynno\u015bci: od zmiany wysoko\u015bci siode\u0142ka, przez regulacj\u0119 hamulc\u00f3w, po \u015bci\u0105gni\u0119cie ko\u0142a. Zanim jednak zakupisz mutitoola, to upewnij si\u0119, \u017ce na pewno zawiera on wszystkie klucze wymagane przy Twoim rowerze.<\/p>\n<p>Niekt\u00f3rzy rowerzy\u015bci podczas kr\u00f3tkich wycieczek rezygnuj\u0105 z multitoola na rzecz ta\u0144szego rozwi\u0105zania, czyli\u2026 dw\u00f3ch podstawowych kluczy, kt\u00f3re cz\u0119sto s\u0105 wystarczaj\u0105ce do podstawowych napraw. To ciekawe rozwi\u0105zanie, ale ma du\u017cy minus \u2013 takie klucze cz\u0119sto lubi\u0105 si\u0119 gdzie\u015b zapodzia\u0107.<\/p>\n<p>Dzi\u0119ki takiemu prostemu wyposa\u017ceniu mamy wszystkie narz\u0119dzia, kt\u00f3re s\u0105 potrzebne podczas kr\u00f3tkiej przeja\u017cd\u017cki. Oczywi\u015bcie, niekt\u00f3rzy na co dzie\u0144 wo\u017c\u0105 ze sob\u0105 te\u017c smary, zapasowe szprychy, linki, czy klucz do zdejmowania wolnobiegu, ale pytanie, czy na kr\u00f3tk\u0105 wycieczk\u0119 warto obci\u0105\u017ca\u0107 si\u0119 ca\u0142ym warsztatem?<\/p>\n<h2><strong>Mini apteczka, woda, co\u015b na z\u0105b<\/strong><\/h2>\n<p>Lepiej w sakwie lub plecaku zostawi\u0107 miejsce na\u2026 apteczk\u0119. Na kr\u00f3tkich wyjazdach cz\u0119sto o niej zapominamy, tymczasem mo\u017ce si\u0119 okaza\u0107 na wag\u0119 z\u0142ota. I nie trzeba nawet zabiera\u0107 ze sob\u0105 apteczki dedykowanej na d\u0142ugie wyprawy, ale wystarczy jej podstawowe wyposa\u017cenie, czyli plastry z opatrunkiem, woda utleniona, banda\u017c i ew. jaki\u015b \u015brodek przeciwb\u00f3lowy. Wszystko to zmie\u015bci si\u0119 w niewielkim worku strunowym. Dzi\u0119ki temu wszystko b\u0119dzie zabezpieczone przed ewentualnym zamokni\u0119ciem.<\/p>\n<p>Rowerzystom polecamy jednak apteczki \u201ena sta\u0142e\u201d montowane do roweru, o kt\u00f3rych napiszemy ju\u017c wkr\u00f3tce.<\/p>\n<p>I jeszcze jedna rzecz &#8211; podczas kr\u00f3tkich przeja\u017cd\u017cek czujno\u015b\u0107 niekt\u00f3rych rowerzyst\u00f3w zostaje na tyle u\u015bpiona, \u017ce zapominaj\u0105 nawet o czym\u015b do picia. Tymczasem bidon zawsze powinien by\u0107 pe\u0142ny! Przy sobie powinni\u015bmy mie\u0107 r\u00f3wnie\u017c jaki\u015b wysokokaloryczny batonik, kt\u00f3ry jest lekki, nie zabiera wiele miejsca, a gwarantuje zastrzyk energii, kt\u00f3ry mo\u017ce okaza\u0107 si\u0119 niezb\u0119dny.<\/p>\n<p>Spakowani? Macie wszystko? No to w drog\u0119!<\/p>\n<p><span data-sheets-value=\"{&quot;1&quot;:2,&quot;2&quot;:&quot;Artyku\u0142 powsta\u0142 we wsp\u00f3\u0142pracy ze skoda-auto.pl&quot;}\" data-sheets-userformat=\"{&quot;2&quot;:1,&quot;3&quot;:{&quot;1&quot;:0}}\" data-sheets-hyperlink=\"http:\/\/www.skoda-auto.pl\/\"><a class=\"in-cell-link\" href=\"http:\/\/www.skoda-auto.pl\/\" target=\"_blank\" rel=\"noopener noreferrer\">Artyku\u0142 powsta\u0142 we wsp\u00f3\u0142pracy ze skoda-auto.pl<\/a><\/span><\/p>\n<p><a href=\"https:\/\/www.skoda-auto.pl\/modele\/karoq\"><img loading=\"lazy\" decoding=\"async\" class=\"aligncenter wp-image-9609 size-full loading\" src=\"https:\/\/d2p6e6u75xmxt8.cloudfront.net\/5\/2019\/08\/baner_WLC_640x350_4.png\" sizes=\"auto, (max-width: 640px) 100vw, 640px\" srcset=\"https:\/\/d2p6e6u75xmxt8.cloudfront.net\/5\/2019\/08\/baner_WLC_640x350_4.png 640w, https:\/\/d2p6e6u75xmxt8.cloudfront.net\/5\/2019\/08\/baner_WLC_640x350_4-300x164.png 300w\" alt=\"\" width=\"640\" height=\"350\" data-was-processed=\"true\" \/><\/a><\/p>\n<p>&nbsp;<\/p>\n<p>&nbsp;<\/p>\n","protected":false},"excerpt":{"rendered":"<p>Nie musimy by\u0107 obwieszeni jak wielb\u0142\u0105d przemierzaj\u0105cy pustyni\u0119, ale ju\u017c niewielki pakunek z niezb\u0119dnymi akcesoriami sprawi, \u017ce podczas przeja\u017cd\u017cki nie [&hellip;]<\/p>\n","protected":false},"author":125,"featured_media":10767,"comment_status":"open","ping_status":"open","sticky":false,"template":"","format":"standard","meta":{"footnotes":""},"categories":[301],"tags":[],"global-categories":[303],"class_list":["post-10766","post","type-post","status-publish","format-standard","has-post-thumbnail","hentry","category-safety","global-categories-cycling"],"yoast_head":"<!-- This site is optimized with the Yoast SEO Premium plugin v25.3 (Yoast SEO v25.9) - https:\/\/yoast.com\/wordpress\/plugins\/seo\/ -->\n<title>\u201eGdzie ja to wszystko zmieszcz\u0119?!\u201d. Radzimy, co zabra\u0107 na rowerow\u0105 przeja\u017cd\u017ck\u0119 - \u0160koda We Love Cycling - Poland<\/title>\n<meta name=\"robots\" content=\"index, follow, max-snippet:-1, max-image-preview:large, max-video-preview:-1\" \/>\n<link rel=\"canonical\" href=\"https:\/\/www.welovecycling.com\/pl\/2020\/06\/10\/gdzie-ja-to-wszystko-zmieszcze-radzimy-co-zabrac-na-rowerowa-przejazdzke\/\" \/>\n<meta property=\"og:locale\" content=\"pl_PL\" \/>\n<meta property=\"og:type\" content=\"article\" \/>\n<meta property=\"og:title\" content=\"\u201eGdzie ja to wszystko zmieszcz\u0119?!\u201d. Radzimy, co zabra\u0107 na rowerow\u0105 przeja\u017cd\u017ck\u0119\" \/>\n<meta property=\"og:description\" content=\"Nie musimy by\u0107 obwieszeni jak wielb\u0142\u0105d przemierzaj\u0105cy pustyni\u0119, ale ju\u017c niewielki pakunek z niezb\u0119dnymi akcesoriami sprawi, \u017ce podczas przeja\u017cd\u017cki nie [&hellip;]\" \/>\n<meta property=\"og:url\" content=\"https:\/\/www.welovecycling.com\/pl\/2020\/06\/10\/gdzie-ja-to-wszystko-zmieszcze-radzimy-co-zabrac-na-rowerowa-przejazdzke\/\" \/>\n<meta property=\"og:site_name\" content=\"\u0160koda We Love Cycling - Poland\" \/>\n<meta property=\"article:published_time\" content=\"2020-06-10T15:10:11+00:00\" \/>\n<meta property=\"article:modified_time\" content=\"2020-06-15T13:19:51+00:00\" \/>\n<meta property=\"og:image\" content=\"https:\/\/d2p6e6u75xmxt8.cloudfront.net\/5\/2020\/06\/Brooklyn-Cycling-CVR-profimedia-0380031356-1024x450-1.jpg\" \/>\n\t<meta property=\"og:image:width\" content=\"1024\" \/>\n\t<meta property=\"og:image:height\" content=\"450\" \/>\n\t<meta property=\"og:image:type\" content=\"image\/jpeg\" \/>\n<meta name=\"author\" content=\"oktawiamikulska\" \/>\n<meta name=\"twitter:card\" content=\"summary_large_image\" \/>\n<meta name=\"twitter:label1\" content=\"Written by\" \/>\n\t<meta name=\"twitter:data1\" content=\"Piotr Nowik\" \/>\n\t<meta name=\"twitter:label2\" content=\"Est. reading time\" \/>\n\t<meta name=\"twitter:data2\" content=\"4 minutes\" \/>\n<script type=\"application\/ld+json\" class=\"yoast-schema-graph\">{\"@context\":\"https:\/\/schema.org\",\"@graph\":[{\"@type\":\"WebPage\",\"@id\":\"https:\/\/www.welovecycling.com\/pl\/2020\/06\/10\/gdzie-ja-to-wszystko-zmieszcze-radzimy-co-zabrac-na-rowerowa-przejazdzke\/\",\"url\":\"https:\/\/www.welovecycling.com\/pl\/2020\/06\/10\/gdzie-ja-to-wszystko-zmieszcze-radzimy-co-zabrac-na-rowerowa-przejazdzke\/\",\"name\":\"\u201eGdzie ja to wszystko zmieszcz\u0119?!\u201d. Radzimy, co zabra\u0107 na rowerow\u0105 przeja\u017cd\u017ck\u0119 - \u0160koda We Love Cycling - Poland\",\"isPartOf\":{\"@id\":\"https:\/\/www.welovecycling.com\/pl\/#website\"},\"primaryImageOfPage\":{\"@id\":\"https:\/\/www.welovecycling.com\/pl\/2020\/06\/10\/gdzie-ja-to-wszystko-zmieszcze-radzimy-co-zabrac-na-rowerowa-przejazdzke\/#primaryimage\"},\"image\":{\"@id\":\"https:\/\/www.welovecycling.com\/pl\/2020\/06\/10\/gdzie-ja-to-wszystko-zmieszcze-radzimy-co-zabrac-na-rowerowa-przejazdzke\/#primaryimage\"},\"thumbnailUrl\":\"https:\/\/d2p6e6u75xmxt8.cloudfront.net\/5\/2020\/06\/Brooklyn-Cycling-CVR-profimedia-0380031356-1024x450-1.jpg\",\"datePublished\":\"2020-06-10T15:10:11+00:00\",\"dateModified\":\"2020-06-15T13:19:51+00:00\",\"author\":{\"@id\":\"https:\/\/www.welovecycling.com\/pl\/#\/schema\/person\/4a79bac7bd265aa6a35a1079d36648be\"},\"breadcrumb\":{\"@id\":\"https:\/\/www.welovecycling.com\/pl\/2020\/06\/10\/gdzie-ja-to-wszystko-zmieszcze-radzimy-co-zabrac-na-rowerowa-przejazdzke\/#breadcrumb\"},\"inLanguage\":\"pl-PL\",\"potentialAction\":[{\"@type\":\"ReadAction\",\"target\":[\"https:\/\/www.welovecycling.com\/pl\/2020\/06\/10\/gdzie-ja-to-wszystko-zmieszcze-radzimy-co-zabrac-na-rowerowa-przejazdzke\/\"]}]},{\"@type\":\"ImageObject\",\"inLanguage\":\"pl-PL\",\"@id\":\"https:\/\/www.welovecycling.com\/pl\/2020\/06\/10\/gdzie-ja-to-wszystko-zmieszcze-radzimy-co-zabrac-na-rowerowa-przejazdzke\/#primaryimage\",\"url\":\"https:\/\/d2p6e6u75xmxt8.cloudfront.net\/5\/2020\/06\/Brooklyn-Cycling-CVR-profimedia-0380031356-1024x450-1.jpg\",\"contentUrl\":\"https:\/\/d2p6e6u75xmxt8.cloudfront.net\/5\/2020\/06\/Brooklyn-Cycling-CVR-profimedia-0380031356-1024x450-1.jpg\",\"width\":1024,\"height\":450},{\"@type\":\"BreadcrumbList\",\"@id\":\"https:\/\/www.welovecycling.com\/pl\/2020\/06\/10\/gdzie-ja-to-wszystko-zmieszcze-radzimy-co-zabrac-na-rowerowa-przejazdzke\/#breadcrumb\",\"itemListElement\":[{\"@type\":\"ListItem\",\"position\":1,\"name\":\"Home\",\"item\":\"https:\/\/www.welovecycling.com\/pl\/\"},{\"@type\":\"ListItem\",\"position\":2,\"name\":\"\u201eGdzie ja to wszystko zmieszcz\u0119?!\u201d. Radzimy, co zabra\u0107 na rowerow\u0105 przeja\u017cd\u017ck\u0119\"}]},{\"@type\":\"WebSite\",\"@id\":\"https:\/\/www.welovecycling.com\/pl\/#website\",\"url\":\"https:\/\/www.welovecycling.com\/pl\/\",\"name\":\"\u0160koda We Love Cycling - Poland\",\"description\":\"\",\"potentialAction\":[{\"@type\":\"SearchAction\",\"target\":{\"@type\":\"EntryPoint\",\"urlTemplate\":\"https:\/\/www.welovecycling.com\/pl\/?s={search_term_string}\"},\"query-input\":{\"@type\":\"PropertyValueSpecification\",\"valueRequired\":true,\"valueName\":\"search_term_string\"}}],\"inLanguage\":\"pl-PL\"},{\"@type\":\"Person\",\"@id\":\"https:\/\/www.welovecycling.com\/pl\/#\/schema\/person\/4a79bac7bd265aa6a35a1079d36648be\",\"name\":\"oktawiamikulska\",\"image\":{\"@type\":\"ImageObject\",\"inLanguage\":\"pl-PL\",\"@id\":\"https:\/\/www.welovecycling.com\/pl\/#\/schema\/person\/image\/\",\"url\":\"https:\/\/secure.gravatar.com\/avatar\/b97a3f44e2de6d2f8dd358975937e49823662e12cbd810b9d1a2bff1c149e8a7?s=96&d=mm&r=g\",\"contentUrl\":\"https:\/\/secure.gravatar.com\/avatar\/b97a3f44e2de6d2f8dd358975937e49823662e12cbd810b9d1a2bff1c149e8a7?s=96&d=mm&r=g\",\"caption\":\"oktawiamikulska\"},\"url\":\"https:\/\/www.welovecycling.com\/pl\/author\/oktawiamikulska\/\"}]}<\/script>\n<!-- \/ Yoast SEO Premium plugin. -->","yoast_head_json":{"title":"\u201eGdzie ja to wszystko zmieszcz\u0119?!\u201d. Radzimy, co zabra\u0107 na rowerow\u0105 przeja\u017cd\u017ck\u0119 - \u0160koda We Love Cycling - Poland","robots":{"index":"index","follow":"follow","max-snippet":"max-snippet:-1","max-image-preview":"max-image-preview:large","max-video-preview":"max-video-preview:-1"},"canonical":"https:\/\/www.welovecycling.com\/pl\/2020\/06\/10\/gdzie-ja-to-wszystko-zmieszcze-radzimy-co-zabrac-na-rowerowa-przejazdzke\/","og_locale":"pl_PL","og_type":"article","og_title":"\u201eGdzie ja to wszystko zmieszcz\u0119?!\u201d. Radzimy, co zabra\u0107 na rowerow\u0105 przeja\u017cd\u017ck\u0119","og_description":"Nie musimy by\u0107 obwieszeni jak wielb\u0142\u0105d przemierzaj\u0105cy pustyni\u0119, ale ju\u017c niewielki pakunek z niezb\u0119dnymi akcesoriami sprawi, \u017ce podczas przeja\u017cd\u017cki nie [&hellip;]","og_url":"https:\/\/www.welovecycling.com\/pl\/2020\/06\/10\/gdzie-ja-to-wszystko-zmieszcze-radzimy-co-zabrac-na-rowerowa-przejazdzke\/","og_site_name":"\u0160koda We Love Cycling - Poland","article_published_time":"2020-06-10T15:10:11+00:00","article_modified_time":"2020-06-15T13:19:51+00:00","og_image":[{"width":1024,"height":450,"url":"https:\/\/d2p6e6u75xmxt8.cloudfront.net\/5\/2020\/06\/Brooklyn-Cycling-CVR-profimedia-0380031356-1024x450-1.jpg","type":"image\/jpeg"}],"author":"oktawiamikulska","twitter_card":"summary_large_image","twitter_misc":{"Written by":"Piotr Nowik","Est. reading time":"4 minutes"},"schema":{"@context":"https:\/\/schema.org","@graph":[{"@type":"WebPage","@id":"https:\/\/www.welovecycling.com\/pl\/2020\/06\/10\/gdzie-ja-to-wszystko-zmieszcze-radzimy-co-zabrac-na-rowerowa-przejazdzke\/","url":"https:\/\/www.welovecycling.com\/pl\/2020\/06\/10\/gdzie-ja-to-wszystko-zmieszcze-radzimy-co-zabrac-na-rowerowa-przejazdzke\/","name":"\u201eGdzie ja to wszystko zmieszcz\u0119?!\u201d. Radzimy, co zabra\u0107 na rowerow\u0105 przeja\u017cd\u017ck\u0119 - \u0160koda We Love Cycling - Poland","isPartOf":{"@id":"https:\/\/www.welovecycling.com\/pl\/#website"},"primaryImageOfPage":{"@id":"https:\/\/www.welovecycling.com\/pl\/2020\/06\/10\/gdzie-ja-to-wszystko-zmieszcze-radzimy-co-zabrac-na-rowerowa-przejazdzke\/#primaryimage"},"image":{"@id":"https:\/\/www.welovecycling.com\/pl\/2020\/06\/10\/gdzie-ja-to-wszystko-zmieszcze-radzimy-co-zabrac-na-rowerowa-przejazdzke\/#primaryimage"},"thumbnailUrl":"https:\/\/d2p6e6u75xmxt8.cloudfront.net\/5\/2020\/06\/Brooklyn-Cycling-CVR-profimedia-0380031356-1024x450-1.jpg","datePublished":"2020-06-10T15:10:11+00:00","dateModified":"2020-06-15T13:19:51+00:00","author":{"@id":"https:\/\/www.welovecycling.com\/pl\/#\/schema\/person\/4a79bac7bd265aa6a35a1079d36648be"},"breadcrumb":{"@id":"https:\/\/www.welovecycling.com\/pl\/2020\/06\/10\/gdzie-ja-to-wszystko-zmieszcze-radzimy-co-zabrac-na-rowerowa-przejazdzke\/#breadcrumb"},"inLanguage":"pl-PL","potentialAction":[{"@type":"ReadAction","target":["https:\/\/www.welovecycling.com\/pl\/2020\/06\/10\/gdzie-ja-to-wszystko-zmieszcze-radzimy-co-zabrac-na-rowerowa-przejazdzke\/"]}]},{"@type":"ImageObject","inLanguage":"pl-PL","@id":"https:\/\/www.welovecycling.com\/pl\/2020\/06\/10\/gdzie-ja-to-wszystko-zmieszcze-radzimy-co-zabrac-na-rowerowa-przejazdzke\/#primaryimage","url":"https:\/\/d2p6e6u75xmxt8.cloudfront.net\/5\/2020\/06\/Brooklyn-Cycling-CVR-profimedia-0380031356-1024x450-1.jpg","contentUrl":"https:\/\/d2p6e6u75xmxt8.cloudfront.net\/5\/2020\/06\/Brooklyn-Cycling-CVR-profimedia-0380031356-1024x450-1.jpg","width":1024,"height":450},{"@type":"BreadcrumbList","@id":"https:\/\/www.welovecycling.com\/pl\/2020\/06\/10\/gdzie-ja-to-wszystko-zmieszcze-radzimy-co-zabrac-na-rowerowa-przejazdzke\/#breadcrumb","itemListElement":[{"@type":"ListItem","position":1,"name":"Home","item":"https:\/\/www.welovecycling.com\/pl\/"},{"@type":"ListItem","position":2,"name":"\u201eGdzie ja to wszystko zmieszcz\u0119?!\u201d. Radzimy, co zabra\u0107 na rowerow\u0105 przeja\u017cd\u017ck\u0119"}]},{"@type":"WebSite","@id":"https:\/\/www.welovecycling.com\/pl\/#website","url":"https:\/\/www.welovecycling.com\/pl\/","name":"\u0160koda We Love Cycling - Poland","description":"","potentialAction":[{"@type":"SearchAction","target":{"@type":"EntryPoint","urlTemplate":"https:\/\/www.welovecycling.com\/pl\/?s={search_term_string}"},"query-input":{"@type":"PropertyValueSpecification","valueRequired":true,"valueName":"search_term_string"}}],"inLanguage":"pl-PL"},{"@type":"Person","@id":"https:\/\/www.welovecycling.com\/pl\/#\/schema\/person\/4a79bac7bd265aa6a35a1079d36648be","name":"oktawiamikulska","image":{"@type":"ImageObject","inLanguage":"pl-PL","@id":"https:\/\/www.welovecycling.com\/pl\/#\/schema\/person\/image\/","url":"https:\/\/secure.gravatar.com\/avatar\/b97a3f44e2de6d2f8dd358975937e49823662e12cbd810b9d1a2bff1c149e8a7?s=96&d=mm&r=g","contentUrl":"https:\/\/secure.gravatar.com\/avatar\/b97a3f44e2de6d2f8dd358975937e49823662e12cbd810b9d1a2bff1c149e8a7?s=96&d=mm&r=g","caption":"oktawiamikulska"},"url":"https:\/\/www.welovecycling.com\/pl\/author\/oktawiamikulska\/"}]}},"_links":{"self":[{"href":"https:\/\/www.welovecycling.com\/pl\/wp-json\/wp\/v2\/posts\/10766","targetHints":{"allow":["GET"]}}],"collection":[{"href":"https:\/\/www.welovecycling.com\/pl\/wp-json\/wp\/v2\/posts"}],"about":[{"href":"https:\/\/www.welovecycling.com\/pl\/wp-json\/wp\/v2\/types\/post"}],"author":[{"embeddable":true,"href":"https:\/\/www.welovecycling.com\/pl\/wp-json\/wp\/v2\/users\/125"}],"replies":[{"embeddable":true,"href":"https:\/\/www.welovecycling.com\/pl\/wp-json\/wp\/v2\/comments?post=10766"}],"version-history":[{"count":1,"href":"https:\/\/www.welovecycling.com\/pl\/wp-json\/wp\/v2\/posts\/10766\/revisions"}],"predecessor-version":[{"id":10768,"href":"https:\/\/www.welovecycling.com\/pl\/wp-json\/wp\/v2\/posts\/10766\/revisions\/10768"}],"wp:featuredmedia":[{"embeddable":true,"href":"https:\/\/www.welovecycling.com\/pl\/wp-json\/wp\/v2\/media\/10767"}],"wp:attachment":[{"href":"https:\/\/www.welovecycling.com\/pl\/wp-json\/wp\/v2\/media?parent=10766"}],"wp:term":[{"taxonomy":"category","embeddable":true,"href":"https:\/\/www.welovecycling.com\/pl\/wp-json\/wp\/v2\/categories?post=10766"},{"taxonomy":"post_tag","embeddable":true,"href":"https:\/\/www.welovecycling.com\/pl\/wp-json\/wp\/v2\/tags?post=10766"},{"taxonomy":"global-categories","embeddable":true,"href":"https:\/\/www.welovecycling.com\/pl\/wp-json\/wp\/v2\/global-categories?post=10766"}],"curies":[{"name":"wp","href":"https:\/\/api.w.org\/{rel}","templated":true}]}}