{"id":10762,"date":"2020-06-10T12:37:40","date_gmt":"2020-06-10T12:37:40","guid":{"rendered":"https:\/\/www.welovecycling.com\/pl\/?p=10762"},"modified":"2020-06-10T12:37:40","modified_gmt":"2020-06-10T12:37:40","slug":"akcja-ride2unite-spotkanie-z-michaelem-blingiem-matthewsem-z-teamu-sunweb","status":"publish","type":"post","link":"https:\/\/www.welovecycling.com\/pl\/2020\/06\/10\/akcja-ride2unite-spotkanie-z-michaelem-blingiem-matthewsem-z-teamu-sunweb\/","title":{"rendered":"Akcja #Ride2Unite: spotkanie z Michaelem \u201eBlingiem\u201d Matthewsem z Teamu Sunweb"},"content":{"rendered":"<p><strong>Nasza seria transmisji na \u017cywo w ramach #Ride2Unite koncentruje si\u0119 wy\u0142\u0105cznie na tym, co pozytywne. Podnosi na duchu, integruje i dostarcza rozrywk\u0119 spo\u0142eczno\u015bci rowerowej w tych trudnych okoliczno\u015bciach. Od czasu premiery pierwszego streamu wspieramy wszystkich fan\u00f3w kolarstwa na r\u00f3\u017cne sposoby i b\u0119dziemy to robi\u0107 nadal \u2013 najlepiej, jak umiemy. Dlatego zapraszamy Was na czwarte spotkanie #Ride2Unite na \u017cywo prowadzone przez niezast\u0105pion\u0105 Laur\u0119 Meseguer. Tym razem jej go\u015bciem b\u0119dzie Michael Matthews.<\/strong><\/p>\n<p>Michael zyska\u0142 sobie przydomek \u201eBling\u201d z powodu wyj\u0105tkowego zami\u0142owania do b\u0142yszcz\u0105cych kolczyk\u00f3w, jednak nie to stanowi o jego wyj\u0105tkowo\u015bci, lecz talent. Matthews jest obecnie jednym z najbardziej utytu\u0142owanych australijskich zawodowych kolarzy. Znany sprinter i puncher wygrywa\u0142 etapy Grand Tour od 2013 roku i w ca\u0142ej swojej karierze nosi\u0142 parokrotnie koszulk\u0119 lidera, w tym rok po roku zielon\u0105 koszulk\u0119 wy\u015bcigu Pary\u017c\u2013Nicea. Je\u015bli poszperasz troch\u0119 w internecie, dowiesz si\u0119, \u017ce mimo niezwyk\u0142ego pseudonimu Michael jest zwyczajnym facetem, kt\u00f3ry jest dumny ze swojej c\u00f3rki, uwielbia sushi, a jego hobby to gokarty i motocross. Laura Meseguer z pewno\u015bci\u0105 zapyta go o to wszystko. I na tym nie poprzestanie, wi\u0119c dzisiejszy livestream zapowiada si\u0119 niezwykle ciekawie.<\/p>\n<p>https:\/\/www.instagram.com\/p\/CAcSbDtIXwd\/?utm_source=ig_web_copy_link<\/p>\n<p>Wejd\u017a na nasz kana\u0142 IGTV w \u015brod\u0119 10 czerwca o 18.00 i zobacz na \u017cywo, jak Michael i Laura b\u0119d\u0105 rozmawia\u0107 o godzeniu \u017cycia rodzinnego z zawodowym i o tym, jak cz\u0119sty udzia\u0142 w wy\u015bcigach wp\u0142ywa na relacje z najbli\u017cszymi. Matthews opowie o swojej karierze w teamie Sunweb, o okoliczno\u015bciach odwo\u0142anego tak nagle sezonu rowerowego 2020, treningu w domu i o wielu innych kwestiach.<\/p>\n<p>Do zobaczenia na naszym kanale!<\/p>\n","protected":false},"excerpt":{"rendered":"<p>Nasza seria transmisji na \u017cywo w ramach #Ride2Unite koncentruje si\u0119 wy\u0142\u0105cznie na tym, co pozytywne. Podnosi na duchu, integruje i [&hellip;]<\/p>\n","protected":false},"author":125,"featured_media":10763,"comment_status":"open","ping_status":"open","sticky":false,"template":"","format":"standard","meta":{"footnotes":""},"categories":[330],"tags":[],"global-categories":[303],"class_list":["post-10762","post","type-post","status-publish","format-standard","has-post-thumbnail","hentry","category-ride2unite","global-categories-cycling"],"yoast_head":"<!-- This site is optimized with the Yoast SEO Premium plugin v25.3 (Yoast SEO v25.9) - https:\/\/yoast.com\/wordpress\/plugins\/seo\/ -->\n<title>Akcja #Ride2Unite: spotkanie z Michaelem \u201eBlingiem\u201d Matthewsem z Teamu Sunweb - \u0160koda We Love Cycling - Poland<\/title>\n<meta name=\"description\" content=\"Nasza seria transmisji na \u017cywo w ramach #Ride2Unite koncentruje si\u0119 wy\u0142\u0105cznie na tym, co pozytywne. Podnosi na duchu, integruje i dostarcza rozrywk\u0119 spo\u0142eczno\u015bci rowerowej w tych trudnych okoliczno\u015bciach. Od czasu premiery pierwszego streamu wspieramy wszystkich fan\u00f3w kolarstwa na r\u00f3\u017cne sposoby i b\u0119dziemy to robi\u0107 nadal \u2013 najlepiej, jak umiemy. Dlatego zapraszamy Was na czwarte spotkanie #Ride2Unite na \u017cywo prowadzone przez niezast\u0105pion\u0105 Laur\u0119 Meseguer. Tym razem jej go\u015bciem b\u0119dzie Michael Matthews.\" \/>\n<meta name=\"robots\" content=\"index, follow, max-snippet:-1, max-image-preview:large, max-video-preview:-1\" \/>\n<link rel=\"canonical\" href=\"https:\/\/www.welovecycling.com\/pl\/2020\/06\/10\/akcja-ride2unite-spotkanie-z-michaelem-blingiem-matthewsem-z-teamu-sunweb\/\" \/>\n<meta property=\"og:locale\" content=\"pl_PL\" \/>\n<meta property=\"og:type\" content=\"article\" \/>\n<meta property=\"og:title\" content=\"Akcja #Ride2Unite: spotkanie z Michaelem \u201eBlingiem\u201d Matthewsem z Teamu Sunweb\" \/>\n<meta property=\"og:description\" content=\"Nasza seria transmisji na \u017cywo w ramach #Ride2Unite koncentruje si\u0119 wy\u0142\u0105cznie na tym, co pozytywne. Podnosi na duchu, integruje i dostarcza rozrywk\u0119 spo\u0142eczno\u015bci rowerowej w tych trudnych okoliczno\u015bciach. Od czasu premiery pierwszego streamu wspieramy wszystkich fan\u00f3w kolarstwa na r\u00f3\u017cne sposoby i b\u0119dziemy to robi\u0107 nadal \u2013 najlepiej, jak umiemy. Dlatego zapraszamy Was na czwarte spotkanie #Ride2Unite na \u017cywo prowadzone przez niezast\u0105pion\u0105 Laur\u0119 Meseguer. Tym razem jej go\u015bciem b\u0119dzie Michael Matthews.\" \/>\n<meta property=\"og:url\" content=\"https:\/\/www.welovecycling.com\/pl\/2020\/06\/10\/akcja-ride2unite-spotkanie-z-michaelem-blingiem-matthewsem-z-teamu-sunweb\/\" \/>\n<meta property=\"og:site_name\" content=\"\u0160koda We Love Cycling - Poland\" \/>\n<meta property=\"article:published_time\" content=\"2020-06-10T12:37:40+00:00\" \/>\n<meta property=\"og:image\" content=\"https:\/\/d2p6e6u75xmxt8.cloudfront.net\/5\/2020\/06\/r2u_linkshare_1200x628_Matthews.png\" \/>\n\t<meta property=\"og:image:width\" content=\"1200\" \/>\n\t<meta property=\"og:image:height\" content=\"628\" \/>\n\t<meta property=\"og:image:type\" content=\"image\/png\" \/>\n<meta name=\"author\" content=\"oktawiamikulska\" \/>\n<meta name=\"twitter:card\" content=\"summary_large_image\" \/>\n<meta name=\"twitter:label1\" content=\"Written by\" \/>\n\t<meta name=\"twitter:data1\" content=\"Frantiska Blazkova\" \/>\n\t<meta name=\"twitter:label2\" content=\"Est. reading time\" \/>\n\t<meta name=\"twitter:data2\" content=\"1 minute\" \/>\n<script type=\"application\/ld+json\" class=\"yoast-schema-graph\">{\"@context\":\"https:\/\/schema.org\",\"@graph\":[{\"@type\":\"WebPage\",\"@id\":\"https:\/\/www.welovecycling.com\/pl\/2020\/06\/10\/akcja-ride2unite-spotkanie-z-michaelem-blingiem-matthewsem-z-teamu-sunweb\/\",\"url\":\"https:\/\/www.welovecycling.com\/pl\/2020\/06\/10\/akcja-ride2unite-spotkanie-z-michaelem-blingiem-matthewsem-z-teamu-sunweb\/\",\"name\":\"Akcja #Ride2Unite: spotkanie z Michaelem \u201eBlingiem\u201d Matthewsem z Teamu Sunweb - \u0160koda We Love Cycling - Poland\",\"isPartOf\":{\"@id\":\"https:\/\/www.welovecycling.com\/pl\/#website\"},\"primaryImageOfPage\":{\"@id\":\"https:\/\/www.welovecycling.com\/pl\/2020\/06\/10\/akcja-ride2unite-spotkanie-z-michaelem-blingiem-matthewsem-z-teamu-sunweb\/#primaryimage\"},\"image\":{\"@id\":\"https:\/\/www.welovecycling.com\/pl\/2020\/06\/10\/akcja-ride2unite-spotkanie-z-michaelem-blingiem-matthewsem-z-teamu-sunweb\/#primaryimage\"},\"thumbnailUrl\":\"https:\/\/d2p6e6u75xmxt8.cloudfront.net\/5\/2020\/06\/r2u_linkshare_1200x628_Matthews.png\",\"datePublished\":\"2020-06-10T12:37:40+00:00\",\"author\":{\"@id\":\"https:\/\/www.welovecycling.com\/pl\/#\/schema\/person\/4a79bac7bd265aa6a35a1079d36648be\"},\"description\":\"Nasza seria transmisji na \u017cywo w ramach #Ride2Unite koncentruje si\u0119 wy\u0142\u0105cznie na tym, co pozytywne. Podnosi na duchu, integruje i dostarcza rozrywk\u0119 spo\u0142eczno\u015bci rowerowej w tych trudnych okoliczno\u015bciach. Od czasu premiery pierwszego streamu wspieramy wszystkich fan\u00f3w kolarstwa na r\u00f3\u017cne sposoby i b\u0119dziemy to robi\u0107 nadal \u2013 najlepiej, jak umiemy. Dlatego zapraszamy Was na czwarte spotkanie #Ride2Unite na \u017cywo prowadzone przez niezast\u0105pion\u0105 Laur\u0119 Meseguer. Tym razem jej go\u015bciem b\u0119dzie Michael Matthews.\",\"breadcrumb\":{\"@id\":\"https:\/\/www.welovecycling.com\/pl\/2020\/06\/10\/akcja-ride2unite-spotkanie-z-michaelem-blingiem-matthewsem-z-teamu-sunweb\/#breadcrumb\"},\"inLanguage\":\"pl-PL\",\"potentialAction\":[{\"@type\":\"ReadAction\",\"target\":[\"https:\/\/www.welovecycling.com\/pl\/2020\/06\/10\/akcja-ride2unite-spotkanie-z-michaelem-blingiem-matthewsem-z-teamu-sunweb\/\"]}]},{\"@type\":\"ImageObject\",\"inLanguage\":\"pl-PL\",\"@id\":\"https:\/\/www.welovecycling.com\/pl\/2020\/06\/10\/akcja-ride2unite-spotkanie-z-michaelem-blingiem-matthewsem-z-teamu-sunweb\/#primaryimage\",\"url\":\"https:\/\/d2p6e6u75xmxt8.cloudfront.net\/5\/2020\/06\/r2u_linkshare_1200x628_Matthews.png\",\"contentUrl\":\"https:\/\/d2p6e6u75xmxt8.cloudfront.net\/5\/2020\/06\/r2u_linkshare_1200x628_Matthews.png\",\"width\":1200,\"height\":628},{\"@type\":\"BreadcrumbList\",\"@id\":\"https:\/\/www.welovecycling.com\/pl\/2020\/06\/10\/akcja-ride2unite-spotkanie-z-michaelem-blingiem-matthewsem-z-teamu-sunweb\/#breadcrumb\",\"itemListElement\":[{\"@type\":\"ListItem\",\"position\":1,\"name\":\"Home\",\"item\":\"https:\/\/www.welovecycling.com\/pl\/\"},{\"@type\":\"ListItem\",\"position\":2,\"name\":\"Akcja #Ride2Unite: spotkanie z Michaelem \u201eBlingiem\u201d Matthewsem z Teamu Sunweb\"}]},{\"@type\":\"WebSite\",\"@id\":\"https:\/\/www.welovecycling.com\/pl\/#website\",\"url\":\"https:\/\/www.welovecycling.com\/pl\/\",\"name\":\"\u0160koda We Love Cycling - Poland\",\"description\":\"\",\"potentialAction\":[{\"@type\":\"SearchAction\",\"target\":{\"@type\":\"EntryPoint\",\"urlTemplate\":\"https:\/\/www.welovecycling.com\/pl\/?s={search_term_string}\"},\"query-input\":{\"@type\":\"PropertyValueSpecification\",\"valueRequired\":true,\"valueName\":\"search_term_string\"}}],\"inLanguage\":\"pl-PL\"},{\"@type\":\"Person\",\"@id\":\"https:\/\/www.welovecycling.com\/pl\/#\/schema\/person\/4a79bac7bd265aa6a35a1079d36648be\",\"name\":\"oktawiamikulska\",\"image\":{\"@type\":\"ImageObject\",\"inLanguage\":\"pl-PL\",\"@id\":\"https:\/\/www.welovecycling.com\/pl\/#\/schema\/person\/image\/\",\"url\":\"https:\/\/secure.gravatar.com\/avatar\/b97a3f44e2de6d2f8dd358975937e49823662e12cbd810b9d1a2bff1c149e8a7?s=96&d=mm&r=g\",\"contentUrl\":\"https:\/\/secure.gravatar.com\/avatar\/b97a3f44e2de6d2f8dd358975937e49823662e12cbd810b9d1a2bff1c149e8a7?s=96&d=mm&r=g\",\"caption\":\"oktawiamikulska\"},\"url\":\"https:\/\/www.welovecycling.com\/pl\/author\/oktawiamikulska\/\"}]}<\/script>\n<!-- \/ Yoast SEO Premium plugin. -->","yoast_head_json":{"title":"Akcja #Ride2Unite: spotkanie z Michaelem \u201eBlingiem\u201d Matthewsem z Teamu Sunweb - \u0160koda We Love Cycling - Poland","description":"Nasza seria transmisji na \u017cywo w ramach #Ride2Unite koncentruje si\u0119 wy\u0142\u0105cznie na tym, co pozytywne. Podnosi na duchu, integruje i dostarcza rozrywk\u0119 spo\u0142eczno\u015bci rowerowej w tych trudnych okoliczno\u015bciach. Od czasu premiery pierwszego streamu wspieramy wszystkich fan\u00f3w kolarstwa na r\u00f3\u017cne sposoby i b\u0119dziemy to robi\u0107 nadal \u2013 najlepiej, jak umiemy. Dlatego zapraszamy Was na czwarte spotkanie #Ride2Unite na \u017cywo prowadzone przez niezast\u0105pion\u0105 Laur\u0119 Meseguer. Tym razem jej go\u015bciem b\u0119dzie Michael Matthews.","robots":{"index":"index","follow":"follow","max-snippet":"max-snippet:-1","max-image-preview":"max-image-preview:large","max-video-preview":"max-video-preview:-1"},"canonical":"https:\/\/www.welovecycling.com\/pl\/2020\/06\/10\/akcja-ride2unite-spotkanie-z-michaelem-blingiem-matthewsem-z-teamu-sunweb\/","og_locale":"pl_PL","og_type":"article","og_title":"Akcja #Ride2Unite: spotkanie z Michaelem \u201eBlingiem\u201d Matthewsem z Teamu Sunweb","og_description":"Nasza seria transmisji na \u017cywo w ramach #Ride2Unite koncentruje si\u0119 wy\u0142\u0105cznie na tym, co pozytywne. Podnosi na duchu, integruje i dostarcza rozrywk\u0119 spo\u0142eczno\u015bci rowerowej w tych trudnych okoliczno\u015bciach. Od czasu premiery pierwszego streamu wspieramy wszystkich fan\u00f3w kolarstwa na r\u00f3\u017cne sposoby i b\u0119dziemy to robi\u0107 nadal \u2013 najlepiej, jak umiemy. Dlatego zapraszamy Was na czwarte spotkanie #Ride2Unite na \u017cywo prowadzone przez niezast\u0105pion\u0105 Laur\u0119 Meseguer. Tym razem jej go\u015bciem b\u0119dzie Michael Matthews.","og_url":"https:\/\/www.welovecycling.com\/pl\/2020\/06\/10\/akcja-ride2unite-spotkanie-z-michaelem-blingiem-matthewsem-z-teamu-sunweb\/","og_site_name":"\u0160koda We Love Cycling - Poland","article_published_time":"2020-06-10T12:37:40+00:00","og_image":[{"width":1200,"height":628,"url":"https:\/\/d2p6e6u75xmxt8.cloudfront.net\/5\/2020\/06\/r2u_linkshare_1200x628_Matthews.png","type":"image\/png"}],"author":"oktawiamikulska","twitter_card":"summary_large_image","twitter_misc":{"Written by":"Frantiska Blazkova","Est. reading time":"1 minute"},"schema":{"@context":"https:\/\/schema.org","@graph":[{"@type":"WebPage","@id":"https:\/\/www.welovecycling.com\/pl\/2020\/06\/10\/akcja-ride2unite-spotkanie-z-michaelem-blingiem-matthewsem-z-teamu-sunweb\/","url":"https:\/\/www.welovecycling.com\/pl\/2020\/06\/10\/akcja-ride2unite-spotkanie-z-michaelem-blingiem-matthewsem-z-teamu-sunweb\/","name":"Akcja #Ride2Unite: spotkanie z Michaelem \u201eBlingiem\u201d Matthewsem z Teamu Sunweb - \u0160koda We Love Cycling - Poland","isPartOf":{"@id":"https:\/\/www.welovecycling.com\/pl\/#website"},"primaryImageOfPage":{"@id":"https:\/\/www.welovecycling.com\/pl\/2020\/06\/10\/akcja-ride2unite-spotkanie-z-michaelem-blingiem-matthewsem-z-teamu-sunweb\/#primaryimage"},"image":{"@id":"https:\/\/www.welovecycling.com\/pl\/2020\/06\/10\/akcja-ride2unite-spotkanie-z-michaelem-blingiem-matthewsem-z-teamu-sunweb\/#primaryimage"},"thumbnailUrl":"https:\/\/d2p6e6u75xmxt8.cloudfront.net\/5\/2020\/06\/r2u_linkshare_1200x628_Matthews.png","datePublished":"2020-06-10T12:37:40+00:00","author":{"@id":"https:\/\/www.welovecycling.com\/pl\/#\/schema\/person\/4a79bac7bd265aa6a35a1079d36648be"},"description":"Nasza seria transmisji na \u017cywo w ramach #Ride2Unite koncentruje si\u0119 wy\u0142\u0105cznie na tym, co pozytywne. Podnosi na duchu, integruje i dostarcza rozrywk\u0119 spo\u0142eczno\u015bci rowerowej w tych trudnych okoliczno\u015bciach. Od czasu premiery pierwszego streamu wspieramy wszystkich fan\u00f3w kolarstwa na r\u00f3\u017cne sposoby i b\u0119dziemy to robi\u0107 nadal \u2013 najlepiej, jak umiemy. Dlatego zapraszamy Was na czwarte spotkanie #Ride2Unite na \u017cywo prowadzone przez niezast\u0105pion\u0105 Laur\u0119 Meseguer. Tym razem jej go\u015bciem b\u0119dzie Michael Matthews.","breadcrumb":{"@id":"https:\/\/www.welovecycling.com\/pl\/2020\/06\/10\/akcja-ride2unite-spotkanie-z-michaelem-blingiem-matthewsem-z-teamu-sunweb\/#breadcrumb"},"inLanguage":"pl-PL","potentialAction":[{"@type":"ReadAction","target":["https:\/\/www.welovecycling.com\/pl\/2020\/06\/10\/akcja-ride2unite-spotkanie-z-michaelem-blingiem-matthewsem-z-teamu-sunweb\/"]}]},{"@type":"ImageObject","inLanguage":"pl-PL","@id":"https:\/\/www.welovecycling.com\/pl\/2020\/06\/10\/akcja-ride2unite-spotkanie-z-michaelem-blingiem-matthewsem-z-teamu-sunweb\/#primaryimage","url":"https:\/\/d2p6e6u75xmxt8.cloudfront.net\/5\/2020\/06\/r2u_linkshare_1200x628_Matthews.png","contentUrl":"https:\/\/d2p6e6u75xmxt8.cloudfront.net\/5\/2020\/06\/r2u_linkshare_1200x628_Matthews.png","width":1200,"height":628},{"@type":"BreadcrumbList","@id":"https:\/\/www.welovecycling.com\/pl\/2020\/06\/10\/akcja-ride2unite-spotkanie-z-michaelem-blingiem-matthewsem-z-teamu-sunweb\/#breadcrumb","itemListElement":[{"@type":"ListItem","position":1,"name":"Home","item":"https:\/\/www.welovecycling.com\/pl\/"},{"@type":"ListItem","position":2,"name":"Akcja #Ride2Unite: spotkanie z Michaelem \u201eBlingiem\u201d Matthewsem z Teamu Sunweb"}]},{"@type":"WebSite","@id":"https:\/\/www.welovecycling.com\/pl\/#website","url":"https:\/\/www.welovecycling.com\/pl\/","name":"\u0160koda We Love Cycling - Poland","description":"","potentialAction":[{"@type":"SearchAction","target":{"@type":"EntryPoint","urlTemplate":"https:\/\/www.welovecycling.com\/pl\/?s={search_term_string}"},"query-input":{"@type":"PropertyValueSpecification","valueRequired":true,"valueName":"search_term_string"}}],"inLanguage":"pl-PL"},{"@type":"Person","@id":"https:\/\/www.welovecycling.com\/pl\/#\/schema\/person\/4a79bac7bd265aa6a35a1079d36648be","name":"oktawiamikulska","image":{"@type":"ImageObject","inLanguage":"pl-PL","@id":"https:\/\/www.welovecycling.com\/pl\/#\/schema\/person\/image\/","url":"https:\/\/secure.gravatar.com\/avatar\/b97a3f44e2de6d2f8dd358975937e49823662e12cbd810b9d1a2bff1c149e8a7?s=96&d=mm&r=g","contentUrl":"https:\/\/secure.gravatar.com\/avatar\/b97a3f44e2de6d2f8dd358975937e49823662e12cbd810b9d1a2bff1c149e8a7?s=96&d=mm&r=g","caption":"oktawiamikulska"},"url":"https:\/\/www.welovecycling.com\/pl\/author\/oktawiamikulska\/"}]}},"_links":{"self":[{"href":"https:\/\/www.welovecycling.com\/pl\/wp-json\/wp\/v2\/posts\/10762","targetHints":{"allow":["GET"]}}],"collection":[{"href":"https:\/\/www.welovecycling.com\/pl\/wp-json\/wp\/v2\/posts"}],"about":[{"href":"https:\/\/www.welovecycling.com\/pl\/wp-json\/wp\/v2\/types\/post"}],"author":[{"embeddable":true,"href":"https:\/\/www.welovecycling.com\/pl\/wp-json\/wp\/v2\/users\/125"}],"replies":[{"embeddable":true,"href":"https:\/\/www.welovecycling.com\/pl\/wp-json\/wp\/v2\/comments?post=10762"}],"version-history":[{"count":1,"href":"https:\/\/www.welovecycling.com\/pl\/wp-json\/wp\/v2\/posts\/10762\/revisions"}],"predecessor-version":[{"id":10765,"href":"https:\/\/www.welovecycling.com\/pl\/wp-json\/wp\/v2\/posts\/10762\/revisions\/10765"}],"wp:featuredmedia":[{"embeddable":true,"href":"https:\/\/www.welovecycling.com\/pl\/wp-json\/wp\/v2\/media\/10763"}],"wp:attachment":[{"href":"https:\/\/www.welovecycling.com\/pl\/wp-json\/wp\/v2\/media?parent=10762"}],"wp:term":[{"taxonomy":"category","embeddable":true,"href":"https:\/\/www.welovecycling.com\/pl\/wp-json\/wp\/v2\/categories?post=10762"},{"taxonomy":"post_tag","embeddable":true,"href":"https:\/\/www.welovecycling.com\/pl\/wp-json\/wp\/v2\/tags?post=10762"},{"taxonomy":"global-categories","embeddable":true,"href":"https:\/\/www.welovecycling.com\/pl\/wp-json\/wp\/v2\/global-categories?post=10762"}],"curies":[{"name":"wp","href":"https:\/\/api.w.org\/{rel}","templated":true}]}}