{"id":10735,"date":"2020-06-03T12:53:46","date_gmt":"2020-06-03T12:53:46","guid":{"rendered":"https:\/\/www.welovecycling.com\/pl\/?p=10735"},"modified":"2020-06-03T12:53:46","modified_gmt":"2020-06-03T12:53:46","slug":"akcja-ride2unite-andy-schleck-luksemburski-mistrz-wyscigow-szosowych-w-trzecim-streamie","status":"publish","type":"post","link":"https:\/\/www.welovecycling.com\/pl\/2020\/06\/03\/akcja-ride2unite-andy-schleck-luksemburski-mistrz-wyscigow-szosowych-w-trzecim-streamie\/","title":{"rendered":"Akcja #Ride2Unite: Andy Schleck, luksemburski mistrz wy\u015bcig\u00f3w szosowych, w trzecim streamie"},"content":{"rendered":"<p><strong>Wracamy z kolejn\u0105 cotygodniow\u0105 dawk\u0105 wirtualnej zabawy dla fan\u00f3w dw\u00f3ch k\u00f3\u0142ek w ramach inicjatywy #Ride2Unite, kt\u00f3ra nieustaj\u0105co wspiera spo\u0142eczno\u015b\u0107 rowerow\u0105 w czasie pandemii. Tym razem podczas transmisji na \u017cywo prowadzonej przez hiszpa\u0144sk\u0105 dziennikark\u0119 sportow\u0105 i prezenterk\u0119 Eurosport Laur\u0119 Meseguer spotkamy si\u0119 z Andym Raymondem Schleckiem. Jest on by\u0142ym zawodowym kolarzem szosowym wywodz\u0105cym si\u0119 z rodziny o d\u0142ugoletniej tradycji kolarskiej.<\/strong><\/p>\n<p>Jak ju\u017c kiedy\u015b wspominali\u015bmy, u profesjonalnych kolarzy pasja cz\u0119sto rozwija si\u0119 w rodzinie i przechodzi z pokolenia na pokolenie. Wystarczy zapyta\u0107 o to pochodz\u0105cego z Luksemburga Andy&#8217;ego Schlecka. By\u0142y zawodowiec, zwyci\u0119zca Tour de France 2010 i dwukrotny zdobywca drugiego miejsca, kt\u00f3rego starszy brat, ojciec i dziadek maj\u0105 za sob\u0105 bogat\u0105 histori\u0119 udzia\u0142u w wy\u015bcigach kolarskich. Po przej\u015bciu na zawodowstwo w CSC w 2005 roku Schleck sta\u0142 si\u0119 znany praktycznie z dnia na dzie\u0144. Jako 21-latek zaj\u0105\u0142 drugie miejsce w Giro d&#8217;Italia w 2007 roku, tu\u017c za zwyci\u0119zc\u0105 Danilo Di Luc\u0105. Obecnie pe\u0142ni funkcj\u0119 przewodnicz\u0105cego \u0160koda Tour de Luxembourg, ambasadora <strong>\u0160koda Hospitality Programme podczas <\/strong>TdF oraz trenera i zawodowego doradcy ds. kolarstwa. Po rezygnacji z kariery z powodu kontuzji otworzy\u0142 niewielki sklep rowerowy w Luksemburgu, w kt\u00f3rym sp\u0119dza du\u017co czasu i realizuje swoj\u0105 pasj\u0119, pomagaj\u0105c ludziom znale\u017a\u0107 i skonstruowa\u0107 sw\u00f3j wymarzony pojazd.<\/p>\n<figure id=\"attachment_174471\" aria-describedby=\"caption-attachment-174471\" style=\"width: 1024px\" class=\"wp-caption alignnone\"><img loading=\"lazy\" decoding=\"async\" class=\"initial loaded wp-image-174471 size-large\" src=\"https:\/\/d2p6e6u75xmxt8.cloudfront.net\/2\/2019\/07\/profimedia-0220691891-1024x680.jpg\" sizes=\"auto, (max-width: 1024px) 100vw, 1024px\" srcset=\"https:\/\/d2p6e6u75xmxt8.cloudfront.net\/2\/2019\/07\/profimedia-0220691891-1024x680.jpg 1024w, https:\/\/d2p6e6u75xmxt8.cloudfront.net\/2\/2019\/07\/profimedia-0220691891-300x199.jpg 300w, https:\/\/d2p6e6u75xmxt8.cloudfront.net\/2\/2019\/07\/profimedia-0220691891-768x510.jpg 768w, https:\/\/d2p6e6u75xmxt8.cloudfront.net\/2\/2019\/07\/profimedia-0220691891-272x182.jpg 272w, https:\/\/d2p6e6u75xmxt8.cloudfront.net\/2\/2019\/07\/profimedia-0220691891.jpg 1800w\" alt=\"\" width=\"1024\" height=\"680\" data-was-processed=\"true\" \/><figcaption id=\"caption-attachment-174471\" class=\"wp-caption-text\">Andy Schleck, pochodz\u0105cy z Luksemburga by\u0142y zawodowiec, zwyci\u0119zca Tour de France 2010 i dwukrotny zdobywca drugiego miejsca \u00a9 Profimedia, TEMP Shutterstock Editorial<\/figcaption><\/figure>\n<p>W nadchodz\u0105cym live streamie Laura Meseguer zapyta Schlecka mi\u0119dzy innymi o jego najlepsze wspomnienia z wy\u015bcig\u00f3w, opini\u0119 na temat tego, z czym \u015bwiat kolarski b\u0119dzie si\u0119 boryka\u0142 po Covid-19, oraz jakie to uczucie z zawodowca z ca\u0142orocznym harmonogramem wy\u015bcig\u00f3w wype\u0142nionym po brzegi sta\u0107 si\u0119 w\u0142a\u015bcicielem sklepu rowerowego w mie\u015bcie Ipzig. Nie zabraknie te\u017c porad dla m\u0142odych talent\u00f3w, kt\u00f3re chc\u0105 osi\u0105gn\u0105\u0107 sukces na mi\u0119dzynarodowej arenie. Spotkanie ju\u017c w czwartek 4 czerwca 2020 r. o godzinie 18:00. B\u0119dziemy transmitowa\u0107 je na Instagramie i na specjalnym wydarzeniu na Facebooku.<\/p>\n<p>Materia\u0142 z drugiego streamu #Ride2Unite po\u015bwi\u0119cony holenderskiemu by\u0142emu kolarzowi wy\u015bcigowym Laurensowi ten Damowi nadal dost\u0119pny jest w ca\u0142o\u015bci <a href=\"https:\/\/www.instagram.com\/wlcmagazine\/\"><u>na Instagramie We Love Cycling<\/u>.<\/a><\/p>\n","protected":false},"excerpt":{"rendered":"<p>Wracamy z kolejn\u0105 cotygodniow\u0105 dawk\u0105 wirtualnej zabawy dla fan\u00f3w dw\u00f3ch k\u00f3\u0142ek w ramach inicjatywy #Ride2Unite, kt\u00f3ra nieustaj\u0105co wspiera spo\u0142eczno\u015b\u0107 rowerow\u0105 [&hellip;]<\/p>\n","protected":false},"author":125,"featured_media":10736,"comment_status":"open","ping_status":"open","sticky":false,"template":"","format":"standard","meta":{"footnotes":""},"categories":[330],"tags":[],"global-categories":[303],"class_list":["post-10735","post","type-post","status-publish","format-standard","has-post-thumbnail","hentry","category-ride2unite","global-categories-cycling"],"yoast_head":"<!-- This site is optimized with the Yoast SEO Premium plugin v25.3 (Yoast SEO v25.9) - https:\/\/yoast.com\/wordpress\/plugins\/seo\/ -->\n<title>Akcja #Ride2Unite: Andy Schleck, luksemburski mistrz wy\u015bcig\u00f3w szosowych, w trzecim streamie - \u0160koda We Love Cycling - Poland<\/title>\n<meta name=\"robots\" content=\"index, follow, max-snippet:-1, max-image-preview:large, max-video-preview:-1\" \/>\n<link rel=\"canonical\" href=\"https:\/\/www.welovecycling.com\/pl\/2020\/06\/03\/akcja-ride2unite-andy-schleck-luksemburski-mistrz-wyscigow-szosowych-w-trzecim-streamie\/\" \/>\n<meta property=\"og:locale\" content=\"pl_PL\" \/>\n<meta property=\"og:type\" content=\"article\" \/>\n<meta property=\"og:title\" content=\"Akcja #Ride2Unite: Andy Schleck, luksemburski mistrz wy\u015bcig\u00f3w szosowych, w trzecim streamie\" \/>\n<meta property=\"og:description\" content=\"Wracamy z kolejn\u0105 cotygodniow\u0105 dawk\u0105 wirtualnej zabawy dla fan\u00f3w dw\u00f3ch k\u00f3\u0142ek w ramach inicjatywy #Ride2Unite, kt\u00f3ra nieustaj\u0105co wspiera spo\u0142eczno\u015b\u0107 rowerow\u0105 [&hellip;]\" \/>\n<meta property=\"og:url\" content=\"https:\/\/www.welovecycling.com\/pl\/2020\/06\/03\/akcja-ride2unite-andy-schleck-luksemburski-mistrz-wyscigow-szosowych-w-trzecim-streamie\/\" \/>\n<meta property=\"og:site_name\" content=\"\u0160koda We Love Cycling - Poland\" \/>\n<meta property=\"article:published_time\" content=\"2020-06-03T12:53:46+00:00\" \/>\n<meta property=\"og:image\" content=\"https:\/\/d2p6e6u75xmxt8.cloudfront.net\/5\/2020\/06\/r2u_linkshare_1200x628_Andy.png\" \/>\n\t<meta property=\"og:image:width\" content=\"1200\" \/>\n\t<meta property=\"og:image:height\" content=\"628\" \/>\n\t<meta property=\"og:image:type\" content=\"image\/png\" \/>\n<meta name=\"author\" content=\"oktawiamikulska\" \/>\n<meta name=\"twitter:card\" content=\"summary_large_image\" \/>\n<meta name=\"twitter:label1\" content=\"Written by\" \/>\n\t<meta name=\"twitter:data1\" content=\"We Love Cycling\" \/>\n\t<meta name=\"twitter:label2\" content=\"Est. reading time\" \/>\n\t<meta name=\"twitter:data2\" content=\"2 minutes\" \/>\n<script type=\"application\/ld+json\" class=\"yoast-schema-graph\">{\"@context\":\"https:\/\/schema.org\",\"@graph\":[{\"@type\":\"WebPage\",\"@id\":\"https:\/\/www.welovecycling.com\/pl\/2020\/06\/03\/akcja-ride2unite-andy-schleck-luksemburski-mistrz-wyscigow-szosowych-w-trzecim-streamie\/\",\"url\":\"https:\/\/www.welovecycling.com\/pl\/2020\/06\/03\/akcja-ride2unite-andy-schleck-luksemburski-mistrz-wyscigow-szosowych-w-trzecim-streamie\/\",\"name\":\"Akcja #Ride2Unite: Andy Schleck, luksemburski mistrz wy\u015bcig\u00f3w szosowych, w trzecim streamie - \u0160koda We Love Cycling - Poland\",\"isPartOf\":{\"@id\":\"https:\/\/www.welovecycling.com\/pl\/#website\"},\"primaryImageOfPage\":{\"@id\":\"https:\/\/www.welovecycling.com\/pl\/2020\/06\/03\/akcja-ride2unite-andy-schleck-luksemburski-mistrz-wyscigow-szosowych-w-trzecim-streamie\/#primaryimage\"},\"image\":{\"@id\":\"https:\/\/www.welovecycling.com\/pl\/2020\/06\/03\/akcja-ride2unite-andy-schleck-luksemburski-mistrz-wyscigow-szosowych-w-trzecim-streamie\/#primaryimage\"},\"thumbnailUrl\":\"https:\/\/d2p6e6u75xmxt8.cloudfront.net\/5\/2020\/06\/r2u_linkshare_1200x628_Andy.png\",\"datePublished\":\"2020-06-03T12:53:46+00:00\",\"author\":{\"@id\":\"https:\/\/www.welovecycling.com\/pl\/#\/schema\/person\/4a79bac7bd265aa6a35a1079d36648be\"},\"breadcrumb\":{\"@id\":\"https:\/\/www.welovecycling.com\/pl\/2020\/06\/03\/akcja-ride2unite-andy-schleck-luksemburski-mistrz-wyscigow-szosowych-w-trzecim-streamie\/#breadcrumb\"},\"inLanguage\":\"pl-PL\",\"potentialAction\":[{\"@type\":\"ReadAction\",\"target\":[\"https:\/\/www.welovecycling.com\/pl\/2020\/06\/03\/akcja-ride2unite-andy-schleck-luksemburski-mistrz-wyscigow-szosowych-w-trzecim-streamie\/\"]}]},{\"@type\":\"ImageObject\",\"inLanguage\":\"pl-PL\",\"@id\":\"https:\/\/www.welovecycling.com\/pl\/2020\/06\/03\/akcja-ride2unite-andy-schleck-luksemburski-mistrz-wyscigow-szosowych-w-trzecim-streamie\/#primaryimage\",\"url\":\"https:\/\/d2p6e6u75xmxt8.cloudfront.net\/5\/2020\/06\/r2u_linkshare_1200x628_Andy.png\",\"contentUrl\":\"https:\/\/d2p6e6u75xmxt8.cloudfront.net\/5\/2020\/06\/r2u_linkshare_1200x628_Andy.png\",\"width\":1200,\"height\":628},{\"@type\":\"BreadcrumbList\",\"@id\":\"https:\/\/www.welovecycling.com\/pl\/2020\/06\/03\/akcja-ride2unite-andy-schleck-luksemburski-mistrz-wyscigow-szosowych-w-trzecim-streamie\/#breadcrumb\",\"itemListElement\":[{\"@type\":\"ListItem\",\"position\":1,\"name\":\"Home\",\"item\":\"https:\/\/www.welovecycling.com\/pl\/\"},{\"@type\":\"ListItem\",\"position\":2,\"name\":\"Akcja #Ride2Unite: Andy Schleck, luksemburski mistrz wy\u015bcig\u00f3w szosowych, w trzecim streamie\"}]},{\"@type\":\"WebSite\",\"@id\":\"https:\/\/www.welovecycling.com\/pl\/#website\",\"url\":\"https:\/\/www.welovecycling.com\/pl\/\",\"name\":\"\u0160koda We Love Cycling - Poland\",\"description\":\"\",\"potentialAction\":[{\"@type\":\"SearchAction\",\"target\":{\"@type\":\"EntryPoint\",\"urlTemplate\":\"https:\/\/www.welovecycling.com\/pl\/?s={search_term_string}\"},\"query-input\":{\"@type\":\"PropertyValueSpecification\",\"valueRequired\":true,\"valueName\":\"search_term_string\"}}],\"inLanguage\":\"pl-PL\"},{\"@type\":\"Person\",\"@id\":\"https:\/\/www.welovecycling.com\/pl\/#\/schema\/person\/4a79bac7bd265aa6a35a1079d36648be\",\"name\":\"oktawiamikulska\",\"image\":{\"@type\":\"ImageObject\",\"inLanguage\":\"pl-PL\",\"@id\":\"https:\/\/www.welovecycling.com\/pl\/#\/schema\/person\/image\/\",\"url\":\"https:\/\/secure.gravatar.com\/avatar\/b97a3f44e2de6d2f8dd358975937e49823662e12cbd810b9d1a2bff1c149e8a7?s=96&d=mm&r=g\",\"contentUrl\":\"https:\/\/secure.gravatar.com\/avatar\/b97a3f44e2de6d2f8dd358975937e49823662e12cbd810b9d1a2bff1c149e8a7?s=96&d=mm&r=g\",\"caption\":\"oktawiamikulska\"},\"url\":\"https:\/\/www.welovecycling.com\/pl\/author\/oktawiamikulska\/\"}]}<\/script>\n<!-- \/ Yoast SEO Premium plugin. -->","yoast_head_json":{"title":"Akcja #Ride2Unite: Andy Schleck, luksemburski mistrz wy\u015bcig\u00f3w szosowych, w trzecim streamie - \u0160koda We Love Cycling - Poland","robots":{"index":"index","follow":"follow","max-snippet":"max-snippet:-1","max-image-preview":"max-image-preview:large","max-video-preview":"max-video-preview:-1"},"canonical":"https:\/\/www.welovecycling.com\/pl\/2020\/06\/03\/akcja-ride2unite-andy-schleck-luksemburski-mistrz-wyscigow-szosowych-w-trzecim-streamie\/","og_locale":"pl_PL","og_type":"article","og_title":"Akcja #Ride2Unite: Andy Schleck, luksemburski mistrz wy\u015bcig\u00f3w szosowych, w trzecim streamie","og_description":"Wracamy z kolejn\u0105 cotygodniow\u0105 dawk\u0105 wirtualnej zabawy dla fan\u00f3w dw\u00f3ch k\u00f3\u0142ek w ramach inicjatywy #Ride2Unite, kt\u00f3ra nieustaj\u0105co wspiera spo\u0142eczno\u015b\u0107 rowerow\u0105 [&hellip;]","og_url":"https:\/\/www.welovecycling.com\/pl\/2020\/06\/03\/akcja-ride2unite-andy-schleck-luksemburski-mistrz-wyscigow-szosowych-w-trzecim-streamie\/","og_site_name":"\u0160koda We Love Cycling - Poland","article_published_time":"2020-06-03T12:53:46+00:00","og_image":[{"width":1200,"height":628,"url":"https:\/\/d2p6e6u75xmxt8.cloudfront.net\/5\/2020\/06\/r2u_linkshare_1200x628_Andy.png","type":"image\/png"}],"author":"oktawiamikulska","twitter_card":"summary_large_image","twitter_misc":{"Written by":"We Love Cycling","Est. reading time":"2 minutes"},"schema":{"@context":"https:\/\/schema.org","@graph":[{"@type":"WebPage","@id":"https:\/\/www.welovecycling.com\/pl\/2020\/06\/03\/akcja-ride2unite-andy-schleck-luksemburski-mistrz-wyscigow-szosowych-w-trzecim-streamie\/","url":"https:\/\/www.welovecycling.com\/pl\/2020\/06\/03\/akcja-ride2unite-andy-schleck-luksemburski-mistrz-wyscigow-szosowych-w-trzecim-streamie\/","name":"Akcja #Ride2Unite: Andy Schleck, luksemburski mistrz wy\u015bcig\u00f3w szosowych, w trzecim streamie - \u0160koda We Love Cycling - Poland","isPartOf":{"@id":"https:\/\/www.welovecycling.com\/pl\/#website"},"primaryImageOfPage":{"@id":"https:\/\/www.welovecycling.com\/pl\/2020\/06\/03\/akcja-ride2unite-andy-schleck-luksemburski-mistrz-wyscigow-szosowych-w-trzecim-streamie\/#primaryimage"},"image":{"@id":"https:\/\/www.welovecycling.com\/pl\/2020\/06\/03\/akcja-ride2unite-andy-schleck-luksemburski-mistrz-wyscigow-szosowych-w-trzecim-streamie\/#primaryimage"},"thumbnailUrl":"https:\/\/d2p6e6u75xmxt8.cloudfront.net\/5\/2020\/06\/r2u_linkshare_1200x628_Andy.png","datePublished":"2020-06-03T12:53:46+00:00","author":{"@id":"https:\/\/www.welovecycling.com\/pl\/#\/schema\/person\/4a79bac7bd265aa6a35a1079d36648be"},"breadcrumb":{"@id":"https:\/\/www.welovecycling.com\/pl\/2020\/06\/03\/akcja-ride2unite-andy-schleck-luksemburski-mistrz-wyscigow-szosowych-w-trzecim-streamie\/#breadcrumb"},"inLanguage":"pl-PL","potentialAction":[{"@type":"ReadAction","target":["https:\/\/www.welovecycling.com\/pl\/2020\/06\/03\/akcja-ride2unite-andy-schleck-luksemburski-mistrz-wyscigow-szosowych-w-trzecim-streamie\/"]}]},{"@type":"ImageObject","inLanguage":"pl-PL","@id":"https:\/\/www.welovecycling.com\/pl\/2020\/06\/03\/akcja-ride2unite-andy-schleck-luksemburski-mistrz-wyscigow-szosowych-w-trzecim-streamie\/#primaryimage","url":"https:\/\/d2p6e6u75xmxt8.cloudfront.net\/5\/2020\/06\/r2u_linkshare_1200x628_Andy.png","contentUrl":"https:\/\/d2p6e6u75xmxt8.cloudfront.net\/5\/2020\/06\/r2u_linkshare_1200x628_Andy.png","width":1200,"height":628},{"@type":"BreadcrumbList","@id":"https:\/\/www.welovecycling.com\/pl\/2020\/06\/03\/akcja-ride2unite-andy-schleck-luksemburski-mistrz-wyscigow-szosowych-w-trzecim-streamie\/#breadcrumb","itemListElement":[{"@type":"ListItem","position":1,"name":"Home","item":"https:\/\/www.welovecycling.com\/pl\/"},{"@type":"ListItem","position":2,"name":"Akcja #Ride2Unite: Andy Schleck, luksemburski mistrz wy\u015bcig\u00f3w szosowych, w trzecim streamie"}]},{"@type":"WebSite","@id":"https:\/\/www.welovecycling.com\/pl\/#website","url":"https:\/\/www.welovecycling.com\/pl\/","name":"\u0160koda We Love Cycling - Poland","description":"","potentialAction":[{"@type":"SearchAction","target":{"@type":"EntryPoint","urlTemplate":"https:\/\/www.welovecycling.com\/pl\/?s={search_term_string}"},"query-input":{"@type":"PropertyValueSpecification","valueRequired":true,"valueName":"search_term_string"}}],"inLanguage":"pl-PL"},{"@type":"Person","@id":"https:\/\/www.welovecycling.com\/pl\/#\/schema\/person\/4a79bac7bd265aa6a35a1079d36648be","name":"oktawiamikulska","image":{"@type":"ImageObject","inLanguage":"pl-PL","@id":"https:\/\/www.welovecycling.com\/pl\/#\/schema\/person\/image\/","url":"https:\/\/secure.gravatar.com\/avatar\/b97a3f44e2de6d2f8dd358975937e49823662e12cbd810b9d1a2bff1c149e8a7?s=96&d=mm&r=g","contentUrl":"https:\/\/secure.gravatar.com\/avatar\/b97a3f44e2de6d2f8dd358975937e49823662e12cbd810b9d1a2bff1c149e8a7?s=96&d=mm&r=g","caption":"oktawiamikulska"},"url":"https:\/\/www.welovecycling.com\/pl\/author\/oktawiamikulska\/"}]}},"_links":{"self":[{"href":"https:\/\/www.welovecycling.com\/pl\/wp-json\/wp\/v2\/posts\/10735","targetHints":{"allow":["GET"]}}],"collection":[{"href":"https:\/\/www.welovecycling.com\/pl\/wp-json\/wp\/v2\/posts"}],"about":[{"href":"https:\/\/www.welovecycling.com\/pl\/wp-json\/wp\/v2\/types\/post"}],"author":[{"embeddable":true,"href":"https:\/\/www.welovecycling.com\/pl\/wp-json\/wp\/v2\/users\/125"}],"replies":[{"embeddable":true,"href":"https:\/\/www.welovecycling.com\/pl\/wp-json\/wp\/v2\/comments?post=10735"}],"version-history":[{"count":1,"href":"https:\/\/www.welovecycling.com\/pl\/wp-json\/wp\/v2\/posts\/10735\/revisions"}],"predecessor-version":[{"id":10737,"href":"https:\/\/www.welovecycling.com\/pl\/wp-json\/wp\/v2\/posts\/10735\/revisions\/10737"}],"wp:featuredmedia":[{"embeddable":true,"href":"https:\/\/www.welovecycling.com\/pl\/wp-json\/wp\/v2\/media\/10736"}],"wp:attachment":[{"href":"https:\/\/www.welovecycling.com\/pl\/wp-json\/wp\/v2\/media?parent=10735"}],"wp:term":[{"taxonomy":"category","embeddable":true,"href":"https:\/\/www.welovecycling.com\/pl\/wp-json\/wp\/v2\/categories?post=10735"},{"taxonomy":"post_tag","embeddable":true,"href":"https:\/\/www.welovecycling.com\/pl\/wp-json\/wp\/v2\/tags?post=10735"},{"taxonomy":"global-categories","embeddable":true,"href":"https:\/\/www.welovecycling.com\/pl\/wp-json\/wp\/v2\/global-categories?post=10735"}],"curies":[{"name":"wp","href":"https:\/\/api.w.org\/{rel}","templated":true}]}}