{"id":10720,"date":"2020-05-29T13:40:18","date_gmt":"2020-05-29T13:40:18","guid":{"rendered":"https:\/\/www.welovecycling.com\/pl\/?p=10720"},"modified":"2020-05-29T13:40:18","modified_gmt":"2020-05-29T13:40:18","slug":"skad-on-sie-wzial-na-tego-kolarza-cala-europa-patrzyla-ze-zdziwieniem","status":"publish","type":"post","link":"https:\/\/www.welovecycling.com\/pl\/2020\/05\/29\/skad-on-sie-wzial-na-tego-kolarza-cala-europa-patrzyla-ze-zdziwieniem\/","title":{"rendered":"Sk\u0105d on si\u0119 wzi\u0105\u0142?! Na tego kolarza ca\u0142a Europa patrzy\u0142a ze zdziwieniem"},"content":{"rendered":"<p><strong>M\u00f3g\u0142by gra\u0107 w krykieta, futbol australijski lub rugby, czyli jedn\u0105 z narodowych australijskich dyscyplin sportowych. M\u00f3g\u0142by, ale postawi\u0142 na kolarstwo, za co do dzi\u015b wdzi\u0119czna jest mu ca\u0142a ojczyzna. Dzi\u0119ki temu Phil Anderson przeszed\u0142 do historii Tour de France jako pierwszy zawodnik spoza Europy, kt\u00f3ry za\u0142o\u017cy\u0142 \u017c\u00f3\u0142t\u0105 koszulk\u0119.<\/strong><\/p>\n<p>Co prawda urodzi\u0142 si\u0119 w Londynie, ale jako dziecko rodzice zabrali go do swojej ojczyzny. Rodzina osiedli\u0142a si\u0119 w Melbourne i to w\u0142a\u015bnie tam m\u0142ody Phil nabiera\u0142 pierwszych kolarskich szlif\u00f3w. A uczniem by\u0142 bardzo poj\u0119tnym, wiec zaraz po osi\u0105gni\u0119ciu pe\u0142noletno\u015bci wygra\u0142 Tour of New Zeland.<\/p>\n<p>W Australii i okolicach na wielkie kolarskie laury nie mia\u0142 jednak co liczy\u0107, wi\u0119c wyjecha\u0142 do Europy. Tam musia\u0142 zaczyna\u0107 jako amator, ale szybko zwr\u00f3ci\u0142 na siebie uwag\u0119 zawodowych ekip. Efekt? W 1980 r. podpisa\u0142 umow\u0119 z zespo\u0142em Peugeot-Esso-Michelin, co otwiera\u0142o mu bramy do wielkiego \u015bwiatowego \u015bcigania.<\/p>\n<h2><strong>Jak u siebie w domu<\/strong><\/h2>\n<p>Anderson nie zamierza\u0142 jednak nie\u015bmia\u0142o skrada\u0107 si\u0119 po kolarskich salonach, tylko wszed\u0142 tam jak do w\u0142asnego domu. Od razu zamiesza\u0142 w peletonie, cho\u0107 jazda z zawodowcami by\u0142a dla niego nowo\u015bci\u0105.<\/p>\n<p>https:\/\/twitter.com\/davidguenel\/status\/1264179275306942465?s=20<\/p>\n<blockquote><p><span style=\"font-size: 14pt;\">&#8211; Zmieni\u0142o si\u0119 wszystko. Po raz pierwszy mieszka\u0142em poza rodzinnym domem i rywalizowa\u0142em na etapach licz\u0105cych 200, a nie 80 km. Do tego na starcie by\u0142o po 200 \u2013 250 zawodnik\u00f3w \u2013 opowiada\u0142 Anderson australijskiej stacji ABC.<\/span><\/p><\/blockquote>\n<p>W 1981 r. us\u0142yszeli o nim ju\u017c nawet niedzielni kibice, gdy po sz\u00f3stym etapie (z Saint-Gaudens do Saint-Lary-Soulan) obj\u0105\u0142 prowadzenie w klasyfikacji generalnej Tour de France.<\/p>\n<h2><strong>Nie musia\u0142 pra\u0107 koszulki<\/strong><\/h2>\n<p>Do zdobycia \u017c\u00f3\u0142tej koszulki lidera dosz\u0142o w niezwyk\u0142ych okoliczno\u015bciach, bo Anderson\u2026 w og\u00f3le nie mia\u0142 tego w planach. Ba, nawet nie \u0142udzi\u0142 si\u0119, \u017ce b\u0119dzie walczy\u0142 o czo\u0142owe lokaty. Za zadanie mia\u0142 tylko wspiera\u0107 lidera swojego zespo\u0142u tak d\u0142ugo, jak tylko wystarczy mu si\u0142.<\/p>\n<p>Anderson w Pirenejach uczepi\u0142 si\u0119 jednak prowadz\u0105cych zawodnik\u00f3w i pokonywa\u0142 z nimi kolejne podjazdy. Rywale z czasem odpadali, a Anderson wci\u0105\u017c par\u0142 do przodu. Tak szybko i pewnie siebie, \u017ce zapomnia\u0142 o swoim liderze i taktyce zespo\u0142u!<\/p>\n<div class=\"embed-controller-wrapper\">\n<blockquote class=\"twitter-tweet\" data-width=\"500\" data-dnt=\"true\">\n<p lang=\"fr\" dir=\"ltr\">Tour de France 1983, Pedro Delgado, Laurent Fignon and Phil Anderson. <a href=\"https:\/\/t.co\/qS0PH9IQBt\">pic.twitter.com\/qS0PH9IQBt<\/a><\/p>\n<p>&mdash; cycling archives (@mission753) <a href=\"https:\/\/twitter.com\/mission753\/status\/1226544276332568576?ref_src=twsrc%5Etfw\">February 9, 2020<\/a><\/p><\/blockquote>\n<p><script async data-src=\"https:\/\/platform.twitter.com\/widgets.js\" charset=\"utf-8\"><\/script><\/div>\n<blockquote><p><span style=\"font-size: 14pt;\">&#8211; W tej sytuacji dyrektor naszej ekipy powiedzia\u0142, \u017ce mam nie czeka\u0107, tylko walczy\u0107 o jak najwy\u017csz\u0105 pozycj\u0119 \u2013 wspomina\u0142 Anderson w ABC.<\/span><\/p><\/blockquote>\n<p>Ostatecznie Australijczyk przyjecha\u0142 w czo\u0142\u00f3wce, a dzi\u0119ki zapasowi z poprzednich etap\u00f3w zdoby\u0142 \u017c\u00f3\u0142t\u0105 koszulk\u0119 lidera jako pierwszy zawodnik spoza Europy w historii Tour de France!<\/p>\n<blockquote><p><span style=\"font-size: 14pt;\">&#8211; To by\u0142a niespodzianka. Wiedzia\u0142em, \u017ce to wielkie wyr\u00f3\u017cnienie, ale wtedy najwa\u017cniejszy by\u0142 dla mnie fakt, \u017ce nie musz\u0119 pra\u0107 swojej koszulki, tylko dostan\u0119 now\u0105 \u2013 przyzna\u0142 z rozbrajaj\u0105ca szczero\u015bci\u0105.<\/span><\/p><\/blockquote>\n<div class=\"embed-controller-wrapper\">\n<blockquote class=\"twitter-tweet\" data-width=\"500\" data-dnt=\"true\">\n<p lang=\"en\" dir=\"ltr\">Happy Birthday to Phil Anderson, 62 today, the first non-European to wear the Tour de France\u2019s Yellow Jersey, in 1981&#8230; <a href=\"https:\/\/t.co\/RtgbewvwYY\">pic.twitter.com\/RtgbewvwYY<\/a><\/p>\n<p>&mdash; Graham Watson (@grahamwatson10) <a href=\"https:\/\/twitter.com\/grahamwatson10\/status\/1238032687262097409?ref_src=twsrc%5Etfw\">March 12, 2020<\/a><\/p><\/blockquote>\n<p><script async data-src=\"https:\/\/platform.twitter.com\/widgets.js\" charset=\"utf-8\"><\/script><\/div>\n<h2><strong>Zn\u00f3w wystrzeli\u0142y szampany!<\/strong><\/h2>\n<p>Z czasem okaza\u0142o si\u0119, \u017ce nie by\u0142 to tylko jednorazowy wyskok australijskiego kolarza podczas Wielkiej P\u0119tli, bo rok p\u00f3\u017aniej Anderson wygra\u0142 jeszcze etap z Bazylei do Nancy i zn\u00f3w za\u0142o\u017cy\u0142 \u017c\u00f3\u0142t\u0105 koszulk\u0119, w kt\u00f3rej jecha\u0142 a\u017c 10 dni! Ostatecznie sko\u0144czy\u0142 wy\u015bcig na pi\u0105tym miejscu, a do tego zdoby\u0142 bia\u0142\u0105 koszulk\u0119 dla najlepszego m\u0142odzie\u017cowca i dzi\u0119ki temu zn\u00f3w przeszed\u0142 do historii Tour de France jako pierwszy kolarz spoza Europy, kt\u00f3ry wygra\u0142 indywidualn\u0105 klasyfikacj\u0119 Wielkiej P\u0119tli.<\/p>\n<p>Za spraw\u0105 Andersona australijska flaga jeszcze d\u0142ugo pojawia\u0142a si\u0119 na czele klasyfikacji r\u00f3\u017cnych wy\u015bcig\u00f3w, a w 1991 r. Phil jeszcze raz polewa\u0142 rywali szampanem z najwy\u017cszego stopnia podium Tour de France po wygraniu 10. etapu. Karier\u0119 zako\u0144czy\u0142 trzy lata p\u00f3\u017aniej, ale w Australii za swoje osi\u0105gni\u0119cia by\u0142 odznaczany przez 20 kolejnych lat.<\/p>\n<p>Na kolejne kolarskiego bohatera Australia czeka\u0142a a\u017c do 2011 r., gdy klasyfikacj\u0119 generaln\u0105 Tour de France wygra\u0142 Cadel Evans.<\/p>\n<p><span data-sheets-value=\"{&quot;1&quot;:2,&quot;2&quot;:&quot;Artyku\u0142 powsta\u0142 we wsp\u00f3\u0142pracy ze skoda-auto.pl&quot;}\" data-sheets-userformat=\"{&quot;2&quot;:1,&quot;3&quot;:{&quot;1&quot;:0}}\" data-sheets-hyperlink=\"http:\/\/www.skoda-auto.pl\/\"><a class=\"in-cell-link\" href=\"http:\/\/www.skoda-auto.pl\/\" target=\"_blank\" rel=\"noopener noreferrer\">Artyku\u0142 powsta\u0142 we wsp\u00f3\u0142pracy ze skoda-auto.pl<\/a><\/span><\/p>\n<p>&nbsp;<\/p>\n<p><a href=\"https:\/\/www.skoda-auto.pl\/modele\/karoq\">\u00a0<\/a><\/p>\n<p><a href=\"https:\/\/www.skoda-auto.pl\/modele\/karoq\"><img loading=\"lazy\" decoding=\"async\" class=\"aligncenter wp-image-9606 size-full\" src=\"https:\/\/d2p6e6u75xmxt8.cloudfront.net\/5\/2019\/08\/baner_WLC_640x350_1.png\" alt=\"\" width=\"640\" height=\"350\" srcset=\"https:\/\/d2p6e6u75xmxt8.cloudfront.net\/5\/2019\/08\/baner_WLC_640x350_1.png 640w, https:\/\/d2p6e6u75xmxt8.cloudfront.net\/5\/2019\/08\/baner_WLC_640x350_1-300x164.png 300w\" sizes=\"auto, (max-width: 640px) 100vw, 640px\" \/><\/a><\/p>\n<p>&nbsp;<\/p>\n","protected":false},"excerpt":{"rendered":"<p>M\u00f3g\u0142by gra\u0107 w krykieta, futbol australijski lub rugby, czyli jedn\u0105 z narodowych australijskich dyscyplin sportowych. M\u00f3g\u0142by, ale postawi\u0142 na kolarstwo, [&hellip;]<\/p>\n","protected":false},"author":125,"featured_media":10725,"comment_status":"open","ping_status":"open","sticky":false,"template":"","format":"standard","meta":{"footnotes":""},"categories":[325],"tags":[],"global-categories":[303],"class_list":["post-10720","post","type-post","status-publish","format-standard","has-post-thumbnail","hentry","category-historia","global-categories-cycling"],"yoast_head":"<!-- This site is optimized with the Yoast SEO Premium plugin v25.3 (Yoast SEO v25.9) - https:\/\/yoast.com\/wordpress\/plugins\/seo\/ -->\n<title>Sk\u0105d on si\u0119 wzi\u0105\u0142?! Na tego kolarza ca\u0142a Europa patrzy\u0142a ze zdziwieniem - \u0160koda We Love Cycling - Poland<\/title>\n<meta name=\"description\" content=\"M\u00f3g\u0142by gra\u0107 w krykieta, futbol australijski lub rugby, czyli jedn\u0105 z narodowych australijskich dyscyplin sportowych. M\u00f3g\u0142by, ale postawi\u0142 na kolarstwo, za co do dzi\u015b wdzi\u0119czna jest mu ca\u0142a ojczyzna. Dzi\u0119ki temu Phil Anderson przeszed\u0142 do historii Tour de France jako pierwszy zawodnik spoza Europy, kt\u00f3ry za\u0142o\u017cy\u0142 \u017c\u00f3\u0142t\u0105 koszulk\u0119.\" \/>\n<meta name=\"robots\" content=\"index, follow, max-snippet:-1, max-image-preview:large, max-video-preview:-1\" \/>\n<link rel=\"canonical\" href=\"https:\/\/www.welovecycling.com\/pl\/2020\/05\/29\/skad-on-sie-wzial-na-tego-kolarza-cala-europa-patrzyla-ze-zdziwieniem\/\" \/>\n<meta property=\"og:locale\" content=\"pl_PL\" \/>\n<meta property=\"og:type\" content=\"article\" \/>\n<meta property=\"og:title\" content=\"Sk\u0105d on si\u0119 wzi\u0105\u0142?! Na tego kolarza ca\u0142a Europa patrzy\u0142a ze zdziwieniem\" \/>\n<meta property=\"og:description\" content=\"M\u00f3g\u0142by gra\u0107 w krykieta, futbol australijski lub rugby, czyli jedn\u0105 z narodowych australijskich dyscyplin sportowych. M\u00f3g\u0142by, ale postawi\u0142 na kolarstwo, za co do dzi\u015b wdzi\u0119czna jest mu ca\u0142a ojczyzna. Dzi\u0119ki temu Phil Anderson przeszed\u0142 do historii Tour de France jako pierwszy zawodnik spoza Europy, kt\u00f3ry za\u0142o\u017cy\u0142 \u017c\u00f3\u0142t\u0105 koszulk\u0119.\" \/>\n<meta property=\"og:url\" content=\"https:\/\/www.welovecycling.com\/pl\/2020\/05\/29\/skad-on-sie-wzial-na-tego-kolarza-cala-europa-patrzyla-ze-zdziwieniem\/\" \/>\n<meta property=\"og:site_name\" content=\"\u0160koda We Love Cycling - Poland\" \/>\n<meta property=\"article:published_time\" content=\"2020-05-29T13:40:18+00:00\" \/>\n<meta property=\"og:image\" content=\"https:\/\/d2p6e6u75xmxt8.cloudfront.net\/5\/2020\/05\/29.05-Phil-Anderson.jpg\" \/>\n\t<meta property=\"og:image:width\" content=\"1024\" \/>\n\t<meta property=\"og:image:height\" content=\"450\" \/>\n\t<meta property=\"og:image:type\" content=\"image\/jpeg\" \/>\n<meta name=\"author\" content=\"oktawiamikulska\" \/>\n<meta name=\"twitter:card\" content=\"summary_large_image\" \/>\n<meta name=\"twitter:label1\" content=\"Written by\" \/>\n\t<meta name=\"twitter:data1\" content=\"Piotr Nowik\" \/>\n\t<meta name=\"twitter:label2\" content=\"Est. reading time\" \/>\n\t<meta name=\"twitter:data2\" content=\"3 minutes\" \/>\n<script type=\"application\/ld+json\" class=\"yoast-schema-graph\">{\"@context\":\"https:\/\/schema.org\",\"@graph\":[{\"@type\":\"WebPage\",\"@id\":\"https:\/\/www.welovecycling.com\/pl\/2020\/05\/29\/skad-on-sie-wzial-na-tego-kolarza-cala-europa-patrzyla-ze-zdziwieniem\/\",\"url\":\"https:\/\/www.welovecycling.com\/pl\/2020\/05\/29\/skad-on-sie-wzial-na-tego-kolarza-cala-europa-patrzyla-ze-zdziwieniem\/\",\"name\":\"Sk\u0105d on si\u0119 wzi\u0105\u0142?! Na tego kolarza ca\u0142a Europa patrzy\u0142a ze zdziwieniem - \u0160koda We Love Cycling - Poland\",\"isPartOf\":{\"@id\":\"https:\/\/www.welovecycling.com\/pl\/#website\"},\"primaryImageOfPage\":{\"@id\":\"https:\/\/www.welovecycling.com\/pl\/2020\/05\/29\/skad-on-sie-wzial-na-tego-kolarza-cala-europa-patrzyla-ze-zdziwieniem\/#primaryimage\"},\"image\":{\"@id\":\"https:\/\/www.welovecycling.com\/pl\/2020\/05\/29\/skad-on-sie-wzial-na-tego-kolarza-cala-europa-patrzyla-ze-zdziwieniem\/#primaryimage\"},\"thumbnailUrl\":\"https:\/\/d2p6e6u75xmxt8.cloudfront.net\/5\/2020\/05\/29.05-Phil-Anderson.jpg\",\"datePublished\":\"2020-05-29T13:40:18+00:00\",\"author\":{\"@id\":\"https:\/\/www.welovecycling.com\/pl\/#\/schema\/person\/4a79bac7bd265aa6a35a1079d36648be\"},\"description\":\"M\u00f3g\u0142by gra\u0107 w krykieta, futbol australijski lub rugby, czyli jedn\u0105 z narodowych australijskich dyscyplin sportowych. M\u00f3g\u0142by, ale postawi\u0142 na kolarstwo, za co do dzi\u015b wdzi\u0119czna jest mu ca\u0142a ojczyzna. Dzi\u0119ki temu Phil Anderson przeszed\u0142 do historii Tour de France jako pierwszy zawodnik spoza Europy, kt\u00f3ry za\u0142o\u017cy\u0142 \u017c\u00f3\u0142t\u0105 koszulk\u0119.\",\"breadcrumb\":{\"@id\":\"https:\/\/www.welovecycling.com\/pl\/2020\/05\/29\/skad-on-sie-wzial-na-tego-kolarza-cala-europa-patrzyla-ze-zdziwieniem\/#breadcrumb\"},\"inLanguage\":\"pl-PL\",\"potentialAction\":[{\"@type\":\"ReadAction\",\"target\":[\"https:\/\/www.welovecycling.com\/pl\/2020\/05\/29\/skad-on-sie-wzial-na-tego-kolarza-cala-europa-patrzyla-ze-zdziwieniem\/\"]}]},{\"@type\":\"ImageObject\",\"inLanguage\":\"pl-PL\",\"@id\":\"https:\/\/www.welovecycling.com\/pl\/2020\/05\/29\/skad-on-sie-wzial-na-tego-kolarza-cala-europa-patrzyla-ze-zdziwieniem\/#primaryimage\",\"url\":\"https:\/\/d2p6e6u75xmxt8.cloudfront.net\/5\/2020\/05\/29.05-Phil-Anderson.jpg\",\"contentUrl\":\"https:\/\/d2p6e6u75xmxt8.cloudfront.net\/5\/2020\/05\/29.05-Phil-Anderson.jpg\",\"width\":1024,\"height\":450},{\"@type\":\"BreadcrumbList\",\"@id\":\"https:\/\/www.welovecycling.com\/pl\/2020\/05\/29\/skad-on-sie-wzial-na-tego-kolarza-cala-europa-patrzyla-ze-zdziwieniem\/#breadcrumb\",\"itemListElement\":[{\"@type\":\"ListItem\",\"position\":1,\"name\":\"Home\",\"item\":\"https:\/\/www.welovecycling.com\/pl\/\"},{\"@type\":\"ListItem\",\"position\":2,\"name\":\"Sk\u0105d on si\u0119 wzi\u0105\u0142?! Na tego kolarza ca\u0142a Europa patrzy\u0142a ze zdziwieniem\"}]},{\"@type\":\"WebSite\",\"@id\":\"https:\/\/www.welovecycling.com\/pl\/#website\",\"url\":\"https:\/\/www.welovecycling.com\/pl\/\",\"name\":\"\u0160koda We Love Cycling - Poland\",\"description\":\"\",\"potentialAction\":[{\"@type\":\"SearchAction\",\"target\":{\"@type\":\"EntryPoint\",\"urlTemplate\":\"https:\/\/www.welovecycling.com\/pl\/?s={search_term_string}\"},\"query-input\":{\"@type\":\"PropertyValueSpecification\",\"valueRequired\":true,\"valueName\":\"search_term_string\"}}],\"inLanguage\":\"pl-PL\"},{\"@type\":\"Person\",\"@id\":\"https:\/\/www.welovecycling.com\/pl\/#\/schema\/person\/4a79bac7bd265aa6a35a1079d36648be\",\"name\":\"oktawiamikulska\",\"image\":{\"@type\":\"ImageObject\",\"inLanguage\":\"pl-PL\",\"@id\":\"https:\/\/www.welovecycling.com\/pl\/#\/schema\/person\/image\/\",\"url\":\"https:\/\/secure.gravatar.com\/avatar\/b97a3f44e2de6d2f8dd358975937e49823662e12cbd810b9d1a2bff1c149e8a7?s=96&d=mm&r=g\",\"contentUrl\":\"https:\/\/secure.gravatar.com\/avatar\/b97a3f44e2de6d2f8dd358975937e49823662e12cbd810b9d1a2bff1c149e8a7?s=96&d=mm&r=g\",\"caption\":\"oktawiamikulska\"},\"url\":\"https:\/\/www.welovecycling.com\/pl\/author\/oktawiamikulska\/\"}]}<\/script>\n<!-- \/ Yoast SEO Premium plugin. -->","yoast_head_json":{"title":"Sk\u0105d on si\u0119 wzi\u0105\u0142?! Na tego kolarza ca\u0142a Europa patrzy\u0142a ze zdziwieniem - \u0160koda We Love Cycling - Poland","description":"M\u00f3g\u0142by gra\u0107 w krykieta, futbol australijski lub rugby, czyli jedn\u0105 z narodowych australijskich dyscyplin sportowych. M\u00f3g\u0142by, ale postawi\u0142 na kolarstwo, za co do dzi\u015b wdzi\u0119czna jest mu ca\u0142a ojczyzna. Dzi\u0119ki temu Phil Anderson przeszed\u0142 do historii Tour de France jako pierwszy zawodnik spoza Europy, kt\u00f3ry za\u0142o\u017cy\u0142 \u017c\u00f3\u0142t\u0105 koszulk\u0119.","robots":{"index":"index","follow":"follow","max-snippet":"max-snippet:-1","max-image-preview":"max-image-preview:large","max-video-preview":"max-video-preview:-1"},"canonical":"https:\/\/www.welovecycling.com\/pl\/2020\/05\/29\/skad-on-sie-wzial-na-tego-kolarza-cala-europa-patrzyla-ze-zdziwieniem\/","og_locale":"pl_PL","og_type":"article","og_title":"Sk\u0105d on si\u0119 wzi\u0105\u0142?! Na tego kolarza ca\u0142a Europa patrzy\u0142a ze zdziwieniem","og_description":"M\u00f3g\u0142by gra\u0107 w krykieta, futbol australijski lub rugby, czyli jedn\u0105 z narodowych australijskich dyscyplin sportowych. M\u00f3g\u0142by, ale postawi\u0142 na kolarstwo, za co do dzi\u015b wdzi\u0119czna jest mu ca\u0142a ojczyzna. Dzi\u0119ki temu Phil Anderson przeszed\u0142 do historii Tour de France jako pierwszy zawodnik spoza Europy, kt\u00f3ry za\u0142o\u017cy\u0142 \u017c\u00f3\u0142t\u0105 koszulk\u0119.","og_url":"https:\/\/www.welovecycling.com\/pl\/2020\/05\/29\/skad-on-sie-wzial-na-tego-kolarza-cala-europa-patrzyla-ze-zdziwieniem\/","og_site_name":"\u0160koda We Love Cycling - Poland","article_published_time":"2020-05-29T13:40:18+00:00","og_image":[{"width":1024,"height":450,"url":"https:\/\/d2p6e6u75xmxt8.cloudfront.net\/5\/2020\/05\/29.05-Phil-Anderson.jpg","type":"image\/jpeg"}],"author":"oktawiamikulska","twitter_card":"summary_large_image","twitter_misc":{"Written by":"Piotr Nowik","Est. reading time":"3 minutes"},"schema":{"@context":"https:\/\/schema.org","@graph":[{"@type":"WebPage","@id":"https:\/\/www.welovecycling.com\/pl\/2020\/05\/29\/skad-on-sie-wzial-na-tego-kolarza-cala-europa-patrzyla-ze-zdziwieniem\/","url":"https:\/\/www.welovecycling.com\/pl\/2020\/05\/29\/skad-on-sie-wzial-na-tego-kolarza-cala-europa-patrzyla-ze-zdziwieniem\/","name":"Sk\u0105d on si\u0119 wzi\u0105\u0142?! Na tego kolarza ca\u0142a Europa patrzy\u0142a ze zdziwieniem - \u0160koda We Love Cycling - Poland","isPartOf":{"@id":"https:\/\/www.welovecycling.com\/pl\/#website"},"primaryImageOfPage":{"@id":"https:\/\/www.welovecycling.com\/pl\/2020\/05\/29\/skad-on-sie-wzial-na-tego-kolarza-cala-europa-patrzyla-ze-zdziwieniem\/#primaryimage"},"image":{"@id":"https:\/\/www.welovecycling.com\/pl\/2020\/05\/29\/skad-on-sie-wzial-na-tego-kolarza-cala-europa-patrzyla-ze-zdziwieniem\/#primaryimage"},"thumbnailUrl":"https:\/\/d2p6e6u75xmxt8.cloudfront.net\/5\/2020\/05\/29.05-Phil-Anderson.jpg","datePublished":"2020-05-29T13:40:18+00:00","author":{"@id":"https:\/\/www.welovecycling.com\/pl\/#\/schema\/person\/4a79bac7bd265aa6a35a1079d36648be"},"description":"M\u00f3g\u0142by gra\u0107 w krykieta, futbol australijski lub rugby, czyli jedn\u0105 z narodowych australijskich dyscyplin sportowych. M\u00f3g\u0142by, ale postawi\u0142 na kolarstwo, za co do dzi\u015b wdzi\u0119czna jest mu ca\u0142a ojczyzna. Dzi\u0119ki temu Phil Anderson przeszed\u0142 do historii Tour de France jako pierwszy zawodnik spoza Europy, kt\u00f3ry za\u0142o\u017cy\u0142 \u017c\u00f3\u0142t\u0105 koszulk\u0119.","breadcrumb":{"@id":"https:\/\/www.welovecycling.com\/pl\/2020\/05\/29\/skad-on-sie-wzial-na-tego-kolarza-cala-europa-patrzyla-ze-zdziwieniem\/#breadcrumb"},"inLanguage":"pl-PL","potentialAction":[{"@type":"ReadAction","target":["https:\/\/www.welovecycling.com\/pl\/2020\/05\/29\/skad-on-sie-wzial-na-tego-kolarza-cala-europa-patrzyla-ze-zdziwieniem\/"]}]},{"@type":"ImageObject","inLanguage":"pl-PL","@id":"https:\/\/www.welovecycling.com\/pl\/2020\/05\/29\/skad-on-sie-wzial-na-tego-kolarza-cala-europa-patrzyla-ze-zdziwieniem\/#primaryimage","url":"https:\/\/d2p6e6u75xmxt8.cloudfront.net\/5\/2020\/05\/29.05-Phil-Anderson.jpg","contentUrl":"https:\/\/d2p6e6u75xmxt8.cloudfront.net\/5\/2020\/05\/29.05-Phil-Anderson.jpg","width":1024,"height":450},{"@type":"BreadcrumbList","@id":"https:\/\/www.welovecycling.com\/pl\/2020\/05\/29\/skad-on-sie-wzial-na-tego-kolarza-cala-europa-patrzyla-ze-zdziwieniem\/#breadcrumb","itemListElement":[{"@type":"ListItem","position":1,"name":"Home","item":"https:\/\/www.welovecycling.com\/pl\/"},{"@type":"ListItem","position":2,"name":"Sk\u0105d on si\u0119 wzi\u0105\u0142?! Na tego kolarza ca\u0142a Europa patrzy\u0142a ze zdziwieniem"}]},{"@type":"WebSite","@id":"https:\/\/www.welovecycling.com\/pl\/#website","url":"https:\/\/www.welovecycling.com\/pl\/","name":"\u0160koda We Love Cycling - Poland","description":"","potentialAction":[{"@type":"SearchAction","target":{"@type":"EntryPoint","urlTemplate":"https:\/\/www.welovecycling.com\/pl\/?s={search_term_string}"},"query-input":{"@type":"PropertyValueSpecification","valueRequired":true,"valueName":"search_term_string"}}],"inLanguage":"pl-PL"},{"@type":"Person","@id":"https:\/\/www.welovecycling.com\/pl\/#\/schema\/person\/4a79bac7bd265aa6a35a1079d36648be","name":"oktawiamikulska","image":{"@type":"ImageObject","inLanguage":"pl-PL","@id":"https:\/\/www.welovecycling.com\/pl\/#\/schema\/person\/image\/","url":"https:\/\/secure.gravatar.com\/avatar\/b97a3f44e2de6d2f8dd358975937e49823662e12cbd810b9d1a2bff1c149e8a7?s=96&d=mm&r=g","contentUrl":"https:\/\/secure.gravatar.com\/avatar\/b97a3f44e2de6d2f8dd358975937e49823662e12cbd810b9d1a2bff1c149e8a7?s=96&d=mm&r=g","caption":"oktawiamikulska"},"url":"https:\/\/www.welovecycling.com\/pl\/author\/oktawiamikulska\/"}]}},"_links":{"self":[{"href":"https:\/\/www.welovecycling.com\/pl\/wp-json\/wp\/v2\/posts\/10720","targetHints":{"allow":["GET"]}}],"collection":[{"href":"https:\/\/www.welovecycling.com\/pl\/wp-json\/wp\/v2\/posts"}],"about":[{"href":"https:\/\/www.welovecycling.com\/pl\/wp-json\/wp\/v2\/types\/post"}],"author":[{"embeddable":true,"href":"https:\/\/www.welovecycling.com\/pl\/wp-json\/wp\/v2\/users\/125"}],"replies":[{"embeddable":true,"href":"https:\/\/www.welovecycling.com\/pl\/wp-json\/wp\/v2\/comments?post=10720"}],"version-history":[{"count":2,"href":"https:\/\/www.welovecycling.com\/pl\/wp-json\/wp\/v2\/posts\/10720\/revisions"}],"predecessor-version":[{"id":10726,"href":"https:\/\/www.welovecycling.com\/pl\/wp-json\/wp\/v2\/posts\/10720\/revisions\/10726"}],"wp:featuredmedia":[{"embeddable":true,"href":"https:\/\/www.welovecycling.com\/pl\/wp-json\/wp\/v2\/media\/10725"}],"wp:attachment":[{"href":"https:\/\/www.welovecycling.com\/pl\/wp-json\/wp\/v2\/media?parent=10720"}],"wp:term":[{"taxonomy":"category","embeddable":true,"href":"https:\/\/www.welovecycling.com\/pl\/wp-json\/wp\/v2\/categories?post=10720"},{"taxonomy":"post_tag","embeddable":true,"href":"https:\/\/www.welovecycling.com\/pl\/wp-json\/wp\/v2\/tags?post=10720"},{"taxonomy":"global-categories","embeddable":true,"href":"https:\/\/www.welovecycling.com\/pl\/wp-json\/wp\/v2\/global-categories?post=10720"}],"curies":[{"name":"wp","href":"https:\/\/api.w.org\/{rel}","templated":true}]}}