{"id":10712,"date":"2020-05-26T15:12:31","date_gmt":"2020-05-26T15:12:31","guid":{"rendered":"https:\/\/www.welovecycling.com\/pl\/?p=10712"},"modified":"2020-05-26T15:12:31","modified_gmt":"2020-05-26T15:12:31","slug":"akcja-ride2unite-legendarny-laurens-ten-dam-gosciem-drugiego-streamu","status":"publish","type":"post","link":"https:\/\/www.welovecycling.com\/pl\/2020\/05\/26\/akcja-ride2unite-legendarny-laurens-ten-dam-gosciem-drugiego-streamu\/","title":{"rendered":"Akcja #Ride2Unite: legendarny Laurens ten Dam go\u015bciem drugiego streamu"},"content":{"rendered":"<p><strong>W wielu krajach przepisy i ograniczenia zaczynaj\u0105 si\u0119 rozlu\u017ania\u0107 i powoli wracaj\u0105 do czas\u00f3w sprzed pandemii. To samo dotyczy naszego ukochanego hobby \u2013 kolarstwa. To ostatnie do\u015bwiadczenie pokaza\u0142o nam jednak, \u017ce istnieje zapotrzebowanie na to, aby spo\u0142eczno\u015b\u0107 rowerowa by\u0142a aktywna i pozostawa\u0142a w kontakcie nie tylko na \u015bwie\u017cym powietrzu, ale tak\u017ce za po\u015brednictwem medi\u00f3w spo\u0142eczno\u015bciowych. Zauwa\u017cyli\u015bmy, \u017ce poza wskakiwaniem na rowery treningowe i udzia\u0142em w wirtualnych wy\u015bcigach fani kolarstwa z ogromnym zaanga\u017cowaniem ch\u0142on\u0105 wszystko, co zwi\u0105zane z dwoma k\u00f3\u0142kami. Dlatego te\u017c w ci\u0105gu najbli\u017cszych kilku tygodni we wsp\u00f3\u0142pracy ze s\u0142ynnymi postaciami ze \u015bwiata rower\u00f3w przygotujemy dla Was specjalne livestreamy pod szyldem akcji #Ride2Unite.<\/strong><\/p>\n<p>Podczas <a href=\"https:\/\/www.welovecycling.com\/pl\/2020\/05\/21\/akcja-ride2unite-wspieramy-spolecznosc-rowerowa-podczas-lockdownu\/\">pierwszego streamu<\/a>, kt\u00f3ry odby\u0142 si\u0119 w ostatni\u0105 \u015brod\u0119, mogli\u015bcie pozna\u0107 Wilco Keldermana z zespo\u0142u Sunweb. Ten materia\u0142 wci\u0105\u017c jest w ca\u0142o\u015bci dost\u0119pny na <a href=\"https:\/\/www.instagram.com\/p\/CAaqnfkgZch\/\">Instagramie We Love Cycling<\/a>. Kolejna pozycja w naszym menu to by\u0142y zawodowy kolarz z Holandii \u2013 Laurens ten Dam.<\/p>\n<p>&nbsp;<\/p>\n<figure id=\"attachment_178063\" aria-describedby=\"caption-attachment-178063\" style=\"width: 1250px\" class=\"wp-caption alignnone\"><img loading=\"lazy\" decoding=\"async\" class=\"initial loaded wp-image-178063 size-full\" src=\"https:\/\/d2p6e6u75xmxt8.cloudfront.net\/2\/2020\/05\/Laurens-Ten-Dam-profimedia-0476342671.jpg\" alt=\"\" width=\"1250\" height=\"831\" data-was-processed=\"true\" \/><figcaption id=\"caption-attachment-178063\" class=\"wp-caption-text\">Laurens ten Dam na starcie wy\u015bcigu Il Lombardia w Bergamo, 12 pa\u017adziernika 2019. \u00a9 MARCO BERTORELLO \/ AFP \/ Profimedia<\/figcaption><\/figure>\n<p>Laurens rozpocz\u0105\u0142 \u015bciganie w 2000 roku, a start jego zawodowej kariery mia\u0142 miejsce pi\u0119\u0107 lat p\u00f3\u017aniej, w teamie Shimano. Poziom WorldTour osi\u0105gn\u0105\u0142 w 2009 roku jako cz\u0142onek zespo\u0142u Rabobank GS3. W\u015br\u00f3d jego najwi\u0119kszych osi\u0105gni\u0119\u0107 s\u0105 miejsca w pierwszej dziesi\u0105tce Tour de France (9. miejsce w 2014) i Vuelta a Espa\u00f1a, ale zas\u0142yn\u0105\u0142 jako mocny i lojalny pomocnik w zespole Toma Dumoulina, z kt\u00f3rym wygra\u0142 Giro d\u2019Italia w 2017 roku. Opr\u00f3cz Rabobanku je\u017adzi\u0142 tak\u017ce w barwach BankGiroLoterij, Unibet.com, LottoNL-Jumbo, Sunweb i CCC.<\/p>\n<p>Z zawodowego kolarstwa wycofa\u0142 si\u0119 w 2019 roku w wieku 38 lat po ci\u0119\u017ckiej kontuzji biodra odniesionej w trakcie Tour of Austria. Mia\u0142 w\u00f3wczas ju\u017c 16-letni sta\u017c na kolarskiej scenie zawodowej. \u201eZawsze b\u0119d\u0119 je\u017adzi\u0142 na rowerze, ale ju\u017c nie zawodowo\u201d, powiedzia\u0142 po wypadku.<\/p>\n<p>W drugiej ods\u0142onie naszego cyklu Laurens opowie Wam mi\u0119dzy innymi o swoim przej\u015bciu z amatorskiego \u015bcigania na zawodowe, najpi\u0119kniejszych i najtrudniejszych momentach kariery, treningu w czasach epidemii i o tym, jak si\u0119 dobrze bawi\u0107 poza sezonem. Transmisja b\u0119dzie mia\u0142a miejsce <strong>jutro (27 maja) na Instagramie <a href=\"https:\/\/www.instagram.com\/wlcmagazine\/\">We Love Cycling o godzinie 18:00<\/a><\/strong>. W roli prowadz\u0105cej po raz kolejny zobaczymy Laur\u0119 Meseguer, hiszpa\u0144sk\u0105 dziennikark\u0119 rowerow\u0105, prezenterk\u0119 i reporterk\u0119 Eurosportu.<\/p>\n","protected":false},"excerpt":{"rendered":"<p>W wielu krajach przepisy i ograniczenia zaczynaj\u0105 si\u0119 rozlu\u017ania\u0107 i powoli wracaj\u0105 do czas\u00f3w sprzed pandemii. To samo dotyczy naszego [&hellip;]<\/p>\n","protected":false},"author":125,"featured_media":10713,"comment_status":"open","ping_status":"open","sticky":false,"template":"","format":"standard","meta":{"footnotes":""},"categories":[330],"tags":[],"global-categories":[303],"class_list":["post-10712","post","type-post","status-publish","format-standard","has-post-thumbnail","hentry","category-ride2unite","global-categories-cycling"],"yoast_head":"<!-- This site is optimized with the Yoast SEO Premium plugin v25.3 (Yoast SEO v25.9) - https:\/\/yoast.com\/wordpress\/plugins\/seo\/ -->\n<title>Akcja #Ride2Unite: legendarny Laurens ten Dam go\u015bciem drugiego streamu - \u0160koda We Love Cycling - Poland<\/title>\n<meta name=\"description\" content=\"Zauwa\u017cyli\u015bmy, \u017ce poza wskakiwaniem na rowery treningowe i udzia\u0142em w wirtualnych wy\u015bcigach fani kolarstwa z ogromnym zaanga\u017cowaniem ch\u0142on\u0105 wszystko, co zwi\u0105zane z dwoma k\u00f3\u0142kami. Dlatego te\u017c w ci\u0105gu najbli\u017cszych kilku tygodni we wsp\u00f3\u0142pracy ze s\u0142ynnymi postaciami ze \u015bwiata rower\u00f3w przygotujemy dla Was specjalne livestreamy pod szyldem akcji #Ride2Unite.\" \/>\n<meta name=\"robots\" content=\"index, follow, max-snippet:-1, max-image-preview:large, max-video-preview:-1\" \/>\n<link rel=\"canonical\" href=\"https:\/\/www.welovecycling.com\/pl\/2020\/05\/26\/akcja-ride2unite-legendarny-laurens-ten-dam-gosciem-drugiego-streamu\/\" \/>\n<meta property=\"og:locale\" content=\"pl_PL\" \/>\n<meta property=\"og:type\" content=\"article\" \/>\n<meta property=\"og:title\" content=\"Akcja #Ride2Unite: legendarny Laurens ten Dam go\u015bciem drugiego streamu\" \/>\n<meta property=\"og:description\" content=\"Zauwa\u017cyli\u015bmy, \u017ce poza wskakiwaniem na rowery treningowe i udzia\u0142em w wirtualnych wy\u015bcigach fani kolarstwa z ogromnym zaanga\u017cowaniem ch\u0142on\u0105 wszystko, co zwi\u0105zane z dwoma k\u00f3\u0142kami. Dlatego te\u017c w ci\u0105gu najbli\u017cszych kilku tygodni we wsp\u00f3\u0142pracy ze s\u0142ynnymi postaciami ze \u015bwiata rower\u00f3w przygotujemy dla Was specjalne livestreamy pod szyldem akcji #Ride2Unite.\" \/>\n<meta property=\"og:url\" content=\"https:\/\/www.welovecycling.com\/pl\/2020\/05\/26\/akcja-ride2unite-legendarny-laurens-ten-dam-gosciem-drugiego-streamu\/\" \/>\n<meta property=\"og:site_name\" content=\"\u0160koda We Love Cycling - Poland\" \/>\n<meta property=\"article:published_time\" content=\"2020-05-26T15:12:31+00:00\" \/>\n<meta property=\"og:image\" content=\"https:\/\/d2p6e6u75xmxt8.cloudfront.net\/5\/2020\/05\/r2u_linkshare_1200x628_Laurens.jpg\" \/>\n\t<meta property=\"og:image:width\" content=\"1200\" \/>\n\t<meta property=\"og:image:height\" content=\"628\" \/>\n\t<meta property=\"og:image:type\" content=\"image\/jpeg\" \/>\n<meta name=\"author\" content=\"oktawiamikulska\" \/>\n<meta name=\"twitter:card\" content=\"summary_large_image\" \/>\n<meta name=\"twitter:label1\" content=\"Written by\" \/>\n\t<meta name=\"twitter:data1\" content=\"WeLoveCycling\" \/>\n\t<meta name=\"twitter:label2\" content=\"Est. reading time\" \/>\n\t<meta name=\"twitter:data2\" content=\"2 minutes\" \/>\n<script type=\"application\/ld+json\" class=\"yoast-schema-graph\">{\"@context\":\"https:\/\/schema.org\",\"@graph\":[{\"@type\":\"WebPage\",\"@id\":\"https:\/\/www.welovecycling.com\/pl\/2020\/05\/26\/akcja-ride2unite-legendarny-laurens-ten-dam-gosciem-drugiego-streamu\/\",\"url\":\"https:\/\/www.welovecycling.com\/pl\/2020\/05\/26\/akcja-ride2unite-legendarny-laurens-ten-dam-gosciem-drugiego-streamu\/\",\"name\":\"Akcja #Ride2Unite: legendarny Laurens ten Dam go\u015bciem drugiego streamu - \u0160koda We Love Cycling - Poland\",\"isPartOf\":{\"@id\":\"https:\/\/www.welovecycling.com\/pl\/#website\"},\"primaryImageOfPage\":{\"@id\":\"https:\/\/www.welovecycling.com\/pl\/2020\/05\/26\/akcja-ride2unite-legendarny-laurens-ten-dam-gosciem-drugiego-streamu\/#primaryimage\"},\"image\":{\"@id\":\"https:\/\/www.welovecycling.com\/pl\/2020\/05\/26\/akcja-ride2unite-legendarny-laurens-ten-dam-gosciem-drugiego-streamu\/#primaryimage\"},\"thumbnailUrl\":\"https:\/\/d2p6e6u75xmxt8.cloudfront.net\/5\/2020\/05\/r2u_linkshare_1200x628_Laurens.jpg\",\"datePublished\":\"2020-05-26T15:12:31+00:00\",\"author\":{\"@id\":\"https:\/\/www.welovecycling.com\/pl\/#\/schema\/person\/4a79bac7bd265aa6a35a1079d36648be\"},\"description\":\"Zauwa\u017cyli\u015bmy, \u017ce poza wskakiwaniem na rowery treningowe i udzia\u0142em w wirtualnych wy\u015bcigach fani kolarstwa z ogromnym zaanga\u017cowaniem ch\u0142on\u0105 wszystko, co zwi\u0105zane z dwoma k\u00f3\u0142kami. Dlatego te\u017c w ci\u0105gu najbli\u017cszych kilku tygodni we wsp\u00f3\u0142pracy ze s\u0142ynnymi postaciami ze \u015bwiata rower\u00f3w przygotujemy dla Was specjalne livestreamy pod szyldem akcji #Ride2Unite.\",\"breadcrumb\":{\"@id\":\"https:\/\/www.welovecycling.com\/pl\/2020\/05\/26\/akcja-ride2unite-legendarny-laurens-ten-dam-gosciem-drugiego-streamu\/#breadcrumb\"},\"inLanguage\":\"pl-PL\",\"potentialAction\":[{\"@type\":\"ReadAction\",\"target\":[\"https:\/\/www.welovecycling.com\/pl\/2020\/05\/26\/akcja-ride2unite-legendarny-laurens-ten-dam-gosciem-drugiego-streamu\/\"]}]},{\"@type\":\"ImageObject\",\"inLanguage\":\"pl-PL\",\"@id\":\"https:\/\/www.welovecycling.com\/pl\/2020\/05\/26\/akcja-ride2unite-legendarny-laurens-ten-dam-gosciem-drugiego-streamu\/#primaryimage\",\"url\":\"https:\/\/d2p6e6u75xmxt8.cloudfront.net\/5\/2020\/05\/r2u_linkshare_1200x628_Laurens.jpg\",\"contentUrl\":\"https:\/\/d2p6e6u75xmxt8.cloudfront.net\/5\/2020\/05\/r2u_linkshare_1200x628_Laurens.jpg\",\"width\":1200,\"height\":628},{\"@type\":\"BreadcrumbList\",\"@id\":\"https:\/\/www.welovecycling.com\/pl\/2020\/05\/26\/akcja-ride2unite-legendarny-laurens-ten-dam-gosciem-drugiego-streamu\/#breadcrumb\",\"itemListElement\":[{\"@type\":\"ListItem\",\"position\":1,\"name\":\"Home\",\"item\":\"https:\/\/www.welovecycling.com\/pl\/\"},{\"@type\":\"ListItem\",\"position\":2,\"name\":\"Akcja #Ride2Unite: legendarny Laurens ten Dam go\u015bciem drugiego streamu\"}]},{\"@type\":\"WebSite\",\"@id\":\"https:\/\/www.welovecycling.com\/pl\/#website\",\"url\":\"https:\/\/www.welovecycling.com\/pl\/\",\"name\":\"\u0160koda We Love Cycling - Poland\",\"description\":\"\",\"potentialAction\":[{\"@type\":\"SearchAction\",\"target\":{\"@type\":\"EntryPoint\",\"urlTemplate\":\"https:\/\/www.welovecycling.com\/pl\/?s={search_term_string}\"},\"query-input\":{\"@type\":\"PropertyValueSpecification\",\"valueRequired\":true,\"valueName\":\"search_term_string\"}}],\"inLanguage\":\"pl-PL\"},{\"@type\":\"Person\",\"@id\":\"https:\/\/www.welovecycling.com\/pl\/#\/schema\/person\/4a79bac7bd265aa6a35a1079d36648be\",\"name\":\"oktawiamikulska\",\"image\":{\"@type\":\"ImageObject\",\"inLanguage\":\"pl-PL\",\"@id\":\"https:\/\/www.welovecycling.com\/pl\/#\/schema\/person\/image\/\",\"url\":\"https:\/\/secure.gravatar.com\/avatar\/b97a3f44e2de6d2f8dd358975937e49823662e12cbd810b9d1a2bff1c149e8a7?s=96&d=mm&r=g\",\"contentUrl\":\"https:\/\/secure.gravatar.com\/avatar\/b97a3f44e2de6d2f8dd358975937e49823662e12cbd810b9d1a2bff1c149e8a7?s=96&d=mm&r=g\",\"caption\":\"oktawiamikulska\"},\"url\":\"https:\/\/www.welovecycling.com\/pl\/author\/oktawiamikulska\/\"}]}<\/script>\n<!-- \/ Yoast SEO Premium plugin. -->","yoast_head_json":{"title":"Akcja #Ride2Unite: legendarny Laurens ten Dam go\u015bciem drugiego streamu - \u0160koda We Love Cycling - Poland","description":"Zauwa\u017cyli\u015bmy, \u017ce poza wskakiwaniem na rowery treningowe i udzia\u0142em w wirtualnych wy\u015bcigach fani kolarstwa z ogromnym zaanga\u017cowaniem ch\u0142on\u0105 wszystko, co zwi\u0105zane z dwoma k\u00f3\u0142kami. Dlatego te\u017c w ci\u0105gu najbli\u017cszych kilku tygodni we wsp\u00f3\u0142pracy ze s\u0142ynnymi postaciami ze \u015bwiata rower\u00f3w przygotujemy dla Was specjalne livestreamy pod szyldem akcji #Ride2Unite.","robots":{"index":"index","follow":"follow","max-snippet":"max-snippet:-1","max-image-preview":"max-image-preview:large","max-video-preview":"max-video-preview:-1"},"canonical":"https:\/\/www.welovecycling.com\/pl\/2020\/05\/26\/akcja-ride2unite-legendarny-laurens-ten-dam-gosciem-drugiego-streamu\/","og_locale":"pl_PL","og_type":"article","og_title":"Akcja #Ride2Unite: legendarny Laurens ten Dam go\u015bciem drugiego streamu","og_description":"Zauwa\u017cyli\u015bmy, \u017ce poza wskakiwaniem na rowery treningowe i udzia\u0142em w wirtualnych wy\u015bcigach fani kolarstwa z ogromnym zaanga\u017cowaniem ch\u0142on\u0105 wszystko, co zwi\u0105zane z dwoma k\u00f3\u0142kami. Dlatego te\u017c w ci\u0105gu najbli\u017cszych kilku tygodni we wsp\u00f3\u0142pracy ze s\u0142ynnymi postaciami ze \u015bwiata rower\u00f3w przygotujemy dla Was specjalne livestreamy pod szyldem akcji #Ride2Unite.","og_url":"https:\/\/www.welovecycling.com\/pl\/2020\/05\/26\/akcja-ride2unite-legendarny-laurens-ten-dam-gosciem-drugiego-streamu\/","og_site_name":"\u0160koda We Love Cycling - Poland","article_published_time":"2020-05-26T15:12:31+00:00","og_image":[{"width":1200,"height":628,"url":"https:\/\/d2p6e6u75xmxt8.cloudfront.net\/5\/2020\/05\/r2u_linkshare_1200x628_Laurens.jpg","type":"image\/jpeg"}],"author":"oktawiamikulska","twitter_card":"summary_large_image","twitter_misc":{"Written by":"WeLoveCycling","Est. reading time":"2 minutes"},"schema":{"@context":"https:\/\/schema.org","@graph":[{"@type":"WebPage","@id":"https:\/\/www.welovecycling.com\/pl\/2020\/05\/26\/akcja-ride2unite-legendarny-laurens-ten-dam-gosciem-drugiego-streamu\/","url":"https:\/\/www.welovecycling.com\/pl\/2020\/05\/26\/akcja-ride2unite-legendarny-laurens-ten-dam-gosciem-drugiego-streamu\/","name":"Akcja #Ride2Unite: legendarny Laurens ten Dam go\u015bciem drugiego streamu - \u0160koda We Love Cycling - Poland","isPartOf":{"@id":"https:\/\/www.welovecycling.com\/pl\/#website"},"primaryImageOfPage":{"@id":"https:\/\/www.welovecycling.com\/pl\/2020\/05\/26\/akcja-ride2unite-legendarny-laurens-ten-dam-gosciem-drugiego-streamu\/#primaryimage"},"image":{"@id":"https:\/\/www.welovecycling.com\/pl\/2020\/05\/26\/akcja-ride2unite-legendarny-laurens-ten-dam-gosciem-drugiego-streamu\/#primaryimage"},"thumbnailUrl":"https:\/\/d2p6e6u75xmxt8.cloudfront.net\/5\/2020\/05\/r2u_linkshare_1200x628_Laurens.jpg","datePublished":"2020-05-26T15:12:31+00:00","author":{"@id":"https:\/\/www.welovecycling.com\/pl\/#\/schema\/person\/4a79bac7bd265aa6a35a1079d36648be"},"description":"Zauwa\u017cyli\u015bmy, \u017ce poza wskakiwaniem na rowery treningowe i udzia\u0142em w wirtualnych wy\u015bcigach fani kolarstwa z ogromnym zaanga\u017cowaniem ch\u0142on\u0105 wszystko, co zwi\u0105zane z dwoma k\u00f3\u0142kami. Dlatego te\u017c w ci\u0105gu najbli\u017cszych kilku tygodni we wsp\u00f3\u0142pracy ze s\u0142ynnymi postaciami ze \u015bwiata rower\u00f3w przygotujemy dla Was specjalne livestreamy pod szyldem akcji #Ride2Unite.","breadcrumb":{"@id":"https:\/\/www.welovecycling.com\/pl\/2020\/05\/26\/akcja-ride2unite-legendarny-laurens-ten-dam-gosciem-drugiego-streamu\/#breadcrumb"},"inLanguage":"pl-PL","potentialAction":[{"@type":"ReadAction","target":["https:\/\/www.welovecycling.com\/pl\/2020\/05\/26\/akcja-ride2unite-legendarny-laurens-ten-dam-gosciem-drugiego-streamu\/"]}]},{"@type":"ImageObject","inLanguage":"pl-PL","@id":"https:\/\/www.welovecycling.com\/pl\/2020\/05\/26\/akcja-ride2unite-legendarny-laurens-ten-dam-gosciem-drugiego-streamu\/#primaryimage","url":"https:\/\/d2p6e6u75xmxt8.cloudfront.net\/5\/2020\/05\/r2u_linkshare_1200x628_Laurens.jpg","contentUrl":"https:\/\/d2p6e6u75xmxt8.cloudfront.net\/5\/2020\/05\/r2u_linkshare_1200x628_Laurens.jpg","width":1200,"height":628},{"@type":"BreadcrumbList","@id":"https:\/\/www.welovecycling.com\/pl\/2020\/05\/26\/akcja-ride2unite-legendarny-laurens-ten-dam-gosciem-drugiego-streamu\/#breadcrumb","itemListElement":[{"@type":"ListItem","position":1,"name":"Home","item":"https:\/\/www.welovecycling.com\/pl\/"},{"@type":"ListItem","position":2,"name":"Akcja #Ride2Unite: legendarny Laurens ten Dam go\u015bciem drugiego streamu"}]},{"@type":"WebSite","@id":"https:\/\/www.welovecycling.com\/pl\/#website","url":"https:\/\/www.welovecycling.com\/pl\/","name":"\u0160koda We Love Cycling - Poland","description":"","potentialAction":[{"@type":"SearchAction","target":{"@type":"EntryPoint","urlTemplate":"https:\/\/www.welovecycling.com\/pl\/?s={search_term_string}"},"query-input":{"@type":"PropertyValueSpecification","valueRequired":true,"valueName":"search_term_string"}}],"inLanguage":"pl-PL"},{"@type":"Person","@id":"https:\/\/www.welovecycling.com\/pl\/#\/schema\/person\/4a79bac7bd265aa6a35a1079d36648be","name":"oktawiamikulska","image":{"@type":"ImageObject","inLanguage":"pl-PL","@id":"https:\/\/www.welovecycling.com\/pl\/#\/schema\/person\/image\/","url":"https:\/\/secure.gravatar.com\/avatar\/b97a3f44e2de6d2f8dd358975937e49823662e12cbd810b9d1a2bff1c149e8a7?s=96&d=mm&r=g","contentUrl":"https:\/\/secure.gravatar.com\/avatar\/b97a3f44e2de6d2f8dd358975937e49823662e12cbd810b9d1a2bff1c149e8a7?s=96&d=mm&r=g","caption":"oktawiamikulska"},"url":"https:\/\/www.welovecycling.com\/pl\/author\/oktawiamikulska\/"}]}},"_links":{"self":[{"href":"https:\/\/www.welovecycling.com\/pl\/wp-json\/wp\/v2\/posts\/10712","targetHints":{"allow":["GET"]}}],"collection":[{"href":"https:\/\/www.welovecycling.com\/pl\/wp-json\/wp\/v2\/posts"}],"about":[{"href":"https:\/\/www.welovecycling.com\/pl\/wp-json\/wp\/v2\/types\/post"}],"author":[{"embeddable":true,"href":"https:\/\/www.welovecycling.com\/pl\/wp-json\/wp\/v2\/users\/125"}],"replies":[{"embeddable":true,"href":"https:\/\/www.welovecycling.com\/pl\/wp-json\/wp\/v2\/comments?post=10712"}],"version-history":[{"count":1,"href":"https:\/\/www.welovecycling.com\/pl\/wp-json\/wp\/v2\/posts\/10712\/revisions"}],"predecessor-version":[{"id":10714,"href":"https:\/\/www.welovecycling.com\/pl\/wp-json\/wp\/v2\/posts\/10712\/revisions\/10714"}],"wp:featuredmedia":[{"embeddable":true,"href":"https:\/\/www.welovecycling.com\/pl\/wp-json\/wp\/v2\/media\/10713"}],"wp:attachment":[{"href":"https:\/\/www.welovecycling.com\/pl\/wp-json\/wp\/v2\/media?parent=10712"}],"wp:term":[{"taxonomy":"category","embeddable":true,"href":"https:\/\/www.welovecycling.com\/pl\/wp-json\/wp\/v2\/categories?post=10712"},{"taxonomy":"post_tag","embeddable":true,"href":"https:\/\/www.welovecycling.com\/pl\/wp-json\/wp\/v2\/tags?post=10712"},{"taxonomy":"global-categories","embeddable":true,"href":"https:\/\/www.welovecycling.com\/pl\/wp-json\/wp\/v2\/global-categories?post=10712"}],"curies":[{"name":"wp","href":"https:\/\/api.w.org\/{rel}","templated":true}]}}