{"id":10695,"date":"2020-05-25T13:36:52","date_gmt":"2020-05-25T13:36:52","guid":{"rendered":"https:\/\/www.welovecycling.com\/pl\/?p=10695"},"modified":"2020-05-25T13:36:52","modified_gmt":"2020-05-25T13:36:52","slug":"najlepsi-kolarze-swiata-nie-nudza-sie-kurs-fryzjerski-pokaz-tanca-popisy-wokalne","status":"publish","type":"post","link":"https:\/\/www.welovecycling.com\/pl\/2020\/05\/25\/najlepsi-kolarze-swiata-nie-nudza-sie-kurs-fryzjerski-pokaz-tanca-popisy-wokalne\/","title":{"rendered":"Najlepsi kolarze \u015bwiata nie nudz\u0105 si\u0119! Kurs fryzjerski, pokaz ta\u0144ca, popisy wokalne\u2026"},"content":{"rendered":"<p><strong>Normalnie \u015bcigaliby si\u0119 na trasach i wykr\u0119cali kilometry na treningach. Podczas pandemii najlepsi kolarze \u015bwiata oczywi\u015bcie musz\u0105 dba\u0107 o form\u0119, ale jak wszyscy \u2013 szukaj\u0105 te\u017c sposob\u00f3w na zabicie nudy. A ogranicza ich tylko wyobra\u017ania\u2026<\/strong><\/p>\n<p>W czasie pandemii ludzie robi\u0105 r\u00f3\u017cne dziwne rzeczy. Jedni bior\u0105 udzia\u0142 w \u015bmiesznych challengach, inni nie potrafi\u0105 znale\u017a\u0107 sobie miejsce, a Julien Alaphilippe\u2026<\/p>\n<p>https:\/\/www.instagram.com\/p\/B-3zwdDjMOp\/?utm_source=ig_web_copy_link<\/p>\n<p>Po pokazie ta\u0144ca nadszed\u0142 jednak czas na trening. W takich okoliczno\u015bciach przyrody to jednak sama przyjemno\u015b\u0107<\/p>\n<p>https:\/\/www.instagram.com\/p\/B_7ayAbqZUu\/?utm_source=ig_web_copy_link<\/p>\n<p>&nbsp;<\/p>\n<p>Podczas pobytu w domu, r\u0119kawic\u0119 w rywalizacji tanecznej Francuzowi rzuci\u0142 Rigoberto Uran. Kto Waszym zdaniem jest zwyci\u0119zc\u0105?<\/p>\n<p>https:\/\/www.instagram.com\/p\/CAEUJC_Hsjt\/?utm_source=ig_web_copy_link<\/p>\n<p>W czasie pandemii niekt\u00f3rzy kolarze odkrywaj\u0105 u siebie te\u017c dodatkowe talenty, bardzo przydatne w tych trudnych czasach. Uran poprowadzi\u0142 szybki kurs fryzjerski<\/p>\n<p>https:\/\/www.instagram.com\/tv\/CAJrVClAAlf\/?utm_source=ig_web_copy_link<\/p>\n<p>Przy okazji Kolumbijczyk zaprezentowa\u0142 r\u00f3wnie\u017c styl, jaki b\u0119dzie obowi\u0105zywa\u0142, gdy ju\u017c wr\u00f3cimy do biur i urz\u0119d\u00f3w<\/p>\n<p>https:\/\/www.instagram.com\/p\/CAdJiS9H5_a\/?utm_source=ig_web_copy_link<\/p>\n<p>Pe\u0142en profesjonalizm panuje u Christophera Froome, kt\u00f3ry przygotowuje si\u0119 do wej\u015bcia do historii. Stanie si\u0119 tak, gdy po raz pi\u0105ty wygra Tour de France. Brytyjczyk przygotowuje si\u0119 do tego w taki spos\u00f3b:<\/p>\n<div class=\"embed-controller-wrapper\">\n<blockquote class=\"twitter-tweet\" data-width=\"500\" data-dnt=\"true\">\n<p lang=\"en\" dir=\"ltr\">Me to my coach \u201cI\u2019m just going to take it easy today\u201d. Also me \ud83d\udc47\ud83d\ude2c <a href=\"https:\/\/twitter.com\/hashtag\/WahooAllIn?src=hash&amp;ref_src=twsrc%5Etfw\">#WahooAllIn<\/a> @TeamINEOS <a href=\"https:\/\/twitter.com\/ScienceinSport?ref_src=twsrc%5Etfw\">@ScienceinSport<\/a> <a href=\"https:\/\/twitter.com\/tiktok_uk?ref_src=twsrc%5Etfw\">@tiktok_uk<\/a> <a href=\"https:\/\/t.co\/x64wPxsgzh\">https:\/\/t.co\/x64wPxsgzh<\/a> <a href=\"https:\/\/t.co\/2gA3RunfTY\">pic.twitter.com\/2gA3RunfTY<\/a><\/p>\n<p>&mdash; Chris Froome (@chrisfroome) <a href=\"https:\/\/twitter.com\/chrisfroome\/status\/1256551419483652096?ref_src=twsrc%5Etfw\">May 2, 2020<\/a><\/p><\/blockquote>\n<p><script async data-src=\"https:\/\/platform.twitter.com\/widgets.js\" charset=\"utf-8\"><\/script><\/div>\n<p>Froome trenuje w swojej prywatnej si\u0142owni, kt\u00f3ra robi wra\u017cenie. Popatrzcie tylko na t\u0119 kolekcj\u0119 rower\u00f3w!<\/p>\n<div class=\"embed-controller-wrapper\">\n<blockquote class=\"twitter-tweet\" data-width=\"500\" data-dnt=\"true\">\n<p lang=\"en\" dir=\"ltr\">Inside <a href=\"https:\/\/twitter.com\/chrisfroome?ref_src=twsrc%5Etfw\">@chrisfroome<\/a> home gym | Lockdown Lowdown Episode 2. <a href=\"https:\/\/t.co\/ry3VeCjC78\">https:\/\/t.co\/ry3VeCjC78<\/a> ft <a href=\"https:\/\/twitter.com\/George_North?ref_src=twsrc%5Etfw\">@George_North<\/a> <a href=\"https:\/\/twitter.com\/Bdownie?ref_src=twsrc%5Etfw\">@Bdownie<\/a> <a href=\"https:\/\/twitter.com\/elliedownie?ref_src=twsrc%5Etfw\">@elliedownie<\/a> <a href=\"https:\/\/t.co\/mSo5fBNAow\">pic.twitter.com\/mSo5fBNAow<\/a><\/p>\n<p>&mdash; Aimee Fuller (@aimee_fuller) <a href=\"https:\/\/twitter.com\/aimee_fuller\/status\/1257619088014262275?ref_src=twsrc%5Etfw\">May 5, 2020<\/a><\/p><\/blockquote>\n<p><script async data-src=\"https:\/\/platform.twitter.com\/widgets.js\" charset=\"utf-8\"><\/script><\/div>\n<p>Kilka dni temu Brytyjczyk \u015bwi\u0119towa\u0142 35. urodziny. \u201ePo raz pierwszy od 10 lat obchodz\u0119 je w domu. Zwykle w tym czasie trenowa\u0142em na Teneryfie, wi\u0119c to prawdziwa gratka\u201d \u2013 przyzna\u0142 zawodnik Team Ineos.<\/p>\n<div class=\"embed-controller-wrapper\">\n<blockquote class=\"twitter-tweet\" data-width=\"500\" data-dnt=\"true\">\n<p lang=\"en\" dir=\"ltr\">Thank you for all the birthday messages \u2764\ufe0f It\u2019s the first time in 10 years I\u2019ve been home for my birthday \ud83e\udd73\ud83c\udf82 Usually I\u2019d be in Tenerife training, so this is a real treat \ud83d\ude01 <a href=\"https:\/\/t.co\/MAz248WLrl\">pic.twitter.com\/MAz248WLrl<\/a><\/p>\n<p>&mdash; Chris Froome (@chrisfroome) <a href=\"https:\/\/twitter.com\/chrisfroome\/status\/1263162858860417024?ref_src=twsrc%5Etfw\">May 20, 2020<\/a><\/p><\/blockquote>\n<p><script async data-src=\"https:\/\/platform.twitter.com\/widgets.js\" charset=\"utf-8\"><\/script><\/div>\n<p>Froome prezent dosta\u0142 te\u017c od organizator\u00f3w Tour de France, kt\u00f3rzy przypomnieli wy\u015bcig z 2017 r., kt\u00f3ry wygra\u0142 w\u0142a\u015bnie Brytyjczyk<\/p>\n<div class=\"embed-controller-wrapper\">\n<blockquote class=\"twitter-tweet\" data-width=\"500\" data-dnt=\"true\">\n<p lang=\"fr\" dir=\"ltr\">\u23ea A look back at some of the most recent editions of the Tour.<br \/>Today, it\u2019s the <a href=\"https:\/\/twitter.com\/hashtag\/TDF2017?src=hash&amp;ref_src=twsrc%5Etfw\">#TDF2017<\/a> and a fourth win for <a href=\"https:\/\/twitter.com\/chrisfroome?ref_src=twsrc%5Etfw\">@chrisfroome<\/a>.<\/p>\n<p>\u23ea Retour sur les derni\u00e8res \u00e9ditions du Tour. <br \/>Aujourd\u2019hui, le <a href=\"https:\/\/twitter.com\/hashtag\/TDF2017?src=hash&amp;ref_src=twsrc%5Etfw\">#TDF2017<\/a>  et la quatri\u00e8me victoire de <a href=\"https:\/\/twitter.com\/chrisfroome?ref_src=twsrc%5Etfw\">@chrisfroome<\/a>. <a href=\"https:\/\/t.co\/NjPDgQpTcA\">pic.twitter.com\/NjPDgQpTcA<\/a><\/p>\n<p>&mdash; Tour de France\u2122 (@LeTour) <a href=\"https:\/\/twitter.com\/LeTour\/status\/1261685877475954691?ref_src=twsrc%5Etfw\">May 16, 2020<\/a><\/p><\/blockquote>\n<p><script async data-src=\"https:\/\/platform.twitter.com\/widgets.js\" charset=\"utf-8\"><\/script><\/div>\n<p>Wcze\u015bniej 36. urodziny obchodzi\u0142 inny zawodnik Team Ineos \u2013 Micha\u0142 Go\u0142a\u015b. \u201eKolega z dru\u017cyny, kumpel, sensei\u201d \u2013 kr\u00f3tko opisa\u0142 go inny Micha\u0142 z Ineos \u2013 Kwiatkowski.<\/p>\n<div class=\"embed-controller-wrapper\">\n<blockquote class=\"twitter-tweet\" data-width=\"500\" data-dnt=\"true\">\n<p lang=\"en\" dir=\"ltr\">Teammate, buddy, sensei. He can do it all. And he\u2019s been always there. Enjoy your bithday <a href=\"https:\/\/twitter.com\/golasmichal?ref_src=twsrc%5Etfw\">@golasmichal<\/a> \ud83c\udf82 <a href=\"https:\/\/t.co\/jAEsesEZDw\">pic.twitter.com\/jAEsesEZDw<\/a><\/p>\n<p>&mdash; Micha\u0142 Kwiatkowski (@kwiato) <a href=\"https:\/\/twitter.com\/kwiato\/status\/1255479950574006273?ref_src=twsrc%5Etfw\">April 29, 2020<\/a><\/p><\/blockquote>\n<p><script async data-src=\"https:\/\/platform.twitter.com\/widgets.js\" charset=\"utf-8\"><\/script><\/div>\n<p>\u015awi\u0119towanie \u015bwi\u0119towaniem, ale trening sam si\u0119 nie zrobi. Wie co\u015b o tym Kwiatkowski\u2026<\/p>\n<div class=\"embed-controller-wrapper\">\n<blockquote class=\"twitter-tweet\" data-width=\"500\" data-dnt=\"true\">\n<p lang=\"en\" dir=\"ltr\">I\u2019d like to thank <a href=\"https:\/\/twitter.com\/Outkast?ref_src=twsrc%5Etfw\">@outkast<\/a>, <a href=\"https:\/\/twitter.com\/drdre?ref_src=twsrc%5Etfw\">@drdre<\/a>, <a href=\"https:\/\/twitter.com\/50cent?ref_src=twsrc%5Etfw\">@50cent<\/a> and <a href=\"https:\/\/twitter.com\/SnoopDogg?ref_src=twsrc%5Etfw\">@SnoopDogg<\/a> for today\u2019s ride \ud83d\ude05\ud83d\udd0a @TeamINEOS <a href=\"https:\/\/twitter.com\/VelonCC?ref_src=twsrc%5Etfw\">@VelonCC<\/a> <a href=\"https:\/\/twitter.com\/hashtag\/DigitalSwiss5?src=hash&amp;ref_src=twsrc%5Etfw\">#DigitalSwiss5<\/a> <a href=\"https:\/\/t.co\/HDwMWt1fI4\">pic.twitter.com\/HDwMWt1fI4<\/a><\/p>\n<p>&mdash; Micha\u0142 Kwiatkowski (@kwiato) <a href=\"https:\/\/twitter.com\/kwiato\/status\/1253733176847093761?ref_src=twsrc%5Etfw\">April 24, 2020<\/a><\/p><\/blockquote>\n<p><script async data-src=\"https:\/\/platform.twitter.com\/widgets.js\" charset=\"utf-8\"><\/script><\/div>\n<p>\u2026 kt\u00f3ry postanowi\u0142 te\u017c spr\u00f3bowa\u0107 si\u0119 w wirtualnych wy\u015bcigach<\/p>\n<div class=\"embed-controller-wrapper\">\n<blockquote class=\"twitter-tweet\" data-width=\"500\" data-dnt=\"true\">\n<p lang=\"en\" dir=\"ltr\">My view for the next hour \ud83d\ude0d<a href=\"https:\/\/twitter.com\/hashtag\/DigitalSwiss5?src=hash&amp;ref_src=twsrc%5Etfw\">#DigitalSwiss5<\/a>\ud83c\udde8\ud83c\udded@TeamINEOS <a href=\"https:\/\/t.co\/5Al6niI226\">pic.twitter.com\/5Al6niI226<\/a><\/p>\n<p>&mdash; Micha\u0142 Kwiatkowski (@kwiato) <a href=\"https:\/\/twitter.com\/kwiato\/status\/1254382499708502016?ref_src=twsrc%5Etfw\">April 26, 2020<\/a><\/p><\/blockquote>\n<p><script async data-src=\"https:\/\/platform.twitter.com\/widgets.js\" charset=\"utf-8\"><\/script><\/div>\n<p>Nic jednak nie zast\u0105pi peda\u0142owania i rywalizacji w rzeczywistym \u015bwiecie, wi\u0119c na koniec ekipa Bora Hansgrohe wyrazi\u0142a \u017cyczenie nas wszystkich, czyli st\u0119sknionych fan\u00f3w kolarstwa!<\/p>\n<p>https:\/\/www.facebook.com\/rafalmajkaofficial\/posts\/2919714244784222<\/p>\n<p>&nbsp;<\/p>\n<p>Przypomnijmy, \u017ce sezon kolarski ma si\u0119 rozpocz\u0105\u0107 1 sierpnia\u00a0wy\u015bcigiem Strade Bianche. Cztery dni p\u00f3\u017aniej wystartuje Tour de Pologne, a w dniach 29 sierpnia &#8211; 20 wrze\u015bnia rozegrany zostanie Tour de France.<\/p>\n<p>Z ca\u0142ym kalendarzem start\u00f3w w 2020 r. mo\u017cecie zapozna\u0107 si\u0119 <a href=\"https:\/\/www.welovecycling.com\/pl\/2020\/05\/06\/uzupelniamy-kalendarze-oto-terminy-najwiekszych-wyscigow-w-2020-r\/\">TUTAJ.<\/a><\/p>\n<p><span data-sheets-value=\"{&quot;1&quot;:2,&quot;2&quot;:&quot;Artyku\u0142 powsta\u0142 we wsp\u00f3\u0142pracy ze skoda-auto.pl&quot;}\" data-sheets-userformat=\"{&quot;2&quot;:1,&quot;3&quot;:{&quot;1&quot;:0}}\" data-sheets-hyperlink=\"http:\/\/www.skoda-auto.pl\/\"><a class=\"in-cell-link\" href=\"http:\/\/www.skoda-auto.pl\/\" target=\"_blank\" rel=\"noopener noreferrer\">Artyku\u0142 powsta\u0142 we wsp\u00f3\u0142pracy ze skoda-auto.pl<\/a><\/span><\/p>\n<p><a href=\"https:\/\/www.skoda-auto.pl\/modele\/karoq\">\u00a0<\/a><a href=\"https:\/\/www.skoda-auto.pl\/modele\/kodiaq\"><img loading=\"lazy\" decoding=\"async\" class=\"aligncenter wp-image-9607 size-full\" src=\"https:\/\/d2p6e6u75xmxt8.cloudfront.net\/5\/2019\/08\/baner_WLC_640x350_2.png\" alt=\"\" width=\"640\" height=\"350\" srcset=\"https:\/\/d2p6e6u75xmxt8.cloudfront.net\/5\/2019\/08\/baner_WLC_640x350_2.png 640w, https:\/\/d2p6e6u75xmxt8.cloudfront.net\/5\/2019\/08\/baner_WLC_640x350_2-300x164.png 300w\" sizes=\"auto, (max-width: 640px) 100vw, 640px\" \/><\/a><\/p>\n<p>&nbsp;<\/p>\n<p>&nbsp;<\/p>\n","protected":false},"excerpt":{"rendered":"<p>Normalnie \u015bcigaliby si\u0119 na trasach i wykr\u0119cali kilometry na treningach. Podczas pandemii najlepsi kolarze \u015bwiata oczywi\u015bcie musz\u0105 dba\u0107 o form\u0119, [&hellip;]<\/p>\n","protected":false},"author":125,"featured_media":10711,"comment_status":"open","ping_status":"open","sticky":false,"template":"","format":"standard","meta":{"footnotes":""},"categories":[226],"tags":[],"global-categories":[303],"class_list":["post-10695","post","type-post","status-publish","format-standard","has-post-thumbnail","hentry","category-ciekawostki","global-categories-cycling"],"yoast_head":"<!-- This site is optimized with the Yoast SEO Premium plugin v25.3 (Yoast SEO v25.9) - https:\/\/yoast.com\/wordpress\/plugins\/seo\/ -->\n<title>Najlepsi kolarze \u015bwiata nie nudz\u0105 si\u0119! Kurs fryzjerski, pokaz ta\u0144ca, popisy wokalne\u2026 - \u0160koda We Love Cycling - Poland<\/title>\n<meta name=\"description\" content=\"Normalnie \u015bcigaliby si\u0119 na trasach i wykr\u0119cali kilometry na treningach. Podczas pandemii najlepsi kolarze \u015bwiata oczywi\u015bcie musz\u0105 dba\u0107 o form\u0119, ale jak wszyscy \u2013 szukaj\u0105 te\u017c sposob\u00f3w na zabicie nudy. A ogranicza ich tylko wyobra\u017ania\u2026\" \/>\n<meta name=\"robots\" content=\"index, follow, max-snippet:-1, max-image-preview:large, max-video-preview:-1\" \/>\n<link rel=\"canonical\" href=\"https:\/\/www.welovecycling.com\/pl\/2020\/05\/25\/najlepsi-kolarze-swiata-nie-nudza-sie-kurs-fryzjerski-pokaz-tanca-popisy-wokalne\/\" \/>\n<meta property=\"og:locale\" content=\"pl_PL\" \/>\n<meta property=\"og:type\" content=\"article\" \/>\n<meta property=\"og:title\" content=\"Najlepsi kolarze \u015bwiata nie nudz\u0105 si\u0119! Kurs fryzjerski, pokaz ta\u0144ca, popisy wokalne\u2026\" \/>\n<meta property=\"og:description\" content=\"Normalnie \u015bcigaliby si\u0119 na trasach i wykr\u0119cali kilometry na treningach. Podczas pandemii najlepsi kolarze \u015bwiata oczywi\u015bcie musz\u0105 dba\u0107 o form\u0119, ale jak wszyscy \u2013 szukaj\u0105 te\u017c sposob\u00f3w na zabicie nudy. A ogranicza ich tylko wyobra\u017ania\u2026\" \/>\n<meta property=\"og:url\" content=\"https:\/\/www.welovecycling.com\/pl\/2020\/05\/25\/najlepsi-kolarze-swiata-nie-nudza-sie-kurs-fryzjerski-pokaz-tanca-popisy-wokalne\/\" \/>\n<meta property=\"og:site_name\" content=\"\u0160koda We Love Cycling - Poland\" \/>\n<meta property=\"article:published_time\" content=\"2020-05-25T13:36:52+00:00\" \/>\n<meta property=\"og:image\" content=\"https:\/\/d2p6e6u75xmxt8.cloudfront.net\/5\/2020\/05\/25.05-zawodowcy-002.jpg\" \/>\n\t<meta property=\"og:image:width\" content=\"1024\" \/>\n\t<meta property=\"og:image:height\" content=\"450\" \/>\n\t<meta property=\"og:image:type\" content=\"image\/jpeg\" \/>\n<meta name=\"author\" content=\"oktawiamikulska\" \/>\n<meta name=\"twitter:card\" content=\"summary_large_image\" \/>\n<meta name=\"twitter:label1\" content=\"Written by\" \/>\n\t<meta name=\"twitter:data1\" content=\"Piotr Nowik\" \/>\n\t<meta name=\"twitter:label2\" content=\"Est. reading time\" \/>\n\t<meta name=\"twitter:data2\" content=\"3 minutes\" \/>\n<script type=\"application\/ld+json\" class=\"yoast-schema-graph\">{\"@context\":\"https:\/\/schema.org\",\"@graph\":[{\"@type\":\"WebPage\",\"@id\":\"https:\/\/www.welovecycling.com\/pl\/2020\/05\/25\/najlepsi-kolarze-swiata-nie-nudza-sie-kurs-fryzjerski-pokaz-tanca-popisy-wokalne\/\",\"url\":\"https:\/\/www.welovecycling.com\/pl\/2020\/05\/25\/najlepsi-kolarze-swiata-nie-nudza-sie-kurs-fryzjerski-pokaz-tanca-popisy-wokalne\/\",\"name\":\"Najlepsi kolarze \u015bwiata nie nudz\u0105 si\u0119! Kurs fryzjerski, pokaz ta\u0144ca, popisy wokalne\u2026 - \u0160koda We Love Cycling - Poland\",\"isPartOf\":{\"@id\":\"https:\/\/www.welovecycling.com\/pl\/#website\"},\"primaryImageOfPage\":{\"@id\":\"https:\/\/www.welovecycling.com\/pl\/2020\/05\/25\/najlepsi-kolarze-swiata-nie-nudza-sie-kurs-fryzjerski-pokaz-tanca-popisy-wokalne\/#primaryimage\"},\"image\":{\"@id\":\"https:\/\/www.welovecycling.com\/pl\/2020\/05\/25\/najlepsi-kolarze-swiata-nie-nudza-sie-kurs-fryzjerski-pokaz-tanca-popisy-wokalne\/#primaryimage\"},\"thumbnailUrl\":\"https:\/\/d2p6e6u75xmxt8.cloudfront.net\/5\/2020\/05\/25.05-zawodowcy-002.jpg\",\"datePublished\":\"2020-05-25T13:36:52+00:00\",\"author\":{\"@id\":\"https:\/\/www.welovecycling.com\/pl\/#\/schema\/person\/4a79bac7bd265aa6a35a1079d36648be\"},\"description\":\"Normalnie \u015bcigaliby si\u0119 na trasach i wykr\u0119cali kilometry na treningach. Podczas pandemii najlepsi kolarze \u015bwiata oczywi\u015bcie musz\u0105 dba\u0107 o form\u0119, ale jak wszyscy \u2013 szukaj\u0105 te\u017c sposob\u00f3w na zabicie nudy. A ogranicza ich tylko wyobra\u017ania\u2026\",\"breadcrumb\":{\"@id\":\"https:\/\/www.welovecycling.com\/pl\/2020\/05\/25\/najlepsi-kolarze-swiata-nie-nudza-sie-kurs-fryzjerski-pokaz-tanca-popisy-wokalne\/#breadcrumb\"},\"inLanguage\":\"pl-PL\",\"potentialAction\":[{\"@type\":\"ReadAction\",\"target\":[\"https:\/\/www.welovecycling.com\/pl\/2020\/05\/25\/najlepsi-kolarze-swiata-nie-nudza-sie-kurs-fryzjerski-pokaz-tanca-popisy-wokalne\/\"]}]},{\"@type\":\"ImageObject\",\"inLanguage\":\"pl-PL\",\"@id\":\"https:\/\/www.welovecycling.com\/pl\/2020\/05\/25\/najlepsi-kolarze-swiata-nie-nudza-sie-kurs-fryzjerski-pokaz-tanca-popisy-wokalne\/#primaryimage\",\"url\":\"https:\/\/d2p6e6u75xmxt8.cloudfront.net\/5\/2020\/05\/25.05-zawodowcy-002.jpg\",\"contentUrl\":\"https:\/\/d2p6e6u75xmxt8.cloudfront.net\/5\/2020\/05\/25.05-zawodowcy-002.jpg\",\"width\":1024,\"height\":450},{\"@type\":\"BreadcrumbList\",\"@id\":\"https:\/\/www.welovecycling.com\/pl\/2020\/05\/25\/najlepsi-kolarze-swiata-nie-nudza-sie-kurs-fryzjerski-pokaz-tanca-popisy-wokalne\/#breadcrumb\",\"itemListElement\":[{\"@type\":\"ListItem\",\"position\":1,\"name\":\"Home\",\"item\":\"https:\/\/www.welovecycling.com\/pl\/\"},{\"@type\":\"ListItem\",\"position\":2,\"name\":\"Najlepsi kolarze \u015bwiata nie nudz\u0105 si\u0119! Kurs fryzjerski, pokaz ta\u0144ca, popisy wokalne\u2026\"}]},{\"@type\":\"WebSite\",\"@id\":\"https:\/\/www.welovecycling.com\/pl\/#website\",\"url\":\"https:\/\/www.welovecycling.com\/pl\/\",\"name\":\"\u0160koda We Love Cycling - Poland\",\"description\":\"\",\"potentialAction\":[{\"@type\":\"SearchAction\",\"target\":{\"@type\":\"EntryPoint\",\"urlTemplate\":\"https:\/\/www.welovecycling.com\/pl\/?s={search_term_string}\"},\"query-input\":{\"@type\":\"PropertyValueSpecification\",\"valueRequired\":true,\"valueName\":\"search_term_string\"}}],\"inLanguage\":\"pl-PL\"},{\"@type\":\"Person\",\"@id\":\"https:\/\/www.welovecycling.com\/pl\/#\/schema\/person\/4a79bac7bd265aa6a35a1079d36648be\",\"name\":\"oktawiamikulska\",\"image\":{\"@type\":\"ImageObject\",\"inLanguage\":\"pl-PL\",\"@id\":\"https:\/\/www.welovecycling.com\/pl\/#\/schema\/person\/image\/\",\"url\":\"https:\/\/secure.gravatar.com\/avatar\/b97a3f44e2de6d2f8dd358975937e49823662e12cbd810b9d1a2bff1c149e8a7?s=96&d=mm&r=g\",\"contentUrl\":\"https:\/\/secure.gravatar.com\/avatar\/b97a3f44e2de6d2f8dd358975937e49823662e12cbd810b9d1a2bff1c149e8a7?s=96&d=mm&r=g\",\"caption\":\"oktawiamikulska\"},\"url\":\"https:\/\/www.welovecycling.com\/pl\/author\/oktawiamikulska\/\"}]}<\/script>\n<!-- \/ Yoast SEO Premium plugin. -->","yoast_head_json":{"title":"Najlepsi kolarze \u015bwiata nie nudz\u0105 si\u0119! Kurs fryzjerski, pokaz ta\u0144ca, popisy wokalne\u2026 - \u0160koda We Love Cycling - Poland","description":"Normalnie \u015bcigaliby si\u0119 na trasach i wykr\u0119cali kilometry na treningach. Podczas pandemii najlepsi kolarze \u015bwiata oczywi\u015bcie musz\u0105 dba\u0107 o form\u0119, ale jak wszyscy \u2013 szukaj\u0105 te\u017c sposob\u00f3w na zabicie nudy. A ogranicza ich tylko wyobra\u017ania\u2026","robots":{"index":"index","follow":"follow","max-snippet":"max-snippet:-1","max-image-preview":"max-image-preview:large","max-video-preview":"max-video-preview:-1"},"canonical":"https:\/\/www.welovecycling.com\/pl\/2020\/05\/25\/najlepsi-kolarze-swiata-nie-nudza-sie-kurs-fryzjerski-pokaz-tanca-popisy-wokalne\/","og_locale":"pl_PL","og_type":"article","og_title":"Najlepsi kolarze \u015bwiata nie nudz\u0105 si\u0119! Kurs fryzjerski, pokaz ta\u0144ca, popisy wokalne\u2026","og_description":"Normalnie \u015bcigaliby si\u0119 na trasach i wykr\u0119cali kilometry na treningach. Podczas pandemii najlepsi kolarze \u015bwiata oczywi\u015bcie musz\u0105 dba\u0107 o form\u0119, ale jak wszyscy \u2013 szukaj\u0105 te\u017c sposob\u00f3w na zabicie nudy. A ogranicza ich tylko wyobra\u017ania\u2026","og_url":"https:\/\/www.welovecycling.com\/pl\/2020\/05\/25\/najlepsi-kolarze-swiata-nie-nudza-sie-kurs-fryzjerski-pokaz-tanca-popisy-wokalne\/","og_site_name":"\u0160koda We Love Cycling - Poland","article_published_time":"2020-05-25T13:36:52+00:00","og_image":[{"width":1024,"height":450,"url":"https:\/\/d2p6e6u75xmxt8.cloudfront.net\/5\/2020\/05\/25.05-zawodowcy-002.jpg","type":"image\/jpeg"}],"author":"oktawiamikulska","twitter_card":"summary_large_image","twitter_misc":{"Written by":"Piotr Nowik","Est. reading time":"3 minutes"},"schema":{"@context":"https:\/\/schema.org","@graph":[{"@type":"WebPage","@id":"https:\/\/www.welovecycling.com\/pl\/2020\/05\/25\/najlepsi-kolarze-swiata-nie-nudza-sie-kurs-fryzjerski-pokaz-tanca-popisy-wokalne\/","url":"https:\/\/www.welovecycling.com\/pl\/2020\/05\/25\/najlepsi-kolarze-swiata-nie-nudza-sie-kurs-fryzjerski-pokaz-tanca-popisy-wokalne\/","name":"Najlepsi kolarze \u015bwiata nie nudz\u0105 si\u0119! Kurs fryzjerski, pokaz ta\u0144ca, popisy wokalne\u2026 - \u0160koda We Love Cycling - Poland","isPartOf":{"@id":"https:\/\/www.welovecycling.com\/pl\/#website"},"primaryImageOfPage":{"@id":"https:\/\/www.welovecycling.com\/pl\/2020\/05\/25\/najlepsi-kolarze-swiata-nie-nudza-sie-kurs-fryzjerski-pokaz-tanca-popisy-wokalne\/#primaryimage"},"image":{"@id":"https:\/\/www.welovecycling.com\/pl\/2020\/05\/25\/najlepsi-kolarze-swiata-nie-nudza-sie-kurs-fryzjerski-pokaz-tanca-popisy-wokalne\/#primaryimage"},"thumbnailUrl":"https:\/\/d2p6e6u75xmxt8.cloudfront.net\/5\/2020\/05\/25.05-zawodowcy-002.jpg","datePublished":"2020-05-25T13:36:52+00:00","author":{"@id":"https:\/\/www.welovecycling.com\/pl\/#\/schema\/person\/4a79bac7bd265aa6a35a1079d36648be"},"description":"Normalnie \u015bcigaliby si\u0119 na trasach i wykr\u0119cali kilometry na treningach. Podczas pandemii najlepsi kolarze \u015bwiata oczywi\u015bcie musz\u0105 dba\u0107 o form\u0119, ale jak wszyscy \u2013 szukaj\u0105 te\u017c sposob\u00f3w na zabicie nudy. A ogranicza ich tylko wyobra\u017ania\u2026","breadcrumb":{"@id":"https:\/\/www.welovecycling.com\/pl\/2020\/05\/25\/najlepsi-kolarze-swiata-nie-nudza-sie-kurs-fryzjerski-pokaz-tanca-popisy-wokalne\/#breadcrumb"},"inLanguage":"pl-PL","potentialAction":[{"@type":"ReadAction","target":["https:\/\/www.welovecycling.com\/pl\/2020\/05\/25\/najlepsi-kolarze-swiata-nie-nudza-sie-kurs-fryzjerski-pokaz-tanca-popisy-wokalne\/"]}]},{"@type":"ImageObject","inLanguage":"pl-PL","@id":"https:\/\/www.welovecycling.com\/pl\/2020\/05\/25\/najlepsi-kolarze-swiata-nie-nudza-sie-kurs-fryzjerski-pokaz-tanca-popisy-wokalne\/#primaryimage","url":"https:\/\/d2p6e6u75xmxt8.cloudfront.net\/5\/2020\/05\/25.05-zawodowcy-002.jpg","contentUrl":"https:\/\/d2p6e6u75xmxt8.cloudfront.net\/5\/2020\/05\/25.05-zawodowcy-002.jpg","width":1024,"height":450},{"@type":"BreadcrumbList","@id":"https:\/\/www.welovecycling.com\/pl\/2020\/05\/25\/najlepsi-kolarze-swiata-nie-nudza-sie-kurs-fryzjerski-pokaz-tanca-popisy-wokalne\/#breadcrumb","itemListElement":[{"@type":"ListItem","position":1,"name":"Home","item":"https:\/\/www.welovecycling.com\/pl\/"},{"@type":"ListItem","position":2,"name":"Najlepsi kolarze \u015bwiata nie nudz\u0105 si\u0119! Kurs fryzjerski, pokaz ta\u0144ca, popisy wokalne\u2026"}]},{"@type":"WebSite","@id":"https:\/\/www.welovecycling.com\/pl\/#website","url":"https:\/\/www.welovecycling.com\/pl\/","name":"\u0160koda We Love Cycling - Poland","description":"","potentialAction":[{"@type":"SearchAction","target":{"@type":"EntryPoint","urlTemplate":"https:\/\/www.welovecycling.com\/pl\/?s={search_term_string}"},"query-input":{"@type":"PropertyValueSpecification","valueRequired":true,"valueName":"search_term_string"}}],"inLanguage":"pl-PL"},{"@type":"Person","@id":"https:\/\/www.welovecycling.com\/pl\/#\/schema\/person\/4a79bac7bd265aa6a35a1079d36648be","name":"oktawiamikulska","image":{"@type":"ImageObject","inLanguage":"pl-PL","@id":"https:\/\/www.welovecycling.com\/pl\/#\/schema\/person\/image\/","url":"https:\/\/secure.gravatar.com\/avatar\/b97a3f44e2de6d2f8dd358975937e49823662e12cbd810b9d1a2bff1c149e8a7?s=96&d=mm&r=g","contentUrl":"https:\/\/secure.gravatar.com\/avatar\/b97a3f44e2de6d2f8dd358975937e49823662e12cbd810b9d1a2bff1c149e8a7?s=96&d=mm&r=g","caption":"oktawiamikulska"},"url":"https:\/\/www.welovecycling.com\/pl\/author\/oktawiamikulska\/"}]}},"_links":{"self":[{"href":"https:\/\/www.welovecycling.com\/pl\/wp-json\/wp\/v2\/posts\/10695","targetHints":{"allow":["GET"]}}],"collection":[{"href":"https:\/\/www.welovecycling.com\/pl\/wp-json\/wp\/v2\/posts"}],"about":[{"href":"https:\/\/www.welovecycling.com\/pl\/wp-json\/wp\/v2\/types\/post"}],"author":[{"embeddable":true,"href":"https:\/\/www.welovecycling.com\/pl\/wp-json\/wp\/v2\/users\/125"}],"replies":[{"embeddable":true,"href":"https:\/\/www.welovecycling.com\/pl\/wp-json\/wp\/v2\/comments?post=10695"}],"version-history":[{"count":2,"href":"https:\/\/www.welovecycling.com\/pl\/wp-json\/wp\/v2\/posts\/10695\/revisions"}],"predecessor-version":[{"id":10710,"href":"https:\/\/www.welovecycling.com\/pl\/wp-json\/wp\/v2\/posts\/10695\/revisions\/10710"}],"wp:featuredmedia":[{"embeddable":true,"href":"https:\/\/www.welovecycling.com\/pl\/wp-json\/wp\/v2\/media\/10711"}],"wp:attachment":[{"href":"https:\/\/www.welovecycling.com\/pl\/wp-json\/wp\/v2\/media?parent=10695"}],"wp:term":[{"taxonomy":"category","embeddable":true,"href":"https:\/\/www.welovecycling.com\/pl\/wp-json\/wp\/v2\/categories?post=10695"},{"taxonomy":"post_tag","embeddable":true,"href":"https:\/\/www.welovecycling.com\/pl\/wp-json\/wp\/v2\/tags?post=10695"},{"taxonomy":"global-categories","embeddable":true,"href":"https:\/\/www.welovecycling.com\/pl\/wp-json\/wp\/v2\/global-categories?post=10695"}],"curies":[{"name":"wp","href":"https:\/\/api.w.org\/{rel}","templated":true}]}}