{"id":10689,"date":"2020-05-22T12:06:35","date_gmt":"2020-05-22T12:06:35","guid":{"rendered":"https:\/\/www.welovecycling.com\/pl\/?p=10689"},"modified":"2020-05-22T12:06:35","modified_gmt":"2020-05-22T12:06:35","slug":"4-niezwykle-kobiety-o-ktorych-powinien-uslyszec-kolarski-swiat","status":"publish","type":"post","link":"https:\/\/www.welovecycling.com\/pl\/2020\/05\/22\/4-niezwykle-kobiety-o-ktorych-powinien-uslyszec-kolarski-swiat\/","title":{"rendered":"4 niezwyk\u0142e kobiety, o kt\u00f3rych powinien us\u0142ysze\u0107 kolarski \u015bwiat"},"content":{"rendered":"<p><strong>\u015awiat kolarstwa kobiet pe\u0142en jest godnych podziwu postaci. Marianne Vos i Annemiek van Vleuten, wci\u0105\u017c przekraczaj\u0105 granice tego, co mo\u017cna osi\u0105gn\u0105\u0107 na rowerze. B\u0119d\u0105ce ju\u017c na emeryturze, ale wci\u0105\u017c pracuj\u0105ce na rzecz walki o r\u00f3wnouprawnienie kobiet w kolarstwie, Iris Slappendel i Inie-Yoko Teutenberg. Pr\u00f3cz nich jest jeszcze mn\u00f3stwo innych liderek, kt\u00f3re warto na\u015bladowa\u0107. Pionierki s\u0105 spadkobierczyniami bogatej historii, kt\u00f3ra pokazuje usamodzielnienie si\u0119 kobiet, a rower ju\u017c od dawna jest z t\u0105 kwesti\u0105 spo\u0142eczn\u0105 mocno powi\u0105zany. Od Alfonsiny Strady po Beryl Burton \u2013 lista znacz\u0105cych kobiet jest d\u0142uga i si\u0119ga ponad stu lat.<\/strong><\/p>\n<p>Przy tak wielkiej liczbie wp\u0142ywowych kobiet, kt\u00f3re wsp\u00f3\u0142tworzy\u0142y ten sport, \u0142atwo jest kt\u00f3r\u0105\u015b z nich przeoczy\u0107. Chocia\u017c w tym sezonie mo\u017cemy nie zobaczy\u0107 wy\u015bcig\u00f3w, do kt\u00f3rych byli\u015bmy przyzwyczajeni, to teraz jest \u015bwietny czas, aby pozna\u0107 kobiety, kt\u00f3re mia\u0142y i nadal maj\u0105 wp\u0142yw na \u015bwiat kolarstwa i nie tylko. Zag\u0142\u0119bili\u015bmy si\u0119 w historie \u017cycia niezwyk\u0142ych kolarek i spo\u015br\u00f3d wielu z nich byli\u015bmy zmuszeni wybra\u0107 zaledwie kilka, cho\u0107 lista jest niezwykle d\u0142uga.<\/p>\n<h2><strong>Kristina Vogel<\/strong><\/h2>\n<p>\u017bycie Kristiny Vogel, dwukrotnej mistrzyni olimpijskiej i 11-krotnej mistrzyni \u015bwiata, zmieni\u0142o si\u0119 nieodwracalnie w czerwcu 2018 r. Podczas treningu na welodromie Gottbus w Niemczech zderzy\u0142a si\u0119 z innym zawodnikiem i dozna\u0142a uraz\u00f3w kr\u0119gos\u0142upa, kt\u00f3re ostatecznie spowodowa\u0142y sparali\u017cowanie cia\u0142a od klatki piersiowej w d\u00f3\u0142. Zmierzenie si\u0119 z dramatycznym dla ka\u017cdego cz\u0142owieka do\u015bwiadczeniem nie zaj\u0119\u0142o Vogel du\u017co czasu, czym udowodni\u0142a, \u017ce \u200b\u200bnie jest osob\u0105 ulegaj\u0105c\u0105 \u017cyciowym niepowodzeniom, niezale\u017cnie od ich rangi. Wr\u00f3ci\u0142a do \u017cycia spo\u0142ecznego zaledwie kilka miesi\u0119cy po wypadku po to, by opowiedzie\u0107 o swoich do\u015bwiadczeniach, planowa\u0107 swoje nast\u0119pne ruchy i pokaza\u0107, \u017ce jeszcze nie sko\u0144czy\u0142a z przekraczaniem w\u0142asnych granic.<\/p>\n<figure id=\"attachment_177374\" aria-describedby=\"caption-attachment-177374\" style=\"width: 1250px\" class=\"wp-caption alignnone\"><img loading=\"lazy\" decoding=\"async\" class=\"loading wp-image-177374 size-full\" src=\"https:\/\/d2p6e6u75xmxt8.cloudfront.net\/2\/2020\/04\/Kristina-Vogel-profimedia-0416540484.jpg\" sizes=\"auto, (max-width: 1250px) 100vw, 1250px\" srcset=\"https:\/\/d2p6e6u75xmxt8.cloudfront.net\/2\/2020\/04\/Kristina-Vogel-profimedia-0416540484.jpg 1250w, https:\/\/d2p6e6u75xmxt8.cloudfront.net\/2\/2020\/04\/Kristina-Vogel-profimedia-0416540484-300x199.jpg 300w, https:\/\/d2p6e6u75xmxt8.cloudfront.net\/2\/2020\/04\/Kristina-Vogel-profimedia-0416540484-768x509.jpg 768w, https:\/\/d2p6e6u75xmxt8.cloudfront.net\/2\/2020\/04\/Kristina-Vogel-profimedia-0416540484-1024x679.jpg 1024w\" alt=\"\" width=\"1250\" height=\"829\" data-was-processed=\"true\" \/><figcaption id=\"caption-attachment-177374\" class=\"wp-caption-text\">Kristina Vogel komentuje wieczorn\u0105 sesj\u0119 mistrzostw \u015bwiata w kolarstwie torowym UCI, 28 lutego 2019 r. \u00a9 SWpix.com \/ Shutterstock Editorial \/ Profimedia<\/figcaption><\/figure>\n<p>Mimo parali\u017cu nie chcia\u0142a zwolni\u0107, wi\u0119c podj\u0119\u0142a prac\u0119 jako policjantka w miejscowym wydziale, w kt\u00f3rym stanowi \u017ar\u00f3d\u0142o si\u0142y i motywacji dla innych cz\u0142onk\u00f3w zespo\u0142u. Opr\u00f3cz pracy w policji jest tak\u017ce lokaln\u0105 polityczk\u0105, m\u00f3wczyni\u0105 motywacyjn\u0105 i komentatork\u0105 telewizyjn\u0105 oraz zasiada w dw\u00f3ch komisjach UCI. Zdumiewaj\u0105cy jest brak gniewu i zdolno\u015b\u0107 Vogel do zaakceptowania niesprzyjaj\u0105cych okoliczno\u015bci. S\u0105 one prawdziwym \u015bwiadectwem jej si\u0142y ducha i charakteru. Ci\u0105g\u0142a obecno\u015b\u0107 Kristiny w kolarstwie i kolarskiej spo\u0142eczno\u015bci bez w\u0105tpienia b\u0119dzie dodawa\u0107 odwagi osobom napotykaj\u0105cym r\u00f3\u017cnorodne przeszkody w swoim \u017cyciu.<\/p>\n<h2><strong>Leontien van Moorsel<\/strong><\/h2>\n<p>Leontien van Moorsel zacz\u0119\u0142a je\u017adzi\u0107 na rowerze w wieku siedmiu lat, a w wieku 20 by\u0142a ju\u017c mistrzyni\u0105 \u015bwiata na trasie i torze. Wydawa\u0142a si\u0119 nie do powstrzymania, gdy wygra\u0142a mistrzostwa \u015bwiata w wy\u015bcigach szosowych w 1993 r., dlatego zar\u00f3wno fani, jak i koledzy sportowcy byli zaskoczeni, gdy nagle znikn\u0119\u0142a z blasku reflektor\u00f3w. Zgodnie z tym, co podejrzewali bliscy van Moorsel, ta obiecuj\u0105ca m\u0142oda zawodniczka walczy\u0142a z powa\u017cnym zaburzeniem od\u017cywiania, kt\u00f3re spowodowa\u0142o u niej niebezpiecznie nisk\u0105 wag\u0119, w wyniku czego mog\u0142aby nawet umrze\u0107.<\/p>\n<p>https:\/\/www.instagram.com\/p\/B9_1jGXDSl_\/?utm_source=ig_web_button_share_sheet<\/p>\n<p>Van Moorsel, wystarczaj\u0105co silna, by przyzna\u0107, \u017ce potrzebuje pomocy, wycofa\u0142a si\u0119 ze sportu, kt\u00f3ry kocha\u0142a, i podda\u0142a si\u0119 leczeniu. Po nieobecno\u015bci w trzech sezonach i ostatecznym pokonaniu choroby wr\u00f3ci\u0142a do mi\u0119dzynarodowej konkurencji. Wygl\u0105da\u0142a na silniejsz\u0105 ni\u017c kiedykolwiek i zaliczy\u0142a wiele imponuj\u0105cych wyst\u0119p\u00f3w, a podczas igrzysk olimpijskich w 2000 r. pobi\u0142a rekord \u015bwiata w p\u00f3\u0142finale wy\u015bcigu i z \u0142atwo\u015bci\u0105 przyst\u0105pi\u0142a do fina\u0142u.<\/p>\n<p>W 2004 r. Leontien wycofa\u0142a si\u0119 z wy\u015bcig\u00f3w i po\u015bwi\u0119ci\u0142a promowaniu kobiet je\u017cd\u017c\u0105cych na rowerze oraz pomaganiu ludziom. Za\u0142o\u017cy\u0142a w\u0142asn\u0105 klinik\u0119 leczenia zaburze\u0144 od\u017cywania, kt\u00f3re mia\u0142y tak dramatyczny wp\u0142yw na jej \u017cycie i karier\u0119 kolarsk\u0105. Bezpo\u015brednie zaanga\u017cowanie w ten problemem i zwr\u00f3cenie uwagi na chorob\u0119, z kt\u00f3r\u0105 zmaga si\u0119 wielu sportowc\u00f3w, bez w\u0105tpienia zapewni\u0142o jej zas\u0142u\u017cone miejsce w sercach i umys\u0142ach fan\u00f3w kolarstwa na ca\u0142ym \u015bwiecie.<\/p>\n<h2><strong>Pauline Ferrand-Pr\u00e9vot<\/strong><\/h2>\n<p>Kolejny przyk\u0142ad pokonywania przeciwno\u015bci, aby uprawia\u0107 ukochany sport, to Pauline Ferrand, kt\u00f3ra nadal udowadnia, \u017ce \u200b\u200bnie pozwoli, by cokolwiek powstrzyma\u0142o j\u0105 przed jazd\u0105 na rowerze. W sezonie 2015, w wieku zaledwie 23 lat, sta\u0142a si\u0119 pierwsz\u0105 w historii kolarstwa osob\u0105, kt\u00f3ra jednocze\u015bnie zdoby\u0142a tytu\u0142 mistrza \u015bwiata w je\u017adzie na rowerze, tytu\u0142 mistrza \u015bwiata w kolarstwie prze\u0142ajowym i tytu\u0142 mistrza \u015bwiata w rowerach g\u00f3rskich. Jej chwa\u0142a by\u0142a jednak kr\u00f3tkotrwa\u0142a i mimo zdobycia tylu tytu\u0142\u00f3w, na igrzyskach olimpijskich 2016 w Rio, gdzie walczy\u0142a w kobiecym XCO, jej wyst\u0119p rozdziera\u0142 serce. Dolegliwo\u015bci, kt\u00f3re si\u0119 tam zacz\u0119\u0142y, utrzymywa\u0142y si\u0119 przez nast\u0119pne lata, a\u017c ostatecznie zdiagnozowano u niej zw\u0142\u00f3knienie biodrowe, kt\u00f3ry t\u0142umaczy\u0142o jej nieregularny b\u00f3l n\u00f3g i niezdolno\u015b\u0107 do uzyskania sta\u0142ej mocy.<\/p>\n<figure id=\"attachment_177376\" aria-describedby=\"caption-attachment-177376\" style=\"width: 1250px\" class=\"wp-caption alignnone\"><img loading=\"lazy\" decoding=\"async\" class=\"loading wp-image-177376 size-full\" src=\"https:\/\/d2p6e6u75xmxt8.cloudfront.net\/2\/2020\/04\/Pauline-Ferrand-Pr%C3%A9vot-profimedia-0473760309.jpg\" alt=\"\" width=\"1250\" height=\"833\" data-was-processed=\"true\" \/><figcaption id=\"caption-attachment-177376\" class=\"wp-caption-text\">Pauline Ferrand-Prevot w Pucharze \u015awiata Rower\u00f3w G\u00f3rskich UCI Beaupre Canada 2019. \u00a9 Pixathlon \/ Shutterstock Editorial \/ Profimedia<\/figcaption><\/figure>\n<p>Ferrand podda\u0142a si\u0119 skomplikowanej operacji, kt\u00f3ra mia\u0142a naprawi\u0107 uszkodzon\u0105 t\u0119tnic\u0119 w nodze, przez co pierwsz\u0105 cz\u0119\u015b\u0107 2019 r. sp\u0119dzi\u0142a z dala od wy\u015bcig\u00f3w. Wkr\u00f3tce udowodni\u0142a swoj\u0105 niezachwian\u0105 determinacj\u0119 bardzo szybkim powrotem do zdrowia i wygra\u0142a rund\u0119 Pucharu \u015awiata w Val di Sole i \u2013 wreszcie \u2013 mistrzostwa \u015bwiata w kolarstwie g\u00f3rskim XCO. Niesamowity powr\u00f3t do formy Pauline przypomnia\u0142 \u015bwiatu, \u017ce jest naprawd\u0119 utalentowan\u0105 zawodniczk\u0105.<\/p>\n<h2><strong>Nicole Cooke<\/strong><\/h2>\n<p>R\u00f3wnie imponuj\u0105ce dokonania ma na swoim koncie Nicole Cooke, kt\u00f3ra zdoby\u0142a olimpijskie i \u015bwiatowe z\u0142oto, 10 tytu\u0142\u00f3w krajowych, dwa Grande Boucle F\u00e9minine, Giro i dwa Puchary \u015awiata Kobiet w UCI. Jej osi\u0105gni\u0119cia wykraczaj\u0105 daleko poza to, co uda\u0142o jej si\u0119 osi\u0105gn\u0105\u0107 na rowerze, gdy\u017c wyrobi\u0142a sobie mark\u0119, wypowiadaj\u0105c si\u0119 przeciwko narkotykom, seksizmowi i wykorzystywaniu obecnym w kolarstwie zawodowym.<\/p>\n<div class=\"embed-controller-wrapper\">\n<blockquote class=\"twitter-tweet\" data-width=\"500\" data-dnt=\"true\">\n<p lang=\"en\" dir=\"ltr\">Celebrating 100 years of votes for women&#8230; An amazing atmosphere in London <a href=\"https:\/\/twitter.com\/hashtag\/PROCESSIONS2018?src=hash&amp;ref_src=twsrc%5Etfw\">#PROCESSIONS2018<\/a> <a href=\"https:\/\/twitter.com\/processions2018?ref_src=twsrc%5Etfw\">@processions2018<\/a> <a href=\"https:\/\/t.co\/vgNjlqOmsr\">pic.twitter.com\/vgNjlqOmsr<\/a><\/p>\n<p>&mdash; Nicole Cooke (@NicoleCooke2012) <a href=\"https:\/\/twitter.com\/NicoleCooke2012\/status\/1005852173182361600?ref_src=twsrc%5Etfw\">June 10, 2018<\/a><\/p><\/blockquote>\n<p><script async data-src=\"https:\/\/platform.twitter.com\/widgets.js\" charset=\"utf-8\"><\/script><\/div>\n<p>W 2013 r. Cooke og\u0142osi\u0142a przej\u015bcie na emerytur\u0119 w wieku 29 lat. W ramach kontynuowania swojej misji poprawy sytuacji kobiet w kolarstwie na ca\u0142ym \u015bwiecie, opublikowa\u0142a o\u015bwiadczenie, kt\u00f3re zszokowa\u0142o spo\u0142eczno\u015b\u0107, gdy\u017c ujawni\u0142o nieciekaw\u0105 rzeczywisto\u015b\u0107 charakteryzuj\u0105c\u0105 ten sport. Wierz\u0105c w sens tego, co robi, nadal walczy o generalne i strukturalne zmiany, kt\u00f3re rozwi\u0105za\u0142yby problem szowinizmu panuj\u0105cego w zawodowym kolarstwie. Cooke nie boi si\u0119 wysuwa\u0107 oskar\u017ce\u0144 na temat dopingu i seksizmu i niew\u0105tpliwie zainspirowa\u0142a inne kobiety do stani\u0119cia we w\u0142asnej obronie i domagania si\u0119 skuteczno\u015bci w dzia\u0142aniu od decydent\u00f3w.<\/p>\n<p>Sport taki jak jazda na rowerze to nie tylko aktywno\u015b\u0107 fizyczna, ale te\u017c mo\u017cliwo\u015b\u0107 rozwoju duchowego. Niech te historie b\u0119d\u0105 dla Was inspiracj\u0105 w pokonywaniu w\u0142asnych s\u0142abo\u015bci, oraz w d\u0105\u017ceniu do wyznaczonych cel\u00f3w.<\/p>\n","protected":false},"excerpt":{"rendered":"<p>\u015awiat kolarstwa kobiet pe\u0142en jest godnych podziwu postaci. Marianne Vos i Annemiek van Vleuten, wci\u0105\u017c przekraczaj\u0105 granice tego, co mo\u017cna [&hellip;]<\/p>\n","protected":false},"author":125,"featured_media":10691,"comment_status":"open","ping_status":"open","sticky":false,"template":"","format":"standard","meta":{"footnotes":""},"categories":[231],"tags":[],"global-categories":[303],"class_list":["post-10689","post","type-post","status-publish","format-standard","has-post-thumbnail","hentry","category-dlatego-jezdzimy","global-categories-cycling"],"yoast_head":"<!-- This site is optimized with the Yoast SEO Premium plugin v25.3 (Yoast SEO v25.9) - https:\/\/yoast.com\/wordpress\/plugins\/seo\/ -->\n<title>4 niezwyk\u0142e kobiety, o kt\u00f3rych powinien us\u0142ysze\u0107 kolarski \u015bwiat - \u0160koda We Love Cycling - Poland<\/title>\n<meta name=\"robots\" content=\"index, follow, max-snippet:-1, max-image-preview:large, max-video-preview:-1\" \/>\n<link rel=\"canonical\" href=\"https:\/\/www.welovecycling.com\/pl\/2020\/05\/22\/4-niezwykle-kobiety-o-ktorych-powinien-uslyszec-kolarski-swiat\/\" \/>\n<meta property=\"og:locale\" content=\"pl_PL\" \/>\n<meta property=\"og:type\" content=\"article\" \/>\n<meta property=\"og:title\" content=\"4 niezwyk\u0142e kobiety, o kt\u00f3rych powinien us\u0142ysze\u0107 kolarski \u015bwiat\" \/>\n<meta property=\"og:description\" content=\"\u015awiat kolarstwa kobiet pe\u0142en jest godnych podziwu postaci. Marianne Vos i Annemiek van Vleuten, wci\u0105\u017c przekraczaj\u0105 granice tego, co mo\u017cna [&hellip;]\" \/>\n<meta property=\"og:url\" content=\"https:\/\/www.welovecycling.com\/pl\/2020\/05\/22\/4-niezwykle-kobiety-o-ktorych-powinien-uslyszec-kolarski-swiat\/\" \/>\n<meta property=\"og:site_name\" content=\"\u0160koda We Love Cycling - Poland\" \/>\n<meta property=\"article:published_time\" content=\"2020-05-22T12:06:35+00:00\" \/>\n<meta property=\"og:image\" content=\"https:\/\/d2p6e6u75xmxt8.cloudfront.net\/5\/2020\/05\/kor_22.05_4-Inspiring-Women-Cyclists-to-know-2.0.jpg\" \/>\n\t<meta property=\"og:image:width\" content=\"1024\" \/>\n\t<meta property=\"og:image:height\" content=\"450\" \/>\n\t<meta property=\"og:image:type\" content=\"image\/jpeg\" \/>\n<meta name=\"author\" content=\"oktawiamikulska\" \/>\n<meta name=\"twitter:card\" content=\"summary_large_image\" \/>\n<meta name=\"twitter:label1\" content=\"Written by\" \/>\n\t<meta name=\"twitter:data1\" content=\"Megan Flottorp\" \/>\n\t<meta name=\"twitter:label2\" content=\"Est. reading time\" \/>\n\t<meta name=\"twitter:data2\" content=\"6 minutes\" \/>\n<script type=\"application\/ld+json\" class=\"yoast-schema-graph\">{\"@context\":\"https:\/\/schema.org\",\"@graph\":[{\"@type\":\"WebPage\",\"@id\":\"https:\/\/www.welovecycling.com\/pl\/2020\/05\/22\/4-niezwykle-kobiety-o-ktorych-powinien-uslyszec-kolarski-swiat\/\",\"url\":\"https:\/\/www.welovecycling.com\/pl\/2020\/05\/22\/4-niezwykle-kobiety-o-ktorych-powinien-uslyszec-kolarski-swiat\/\",\"name\":\"4 niezwyk\u0142e kobiety, o kt\u00f3rych powinien us\u0142ysze\u0107 kolarski \u015bwiat - \u0160koda We Love Cycling - Poland\",\"isPartOf\":{\"@id\":\"https:\/\/www.welovecycling.com\/pl\/#website\"},\"primaryImageOfPage\":{\"@id\":\"https:\/\/www.welovecycling.com\/pl\/2020\/05\/22\/4-niezwykle-kobiety-o-ktorych-powinien-uslyszec-kolarski-swiat\/#primaryimage\"},\"image\":{\"@id\":\"https:\/\/www.welovecycling.com\/pl\/2020\/05\/22\/4-niezwykle-kobiety-o-ktorych-powinien-uslyszec-kolarski-swiat\/#primaryimage\"},\"thumbnailUrl\":\"https:\/\/d2p6e6u75xmxt8.cloudfront.net\/5\/2020\/05\/kor_22.05_4-Inspiring-Women-Cyclists-to-know-2.0.jpg\",\"datePublished\":\"2020-05-22T12:06:35+00:00\",\"author\":{\"@id\":\"https:\/\/www.welovecycling.com\/pl\/#\/schema\/person\/4a79bac7bd265aa6a35a1079d36648be\"},\"breadcrumb\":{\"@id\":\"https:\/\/www.welovecycling.com\/pl\/2020\/05\/22\/4-niezwykle-kobiety-o-ktorych-powinien-uslyszec-kolarski-swiat\/#breadcrumb\"},\"inLanguage\":\"pl-PL\",\"potentialAction\":[{\"@type\":\"ReadAction\",\"target\":[\"https:\/\/www.welovecycling.com\/pl\/2020\/05\/22\/4-niezwykle-kobiety-o-ktorych-powinien-uslyszec-kolarski-swiat\/\"]}]},{\"@type\":\"ImageObject\",\"inLanguage\":\"pl-PL\",\"@id\":\"https:\/\/www.welovecycling.com\/pl\/2020\/05\/22\/4-niezwykle-kobiety-o-ktorych-powinien-uslyszec-kolarski-swiat\/#primaryimage\",\"url\":\"https:\/\/d2p6e6u75xmxt8.cloudfront.net\/5\/2020\/05\/kor_22.05_4-Inspiring-Women-Cyclists-to-know-2.0.jpg\",\"contentUrl\":\"https:\/\/d2p6e6u75xmxt8.cloudfront.net\/5\/2020\/05\/kor_22.05_4-Inspiring-Women-Cyclists-to-know-2.0.jpg\",\"width\":1024,\"height\":450},{\"@type\":\"BreadcrumbList\",\"@id\":\"https:\/\/www.welovecycling.com\/pl\/2020\/05\/22\/4-niezwykle-kobiety-o-ktorych-powinien-uslyszec-kolarski-swiat\/#breadcrumb\",\"itemListElement\":[{\"@type\":\"ListItem\",\"position\":1,\"name\":\"Home\",\"item\":\"https:\/\/www.welovecycling.com\/pl\/\"},{\"@type\":\"ListItem\",\"position\":2,\"name\":\"4 niezwyk\u0142e kobiety, o kt\u00f3rych powinien us\u0142ysze\u0107 kolarski \u015bwiat\"}]},{\"@type\":\"WebSite\",\"@id\":\"https:\/\/www.welovecycling.com\/pl\/#website\",\"url\":\"https:\/\/www.welovecycling.com\/pl\/\",\"name\":\"\u0160koda We Love Cycling - Poland\",\"description\":\"\",\"potentialAction\":[{\"@type\":\"SearchAction\",\"target\":{\"@type\":\"EntryPoint\",\"urlTemplate\":\"https:\/\/www.welovecycling.com\/pl\/?s={search_term_string}\"},\"query-input\":{\"@type\":\"PropertyValueSpecification\",\"valueRequired\":true,\"valueName\":\"search_term_string\"}}],\"inLanguage\":\"pl-PL\"},{\"@type\":\"Person\",\"@id\":\"https:\/\/www.welovecycling.com\/pl\/#\/schema\/person\/4a79bac7bd265aa6a35a1079d36648be\",\"name\":\"oktawiamikulska\",\"image\":{\"@type\":\"ImageObject\",\"inLanguage\":\"pl-PL\",\"@id\":\"https:\/\/www.welovecycling.com\/pl\/#\/schema\/person\/image\/\",\"url\":\"https:\/\/secure.gravatar.com\/avatar\/b97a3f44e2de6d2f8dd358975937e49823662e12cbd810b9d1a2bff1c149e8a7?s=96&d=mm&r=g\",\"contentUrl\":\"https:\/\/secure.gravatar.com\/avatar\/b97a3f44e2de6d2f8dd358975937e49823662e12cbd810b9d1a2bff1c149e8a7?s=96&d=mm&r=g\",\"caption\":\"oktawiamikulska\"},\"url\":\"https:\/\/www.welovecycling.com\/pl\/author\/oktawiamikulska\/\"}]}<\/script>\n<!-- \/ Yoast SEO Premium plugin. -->","yoast_head_json":{"title":"4 niezwyk\u0142e kobiety, o kt\u00f3rych powinien us\u0142ysze\u0107 kolarski \u015bwiat - \u0160koda We Love Cycling - Poland","robots":{"index":"index","follow":"follow","max-snippet":"max-snippet:-1","max-image-preview":"max-image-preview:large","max-video-preview":"max-video-preview:-1"},"canonical":"https:\/\/www.welovecycling.com\/pl\/2020\/05\/22\/4-niezwykle-kobiety-o-ktorych-powinien-uslyszec-kolarski-swiat\/","og_locale":"pl_PL","og_type":"article","og_title":"4 niezwyk\u0142e kobiety, o kt\u00f3rych powinien us\u0142ysze\u0107 kolarski \u015bwiat","og_description":"\u015awiat kolarstwa kobiet pe\u0142en jest godnych podziwu postaci. Marianne Vos i Annemiek van Vleuten, wci\u0105\u017c przekraczaj\u0105 granice tego, co mo\u017cna [&hellip;]","og_url":"https:\/\/www.welovecycling.com\/pl\/2020\/05\/22\/4-niezwykle-kobiety-o-ktorych-powinien-uslyszec-kolarski-swiat\/","og_site_name":"\u0160koda We Love Cycling - Poland","article_published_time":"2020-05-22T12:06:35+00:00","og_image":[{"width":1024,"height":450,"url":"https:\/\/d2p6e6u75xmxt8.cloudfront.net\/5\/2020\/05\/kor_22.05_4-Inspiring-Women-Cyclists-to-know-2.0.jpg","type":"image\/jpeg"}],"author":"oktawiamikulska","twitter_card":"summary_large_image","twitter_misc":{"Written by":"Megan Flottorp","Est. reading time":"6 minutes"},"schema":{"@context":"https:\/\/schema.org","@graph":[{"@type":"WebPage","@id":"https:\/\/www.welovecycling.com\/pl\/2020\/05\/22\/4-niezwykle-kobiety-o-ktorych-powinien-uslyszec-kolarski-swiat\/","url":"https:\/\/www.welovecycling.com\/pl\/2020\/05\/22\/4-niezwykle-kobiety-o-ktorych-powinien-uslyszec-kolarski-swiat\/","name":"4 niezwyk\u0142e kobiety, o kt\u00f3rych powinien us\u0142ysze\u0107 kolarski \u015bwiat - \u0160koda We Love Cycling - Poland","isPartOf":{"@id":"https:\/\/www.welovecycling.com\/pl\/#website"},"primaryImageOfPage":{"@id":"https:\/\/www.welovecycling.com\/pl\/2020\/05\/22\/4-niezwykle-kobiety-o-ktorych-powinien-uslyszec-kolarski-swiat\/#primaryimage"},"image":{"@id":"https:\/\/www.welovecycling.com\/pl\/2020\/05\/22\/4-niezwykle-kobiety-o-ktorych-powinien-uslyszec-kolarski-swiat\/#primaryimage"},"thumbnailUrl":"https:\/\/d2p6e6u75xmxt8.cloudfront.net\/5\/2020\/05\/kor_22.05_4-Inspiring-Women-Cyclists-to-know-2.0.jpg","datePublished":"2020-05-22T12:06:35+00:00","author":{"@id":"https:\/\/www.welovecycling.com\/pl\/#\/schema\/person\/4a79bac7bd265aa6a35a1079d36648be"},"breadcrumb":{"@id":"https:\/\/www.welovecycling.com\/pl\/2020\/05\/22\/4-niezwykle-kobiety-o-ktorych-powinien-uslyszec-kolarski-swiat\/#breadcrumb"},"inLanguage":"pl-PL","potentialAction":[{"@type":"ReadAction","target":["https:\/\/www.welovecycling.com\/pl\/2020\/05\/22\/4-niezwykle-kobiety-o-ktorych-powinien-uslyszec-kolarski-swiat\/"]}]},{"@type":"ImageObject","inLanguage":"pl-PL","@id":"https:\/\/www.welovecycling.com\/pl\/2020\/05\/22\/4-niezwykle-kobiety-o-ktorych-powinien-uslyszec-kolarski-swiat\/#primaryimage","url":"https:\/\/d2p6e6u75xmxt8.cloudfront.net\/5\/2020\/05\/kor_22.05_4-Inspiring-Women-Cyclists-to-know-2.0.jpg","contentUrl":"https:\/\/d2p6e6u75xmxt8.cloudfront.net\/5\/2020\/05\/kor_22.05_4-Inspiring-Women-Cyclists-to-know-2.0.jpg","width":1024,"height":450},{"@type":"BreadcrumbList","@id":"https:\/\/www.welovecycling.com\/pl\/2020\/05\/22\/4-niezwykle-kobiety-o-ktorych-powinien-uslyszec-kolarski-swiat\/#breadcrumb","itemListElement":[{"@type":"ListItem","position":1,"name":"Home","item":"https:\/\/www.welovecycling.com\/pl\/"},{"@type":"ListItem","position":2,"name":"4 niezwyk\u0142e kobiety, o kt\u00f3rych powinien us\u0142ysze\u0107 kolarski \u015bwiat"}]},{"@type":"WebSite","@id":"https:\/\/www.welovecycling.com\/pl\/#website","url":"https:\/\/www.welovecycling.com\/pl\/","name":"\u0160koda We Love Cycling - Poland","description":"","potentialAction":[{"@type":"SearchAction","target":{"@type":"EntryPoint","urlTemplate":"https:\/\/www.welovecycling.com\/pl\/?s={search_term_string}"},"query-input":{"@type":"PropertyValueSpecification","valueRequired":true,"valueName":"search_term_string"}}],"inLanguage":"pl-PL"},{"@type":"Person","@id":"https:\/\/www.welovecycling.com\/pl\/#\/schema\/person\/4a79bac7bd265aa6a35a1079d36648be","name":"oktawiamikulska","image":{"@type":"ImageObject","inLanguage":"pl-PL","@id":"https:\/\/www.welovecycling.com\/pl\/#\/schema\/person\/image\/","url":"https:\/\/secure.gravatar.com\/avatar\/b97a3f44e2de6d2f8dd358975937e49823662e12cbd810b9d1a2bff1c149e8a7?s=96&d=mm&r=g","contentUrl":"https:\/\/secure.gravatar.com\/avatar\/b97a3f44e2de6d2f8dd358975937e49823662e12cbd810b9d1a2bff1c149e8a7?s=96&d=mm&r=g","caption":"oktawiamikulska"},"url":"https:\/\/www.welovecycling.com\/pl\/author\/oktawiamikulska\/"}]}},"_links":{"self":[{"href":"https:\/\/www.welovecycling.com\/pl\/wp-json\/wp\/v2\/posts\/10689","targetHints":{"allow":["GET"]}}],"collection":[{"href":"https:\/\/www.welovecycling.com\/pl\/wp-json\/wp\/v2\/posts"}],"about":[{"href":"https:\/\/www.welovecycling.com\/pl\/wp-json\/wp\/v2\/types\/post"}],"author":[{"embeddable":true,"href":"https:\/\/www.welovecycling.com\/pl\/wp-json\/wp\/v2\/users\/125"}],"replies":[{"embeddable":true,"href":"https:\/\/www.welovecycling.com\/pl\/wp-json\/wp\/v2\/comments?post=10689"}],"version-history":[{"count":1,"href":"https:\/\/www.welovecycling.com\/pl\/wp-json\/wp\/v2\/posts\/10689\/revisions"}],"predecessor-version":[{"id":10692,"href":"https:\/\/www.welovecycling.com\/pl\/wp-json\/wp\/v2\/posts\/10689\/revisions\/10692"}],"wp:featuredmedia":[{"embeddable":true,"href":"https:\/\/www.welovecycling.com\/pl\/wp-json\/wp\/v2\/media\/10691"}],"wp:attachment":[{"href":"https:\/\/www.welovecycling.com\/pl\/wp-json\/wp\/v2\/media?parent=10689"}],"wp:term":[{"taxonomy":"category","embeddable":true,"href":"https:\/\/www.welovecycling.com\/pl\/wp-json\/wp\/v2\/categories?post=10689"},{"taxonomy":"post_tag","embeddable":true,"href":"https:\/\/www.welovecycling.com\/pl\/wp-json\/wp\/v2\/tags?post=10689"},{"taxonomy":"global-categories","embeddable":true,"href":"https:\/\/www.welovecycling.com\/pl\/wp-json\/wp\/v2\/global-categories?post=10689"}],"curies":[{"name":"wp","href":"https:\/\/api.w.org\/{rel}","templated":true}]}}