{"id":10684,"date":"2020-05-21T14:45:17","date_gmt":"2020-05-21T14:45:17","guid":{"rendered":"https:\/\/www.welovecycling.com\/pl\/?p=10684"},"modified":"2020-05-21T14:45:17","modified_gmt":"2020-05-21T14:45:17","slug":"akcja-ride2unite-wspieramy-spolecznosc-rowerowa-podczas-lockdownu","status":"publish","type":"post","link":"https:\/\/www.welovecycling.com\/pl\/2020\/05\/21\/akcja-ride2unite-wspieramy-spolecznosc-rowerowa-podczas-lockdownu\/","title":{"rendered":"Akcja #Ride2Unite: wspieramy spo\u0142eczno\u015b\u0107 rowerow\u0105 podczas lockdownu"},"content":{"rendered":"<p><strong>Wiele ju\u017c powiedziano i napisano o tych trudnych czasach pandemii: jak wp\u0142ywa na nasze \u017cycie, relacje, miejsca pracy, biznes i \u2013 wreszcie \u2013 na nasze ukochane hobby. Aktywno\u015b\u0107 i sport poprawiaj\u0105 nasze og\u00f3lne samopoczucie, a tak\u0105 rol\u0119 w \u017cyciu wielu os\u00f3b odgrywa jazda na rowerze. Mog\u0142oby si\u0119 wydawa\u0107, \u017ce \u015bwiat kolarstwa, mimo \u017ce ograniczenia zosta\u0142y z\u0142agodzone, ca\u0142kowicie si\u0119 zatrzyma\u0142, ale my nie widzimy tego w ten spos\u00f3b. Jak ze wszystkim, o co warto walczy\u0107 \u2013 tam gdzie jest wola, znajdzie si\u0119 i spos\u00f3b!<\/strong><\/p>\n<p>Zami\u0142owanie do aktywno\u015bci fizycznej zawsze by\u0142o spo\u0142ecznym do\u015bwiadczeniem, kt\u00f3re mo\u017cna dzieli\u0107 z innymi i kt\u00f3re jednoczy ze sob\u0105 ludzi. Co Ty na to, \u017ce tak naprawd\u0119 nic si\u0119 nie zmieni\u0142o, tylko przenios\u0142o do wirtualnej rzeczywisto\u015bci? Zawsze byli\u015bmy zaanga\u017cowani w tworzenie przyjaznej, pr\u0119\u017cnie dzia\u0142aj\u0105cej, dobrze poinformowanej i pozytywnej spo\u0142eczno\u015bci rowerowej. Teraz, kiedy sytuacja jest trudna, jeste\u015bmy jeszcze bardziej zdeterminowani do dzia\u0142ania. I w\u0142a\u015bnie dlatego \u0160koda We Love Cycling wprowadza akcj\u0119 #Ride2Unite, aby zjednoczy\u0107 wszystkich mi\u0142o\u015bnik\u00f3w sportu (i tych aktywnych, i tych mniej) zar\u00f3wno w domu, jak i poza nim!<\/p>\n<p>Jak zamierzamy to zrobi\u0107? #Ride2Unite to zupe\u0142nie nowa inicjatywa rowerowa maj\u0105ca na celu szerzenie pozytywnego nastawienia w obliczu przeciwno\u015bci losu. Prowadzimy j\u0105 w mediach spo\u0142eczno\u015bciowych oraz wirtualnej sali konferencyjnej i dzi\u0119ki temu jeste\u015bmy w kontakcie z innymi kolarzami. Drugim obszarem tej inicjatywy s\u0105 treningi rowerowe na zewn\u0105trz lub w pomieszczeniach. Cz\u0119\u015b\u0107 wirtualna odb\u0119dzie si\u0119 na Instagramie i Facebooku. Mo\u017cesz si\u0119 po niej spodziewa\u0107 mi\u0119dzy innymi: udost\u0119pniania wirtualnych przeja\u017cd\u017cek, porad szkoleniowych, transmisji live z profesjonalnymi kolarzami, a tak\u017ce ciekawostek ze \u015bwiata kolarstwa.<\/p>\n<p><a href=\"https:\/\/d2p6e6u75xmxt8.cloudfront.net\/5\/2020\/05\/WLC_2.png\"><img loading=\"lazy\" decoding=\"async\" class=\"alignnone size-full wp-image-10686\" src=\"https:\/\/d2p6e6u75xmxt8.cloudfront.net\/5\/2020\/05\/WLC_2.png\" alt=\"\" width=\"1080\" height=\"1920\" \/><\/a><\/p>\n<p><strong>Pierwszy streaming z Wilco Keldermanem pojawi\u0142 si\u0119 na Instagramie ju\u017c wczoraj.<\/strong> <a href=\"https:\/\/www.instagram.com\/wlcmagazine\/\"><u>\u015aled\u017a nasz Instagram<\/u><\/a> i b\u0105d\u017a na bie\u017c\u0105co.<\/p>\n<p>Rzu\u0107 wyzwanie sobie lub innym, aby wykorzysta\u0107 nadchodz\u0105ce ciep\u0142e dni do jazdy, oczywi\u015bcie zgodnie z obostrzeniami obowi\u0105zuj\u0105cymi w naszym kraju. Dzi\u0119ki temu nie tylko b\u0119dziesz wspiera\u0107 pozytywne nastawienie kolarskiej spo\u0142eczno\u015bci i pomo\u017cesz jej przetrwa\u0107 czas zachowywania dystansu spo\u0142ecznego, ale zapewnisz te\u017c sobie i innym zdrowie i rozrywk\u0119.<\/p>\n<h2><strong>Jak w akcji mo\u017ce uczestniczy\u0107 spo\u0142eczno\u015b\u0107 rowerowa?<\/strong><\/h2>\n<p>Po pierwsze: bezpo\u015brednio. Czy chcesz, aby Twoja rodzina i przyjaciele wiedzieli o # Ride2Unite, a nawet uczestniczyli w nim? Podnoszenie \u015bwiadomo\u015bci i promowanie pomys\u0142u to sedno pierwszego kroku. Zr\u00f3b selfie na rowerze stacjonarnym lub podczas \u0107wicze\u0144, kt\u00f3re zawsze wykonujesz przed jazd\u0105, oznacz je hasztagiem #Ride2Unite i opublikuj lub wybierz si\u0119 na ma\u0142\u0105 wiosenn\u0105 przeja\u017cd\u017ck\u0119 i zainspiruj innych do tego samego. Udost\u0119pnij statystyki z jazdy na Stravie i rzu\u0107 wyzwanie znajomemu za pomoc\u0105 hasztagu #Ride2Unite albo zamie\u015b\u0107 zdj\u0119cie swojego ulubionego roweru, na kt\u00f3ry chcesz wsi\u0105\u015b\u0107 najszybciej, jak to b\u0119dzie mo\u017cliwe. Pomys\u0142\u00f3w jest niesko\u0144czona ilo\u015b\u0107, im wi\u0119cej tym lepiej! Pami\u0119taj tylko o hasztagu naszej akcji #Ride2Unite.<\/p>\n<p>Znasz kogo\u015b spragnionego wie\u015bci zwi\u0105zanych z rowerami, a mo\u017ce tym kim\u015b jeste\u015b Ty? W takim razie spodoba Ci si\u0119 to, co przygotowali\u015bmy poni\u017cej.<\/p>\n<figure id=\"attachment_177796\" aria-describedby=\"caption-attachment-177796\" style=\"width: 1250px\" class=\"wp-caption alignnone\"><img loading=\"lazy\" decoding=\"async\" class=\"loading wp-image-177796 size-full\" src=\"https:\/\/d2p6e6u75xmxt8.cloudfront.net\/2\/2020\/05\/Wilco-Kelderman-profimedia-0470569635.jpg\" sizes=\"auto, (max-width: 1250px) 100vw, 1250px\" srcset=\"https:\/\/d2p6e6u75xmxt8.cloudfront.net\/2\/2020\/05\/Wilco-Kelderman-profimedia-0470569635.jpg 1250w, https:\/\/d2p6e6u75xmxt8.cloudfront.net\/2\/2020\/05\/Wilco-Kelderman-profimedia-0470569635-300x200.jpg 300w, https:\/\/d2p6e6u75xmxt8.cloudfront.net\/2\/2020\/05\/Wilco-Kelderman-profimedia-0470569635-768x512.jpg 768w, https:\/\/d2p6e6u75xmxt8.cloudfront.net\/2\/2020\/05\/Wilco-Kelderman-profimedia-0470569635-1024x682.jpg 1024w, https:\/\/d2p6e6u75xmxt8.cloudfront.net\/2\/2020\/05\/Wilco-Kelderman-profimedia-0470569635-272x182.jpg 272w\" alt=\"\" width=\"1250\" height=\"833\" data-was-processed=\"true\" \/><figcaption id=\"caption-attachment-177796\" class=\"wp-caption-text\">Wilco Kelderman (Team Sunweb) na La Vuelta 2019. \u00a9 Alamy, Profimedia<\/figcaption><\/figure>\n<p>Dla tych, kt\u00f3rzy kochaj\u0105 jazd\u0119 na rowerze, ale s\u0105 bardziej jej fanami i widzami ni\u017c aktywnymi rowerzystami, przygotowali\u015bmy wyj\u0105tkow\u0105 seri\u0119 regularnych przeja\u017cd\u017cek spo\u0142eczno\u015bciowych \u2013 transmisje na \u017cywo na Instagramie z profesjonalnymi kolarzami, kt\u00f3rzy wspieraj\u0105 nasz\u0105 inicjatyw\u0119. B\u0119d\u0105 to wybrani zawodnicy Team Sunweb, tacy jak Wilco Kelderman, Michael Matthews, zwyci\u0119zca Tour de France 2010 Andy Schleck, Phillip Gilbert z zespo\u0142u Lotto Soudal i inni. Udziel\u0105 oni porad na temat jazdy lub trening\u00f3w, odpowiedz\u0105 na pytania, podziel\u0105 si\u0119 planami \u017cywieniowymi oraz swoimi do\u015bwiadczenia zwi\u0105zanymi z lockdownem. Powiedz\u0105 te\u017c, jak przygotowa\u0107 si\u0119 do Grand Tour oraz zmotywuj\u0105 do trening\u00f3w i zapewne porusz\u0105 jeszcze wiele innych temat\u00f3w zwi\u0105zanych z kolarstwem. Co wi\u0119cej, b\u0119dziesz m\u00f3g\u0142 ogl\u0105da\u0107 najbardziej utalentowanych kolarzy w wy\u015bcigach na wirtualnych platformach treningowych, takich jak Rouvy lub ZWIFT! Ca\u0142\u0105 transmisj\u0119 poprowadzi Laura Meseguer, do\u015bwiadczona moderatorka i komentatorka sportowa. Wywiady i transmisje z wy\u015bcig\u00f3w b\u0119d\u0105 szczeg\u00f3lnie satysfakcjonuj\u0105ce dla fan\u00f3w, kt\u00f3rzy z niecierpliwo\u015bci\u0105 czekali na relacje na \u017cywo, a nawet podr\u00f3\u017cowali po to, aby zobaczy\u0107 tor wy\u015bcigowy na w\u0142asne oczy. Co mo\u017ce by\u0107 lepszego ni\u017c wspieranie tego, co kochasz, z wygodnej kanapy? Mo\u017cesz oczywi\u015bcie po\u0142\u0105czy\u0107 aktywn\u0105 jazd\u0119 na \u015bwie\u017cym powietrzu z naszymi relacjami na \u017cywo, aby zadowoli\u0107 swoje mi\u0119\u015bnie i serce rowerzysty.<\/p>\n<p>Kolarze i fani kolarstwa \u0142\u0105czcie si\u0119, na razie ka\u017cdy oddzielnie w swoim domu! Szczeg\u00f3\u0142owe informacje o zaplanowanych streamingach na Instagramie i o tym, jak najlepiej skorzysta\u0107 z akcji #Ride2Unite, ju\u017c wkr\u00f3tce.<\/p>\n<p>I pami\u0119tajcie, \u017ce prawdziwa pasja pokona lockdown!<\/p>\n<p>&nbsp;<\/p>\n","protected":false},"excerpt":{"rendered":"<p>Wiele ju\u017c powiedziano i napisano o tych trudnych czasach pandemii: jak wp\u0142ywa na nasze \u017cycie, relacje, miejsca pracy, biznes i [&hellip;]<\/p>\n","protected":false},"author":125,"featured_media":10685,"comment_status":"open","ping_status":"open","sticky":false,"template":"","format":"standard","meta":{"footnotes":""},"categories":[330],"tags":[],"global-categories":[303],"class_list":["post-10684","post","type-post","status-publish","format-standard","has-post-thumbnail","hentry","category-ride2unite","global-categories-cycling"],"yoast_head":"<!-- This site is optimized with the Yoast SEO Premium plugin v25.3 (Yoast SEO v25.9) - https:\/\/yoast.com\/wordpress\/plugins\/seo\/ -->\n<title>Akcja #Ride2Unite: wspieramy spo\u0142eczno\u015b\u0107 rowerow\u0105 podczas lockdownu - \u0160koda We Love Cycling - Poland<\/title>\n<meta name=\"description\" content=\"Wiele ju\u017c powiedziano i napisano o tych trudnych czasach pandemii: jak wp\u0142ywa na nasze \u017cycie, relacje, miejsca pracy, biznes i \u2013 wreszcie \u2013 na nasze ukochane hobby. Aktywno\u015b\u0107 i sport poprawiaj\u0105 nasze og\u00f3lne samopoczucie, a tak\u0105 rol\u0119 w \u017cyciu wielu os\u00f3b odgrywa jazda na rowerze. Mog\u0142oby si\u0119 wydawa\u0107, \u017ce \u015bwiat kolarstwa, mimo \u017ce ograniczenia zosta\u0142y z\u0142agodzone, ca\u0142kowicie si\u0119 zatrzyma\u0142, ale my nie widzimy tego w ten spos\u00f3b. Jak ze wszystkim, o co warto walczy\u0107 \u2013 tam gdzie jest wola, znajdzie si\u0119 i spos\u00f3b!\" \/>\n<meta name=\"robots\" content=\"index, follow, max-snippet:-1, max-image-preview:large, max-video-preview:-1\" \/>\n<link rel=\"canonical\" href=\"https:\/\/www.welovecycling.com\/pl\/2020\/05\/21\/akcja-ride2unite-wspieramy-spolecznosc-rowerowa-podczas-lockdownu\/\" \/>\n<meta property=\"og:locale\" content=\"pl_PL\" \/>\n<meta property=\"og:type\" content=\"article\" \/>\n<meta property=\"og:title\" content=\"Akcja #Ride2Unite: wspieramy spo\u0142eczno\u015b\u0107 rowerow\u0105 podczas lockdownu\" \/>\n<meta property=\"og:description\" content=\"Wiele ju\u017c powiedziano i napisano o tych trudnych czasach pandemii: jak wp\u0142ywa na nasze \u017cycie, relacje, miejsca pracy, biznes i \u2013 wreszcie \u2013 na nasze ukochane hobby. Aktywno\u015b\u0107 i sport poprawiaj\u0105 nasze og\u00f3lne samopoczucie, a tak\u0105 rol\u0119 w \u017cyciu wielu os\u00f3b odgrywa jazda na rowerze. Mog\u0142oby si\u0119 wydawa\u0107, \u017ce \u015bwiat kolarstwa, mimo \u017ce ograniczenia zosta\u0142y z\u0142agodzone, ca\u0142kowicie si\u0119 zatrzyma\u0142, ale my nie widzimy tego w ten spos\u00f3b. Jak ze wszystkim, o co warto walczy\u0107 \u2013 tam gdzie jest wola, znajdzie si\u0119 i spos\u00f3b!\" \/>\n<meta property=\"og:url\" content=\"https:\/\/www.welovecycling.com\/pl\/2020\/05\/21\/akcja-ride2unite-wspieramy-spolecznosc-rowerowa-podczas-lockdownu\/\" \/>\n<meta property=\"og:site_name\" content=\"\u0160koda We Love Cycling - Poland\" \/>\n<meta property=\"article:published_time\" content=\"2020-05-21T14:45:17+00:00\" \/>\n<meta property=\"og:image\" content=\"https:\/\/d2p6e6u75xmxt8.cloudfront.net\/5\/2020\/05\/WLC_3.png\" \/>\n\t<meta property=\"og:image:width\" content=\"1280\" \/>\n\t<meta property=\"og:image:height\" content=\"640\" \/>\n\t<meta property=\"og:image:type\" content=\"image\/png\" \/>\n<meta name=\"author\" content=\"oktawiamikulska\" \/>\n<meta name=\"twitter:card\" content=\"summary_large_image\" \/>\n<meta name=\"twitter:label1\" content=\"Written by\" \/>\n\t<meta name=\"twitter:data1\" content=\"WeLoveCycling\" \/>\n\t<meta name=\"twitter:label2\" content=\"Est. reading time\" \/>\n\t<meta name=\"twitter:data2\" content=\"4 minutes\" \/>\n<script type=\"application\/ld+json\" class=\"yoast-schema-graph\">{\"@context\":\"https:\/\/schema.org\",\"@graph\":[{\"@type\":\"WebPage\",\"@id\":\"https:\/\/www.welovecycling.com\/pl\/2020\/05\/21\/akcja-ride2unite-wspieramy-spolecznosc-rowerowa-podczas-lockdownu\/\",\"url\":\"https:\/\/www.welovecycling.com\/pl\/2020\/05\/21\/akcja-ride2unite-wspieramy-spolecznosc-rowerowa-podczas-lockdownu\/\",\"name\":\"Akcja #Ride2Unite: wspieramy spo\u0142eczno\u015b\u0107 rowerow\u0105 podczas lockdownu - \u0160koda We Love Cycling - Poland\",\"isPartOf\":{\"@id\":\"https:\/\/www.welovecycling.com\/pl\/#website\"},\"primaryImageOfPage\":{\"@id\":\"https:\/\/www.welovecycling.com\/pl\/2020\/05\/21\/akcja-ride2unite-wspieramy-spolecznosc-rowerowa-podczas-lockdownu\/#primaryimage\"},\"image\":{\"@id\":\"https:\/\/www.welovecycling.com\/pl\/2020\/05\/21\/akcja-ride2unite-wspieramy-spolecznosc-rowerowa-podczas-lockdownu\/#primaryimage\"},\"thumbnailUrl\":\"https:\/\/d2p6e6u75xmxt8.cloudfront.net\/5\/2020\/05\/WLC_3.png\",\"datePublished\":\"2020-05-21T14:45:17+00:00\",\"author\":{\"@id\":\"https:\/\/www.welovecycling.com\/pl\/#\/schema\/person\/4a79bac7bd265aa6a35a1079d36648be\"},\"description\":\"Wiele ju\u017c powiedziano i napisano o tych trudnych czasach pandemii: jak wp\u0142ywa na nasze \u017cycie, relacje, miejsca pracy, biznes i \u2013 wreszcie \u2013 na nasze ukochane hobby. Aktywno\u015b\u0107 i sport poprawiaj\u0105 nasze og\u00f3lne samopoczucie, a tak\u0105 rol\u0119 w \u017cyciu wielu os\u00f3b odgrywa jazda na rowerze. Mog\u0142oby si\u0119 wydawa\u0107, \u017ce \u015bwiat kolarstwa, mimo \u017ce ograniczenia zosta\u0142y z\u0142agodzone, ca\u0142kowicie si\u0119 zatrzyma\u0142, ale my nie widzimy tego w ten spos\u00f3b. Jak ze wszystkim, o co warto walczy\u0107 \u2013 tam gdzie jest wola, znajdzie si\u0119 i spos\u00f3b!\",\"breadcrumb\":{\"@id\":\"https:\/\/www.welovecycling.com\/pl\/2020\/05\/21\/akcja-ride2unite-wspieramy-spolecznosc-rowerowa-podczas-lockdownu\/#breadcrumb\"},\"inLanguage\":\"pl-PL\",\"potentialAction\":[{\"@type\":\"ReadAction\",\"target\":[\"https:\/\/www.welovecycling.com\/pl\/2020\/05\/21\/akcja-ride2unite-wspieramy-spolecznosc-rowerowa-podczas-lockdownu\/\"]}]},{\"@type\":\"ImageObject\",\"inLanguage\":\"pl-PL\",\"@id\":\"https:\/\/www.welovecycling.com\/pl\/2020\/05\/21\/akcja-ride2unite-wspieramy-spolecznosc-rowerowa-podczas-lockdownu\/#primaryimage\",\"url\":\"https:\/\/d2p6e6u75xmxt8.cloudfront.net\/5\/2020\/05\/WLC_3.png\",\"contentUrl\":\"https:\/\/d2p6e6u75xmxt8.cloudfront.net\/5\/2020\/05\/WLC_3.png\",\"width\":1280,\"height\":640},{\"@type\":\"BreadcrumbList\",\"@id\":\"https:\/\/www.welovecycling.com\/pl\/2020\/05\/21\/akcja-ride2unite-wspieramy-spolecznosc-rowerowa-podczas-lockdownu\/#breadcrumb\",\"itemListElement\":[{\"@type\":\"ListItem\",\"position\":1,\"name\":\"Home\",\"item\":\"https:\/\/www.welovecycling.com\/pl\/\"},{\"@type\":\"ListItem\",\"position\":2,\"name\":\"Akcja #Ride2Unite: wspieramy spo\u0142eczno\u015b\u0107 rowerow\u0105 podczas lockdownu\"}]},{\"@type\":\"WebSite\",\"@id\":\"https:\/\/www.welovecycling.com\/pl\/#website\",\"url\":\"https:\/\/www.welovecycling.com\/pl\/\",\"name\":\"\u0160koda We Love Cycling - Poland\",\"description\":\"\",\"potentialAction\":[{\"@type\":\"SearchAction\",\"target\":{\"@type\":\"EntryPoint\",\"urlTemplate\":\"https:\/\/www.welovecycling.com\/pl\/?s={search_term_string}\"},\"query-input\":{\"@type\":\"PropertyValueSpecification\",\"valueRequired\":true,\"valueName\":\"search_term_string\"}}],\"inLanguage\":\"pl-PL\"},{\"@type\":\"Person\",\"@id\":\"https:\/\/www.welovecycling.com\/pl\/#\/schema\/person\/4a79bac7bd265aa6a35a1079d36648be\",\"name\":\"oktawiamikulska\",\"image\":{\"@type\":\"ImageObject\",\"inLanguage\":\"pl-PL\",\"@id\":\"https:\/\/www.welovecycling.com\/pl\/#\/schema\/person\/image\/\",\"url\":\"https:\/\/secure.gravatar.com\/avatar\/b97a3f44e2de6d2f8dd358975937e49823662e12cbd810b9d1a2bff1c149e8a7?s=96&d=mm&r=g\",\"contentUrl\":\"https:\/\/secure.gravatar.com\/avatar\/b97a3f44e2de6d2f8dd358975937e49823662e12cbd810b9d1a2bff1c149e8a7?s=96&d=mm&r=g\",\"caption\":\"oktawiamikulska\"},\"url\":\"https:\/\/www.welovecycling.com\/pl\/author\/oktawiamikulska\/\"}]}<\/script>\n<!-- \/ Yoast SEO Premium plugin. -->","yoast_head_json":{"title":"Akcja #Ride2Unite: wspieramy spo\u0142eczno\u015b\u0107 rowerow\u0105 podczas lockdownu - \u0160koda We Love Cycling - Poland","description":"Wiele ju\u017c powiedziano i napisano o tych trudnych czasach pandemii: jak wp\u0142ywa na nasze \u017cycie, relacje, miejsca pracy, biznes i \u2013 wreszcie \u2013 na nasze ukochane hobby. Aktywno\u015b\u0107 i sport poprawiaj\u0105 nasze og\u00f3lne samopoczucie, a tak\u0105 rol\u0119 w \u017cyciu wielu os\u00f3b odgrywa jazda na rowerze. Mog\u0142oby si\u0119 wydawa\u0107, \u017ce \u015bwiat kolarstwa, mimo \u017ce ograniczenia zosta\u0142y z\u0142agodzone, ca\u0142kowicie si\u0119 zatrzyma\u0142, ale my nie widzimy tego w ten spos\u00f3b. Jak ze wszystkim, o co warto walczy\u0107 \u2013 tam gdzie jest wola, znajdzie si\u0119 i spos\u00f3b!","robots":{"index":"index","follow":"follow","max-snippet":"max-snippet:-1","max-image-preview":"max-image-preview:large","max-video-preview":"max-video-preview:-1"},"canonical":"https:\/\/www.welovecycling.com\/pl\/2020\/05\/21\/akcja-ride2unite-wspieramy-spolecznosc-rowerowa-podczas-lockdownu\/","og_locale":"pl_PL","og_type":"article","og_title":"Akcja #Ride2Unite: wspieramy spo\u0142eczno\u015b\u0107 rowerow\u0105 podczas lockdownu","og_description":"Wiele ju\u017c powiedziano i napisano o tych trudnych czasach pandemii: jak wp\u0142ywa na nasze \u017cycie, relacje, miejsca pracy, biznes i \u2013 wreszcie \u2013 na nasze ukochane hobby. Aktywno\u015b\u0107 i sport poprawiaj\u0105 nasze og\u00f3lne samopoczucie, a tak\u0105 rol\u0119 w \u017cyciu wielu os\u00f3b odgrywa jazda na rowerze. Mog\u0142oby si\u0119 wydawa\u0107, \u017ce \u015bwiat kolarstwa, mimo \u017ce ograniczenia zosta\u0142y z\u0142agodzone, ca\u0142kowicie si\u0119 zatrzyma\u0142, ale my nie widzimy tego w ten spos\u00f3b. Jak ze wszystkim, o co warto walczy\u0107 \u2013 tam gdzie jest wola, znajdzie si\u0119 i spos\u00f3b!","og_url":"https:\/\/www.welovecycling.com\/pl\/2020\/05\/21\/akcja-ride2unite-wspieramy-spolecznosc-rowerowa-podczas-lockdownu\/","og_site_name":"\u0160koda We Love Cycling - Poland","article_published_time":"2020-05-21T14:45:17+00:00","og_image":[{"width":1280,"height":640,"url":"https:\/\/d2p6e6u75xmxt8.cloudfront.net\/5\/2020\/05\/WLC_3.png","type":"image\/png"}],"author":"oktawiamikulska","twitter_card":"summary_large_image","twitter_misc":{"Written by":"WeLoveCycling","Est. reading time":"4 minutes"},"schema":{"@context":"https:\/\/schema.org","@graph":[{"@type":"WebPage","@id":"https:\/\/www.welovecycling.com\/pl\/2020\/05\/21\/akcja-ride2unite-wspieramy-spolecznosc-rowerowa-podczas-lockdownu\/","url":"https:\/\/www.welovecycling.com\/pl\/2020\/05\/21\/akcja-ride2unite-wspieramy-spolecznosc-rowerowa-podczas-lockdownu\/","name":"Akcja #Ride2Unite: wspieramy spo\u0142eczno\u015b\u0107 rowerow\u0105 podczas lockdownu - \u0160koda We Love Cycling - Poland","isPartOf":{"@id":"https:\/\/www.welovecycling.com\/pl\/#website"},"primaryImageOfPage":{"@id":"https:\/\/www.welovecycling.com\/pl\/2020\/05\/21\/akcja-ride2unite-wspieramy-spolecznosc-rowerowa-podczas-lockdownu\/#primaryimage"},"image":{"@id":"https:\/\/www.welovecycling.com\/pl\/2020\/05\/21\/akcja-ride2unite-wspieramy-spolecznosc-rowerowa-podczas-lockdownu\/#primaryimage"},"thumbnailUrl":"https:\/\/d2p6e6u75xmxt8.cloudfront.net\/5\/2020\/05\/WLC_3.png","datePublished":"2020-05-21T14:45:17+00:00","author":{"@id":"https:\/\/www.welovecycling.com\/pl\/#\/schema\/person\/4a79bac7bd265aa6a35a1079d36648be"},"description":"Wiele ju\u017c powiedziano i napisano o tych trudnych czasach pandemii: jak wp\u0142ywa na nasze \u017cycie, relacje, miejsca pracy, biznes i \u2013 wreszcie \u2013 na nasze ukochane hobby. Aktywno\u015b\u0107 i sport poprawiaj\u0105 nasze og\u00f3lne samopoczucie, a tak\u0105 rol\u0119 w \u017cyciu wielu os\u00f3b odgrywa jazda na rowerze. Mog\u0142oby si\u0119 wydawa\u0107, \u017ce \u015bwiat kolarstwa, mimo \u017ce ograniczenia zosta\u0142y z\u0142agodzone, ca\u0142kowicie si\u0119 zatrzyma\u0142, ale my nie widzimy tego w ten spos\u00f3b. Jak ze wszystkim, o co warto walczy\u0107 \u2013 tam gdzie jest wola, znajdzie si\u0119 i spos\u00f3b!","breadcrumb":{"@id":"https:\/\/www.welovecycling.com\/pl\/2020\/05\/21\/akcja-ride2unite-wspieramy-spolecznosc-rowerowa-podczas-lockdownu\/#breadcrumb"},"inLanguage":"pl-PL","potentialAction":[{"@type":"ReadAction","target":["https:\/\/www.welovecycling.com\/pl\/2020\/05\/21\/akcja-ride2unite-wspieramy-spolecznosc-rowerowa-podczas-lockdownu\/"]}]},{"@type":"ImageObject","inLanguage":"pl-PL","@id":"https:\/\/www.welovecycling.com\/pl\/2020\/05\/21\/akcja-ride2unite-wspieramy-spolecznosc-rowerowa-podczas-lockdownu\/#primaryimage","url":"https:\/\/d2p6e6u75xmxt8.cloudfront.net\/5\/2020\/05\/WLC_3.png","contentUrl":"https:\/\/d2p6e6u75xmxt8.cloudfront.net\/5\/2020\/05\/WLC_3.png","width":1280,"height":640},{"@type":"BreadcrumbList","@id":"https:\/\/www.welovecycling.com\/pl\/2020\/05\/21\/akcja-ride2unite-wspieramy-spolecznosc-rowerowa-podczas-lockdownu\/#breadcrumb","itemListElement":[{"@type":"ListItem","position":1,"name":"Home","item":"https:\/\/www.welovecycling.com\/pl\/"},{"@type":"ListItem","position":2,"name":"Akcja #Ride2Unite: wspieramy spo\u0142eczno\u015b\u0107 rowerow\u0105 podczas lockdownu"}]},{"@type":"WebSite","@id":"https:\/\/www.welovecycling.com\/pl\/#website","url":"https:\/\/www.welovecycling.com\/pl\/","name":"\u0160koda We Love Cycling - Poland","description":"","potentialAction":[{"@type":"SearchAction","target":{"@type":"EntryPoint","urlTemplate":"https:\/\/www.welovecycling.com\/pl\/?s={search_term_string}"},"query-input":{"@type":"PropertyValueSpecification","valueRequired":true,"valueName":"search_term_string"}}],"inLanguage":"pl-PL"},{"@type":"Person","@id":"https:\/\/www.welovecycling.com\/pl\/#\/schema\/person\/4a79bac7bd265aa6a35a1079d36648be","name":"oktawiamikulska","image":{"@type":"ImageObject","inLanguage":"pl-PL","@id":"https:\/\/www.welovecycling.com\/pl\/#\/schema\/person\/image\/","url":"https:\/\/secure.gravatar.com\/avatar\/b97a3f44e2de6d2f8dd358975937e49823662e12cbd810b9d1a2bff1c149e8a7?s=96&d=mm&r=g","contentUrl":"https:\/\/secure.gravatar.com\/avatar\/b97a3f44e2de6d2f8dd358975937e49823662e12cbd810b9d1a2bff1c149e8a7?s=96&d=mm&r=g","caption":"oktawiamikulska"},"url":"https:\/\/www.welovecycling.com\/pl\/author\/oktawiamikulska\/"}]}},"_links":{"self":[{"href":"https:\/\/www.welovecycling.com\/pl\/wp-json\/wp\/v2\/posts\/10684","targetHints":{"allow":["GET"]}}],"collection":[{"href":"https:\/\/www.welovecycling.com\/pl\/wp-json\/wp\/v2\/posts"}],"about":[{"href":"https:\/\/www.welovecycling.com\/pl\/wp-json\/wp\/v2\/types\/post"}],"author":[{"embeddable":true,"href":"https:\/\/www.welovecycling.com\/pl\/wp-json\/wp\/v2\/users\/125"}],"replies":[{"embeddable":true,"href":"https:\/\/www.welovecycling.com\/pl\/wp-json\/wp\/v2\/comments?post=10684"}],"version-history":[{"count":2,"href":"https:\/\/www.welovecycling.com\/pl\/wp-json\/wp\/v2\/posts\/10684\/revisions"}],"predecessor-version":[{"id":10688,"href":"https:\/\/www.welovecycling.com\/pl\/wp-json\/wp\/v2\/posts\/10684\/revisions\/10688"}],"wp:featuredmedia":[{"embeddable":true,"href":"https:\/\/www.welovecycling.com\/pl\/wp-json\/wp\/v2\/media\/10685"}],"wp:attachment":[{"href":"https:\/\/www.welovecycling.com\/pl\/wp-json\/wp\/v2\/media?parent=10684"}],"wp:term":[{"taxonomy":"category","embeddable":true,"href":"https:\/\/www.welovecycling.com\/pl\/wp-json\/wp\/v2\/categories?post=10684"},{"taxonomy":"post_tag","embeddable":true,"href":"https:\/\/www.welovecycling.com\/pl\/wp-json\/wp\/v2\/tags?post=10684"},{"taxonomy":"global-categories","embeddable":true,"href":"https:\/\/www.welovecycling.com\/pl\/wp-json\/wp\/v2\/global-categories?post=10684"}],"curies":[{"name":"wp","href":"https:\/\/api.w.org\/{rel}","templated":true}]}}