{"id":10674,"date":"2020-05-20T15:13:31","date_gmt":"2020-05-20T15:13:31","guid":{"rendered":"https:\/\/www.welovecycling.com\/pl\/?p=10674"},"modified":"2020-05-21T13:15:23","modified_gmt":"2020-05-21T13:15:23","slug":"ubezpieczenie-dla-rowerzysty-czy-to-sie-w-ogole-oplaca","status":"publish","type":"post","link":"https:\/\/www.welovecycling.com\/pl\/2020\/05\/20\/ubezpieczenie-dla-rowerzysty-czy-to-sie-w-ogole-oplaca\/","title":{"rendered":"Ubezpieczenie dla rowerzysty. Czy to si\u0119 w og\u00f3le op\u0142aca?"},"content":{"rendered":"<p><strong>Kradzie\u017c, zarysowanie, zepsucie, ma\u0142a kolizja, powa\u017cny wypadek \u2013 wszyscy uczestnicy ruchu drogowego nara\u017ceni s\u0105 na nieprzewidziane zdarzenia, a od pewnego czasu tak\u017ce rowerzy\u015bci mog\u0105 si\u0119 od nich ubezpieczy\u0107. Jak to zrobi\u0107? Na co zwr\u00f3ci\u0107 uwag\u0119? Ile to kosztuje? Przyjrzeli\u015bmy si\u0119 ofercie polis ubezpieczeniowych dla rowerzyst\u00f3w.<\/strong><\/p>\n<p>O ile kierowcy samochod\u00f3w musz\u0105 obowi\u0105zkowo wykupi\u0107 OC, to dla rowerzyst\u00f3w przez lata jakiekolwiek ubezpieczenie by\u0142o trudno dost\u0119pne. Teraz to si\u0119 jednak zmieni\u0142o i fani dw\u00f3ch k\u00f3\u0142ek mog\u0105 kupi\u0107 polis\u0119 zar\u00f3wno dla siebie, jak i swojego sprz\u0119tu.<\/p>\n<h2><strong>Ubezpieczenie roweru<\/strong><\/h2>\n<p>Towarzystwa ubezpieczeniowe coraz ch\u0119tniej zerkaj\u0105 w stron\u0119 rowerzyst\u00f3w i oferuj\u0105 im wiele opcji ochrony. Jedn\u0105 z nich jest polisa na wypadek kradzie\u017cy roweru.<\/p>\n<p>Na og\u00f3\u0142 dedykowana jest w\u0142a\u015bcicielom nowych lub kilkuletnich sprz\u0119t\u00f3w. Daje im spok\u00f3j ducha, ale te\u017c zobowi\u0105zuje do odpowiedniego dbania o zabezpieczenie roweru. W Og\u00f3lnych Warunkach Ubezpieczenia (obowi\u0105zkowo nale\u017cy si\u0119 z nimi zapozna\u0107!) zapisane jest, w jaki spos\u00f3b sprz\u0119t powinien by\u0107 zabezpieczony podczas pozostawiania w miejscach publicznych (w zale\u017cno\u015bci od rodzaju polisy jest to np. linka, \u0142a\u0144cuch, U-Lock).<\/p>\n<p>Obostrzenia obowi\u0105zuj\u0105 r\u00f3wnie\u017c podczas przechowywania roweru w gara\u017cu czy piwnicy, poniewa\u017c te miejsca tak\u017ce musz\u0105 by\u0107 zamkni\u0119te w odpowiedni spos\u00f3b. Wytycznych ubezpieczyciela nale\u017cy bezwzgl\u0119dnie przestrzega\u0107, bo w przeciwnym wypadku grozi nam brak wyp\u0142aty odszkodowania.<\/p>\n<p>Ubezpieczenia cz\u0119sto gwarantuj\u0105 r\u00f3wnie\u017c napraw\u0119 roweru, je\u015bli zostanie on uszkodzony w wyniku wypadku drogowego, a tak\u017ce w przypadku zdarze\u0144 losowych (po\u017car, gradobicie, pow\u00f3d\u017a itp.). W niekt\u00f3rych towarzystwach dodatkowo mo\u017cna ubezpieczy\u0107 r\u00f3wnie\u017c przewo\u017cony rowerem baga\u017c.<\/p>\n<figure id=\"attachment_10679\" aria-describedby=\"caption-attachment-10679\" style=\"width: 1280px\" class=\"wp-caption alignnone\"><a href=\"https:\/\/d2p6e6u75xmxt8.cloudfront.net\/5\/2020\/05\/bike-2580718_1280.jpg\"><img loading=\"lazy\" decoding=\"async\" class=\"wp-image-10679 size-full\" src=\"https:\/\/d2p6e6u75xmxt8.cloudfront.net\/5\/2020\/05\/bike-2580718_1280.jpg\" alt=\"Fot. Pixabay\" width=\"1280\" height=\"853\" \/><\/a><figcaption id=\"caption-attachment-10679\" class=\"wp-caption-text\">Fot. Pixabay<\/figcaption><\/figure>\n<h2><strong>Ubezpieczenie rowerzysty<\/strong><\/h2>\n<p>Sprz\u0119t to jedna strona ubezpieczenia, drug\u0105 jest zdrowie rowerzysty. Dzisiejsze polisy oferuj\u0105 pomoc w przypadku, gdy przewr\u00f3cisz si\u0119 albo wjedziesz w pieszego, samoch\u00f3d lub nieruchomo\u015b\u0107 i z tego powodu doznasz uszczerbku na zdrowiu (z\u0142amanie, skr\u0119cenie, zwichni\u0119cie, wstrz\u0105s itp.). Dobre ubezpieczenie w takich przypadku gwarantuje bardzo szerok\u0105 pomoc: od transportu medycznego, przez hospitalizacj\u0119, rehabilitacj\u0119 i wizyty lekarza, a\u017c po pomoc psychologa i zakup lek\u00f3w.<\/p>\n<p>Trzeba jednak pami\u0119ta\u0107, by w takich polisach zwr\u00f3ci\u0107 uwag\u0119 na \u201eale\u201d, czyli pewne limity. Jakie? Np. g\u00f3rny limit wydatk\u00f3w, kt\u00f3re zostan\u0105 nam zwr\u00f3cone z racji koszt\u00f3w leczenia (np. do 1000 z\u0142otych) lub np. limit wizyt u rehabilitanta czy psychologa.<\/p>\n<p>Dobre ubezpieczenie dla rowerzysty gwarantuje r\u00f3wnie\u017c pokrycie szk\u00f3d przez niego wyrz\u0105dzonych. Je\u015bli np. z w\u0142asnej winy zarysujemy samoch\u00f3d lub doprowadzimy do st\u0142uczki, to odpowiednio dobrana polisa powinna pokry\u0107 koszty poszkodowanego.<\/p>\n<h2><strong>Polisa ta\u0144sza i kr\u00f3tsza ni\u017c rok<\/strong><\/h2>\n<p>Kiedy\u015b towarzystwa wzbrania\u0142y si\u0119 od ubezpieczania rower\u00f3w i rowerzyst\u00f3w, ale dzi\u015b ich oferty s\u0105 coraz ciekawsze. Jedn\u0105 z interesuj\u0105cych opcji jest mo\u017cliwo\u015b\u0107 zawarcia polisy zar\u00f3wno na rok, jak te\u017c tylko na czas tzw. wysokiego sezonu rowerowego, czyli 7-8 miesi\u0119cy. Mo\u017cna r\u00f3wnie\u017c \u00a0poszuka\u0107 ubezpieczenia dla ca\u0142ej rowerowej rodziny oraz dzia\u0142aj\u0105cego nie tylko w Polsce, ale r\u00f3wnie\u017c za granic\u0105.<\/p>\n<p>A ile kosztuje ubezpieczenie roweru i rowerzysty? Ceny s\u0105 bardzo r\u00f3\u017cne, podobnie jak r\u00f3\u017cny jest zakres ochrony. Wa\u017cnymi czynnikami wp\u0142ywaj\u0105cym na koszt s\u0105 tak\u017ce limity ubezpieczenia i warto\u015b\u0107 roweru, ale podstawowych polis mo\u017cna szuka\u0107 ju\u017c za kilkadziesi\u0105t z\u0142otych, a te z najszerszym pakietem ochronnym b\u0119d\u0105 kosztowa\u0142y nawet kilkaset z\u0142otych rocznie.<\/p>\n<p><span data-sheets-value=\"{&quot;1&quot;:2,&quot;2&quot;:&quot;Artyku\u0142 powsta\u0142 we wsp\u00f3\u0142pracy ze skoda-auto.pl&quot;}\" data-sheets-userformat=\"{&quot;2&quot;:1,&quot;3&quot;:{&quot;1&quot;:0}}\" data-sheets-hyperlink=\"http:\/\/www.skoda-auto.pl\/\"><a class=\"in-cell-link\" href=\"http:\/\/www.skoda-auto.pl\/\" target=\"_blank\" rel=\"noopener noreferrer\">Artyku\u0142 powsta\u0142 we wsp\u00f3\u0142pracy ze skoda-auto.pl<\/a><\/span><\/p>\n<p><a href=\"https:\/\/www.skoda-auto.pl\/modele\/karoq\">\u00a0<\/a><a href=\"https:\/\/www.skoda-auto.pl\/modele\/kodiaq\"><img loading=\"lazy\" decoding=\"async\" class=\"aligncenter wp-image-9607 size-full\" src=\"https:\/\/d2p6e6u75xmxt8.cloudfront.net\/5\/2019\/08\/baner_WLC_640x350_2.png\" alt=\"\" width=\"640\" height=\"350\" srcset=\"https:\/\/d2p6e6u75xmxt8.cloudfront.net\/5\/2019\/08\/baner_WLC_640x350_2.png 640w, https:\/\/d2p6e6u75xmxt8.cloudfront.net\/5\/2019\/08\/baner_WLC_640x350_2-300x164.png 300w\" sizes=\"auto, (max-width: 640px) 100vw, 640px\" \/><\/a><\/p>\n<p>&nbsp;<\/p>\n<p>&nbsp;<\/p>\n","protected":false},"excerpt":{"rendered":"<p>Kradzie\u017c, zarysowanie, zepsucie, ma\u0142a kolizja, powa\u017cny wypadek \u2013 wszyscy uczestnicy ruchu drogowego nara\u017ceni s\u0105 na nieprzewidziane zdarzenia, a od pewnego [&hellip;]<\/p>\n","protected":false},"author":125,"featured_media":10675,"comment_status":"open","ping_status":"open","sticky":false,"template":"","format":"standard","meta":{"footnotes":""},"categories":[301],"tags":[],"global-categories":[303],"class_list":["post-10674","post","type-post","status-publish","format-standard","has-post-thumbnail","hentry","category-safety","global-categories-cycling"],"yoast_head":"<!-- This site is optimized with the Yoast SEO Premium plugin v25.3 (Yoast SEO v25.9) - https:\/\/yoast.com\/wordpress\/plugins\/seo\/ -->\n<title>Ubezpieczenie dla rowerzysty. Czy to si\u0119 w og\u00f3le op\u0142aca? - \u0160koda We Love Cycling - Poland<\/title>\n<meta name=\"description\" content=\"Kradzie\u017c, zarysowanie, zepsucie, ma\u0142a kolizja, powa\u017cny wypadek \u2013 wszyscy uczestnicy ruchu drogowego nara\u017ceni s\u0105 na nieprzewidziane zdarzenia, rowerzy\u015bci mog\u0105 si\u0119 od nich ubezpieczy\u0107. Jak to zrobi\u0107?\" \/>\n<meta name=\"robots\" content=\"index, follow, max-snippet:-1, max-image-preview:large, max-video-preview:-1\" \/>\n<link rel=\"canonical\" href=\"https:\/\/www.welovecycling.com\/pl\/2020\/05\/20\/ubezpieczenie-dla-rowerzysty-czy-to-sie-w-ogole-oplaca\/\" \/>\n<meta property=\"og:locale\" content=\"pl_PL\" \/>\n<meta property=\"og:type\" content=\"article\" \/>\n<meta property=\"og:title\" content=\"Ubezpieczenie dla rowerzysty. Czy to si\u0119 w og\u00f3le op\u0142aca?\" \/>\n<meta property=\"og:description\" content=\"Kradzie\u017c, zarysowanie, zepsucie, ma\u0142a kolizja, powa\u017cny wypadek \u2013 wszyscy uczestnicy ruchu drogowego nara\u017ceni s\u0105 na nieprzewidziane zdarzenia, rowerzy\u015bci mog\u0105 si\u0119 od nich ubezpieczy\u0107. Jak to zrobi\u0107?\" \/>\n<meta property=\"og:url\" content=\"https:\/\/www.welovecycling.com\/pl\/2020\/05\/20\/ubezpieczenie-dla-rowerzysty-czy-to-sie-w-ogole-oplaca\/\" \/>\n<meta property=\"og:site_name\" content=\"\u0160koda We Love Cycling - Poland\" \/>\n<meta property=\"article:published_time\" content=\"2020-05-20T15:13:31+00:00\" \/>\n<meta property=\"article:modified_time\" content=\"2020-05-21T13:15:23+00:00\" \/>\n<meta property=\"og:image\" content=\"https:\/\/d2p6e6u75xmxt8.cloudfront.net\/5\/2020\/05\/20.05-ubezpieczenie-2.0.jpg\" \/>\n\t<meta property=\"og:image:width\" content=\"1024\" \/>\n\t<meta property=\"og:image:height\" content=\"450\" \/>\n\t<meta property=\"og:image:type\" content=\"image\/jpeg\" \/>\n<meta name=\"author\" content=\"oktawiamikulska\" \/>\n<meta name=\"twitter:card\" content=\"summary_large_image\" \/>\n<meta name=\"twitter:label1\" content=\"Written by\" \/>\n\t<meta name=\"twitter:data1\" content=\"Piotr Nowik\" \/>\n\t<meta name=\"twitter:label2\" content=\"Est. reading time\" \/>\n\t<meta name=\"twitter:data2\" content=\"3 minutes\" \/>\n<script type=\"application\/ld+json\" class=\"yoast-schema-graph\">{\"@context\":\"https:\/\/schema.org\",\"@graph\":[{\"@type\":\"WebPage\",\"@id\":\"https:\/\/www.welovecycling.com\/pl\/2020\/05\/20\/ubezpieczenie-dla-rowerzysty-czy-to-sie-w-ogole-oplaca\/\",\"url\":\"https:\/\/www.welovecycling.com\/pl\/2020\/05\/20\/ubezpieczenie-dla-rowerzysty-czy-to-sie-w-ogole-oplaca\/\",\"name\":\"Ubezpieczenie dla rowerzysty. Czy to si\u0119 w og\u00f3le op\u0142aca? - \u0160koda We Love Cycling - Poland\",\"isPartOf\":{\"@id\":\"https:\/\/www.welovecycling.com\/pl\/#website\"},\"primaryImageOfPage\":{\"@id\":\"https:\/\/www.welovecycling.com\/pl\/2020\/05\/20\/ubezpieczenie-dla-rowerzysty-czy-to-sie-w-ogole-oplaca\/#primaryimage\"},\"image\":{\"@id\":\"https:\/\/www.welovecycling.com\/pl\/2020\/05\/20\/ubezpieczenie-dla-rowerzysty-czy-to-sie-w-ogole-oplaca\/#primaryimage\"},\"thumbnailUrl\":\"https:\/\/d2p6e6u75xmxt8.cloudfront.net\/5\/2020\/05\/20.05-ubezpieczenie-2.0.jpg\",\"datePublished\":\"2020-05-20T15:13:31+00:00\",\"dateModified\":\"2020-05-21T13:15:23+00:00\",\"author\":{\"@id\":\"https:\/\/www.welovecycling.com\/pl\/#\/schema\/person\/4a79bac7bd265aa6a35a1079d36648be\"},\"description\":\"Kradzie\u017c, zarysowanie, zepsucie, ma\u0142a kolizja, powa\u017cny wypadek \u2013 wszyscy uczestnicy ruchu drogowego nara\u017ceni s\u0105 na nieprzewidziane zdarzenia, rowerzy\u015bci mog\u0105 si\u0119 od nich ubezpieczy\u0107. Jak to zrobi\u0107?\",\"breadcrumb\":{\"@id\":\"https:\/\/www.welovecycling.com\/pl\/2020\/05\/20\/ubezpieczenie-dla-rowerzysty-czy-to-sie-w-ogole-oplaca\/#breadcrumb\"},\"inLanguage\":\"pl-PL\",\"potentialAction\":[{\"@type\":\"ReadAction\",\"target\":[\"https:\/\/www.welovecycling.com\/pl\/2020\/05\/20\/ubezpieczenie-dla-rowerzysty-czy-to-sie-w-ogole-oplaca\/\"]}]},{\"@type\":\"ImageObject\",\"inLanguage\":\"pl-PL\",\"@id\":\"https:\/\/www.welovecycling.com\/pl\/2020\/05\/20\/ubezpieczenie-dla-rowerzysty-czy-to-sie-w-ogole-oplaca\/#primaryimage\",\"url\":\"https:\/\/d2p6e6u75xmxt8.cloudfront.net\/5\/2020\/05\/20.05-ubezpieczenie-2.0.jpg\",\"contentUrl\":\"https:\/\/d2p6e6u75xmxt8.cloudfront.net\/5\/2020\/05\/20.05-ubezpieczenie-2.0.jpg\",\"width\":1024,\"height\":450},{\"@type\":\"BreadcrumbList\",\"@id\":\"https:\/\/www.welovecycling.com\/pl\/2020\/05\/20\/ubezpieczenie-dla-rowerzysty-czy-to-sie-w-ogole-oplaca\/#breadcrumb\",\"itemListElement\":[{\"@type\":\"ListItem\",\"position\":1,\"name\":\"Home\",\"item\":\"https:\/\/www.welovecycling.com\/pl\/\"},{\"@type\":\"ListItem\",\"position\":2,\"name\":\"Ubezpieczenie dla rowerzysty. Czy to si\u0119 w og\u00f3le op\u0142aca?\"}]},{\"@type\":\"WebSite\",\"@id\":\"https:\/\/www.welovecycling.com\/pl\/#website\",\"url\":\"https:\/\/www.welovecycling.com\/pl\/\",\"name\":\"\u0160koda We Love Cycling - Poland\",\"description\":\"\",\"potentialAction\":[{\"@type\":\"SearchAction\",\"target\":{\"@type\":\"EntryPoint\",\"urlTemplate\":\"https:\/\/www.welovecycling.com\/pl\/?s={search_term_string}\"},\"query-input\":{\"@type\":\"PropertyValueSpecification\",\"valueRequired\":true,\"valueName\":\"search_term_string\"}}],\"inLanguage\":\"pl-PL\"},{\"@type\":\"Person\",\"@id\":\"https:\/\/www.welovecycling.com\/pl\/#\/schema\/person\/4a79bac7bd265aa6a35a1079d36648be\",\"name\":\"oktawiamikulska\",\"image\":{\"@type\":\"ImageObject\",\"inLanguage\":\"pl-PL\",\"@id\":\"https:\/\/www.welovecycling.com\/pl\/#\/schema\/person\/image\/\",\"url\":\"https:\/\/secure.gravatar.com\/avatar\/b97a3f44e2de6d2f8dd358975937e49823662e12cbd810b9d1a2bff1c149e8a7?s=96&d=mm&r=g\",\"contentUrl\":\"https:\/\/secure.gravatar.com\/avatar\/b97a3f44e2de6d2f8dd358975937e49823662e12cbd810b9d1a2bff1c149e8a7?s=96&d=mm&r=g\",\"caption\":\"oktawiamikulska\"},\"url\":\"https:\/\/www.welovecycling.com\/pl\/author\/oktawiamikulska\/\"}]}<\/script>\n<!-- \/ Yoast SEO Premium plugin. -->","yoast_head_json":{"title":"Ubezpieczenie dla rowerzysty. Czy to si\u0119 w og\u00f3le op\u0142aca? - \u0160koda We Love Cycling - Poland","description":"Kradzie\u017c, zarysowanie, zepsucie, ma\u0142a kolizja, powa\u017cny wypadek \u2013 wszyscy uczestnicy ruchu drogowego nara\u017ceni s\u0105 na nieprzewidziane zdarzenia, rowerzy\u015bci mog\u0105 si\u0119 od nich ubezpieczy\u0107. Jak to zrobi\u0107?","robots":{"index":"index","follow":"follow","max-snippet":"max-snippet:-1","max-image-preview":"max-image-preview:large","max-video-preview":"max-video-preview:-1"},"canonical":"https:\/\/www.welovecycling.com\/pl\/2020\/05\/20\/ubezpieczenie-dla-rowerzysty-czy-to-sie-w-ogole-oplaca\/","og_locale":"pl_PL","og_type":"article","og_title":"Ubezpieczenie dla rowerzysty. Czy to si\u0119 w og\u00f3le op\u0142aca?","og_description":"Kradzie\u017c, zarysowanie, zepsucie, ma\u0142a kolizja, powa\u017cny wypadek \u2013 wszyscy uczestnicy ruchu drogowego nara\u017ceni s\u0105 na nieprzewidziane zdarzenia, rowerzy\u015bci mog\u0105 si\u0119 od nich ubezpieczy\u0107. Jak to zrobi\u0107?","og_url":"https:\/\/www.welovecycling.com\/pl\/2020\/05\/20\/ubezpieczenie-dla-rowerzysty-czy-to-sie-w-ogole-oplaca\/","og_site_name":"\u0160koda We Love Cycling - Poland","article_published_time":"2020-05-20T15:13:31+00:00","article_modified_time":"2020-05-21T13:15:23+00:00","og_image":[{"width":1024,"height":450,"url":"https:\/\/d2p6e6u75xmxt8.cloudfront.net\/5\/2020\/05\/20.05-ubezpieczenie-2.0.jpg","type":"image\/jpeg"}],"author":"oktawiamikulska","twitter_card":"summary_large_image","twitter_misc":{"Written by":"Piotr Nowik","Est. reading time":"3 minutes"},"schema":{"@context":"https:\/\/schema.org","@graph":[{"@type":"WebPage","@id":"https:\/\/www.welovecycling.com\/pl\/2020\/05\/20\/ubezpieczenie-dla-rowerzysty-czy-to-sie-w-ogole-oplaca\/","url":"https:\/\/www.welovecycling.com\/pl\/2020\/05\/20\/ubezpieczenie-dla-rowerzysty-czy-to-sie-w-ogole-oplaca\/","name":"Ubezpieczenie dla rowerzysty. Czy to si\u0119 w og\u00f3le op\u0142aca? - \u0160koda We Love Cycling - Poland","isPartOf":{"@id":"https:\/\/www.welovecycling.com\/pl\/#website"},"primaryImageOfPage":{"@id":"https:\/\/www.welovecycling.com\/pl\/2020\/05\/20\/ubezpieczenie-dla-rowerzysty-czy-to-sie-w-ogole-oplaca\/#primaryimage"},"image":{"@id":"https:\/\/www.welovecycling.com\/pl\/2020\/05\/20\/ubezpieczenie-dla-rowerzysty-czy-to-sie-w-ogole-oplaca\/#primaryimage"},"thumbnailUrl":"https:\/\/d2p6e6u75xmxt8.cloudfront.net\/5\/2020\/05\/20.05-ubezpieczenie-2.0.jpg","datePublished":"2020-05-20T15:13:31+00:00","dateModified":"2020-05-21T13:15:23+00:00","author":{"@id":"https:\/\/www.welovecycling.com\/pl\/#\/schema\/person\/4a79bac7bd265aa6a35a1079d36648be"},"description":"Kradzie\u017c, zarysowanie, zepsucie, ma\u0142a kolizja, powa\u017cny wypadek \u2013 wszyscy uczestnicy ruchu drogowego nara\u017ceni s\u0105 na nieprzewidziane zdarzenia, rowerzy\u015bci mog\u0105 si\u0119 od nich ubezpieczy\u0107. Jak to zrobi\u0107?","breadcrumb":{"@id":"https:\/\/www.welovecycling.com\/pl\/2020\/05\/20\/ubezpieczenie-dla-rowerzysty-czy-to-sie-w-ogole-oplaca\/#breadcrumb"},"inLanguage":"pl-PL","potentialAction":[{"@type":"ReadAction","target":["https:\/\/www.welovecycling.com\/pl\/2020\/05\/20\/ubezpieczenie-dla-rowerzysty-czy-to-sie-w-ogole-oplaca\/"]}]},{"@type":"ImageObject","inLanguage":"pl-PL","@id":"https:\/\/www.welovecycling.com\/pl\/2020\/05\/20\/ubezpieczenie-dla-rowerzysty-czy-to-sie-w-ogole-oplaca\/#primaryimage","url":"https:\/\/d2p6e6u75xmxt8.cloudfront.net\/5\/2020\/05\/20.05-ubezpieczenie-2.0.jpg","contentUrl":"https:\/\/d2p6e6u75xmxt8.cloudfront.net\/5\/2020\/05\/20.05-ubezpieczenie-2.0.jpg","width":1024,"height":450},{"@type":"BreadcrumbList","@id":"https:\/\/www.welovecycling.com\/pl\/2020\/05\/20\/ubezpieczenie-dla-rowerzysty-czy-to-sie-w-ogole-oplaca\/#breadcrumb","itemListElement":[{"@type":"ListItem","position":1,"name":"Home","item":"https:\/\/www.welovecycling.com\/pl\/"},{"@type":"ListItem","position":2,"name":"Ubezpieczenie dla rowerzysty. Czy to si\u0119 w og\u00f3le op\u0142aca?"}]},{"@type":"WebSite","@id":"https:\/\/www.welovecycling.com\/pl\/#website","url":"https:\/\/www.welovecycling.com\/pl\/","name":"\u0160koda We Love Cycling - Poland","description":"","potentialAction":[{"@type":"SearchAction","target":{"@type":"EntryPoint","urlTemplate":"https:\/\/www.welovecycling.com\/pl\/?s={search_term_string}"},"query-input":{"@type":"PropertyValueSpecification","valueRequired":true,"valueName":"search_term_string"}}],"inLanguage":"pl-PL"},{"@type":"Person","@id":"https:\/\/www.welovecycling.com\/pl\/#\/schema\/person\/4a79bac7bd265aa6a35a1079d36648be","name":"oktawiamikulska","image":{"@type":"ImageObject","inLanguage":"pl-PL","@id":"https:\/\/www.welovecycling.com\/pl\/#\/schema\/person\/image\/","url":"https:\/\/secure.gravatar.com\/avatar\/b97a3f44e2de6d2f8dd358975937e49823662e12cbd810b9d1a2bff1c149e8a7?s=96&d=mm&r=g","contentUrl":"https:\/\/secure.gravatar.com\/avatar\/b97a3f44e2de6d2f8dd358975937e49823662e12cbd810b9d1a2bff1c149e8a7?s=96&d=mm&r=g","caption":"oktawiamikulska"},"url":"https:\/\/www.welovecycling.com\/pl\/author\/oktawiamikulska\/"}]}},"_links":{"self":[{"href":"https:\/\/www.welovecycling.com\/pl\/wp-json\/wp\/v2\/posts\/10674","targetHints":{"allow":["GET"]}}],"collection":[{"href":"https:\/\/www.welovecycling.com\/pl\/wp-json\/wp\/v2\/posts"}],"about":[{"href":"https:\/\/www.welovecycling.com\/pl\/wp-json\/wp\/v2\/types\/post"}],"author":[{"embeddable":true,"href":"https:\/\/www.welovecycling.com\/pl\/wp-json\/wp\/v2\/users\/125"}],"replies":[{"embeddable":true,"href":"https:\/\/www.welovecycling.com\/pl\/wp-json\/wp\/v2\/comments?post=10674"}],"version-history":[{"count":2,"href":"https:\/\/www.welovecycling.com\/pl\/wp-json\/wp\/v2\/posts\/10674\/revisions"}],"predecessor-version":[{"id":10683,"href":"https:\/\/www.welovecycling.com\/pl\/wp-json\/wp\/v2\/posts\/10674\/revisions\/10683"}],"wp:featuredmedia":[{"embeddable":true,"href":"https:\/\/www.welovecycling.com\/pl\/wp-json\/wp\/v2\/media\/10675"}],"wp:attachment":[{"href":"https:\/\/www.welovecycling.com\/pl\/wp-json\/wp\/v2\/media?parent=10674"}],"wp:term":[{"taxonomy":"category","embeddable":true,"href":"https:\/\/www.welovecycling.com\/pl\/wp-json\/wp\/v2\/categories?post=10674"},{"taxonomy":"post_tag","embeddable":true,"href":"https:\/\/www.welovecycling.com\/pl\/wp-json\/wp\/v2\/tags?post=10674"},{"taxonomy":"global-categories","embeddable":true,"href":"https:\/\/www.welovecycling.com\/pl\/wp-json\/wp\/v2\/global-categories?post=10674"}],"curies":[{"name":"wp","href":"https:\/\/api.w.org\/{rel}","templated":true}]}}