{"id":10653,"date":"2020-05-13T14:45:01","date_gmt":"2020-05-13T14:45:01","guid":{"rendered":"https:\/\/www.welovecycling.com\/pl\/?p=10653"},"modified":"2020-05-13T14:45:01","modified_gmt":"2020-05-13T14:45:01","slug":"dla-pasjonatow-niemozliwe-nie-istnieje-wystartowaly-swietne-wyscigi","status":"publish","type":"post","link":"https:\/\/www.welovecycling.com\/pl\/2020\/05\/13\/dla-pasjonatow-niemozliwe-nie-istnieje-wystartowaly-swietne-wyscigi\/","title":{"rendered":"Dla pasjonat\u00f3w niemo\u017cliwe nie istnieje&#8230; Wystartowa\u0142y \u015bwietne wy\u015bcigi!"},"content":{"rendered":"<p><strong>Mi\u0142o\u015bnicy kolarstwa staj\u0105 na g\u0142owie, by w czasach koronawirusa poczu\u0107 adrenalin\u0119 rywalizacji. Jedni na rowerze, inni przed ekranami, ale cel maj\u0105 ten sam \u2013 przetrwa\u0107 czas, kt\u00f3ry dzieli nas od powrotu do wielkiego \u015bcigania.<\/strong><\/p>\n<p>Odliczanie ju\u017c rozpocz\u0119to, bo zgodnie z planami Mi\u0119dzynarodowej Unii Kolarskiej (UCI) zawodowcy rywalizacj\u0119 wznowi\u0105 1 sierpnia (pisali\u015bmy o tym <a href=\"https:\/\/www.welovecycling.com\/pl\/2020\/05\/06\/uzupelniamy-kalendarze-oto-terminy-najwiekszych-wyscigow-w-2020-r\/\">TUTAJ<\/a>). Dla pasjonat\u00f3w kolarstwa to jednak szmat czasu, wi\u0119c szukaj\u0105 tzw. zamiennik\u00f3w.<\/p>\n<p>Podczas gdy pi\u0142karze graj\u0105 w popularn\u0105 FIF\u0118, koszykarze zachwycaj\u0105 si\u0119 najnowszym filmem o Michaelu Jordanie, kolarze \u015bcigaj\u0105 si\u0119\u2026 przed ekranami. I trzeba przyzna\u0107, \u017ce przybiera to do\u015b\u0107 realistyczn\u0105 posta\u0107.<\/p>\n<p>Najlepszy przyk\u0142ad to zorganizowany w Polsce \u201eWy\u015bcig z Pokoju\u201d. Wzi\u0119\u0142o w nim udzia\u0142 blisko p\u00f3\u0142tora tysi\u0105ca zawodnik\u00f3w. W wi\u0119kszo\u015bci amatorzy, ale na starcie stan\u0119li te\u017c: mistrz \u015bwiata z 2014 roku Micha\u0142 Kwiatkowski, aktualny wicemistrz mistrz \u015bwiata Matteo Trentin, aktualny mistrz Polski Micha\u0142 Paluta, czy znakomity by\u0142y ju\u017c kolarz Dariusz Baranowski.<\/p>\n<p>Rywalizowali za pomoc\u0105 aplikacji Zwift, kt\u00f3ra \u0142\u0105czy si\u0119 rowerowym trena\u017cerem, dzi\u0119ki czemu wysi\u0142ek mo\u017ce by\u0107 identyczny jak podczas normalnego \u015bcigania si\u0119. R\u00f3\u017cnica by\u0142a taka, \u017ce rower wraz z zawodnikiem sta\u0142 w miejscu, a \u201ekrajobraz\u201d i rywale przesuwali si\u0119 na ekranach.<\/p>\n<p>Zreszt\u0105 zobaczcie, jak wygl\u0105da\u0142o to w domu Dariusza Baranowskiego<\/p>\n<p>https:\/\/twitter.com\/BaranowskiDarek\/status\/1251553910642393088?s=20<\/p>\n<blockquote><p>&#8211; <span style=\"font-size: 12pt;\">Sprz\u0119t gotowy, bidony nape\u0142nione. Bawcie si\u0119 dobrze i kibicujcie \u2013 m\u00f3wi\u0142 Micha\u0142 Paluta do kibic\u00f3w, kt\u00f3rzy ca\u0142y wy\u015bcig mogli \u015bledzi\u0107 w internecie, a jego ostatni\u0105 cz\u0119\u015b\u0107 r\u00f3wnie\u017c w Eurosporcie.<\/span><\/p><\/blockquote>\n<p>Trasa liczy\u0142a 40 kilometr\u00f3w i nazywa\u0142a si\u0119 Volcano Climb After Party. Daleko jej by\u0142o do widok\u00f3w rodem z Tour de France, ale za to zawodnicy mogli jecha\u0107 tunelem pod oceanem czy ogl\u0105da\u0107 skubi\u0105ce drzewa dinozaury.<\/p>\n<p>Umowa by\u0142a taka, \u017ce dwie pierwsze rundy zawodnicy jad\u0105 wsp\u00f3lnie, a podczas trzeciej zaczyna si\u0119 powa\u017cne \u015bciganie.<\/p>\n<blockquote><p><span style=\"font-size: 12pt;\">&#8211; Czyli dwie pierwsze jeszcze dam rad\u0119, w trzeciej zobaczymy, na ile starczy si\u0142. Obawiam si\u0119 jednak, \u017ce na nie za wiele \u2013 u\u015bmiecha\u0142 si\u0119 Baranowski, kt\u00f3ry podczas wy\u015bcigu po\u0142\u0105czony by\u0142 z komentatorami niczym ze swoim wozem serwisowym.<\/span><\/p><\/blockquote>\n<p><span style=\"font-size: 12pt;\">Na pocz\u0105tku wy\u015bcigu -czego mo\u017cna si\u0119 by\u0142o spodziewa\u0107 \u2013 wielu amator\u00f3w wbrew ustaleniom\u00a0 wyskoczy\u0142o z peletonu, by poczu\u0107, jak to jest jecha\u0107 np. przed Micha\u0142em Kwiatkowskim. W ko\u0144cowym etapie wszystko powoli zacz\u0119\u0142o jednak wraca\u0107 do normy, bo zawodowcy mocniej nacisn\u0119li na peda\u0142y.<\/span><\/p>\n<blockquote><p><span style=\"font-size: 12pt;\">&#8211; Ale mnie \u201eKwiato\u201d wyprzedzi\u0142! Nie, nie si\u0105d\u0119 mu na kole, nie ma mo\u017cliwo\u015bci. A teraz Paluta. Ale dzi\u015b mistrz Polski jedzie. Ho, ho, ho! \u2013 relacjonowa\u0142 Baranowski.<\/span><\/p><\/blockquote>\n<p>Wyniki by\u0142y jednak spraw\u0105 drugorz\u0119dn\u0105, szczeg\u00f3lnie \u017ce wielu zawodnik\u00f3w nie zastosowa\u0142o si\u0119 do wcze\u015bniejszych ustale\u0144, by przez dwie rundy jecha\u0107 w peletonie. Je\u015bli jednak chodzi o zabaw\u0119, to pozwoli\u0142a na chwil\u0119 zapomnie\u0107 o trudnych czasach dla mi\u0142o\u015bnik\u00f3w kolarstwa.<\/p>\n<blockquote><p><span style=\"font-size: 12pt;\">&#8211; Jazda w wirtualnym \u015bwiecie sprawia wielk\u0105 rado\u015b\u0107. Mo\u017cna do siebie pisa\u0107, pozdrowi\u0107 si\u0119&#8230; Zabawa jest bardzo fajna \u2013 podkre\u015bla Baranowski.<\/span><\/p><\/blockquote>\n<p>W podobny spos\u00f3b blisko 800 os\u00f3b rywalizowa\u0142o w sobot\u0119 w Orlen e-Tour de Pologne Amator\u00f3w. Na starcie stan\u0119li zawodowi kolarze, ale te\u017c m.in.: Anita W\u0142odarczyk, Bartosz Zmarzlik, Jakub Przygo\u0144ski, czy Robert Kubica, kt\u00f3ry okaza\u0142 si\u0119 najlepszym kolarzem w\u015br\u00f3d zaproszonych go\u015bci.<\/p>\n<p>Kolejny etap tego wy\u015bcigu ma zosta\u0107 rozegrany w najbli\u017csz\u0105 sobot\u0119, a nast\u0119pne 23 i 30 maja. Wystartowa\u0107 mo\u017ce ka\u017cdy ch\u0119tny, a zarejestrowa\u0107 nale\u017cy si\u0119 <a href=\"https:\/\/www.zwift.com\/events\/view\/748750)\">tutaj<\/a>.<\/p>\n<p>Przypomnijmy, \u017ce kolarski \u015bwiat do realnego \u015bcigania ma wr\u00f3ci\u0107 1 sierpnia podczas wy\u015bcigu Strade Bianche. Cztery dni p\u00f3\u017aniej wystartuje Tour de Pologne, a 29 sierpnia wisienka na kolarskim torcie \u2013 Tour de France, kt\u00f3ry potrwa do 20 wrze\u015bnia.<\/p>\n","protected":false},"excerpt":{"rendered":"<p>Mi\u0142o\u015bnicy kolarstwa staj\u0105 na g\u0142owie, by w czasach koronawirusa poczu\u0107 adrenalin\u0119 rywalizacji. Jedni na rowerze, inni przed ekranami, ale cel [&hellip;]<\/p>\n","protected":false},"author":125,"featured_media":10655,"comment_status":"open","ping_status":"open","sticky":false,"template":"","format":"standard","meta":{"footnotes":""},"categories":[231],"tags":[],"global-categories":[303],"class_list":["post-10653","post","type-post","status-publish","format-standard","has-post-thumbnail","hentry","category-dlatego-jezdzimy","global-categories-cycling"],"yoast_head":"<!-- This site is optimized with the Yoast SEO Premium plugin v25.3 (Yoast SEO v25.9) - https:\/\/yoast.com\/wordpress\/plugins\/seo\/ -->\n<title>Dla pasjonat\u00f3w niemo\u017cliwe nie istnieje... Wystartowa\u0142y \u015bwietne wy\u015bcigi! - \u0160koda We Love Cycling - Poland<\/title>\n<meta name=\"description\" content=\"Mi\u0142o\u015bnicy kolarstwa staj\u0105 na g\u0142owie, by w czasach koronawirusa poczu\u0107 adrenalin\u0119 rywalizacji. Jedni na rowerze, inni przed ekranami, ale cel maj\u0105 ten sam \u2013 przetrwa\u0107 czas, kt\u00f3ry dzieli nas od powrotu do wielkiego \u015bcigania.\" \/>\n<meta name=\"robots\" content=\"index, follow, max-snippet:-1, max-image-preview:large, max-video-preview:-1\" \/>\n<link rel=\"canonical\" href=\"https:\/\/www.welovecycling.com\/pl\/2020\/05\/13\/dla-pasjonatow-niemozliwe-nie-istnieje-wystartowaly-swietne-wyscigi\/\" \/>\n<meta property=\"og:locale\" content=\"pl_PL\" \/>\n<meta property=\"og:type\" content=\"article\" \/>\n<meta property=\"og:title\" content=\"Dla pasjonat\u00f3w niemo\u017cliwe nie istnieje... Wystartowa\u0142y \u015bwietne wy\u015bcigi!\" \/>\n<meta property=\"og:description\" content=\"Mi\u0142o\u015bnicy kolarstwa staj\u0105 na g\u0142owie, by w czasach koronawirusa poczu\u0107 adrenalin\u0119 rywalizacji. Jedni na rowerze, inni przed ekranami, ale cel maj\u0105 ten sam \u2013 przetrwa\u0107 czas, kt\u00f3ry dzieli nas od powrotu do wielkiego \u015bcigania.\" \/>\n<meta property=\"og:url\" content=\"https:\/\/www.welovecycling.com\/pl\/2020\/05\/13\/dla-pasjonatow-niemozliwe-nie-istnieje-wystartowaly-swietne-wyscigi\/\" \/>\n<meta property=\"og:site_name\" content=\"\u0160koda We Love Cycling - Poland\" \/>\n<meta property=\"article:published_time\" content=\"2020-05-13T14:45:01+00:00\" \/>\n<meta property=\"og:image\" content=\"https:\/\/d2p6e6u75xmxt8.cloudfront.net\/5\/2020\/05\/13.05-Wyscig-z-pokoju_PJ.jpg\" \/>\n\t<meta property=\"og:image:width\" content=\"1024\" \/>\n\t<meta property=\"og:image:height\" content=\"450\" \/>\n\t<meta property=\"og:image:type\" content=\"image\/jpeg\" \/>\n<meta name=\"author\" content=\"oktawiamikulska\" \/>\n<meta name=\"twitter:card\" content=\"summary_large_image\" \/>\n<meta name=\"twitter:label1\" content=\"Written by\" \/>\n\t<meta name=\"twitter:data1\" content=\"Piotr Nowik\" \/>\n\t<meta name=\"twitter:label2\" content=\"Est. reading time\" \/>\n\t<meta name=\"twitter:data2\" content=\"3 minutes\" \/>\n<script type=\"application\/ld+json\" class=\"yoast-schema-graph\">{\"@context\":\"https:\/\/schema.org\",\"@graph\":[{\"@type\":\"WebPage\",\"@id\":\"https:\/\/www.welovecycling.com\/pl\/2020\/05\/13\/dla-pasjonatow-niemozliwe-nie-istnieje-wystartowaly-swietne-wyscigi\/\",\"url\":\"https:\/\/www.welovecycling.com\/pl\/2020\/05\/13\/dla-pasjonatow-niemozliwe-nie-istnieje-wystartowaly-swietne-wyscigi\/\",\"name\":\"Dla pasjonat\u00f3w niemo\u017cliwe nie istnieje... Wystartowa\u0142y \u015bwietne wy\u015bcigi! - \u0160koda We Love Cycling - Poland\",\"isPartOf\":{\"@id\":\"https:\/\/www.welovecycling.com\/pl\/#website\"},\"primaryImageOfPage\":{\"@id\":\"https:\/\/www.welovecycling.com\/pl\/2020\/05\/13\/dla-pasjonatow-niemozliwe-nie-istnieje-wystartowaly-swietne-wyscigi\/#primaryimage\"},\"image\":{\"@id\":\"https:\/\/www.welovecycling.com\/pl\/2020\/05\/13\/dla-pasjonatow-niemozliwe-nie-istnieje-wystartowaly-swietne-wyscigi\/#primaryimage\"},\"thumbnailUrl\":\"https:\/\/d2p6e6u75xmxt8.cloudfront.net\/5\/2020\/05\/13.05-Wyscig-z-pokoju_PJ.jpg\",\"datePublished\":\"2020-05-13T14:45:01+00:00\",\"author\":{\"@id\":\"https:\/\/www.welovecycling.com\/pl\/#\/schema\/person\/4a79bac7bd265aa6a35a1079d36648be\"},\"description\":\"Mi\u0142o\u015bnicy kolarstwa staj\u0105 na g\u0142owie, by w czasach koronawirusa poczu\u0107 adrenalin\u0119 rywalizacji. Jedni na rowerze, inni przed ekranami, ale cel maj\u0105 ten sam \u2013 przetrwa\u0107 czas, kt\u00f3ry dzieli nas od powrotu do wielkiego \u015bcigania.\",\"breadcrumb\":{\"@id\":\"https:\/\/www.welovecycling.com\/pl\/2020\/05\/13\/dla-pasjonatow-niemozliwe-nie-istnieje-wystartowaly-swietne-wyscigi\/#breadcrumb\"},\"inLanguage\":\"pl-PL\",\"potentialAction\":[{\"@type\":\"ReadAction\",\"target\":[\"https:\/\/www.welovecycling.com\/pl\/2020\/05\/13\/dla-pasjonatow-niemozliwe-nie-istnieje-wystartowaly-swietne-wyscigi\/\"]}]},{\"@type\":\"ImageObject\",\"inLanguage\":\"pl-PL\",\"@id\":\"https:\/\/www.welovecycling.com\/pl\/2020\/05\/13\/dla-pasjonatow-niemozliwe-nie-istnieje-wystartowaly-swietne-wyscigi\/#primaryimage\",\"url\":\"https:\/\/d2p6e6u75xmxt8.cloudfront.net\/5\/2020\/05\/13.05-Wyscig-z-pokoju_PJ.jpg\",\"contentUrl\":\"https:\/\/d2p6e6u75xmxt8.cloudfront.net\/5\/2020\/05\/13.05-Wyscig-z-pokoju_PJ.jpg\",\"width\":1024,\"height\":450},{\"@type\":\"BreadcrumbList\",\"@id\":\"https:\/\/www.welovecycling.com\/pl\/2020\/05\/13\/dla-pasjonatow-niemozliwe-nie-istnieje-wystartowaly-swietne-wyscigi\/#breadcrumb\",\"itemListElement\":[{\"@type\":\"ListItem\",\"position\":1,\"name\":\"Home\",\"item\":\"https:\/\/www.welovecycling.com\/pl\/\"},{\"@type\":\"ListItem\",\"position\":2,\"name\":\"Dla pasjonat\u00f3w niemo\u017cliwe nie istnieje&#8230; Wystartowa\u0142y \u015bwietne wy\u015bcigi!\"}]},{\"@type\":\"WebSite\",\"@id\":\"https:\/\/www.welovecycling.com\/pl\/#website\",\"url\":\"https:\/\/www.welovecycling.com\/pl\/\",\"name\":\"\u0160koda We Love Cycling - Poland\",\"description\":\"\",\"potentialAction\":[{\"@type\":\"SearchAction\",\"target\":{\"@type\":\"EntryPoint\",\"urlTemplate\":\"https:\/\/www.welovecycling.com\/pl\/?s={search_term_string}\"},\"query-input\":{\"@type\":\"PropertyValueSpecification\",\"valueRequired\":true,\"valueName\":\"search_term_string\"}}],\"inLanguage\":\"pl-PL\"},{\"@type\":\"Person\",\"@id\":\"https:\/\/www.welovecycling.com\/pl\/#\/schema\/person\/4a79bac7bd265aa6a35a1079d36648be\",\"name\":\"oktawiamikulska\",\"image\":{\"@type\":\"ImageObject\",\"inLanguage\":\"pl-PL\",\"@id\":\"https:\/\/www.welovecycling.com\/pl\/#\/schema\/person\/image\/\",\"url\":\"https:\/\/secure.gravatar.com\/avatar\/b97a3f44e2de6d2f8dd358975937e49823662e12cbd810b9d1a2bff1c149e8a7?s=96&d=mm&r=g\",\"contentUrl\":\"https:\/\/secure.gravatar.com\/avatar\/b97a3f44e2de6d2f8dd358975937e49823662e12cbd810b9d1a2bff1c149e8a7?s=96&d=mm&r=g\",\"caption\":\"oktawiamikulska\"},\"url\":\"https:\/\/www.welovecycling.com\/pl\/author\/oktawiamikulska\/\"}]}<\/script>\n<!-- \/ Yoast SEO Premium plugin. -->","yoast_head_json":{"title":"Dla pasjonat\u00f3w niemo\u017cliwe nie istnieje... Wystartowa\u0142y \u015bwietne wy\u015bcigi! - \u0160koda We Love Cycling - Poland","description":"Mi\u0142o\u015bnicy kolarstwa staj\u0105 na g\u0142owie, by w czasach koronawirusa poczu\u0107 adrenalin\u0119 rywalizacji. Jedni na rowerze, inni przed ekranami, ale cel maj\u0105 ten sam \u2013 przetrwa\u0107 czas, kt\u00f3ry dzieli nas od powrotu do wielkiego \u015bcigania.","robots":{"index":"index","follow":"follow","max-snippet":"max-snippet:-1","max-image-preview":"max-image-preview:large","max-video-preview":"max-video-preview:-1"},"canonical":"https:\/\/www.welovecycling.com\/pl\/2020\/05\/13\/dla-pasjonatow-niemozliwe-nie-istnieje-wystartowaly-swietne-wyscigi\/","og_locale":"pl_PL","og_type":"article","og_title":"Dla pasjonat\u00f3w niemo\u017cliwe nie istnieje... Wystartowa\u0142y \u015bwietne wy\u015bcigi!","og_description":"Mi\u0142o\u015bnicy kolarstwa staj\u0105 na g\u0142owie, by w czasach koronawirusa poczu\u0107 adrenalin\u0119 rywalizacji. Jedni na rowerze, inni przed ekranami, ale cel maj\u0105 ten sam \u2013 przetrwa\u0107 czas, kt\u00f3ry dzieli nas od powrotu do wielkiego \u015bcigania.","og_url":"https:\/\/www.welovecycling.com\/pl\/2020\/05\/13\/dla-pasjonatow-niemozliwe-nie-istnieje-wystartowaly-swietne-wyscigi\/","og_site_name":"\u0160koda We Love Cycling - Poland","article_published_time":"2020-05-13T14:45:01+00:00","og_image":[{"width":1024,"height":450,"url":"https:\/\/d2p6e6u75xmxt8.cloudfront.net\/5\/2020\/05\/13.05-Wyscig-z-pokoju_PJ.jpg","type":"image\/jpeg"}],"author":"oktawiamikulska","twitter_card":"summary_large_image","twitter_misc":{"Written by":"Piotr Nowik","Est. reading time":"3 minutes"},"schema":{"@context":"https:\/\/schema.org","@graph":[{"@type":"WebPage","@id":"https:\/\/www.welovecycling.com\/pl\/2020\/05\/13\/dla-pasjonatow-niemozliwe-nie-istnieje-wystartowaly-swietne-wyscigi\/","url":"https:\/\/www.welovecycling.com\/pl\/2020\/05\/13\/dla-pasjonatow-niemozliwe-nie-istnieje-wystartowaly-swietne-wyscigi\/","name":"Dla pasjonat\u00f3w niemo\u017cliwe nie istnieje... Wystartowa\u0142y \u015bwietne wy\u015bcigi! - \u0160koda We Love Cycling - Poland","isPartOf":{"@id":"https:\/\/www.welovecycling.com\/pl\/#website"},"primaryImageOfPage":{"@id":"https:\/\/www.welovecycling.com\/pl\/2020\/05\/13\/dla-pasjonatow-niemozliwe-nie-istnieje-wystartowaly-swietne-wyscigi\/#primaryimage"},"image":{"@id":"https:\/\/www.welovecycling.com\/pl\/2020\/05\/13\/dla-pasjonatow-niemozliwe-nie-istnieje-wystartowaly-swietne-wyscigi\/#primaryimage"},"thumbnailUrl":"https:\/\/d2p6e6u75xmxt8.cloudfront.net\/5\/2020\/05\/13.05-Wyscig-z-pokoju_PJ.jpg","datePublished":"2020-05-13T14:45:01+00:00","author":{"@id":"https:\/\/www.welovecycling.com\/pl\/#\/schema\/person\/4a79bac7bd265aa6a35a1079d36648be"},"description":"Mi\u0142o\u015bnicy kolarstwa staj\u0105 na g\u0142owie, by w czasach koronawirusa poczu\u0107 adrenalin\u0119 rywalizacji. Jedni na rowerze, inni przed ekranami, ale cel maj\u0105 ten sam \u2013 przetrwa\u0107 czas, kt\u00f3ry dzieli nas od powrotu do wielkiego \u015bcigania.","breadcrumb":{"@id":"https:\/\/www.welovecycling.com\/pl\/2020\/05\/13\/dla-pasjonatow-niemozliwe-nie-istnieje-wystartowaly-swietne-wyscigi\/#breadcrumb"},"inLanguage":"pl-PL","potentialAction":[{"@type":"ReadAction","target":["https:\/\/www.welovecycling.com\/pl\/2020\/05\/13\/dla-pasjonatow-niemozliwe-nie-istnieje-wystartowaly-swietne-wyscigi\/"]}]},{"@type":"ImageObject","inLanguage":"pl-PL","@id":"https:\/\/www.welovecycling.com\/pl\/2020\/05\/13\/dla-pasjonatow-niemozliwe-nie-istnieje-wystartowaly-swietne-wyscigi\/#primaryimage","url":"https:\/\/d2p6e6u75xmxt8.cloudfront.net\/5\/2020\/05\/13.05-Wyscig-z-pokoju_PJ.jpg","contentUrl":"https:\/\/d2p6e6u75xmxt8.cloudfront.net\/5\/2020\/05\/13.05-Wyscig-z-pokoju_PJ.jpg","width":1024,"height":450},{"@type":"BreadcrumbList","@id":"https:\/\/www.welovecycling.com\/pl\/2020\/05\/13\/dla-pasjonatow-niemozliwe-nie-istnieje-wystartowaly-swietne-wyscigi\/#breadcrumb","itemListElement":[{"@type":"ListItem","position":1,"name":"Home","item":"https:\/\/www.welovecycling.com\/pl\/"},{"@type":"ListItem","position":2,"name":"Dla pasjonat\u00f3w niemo\u017cliwe nie istnieje&#8230; Wystartowa\u0142y \u015bwietne wy\u015bcigi!"}]},{"@type":"WebSite","@id":"https:\/\/www.welovecycling.com\/pl\/#website","url":"https:\/\/www.welovecycling.com\/pl\/","name":"\u0160koda We Love Cycling - Poland","description":"","potentialAction":[{"@type":"SearchAction","target":{"@type":"EntryPoint","urlTemplate":"https:\/\/www.welovecycling.com\/pl\/?s={search_term_string}"},"query-input":{"@type":"PropertyValueSpecification","valueRequired":true,"valueName":"search_term_string"}}],"inLanguage":"pl-PL"},{"@type":"Person","@id":"https:\/\/www.welovecycling.com\/pl\/#\/schema\/person\/4a79bac7bd265aa6a35a1079d36648be","name":"oktawiamikulska","image":{"@type":"ImageObject","inLanguage":"pl-PL","@id":"https:\/\/www.welovecycling.com\/pl\/#\/schema\/person\/image\/","url":"https:\/\/secure.gravatar.com\/avatar\/b97a3f44e2de6d2f8dd358975937e49823662e12cbd810b9d1a2bff1c149e8a7?s=96&d=mm&r=g","contentUrl":"https:\/\/secure.gravatar.com\/avatar\/b97a3f44e2de6d2f8dd358975937e49823662e12cbd810b9d1a2bff1c149e8a7?s=96&d=mm&r=g","caption":"oktawiamikulska"},"url":"https:\/\/www.welovecycling.com\/pl\/author\/oktawiamikulska\/"}]}},"_links":{"self":[{"href":"https:\/\/www.welovecycling.com\/pl\/wp-json\/wp\/v2\/posts\/10653","targetHints":{"allow":["GET"]}}],"collection":[{"href":"https:\/\/www.welovecycling.com\/pl\/wp-json\/wp\/v2\/posts"}],"about":[{"href":"https:\/\/www.welovecycling.com\/pl\/wp-json\/wp\/v2\/types\/post"}],"author":[{"embeddable":true,"href":"https:\/\/www.welovecycling.com\/pl\/wp-json\/wp\/v2\/users\/125"}],"replies":[{"embeddable":true,"href":"https:\/\/www.welovecycling.com\/pl\/wp-json\/wp\/v2\/comments?post=10653"}],"version-history":[{"count":1,"href":"https:\/\/www.welovecycling.com\/pl\/wp-json\/wp\/v2\/posts\/10653\/revisions"}],"predecessor-version":[{"id":10656,"href":"https:\/\/www.welovecycling.com\/pl\/wp-json\/wp\/v2\/posts\/10653\/revisions\/10656"}],"wp:featuredmedia":[{"embeddable":true,"href":"https:\/\/www.welovecycling.com\/pl\/wp-json\/wp\/v2\/media\/10655"}],"wp:attachment":[{"href":"https:\/\/www.welovecycling.com\/pl\/wp-json\/wp\/v2\/media?parent=10653"}],"wp:term":[{"taxonomy":"category","embeddable":true,"href":"https:\/\/www.welovecycling.com\/pl\/wp-json\/wp\/v2\/categories?post=10653"},{"taxonomy":"post_tag","embeddable":true,"href":"https:\/\/www.welovecycling.com\/pl\/wp-json\/wp\/v2\/tags?post=10653"},{"taxonomy":"global-categories","embeddable":true,"href":"https:\/\/www.welovecycling.com\/pl\/wp-json\/wp\/v2\/global-categories?post=10653"}],"curies":[{"name":"wp","href":"https:\/\/api.w.org\/{rel}","templated":true}]}}