{"id":10635,"date":"2020-05-06T14:26:00","date_gmt":"2020-05-06T14:26:00","guid":{"rendered":"https:\/\/www.welovecycling.com\/pl\/?p=10635"},"modified":"2020-05-06T14:26:00","modified_gmt":"2020-05-06T14:26:00","slug":"uzupelniamy-kalendarze-oto-terminy-najwiekszych-wyscigow-w-2020-r","status":"publish","type":"post","link":"https:\/\/www.welovecycling.com\/pl\/2020\/05\/06\/uzupelniamy-kalendarze-oto-terminy-najwiekszych-wyscigow-w-2020-r\/","title":{"rendered":"Uzupe\u0142niamy kalendarze! Oto terminy najwi\u0119kszych wy\u015bcig\u00f3w w 2020 r."},"content":{"rendered":"<p><strong>Czerwone flamastry w d\u0142o\u0144 i zakre\u015blamy: na pocz\u0105tek Tour de Pologne, we wrze\u015bniu Tour de France, zaraz potem mistrzostwa \u015bwiata, a zako\u0144czenie sezonu dopiero w listopadzie podczas Vuelta a Espana. Mi\u0119dzynarodowa Unia Kolarska w\u0142a\u015bnie poda\u0142a nowy kalendarz start\u00f3w na 2020 r.<\/strong><\/p>\n<p>Na ten terminarz czeka\u0142o ca\u0142e \u015brodowisko kolarskie. Szefowie ekip uzale\u017cniali od niego harmonogram start\u00f3w, zawodnicy plany przygotowa\u0144, a spragnieni emocji kibice chcieli wygospodarowa\u0107 jak najwi\u0119cej czasu, by nie opu\u015bci\u0107 najwa\u017cniejszych wy\u015bcig\u00f3w.<\/p>\n<p>Wszyscy mieli trudne zadanie, bo wersji kalendarza pojawi\u0142o si\u0119 co najmniej kilka. Jedne nieoficjalne, inne oparte tylko na domys\u0142ach. A do tego zmienia\u0142y si\u0119 tak, jak zmienia si\u0119 \u015bwiat sportu w dobie pandemii koronawirusa.<\/p>\n<h2><strong>Uzupe\u0142niamy kalendarze! Oto terminy najwi\u0119kszych wy\u015bcig\u00f3w w 2020 r.<\/strong><\/h2>\n<p>W ko\u0144cu w niedziel\u0119 hiszpa\u0144ski dziennik \u201eAS\u201d przedstawi\u0142 wersj\u0119 kalendarza, kt\u00f3r\u0105 we wtorek potwierdzi\u0142a Mi\u0119dzynarodowa Unia Kolarska (UCI). I cho\u0107 jest on napi\u0119ty jak nigdy, to uda\u0142o si\u0119 w nim zmie\u015bci\u0107 wszystkie najwa\u017cniejsze wy\u015bcigi. Nale\u017cy jednak pami\u0119ta\u0107, \u017ce sytuacja jest dynamiczna i nikt nie da sobie uci\u0105\u0107 r\u0119ki, \u017ce jest to ostateczna wersja terminarza.<\/p>\n<p>Wed\u0142ug planu przedstawionego przez UCI, powa\u017cna rywalizacja ma si\u0119 zacz\u0105\u0107 1 sierpnia wy\u015bcigiem Strade Bianche. Z kolei rozbudzony apetyt kibic\u00f3w za wy\u015bcigami wieloetapowymi ma zaspokoi\u0107\u2026 Tour de Pologne. To w\u0142a\u015bnie wy\u015bcig po naszym kraju ma by\u0107 pierwsz\u0105 kilkudniow\u0105 imprez\u0105 pod egid\u0105 UCI.<\/p>\n<p>Zawody maj\u0105 wystartowa\u0107 5 sierpnia i zostan\u0105 skr\u00f3cone do pi\u0119ciu etap\u00f3w. P\u00f3\u017aniej zostanie rozegrane s\u0142ynne Criterium du Dauphine (12-16 sierpnia), a nast\u0119pnie rozpocznie si\u0119 wielkie \u015bwi\u0119to fan\u00f3w kolarstwa, czyli Tour de France.<\/p>\n<p>Jak ju\u017c pisali\u015bmy <a href=\"https:\/\/www.welovecycling.com\/pl\/2020\/04\/15\/tour-de-france-przelozone-znamy-nowy-termin-najwiekszego-wyscigu-swiata\/\">TUTAJ<\/a> Wielka P\u0119tla rozpocznie si\u0119 29 sierpnia i przejedzie niemal t\u0105 sam\u0105 tras\u0105, kt\u00f3ra by\u0142a planowana. A to oznacza, \u017ce zwyci\u0119zca na Pola Elizejskie wjedzie 20 wrze\u015bnia. Trzy dni p\u00f3\u017aniej w Szwajcarii zostanie wy\u0142oniony mistrz \u015bwiata w je\u017adzie na czas, a 27 wrze\u015bnia \u2013 w wy\u015bcigu ze startu wsp\u00f3lnego.<\/p>\n<p>https:\/\/www.instagram.com\/p\/B_C01IXgN2A\/?utm_source=ig_web_button_share_sheet<\/p>\n<h2><strong>Spotkanie wielkich tour\u00f3w<\/strong><\/h2>\n<p>W zwi\u0105zku z napi\u0119tym kalendarzem, b\u0119d\u0105 na siebie nachodzi\u0107 dwa inne wielkie wy\u015bcigi. Jako pierwsze rozpocznie si\u0119 Giro d\u2019Italia, kt\u00f3re wystartuje 3 pa\u017adziernika, a zako\u0144czy si\u0119 25 pa\u017adziernika. To oznacza, \u017ce przez kilka dni w\u0142oski wy\u015bcig b\u0119dzie jecha\u0142 r\u00f3wnocze\u015bnie z Vuelta a Espana, kt\u00f3ra ma si\u0119 zacz\u0105\u0107 20 pa\u017adziernika, a ostatni etap zaplanowano na 8 listopada.<\/p>\n<p>&nbsp;<\/p>\n<h2>Kalendarz UCI World Tour 2020:<\/h2>\n<p>1 sierpnia \u2013 Strade Bianche<\/p>\n<p>5-9 sierpnia \u2013 Tour de Pologne<\/p>\n<p>8 sierpnia \u2013 Mediolan \u2013 San Remo<\/p>\n<p>12-16 sierpnia \u2013 Criterium du Dauphine<\/p>\n<p>16 sierpnia \u2013 Prudential RideLondon-Surrey Classic<\/p>\n<p>25 sierpnia \u2013 Bretagne Classic \u2013 Ouest-France<\/p>\n<p>29 sierpnia \u2013 20 wrze\u015bnia \u2013 Tour de France<\/p>\n<p>7-14 wrze\u015bnia \u2013 Tirreno &#8211; Adriatico<\/p>\n<p>11 wrze\u015bnia \u2013 Grand Prix Cycliste de Quebec<\/p>\n<p>13 wrze\u015bnia \u2013 Grand Prix Cycliste de Montreal<\/p>\n<p>29 wrze\u015bnia \u2013 3 pa\u017adziernika \u2013 BinckBank Tour<\/p>\n<p>30 wrze\u015bnia \u2013 La Fleche Wallonne<\/p>\n<p>3-25 pa\u017adziernika \u2013 Giro d\u2019Italia<\/p>\n<p>4 pa\u017adziernika \u2013 Liege \u2013 Bastogne &#8211; Liege<\/p>\n<p>10 pa\u017adziernika \u2013 Amstel Gold Race<\/p>\n<p>11 pa\u017adziernika \u2013 Gent &#8211; Wevelgem<\/p>\n<p>14 pa\u017adziernkia \u2013 A Travers la Flandre<\/p>\n<p>15-20 pa\u017adziernika \u2013 Tour of Guangxi<\/p>\n<p>18 pa\u017adziernika \u2013 Ronde van Vlaanderen<\/p>\n<p>20 pa\u017adziernika \u2013 8 listopada \u2013 Vuelta a Espana<\/p>\n<p>21 pa\u017adziernika \u2013 Driedaagse Brugge &#8211; De Panne<\/p>\n<p>25 pa\u017adziernika \u2013 Pary\u017c &#8211; Roubaix<\/p>\n<p>31 pa\u017adziernika \u2013 Il Lombardia<\/p>\n<p>&nbsp;<\/p>\n<p>\u201eTen kalendarz daje jak najwi\u0119cej mo\u017cliwo\u015bci start\u00f3w kolarzom o r\u00f3\u017cnym profilu&#8221; \u2013 napisano w komunikacie UCI, a kibicom nie pozostaje nic innego jak rozpocz\u0105\u0107 odliczanie do 1 sierpnia.<\/p>\n<p><span data-sheets-value=\"{&quot;1&quot;:2,&quot;2&quot;:&quot;Artyku\u0142 powsta\u0142 we wsp\u00f3\u0142pracy ze skoda-auto.pl&quot;}\" data-sheets-userformat=\"{&quot;2&quot;:1,&quot;3&quot;:{&quot;1&quot;:0}}\" data-sheets-hyperlink=\"http:\/\/www.skoda-auto.pl\/\"><a class=\"in-cell-link\" href=\"http:\/\/www.skoda-auto.pl\/\" target=\"_blank\" rel=\"noopener\">Artyku\u0142 powsta\u0142 we wsp\u00f3\u0142pracy ze skoda-auto.pl<\/a><\/span><\/p>\n<p>&nbsp;<\/p>\n<p><a href=\"https:\/\/www.skoda-auto.pl\/modele\/karoq\">\u00a0<\/a><\/p>\n<p><a href=\"https:\/\/www.skoda-auto.pl\/modele\/karoq\"><img loading=\"lazy\" decoding=\"async\" class=\"aligncenter wp-image-9606 size-full\" src=\"https:\/\/d2p6e6u75xmxt8.cloudfront.net\/5\/2019\/08\/baner_WLC_640x350_1.png\" alt=\"\" width=\"640\" height=\"350\" srcset=\"https:\/\/d2p6e6u75xmxt8.cloudfront.net\/5\/2019\/08\/baner_WLC_640x350_1.png 640w, https:\/\/d2p6e6u75xmxt8.cloudfront.net\/5\/2019\/08\/baner_WLC_640x350_1-300x164.png 300w\" sizes=\"auto, (max-width: 640px) 100vw, 640px\" \/><\/a><\/p>\n<p>&nbsp;<\/p>\n","protected":false},"excerpt":{"rendered":"<p>Czerwone flamastry w d\u0142o\u0144 i zakre\u015blamy: na pocz\u0105tek Tour de Pologne, we wrze\u015bniu Tour de France, zaraz potem mistrzostwa \u015bwiata, [&hellip;]<\/p>\n","protected":false},"author":125,"featured_media":10637,"comment_status":"open","ping_status":"open","sticky":false,"template":"","format":"standard","meta":{"footnotes":""},"categories":[321,295],"tags":[],"global-categories":[303],"class_list":["post-10635","post","type-post","status-publish","format-standard","has-post-thumbnail","hentry","category-tour-de-france-2020","category-zawody","global-categories-cycling"],"yoast_head":"<!-- This site is optimized with the Yoast SEO Premium plugin v25.3 (Yoast SEO v25.9) - https:\/\/yoast.com\/wordpress\/plugins\/seo\/ -->\n<title>Uzupe\u0142niamy kalendarze! Oto terminy najwi\u0119kszych wy\u015bcig\u00f3w w 2020 r. - \u0160koda We Love Cycling - Poland<\/title>\n<meta name=\"robots\" content=\"index, follow, max-snippet:-1, max-image-preview:large, max-video-preview:-1\" \/>\n<link rel=\"canonical\" href=\"https:\/\/www.welovecycling.com\/pl\/2020\/05\/06\/uzupelniamy-kalendarze-oto-terminy-najwiekszych-wyscigow-w-2020-r\/\" \/>\n<meta property=\"og:locale\" content=\"pl_PL\" \/>\n<meta property=\"og:type\" content=\"article\" \/>\n<meta property=\"og:title\" content=\"Uzupe\u0142niamy kalendarze! Oto terminy najwi\u0119kszych wy\u015bcig\u00f3w w 2020 r.\" \/>\n<meta property=\"og:description\" content=\"Czerwone flamastry w d\u0142o\u0144 i zakre\u015blamy: na pocz\u0105tek Tour de Pologne, we wrze\u015bniu Tour de France, zaraz potem mistrzostwa \u015bwiata, [&hellip;]\" \/>\n<meta property=\"og:url\" content=\"https:\/\/www.welovecycling.com\/pl\/2020\/05\/06\/uzupelniamy-kalendarze-oto-terminy-najwiekszych-wyscigow-w-2020-r\/\" \/>\n<meta property=\"og:site_name\" content=\"\u0160koda We Love Cycling - Poland\" \/>\n<meta property=\"article:published_time\" content=\"2020-05-06T14:26:00+00:00\" \/>\n<meta property=\"og:image\" content=\"https:\/\/d2p6e6u75xmxt8.cloudfront.net\/5\/2020\/05\/6.05.jpg\" \/>\n\t<meta property=\"og:image:width\" content=\"1024\" \/>\n\t<meta property=\"og:image:height\" content=\"450\" \/>\n\t<meta property=\"og:image:type\" content=\"image\/jpeg\" \/>\n<meta name=\"author\" content=\"oktawiamikulska\" \/>\n<meta name=\"twitter:card\" content=\"summary_large_image\" \/>\n<meta name=\"twitter:label1\" content=\"Written by\" \/>\n\t<meta name=\"twitter:data1\" content=\"Piotr Nowik\" \/>\n\t<meta name=\"twitter:label2\" content=\"Est. reading time\" \/>\n\t<meta name=\"twitter:data2\" content=\"3 minutes\" \/>\n<script type=\"application\/ld+json\" class=\"yoast-schema-graph\">{\"@context\":\"https:\/\/schema.org\",\"@graph\":[{\"@type\":\"WebPage\",\"@id\":\"https:\/\/www.welovecycling.com\/pl\/2020\/05\/06\/uzupelniamy-kalendarze-oto-terminy-najwiekszych-wyscigow-w-2020-r\/\",\"url\":\"https:\/\/www.welovecycling.com\/pl\/2020\/05\/06\/uzupelniamy-kalendarze-oto-terminy-najwiekszych-wyscigow-w-2020-r\/\",\"name\":\"Uzupe\u0142niamy kalendarze! Oto terminy najwi\u0119kszych wy\u015bcig\u00f3w w 2020 r. - \u0160koda We Love Cycling - Poland\",\"isPartOf\":{\"@id\":\"https:\/\/www.welovecycling.com\/pl\/#website\"},\"primaryImageOfPage\":{\"@id\":\"https:\/\/www.welovecycling.com\/pl\/2020\/05\/06\/uzupelniamy-kalendarze-oto-terminy-najwiekszych-wyscigow-w-2020-r\/#primaryimage\"},\"image\":{\"@id\":\"https:\/\/www.welovecycling.com\/pl\/2020\/05\/06\/uzupelniamy-kalendarze-oto-terminy-najwiekszych-wyscigow-w-2020-r\/#primaryimage\"},\"thumbnailUrl\":\"https:\/\/d2p6e6u75xmxt8.cloudfront.net\/5\/2020\/05\/6.05.jpg\",\"datePublished\":\"2020-05-06T14:26:00+00:00\",\"author\":{\"@id\":\"https:\/\/www.welovecycling.com\/pl\/#\/schema\/person\/4a79bac7bd265aa6a35a1079d36648be\"},\"breadcrumb\":{\"@id\":\"https:\/\/www.welovecycling.com\/pl\/2020\/05\/06\/uzupelniamy-kalendarze-oto-terminy-najwiekszych-wyscigow-w-2020-r\/#breadcrumb\"},\"inLanguage\":\"pl-PL\",\"potentialAction\":[{\"@type\":\"ReadAction\",\"target\":[\"https:\/\/www.welovecycling.com\/pl\/2020\/05\/06\/uzupelniamy-kalendarze-oto-terminy-najwiekszych-wyscigow-w-2020-r\/\"]}]},{\"@type\":\"ImageObject\",\"inLanguage\":\"pl-PL\",\"@id\":\"https:\/\/www.welovecycling.com\/pl\/2020\/05\/06\/uzupelniamy-kalendarze-oto-terminy-najwiekszych-wyscigow-w-2020-r\/#primaryimage\",\"url\":\"https:\/\/d2p6e6u75xmxt8.cloudfront.net\/5\/2020\/05\/6.05.jpg\",\"contentUrl\":\"https:\/\/d2p6e6u75xmxt8.cloudfront.net\/5\/2020\/05\/6.05.jpg\",\"width\":1024,\"height\":450},{\"@type\":\"BreadcrumbList\",\"@id\":\"https:\/\/www.welovecycling.com\/pl\/2020\/05\/06\/uzupelniamy-kalendarze-oto-terminy-najwiekszych-wyscigow-w-2020-r\/#breadcrumb\",\"itemListElement\":[{\"@type\":\"ListItem\",\"position\":1,\"name\":\"Home\",\"item\":\"https:\/\/www.welovecycling.com\/pl\/\"},{\"@type\":\"ListItem\",\"position\":2,\"name\":\"Uzupe\u0142niamy kalendarze! Oto terminy najwi\u0119kszych wy\u015bcig\u00f3w w 2020 r.\"}]},{\"@type\":\"WebSite\",\"@id\":\"https:\/\/www.welovecycling.com\/pl\/#website\",\"url\":\"https:\/\/www.welovecycling.com\/pl\/\",\"name\":\"\u0160koda We Love Cycling - Poland\",\"description\":\"\",\"potentialAction\":[{\"@type\":\"SearchAction\",\"target\":{\"@type\":\"EntryPoint\",\"urlTemplate\":\"https:\/\/www.welovecycling.com\/pl\/?s={search_term_string}\"},\"query-input\":{\"@type\":\"PropertyValueSpecification\",\"valueRequired\":true,\"valueName\":\"search_term_string\"}}],\"inLanguage\":\"pl-PL\"},{\"@type\":\"Person\",\"@id\":\"https:\/\/www.welovecycling.com\/pl\/#\/schema\/person\/4a79bac7bd265aa6a35a1079d36648be\",\"name\":\"oktawiamikulska\",\"image\":{\"@type\":\"ImageObject\",\"inLanguage\":\"pl-PL\",\"@id\":\"https:\/\/www.welovecycling.com\/pl\/#\/schema\/person\/image\/\",\"url\":\"https:\/\/secure.gravatar.com\/avatar\/b97a3f44e2de6d2f8dd358975937e49823662e12cbd810b9d1a2bff1c149e8a7?s=96&d=mm&r=g\",\"contentUrl\":\"https:\/\/secure.gravatar.com\/avatar\/b97a3f44e2de6d2f8dd358975937e49823662e12cbd810b9d1a2bff1c149e8a7?s=96&d=mm&r=g\",\"caption\":\"oktawiamikulska\"},\"url\":\"https:\/\/www.welovecycling.com\/pl\/author\/oktawiamikulska\/\"}]}<\/script>\n<!-- \/ Yoast SEO Premium plugin. -->","yoast_head_json":{"title":"Uzupe\u0142niamy kalendarze! Oto terminy najwi\u0119kszych wy\u015bcig\u00f3w w 2020 r. - \u0160koda We Love Cycling - Poland","robots":{"index":"index","follow":"follow","max-snippet":"max-snippet:-1","max-image-preview":"max-image-preview:large","max-video-preview":"max-video-preview:-1"},"canonical":"https:\/\/www.welovecycling.com\/pl\/2020\/05\/06\/uzupelniamy-kalendarze-oto-terminy-najwiekszych-wyscigow-w-2020-r\/","og_locale":"pl_PL","og_type":"article","og_title":"Uzupe\u0142niamy kalendarze! Oto terminy najwi\u0119kszych wy\u015bcig\u00f3w w 2020 r.","og_description":"Czerwone flamastry w d\u0142o\u0144 i zakre\u015blamy: na pocz\u0105tek Tour de Pologne, we wrze\u015bniu Tour de France, zaraz potem mistrzostwa \u015bwiata, [&hellip;]","og_url":"https:\/\/www.welovecycling.com\/pl\/2020\/05\/06\/uzupelniamy-kalendarze-oto-terminy-najwiekszych-wyscigow-w-2020-r\/","og_site_name":"\u0160koda We Love Cycling - Poland","article_published_time":"2020-05-06T14:26:00+00:00","og_image":[{"width":1024,"height":450,"url":"https:\/\/d2p6e6u75xmxt8.cloudfront.net\/5\/2020\/05\/6.05.jpg","type":"image\/jpeg"}],"author":"oktawiamikulska","twitter_card":"summary_large_image","twitter_misc":{"Written by":"Piotr Nowik","Est. reading time":"3 minutes"},"schema":{"@context":"https:\/\/schema.org","@graph":[{"@type":"WebPage","@id":"https:\/\/www.welovecycling.com\/pl\/2020\/05\/06\/uzupelniamy-kalendarze-oto-terminy-najwiekszych-wyscigow-w-2020-r\/","url":"https:\/\/www.welovecycling.com\/pl\/2020\/05\/06\/uzupelniamy-kalendarze-oto-terminy-najwiekszych-wyscigow-w-2020-r\/","name":"Uzupe\u0142niamy kalendarze! Oto terminy najwi\u0119kszych wy\u015bcig\u00f3w w 2020 r. - \u0160koda We Love Cycling - Poland","isPartOf":{"@id":"https:\/\/www.welovecycling.com\/pl\/#website"},"primaryImageOfPage":{"@id":"https:\/\/www.welovecycling.com\/pl\/2020\/05\/06\/uzupelniamy-kalendarze-oto-terminy-najwiekszych-wyscigow-w-2020-r\/#primaryimage"},"image":{"@id":"https:\/\/www.welovecycling.com\/pl\/2020\/05\/06\/uzupelniamy-kalendarze-oto-terminy-najwiekszych-wyscigow-w-2020-r\/#primaryimage"},"thumbnailUrl":"https:\/\/d2p6e6u75xmxt8.cloudfront.net\/5\/2020\/05\/6.05.jpg","datePublished":"2020-05-06T14:26:00+00:00","author":{"@id":"https:\/\/www.welovecycling.com\/pl\/#\/schema\/person\/4a79bac7bd265aa6a35a1079d36648be"},"breadcrumb":{"@id":"https:\/\/www.welovecycling.com\/pl\/2020\/05\/06\/uzupelniamy-kalendarze-oto-terminy-najwiekszych-wyscigow-w-2020-r\/#breadcrumb"},"inLanguage":"pl-PL","potentialAction":[{"@type":"ReadAction","target":["https:\/\/www.welovecycling.com\/pl\/2020\/05\/06\/uzupelniamy-kalendarze-oto-terminy-najwiekszych-wyscigow-w-2020-r\/"]}]},{"@type":"ImageObject","inLanguage":"pl-PL","@id":"https:\/\/www.welovecycling.com\/pl\/2020\/05\/06\/uzupelniamy-kalendarze-oto-terminy-najwiekszych-wyscigow-w-2020-r\/#primaryimage","url":"https:\/\/d2p6e6u75xmxt8.cloudfront.net\/5\/2020\/05\/6.05.jpg","contentUrl":"https:\/\/d2p6e6u75xmxt8.cloudfront.net\/5\/2020\/05\/6.05.jpg","width":1024,"height":450},{"@type":"BreadcrumbList","@id":"https:\/\/www.welovecycling.com\/pl\/2020\/05\/06\/uzupelniamy-kalendarze-oto-terminy-najwiekszych-wyscigow-w-2020-r\/#breadcrumb","itemListElement":[{"@type":"ListItem","position":1,"name":"Home","item":"https:\/\/www.welovecycling.com\/pl\/"},{"@type":"ListItem","position":2,"name":"Uzupe\u0142niamy kalendarze! Oto terminy najwi\u0119kszych wy\u015bcig\u00f3w w 2020 r."}]},{"@type":"WebSite","@id":"https:\/\/www.welovecycling.com\/pl\/#website","url":"https:\/\/www.welovecycling.com\/pl\/","name":"\u0160koda We Love Cycling - Poland","description":"","potentialAction":[{"@type":"SearchAction","target":{"@type":"EntryPoint","urlTemplate":"https:\/\/www.welovecycling.com\/pl\/?s={search_term_string}"},"query-input":{"@type":"PropertyValueSpecification","valueRequired":true,"valueName":"search_term_string"}}],"inLanguage":"pl-PL"},{"@type":"Person","@id":"https:\/\/www.welovecycling.com\/pl\/#\/schema\/person\/4a79bac7bd265aa6a35a1079d36648be","name":"oktawiamikulska","image":{"@type":"ImageObject","inLanguage":"pl-PL","@id":"https:\/\/www.welovecycling.com\/pl\/#\/schema\/person\/image\/","url":"https:\/\/secure.gravatar.com\/avatar\/b97a3f44e2de6d2f8dd358975937e49823662e12cbd810b9d1a2bff1c149e8a7?s=96&d=mm&r=g","contentUrl":"https:\/\/secure.gravatar.com\/avatar\/b97a3f44e2de6d2f8dd358975937e49823662e12cbd810b9d1a2bff1c149e8a7?s=96&d=mm&r=g","caption":"oktawiamikulska"},"url":"https:\/\/www.welovecycling.com\/pl\/author\/oktawiamikulska\/"}]}},"_links":{"self":[{"href":"https:\/\/www.welovecycling.com\/pl\/wp-json\/wp\/v2\/posts\/10635","targetHints":{"allow":["GET"]}}],"collection":[{"href":"https:\/\/www.welovecycling.com\/pl\/wp-json\/wp\/v2\/posts"}],"about":[{"href":"https:\/\/www.welovecycling.com\/pl\/wp-json\/wp\/v2\/types\/post"}],"author":[{"embeddable":true,"href":"https:\/\/www.welovecycling.com\/pl\/wp-json\/wp\/v2\/users\/125"}],"replies":[{"embeddable":true,"href":"https:\/\/www.welovecycling.com\/pl\/wp-json\/wp\/v2\/comments?post=10635"}],"version-history":[{"count":2,"href":"https:\/\/www.welovecycling.com\/pl\/wp-json\/wp\/v2\/posts\/10635\/revisions"}],"predecessor-version":[{"id":10639,"href":"https:\/\/www.welovecycling.com\/pl\/wp-json\/wp\/v2\/posts\/10635\/revisions\/10639"}],"wp:featuredmedia":[{"embeddable":true,"href":"https:\/\/www.welovecycling.com\/pl\/wp-json\/wp\/v2\/media\/10637"}],"wp:attachment":[{"href":"https:\/\/www.welovecycling.com\/pl\/wp-json\/wp\/v2\/media?parent=10635"}],"wp:term":[{"taxonomy":"category","embeddable":true,"href":"https:\/\/www.welovecycling.com\/pl\/wp-json\/wp\/v2\/categories?post=10635"},{"taxonomy":"post_tag","embeddable":true,"href":"https:\/\/www.welovecycling.com\/pl\/wp-json\/wp\/v2\/tags?post=10635"},{"taxonomy":"global-categories","embeddable":true,"href":"https:\/\/www.welovecycling.com\/pl\/wp-json\/wp\/v2\/global-categories?post=10635"}],"curies":[{"name":"wp","href":"https:\/\/api.w.org\/{rel}","templated":true}]}}