{"id":1061,"date":"2016-05-17T16:11:51","date_gmt":"2016-05-17T16:11:51","guid":{"rendered":"http:\/\/skoda-rowery.pl\/?p=1061"},"modified":"2016-12-05T08:53:50","modified_gmt":"2016-12-05T08:53:50","slug":"velo-torun-skoda-family-challenge-w-zz-auto-zlomanczuk","status":"publish","type":"post","link":"https:\/\/www.welovecycling.com\/pl\/2016\/05\/17\/velo-torun-skoda-family-challenge-w-zz-auto-zlomanczuk\/","title":{"rendered":"Velo Toru\u0144: \u0160koda Family Challenge w Z&amp;Z Auto Z\u0142oma\u0144czuk"},"content":{"rendered":"<p>Pi\u0119kne majowe s\u0142o\u0144ce, ponad 20\u00b0C w cieniu i prawie 2000 rower\u00f3w na starcie Velo Toru\u0144 2016. To ju\u017c drugie z rz\u0119du wielkie rowerowe \u015bwi\u0119to w grodzie Miko\u0142aja Kopernika z udzia\u0142em Micha\u0142a Kwiatkowskiego.<\/p>\n<p style=\"text-align: justify\"><!--more--><img loading=\"lazy\" decoding=\"async\" class=\"alignnone size-large wp-image-1062\" src=\"http:\/\/skoda-rowery.pl\/wp-content\/uploads\/2016\/05\/3-1024x683.jpg\" alt=\"3\" width=\"1024\" height=\"683\" srcset=\"https:\/\/d2p6e6u75xmxt8.cloudfront.net\/5\/2016\/05\/3-1024x683.jpg 1024w, https:\/\/d2p6e6u75xmxt8.cloudfront.net\/5\/2016\/05\/3-300x200.jpg 300w, https:\/\/d2p6e6u75xmxt8.cloudfront.net\/5\/2016\/05\/3-768x512.jpg 768w, https:\/\/d2p6e6u75xmxt8.cloudfront.net\/5\/2016\/05\/3-272x182.jpg 272w\" sizes=\"auto, (max-width: 1024px) 100vw, 1024px\" \/><\/p>\n<p style=\"text-align: justify\"><img loading=\"lazy\" decoding=\"async\" class=\"alignnone size-large wp-image-1063\" src=\"http:\/\/skoda-rowery.pl\/wp-content\/uploads\/2016\/05\/011__O0C1727-1024x682.jpg\" alt=\"011__O0C1727\" width=\"1024\" height=\"682\" srcset=\"https:\/\/d2p6e6u75xmxt8.cloudfront.net\/5\/2016\/05\/011__O0C1727-1024x682.jpg 1024w, https:\/\/d2p6e6u75xmxt8.cloudfront.net\/5\/2016\/05\/011__O0C1727-300x200.jpg 300w, https:\/\/d2p6e6u75xmxt8.cloudfront.net\/5\/2016\/05\/011__O0C1727-768x512.jpg 768w, https:\/\/d2p6e6u75xmxt8.cloudfront.net\/5\/2016\/05\/011__O0C1727-272x182.jpg 272w, https:\/\/d2p6e6u75xmxt8.cloudfront.net\/5\/2016\/05\/011__O0C1727.jpg 2000w\" sizes=\"auto, (max-width: 1024px) 100vw, 1024px\" \/><\/p>\n<p style=\"text-align: justify\">Podczas tegorocznej imprezy poza trzema dystansami skierowanymi do zawodowc\u00f3w i p\u00f3\u0142zawodowc\u00f3w zaplanowano tak\u017ce dwunastokilometrowy odcinek dla rodzin z dzie\u0107mi pod nazw\u0105 \u201e\u0160koda Family Challenge\u201d.<\/p>\n<p style=\"text-align: justify\"><img loading=\"lazy\" decoding=\"async\" class=\"alignnone size-large wp-image-1095\" src=\"http:\/\/skoda-rowery.pl\/wp-content\/uploads\/2016\/05\/8-1024x683.jpg\" alt=\"8\" width=\"1024\" height=\"683\" srcset=\"https:\/\/d2p6e6u75xmxt8.cloudfront.net\/5\/2016\/05\/8-1024x683.jpg 1024w, https:\/\/d2p6e6u75xmxt8.cloudfront.net\/5\/2016\/05\/8-300x200.jpg 300w, https:\/\/d2p6e6u75xmxt8.cloudfront.net\/5\/2016\/05\/8-768x512.jpg 768w, https:\/\/d2p6e6u75xmxt8.cloudfront.net\/5\/2016\/05\/8-272x182.jpg 272w\" sizes=\"auto, (max-width: 1024px) 100vw, 1024px\" \/><\/p>\n<p style=\"text-align: justify\">Trasa wy\u015bcigu bieg\u0142a od startu zlokalizowanego przy hali widowiskowo-sportowej Arena Toru\u0144, przez dwa punkty kontrolne zlokalizowane w centrum miasta, a\u017c do salonu \u0160KODY w Lubiczu Dolnym.<\/p>\n<p>W pierwszym punkcie kontrolnym \u2013 Cukierni Lenkiewicz\u00a0 &#8211; poza podbiciem karty wy\u015bcigu specjaln\u0105 piecz\u0105tk\u0105 &#8211; na wszystkie dzieci czeka\u0142a darmowa ga\u0142ka lod\u00f3w.<\/p>\n<p style=\"text-align: justify\"><img loading=\"lazy\" decoding=\"async\" class=\"alignnone size-full wp-image-1065\" src=\"http:\/\/skoda-rowery.pl\/wp-content\/uploads\/2016\/05\/mapa.jpg\" alt=\"mapa\" width=\"960\" height=\"685\" srcset=\"https:\/\/d2p6e6u75xmxt8.cloudfront.net\/5\/2016\/05\/mapa.jpg 960w, https:\/\/d2p6e6u75xmxt8.cloudfront.net\/5\/2016\/05\/mapa-300x214.jpg 300w, https:\/\/d2p6e6u75xmxt8.cloudfront.net\/5\/2016\/05\/mapa-768x548.jpg 768w\" sizes=\"auto, (max-width: 960px) 100vw, 960px\" \/><\/p>\n<p style=\"text-align: justify\"><img loading=\"lazy\" decoding=\"async\" class=\"alignnone size-full wp-image-1066\" src=\"http:\/\/skoda-rowery.pl\/wp-content\/uploads\/2016\/05\/lody.jpg\" alt=\"lody\" width=\"960\" height=\"540\" srcset=\"https:\/\/d2p6e6u75xmxt8.cloudfront.net\/5\/2016\/05\/lody.jpg 960w, https:\/\/d2p6e6u75xmxt8.cloudfront.net\/5\/2016\/05\/lody-300x169.jpg 300w, https:\/\/d2p6e6u75xmxt8.cloudfront.net\/5\/2016\/05\/lody-768x432.jpg 768w\" sizes=\"auto, (max-width: 960px) 100vw, 960px\" \/><\/p>\n<p style=\"text-align: justify\">W drugim punkcie kontrolnym \u2013 siedzibie Akademii Copernicus &#8211; czeka\u0142y ch\u0142odne napoje, \u015bwie\u017ce owoce i kilka konkurencji zr\u0119czno\u015bciowych przygotowanych przez Micha\u0142a Kwiatkowskiego.<\/p>\n<p style=\"text-align: justify\"><img loading=\"lazy\" decoding=\"async\" class=\"alignnone size-full wp-image-1067\" src=\"http:\/\/skoda-rowery.pl\/wp-content\/uploads\/2016\/05\/copernicus.jpg\" alt=\"copernicus\" width=\"960\" height=\"540\" srcset=\"https:\/\/d2p6e6u75xmxt8.cloudfront.net\/5\/2016\/05\/copernicus.jpg 960w, https:\/\/d2p6e6u75xmxt8.cloudfront.net\/5\/2016\/05\/copernicus-300x169.jpg 300w, https:\/\/d2p6e6u75xmxt8.cloudfront.net\/5\/2016\/05\/copernicus-768x432.jpg 768w\" sizes=\"auto, (max-width: 960px) 100vw, 960px\" \/><\/p>\n<p style=\"text-align: justify\"><img loading=\"lazy\" decoding=\"async\" class=\"alignnone size-large wp-image-1068\" src=\"http:\/\/skoda-rowery.pl\/wp-content\/uploads\/2016\/05\/copernicus2.jpg\" alt=\"copernicus2\" width=\"960\" height=\"540\" srcset=\"https:\/\/d2p6e6u75xmxt8.cloudfront.net\/5\/2016\/05\/copernicus2.jpg 960w, https:\/\/d2p6e6u75xmxt8.cloudfront.net\/5\/2016\/05\/copernicus2-300x169.jpg 300w, https:\/\/d2p6e6u75xmxt8.cloudfront.net\/5\/2016\/05\/copernicus2-768x432.jpg 768w\" sizes=\"auto, (max-width: 960px) 100vw, 960px\" \/><\/p>\n<p style=\"text-align: justify\">Na\u00a0mecie, w Salonie \u0160KODY, uczestnik\u00f3w wita\u0142 personel Z&amp;Z Auto Z\u0142oma\u0144czuk oraz konferansjer z najpopularniejszej lokalnej rozg\u0142o\u015bni \u2013 Radia GRA \u2013 Piotr Olszowski.<\/p>\n<p style=\"text-align: justify\"><img loading=\"lazy\" decoding=\"async\" class=\"alignnone size-large wp-image-1069\" src=\"http:\/\/skoda-rowery.pl\/wp-content\/uploads\/2016\/05\/11-1024x683.jpg\" alt=\"11\" width=\"1024\" height=\"683\" srcset=\"https:\/\/d2p6e6u75xmxt8.cloudfront.net\/5\/2016\/05\/11-1024x683.jpg 1024w, https:\/\/d2p6e6u75xmxt8.cloudfront.net\/5\/2016\/05\/11-300x200.jpg 300w, https:\/\/d2p6e6u75xmxt8.cloudfront.net\/5\/2016\/05\/11-768x512.jpg 768w, https:\/\/d2p6e6u75xmxt8.cloudfront.net\/5\/2016\/05\/11-272x182.jpg 272w\" sizes=\"auto, (max-width: 1024px) 100vw, 1024px\" \/><\/p>\n<p style=\"text-align: justify\">Z przyjemno\u015bci\u0105 informujemy, \u017ce w tegorocznym Challange\u2019u wzi\u0119\u0142o udzia\u0142 ponad 250 uczestnik\u00f3w! Taki wynik przer\u00f3s\u0142 nasze naj\u015bmielsze oczekiwania i ponad dwukrotnie pobi\u0142 rekord sprzed roku.<\/p>\n<p style=\"text-align: justify\">Po zaparkowaniu swoich rower\u00f3w na parkingu nasi go\u015bcie cz\u0119stowani byli zimnymi napojami oraz zapraszani do ostatniej konkurencji obowi\u0105zkowej tj. poszukiwania naklejek z logo w salonowych samochodach \u0160KODY.<\/p>\n<p style=\"text-align: justify\">Dopiero po wykonaniu tego zadania na karcie wy\u015bcigu przybijana by\u0142a piecz\u0105tka oznaczaj\u0105c\u0105 uko\u0144czenie wy\u015bcigu. Na specjalnie przygotowanym podium wr\u0119czane by\u0142y pami\u0105tkowe medale oraz zestawy gad\u017cet\u00f3w z logo \u0160KODY.<\/p>\n<p><img loading=\"lazy\" decoding=\"async\" class=\"alignnone size-large wp-image-1070\" src=\"http:\/\/skoda-rowery.pl\/wp-content\/uploads\/2016\/05\/13a-1024x683.jpg\" alt=\"13a\" width=\"1024\" height=\"683\" srcset=\"https:\/\/d2p6e6u75xmxt8.cloudfront.net\/5\/2016\/05\/13a-1024x683.jpg 1024w, https:\/\/d2p6e6u75xmxt8.cloudfront.net\/5\/2016\/05\/13a-300x200.jpg 300w, https:\/\/d2p6e6u75xmxt8.cloudfront.net\/5\/2016\/05\/13a-768x512.jpg 768w, https:\/\/d2p6e6u75xmxt8.cloudfront.net\/5\/2016\/05\/13a-272x182.jpg 272w\" sizes=\"auto, (max-width: 1024px) 100vw, 1024px\" \/><\/p>\n<p><img loading=\"lazy\" decoding=\"async\" class=\"alignnone size-large wp-image-1071\" src=\"http:\/\/skoda-rowery.pl\/wp-content\/uploads\/2016\/05\/23-1024x683.jpg\" alt=\"23\" width=\"1024\" height=\"683\" srcset=\"https:\/\/d2p6e6u75xmxt8.cloudfront.net\/5\/2016\/05\/23-1024x683.jpg 1024w, https:\/\/d2p6e6u75xmxt8.cloudfront.net\/5\/2016\/05\/23-300x200.jpg 300w, https:\/\/d2p6e6u75xmxt8.cloudfront.net\/5\/2016\/05\/23-768x512.jpg 768w, https:\/\/d2p6e6u75xmxt8.cloudfront.net\/5\/2016\/05\/23-272x182.jpg 272w\" sizes=\"auto, (max-width: 1024px) 100vw, 1024px\" \/><\/p>\n<p style=\"text-align: justify\">Kwintesencj\u0105 dnia by\u0142 piknik rodzinny zorganizowany na placu przy salonie. W ramach atrakcji na uczestnik\u00f3w czeka\u0142o: pyszne jedzenie z grilla, dmuchane zamki, dmuchana \u015bcianka wspinaczkowa, malowanie buziek, mini boisko do gry w pi\u0142k\u0119, mini boisko do siatk\u00f3wki, stanowisko do strzelania z \u0142uku oraz stanowisko do strzelania z broni pneumatycznej (paintball). Prowadz\u0105cy (prezenter z toru\u0144skiego Radio Gra) anga\u017cowa\u0142 do konkurs\u00f3w przyby\u0142ych na miejsce go\u015bci.<\/p>\n<p style=\"text-align: justify\"><img loading=\"lazy\" decoding=\"async\" class=\"alignnone size-large wp-image-1074\" src=\"http:\/\/skoda-rowery.pl\/wp-content\/uploads\/2016\/05\/16-1024x683.jpg\" alt=\"16\" width=\"1024\" height=\"683\" srcset=\"https:\/\/d2p6e6u75xmxt8.cloudfront.net\/5\/2016\/05\/16-1024x683.jpg 1024w, https:\/\/d2p6e6u75xmxt8.cloudfront.net\/5\/2016\/05\/16-300x200.jpg 300w, https:\/\/d2p6e6u75xmxt8.cloudfront.net\/5\/2016\/05\/16-768x512.jpg 768w, https:\/\/d2p6e6u75xmxt8.cloudfront.net\/5\/2016\/05\/16-272x182.jpg 272w\" sizes=\"auto, (max-width: 1024px) 100vw, 1024px\" \/><\/p>\n<p style=\"text-align: justify\"><img loading=\"lazy\" decoding=\"async\" class=\"alignnone size-large wp-image-1075\" src=\"http:\/\/skoda-rowery.pl\/wp-content\/uploads\/2016\/05\/17-1024x683.jpg\" alt=\"17\" width=\"1024\" height=\"683\" srcset=\"https:\/\/d2p6e6u75xmxt8.cloudfront.net\/5\/2016\/05\/17-1024x683.jpg 1024w, https:\/\/d2p6e6u75xmxt8.cloudfront.net\/5\/2016\/05\/17-300x200.jpg 300w, https:\/\/d2p6e6u75xmxt8.cloudfront.net\/5\/2016\/05\/17-768x512.jpg 768w, https:\/\/d2p6e6u75xmxt8.cloudfront.net\/5\/2016\/05\/17-272x182.jpg 272w\" sizes=\"auto, (max-width: 1024px) 100vw, 1024px\" \/><\/p>\n<p style=\"text-align: justify\"><img loading=\"lazy\" decoding=\"async\" class=\"alignnone size-large wp-image-1076\" src=\"http:\/\/skoda-rowery.pl\/wp-content\/uploads\/2016\/05\/18-1024x683.jpg\" alt=\"18\" width=\"1024\" height=\"683\" srcset=\"https:\/\/d2p6e6u75xmxt8.cloudfront.net\/5\/2016\/05\/18-1024x683.jpg 1024w, https:\/\/d2p6e6u75xmxt8.cloudfront.net\/5\/2016\/05\/18-300x200.jpg 300w, https:\/\/d2p6e6u75xmxt8.cloudfront.net\/5\/2016\/05\/18-768x512.jpg 768w, https:\/\/d2p6e6u75xmxt8.cloudfront.net\/5\/2016\/05\/18-272x182.jpg 272w\" sizes=\"auto, (max-width: 1024px) 100vw, 1024px\" \/><\/p>\n<p style=\"text-align: justify\"><img loading=\"lazy\" decoding=\"async\" class=\"alignnone size-large wp-image-1077\" src=\"http:\/\/skoda-rowery.pl\/wp-content\/uploads\/2016\/05\/19-1024x683.jpg\" alt=\"19\" width=\"1024\" height=\"683\" srcset=\"https:\/\/d2p6e6u75xmxt8.cloudfront.net\/5\/2016\/05\/19-1024x683.jpg 1024w, https:\/\/d2p6e6u75xmxt8.cloudfront.net\/5\/2016\/05\/19-300x200.jpg 300w, https:\/\/d2p6e6u75xmxt8.cloudfront.net\/5\/2016\/05\/19-768x512.jpg 768w, https:\/\/d2p6e6u75xmxt8.cloudfront.net\/5\/2016\/05\/19-272x182.jpg 272w\" sizes=\"auto, (max-width: 1024px) 100vw, 1024px\" \/><\/p>\n<p style=\"text-align: justify\"><img loading=\"lazy\" decoding=\"async\" class=\"alignnone size-large wp-image-1078\" src=\"http:\/\/skoda-rowery.pl\/wp-content\/uploads\/2016\/05\/45-1024x683.jpg\" alt=\"45\" width=\"1024\" height=\"683\" srcset=\"https:\/\/d2p6e6u75xmxt8.cloudfront.net\/5\/2016\/05\/45-1024x683.jpg 1024w, https:\/\/d2p6e6u75xmxt8.cloudfront.net\/5\/2016\/05\/45-300x200.jpg 300w, https:\/\/d2p6e6u75xmxt8.cloudfront.net\/5\/2016\/05\/45-768x512.jpg 768w, https:\/\/d2p6e6u75xmxt8.cloudfront.net\/5\/2016\/05\/45-272x182.jpg 272w\" sizes=\"auto, (max-width: 1024px) 100vw, 1024px\" \/><\/p>\n<p style=\"text-align: justify\"><img loading=\"lazy\" decoding=\"async\" class=\"alignnone size-large wp-image-1079\" src=\"http:\/\/skoda-rowery.pl\/wp-content\/uploads\/2016\/05\/46-1024x683.jpg\" alt=\"46\" width=\"1024\" height=\"683\" srcset=\"https:\/\/d2p6e6u75xmxt8.cloudfront.net\/5\/2016\/05\/46-1024x683.jpg 1024w, https:\/\/d2p6e6u75xmxt8.cloudfront.net\/5\/2016\/05\/46-300x200.jpg 300w, https:\/\/d2p6e6u75xmxt8.cloudfront.net\/5\/2016\/05\/46-768x512.jpg 768w, https:\/\/d2p6e6u75xmxt8.cloudfront.net\/5\/2016\/05\/46-272x182.jpg 272w\" sizes=\"auto, (max-width: 1024px) 100vw, 1024px\" \/><\/p>\n<p style=\"text-align: justify\"><img loading=\"lazy\" decoding=\"async\" class=\"alignnone size-large wp-image-1080\" src=\"http:\/\/skoda-rowery.pl\/wp-content\/uploads\/2016\/05\/47-1024x683.jpg\" alt=\"47\" width=\"1024\" height=\"683\" srcset=\"https:\/\/d2p6e6u75xmxt8.cloudfront.net\/5\/2016\/05\/47-1024x683.jpg 1024w, https:\/\/d2p6e6u75xmxt8.cloudfront.net\/5\/2016\/05\/47-300x200.jpg 300w, https:\/\/d2p6e6u75xmxt8.cloudfront.net\/5\/2016\/05\/47-768x512.jpg 768w, https:\/\/d2p6e6u75xmxt8.cloudfront.net\/5\/2016\/05\/47-272x182.jpg 272w\" sizes=\"auto, (max-width: 1024px) 100vw, 1024px\" \/><\/p>\n<p style=\"text-align: justify\"><img loading=\"lazy\" decoding=\"async\" class=\"alignnone size-large wp-image-1081\" src=\"http:\/\/skoda-rowery.pl\/wp-content\/uploads\/2016\/05\/48-1024x683.jpg\" alt=\"48\" width=\"1024\" height=\"683\" srcset=\"https:\/\/d2p6e6u75xmxt8.cloudfront.net\/5\/2016\/05\/48-1024x683.jpg 1024w, https:\/\/d2p6e6u75xmxt8.cloudfront.net\/5\/2016\/05\/48-300x200.jpg 300w, https:\/\/d2p6e6u75xmxt8.cloudfront.net\/5\/2016\/05\/48-768x512.jpg 768w, https:\/\/d2p6e6u75xmxt8.cloudfront.net\/5\/2016\/05\/48-272x182.jpg 272w\" sizes=\"auto, (max-width: 1024px) 100vw, 1024px\" \/><\/p>\n<p style=\"text-align: justify\">Na zdj\u0119ciu poni\u017cej wida\u0107 konkurencj\u0119, w kt\u00f3rej uczestnicy musieli w jak najkr\u00f3tszym czasie przejecha\u0107 50m, bez wylania wody z pojemnika umieszczonego na przedniej szybie \u0160KODY Citigo.<\/p>\n<p style=\"text-align: justify\"><img loading=\"lazy\" decoding=\"async\" class=\"alignnone size-large wp-image-1083\" src=\"http:\/\/skoda-rowery.pl\/wp-content\/uploads\/2016\/05\/39-1024x683.jpg\" alt=\"39\" width=\"1024\" height=\"683\" srcset=\"https:\/\/d2p6e6u75xmxt8.cloudfront.net\/5\/2016\/05\/39-1024x683.jpg 1024w, https:\/\/d2p6e6u75xmxt8.cloudfront.net\/5\/2016\/05\/39-300x200.jpg 300w, https:\/\/d2p6e6u75xmxt8.cloudfront.net\/5\/2016\/05\/39-768x512.jpg 768w, https:\/\/d2p6e6u75xmxt8.cloudfront.net\/5\/2016\/05\/39-272x182.jpg 272w\" sizes=\"auto, (max-width: 1024px) 100vw, 1024px\" \/><\/p>\n<p style=\"text-align: justify\"><img loading=\"lazy\" decoding=\"async\" class=\"alignnone size-large wp-image-1084\" src=\"http:\/\/skoda-rowery.pl\/wp-content\/uploads\/2016\/05\/37-1024x683.jpg\" alt=\"37\" width=\"1024\" height=\"683\" srcset=\"https:\/\/d2p6e6u75xmxt8.cloudfront.net\/5\/2016\/05\/37-1024x683.jpg 1024w, https:\/\/d2p6e6u75xmxt8.cloudfront.net\/5\/2016\/05\/37-300x200.jpg 300w, https:\/\/d2p6e6u75xmxt8.cloudfront.net\/5\/2016\/05\/37-768x512.jpg 768w, https:\/\/d2p6e6u75xmxt8.cloudfront.net\/5\/2016\/05\/37-272x182.jpg 272w\" sizes=\"auto, (max-width: 1024px) 100vw, 1024px\" \/><\/p>\n<p style=\"text-align: justify\">Kolejn\u0105 konkurencj\u0105 motoryzacyjn\u0105 by\u0142o przek\u0142adanie na czas ko\u0142a w \u0160KODZIE Fabia.<\/p>\n<p style=\"text-align: justify\"><img loading=\"lazy\" decoding=\"async\" class=\"alignnone size-large wp-image-1085\" src=\"http:\/\/skoda-rowery.pl\/wp-content\/uploads\/2016\/05\/54-1024x683.jpg\" alt=\"54\" width=\"1024\" height=\"683\" srcset=\"https:\/\/d2p6e6u75xmxt8.cloudfront.net\/5\/2016\/05\/54-1024x683.jpg 1024w, https:\/\/d2p6e6u75xmxt8.cloudfront.net\/5\/2016\/05\/54-300x200.jpg 300w, https:\/\/d2p6e6u75xmxt8.cloudfront.net\/5\/2016\/05\/54-768x512.jpg 768w, https:\/\/d2p6e6u75xmxt8.cloudfront.net\/5\/2016\/05\/54-272x182.jpg 272w\" sizes=\"auto, (max-width: 1024px) 100vw, 1024px\" \/><\/p>\n<p style=\"text-align: justify\"><img loading=\"lazy\" decoding=\"async\" class=\"alignnone size-large wp-image-1086\" src=\"http:\/\/skoda-rowery.pl\/wp-content\/uploads\/2016\/05\/56-1024x683.jpg\" alt=\"56\" width=\"1024\" height=\"683\" srcset=\"https:\/\/d2p6e6u75xmxt8.cloudfront.net\/5\/2016\/05\/56-1024x683.jpg 1024w, https:\/\/d2p6e6u75xmxt8.cloudfront.net\/5\/2016\/05\/56-300x200.jpg 300w, https:\/\/d2p6e6u75xmxt8.cloudfront.net\/5\/2016\/05\/56-768x512.jpg 768w, https:\/\/d2p6e6u75xmxt8.cloudfront.net\/5\/2016\/05\/56-272x182.jpg 272w\" sizes=\"auto, (max-width: 1024px) 100vw, 1024px\" \/><\/p>\n<p style=\"text-align: justify\"><img loading=\"lazy\" decoding=\"async\" class=\"alignnone size-large wp-image-1087\" src=\"http:\/\/skoda-rowery.pl\/wp-content\/uploads\/2016\/05\/58-1024x683.jpg\" alt=\"58\" width=\"1024\" height=\"683\" srcset=\"https:\/\/d2p6e6u75xmxt8.cloudfront.net\/5\/2016\/05\/58-1024x683.jpg 1024w, https:\/\/d2p6e6u75xmxt8.cloudfront.net\/5\/2016\/05\/58-300x200.jpg 300w, https:\/\/d2p6e6u75xmxt8.cloudfront.net\/5\/2016\/05\/58-768x512.jpg 768w, https:\/\/d2p6e6u75xmxt8.cloudfront.net\/5\/2016\/05\/58-272x182.jpg 272w\" sizes=\"auto, (max-width: 1024px) 100vw, 1024px\" \/><\/p>\n<p style=\"text-align: justify\">Jeszcze inn\u0105 konkurencj\u0105 zr\u0119czno\u015bciow\u0105 by\u0142o montowanie systemu\u00a0ISOFIX. Nie sprawi\u0142o to uczestnikom najmniejszego problemu!<\/p>\n<p style=\"text-align: justify\"><img loading=\"lazy\" decoding=\"async\" class=\"alignnone size-large wp-image-1088\" src=\"http:\/\/skoda-rowery.pl\/wp-content\/uploads\/2016\/05\/63-1024x683.jpg\" alt=\"63\" width=\"1024\" height=\"683\" srcset=\"https:\/\/d2p6e6u75xmxt8.cloudfront.net\/5\/2016\/05\/63-1024x683.jpg 1024w, https:\/\/d2p6e6u75xmxt8.cloudfront.net\/5\/2016\/05\/63-300x200.jpg 300w, https:\/\/d2p6e6u75xmxt8.cloudfront.net\/5\/2016\/05\/63-768x512.jpg 768w, https:\/\/d2p6e6u75xmxt8.cloudfront.net\/5\/2016\/05\/63-272x182.jpg 272w\" sizes=\"auto, (max-width: 1024px) 100vw, 1024px\" \/><\/p>\n<p style=\"text-align: justify\"><img loading=\"lazy\" decoding=\"async\" class=\"alignnone size-large wp-image-1089\" src=\"http:\/\/skoda-rowery.pl\/wp-content\/uploads\/2016\/05\/65-1024x683.jpg\" alt=\"65\" width=\"1024\" height=\"683\" srcset=\"https:\/\/d2p6e6u75xmxt8.cloudfront.net\/5\/2016\/05\/65-1024x683.jpg 1024w, https:\/\/d2p6e6u75xmxt8.cloudfront.net\/5\/2016\/05\/65-300x200.jpg 300w, https:\/\/d2p6e6u75xmxt8.cloudfront.net\/5\/2016\/05\/65-768x512.jpg 768w, https:\/\/d2p6e6u75xmxt8.cloudfront.net\/5\/2016\/05\/65-272x182.jpg 272w\" sizes=\"auto, (max-width: 1024px) 100vw, 1024px\" \/><\/p>\n<p style=\"text-align: justify\"><img loading=\"lazy\" decoding=\"async\" class=\"alignnone size-large wp-image-1090\" src=\"http:\/\/skoda-rowery.pl\/wp-content\/uploads\/2016\/05\/66-1024x683.jpg\" alt=\"66\" width=\"1024\" height=\"683\" srcset=\"https:\/\/d2p6e6u75xmxt8.cloudfront.net\/5\/2016\/05\/66-1024x683.jpg 1024w, https:\/\/d2p6e6u75xmxt8.cloudfront.net\/5\/2016\/05\/66-300x200.jpg 300w, https:\/\/d2p6e6u75xmxt8.cloudfront.net\/5\/2016\/05\/66-768x512.jpg 768w, https:\/\/d2p6e6u75xmxt8.cloudfront.net\/5\/2016\/05\/66-272x182.jpg 272w\" sizes=\"auto, (max-width: 1024px) 100vw, 1024px\" \/><\/p>\n<p style=\"text-align: justify\">Najlepszych w poszczeg\u00f3lnych konkurencjach oczywi\u015bcie nagrodzili\u015bmy atrakcyjnymi nagrodami. Opraw\u0119 muzyczn\u0105 zapewnia\u0142 DJ Bartek.<\/p>\n<p style=\"text-align: justify\"><img loading=\"lazy\" decoding=\"async\" class=\"alignnone size-large wp-image-1091\" src=\"http:\/\/skoda-rowery.pl\/wp-content\/uploads\/2016\/05\/15-1024x683.jpg\" alt=\"15\" width=\"1024\" height=\"683\" srcset=\"https:\/\/d2p6e6u75xmxt8.cloudfront.net\/5\/2016\/05\/15-1024x683.jpg 1024w, https:\/\/d2p6e6u75xmxt8.cloudfront.net\/5\/2016\/05\/15-300x200.jpg 300w, https:\/\/d2p6e6u75xmxt8.cloudfront.net\/5\/2016\/05\/15-768x512.jpg 768w, https:\/\/d2p6e6u75xmxt8.cloudfront.net\/5\/2016\/05\/15-272x182.jpg 272w\" sizes=\"auto, (max-width: 1024px) 100vw, 1024px\" \/><\/p>\n<p style=\"text-align: justify\"><img loading=\"lazy\" decoding=\"async\" class=\"alignnone size-large wp-image-1092\" src=\"http:\/\/skoda-rowery.pl\/wp-content\/uploads\/2016\/05\/40-1024x683.jpg\" alt=\"40\" width=\"1024\" height=\"683\" srcset=\"https:\/\/d2p6e6u75xmxt8.cloudfront.net\/5\/2016\/05\/40-1024x683.jpg 1024w, https:\/\/d2p6e6u75xmxt8.cloudfront.net\/5\/2016\/05\/40-300x200.jpg 300w, https:\/\/d2p6e6u75xmxt8.cloudfront.net\/5\/2016\/05\/40-768x512.jpg 768w, https:\/\/d2p6e6u75xmxt8.cloudfront.net\/5\/2016\/05\/40-272x182.jpg 272w\" sizes=\"auto, (max-width: 1024px) 100vw, 1024px\" \/><\/p>\n<p style=\"text-align: justify\">Dodatkowymi atrakcjami w salonie by\u0142y profesjonalny motor \u017cu\u017clowy oraz sportowy quad.<\/p>\n<p style=\"text-align: justify\"><img loading=\"lazy\" decoding=\"async\" class=\"alignnone size-large wp-image-1073\" src=\"http:\/\/skoda-rowery.pl\/wp-content\/uploads\/2016\/05\/22-1024x683.jpg\" alt=\"22\" width=\"1024\" height=\"683\" srcset=\"https:\/\/d2p6e6u75xmxt8.cloudfront.net\/5\/2016\/05\/22-1024x683.jpg 1024w, https:\/\/d2p6e6u75xmxt8.cloudfront.net\/5\/2016\/05\/22-300x200.jpg 300w, https:\/\/d2p6e6u75xmxt8.cloudfront.net\/5\/2016\/05\/22-768x512.jpg 768w, https:\/\/d2p6e6u75xmxt8.cloudfront.net\/5\/2016\/05\/22-272x182.jpg 272w\" sizes=\"auto, (max-width: 1024px) 100vw, 1024px\" \/><\/p>\n<p style=\"text-align: justify\"><img loading=\"lazy\" decoding=\"async\" class=\"alignnone size-large wp-image-1093\" src=\"http:\/\/skoda-rowery.pl\/wp-content\/uploads\/2016\/05\/21-1024x683.jpg\" alt=\"21\" width=\"1024\" height=\"683\" srcset=\"https:\/\/d2p6e6u75xmxt8.cloudfront.net\/5\/2016\/05\/21-1024x683.jpg 1024w, https:\/\/d2p6e6u75xmxt8.cloudfront.net\/5\/2016\/05\/21-300x200.jpg 300w, https:\/\/d2p6e6u75xmxt8.cloudfront.net\/5\/2016\/05\/21-768x512.jpg 768w, https:\/\/d2p6e6u75xmxt8.cloudfront.net\/5\/2016\/05\/21-272x182.jpg 272w\" sizes=\"auto, (max-width: 1024px) 100vw, 1024px\" \/><\/p>\n<p style=\"text-align: justify\">Dzi\u0119kujemy wszystkim uczestnikom\u00a0 i organizatorom Familly Challenge w ramach Velo Toru\u0144. By\u0142o super!<\/p>\n","protected":false},"excerpt":{"rendered":"<p>Pi\u0119kne majowe s\u0142o\u0144ce, ponad 20\u00b0C w cieniu i prawie 2000 rower\u00f3w na starcie Velo Toru\u0144 2016. To ju\u017c drugie z [&hellip;]<\/p>\n","protected":false},"author":1,"featured_media":1094,"comment_status":"closed","ping_status":"closed","sticky":false,"template":"","format":"standard","meta":{"footnotes":""},"categories":[1],"tags":[41,66,80],"global-categories":[],"class_list":["post-1061","post","type-post","status-publish","format-standard","has-post-thumbnail","hentry","category-uncategorized","tag-cycling","tag-skodanapedzarowery","tag-velo-torun"],"yoast_head":"<!-- This site is optimized with the Yoast SEO Premium plugin v25.3 (Yoast SEO v25.9) - https:\/\/yoast.com\/wordpress\/plugins\/seo\/ -->\n<title>Velo Toru\u0144: \u0160koda Family Challenge w Z&amp;Z Auto Z\u0142oma\u0144czuk - \u0160koda We Love Cycling - Poland<\/title>\n<meta name=\"robots\" content=\"index, follow, max-snippet:-1, max-image-preview:large, max-video-preview:-1\" \/>\n<link rel=\"canonical\" href=\"https:\/\/www.welovecycling.com\/pl\/2016\/05\/17\/velo-torun-skoda-family-challenge-w-zz-auto-zlomanczuk\/\" \/>\n<meta property=\"og:locale\" content=\"pl_PL\" \/>\n<meta property=\"og:type\" content=\"article\" \/>\n<meta property=\"og:title\" content=\"Velo Toru\u0144: \u0160koda Family Challenge w Z&amp;Z Auto Z\u0142oma\u0144czuk\" \/>\n<meta property=\"og:description\" content=\"Pi\u0119kne majowe s\u0142o\u0144ce, ponad 20\u00b0C w cieniu i prawie 2000 rower\u00f3w na starcie Velo Toru\u0144 2016. To ju\u017c drugie z [&hellip;]\" \/>\n<meta property=\"og:url\" content=\"https:\/\/www.welovecycling.com\/pl\/2016\/05\/17\/velo-torun-skoda-family-challenge-w-zz-auto-zlomanczuk\/\" \/>\n<meta property=\"og:site_name\" content=\"\u0160koda We Love Cycling - Poland\" \/>\n<meta property=\"article:published_time\" content=\"2016-05-17T16:11:51+00:00\" \/>\n<meta property=\"article:modified_time\" content=\"2016-12-05T08:53:50+00:00\" \/>\n<meta property=\"og:image\" content=\"https:\/\/d2p6e6u75xmxt8.cloudfront.net\/5\/2016\/05\/10-1-1024x683.jpg\" \/>\n\t<meta property=\"og:image:width\" content=\"1024\" \/>\n\t<meta property=\"og:image:height\" content=\"683\" \/>\n\t<meta property=\"og:image:type\" content=\"image\/jpeg\" \/>\n<meta name=\"author\" content=\"WeLoveCycling\" \/>\n<meta name=\"twitter:card\" content=\"summary_large_image\" \/>\n<meta name=\"twitter:label1\" content=\"Written by\" \/>\n\t<meta name=\"twitter:data1\" content=\"WeLoveCycling\" \/>\n\t<meta name=\"twitter:label2\" content=\"Est. reading time\" \/>\n\t<meta name=\"twitter:data2\" content=\"2 minutes\" \/>\n<script type=\"application\/ld+json\" class=\"yoast-schema-graph\">{\"@context\":\"https:\/\/schema.org\",\"@graph\":[{\"@type\":\"WebPage\",\"@id\":\"https:\/\/www.welovecycling.com\/pl\/2016\/05\/17\/velo-torun-skoda-family-challenge-w-zz-auto-zlomanczuk\/\",\"url\":\"https:\/\/www.welovecycling.com\/pl\/2016\/05\/17\/velo-torun-skoda-family-challenge-w-zz-auto-zlomanczuk\/\",\"name\":\"Velo Toru\u0144: \u0160koda Family Challenge w Z&amp;Z Auto Z\u0142oma\u0144czuk - \u0160koda We Love Cycling - Poland\",\"isPartOf\":{\"@id\":\"https:\/\/www.welovecycling.com\/pl\/#website\"},\"primaryImageOfPage\":{\"@id\":\"https:\/\/www.welovecycling.com\/pl\/2016\/05\/17\/velo-torun-skoda-family-challenge-w-zz-auto-zlomanczuk\/#primaryimage\"},\"image\":{\"@id\":\"https:\/\/www.welovecycling.com\/pl\/2016\/05\/17\/velo-torun-skoda-family-challenge-w-zz-auto-zlomanczuk\/#primaryimage\"},\"thumbnailUrl\":\"https:\/\/d2p6e6u75xmxt8.cloudfront.net\/5\/2016\/05\/10-1.jpg\",\"datePublished\":\"2016-05-17T16:11:51+00:00\",\"dateModified\":\"2016-12-05T08:53:50+00:00\",\"author\":{\"@id\":\"https:\/\/www.welovecycling.com\/pl\/#\/schema\/person\/e5187c9cac8dd619ebc7b41bd73c2fd9\"},\"breadcrumb\":{\"@id\":\"https:\/\/www.welovecycling.com\/pl\/2016\/05\/17\/velo-torun-skoda-family-challenge-w-zz-auto-zlomanczuk\/#breadcrumb\"},\"inLanguage\":\"pl-PL\",\"potentialAction\":[{\"@type\":\"ReadAction\",\"target\":[\"https:\/\/www.welovecycling.com\/pl\/2016\/05\/17\/velo-torun-skoda-family-challenge-w-zz-auto-zlomanczuk\/\"]}]},{\"@type\":\"ImageObject\",\"inLanguage\":\"pl-PL\",\"@id\":\"https:\/\/www.welovecycling.com\/pl\/2016\/05\/17\/velo-torun-skoda-family-challenge-w-zz-auto-zlomanczuk\/#primaryimage\",\"url\":\"https:\/\/d2p6e6u75xmxt8.cloudfront.net\/5\/2016\/05\/10-1.jpg\",\"contentUrl\":\"https:\/\/d2p6e6u75xmxt8.cloudfront.net\/5\/2016\/05\/10-1.jpg\",\"width\":5184,\"height\":3456},{\"@type\":\"BreadcrumbList\",\"@id\":\"https:\/\/www.welovecycling.com\/pl\/2016\/05\/17\/velo-torun-skoda-family-challenge-w-zz-auto-zlomanczuk\/#breadcrumb\",\"itemListElement\":[{\"@type\":\"ListItem\",\"position\":1,\"name\":\"Home\",\"item\":\"https:\/\/www.welovecycling.com\/pl\/\"},{\"@type\":\"ListItem\",\"position\":2,\"name\":\"Velo Toru\u0144: \u0160koda Family Challenge w Z&amp;Z Auto Z\u0142oma\u0144czuk\"}]},{\"@type\":\"WebSite\",\"@id\":\"https:\/\/www.welovecycling.com\/pl\/#website\",\"url\":\"https:\/\/www.welovecycling.com\/pl\/\",\"name\":\"\u0160koda We Love Cycling - Poland\",\"description\":\"\",\"potentialAction\":[{\"@type\":\"SearchAction\",\"target\":{\"@type\":\"EntryPoint\",\"urlTemplate\":\"https:\/\/www.welovecycling.com\/pl\/?s={search_term_string}\"},\"query-input\":{\"@type\":\"PropertyValueSpecification\",\"valueRequired\":true,\"valueName\":\"search_term_string\"}}],\"inLanguage\":\"pl-PL\"},{\"@type\":\"Person\",\"@id\":\"https:\/\/www.welovecycling.com\/pl\/#\/schema\/person\/e5187c9cac8dd619ebc7b41bd73c2fd9\",\"name\":\"WeLoveCycling\",\"image\":{\"@type\":\"ImageObject\",\"inLanguage\":\"pl-PL\",\"@id\":\"https:\/\/www.welovecycling.com\/pl\/#\/schema\/person\/image\/\",\"url\":\"https:\/\/secure.gravatar.com\/avatar\/7e1ee0ecc5e294b19ef32b9f6086e0afbb9da00c3cb0d465ba4695331f4a9187?s=96&d=mm&r=g\",\"contentUrl\":\"https:\/\/secure.gravatar.com\/avatar\/7e1ee0ecc5e294b19ef32b9f6086e0afbb9da00c3cb0d465ba4695331f4a9187?s=96&d=mm&r=g\",\"caption\":\"WeLoveCycling\"},\"url\":\"https:\/\/www.welovecycling.com\/pl\/author\/lukascech\/\"}]}<\/script>\n<!-- \/ Yoast SEO Premium plugin. -->","yoast_head_json":{"title":"Velo Toru\u0144: \u0160koda Family Challenge w Z&amp;Z Auto Z\u0142oma\u0144czuk - \u0160koda We Love Cycling - Poland","robots":{"index":"index","follow":"follow","max-snippet":"max-snippet:-1","max-image-preview":"max-image-preview:large","max-video-preview":"max-video-preview:-1"},"canonical":"https:\/\/www.welovecycling.com\/pl\/2016\/05\/17\/velo-torun-skoda-family-challenge-w-zz-auto-zlomanczuk\/","og_locale":"pl_PL","og_type":"article","og_title":"Velo Toru\u0144: \u0160koda Family Challenge w Z&amp;Z Auto Z\u0142oma\u0144czuk","og_description":"Pi\u0119kne majowe s\u0142o\u0144ce, ponad 20\u00b0C w cieniu i prawie 2000 rower\u00f3w na starcie Velo Toru\u0144 2016. To ju\u017c drugie z [&hellip;]","og_url":"https:\/\/www.welovecycling.com\/pl\/2016\/05\/17\/velo-torun-skoda-family-challenge-w-zz-auto-zlomanczuk\/","og_site_name":"\u0160koda We Love Cycling - Poland","article_published_time":"2016-05-17T16:11:51+00:00","article_modified_time":"2016-12-05T08:53:50+00:00","og_image":[{"width":1024,"height":683,"url":"https:\/\/d2p6e6u75xmxt8.cloudfront.net\/5\/2016\/05\/10-1-1024x683.jpg","type":"image\/jpeg"}],"author":"WeLoveCycling","twitter_card":"summary_large_image","twitter_misc":{"Written by":"WeLoveCycling","Est. reading time":"2 minutes"},"schema":{"@context":"https:\/\/schema.org","@graph":[{"@type":"WebPage","@id":"https:\/\/www.welovecycling.com\/pl\/2016\/05\/17\/velo-torun-skoda-family-challenge-w-zz-auto-zlomanczuk\/","url":"https:\/\/www.welovecycling.com\/pl\/2016\/05\/17\/velo-torun-skoda-family-challenge-w-zz-auto-zlomanczuk\/","name":"Velo Toru\u0144: \u0160koda Family Challenge w Z&amp;Z Auto Z\u0142oma\u0144czuk - \u0160koda We Love Cycling - Poland","isPartOf":{"@id":"https:\/\/www.welovecycling.com\/pl\/#website"},"primaryImageOfPage":{"@id":"https:\/\/www.welovecycling.com\/pl\/2016\/05\/17\/velo-torun-skoda-family-challenge-w-zz-auto-zlomanczuk\/#primaryimage"},"image":{"@id":"https:\/\/www.welovecycling.com\/pl\/2016\/05\/17\/velo-torun-skoda-family-challenge-w-zz-auto-zlomanczuk\/#primaryimage"},"thumbnailUrl":"https:\/\/d2p6e6u75xmxt8.cloudfront.net\/5\/2016\/05\/10-1.jpg","datePublished":"2016-05-17T16:11:51+00:00","dateModified":"2016-12-05T08:53:50+00:00","author":{"@id":"https:\/\/www.welovecycling.com\/pl\/#\/schema\/person\/e5187c9cac8dd619ebc7b41bd73c2fd9"},"breadcrumb":{"@id":"https:\/\/www.welovecycling.com\/pl\/2016\/05\/17\/velo-torun-skoda-family-challenge-w-zz-auto-zlomanczuk\/#breadcrumb"},"inLanguage":"pl-PL","potentialAction":[{"@type":"ReadAction","target":["https:\/\/www.welovecycling.com\/pl\/2016\/05\/17\/velo-torun-skoda-family-challenge-w-zz-auto-zlomanczuk\/"]}]},{"@type":"ImageObject","inLanguage":"pl-PL","@id":"https:\/\/www.welovecycling.com\/pl\/2016\/05\/17\/velo-torun-skoda-family-challenge-w-zz-auto-zlomanczuk\/#primaryimage","url":"https:\/\/d2p6e6u75xmxt8.cloudfront.net\/5\/2016\/05\/10-1.jpg","contentUrl":"https:\/\/d2p6e6u75xmxt8.cloudfront.net\/5\/2016\/05\/10-1.jpg","width":5184,"height":3456},{"@type":"BreadcrumbList","@id":"https:\/\/www.welovecycling.com\/pl\/2016\/05\/17\/velo-torun-skoda-family-challenge-w-zz-auto-zlomanczuk\/#breadcrumb","itemListElement":[{"@type":"ListItem","position":1,"name":"Home","item":"https:\/\/www.welovecycling.com\/pl\/"},{"@type":"ListItem","position":2,"name":"Velo Toru\u0144: \u0160koda Family Challenge w Z&amp;Z Auto Z\u0142oma\u0144czuk"}]},{"@type":"WebSite","@id":"https:\/\/www.welovecycling.com\/pl\/#website","url":"https:\/\/www.welovecycling.com\/pl\/","name":"\u0160koda We Love Cycling - Poland","description":"","potentialAction":[{"@type":"SearchAction","target":{"@type":"EntryPoint","urlTemplate":"https:\/\/www.welovecycling.com\/pl\/?s={search_term_string}"},"query-input":{"@type":"PropertyValueSpecification","valueRequired":true,"valueName":"search_term_string"}}],"inLanguage":"pl-PL"},{"@type":"Person","@id":"https:\/\/www.welovecycling.com\/pl\/#\/schema\/person\/e5187c9cac8dd619ebc7b41bd73c2fd9","name":"WeLoveCycling","image":{"@type":"ImageObject","inLanguage":"pl-PL","@id":"https:\/\/www.welovecycling.com\/pl\/#\/schema\/person\/image\/","url":"https:\/\/secure.gravatar.com\/avatar\/7e1ee0ecc5e294b19ef32b9f6086e0afbb9da00c3cb0d465ba4695331f4a9187?s=96&d=mm&r=g","contentUrl":"https:\/\/secure.gravatar.com\/avatar\/7e1ee0ecc5e294b19ef32b9f6086e0afbb9da00c3cb0d465ba4695331f4a9187?s=96&d=mm&r=g","caption":"WeLoveCycling"},"url":"https:\/\/www.welovecycling.com\/pl\/author\/lukascech\/"}]}},"_links":{"self":[{"href":"https:\/\/www.welovecycling.com\/pl\/wp-json\/wp\/v2\/posts\/1061","targetHints":{"allow":["GET"]}}],"collection":[{"href":"https:\/\/www.welovecycling.com\/pl\/wp-json\/wp\/v2\/posts"}],"about":[{"href":"https:\/\/www.welovecycling.com\/pl\/wp-json\/wp\/v2\/types\/post"}],"author":[{"embeddable":true,"href":"https:\/\/www.welovecycling.com\/pl\/wp-json\/wp\/v2\/users\/1"}],"replies":[{"embeddable":true,"href":"https:\/\/www.welovecycling.com\/pl\/wp-json\/wp\/v2\/comments?post=1061"}],"version-history":[{"count":1,"href":"https:\/\/www.welovecycling.com\/pl\/wp-json\/wp\/v2\/posts\/1061\/revisions"}],"predecessor-version":[{"id":2462,"href":"https:\/\/www.welovecycling.com\/pl\/wp-json\/wp\/v2\/posts\/1061\/revisions\/2462"}],"wp:featuredmedia":[{"embeddable":true,"href":"https:\/\/www.welovecycling.com\/pl\/wp-json\/wp\/v2\/media\/1094"}],"wp:attachment":[{"href":"https:\/\/www.welovecycling.com\/pl\/wp-json\/wp\/v2\/media?parent=1061"}],"wp:term":[{"taxonomy":"category","embeddable":true,"href":"https:\/\/www.welovecycling.com\/pl\/wp-json\/wp\/v2\/categories?post=1061"},{"taxonomy":"post_tag","embeddable":true,"href":"https:\/\/www.welovecycling.com\/pl\/wp-json\/wp\/v2\/tags?post=1061"},{"taxonomy":"global-categories","embeddable":true,"href":"https:\/\/www.welovecycling.com\/pl\/wp-json\/wp\/v2\/global-categories?post=1061"}],"curies":[{"name":"wp","href":"https:\/\/api.w.org\/{rel}","templated":true}]}}