{"id":10565,"date":"2020-04-20T12:53:17","date_gmt":"2020-04-20T12:53:17","guid":{"rendered":"https:\/\/www.welovecycling.com\/pl\/?p=10565"},"modified":"2020-04-20T12:53:17","modified_gmt":"2020-04-20T12:53:17","slug":"oszukal-przeznaczenie-ale-dlugo-byl-najbardziej-niespelnionym-kolarzem","status":"publish","type":"post","link":"https:\/\/www.welovecycling.com\/pl\/2020\/04\/20\/oszukal-przeznaczenie-ale-dlugo-byl-najbardziej-niespelnionym-kolarzem\/","title":{"rendered":"Oszuka\u0142 przeznaczenie! Ale d\u0142ugo by\u0142 najbardziej niespe\u0142nionym kolarzem\u2026"},"content":{"rendered":"<p><strong>\u201eWiecznie drugi\u201d &#8211; taki przydomek z u\u015bmiechem zacz\u0119li nadawa\u0107 mu Francuzi, jednak zemsta na nich by\u0142a wyj\u0105tkowa s\u0142odka&#8230; Joop Zoetemelk m\u00f3g\u0142by by\u0107 podejrzewany o podpisanie kolarskiego paktu z diab\u0142em, gdyby nie 1980 rok.<\/strong><\/p>\n<p>1970, 1971, 1976, 1978, 1979, 1982 \u2013 to mog\u0142y by\u0107 pi\u0119kne lata w \u017cyciorysie holenderskiego kolarza. Mog\u0142y, gdyby by\u0142 odrobin\u0119 szybszy. Gdyby wtedy zaj\u0105\u0142 pierwsze, a nie drugie miejsce, do dzi\u015b by\u0142by rekordzist\u0105 pod wzgl\u0119dem zwyci\u0119stw w Tour de France! Gdyby, gdyby, gdyby\u2026<\/p>\n<p>Joop Zoetemelk a\u017c sze\u015bciokrotnie (!) ko\u0144czy\u0142 klasyfikacj\u0119 Wielkiej P\u0119tli na drugim miejscu. Najpierw musia\u0142 uznawa\u0107 wy\u017cszo\u015b\u0107 wielkiego Eddy\u2019ego Merckxa, a p\u00f3\u017aniej znakomitego Bernarda Hinault. Dlatego do dzi\u015b trwa \u201egdybanie\u201d: co by by\u0142o, gdyby Zoetemelk nie urodzi\u0142 si\u0119 w erze hegemon\u00f3w Tour de France?<\/p>\n<h2><strong>Na rozgrzewk\u0119 \u0142y\u017cwy zamiast roweru<\/strong><\/h2>\n<p>Inna sprawa, \u017ce jego pi\u0119knej kariery kolarskiej w og\u00f3le mog\u0142oby nie by\u0107, gdyby pod\u0105\u017cy\u0142 \u015bladem wielu innych Holendr\u00f3w i zosta\u0142 \u0142y\u017cwiarzem. M\u0142ody Joop na tafli radzi\u0142 sobie ca\u0142kiem obiecuj\u0105co, a jako m\u0142odzieniec wygrywa\u0142 nawet mistrzostwa regionu w \u0142y\u017cwiarstwie szybkim.<\/p>\n<p>Za kolarstwo na powa\u017cnie wzi\u0105\u0142 si\u0119 dopiero po osi\u0105gni\u0119ciu pe\u0142noletno\u015bci, ale szybko zacz\u0105\u0142 zostawia\u0107 r\u00f3wie\u015bnik\u00f3w za plecami. W wieku 22 lat by\u0142 ju\u017c na tyle mocny, \u017ce pojecha\u0142 w holenderskiej ekipie, kt\u00f3ra w 1968 roku w Meksyku zdoby\u0142a z\u0142oty medal olimpijski w je\u017adzie dru\u017cynowej na czas!<\/p>\n<p>Trzy lata p\u00f3\u017aniej przekona\u0142 si\u0119, jak to jest jecha\u0107 w \u017c\u00f3\u0142tej koszulce lidera Wielkiej P\u0119tli i pewnie marzy\u0142, by kiedy\u015b zaprezentowa\u0107 si\u0119 w niej na Polach Elizejskich. Wtedy jednak nie spodziewa\u0142 si\u0119, \u017ce a\u017c tyle razy obejdzie si\u0119 smakiem.<\/p>\n<h2><strong>Cudem umkn\u0105\u0142 \u015bmierci<\/strong><\/h2>\n<p>W drodze po wygranie Tour de France \u017cycie go nie rozpieszcza\u0142o. W 1974 r. zderzy\u0142 si\u0119 z samochodem na mecie jednego z wy\u015bcig\u00f3w. Mia\u0142 pogruchotan\u0105 czaszk\u0119 i cudem unikn\u0105\u0142 \u015bmierci. Rok p\u00f3\u017aniej zn\u00f3w sta\u0142 na starcie, ale ponownie musia\u0142 wycofywa\u0107 si\u0119, tym razem z powodu zapalenia opon m\u00f3zgowych.<\/p>\n<p>Czas ucieka\u0142, a wygranie najwi\u0119kszego wy\u015bcigu \u015bwiata wci\u0105\u017c znajdowa\u0142o si\u0119 tylko w sferze marze\u0144. Gdy przerwana zosta\u0142a hegemonia Merckxa, do g\u0142osu doszli Francuzi. Wyg\u0142odniali sukces\u00f3w po latach posuchy spowodowanej zwyci\u0119stwami Belga oraz Hiszpana Luisa Ocany, planowali w Wielkiej P\u0119tli dominowa\u0107 latami. I zaliczyliby niemal dekad\u0119 nieprzerwanych zwyci\u0119stw, gdy plan\u00f3w nie pokrzy\u017cowa\u0142 im w\u0142a\u015bnie Zoetemelk.<\/p>\n<p>Holender straszy\u0142 Francuz\u00f3w od d\u0142u\u017cszego czasu. W 1978 r. ubiera\u0142 \u017c\u00f3\u0142t\u0105 koszulk\u0119 przez 6 etap\u00f3w, ale przegra\u0142 ko\u0144c\u00f3wk\u0119 z Hinaultem. Bardzo podobny scenariusz rozegra\u0142 si\u0119 rok p\u00f3\u017aniej, a Holendrowi na otarcie \u0142ez pozosta\u0142o zwyci\u0119stwo w Vuelta a Espana. A\u017c w ko\u0144cu nadszed\u0142 rok 1980, kt\u00f3ry sprawi\u0142, \u017ce Zoetemelk nie zosta\u0142 najbardziej niespe\u0142nionym zawodnikiem w historii Wielkiej P\u0119tli.<\/p>\n<h2><strong>Irytuj\u0105ce pytanie bez odpowiedzi<\/strong><\/h2>\n<p>Podczas tego wy\u015bcigu Holender wygra\u0142 dwa etapy. Prowadzenie obj\u0105\u0142 po 13. i nie odda\u0142 go ju\u017c do ko\u0144ca. Pytanie tylko, czy uda\u0142oby mu si\u0119 to zrobi\u0107, gdyby z rywalizacji nie wycofa\u0142 si\u0119 Hinault, kt\u00f3ry do tej pory by\u0142 liderem?<\/p>\n<p>Zoetemelk nie znosi tych rozwa\u017ca\u0144, bo nie do\u015b\u0107, \u017ce na wygran\u0105 w Tour de France czeka\u0142 tak d\u0142ugo, to jeszcze eksperci pr\u00f3buj\u0105 podwa\u017ca\u0107, czy aby na pewno by\u0142 wtedy najmocniejszym zawodnikiem. Dla Holendra najwa\u017cniejsze by\u0142o, \u017ce przej\u0105\u0142 koszulk\u0119, dowi\u00f3z\u0142 j\u0105 na Pola Elizejskie i tym samym przerwa\u0142 seri\u0119 zwyci\u0119stw Francuz\u00f3w.<\/p>\n<p>I cho\u0107 Zoetemelk tylko raz wygra\u0142 Tour de France, to do dzi\u015b jest jednym z najwa\u017cniejszych zawodnik\u00f3w w historii tego wy\u015bcigu. \u0141\u0105cznie sp\u0119dzi\u0142 22 dni w \u017c\u00f3\u0142tej koszulce lidera, wygra\u0142 10 etap\u00f3w. Jako pierwszy jecha\u0142 te\u017c w koszulce w grochy dla najlepszego kolarza g\u00f3rskiego.<\/p>\n<p>Niemal na zako\u0144czenie kariery, w wielu 38 lat zosta\u0142 mistrzem \u015bwiata i do dzi\u015b uznawany jest za najlepszego zawodnika w historii holenderskiego kolarstwa. Na jego cze\u015b\u0107 co roku odbywa si\u0119 wy\u015bcig, kt\u00f3ry przeje\u017cd\u017ca obok pomnika Zoetemelka w jego rodzinnym Rijpwetering.<\/p>\n<p><span data-sheets-value=\"{&quot;1&quot;:2,&quot;2&quot;:&quot;Artyku\u0142 powsta\u0142 we wsp\u00f3\u0142pracy ze skoda-auto.pl&quot;}\" data-sheets-userformat=\"{&quot;2&quot;:1,&quot;3&quot;:{&quot;1&quot;:0}}\" data-sheets-hyperlink=\"http:\/\/www.skoda-auto.pl\/\"><a class=\"in-cell-link\" href=\"http:\/\/www.skoda-auto.pl\/\" target=\"_blank\" rel=\"noopener\">Artyku\u0142 powsta\u0142 we wsp\u00f3\u0142pracy ze skoda-auto.pl<\/a><\/span><\/p>\n<p>&nbsp;<\/p>\n<p><a href=\"https:\/\/www.skoda-auto.pl\/modele\/karoq\">\u00a0<\/a><a href=\"https:\/\/www.skoda-auto.pl\/modele\/kodiaq\"><img loading=\"lazy\" decoding=\"async\" class=\"aligncenter wp-image-9607 size-full\" src=\"https:\/\/d2p6e6u75xmxt8.cloudfront.net\/5\/2019\/08\/baner_WLC_640x350_2.png\" alt=\"\" width=\"640\" height=\"350\" srcset=\"https:\/\/d2p6e6u75xmxt8.cloudfront.net\/5\/2019\/08\/baner_WLC_640x350_2.png 640w, https:\/\/d2p6e6u75xmxt8.cloudfront.net\/5\/2019\/08\/baner_WLC_640x350_2-300x164.png 300w\" sizes=\"auto, (max-width: 640px) 100vw, 640px\" \/><\/a><\/p>\n<p>&nbsp;<\/p>\n<p>&nbsp;<\/p>\n","protected":false},"excerpt":{"rendered":"<p>\u201eWiecznie drugi\u201d &#8211; taki przydomek z u\u015bmiechem zacz\u0119li nadawa\u0107 mu Francuzi, jednak zemsta na nich by\u0142a wyj\u0105tkowa s\u0142odka&#8230; Joop Zoetemelk [&hellip;]<\/p>\n","protected":false},"author":125,"featured_media":10570,"comment_status":"open","ping_status":"open","sticky":false,"template":"","format":"standard","meta":{"footnotes":""},"categories":[325],"tags":[],"global-categories":[303],"class_list":["post-10565","post","type-post","status-publish","format-standard","has-post-thumbnail","hentry","category-historia","global-categories-cycling"],"yoast_head":"<!-- This site is optimized with the Yoast SEO Premium plugin v25.3 (Yoast SEO v25.9) - https:\/\/yoast.com\/wordpress\/plugins\/seo\/ -->\n<title>Oszuka\u0142 przeznaczenie! Ale d\u0142ugo by\u0142 najbardziej niespe\u0142nionym kolarzem\u2026 - \u0160koda We Love Cycling - Poland<\/title>\n<meta name=\"description\" content=\"\u201eWiecznie drugi\u201d - taki przydomek z u\u015bmiechem zacz\u0119li nadawa\u0107 mu Francuzi, jednak zemsta na nich by\u0142a wyj\u0105tkowa s\u0142odka... Joop Zoetemelk m\u00f3g\u0142by by\u0107 podejrzewany o podpisanie kolarskiego paktu z diab\u0142em, gdyby nie 1980 rok.\" \/>\n<meta name=\"robots\" content=\"index, follow, max-snippet:-1, max-image-preview:large, max-video-preview:-1\" \/>\n<link rel=\"canonical\" href=\"https:\/\/www.welovecycling.com\/pl\/2020\/04\/20\/oszukal-przeznaczenie-ale-dlugo-byl-najbardziej-niespelnionym-kolarzem\/\" \/>\n<meta property=\"og:locale\" content=\"pl_PL\" \/>\n<meta property=\"og:type\" content=\"article\" \/>\n<meta property=\"og:title\" content=\"Oszuka\u0142 przeznaczenie! Ale d\u0142ugo by\u0142 najbardziej niespe\u0142nionym kolarzem\u2026\" \/>\n<meta property=\"og:description\" content=\"\u201eWiecznie drugi\u201d - taki przydomek z u\u015bmiechem zacz\u0119li nadawa\u0107 mu Francuzi, jednak zemsta na nich by\u0142a wyj\u0105tkowa s\u0142odka... Joop Zoetemelk m\u00f3g\u0142by by\u0107 podejrzewany o podpisanie kolarskiego paktu z diab\u0142em, gdyby nie 1980 rok.\" \/>\n<meta property=\"og:url\" content=\"https:\/\/www.welovecycling.com\/pl\/2020\/04\/20\/oszukal-przeznaczenie-ale-dlugo-byl-najbardziej-niespelnionym-kolarzem\/\" \/>\n<meta property=\"og:site_name\" content=\"\u0160koda We Love Cycling - Poland\" \/>\n<meta property=\"article:published_time\" content=\"2020-04-20T12:53:17+00:00\" \/>\n<meta property=\"og:image\" content=\"https:\/\/d2p6e6u75xmxt8.cloudfront.net\/5\/2020\/04\/Beryl-Burton-racing.jpg\" \/>\n\t<meta property=\"og:image:width\" content=\"1024\" \/>\n\t<meta property=\"og:image:height\" content=\"673\" \/>\n\t<meta property=\"og:image:type\" content=\"image\/jpeg\" \/>\n<meta name=\"author\" content=\"oktawiamikulska\" \/>\n<meta name=\"twitter:card\" content=\"summary_large_image\" \/>\n<meta name=\"twitter:label1\" content=\"Written by\" \/>\n\t<meta name=\"twitter:data1\" content=\"Piotr Nowik\" \/>\n\t<meta name=\"twitter:label2\" content=\"Est. reading time\" \/>\n\t<meta name=\"twitter:data2\" content=\"3 minutes\" \/>\n<script type=\"application\/ld+json\" class=\"yoast-schema-graph\">{\"@context\":\"https:\/\/schema.org\",\"@graph\":[{\"@type\":\"WebPage\",\"@id\":\"https:\/\/www.welovecycling.com\/pl\/2020\/04\/20\/oszukal-przeznaczenie-ale-dlugo-byl-najbardziej-niespelnionym-kolarzem\/\",\"url\":\"https:\/\/www.welovecycling.com\/pl\/2020\/04\/20\/oszukal-przeznaczenie-ale-dlugo-byl-najbardziej-niespelnionym-kolarzem\/\",\"name\":\"Oszuka\u0142 przeznaczenie! Ale d\u0142ugo by\u0142 najbardziej niespe\u0142nionym kolarzem\u2026 - \u0160koda We Love Cycling - Poland\",\"isPartOf\":{\"@id\":\"https:\/\/www.welovecycling.com\/pl\/#website\"},\"primaryImageOfPage\":{\"@id\":\"https:\/\/www.welovecycling.com\/pl\/2020\/04\/20\/oszukal-przeznaczenie-ale-dlugo-byl-najbardziej-niespelnionym-kolarzem\/#primaryimage\"},\"image\":{\"@id\":\"https:\/\/www.welovecycling.com\/pl\/2020\/04\/20\/oszukal-przeznaczenie-ale-dlugo-byl-najbardziej-niespelnionym-kolarzem\/#primaryimage\"},\"thumbnailUrl\":\"https:\/\/d2p6e6u75xmxt8.cloudfront.net\/5\/2020\/04\/Beryl-Burton-racing.jpg\",\"datePublished\":\"2020-04-20T12:53:17+00:00\",\"author\":{\"@id\":\"https:\/\/www.welovecycling.com\/pl\/#\/schema\/person\/4a79bac7bd265aa6a35a1079d36648be\"},\"description\":\"\u201eWiecznie drugi\u201d - taki przydomek z u\u015bmiechem zacz\u0119li nadawa\u0107 mu Francuzi, jednak zemsta na nich by\u0142a wyj\u0105tkowa s\u0142odka... Joop Zoetemelk m\u00f3g\u0142by by\u0107 podejrzewany o podpisanie kolarskiego paktu z diab\u0142em, gdyby nie 1980 rok.\",\"breadcrumb\":{\"@id\":\"https:\/\/www.welovecycling.com\/pl\/2020\/04\/20\/oszukal-przeznaczenie-ale-dlugo-byl-najbardziej-niespelnionym-kolarzem\/#breadcrumb\"},\"inLanguage\":\"pl-PL\",\"potentialAction\":[{\"@type\":\"ReadAction\",\"target\":[\"https:\/\/www.welovecycling.com\/pl\/2020\/04\/20\/oszukal-przeznaczenie-ale-dlugo-byl-najbardziej-niespelnionym-kolarzem\/\"]}]},{\"@type\":\"ImageObject\",\"inLanguage\":\"pl-PL\",\"@id\":\"https:\/\/www.welovecycling.com\/pl\/2020\/04\/20\/oszukal-przeznaczenie-ale-dlugo-byl-najbardziej-niespelnionym-kolarzem\/#primaryimage\",\"url\":\"https:\/\/d2p6e6u75xmxt8.cloudfront.net\/5\/2020\/04\/Beryl-Burton-racing.jpg\",\"contentUrl\":\"https:\/\/d2p6e6u75xmxt8.cloudfront.net\/5\/2020\/04\/Beryl-Burton-racing.jpg\",\"width\":1024,\"height\":673},{\"@type\":\"BreadcrumbList\",\"@id\":\"https:\/\/www.welovecycling.com\/pl\/2020\/04\/20\/oszukal-przeznaczenie-ale-dlugo-byl-najbardziej-niespelnionym-kolarzem\/#breadcrumb\",\"itemListElement\":[{\"@type\":\"ListItem\",\"position\":1,\"name\":\"Home\",\"item\":\"https:\/\/www.welovecycling.com\/pl\/\"},{\"@type\":\"ListItem\",\"position\":2,\"name\":\"Oszuka\u0142 przeznaczenie! Ale d\u0142ugo by\u0142 najbardziej niespe\u0142nionym kolarzem\u2026\"}]},{\"@type\":\"WebSite\",\"@id\":\"https:\/\/www.welovecycling.com\/pl\/#website\",\"url\":\"https:\/\/www.welovecycling.com\/pl\/\",\"name\":\"\u0160koda We Love Cycling - Poland\",\"description\":\"\",\"potentialAction\":[{\"@type\":\"SearchAction\",\"target\":{\"@type\":\"EntryPoint\",\"urlTemplate\":\"https:\/\/www.welovecycling.com\/pl\/?s={search_term_string}\"},\"query-input\":{\"@type\":\"PropertyValueSpecification\",\"valueRequired\":true,\"valueName\":\"search_term_string\"}}],\"inLanguage\":\"pl-PL\"},{\"@type\":\"Person\",\"@id\":\"https:\/\/www.welovecycling.com\/pl\/#\/schema\/person\/4a79bac7bd265aa6a35a1079d36648be\",\"name\":\"oktawiamikulska\",\"image\":{\"@type\":\"ImageObject\",\"inLanguage\":\"pl-PL\",\"@id\":\"https:\/\/www.welovecycling.com\/pl\/#\/schema\/person\/image\/\",\"url\":\"https:\/\/secure.gravatar.com\/avatar\/b97a3f44e2de6d2f8dd358975937e49823662e12cbd810b9d1a2bff1c149e8a7?s=96&d=mm&r=g\",\"contentUrl\":\"https:\/\/secure.gravatar.com\/avatar\/b97a3f44e2de6d2f8dd358975937e49823662e12cbd810b9d1a2bff1c149e8a7?s=96&d=mm&r=g\",\"caption\":\"oktawiamikulska\"},\"url\":\"https:\/\/www.welovecycling.com\/pl\/author\/oktawiamikulska\/\"}]}<\/script>\n<!-- \/ Yoast SEO Premium plugin. -->","yoast_head_json":{"title":"Oszuka\u0142 przeznaczenie! Ale d\u0142ugo by\u0142 najbardziej niespe\u0142nionym kolarzem\u2026 - \u0160koda We Love Cycling - Poland","description":"\u201eWiecznie drugi\u201d - taki przydomek z u\u015bmiechem zacz\u0119li nadawa\u0107 mu Francuzi, jednak zemsta na nich by\u0142a wyj\u0105tkowa s\u0142odka... Joop Zoetemelk m\u00f3g\u0142by by\u0107 podejrzewany o podpisanie kolarskiego paktu z diab\u0142em, gdyby nie 1980 rok.","robots":{"index":"index","follow":"follow","max-snippet":"max-snippet:-1","max-image-preview":"max-image-preview:large","max-video-preview":"max-video-preview:-1"},"canonical":"https:\/\/www.welovecycling.com\/pl\/2020\/04\/20\/oszukal-przeznaczenie-ale-dlugo-byl-najbardziej-niespelnionym-kolarzem\/","og_locale":"pl_PL","og_type":"article","og_title":"Oszuka\u0142 przeznaczenie! Ale d\u0142ugo by\u0142 najbardziej niespe\u0142nionym kolarzem\u2026","og_description":"\u201eWiecznie drugi\u201d - taki przydomek z u\u015bmiechem zacz\u0119li nadawa\u0107 mu Francuzi, jednak zemsta na nich by\u0142a wyj\u0105tkowa s\u0142odka... Joop Zoetemelk m\u00f3g\u0142by by\u0107 podejrzewany o podpisanie kolarskiego paktu z diab\u0142em, gdyby nie 1980 rok.","og_url":"https:\/\/www.welovecycling.com\/pl\/2020\/04\/20\/oszukal-przeznaczenie-ale-dlugo-byl-najbardziej-niespelnionym-kolarzem\/","og_site_name":"\u0160koda We Love Cycling - Poland","article_published_time":"2020-04-20T12:53:17+00:00","og_image":[{"width":1024,"height":673,"url":"https:\/\/d2p6e6u75xmxt8.cloudfront.net\/5\/2020\/04\/Beryl-Burton-racing.jpg","type":"image\/jpeg"}],"author":"oktawiamikulska","twitter_card":"summary_large_image","twitter_misc":{"Written by":"Piotr Nowik","Est. reading time":"3 minutes"},"schema":{"@context":"https:\/\/schema.org","@graph":[{"@type":"WebPage","@id":"https:\/\/www.welovecycling.com\/pl\/2020\/04\/20\/oszukal-przeznaczenie-ale-dlugo-byl-najbardziej-niespelnionym-kolarzem\/","url":"https:\/\/www.welovecycling.com\/pl\/2020\/04\/20\/oszukal-przeznaczenie-ale-dlugo-byl-najbardziej-niespelnionym-kolarzem\/","name":"Oszuka\u0142 przeznaczenie! Ale d\u0142ugo by\u0142 najbardziej niespe\u0142nionym kolarzem\u2026 - \u0160koda We Love Cycling - Poland","isPartOf":{"@id":"https:\/\/www.welovecycling.com\/pl\/#website"},"primaryImageOfPage":{"@id":"https:\/\/www.welovecycling.com\/pl\/2020\/04\/20\/oszukal-przeznaczenie-ale-dlugo-byl-najbardziej-niespelnionym-kolarzem\/#primaryimage"},"image":{"@id":"https:\/\/www.welovecycling.com\/pl\/2020\/04\/20\/oszukal-przeznaczenie-ale-dlugo-byl-najbardziej-niespelnionym-kolarzem\/#primaryimage"},"thumbnailUrl":"https:\/\/d2p6e6u75xmxt8.cloudfront.net\/5\/2020\/04\/Beryl-Burton-racing.jpg","datePublished":"2020-04-20T12:53:17+00:00","author":{"@id":"https:\/\/www.welovecycling.com\/pl\/#\/schema\/person\/4a79bac7bd265aa6a35a1079d36648be"},"description":"\u201eWiecznie drugi\u201d - taki przydomek z u\u015bmiechem zacz\u0119li nadawa\u0107 mu Francuzi, jednak zemsta na nich by\u0142a wyj\u0105tkowa s\u0142odka... Joop Zoetemelk m\u00f3g\u0142by by\u0107 podejrzewany o podpisanie kolarskiego paktu z diab\u0142em, gdyby nie 1980 rok.","breadcrumb":{"@id":"https:\/\/www.welovecycling.com\/pl\/2020\/04\/20\/oszukal-przeznaczenie-ale-dlugo-byl-najbardziej-niespelnionym-kolarzem\/#breadcrumb"},"inLanguage":"pl-PL","potentialAction":[{"@type":"ReadAction","target":["https:\/\/www.welovecycling.com\/pl\/2020\/04\/20\/oszukal-przeznaczenie-ale-dlugo-byl-najbardziej-niespelnionym-kolarzem\/"]}]},{"@type":"ImageObject","inLanguage":"pl-PL","@id":"https:\/\/www.welovecycling.com\/pl\/2020\/04\/20\/oszukal-przeznaczenie-ale-dlugo-byl-najbardziej-niespelnionym-kolarzem\/#primaryimage","url":"https:\/\/d2p6e6u75xmxt8.cloudfront.net\/5\/2020\/04\/Beryl-Burton-racing.jpg","contentUrl":"https:\/\/d2p6e6u75xmxt8.cloudfront.net\/5\/2020\/04\/Beryl-Burton-racing.jpg","width":1024,"height":673},{"@type":"BreadcrumbList","@id":"https:\/\/www.welovecycling.com\/pl\/2020\/04\/20\/oszukal-przeznaczenie-ale-dlugo-byl-najbardziej-niespelnionym-kolarzem\/#breadcrumb","itemListElement":[{"@type":"ListItem","position":1,"name":"Home","item":"https:\/\/www.welovecycling.com\/pl\/"},{"@type":"ListItem","position":2,"name":"Oszuka\u0142 przeznaczenie! Ale d\u0142ugo by\u0142 najbardziej niespe\u0142nionym kolarzem\u2026"}]},{"@type":"WebSite","@id":"https:\/\/www.welovecycling.com\/pl\/#website","url":"https:\/\/www.welovecycling.com\/pl\/","name":"\u0160koda We Love Cycling - Poland","description":"","potentialAction":[{"@type":"SearchAction","target":{"@type":"EntryPoint","urlTemplate":"https:\/\/www.welovecycling.com\/pl\/?s={search_term_string}"},"query-input":{"@type":"PropertyValueSpecification","valueRequired":true,"valueName":"search_term_string"}}],"inLanguage":"pl-PL"},{"@type":"Person","@id":"https:\/\/www.welovecycling.com\/pl\/#\/schema\/person\/4a79bac7bd265aa6a35a1079d36648be","name":"oktawiamikulska","image":{"@type":"ImageObject","inLanguage":"pl-PL","@id":"https:\/\/www.welovecycling.com\/pl\/#\/schema\/person\/image\/","url":"https:\/\/secure.gravatar.com\/avatar\/b97a3f44e2de6d2f8dd358975937e49823662e12cbd810b9d1a2bff1c149e8a7?s=96&d=mm&r=g","contentUrl":"https:\/\/secure.gravatar.com\/avatar\/b97a3f44e2de6d2f8dd358975937e49823662e12cbd810b9d1a2bff1c149e8a7?s=96&d=mm&r=g","caption":"oktawiamikulska"},"url":"https:\/\/www.welovecycling.com\/pl\/author\/oktawiamikulska\/"}]}},"_links":{"self":[{"href":"https:\/\/www.welovecycling.com\/pl\/wp-json\/wp\/v2\/posts\/10565","targetHints":{"allow":["GET"]}}],"collection":[{"href":"https:\/\/www.welovecycling.com\/pl\/wp-json\/wp\/v2\/posts"}],"about":[{"href":"https:\/\/www.welovecycling.com\/pl\/wp-json\/wp\/v2\/types\/post"}],"author":[{"embeddable":true,"href":"https:\/\/www.welovecycling.com\/pl\/wp-json\/wp\/v2\/users\/125"}],"replies":[{"embeddable":true,"href":"https:\/\/www.welovecycling.com\/pl\/wp-json\/wp\/v2\/comments?post=10565"}],"version-history":[{"count":2,"href":"https:\/\/www.welovecycling.com\/pl\/wp-json\/wp\/v2\/posts\/10565\/revisions"}],"predecessor-version":[{"id":10571,"href":"https:\/\/www.welovecycling.com\/pl\/wp-json\/wp\/v2\/posts\/10565\/revisions\/10571"}],"wp:featuredmedia":[{"embeddable":true,"href":"https:\/\/www.welovecycling.com\/pl\/wp-json\/wp\/v2\/media\/10570"}],"wp:attachment":[{"href":"https:\/\/www.welovecycling.com\/pl\/wp-json\/wp\/v2\/media?parent=10565"}],"wp:term":[{"taxonomy":"category","embeddable":true,"href":"https:\/\/www.welovecycling.com\/pl\/wp-json\/wp\/v2\/categories?post=10565"},{"taxonomy":"post_tag","embeddable":true,"href":"https:\/\/www.welovecycling.com\/pl\/wp-json\/wp\/v2\/tags?post=10565"},{"taxonomy":"global-categories","embeddable":true,"href":"https:\/\/www.welovecycling.com\/pl\/wp-json\/wp\/v2\/global-categories?post=10565"}],"curies":[{"name":"wp","href":"https:\/\/api.w.org\/{rel}","templated":true}]}}