{"id":10539,"date":"2020-04-15T12:42:45","date_gmt":"2020-04-15T12:42:45","guid":{"rendered":"https:\/\/www.welovecycling.com\/pl\/?p=10539"},"modified":"2020-04-15T12:42:45","modified_gmt":"2020-04-15T12:42:45","slug":"tour-de-france-przelozone-znamy-nowy-termin-najwiekszego-wyscigu-swiata","status":"publish","type":"post","link":"https:\/\/www.welovecycling.com\/pl\/2020\/04\/15\/tour-de-france-przelozone-znamy-nowy-termin-najwiekszego-wyscigu-swiata\/","title":{"rendered":"Tour de France prze\u0142o\u017cone! Znamy nowy termin najwi\u0119kszego wy\u015bcigu \u015bwiata"},"content":{"rendered":"<p><strong>Spekulacji by\u0142o wiele, ale w\u0142a\u015bnie zosta\u0142y uci\u0119te \u2013 Tour de France zosta\u0142o prze\u0142o\u017cone i zamiast w lipcu, ma si\u0119 odby\u0107 w dniach 29 sierpnia \u2013 20 wrze\u015bnia. Tak p\u00f3\u017ano Wielka P\u0119tla jeszcze nigdy nie startowa\u0142a.<\/strong><\/p>\n<p>Najpierw planowano nie zmienia\u0107 terminu, nawet pod gro\u017ab\u0105 rozegranie wy\u015bcigu bez kibic\u00f3w. Ten pomys\u0142 jednak nikomu nie przypad\u0142 do gustu. \u201eMo\u017cemy jecha\u0107 nawet w listopadzie, byle przy trasie nie by\u0142o pusto\u201d \u2013 m\u00f3wili zawodnicy.<\/p>\n<p>W tej sytuacji zacz\u0119\u0142y pojawia\u0107 si\u0119 kolejne spekulacje, ale wiele wyja\u015bni\u0142o poniedzia\u0142kowe or\u0119dzie Emmanuela Macrona. Prezydent Francji zapowiedzia\u0142 m.in. zakaz organizacji imprez masowych do po\u0142owy lipca z powodu pandemii koronawirusa.<\/p>\n<blockquote><p><span style=\"font-size: 14pt;\">\u201ePo tym wyst\u0105pieniu, w porozumieniu z Mi\u0119dzynarodow\u0105 Uni\u0105 Kolarsk\u0105 (UCI), postanowili\u015bmy prze\u0142o\u017cy\u0107 Tour de France na 29 sierpnia &#8211; 20 wrze\u015bnia. Jeste\u015bmy w sta\u0142ym kontakcie i osi\u0105gn\u0119li\u015bmy porozumienie ze wszystkimi zaanga\u017cowanymi stronami, od spo\u0142eczno\u015bci lokalnych po w\u0142adze publiczne\u201d \u2013 poinformowali organizatorzy Tour de France.<\/span><\/p><\/blockquote>\n<p>&#8211; Najpierw my\u015bleli\u015bmy, \u017ceby wy\u015bcig zacz\u0105\u0142 si\u0119 na pocz\u0105tku sierpnia, ale szybko uznali\u015bmy, \u017ce musi si\u0119 to jednak sta\u0107 jak najp\u00f3\u017aniej. Zawodnicy powinni bowiem mie\u0107 co najmniej dwa miesi\u0105ce na przygotowania \u2013 m\u00f3wi dyrektor wy\u015bcigu Christian Prudhomme i dodaje, \u017ce Tour de France jeszcze nigdy nie jecha\u0142 tak p\u00f3\u017ano.<\/p>\n<div class=\"embed-controller-wrapper\">\n<blockquote class=\"twitter-tweet\" data-width=\"500\" data-dnt=\"true\">\n<p lang=\"fr\" dir=\"ltr\">\ud83e\udd42 Champagne for @TeamINEOS ! &#8230; And <a href=\"https:\/\/twitter.com\/petosagan?ref_src=twsrc%5Etfw\">@petosagan<\/a>! \ud83d\ude04<\/p>\n<p>\ud83e\udd42 Champagne pour l&#39;\u00e9quipe Ineos ! &#8230; Et Peter Sagan ! \ud83d\ude04 <a href=\"https:\/\/t.co\/itkJ2j3iJ5\">pic.twitter.com\/itkJ2j3iJ5<\/a><\/p>\n<p>&mdash; Tour de France\u2122 (@LeTour) <a href=\"https:\/\/twitter.com\/LeTour\/status\/1155515020379402240?ref_src=twsrc%5Etfw\">July 28, 2019<\/a><\/p><\/blockquote>\n<p><script async data-src=\"https:\/\/platform.twitter.com\/widgets.js\" charset=\"utf-8\"><\/script><\/div>\n<div class=\"CallToAction-chevron\" data-scribe=\"element:cta_chevron\"><\/div>\n<p>Organizatorzy Wielkiej P\u0119tli podkre\u015blaj\u0105 r\u00f3wnie\u017c, \u017ce trasa znacz\u0105co si\u0119 nie zmieni, wi\u0119c wy\u015bcig wystartuje z Nicei, a zako\u0144czy si\u0119 tradycyjnie w Pary\u017cu. To oznacza, \u017ce zawodnicy przejad\u0105 3470 km podzielonych na 21 etap\u00f3w.<\/p>\n<p>Na te wszystkie rozwi\u0105zania zgodzi\u0142a si\u0119 nie tylko Mi\u0119dzynarodowa Unia Kolarska (cho\u0107 teraz UCI staje przed wyzwaniem u\u0142o\u017cenia nowego kalendarza najwa\u017cniejszych wy\u015bcig\u00f3w \u015bwiata), ale r\u00f3wnie\u017c zawodnicy i czo\u0142owe zespo\u0142y kolarskie na \u015bwiecie.<\/p>\n<blockquote><p><span style=\"font-size: 14pt;\">\u201eChcieliby\u015bmy te\u017c podzi\u0119kowa\u0107 wszystkim wsp\u00f3\u0142pracownikom i partnerom Tour de France, a tak\u017ce nadawcom i lokalnym w\u0142adzom za ich reaktywno\u015b\u0107 oraz wsparcie. Wszyscy mamy nadziej\u0119, \u017ce Tour de France 2020 pomo\u017ce nam wr\u00f3ci\u0107 do normalno\u015bci po tym trudnym okresie, przez kt\u00f3ry teraz wszyscy przechodzimy\u201d \u2013 podkre\u015blaj\u0105 organizatorzy Wielkiej P\u0119tli.<\/span><\/p><\/blockquote>\n<p>Prze\u0142o\u017cony zostanie r\u00f3wnie\u017c Tour de France kobiet, kt\u00f3ry mia\u0142 si\u0119 odby\u0107 19 lipca. Nowej daty jeszcze nie wyznaczono.<\/p>\n<p><span data-sheets-value=\"{&quot;1&quot;:2,&quot;2&quot;:&quot;Artyku\u0142 powsta\u0142 we wsp\u00f3\u0142pracy ze skoda-auto.pl&quot;}\" data-sheets-userformat=\"{&quot;2&quot;:1,&quot;3&quot;:{&quot;1&quot;:0}}\" data-sheets-hyperlink=\"http:\/\/www.skoda-auto.pl\/\"><a class=\"in-cell-link\" href=\"http:\/\/www.skoda-auto.pl\/\" target=\"_blank\" rel=\"noopener\">Artyku\u0142 powsta\u0142 we wsp\u00f3\u0142pracy ze skoda-auto.pl<\/a><\/span><\/p>\n<p>&nbsp;<\/p>\n<p><a href=\"https:\/\/www.skoda-auto.pl\/modele\/karoq\">\u00a0<\/a><\/p>\n<p><a href=\"https:\/\/www.skoda-auto.pl\/modele\/karoq\"><img loading=\"lazy\" decoding=\"async\" class=\"aligncenter wp-image-9606 size-full\" src=\"https:\/\/d2p6e6u75xmxt8.cloudfront.net\/5\/2019\/08\/baner_WLC_640x350_1.png\" alt=\"\" width=\"640\" height=\"350\" srcset=\"https:\/\/d2p6e6u75xmxt8.cloudfront.net\/5\/2019\/08\/baner_WLC_640x350_1.png 640w, https:\/\/d2p6e6u75xmxt8.cloudfront.net\/5\/2019\/08\/baner_WLC_640x350_1-300x164.png 300w\" sizes=\"auto, (max-width: 640px) 100vw, 640px\" \/><\/a><\/p>\n<p>&nbsp;<\/p>\n<p>&nbsp;<\/p>\n","protected":false},"excerpt":{"rendered":"<p>Spekulacji by\u0142o wiele, ale w\u0142a\u015bnie zosta\u0142y uci\u0119te \u2013 Tour de France zosta\u0142o prze\u0142o\u017cone i zamiast w lipcu, ma si\u0119 odby\u0107 [&hellip;]<\/p>\n","protected":false},"author":125,"featured_media":10542,"comment_status":"open","ping_status":"open","sticky":false,"template":"","format":"standard","meta":{"footnotes":""},"categories":[321,1],"tags":[],"global-categories":[303],"class_list":["post-10539","post","type-post","status-publish","format-standard","has-post-thumbnail","hentry","category-tour-de-france-2020","category-uncategorized","global-categories-cycling"],"yoast_head":"<!-- This site is optimized with the Yoast SEO Premium plugin v25.3 (Yoast SEO v25.9) - https:\/\/yoast.com\/wordpress\/plugins\/seo\/ -->\n<title>Tour de France prze\u0142o\u017cone! Znamy nowy termin najwi\u0119kszego wy\u015bcigu \u015bwiata - \u0160koda We Love Cycling - Poland<\/title>\n<meta name=\"description\" content=\"Spekulacji by\u0142o wiele, ale w\u0142a\u015bnie zosta\u0142y uci\u0119te \u2013 Tour de France zosta\u0142o prze\u0142o\u017cone i zamiast w lipcu, ma si\u0119 odby\u0107 w dniach 29 sierpnia \u2013 20 wrze\u015bnia. Tak p\u00f3\u017ano Wielka P\u0119tla jeszcze nigdy nie startowa\u0142a.\" \/>\n<meta name=\"robots\" content=\"index, follow, max-snippet:-1, max-image-preview:large, max-video-preview:-1\" \/>\n<link rel=\"canonical\" href=\"https:\/\/www.welovecycling.com\/pl\/2020\/04\/15\/tour-de-france-przelozone-znamy-nowy-termin-najwiekszego-wyscigu-swiata\/\" \/>\n<meta property=\"og:locale\" content=\"pl_PL\" \/>\n<meta property=\"og:type\" content=\"article\" \/>\n<meta property=\"og:title\" content=\"Tour de France prze\u0142o\u017cone! Znamy nowy termin najwi\u0119kszego wy\u015bcigu \u015bwiata\" \/>\n<meta property=\"og:description\" content=\"Spekulacji by\u0142o wiele, ale w\u0142a\u015bnie zosta\u0142y uci\u0119te \u2013 Tour de France zosta\u0142o prze\u0142o\u017cone i zamiast w lipcu, ma si\u0119 odby\u0107 w dniach 29 sierpnia \u2013 20 wrze\u015bnia. Tak p\u00f3\u017ano Wielka P\u0119tla jeszcze nigdy nie startowa\u0142a.\" \/>\n<meta property=\"og:url\" content=\"https:\/\/www.welovecycling.com\/pl\/2020\/04\/15\/tour-de-france-przelozone-znamy-nowy-termin-najwiekszego-wyscigu-swiata\/\" \/>\n<meta property=\"og:site_name\" content=\"\u0160koda We Love Cycling - Poland\" \/>\n<meta property=\"article:published_time\" content=\"2020-04-15T12:42:45+00:00\" \/>\n<meta property=\"og:image\" content=\"https:\/\/d2p6e6u75xmxt8.cloudfront.net\/5\/2020\/04\/73cee.jpg\" \/>\n\t<meta property=\"og:image:width\" content=\"1000\" \/>\n\t<meta property=\"og:image:height\" content=\"667\" \/>\n\t<meta property=\"og:image:type\" content=\"image\/jpeg\" \/>\n<meta name=\"author\" content=\"oktawiamikulska\" \/>\n<meta name=\"twitter:card\" content=\"summary_large_image\" \/>\n<meta name=\"twitter:label1\" content=\"Written by\" \/>\n\t<meta name=\"twitter:data1\" content=\"Piotr Nowik\" \/>\n\t<meta name=\"twitter:label2\" content=\"Est. reading time\" \/>\n\t<meta name=\"twitter:data2\" content=\"2 minutes\" \/>\n<script type=\"application\/ld+json\" class=\"yoast-schema-graph\">{\"@context\":\"https:\/\/schema.org\",\"@graph\":[{\"@type\":\"WebPage\",\"@id\":\"https:\/\/www.welovecycling.com\/pl\/2020\/04\/15\/tour-de-france-przelozone-znamy-nowy-termin-najwiekszego-wyscigu-swiata\/\",\"url\":\"https:\/\/www.welovecycling.com\/pl\/2020\/04\/15\/tour-de-france-przelozone-znamy-nowy-termin-najwiekszego-wyscigu-swiata\/\",\"name\":\"Tour de France prze\u0142o\u017cone! Znamy nowy termin najwi\u0119kszego wy\u015bcigu \u015bwiata - \u0160koda We Love Cycling - Poland\",\"isPartOf\":{\"@id\":\"https:\/\/www.welovecycling.com\/pl\/#website\"},\"primaryImageOfPage\":{\"@id\":\"https:\/\/www.welovecycling.com\/pl\/2020\/04\/15\/tour-de-france-przelozone-znamy-nowy-termin-najwiekszego-wyscigu-swiata\/#primaryimage\"},\"image\":{\"@id\":\"https:\/\/www.welovecycling.com\/pl\/2020\/04\/15\/tour-de-france-przelozone-znamy-nowy-termin-najwiekszego-wyscigu-swiata\/#primaryimage\"},\"thumbnailUrl\":\"https:\/\/d2p6e6u75xmxt8.cloudfront.net\/5\/2020\/04\/73cee.jpg\",\"datePublished\":\"2020-04-15T12:42:45+00:00\",\"author\":{\"@id\":\"https:\/\/www.welovecycling.com\/pl\/#\/schema\/person\/4a79bac7bd265aa6a35a1079d36648be\"},\"description\":\"Spekulacji by\u0142o wiele, ale w\u0142a\u015bnie zosta\u0142y uci\u0119te \u2013 Tour de France zosta\u0142o prze\u0142o\u017cone i zamiast w lipcu, ma si\u0119 odby\u0107 w dniach 29 sierpnia \u2013 20 wrze\u015bnia. Tak p\u00f3\u017ano Wielka P\u0119tla jeszcze nigdy nie startowa\u0142a.\",\"breadcrumb\":{\"@id\":\"https:\/\/www.welovecycling.com\/pl\/2020\/04\/15\/tour-de-france-przelozone-znamy-nowy-termin-najwiekszego-wyscigu-swiata\/#breadcrumb\"},\"inLanguage\":\"pl-PL\",\"potentialAction\":[{\"@type\":\"ReadAction\",\"target\":[\"https:\/\/www.welovecycling.com\/pl\/2020\/04\/15\/tour-de-france-przelozone-znamy-nowy-termin-najwiekszego-wyscigu-swiata\/\"]}]},{\"@type\":\"ImageObject\",\"inLanguage\":\"pl-PL\",\"@id\":\"https:\/\/www.welovecycling.com\/pl\/2020\/04\/15\/tour-de-france-przelozone-znamy-nowy-termin-najwiekszego-wyscigu-swiata\/#primaryimage\",\"url\":\"https:\/\/d2p6e6u75xmxt8.cloudfront.net\/5\/2020\/04\/73cee.jpg\",\"contentUrl\":\"https:\/\/d2p6e6u75xmxt8.cloudfront.net\/5\/2020\/04\/73cee.jpg\",\"width\":1000,\"height\":667},{\"@type\":\"BreadcrumbList\",\"@id\":\"https:\/\/www.welovecycling.com\/pl\/2020\/04\/15\/tour-de-france-przelozone-znamy-nowy-termin-najwiekszego-wyscigu-swiata\/#breadcrumb\",\"itemListElement\":[{\"@type\":\"ListItem\",\"position\":1,\"name\":\"Home\",\"item\":\"https:\/\/www.welovecycling.com\/pl\/\"},{\"@type\":\"ListItem\",\"position\":2,\"name\":\"Tour de France prze\u0142o\u017cone! Znamy nowy termin najwi\u0119kszego wy\u015bcigu \u015bwiata\"}]},{\"@type\":\"WebSite\",\"@id\":\"https:\/\/www.welovecycling.com\/pl\/#website\",\"url\":\"https:\/\/www.welovecycling.com\/pl\/\",\"name\":\"\u0160koda We Love Cycling - Poland\",\"description\":\"\",\"potentialAction\":[{\"@type\":\"SearchAction\",\"target\":{\"@type\":\"EntryPoint\",\"urlTemplate\":\"https:\/\/www.welovecycling.com\/pl\/?s={search_term_string}\"},\"query-input\":{\"@type\":\"PropertyValueSpecification\",\"valueRequired\":true,\"valueName\":\"search_term_string\"}}],\"inLanguage\":\"pl-PL\"},{\"@type\":\"Person\",\"@id\":\"https:\/\/www.welovecycling.com\/pl\/#\/schema\/person\/4a79bac7bd265aa6a35a1079d36648be\",\"name\":\"oktawiamikulska\",\"image\":{\"@type\":\"ImageObject\",\"inLanguage\":\"pl-PL\",\"@id\":\"https:\/\/www.welovecycling.com\/pl\/#\/schema\/person\/image\/\",\"url\":\"https:\/\/secure.gravatar.com\/avatar\/b97a3f44e2de6d2f8dd358975937e49823662e12cbd810b9d1a2bff1c149e8a7?s=96&d=mm&r=g\",\"contentUrl\":\"https:\/\/secure.gravatar.com\/avatar\/b97a3f44e2de6d2f8dd358975937e49823662e12cbd810b9d1a2bff1c149e8a7?s=96&d=mm&r=g\",\"caption\":\"oktawiamikulska\"},\"url\":\"https:\/\/www.welovecycling.com\/pl\/author\/oktawiamikulska\/\"}]}<\/script>\n<!-- \/ Yoast SEO Premium plugin. -->","yoast_head_json":{"title":"Tour de France prze\u0142o\u017cone! Znamy nowy termin najwi\u0119kszego wy\u015bcigu \u015bwiata - \u0160koda We Love Cycling - Poland","description":"Spekulacji by\u0142o wiele, ale w\u0142a\u015bnie zosta\u0142y uci\u0119te \u2013 Tour de France zosta\u0142o prze\u0142o\u017cone i zamiast w lipcu, ma si\u0119 odby\u0107 w dniach 29 sierpnia \u2013 20 wrze\u015bnia. Tak p\u00f3\u017ano Wielka P\u0119tla jeszcze nigdy nie startowa\u0142a.","robots":{"index":"index","follow":"follow","max-snippet":"max-snippet:-1","max-image-preview":"max-image-preview:large","max-video-preview":"max-video-preview:-1"},"canonical":"https:\/\/www.welovecycling.com\/pl\/2020\/04\/15\/tour-de-france-przelozone-znamy-nowy-termin-najwiekszego-wyscigu-swiata\/","og_locale":"pl_PL","og_type":"article","og_title":"Tour de France prze\u0142o\u017cone! Znamy nowy termin najwi\u0119kszego wy\u015bcigu \u015bwiata","og_description":"Spekulacji by\u0142o wiele, ale w\u0142a\u015bnie zosta\u0142y uci\u0119te \u2013 Tour de France zosta\u0142o prze\u0142o\u017cone i zamiast w lipcu, ma si\u0119 odby\u0107 w dniach 29 sierpnia \u2013 20 wrze\u015bnia. Tak p\u00f3\u017ano Wielka P\u0119tla jeszcze nigdy nie startowa\u0142a.","og_url":"https:\/\/www.welovecycling.com\/pl\/2020\/04\/15\/tour-de-france-przelozone-znamy-nowy-termin-najwiekszego-wyscigu-swiata\/","og_site_name":"\u0160koda We Love Cycling - Poland","article_published_time":"2020-04-15T12:42:45+00:00","og_image":[{"width":1000,"height":667,"url":"https:\/\/d2p6e6u75xmxt8.cloudfront.net\/5\/2020\/04\/73cee.jpg","type":"image\/jpeg"}],"author":"oktawiamikulska","twitter_card":"summary_large_image","twitter_misc":{"Written by":"Piotr Nowik","Est. reading time":"2 minutes"},"schema":{"@context":"https:\/\/schema.org","@graph":[{"@type":"WebPage","@id":"https:\/\/www.welovecycling.com\/pl\/2020\/04\/15\/tour-de-france-przelozone-znamy-nowy-termin-najwiekszego-wyscigu-swiata\/","url":"https:\/\/www.welovecycling.com\/pl\/2020\/04\/15\/tour-de-france-przelozone-znamy-nowy-termin-najwiekszego-wyscigu-swiata\/","name":"Tour de France prze\u0142o\u017cone! Znamy nowy termin najwi\u0119kszego wy\u015bcigu \u015bwiata - \u0160koda We Love Cycling - Poland","isPartOf":{"@id":"https:\/\/www.welovecycling.com\/pl\/#website"},"primaryImageOfPage":{"@id":"https:\/\/www.welovecycling.com\/pl\/2020\/04\/15\/tour-de-france-przelozone-znamy-nowy-termin-najwiekszego-wyscigu-swiata\/#primaryimage"},"image":{"@id":"https:\/\/www.welovecycling.com\/pl\/2020\/04\/15\/tour-de-france-przelozone-znamy-nowy-termin-najwiekszego-wyscigu-swiata\/#primaryimage"},"thumbnailUrl":"https:\/\/d2p6e6u75xmxt8.cloudfront.net\/5\/2020\/04\/73cee.jpg","datePublished":"2020-04-15T12:42:45+00:00","author":{"@id":"https:\/\/www.welovecycling.com\/pl\/#\/schema\/person\/4a79bac7bd265aa6a35a1079d36648be"},"description":"Spekulacji by\u0142o wiele, ale w\u0142a\u015bnie zosta\u0142y uci\u0119te \u2013 Tour de France zosta\u0142o prze\u0142o\u017cone i zamiast w lipcu, ma si\u0119 odby\u0107 w dniach 29 sierpnia \u2013 20 wrze\u015bnia. Tak p\u00f3\u017ano Wielka P\u0119tla jeszcze nigdy nie startowa\u0142a.","breadcrumb":{"@id":"https:\/\/www.welovecycling.com\/pl\/2020\/04\/15\/tour-de-france-przelozone-znamy-nowy-termin-najwiekszego-wyscigu-swiata\/#breadcrumb"},"inLanguage":"pl-PL","potentialAction":[{"@type":"ReadAction","target":["https:\/\/www.welovecycling.com\/pl\/2020\/04\/15\/tour-de-france-przelozone-znamy-nowy-termin-najwiekszego-wyscigu-swiata\/"]}]},{"@type":"ImageObject","inLanguage":"pl-PL","@id":"https:\/\/www.welovecycling.com\/pl\/2020\/04\/15\/tour-de-france-przelozone-znamy-nowy-termin-najwiekszego-wyscigu-swiata\/#primaryimage","url":"https:\/\/d2p6e6u75xmxt8.cloudfront.net\/5\/2020\/04\/73cee.jpg","contentUrl":"https:\/\/d2p6e6u75xmxt8.cloudfront.net\/5\/2020\/04\/73cee.jpg","width":1000,"height":667},{"@type":"BreadcrumbList","@id":"https:\/\/www.welovecycling.com\/pl\/2020\/04\/15\/tour-de-france-przelozone-znamy-nowy-termin-najwiekszego-wyscigu-swiata\/#breadcrumb","itemListElement":[{"@type":"ListItem","position":1,"name":"Home","item":"https:\/\/www.welovecycling.com\/pl\/"},{"@type":"ListItem","position":2,"name":"Tour de France prze\u0142o\u017cone! Znamy nowy termin najwi\u0119kszego wy\u015bcigu \u015bwiata"}]},{"@type":"WebSite","@id":"https:\/\/www.welovecycling.com\/pl\/#website","url":"https:\/\/www.welovecycling.com\/pl\/","name":"\u0160koda We Love Cycling - Poland","description":"","potentialAction":[{"@type":"SearchAction","target":{"@type":"EntryPoint","urlTemplate":"https:\/\/www.welovecycling.com\/pl\/?s={search_term_string}"},"query-input":{"@type":"PropertyValueSpecification","valueRequired":true,"valueName":"search_term_string"}}],"inLanguage":"pl-PL"},{"@type":"Person","@id":"https:\/\/www.welovecycling.com\/pl\/#\/schema\/person\/4a79bac7bd265aa6a35a1079d36648be","name":"oktawiamikulska","image":{"@type":"ImageObject","inLanguage":"pl-PL","@id":"https:\/\/www.welovecycling.com\/pl\/#\/schema\/person\/image\/","url":"https:\/\/secure.gravatar.com\/avatar\/b97a3f44e2de6d2f8dd358975937e49823662e12cbd810b9d1a2bff1c149e8a7?s=96&d=mm&r=g","contentUrl":"https:\/\/secure.gravatar.com\/avatar\/b97a3f44e2de6d2f8dd358975937e49823662e12cbd810b9d1a2bff1c149e8a7?s=96&d=mm&r=g","caption":"oktawiamikulska"},"url":"https:\/\/www.welovecycling.com\/pl\/author\/oktawiamikulska\/"}]}},"_links":{"self":[{"href":"https:\/\/www.welovecycling.com\/pl\/wp-json\/wp\/v2\/posts\/10539","targetHints":{"allow":["GET"]}}],"collection":[{"href":"https:\/\/www.welovecycling.com\/pl\/wp-json\/wp\/v2\/posts"}],"about":[{"href":"https:\/\/www.welovecycling.com\/pl\/wp-json\/wp\/v2\/types\/post"}],"author":[{"embeddable":true,"href":"https:\/\/www.welovecycling.com\/pl\/wp-json\/wp\/v2\/users\/125"}],"replies":[{"embeddable":true,"href":"https:\/\/www.welovecycling.com\/pl\/wp-json\/wp\/v2\/comments?post=10539"}],"version-history":[{"count":2,"href":"https:\/\/www.welovecycling.com\/pl\/wp-json\/wp\/v2\/posts\/10539\/revisions"}],"predecessor-version":[{"id":10549,"href":"https:\/\/www.welovecycling.com\/pl\/wp-json\/wp\/v2\/posts\/10539\/revisions\/10549"}],"wp:featuredmedia":[{"embeddable":true,"href":"https:\/\/www.welovecycling.com\/pl\/wp-json\/wp\/v2\/media\/10542"}],"wp:attachment":[{"href":"https:\/\/www.welovecycling.com\/pl\/wp-json\/wp\/v2\/media?parent=10539"}],"wp:term":[{"taxonomy":"category","embeddable":true,"href":"https:\/\/www.welovecycling.com\/pl\/wp-json\/wp\/v2\/categories?post=10539"},{"taxonomy":"post_tag","embeddable":true,"href":"https:\/\/www.welovecycling.com\/pl\/wp-json\/wp\/v2\/tags?post=10539"},{"taxonomy":"global-categories","embeddable":true,"href":"https:\/\/www.welovecycling.com\/pl\/wp-json\/wp\/v2\/global-categories?post=10539"}],"curies":[{"name":"wp","href":"https:\/\/api.w.org\/{rel}","templated":true}]}}