{"id":1051,"date":"2016-05-19T08:06:31","date_gmt":"2016-05-19T08:06:31","guid":{"rendered":"http:\/\/skoda-rowery.pl\/?p=1051"},"modified":"2016-12-05T08:53:42","modified_gmt":"2016-12-05T08:53:42","slug":"rocky-lewandowski-kwiatkowski-zaszczepiamy-rowerowego-bakcyla","status":"publish","type":"post","link":"https:\/\/www.welovecycling.com\/pl\/2016\/05\/19\/rocky-lewandowski-kwiatkowski-zaszczepiamy-rowerowego-bakcyla\/","title":{"rendered":"Rocky, Lewandowski, Kwiatkowski&#8230; Zaszczepiamy rowerowego bakcyla!"},"content":{"rendered":"<p style=\"text-align: justify\">Zamykamy oczy i cofamy si\u0119 o kilka, kilkana\u015bcie, a nawet kilkadziesi\u0105t lat. Widzimy nasz pierwszy raz na dwuko\u0142owym rowerze&#8230;<!--more-->\u2026 jednych asekurowa\u0142 kto\u015b doros\u0142y, inni utrzymywali r\u00f3wnowag\u0119, bo rodzice trzymali zamontowany do roweru kij. Ka\u017cdy zaliczy\u0142 upadek, bo \u201einaczej nauczy\u0107 si\u0119 nie da\u201d, ale po nim wola\u0142 us\u0142ysze\u0107 wskaz\u00f3wki i s\u0142owa otuchy ni\u017c pretensje czy z\u0142o\u015bliwy \u015bmiech. Jedni doro\u015bli uczyli lepiej, inni kompletnie si\u0119 do tego nie nadawali. A Akademia Copernicus Micha\u0142a\u00a0Kwiatkowskiego robi wszystko, by ch\u0119\u0107 do jazdy na rowerze z\u0142apali nawet ci, kt\u00f3rzy jeszcze tego nawet pr\u00f3bowali.<\/p>\n<p style=\"text-align: justify\">\u201eChcia\u0142bym aby jak najwi\u0119cej dzieciak\u00f3w wsiada\u0142o na rowery (\u2026). To nie tylko sport, ale szko\u0142a \u017cycia&#8221; \u2013 powiedzia\u0142 kiedy\u015b Micha\u0142 Kwiatkowski, a te s\u0142owa do dzi\u015b s\u0105 mottem Akademii Copernicus.<\/p>\n<p style=\"text-align: justify\"><img loading=\"lazy\" decoding=\"async\" class=\"alignnone size-full wp-image-1102\" src=\"http:\/\/skoda-rowery.pl\/wp-content\/uploads\/2016\/05\/copernicus2-1.jpg\" alt=\"copernicus2\" width=\"960\" height=\"720\" srcset=\"https:\/\/d2p6e6u75xmxt8.cloudfront.net\/5\/2016\/05\/copernicus2-1.jpg 960w, https:\/\/d2p6e6u75xmxt8.cloudfront.net\/5\/2016\/05\/copernicus2-1-300x225.jpg 300w, https:\/\/d2p6e6u75xmxt8.cloudfront.net\/5\/2016\/05\/copernicus2-1-768x576.jpg 768w\" sizes=\"auto, (max-width: 960px) 100vw, 960px\" \/><\/p>\n<p style=\"text-align: justify\"><strong>By\u0107 jak \u201eKwiato\u201d<br \/>\n<\/strong>Rower mo\u017ce mie\u0107 dwa, trzy, a nawet cztery ko\u0142a, ale najwa\u017cniejsza jest pasja, kt\u00f3r\u0105 kto\u015b musi zaszczepi\u0107. Tak jak wielu chcia\u0142o by\u0107 bokserem po obejrzeniu filmu \u201eRocky\u201d, czy Robertem Lewandowskim po strzeleniu gola dla reprezentacji Polski, tak samo wiele dzieciak\u00f3w marzy\u0142o, by by\u0107 na miejscu Micha\u0142a Kwiatkowskiego, gdy ten triumfalnie wznosi\u0142 r\u0119ce na linii mety wy\u015bcigu o mistrzostwo \u015bwiata, a nast\u0119pnie dumnie prezentowa\u0142 t\u0119czow\u0105 koszulk\u0119. Czasami taki obraz jednak nie wystarcza. Dlatego znakomity polski zawodnik dba o to, by m\u0142odzie\u017c garn\u0119\u0142a si\u0119 do kolarstwa. Z tego powodu np. odwiedzi\u0142 przedszkole \u201eJacek i Agatka\u201d w toru\u0144skiej dzielnicy Kaszczorek, gdzie opowiada\u0142 o swojej pasji. \u201eSuper spotkanie. Na szcz\u0119\u015bcie nie znudzi\u0142em ich przez te 45min :)\u201d &#8211; pisa\u0142 na swoim profilu na Facebooku.<\/p>\n<p style=\"text-align: justify\"><strong>&#8222;Troch\u0119 \u0142atwo, troch\u0119 trudno&#8221;<br \/>\n<\/strong>Ale to nie wszystko, bo \u201eKwiato\u201d odwiedza tak\u017ce szko\u0142y, spotyka si\u0119 z najm\u0142odszymi, trenuje wsp\u00f3lnie z m\u0142odymi adeptami Akademii, a tak\u017ce patronuje wielu wy\u015bcigom, w tym Nutella Mini Tour de Pologne oraz Velo Toru\u0144 \u2013 imprezie, kt\u00f3ra z roku na rok si\u0119 rozrasta, a 8 maja zgromadzi\u0142a na starcie a\u017c dwa tysi\u0105ce os\u00f3b! Micha\u0142 kibicuje tak\u017ce dzieciakom przy okazji Tour de Pologne, gdzie najm\u0142odszy zwyci\u0119zca mia\u0142 pi\u0119\u0107 lat! Na mecie Daniel Bali\u0144ski opowiada\u0142 przed kamer\u0105 TVK Toru\u0144, \u017ce \u201ewy\u015bcig by\u0142 troch\u0119 trudny i troch\u0119 \u0142atwy\u201d. &#8211; Trudne by\u0142y ostre zakr\u0119ty, ale proste to ju\u017c by\u0142a \u0142atwizna \u2013 t\u0142umaczy\u0142 m\u0142ody zwyci\u0119zca.<\/p>\n<p style=\"text-align: justify\">Przed kamer\u0105 misj\u0119 Akademii Copernicus przedstawi\u0142 te\u017c prezes Micha\u0142 Jackowiak. &#8211; Zach\u0119camy, by kolarstwo uprawia\u0142 ka\u017cdy, bo to \u015bwietny sport, kt\u00f3ry kszta\u0142tuje charakter i mo\u017ce przeprowadzi\u0107 dzieci przez m\u0142odo\u015b\u0107, przez lata szkolne i wczesnoszkolne \u2013 podkre\u015bla\u0142 prezes Jackowiak.<\/p>\n<p style=\"text-align: justify\">Dzieci s\u0105 te\u017c go\u015b\u0107mi w Akademii Copernicus, a w\u00f3wczas pod skrzyd\u0142a bior\u0105 ich m. in. trenerzy. Delegacje Akademii goszcz\u0105 tak\u017ce w szko\u0142ach, gdzie zdradzaj\u0105 m\u0142odzie\u017cy sekrety profesjonalnego kolarstwa.<\/p>\n<p style=\"text-align: justify\"><strong>Z m\u0142odzie\u017c\u0105 u prezydenta<br \/>\n<\/strong>Ale Micha\u0142 Kwiatkowski i jego Akademia mog\u0105 te\u017c liczy\u0107 na rewan\u017c ze strony m\u0142odych zawodnik\u00f3w. S\u0142owo \u201edzi\u0119kuj\u0119\u201d s\u0142ysza\u0142 ju\u017c pewnie setki razy, ale gdy odbiera\u0142 Z\u0142oty Krzy\u017c Zas\u0142ugi, w odleg\u0142ym Krakowie towarzyszy\u0142a mu spora grupa m\u0142odych wychowank\u00f3w.<\/p>\n<p style=\"text-align: justify\">&#8211; Bardzo dzi\u0119kuj\u0119 za to uhonorowanie. Szczeg\u00f3lnie, \u017ce dzieje si\u0119 to na oczach m\u0142odych zawodnik\u00f3w, kt\u00f3rzy bior\u0105 z nas przyk\u0142ad i mam nadziej\u0119, \u017ce b\u0119d\u0105 przysz\u0142o\u015bci\u0105 polskiego kolarstwa \u2013 podkre\u015bla\u0142 w\u00f3wczas Micha\u0142 Kwiatkowski.<\/p>\n<p style=\"text-align: justify\">W Copernicusie doskonale zdaj\u0105 sobie spraw\u0119, \u017ce wszyscy nie mog\u0105 zosta\u0107 mistrzami \u015bwiata. Kolarstwo przede wszystkim jednak uczy, rozwija i wychowuje, a w\u0142a\u015bnie takie s\u0105 podstawowe cele realizowane przez Akademi\u0119.<\/p>\n<p style=\"text-align: justify\">\n","protected":false},"excerpt":{"rendered":"<p>Zamykamy oczy i cofamy si\u0119 o kilka, kilkana\u015bcie, a nawet kilkadziesi\u0105t lat. Widzimy nasz pierwszy raz na dwuko\u0142owym rowerze&#8230;<\/p>\n","protected":false},"author":1,"featured_media":1103,"comment_status":"closed","ping_status":"closed","sticky":false,"template":"","format":"standard","meta":{"footnotes":""},"categories":[6],"tags":[41,68],"global-categories":[],"class_list":["post-1051","post","type-post","status-publish","format-standard","has-post-thumbnail","hentry","category-kolarstwo-szosowe","tag-cycling","tag-skodarowery"],"yoast_head":"<!-- This site is optimized with the Yoast SEO Premium plugin v25.3 (Yoast SEO v25.9) - https:\/\/yoast.com\/wordpress\/plugins\/seo\/ -->\n<title>Rocky, Lewandowski, Kwiatkowski... Zaszczepiamy rowerowego bakcyla! - \u0160koda We Love Cycling - Poland<\/title>\n<meta name=\"robots\" content=\"index, follow, max-snippet:-1, max-image-preview:large, max-video-preview:-1\" \/>\n<link rel=\"canonical\" href=\"https:\/\/www.welovecycling.com\/pl\/2016\/05\/19\/rocky-lewandowski-kwiatkowski-zaszczepiamy-rowerowego-bakcyla\/\" \/>\n<meta property=\"og:locale\" content=\"pl_PL\" \/>\n<meta property=\"og:type\" content=\"article\" \/>\n<meta property=\"og:title\" content=\"Rocky, Lewandowski, Kwiatkowski... Zaszczepiamy rowerowego bakcyla!\" \/>\n<meta property=\"og:description\" content=\"Zamykamy oczy i cofamy si\u0119 o kilka, kilkana\u015bcie, a nawet kilkadziesi\u0105t lat. Widzimy nasz pierwszy raz na dwuko\u0142owym rowerze&#8230;\" \/>\n<meta property=\"og:url\" content=\"https:\/\/www.welovecycling.com\/pl\/2016\/05\/19\/rocky-lewandowski-kwiatkowski-zaszczepiamy-rowerowego-bakcyla\/\" \/>\n<meta property=\"og:site_name\" content=\"\u0160koda We Love Cycling - Poland\" \/>\n<meta property=\"article:published_time\" content=\"2016-05-19T08:06:31+00:00\" \/>\n<meta property=\"article:modified_time\" content=\"2016-12-05T08:53:42+00:00\" \/>\n<meta property=\"og:image\" content=\"https:\/\/d2p6e6u75xmxt8.cloudfront.net\/5\/2016\/05\/037_218K7875-1.jpg\" \/>\n\t<meta property=\"og:image:width\" content=\"2000\" \/>\n\t<meta property=\"og:image:height\" content=\"1333\" \/>\n\t<meta property=\"og:image:type\" content=\"image\/jpeg\" \/>\n<meta name=\"author\" content=\"WeLoveCycling\" \/>\n<meta name=\"twitter:card\" content=\"summary_large_image\" \/>\n<meta name=\"twitter:label1\" content=\"Written by\" \/>\n\t<meta name=\"twitter:data1\" content=\"WeLoveCycling\" \/>\n\t<meta name=\"twitter:label2\" content=\"Est. reading time\" \/>\n\t<meta name=\"twitter:data2\" content=\"3 minutes\" \/>\n<script type=\"application\/ld+json\" class=\"yoast-schema-graph\">{\"@context\":\"https:\/\/schema.org\",\"@graph\":[{\"@type\":\"WebPage\",\"@id\":\"https:\/\/www.welovecycling.com\/pl\/2016\/05\/19\/rocky-lewandowski-kwiatkowski-zaszczepiamy-rowerowego-bakcyla\/\",\"url\":\"https:\/\/www.welovecycling.com\/pl\/2016\/05\/19\/rocky-lewandowski-kwiatkowski-zaszczepiamy-rowerowego-bakcyla\/\",\"name\":\"Rocky, Lewandowski, Kwiatkowski... Zaszczepiamy rowerowego bakcyla! - \u0160koda We Love Cycling - Poland\",\"isPartOf\":{\"@id\":\"https:\/\/www.welovecycling.com\/pl\/#website\"},\"primaryImageOfPage\":{\"@id\":\"https:\/\/www.welovecycling.com\/pl\/2016\/05\/19\/rocky-lewandowski-kwiatkowski-zaszczepiamy-rowerowego-bakcyla\/#primaryimage\"},\"image\":{\"@id\":\"https:\/\/www.welovecycling.com\/pl\/2016\/05\/19\/rocky-lewandowski-kwiatkowski-zaszczepiamy-rowerowego-bakcyla\/#primaryimage\"},\"thumbnailUrl\":\"https:\/\/d2p6e6u75xmxt8.cloudfront.net\/5\/2016\/05\/037_218K7875-1.jpg\",\"datePublished\":\"2016-05-19T08:06:31+00:00\",\"dateModified\":\"2016-12-05T08:53:42+00:00\",\"author\":{\"@id\":\"https:\/\/www.welovecycling.com\/pl\/#\/schema\/person\/e5187c9cac8dd619ebc7b41bd73c2fd9\"},\"breadcrumb\":{\"@id\":\"https:\/\/www.welovecycling.com\/pl\/2016\/05\/19\/rocky-lewandowski-kwiatkowski-zaszczepiamy-rowerowego-bakcyla\/#breadcrumb\"},\"inLanguage\":\"pl-PL\",\"potentialAction\":[{\"@type\":\"ReadAction\",\"target\":[\"https:\/\/www.welovecycling.com\/pl\/2016\/05\/19\/rocky-lewandowski-kwiatkowski-zaszczepiamy-rowerowego-bakcyla\/\"]}]},{\"@type\":\"ImageObject\",\"inLanguage\":\"pl-PL\",\"@id\":\"https:\/\/www.welovecycling.com\/pl\/2016\/05\/19\/rocky-lewandowski-kwiatkowski-zaszczepiamy-rowerowego-bakcyla\/#primaryimage\",\"url\":\"https:\/\/d2p6e6u75xmxt8.cloudfront.net\/5\/2016\/05\/037_218K7875-1.jpg\",\"contentUrl\":\"https:\/\/d2p6e6u75xmxt8.cloudfront.net\/5\/2016\/05\/037_218K7875-1.jpg\",\"width\":2000,\"height\":1333},{\"@type\":\"BreadcrumbList\",\"@id\":\"https:\/\/www.welovecycling.com\/pl\/2016\/05\/19\/rocky-lewandowski-kwiatkowski-zaszczepiamy-rowerowego-bakcyla\/#breadcrumb\",\"itemListElement\":[{\"@type\":\"ListItem\",\"position\":1,\"name\":\"Home\",\"item\":\"https:\/\/www.welovecycling.com\/pl\/\"},{\"@type\":\"ListItem\",\"position\":2,\"name\":\"Rocky, Lewandowski, Kwiatkowski&#8230; Zaszczepiamy rowerowego bakcyla!\"}]},{\"@type\":\"WebSite\",\"@id\":\"https:\/\/www.welovecycling.com\/pl\/#website\",\"url\":\"https:\/\/www.welovecycling.com\/pl\/\",\"name\":\"\u0160koda We Love Cycling - Poland\",\"description\":\"\",\"potentialAction\":[{\"@type\":\"SearchAction\",\"target\":{\"@type\":\"EntryPoint\",\"urlTemplate\":\"https:\/\/www.welovecycling.com\/pl\/?s={search_term_string}\"},\"query-input\":{\"@type\":\"PropertyValueSpecification\",\"valueRequired\":true,\"valueName\":\"search_term_string\"}}],\"inLanguage\":\"pl-PL\"},{\"@type\":\"Person\",\"@id\":\"https:\/\/www.welovecycling.com\/pl\/#\/schema\/person\/e5187c9cac8dd619ebc7b41bd73c2fd9\",\"name\":\"WeLoveCycling\",\"image\":{\"@type\":\"ImageObject\",\"inLanguage\":\"pl-PL\",\"@id\":\"https:\/\/www.welovecycling.com\/pl\/#\/schema\/person\/image\/\",\"url\":\"https:\/\/secure.gravatar.com\/avatar\/7e1ee0ecc5e294b19ef32b9f6086e0afbb9da00c3cb0d465ba4695331f4a9187?s=96&d=mm&r=g\",\"contentUrl\":\"https:\/\/secure.gravatar.com\/avatar\/7e1ee0ecc5e294b19ef32b9f6086e0afbb9da00c3cb0d465ba4695331f4a9187?s=96&d=mm&r=g\",\"caption\":\"WeLoveCycling\"},\"url\":\"https:\/\/www.welovecycling.com\/pl\/author\/lukascech\/\"}]}<\/script>\n<!-- \/ Yoast SEO Premium plugin. -->","yoast_head_json":{"title":"Rocky, Lewandowski, Kwiatkowski... Zaszczepiamy rowerowego bakcyla! - \u0160koda We Love Cycling - Poland","robots":{"index":"index","follow":"follow","max-snippet":"max-snippet:-1","max-image-preview":"max-image-preview:large","max-video-preview":"max-video-preview:-1"},"canonical":"https:\/\/www.welovecycling.com\/pl\/2016\/05\/19\/rocky-lewandowski-kwiatkowski-zaszczepiamy-rowerowego-bakcyla\/","og_locale":"pl_PL","og_type":"article","og_title":"Rocky, Lewandowski, Kwiatkowski... Zaszczepiamy rowerowego bakcyla!","og_description":"Zamykamy oczy i cofamy si\u0119 o kilka, kilkana\u015bcie, a nawet kilkadziesi\u0105t lat. Widzimy nasz pierwszy raz na dwuko\u0142owym rowerze&#8230;","og_url":"https:\/\/www.welovecycling.com\/pl\/2016\/05\/19\/rocky-lewandowski-kwiatkowski-zaszczepiamy-rowerowego-bakcyla\/","og_site_name":"\u0160koda We Love Cycling - Poland","article_published_time":"2016-05-19T08:06:31+00:00","article_modified_time":"2016-12-05T08:53:42+00:00","og_image":[{"width":2000,"height":1333,"url":"https:\/\/d2p6e6u75xmxt8.cloudfront.net\/5\/2016\/05\/037_218K7875-1.jpg","type":"image\/jpeg"}],"author":"WeLoveCycling","twitter_card":"summary_large_image","twitter_misc":{"Written by":"WeLoveCycling","Est. reading time":"3 minutes"},"schema":{"@context":"https:\/\/schema.org","@graph":[{"@type":"WebPage","@id":"https:\/\/www.welovecycling.com\/pl\/2016\/05\/19\/rocky-lewandowski-kwiatkowski-zaszczepiamy-rowerowego-bakcyla\/","url":"https:\/\/www.welovecycling.com\/pl\/2016\/05\/19\/rocky-lewandowski-kwiatkowski-zaszczepiamy-rowerowego-bakcyla\/","name":"Rocky, Lewandowski, Kwiatkowski... Zaszczepiamy rowerowego bakcyla! - \u0160koda We Love Cycling - Poland","isPartOf":{"@id":"https:\/\/www.welovecycling.com\/pl\/#website"},"primaryImageOfPage":{"@id":"https:\/\/www.welovecycling.com\/pl\/2016\/05\/19\/rocky-lewandowski-kwiatkowski-zaszczepiamy-rowerowego-bakcyla\/#primaryimage"},"image":{"@id":"https:\/\/www.welovecycling.com\/pl\/2016\/05\/19\/rocky-lewandowski-kwiatkowski-zaszczepiamy-rowerowego-bakcyla\/#primaryimage"},"thumbnailUrl":"https:\/\/d2p6e6u75xmxt8.cloudfront.net\/5\/2016\/05\/037_218K7875-1.jpg","datePublished":"2016-05-19T08:06:31+00:00","dateModified":"2016-12-05T08:53:42+00:00","author":{"@id":"https:\/\/www.welovecycling.com\/pl\/#\/schema\/person\/e5187c9cac8dd619ebc7b41bd73c2fd9"},"breadcrumb":{"@id":"https:\/\/www.welovecycling.com\/pl\/2016\/05\/19\/rocky-lewandowski-kwiatkowski-zaszczepiamy-rowerowego-bakcyla\/#breadcrumb"},"inLanguage":"pl-PL","potentialAction":[{"@type":"ReadAction","target":["https:\/\/www.welovecycling.com\/pl\/2016\/05\/19\/rocky-lewandowski-kwiatkowski-zaszczepiamy-rowerowego-bakcyla\/"]}]},{"@type":"ImageObject","inLanguage":"pl-PL","@id":"https:\/\/www.welovecycling.com\/pl\/2016\/05\/19\/rocky-lewandowski-kwiatkowski-zaszczepiamy-rowerowego-bakcyla\/#primaryimage","url":"https:\/\/d2p6e6u75xmxt8.cloudfront.net\/5\/2016\/05\/037_218K7875-1.jpg","contentUrl":"https:\/\/d2p6e6u75xmxt8.cloudfront.net\/5\/2016\/05\/037_218K7875-1.jpg","width":2000,"height":1333},{"@type":"BreadcrumbList","@id":"https:\/\/www.welovecycling.com\/pl\/2016\/05\/19\/rocky-lewandowski-kwiatkowski-zaszczepiamy-rowerowego-bakcyla\/#breadcrumb","itemListElement":[{"@type":"ListItem","position":1,"name":"Home","item":"https:\/\/www.welovecycling.com\/pl\/"},{"@type":"ListItem","position":2,"name":"Rocky, Lewandowski, Kwiatkowski&#8230; Zaszczepiamy rowerowego bakcyla!"}]},{"@type":"WebSite","@id":"https:\/\/www.welovecycling.com\/pl\/#website","url":"https:\/\/www.welovecycling.com\/pl\/","name":"\u0160koda We Love Cycling - Poland","description":"","potentialAction":[{"@type":"SearchAction","target":{"@type":"EntryPoint","urlTemplate":"https:\/\/www.welovecycling.com\/pl\/?s={search_term_string}"},"query-input":{"@type":"PropertyValueSpecification","valueRequired":true,"valueName":"search_term_string"}}],"inLanguage":"pl-PL"},{"@type":"Person","@id":"https:\/\/www.welovecycling.com\/pl\/#\/schema\/person\/e5187c9cac8dd619ebc7b41bd73c2fd9","name":"WeLoveCycling","image":{"@type":"ImageObject","inLanguage":"pl-PL","@id":"https:\/\/www.welovecycling.com\/pl\/#\/schema\/person\/image\/","url":"https:\/\/secure.gravatar.com\/avatar\/7e1ee0ecc5e294b19ef32b9f6086e0afbb9da00c3cb0d465ba4695331f4a9187?s=96&d=mm&r=g","contentUrl":"https:\/\/secure.gravatar.com\/avatar\/7e1ee0ecc5e294b19ef32b9f6086e0afbb9da00c3cb0d465ba4695331f4a9187?s=96&d=mm&r=g","caption":"WeLoveCycling"},"url":"https:\/\/www.welovecycling.com\/pl\/author\/lukascech\/"}]}},"_links":{"self":[{"href":"https:\/\/www.welovecycling.com\/pl\/wp-json\/wp\/v2\/posts\/1051","targetHints":{"allow":["GET"]}}],"collection":[{"href":"https:\/\/www.welovecycling.com\/pl\/wp-json\/wp\/v2\/posts"}],"about":[{"href":"https:\/\/www.welovecycling.com\/pl\/wp-json\/wp\/v2\/types\/post"}],"author":[{"embeddable":true,"href":"https:\/\/www.welovecycling.com\/pl\/wp-json\/wp\/v2\/users\/1"}],"replies":[{"embeddable":true,"href":"https:\/\/www.welovecycling.com\/pl\/wp-json\/wp\/v2\/comments?post=1051"}],"version-history":[{"count":1,"href":"https:\/\/www.welovecycling.com\/pl\/wp-json\/wp\/v2\/posts\/1051\/revisions"}],"predecessor-version":[{"id":2461,"href":"https:\/\/www.welovecycling.com\/pl\/wp-json\/wp\/v2\/posts\/1051\/revisions\/2461"}],"wp:featuredmedia":[{"embeddable":true,"href":"https:\/\/www.welovecycling.com\/pl\/wp-json\/wp\/v2\/media\/1103"}],"wp:attachment":[{"href":"https:\/\/www.welovecycling.com\/pl\/wp-json\/wp\/v2\/media?parent=1051"}],"wp:term":[{"taxonomy":"category","embeddable":true,"href":"https:\/\/www.welovecycling.com\/pl\/wp-json\/wp\/v2\/categories?post=1051"},{"taxonomy":"post_tag","embeddable":true,"href":"https:\/\/www.welovecycling.com\/pl\/wp-json\/wp\/v2\/tags?post=1051"},{"taxonomy":"global-categories","embeddable":true,"href":"https:\/\/www.welovecycling.com\/pl\/wp-json\/wp\/v2\/global-categories?post=1051"}],"curies":[{"name":"wp","href":"https:\/\/api.w.org\/{rel}","templated":true}]}}