{"id":10490,"date":"2020-04-01T17:44:33","date_gmt":"2020-04-01T17:44:33","guid":{"rendered":"https:\/\/www.welovecycling.com\/pl\/?p=10490"},"modified":"2020-04-02T08:31:57","modified_gmt":"2020-04-02T08:31:57","slug":"tour-de-france-pojedzie-bez-kibicow-to-jedna-z-opcji","status":"publish","type":"post","link":"https:\/\/www.welovecycling.com\/pl\/2020\/04\/01\/tour-de-france-pojedzie-bez-kibicow-to-jedna-z-opcji\/","title":{"rendered":"Tour de France pojedzie bez kibic\u00f3w? \u201eTo jedna z opcji\u201d"},"content":{"rendered":"<p><strong>Pad\u0142 pomys\u0142, by tegoroczny Tour de France odby\u0142 si\u0119 zgodnie z planem, ale bez udzia\u0142u publiczno\u015bci. \u2013Trudno sobie to wyobrazi\u0107. Lepiej jecha\u0107 w<\/strong> <strong>p\u00f3\u017aniejszym terminie, ale z kibicami \u2013 odpowiadaj\u0105 zawodnicy.<\/strong><\/p>\n<p>Niemal wszystkie imprezy sportowe w Europie zosta\u0142y storpedowane przez koronawirusa. Organizatorzy zak\u0142adaj\u0105 kolejne daty powrotu sportowc\u00f3w na areny, ale nikt nie przywi\u0105zuje do tych deklaracji wi\u0119kszej wagi. Pow\u00f3d jest jeden \u2013 nie wiadomo, kiedy uda si\u0119 pokona\u0107 pandemi\u0119.<\/p>\n<h2><strong>Tylko wojny \u015bwiatowe<\/strong><\/h2>\n<p>Odwo\u0142ano tak\u017ce wy\u015bcigi kolarskie. Jest ju\u017c pewne, \u017ce w maju nie odb\u0119dzie si\u0119 Giro d\u2019Italia, a kolejn\u0105 wielk\u0105 imprez\u0105 w kalendarzu jest Tour de France, kt\u00f3ry ma si\u0119 rozpocz\u0105\u0107 29 czerwca. Nikt nie da sobie jednak uci\u0105\u0107 r\u0119ki, \u017ce do tego czasu sytuacji w Europie wr\u00f3ci do normy, wi\u0119c organizatorzy Wielkiej P\u0119tli bior\u0105 pod uwag\u0119 r\u00f3\u017cne scenariusze.<\/p>\n<p>&#8211; Rozwa\u017camy te\u017c mo\u017cliwo\u015b\u0107 rozegrania wy\u015bcigu bez udzia\u0142u kibic\u00f3w, ale to tylko jedna z opcji \u2013 powiedzia\u0142a francuska minister sportu Roxana Maracineanu w wywiadzie dla radia &#8222;France Bleu&#8221;.<\/p>\n<p>Francuzi maj\u0105 ju\u017c do\u015bwiadczenie w organizowaniu wy\u015bcig\u00f3w bez publiczno\u015bci, poniewa\u017c ko\u0144cowe etapy marcowego Pary\u017c \u2013 Nicea te\u017c by\u0142y zamkni\u0119te dla kibic\u00f3w. Po tym wy\u015bcigu UCI odwo\u0142a\u0142a jednak wszystkie zawody co najmniej do 3 kwietnia.<\/p>\n<p>Organizatorom Tour de France zale\u017cy jednak na utrzymaniu tradycji i ci\u0105g\u0142o\u015bci najwi\u0119kszego wy\u015bcigu \u015bwiata, kt\u00f3ry odbywa si\u0119 od 1903 r. i by\u0142 przerywany tylko z powodu I raz II wojny \u015bwiatowej. Wcze\u015bniej i p\u00f3\u017aniej na \u015bwiecie dzia\u0142y si\u0119 r\u00f3\u017cne rzeczy, ale \u017cadna nie spowodowa\u0142a odwo\u0142ania imprezy.<\/p>\n<h2><strong>A mo\u017ce listopad?<\/strong><\/h2>\n<p>Ca\u0142y kolarski \u015bwiata chce, by tegoroczna Wielka P\u0119tla odby\u0142a si\u0119, ale nie za wszelk\u0105 cen\u0105. Dlatego w wypowiedziach zawodnik\u00f3w panuje narracja: \u201eStartujmy, ale w p\u00f3\u017aniejszym terminie\u201d.<\/p>\n<p>&#8211; Je\u015bli nie uda si\u0119 przegoni\u0107 koronawirusa, to lepiej przesun\u0105\u0107 Tour lub w og\u00f3le odwo\u0142a\u0107. Organizowanie go za wszelk\u0105 to nie jest dobry pomys\u0142 \u2013 uwa\u017ca Marcel Kittel, zawodnik Team Katusha-Alpecin.<\/p>\n<p>Podobne zdanie ma Warren Barguil z Fortuneo\u2013Samsic.<\/p>\n<p>&#8211; Przecie\u017c nie mo\u017cemy zabroni\u0107 ludziom stania przy trasie, poza tym organizowanie wy\u015bcigu bez kibic\u00f3w mija si\u0119 z celem. Dlatego najlepiej, \u017ceby Tour de France zosta\u0142 prze\u0142o\u017cony \u2013 uwa\u017ca francuski kolarz.<\/p>\n<p>Na korzy\u015b\u0107 organizator\u00f3w Wielkiej P\u0119tli dzia\u0142a\u2026 odwo\u0142anie igrzysk olimpijskich w Tokio. Dzi\u0119ki temu w kalendarzu zwalniaj\u0105 si\u0119 wolne terminy, a cz\u0119\u015b\u0107 zawodnik\u00f3w ju\u017c g\u0142o\u015bno m\u00f3wi, \u017ce dla nich Tour de France mog\u0142oby si\u0119 odby\u0107 nawet w listopadzie.<\/p>\n<p>Wed\u0142ug nieoficjalnych informacji ostateczna decyzja w sprawie tegorocznej Wielkiej P\u0119tli ma zapa\u015b\u0107 do 15 maja.<\/p>\n<p>&nbsp;<\/p>\n<p><span data-sheets-value=\"{&quot;1&quot;:2,&quot;2&quot;:&quot;Artyku\u0142 powsta\u0142 we wsp\u00f3\u0142pracy ze skoda-auto.pl&quot;}\" data-sheets-userformat=\"{&quot;2&quot;:1,&quot;3&quot;:{&quot;1&quot;:0}}\" data-sheets-hyperlink=\"http:\/\/www.skoda-auto.pl\/\"><a class=\"in-cell-link\" href=\"http:\/\/www.skoda-auto.pl\/\" target=\"_blank\" rel=\"noopener\">Artyku\u0142 powsta\u0142 we wsp\u00f3\u0142pracy ze skoda-auto.pl<\/a><\/span><\/p>\n<p><a href=\"https:\/\/sklep.skoda.pl\/pl\/sklep\/b\/331\/rowery-i-akcesoria-rowery.html\"><img loading=\"lazy\" decoding=\"async\" class=\"aligncenter wp-image-9608 size-full loading\" src=\"https:\/\/d2p6e6u75xmxt8.cloudfront.net\/5\/2019\/08\/baner_WLC_640x350_3.png\" sizes=\"auto, (max-width: 640px) 100vw, 640px\" srcset=\"https:\/\/d2p6e6u75xmxt8.cloudfront.net\/5\/2019\/08\/baner_WLC_640x350_3.png 640w, https:\/\/d2p6e6u75xmxt8.cloudfront.net\/5\/2019\/08\/baner_WLC_640x350_3-300x164.png 300w\" alt=\"\" width=\"640\" height=\"350\" data-was-processed=\"true\" \/><\/a><\/p>\n","protected":false},"excerpt":{"rendered":"<p>Pad\u0142 pomys\u0142, by tegoroczny Tour de France odby\u0142 si\u0119 zgodnie z planem, ale bez udzia\u0142u publiczno\u015bci. \u2013Trudno sobie to wyobrazi\u0107. [&hellip;]<\/p>\n","protected":false},"author":76,"featured_media":9570,"comment_status":"open","ping_status":"open","sticky":false,"template":"","format":"standard","meta":{"footnotes":""},"categories":[321],"tags":[],"global-categories":[303],"class_list":["post-10490","post","type-post","status-publish","format-standard","has-post-thumbnail","hentry","category-tour-de-france-2020","global-categories-cycling"],"yoast_head":"<!-- This site is optimized with the Yoast SEO Premium plugin v25.3 (Yoast SEO v25.9) - https:\/\/yoast.com\/wordpress\/plugins\/seo\/ -->\n<title>Tour de France pojedzie bez kibic\u00f3w? \u201eTo jedna z opcji\u201d - \u0160koda We Love Cycling - Poland<\/title>\n<meta name=\"robots\" content=\"index, follow, max-snippet:-1, max-image-preview:large, max-video-preview:-1\" \/>\n<link rel=\"canonical\" href=\"https:\/\/www.welovecycling.com\/pl\/2020\/04\/01\/tour-de-france-pojedzie-bez-kibicow-to-jedna-z-opcji\/\" \/>\n<meta property=\"og:locale\" content=\"pl_PL\" \/>\n<meta property=\"og:type\" content=\"article\" \/>\n<meta property=\"og:title\" content=\"Tour de France pojedzie bez kibic\u00f3w? \u201eTo jedna z opcji\u201d\" \/>\n<meta property=\"og:description\" content=\"Pad\u0142 pomys\u0142, by tegoroczny Tour de France odby\u0142 si\u0119 zgodnie z planem, ale bez udzia\u0142u publiczno\u015bci. \u2013Trudno sobie to wyobrazi\u0107. [&hellip;]\" \/>\n<meta property=\"og:url\" content=\"https:\/\/www.welovecycling.com\/pl\/2020\/04\/01\/tour-de-france-pojedzie-bez-kibicow-to-jedna-z-opcji\/\" \/>\n<meta property=\"og:site_name\" content=\"\u0160koda We Love Cycling - Poland\" \/>\n<meta property=\"article:published_time\" content=\"2020-04-01T17:44:33+00:00\" \/>\n<meta property=\"article:modified_time\" content=\"2020-04-02T08:31:57+00:00\" \/>\n<meta property=\"og:image\" content=\"https:\/\/d2p6e6u75xmxt8.cloudfront.net\/5\/2019\/08\/DSC_2656-1024x682.jpg\" \/>\n\t<meta property=\"og:image:width\" content=\"1024\" \/>\n\t<meta property=\"og:image:height\" content=\"682\" \/>\n\t<meta property=\"og:image:type\" content=\"image\/jpeg\" \/>\n<meta name=\"author\" content=\"piotrboczkowski\" \/>\n<meta name=\"twitter:card\" content=\"summary_large_image\" \/>\n<meta name=\"twitter:label1\" content=\"Written by\" \/>\n\t<meta name=\"twitter:data1\" content=\"Piotr Nowik\" \/>\n\t<meta name=\"twitter:label2\" content=\"Est. reading time\" \/>\n\t<meta name=\"twitter:data2\" content=\"2 minutes\" \/>\n<script type=\"application\/ld+json\" class=\"yoast-schema-graph\">{\"@context\":\"https:\/\/schema.org\",\"@graph\":[{\"@type\":\"WebPage\",\"@id\":\"https:\/\/www.welovecycling.com\/pl\/2020\/04\/01\/tour-de-france-pojedzie-bez-kibicow-to-jedna-z-opcji\/\",\"url\":\"https:\/\/www.welovecycling.com\/pl\/2020\/04\/01\/tour-de-france-pojedzie-bez-kibicow-to-jedna-z-opcji\/\",\"name\":\"Tour de France pojedzie bez kibic\u00f3w? \u201eTo jedna z opcji\u201d - \u0160koda We Love Cycling - Poland\",\"isPartOf\":{\"@id\":\"https:\/\/www.welovecycling.com\/pl\/#website\"},\"primaryImageOfPage\":{\"@id\":\"https:\/\/www.welovecycling.com\/pl\/2020\/04\/01\/tour-de-france-pojedzie-bez-kibicow-to-jedna-z-opcji\/#primaryimage\"},\"image\":{\"@id\":\"https:\/\/www.welovecycling.com\/pl\/2020\/04\/01\/tour-de-france-pojedzie-bez-kibicow-to-jedna-z-opcji\/#primaryimage\"},\"thumbnailUrl\":\"https:\/\/d2p6e6u75xmxt8.cloudfront.net\/5\/2019\/08\/DSC_2656.jpg\",\"datePublished\":\"2020-04-01T17:44:33+00:00\",\"dateModified\":\"2020-04-02T08:31:57+00:00\",\"author\":{\"@id\":\"https:\/\/www.welovecycling.com\/pl\/#\/schema\/person\/0dba2d39da943db9df3fd8f4687e7f23\"},\"breadcrumb\":{\"@id\":\"https:\/\/www.welovecycling.com\/pl\/2020\/04\/01\/tour-de-france-pojedzie-bez-kibicow-to-jedna-z-opcji\/#breadcrumb\"},\"inLanguage\":\"pl-PL\",\"potentialAction\":[{\"@type\":\"ReadAction\",\"target\":[\"https:\/\/www.welovecycling.com\/pl\/2020\/04\/01\/tour-de-france-pojedzie-bez-kibicow-to-jedna-z-opcji\/\"]}]},{\"@type\":\"ImageObject\",\"inLanguage\":\"pl-PL\",\"@id\":\"https:\/\/www.welovecycling.com\/pl\/2020\/04\/01\/tour-de-france-pojedzie-bez-kibicow-to-jedna-z-opcji\/#primaryimage\",\"url\":\"https:\/\/d2p6e6u75xmxt8.cloudfront.net\/5\/2019\/08\/DSC_2656.jpg\",\"contentUrl\":\"https:\/\/d2p6e6u75xmxt8.cloudfront.net\/5\/2019\/08\/DSC_2656.jpg\",\"width\":3000,\"height\":1997},{\"@type\":\"BreadcrumbList\",\"@id\":\"https:\/\/www.welovecycling.com\/pl\/2020\/04\/01\/tour-de-france-pojedzie-bez-kibicow-to-jedna-z-opcji\/#breadcrumb\",\"itemListElement\":[{\"@type\":\"ListItem\",\"position\":1,\"name\":\"Home\",\"item\":\"https:\/\/www.welovecycling.com\/pl\/\"},{\"@type\":\"ListItem\",\"position\":2,\"name\":\"Tour de France pojedzie bez kibic\u00f3w? \u201eTo jedna z opcji\u201d\"}]},{\"@type\":\"WebSite\",\"@id\":\"https:\/\/www.welovecycling.com\/pl\/#website\",\"url\":\"https:\/\/www.welovecycling.com\/pl\/\",\"name\":\"\u0160koda We Love Cycling - Poland\",\"description\":\"\",\"potentialAction\":[{\"@type\":\"SearchAction\",\"target\":{\"@type\":\"EntryPoint\",\"urlTemplate\":\"https:\/\/www.welovecycling.com\/pl\/?s={search_term_string}\"},\"query-input\":{\"@type\":\"PropertyValueSpecification\",\"valueRequired\":true,\"valueName\":\"search_term_string\"}}],\"inLanguage\":\"pl-PL\"},{\"@type\":\"Person\",\"@id\":\"https:\/\/www.welovecycling.com\/pl\/#\/schema\/person\/0dba2d39da943db9df3fd8f4687e7f23\",\"name\":\"piotrboczkowski\",\"image\":{\"@type\":\"ImageObject\",\"inLanguage\":\"pl-PL\",\"@id\":\"https:\/\/www.welovecycling.com\/pl\/#\/schema\/person\/image\/\",\"url\":\"https:\/\/secure.gravatar.com\/avatar\/533caccae14752e03a2ce2d3fd62d1b98b93e1393c3195c27819e53344ca1ace?s=96&d=mm&r=g\",\"contentUrl\":\"https:\/\/secure.gravatar.com\/avatar\/533caccae14752e03a2ce2d3fd62d1b98b93e1393c3195c27819e53344ca1ace?s=96&d=mm&r=g\",\"caption\":\"piotrboczkowski\"},\"url\":\"https:\/\/www.welovecycling.com\/pl\/author\/piotrboczkowski\/\"}]}<\/script>\n<!-- \/ Yoast SEO Premium plugin. -->","yoast_head_json":{"title":"Tour de France pojedzie bez kibic\u00f3w? \u201eTo jedna z opcji\u201d - \u0160koda We Love Cycling - Poland","robots":{"index":"index","follow":"follow","max-snippet":"max-snippet:-1","max-image-preview":"max-image-preview:large","max-video-preview":"max-video-preview:-1"},"canonical":"https:\/\/www.welovecycling.com\/pl\/2020\/04\/01\/tour-de-france-pojedzie-bez-kibicow-to-jedna-z-opcji\/","og_locale":"pl_PL","og_type":"article","og_title":"Tour de France pojedzie bez kibic\u00f3w? \u201eTo jedna z opcji\u201d","og_description":"Pad\u0142 pomys\u0142, by tegoroczny Tour de France odby\u0142 si\u0119 zgodnie z planem, ale bez udzia\u0142u publiczno\u015bci. \u2013Trudno sobie to wyobrazi\u0107. [&hellip;]","og_url":"https:\/\/www.welovecycling.com\/pl\/2020\/04\/01\/tour-de-france-pojedzie-bez-kibicow-to-jedna-z-opcji\/","og_site_name":"\u0160koda We Love Cycling - Poland","article_published_time":"2020-04-01T17:44:33+00:00","article_modified_time":"2020-04-02T08:31:57+00:00","og_image":[{"width":1024,"height":682,"url":"https:\/\/d2p6e6u75xmxt8.cloudfront.net\/5\/2019\/08\/DSC_2656-1024x682.jpg","type":"image\/jpeg"}],"author":"piotrboczkowski","twitter_card":"summary_large_image","twitter_misc":{"Written by":"Piotr Nowik","Est. reading time":"2 minutes"},"schema":{"@context":"https:\/\/schema.org","@graph":[{"@type":"WebPage","@id":"https:\/\/www.welovecycling.com\/pl\/2020\/04\/01\/tour-de-france-pojedzie-bez-kibicow-to-jedna-z-opcji\/","url":"https:\/\/www.welovecycling.com\/pl\/2020\/04\/01\/tour-de-france-pojedzie-bez-kibicow-to-jedna-z-opcji\/","name":"Tour de France pojedzie bez kibic\u00f3w? \u201eTo jedna z opcji\u201d - \u0160koda We Love Cycling - Poland","isPartOf":{"@id":"https:\/\/www.welovecycling.com\/pl\/#website"},"primaryImageOfPage":{"@id":"https:\/\/www.welovecycling.com\/pl\/2020\/04\/01\/tour-de-france-pojedzie-bez-kibicow-to-jedna-z-opcji\/#primaryimage"},"image":{"@id":"https:\/\/www.welovecycling.com\/pl\/2020\/04\/01\/tour-de-france-pojedzie-bez-kibicow-to-jedna-z-opcji\/#primaryimage"},"thumbnailUrl":"https:\/\/d2p6e6u75xmxt8.cloudfront.net\/5\/2019\/08\/DSC_2656.jpg","datePublished":"2020-04-01T17:44:33+00:00","dateModified":"2020-04-02T08:31:57+00:00","author":{"@id":"https:\/\/www.welovecycling.com\/pl\/#\/schema\/person\/0dba2d39da943db9df3fd8f4687e7f23"},"breadcrumb":{"@id":"https:\/\/www.welovecycling.com\/pl\/2020\/04\/01\/tour-de-france-pojedzie-bez-kibicow-to-jedna-z-opcji\/#breadcrumb"},"inLanguage":"pl-PL","potentialAction":[{"@type":"ReadAction","target":["https:\/\/www.welovecycling.com\/pl\/2020\/04\/01\/tour-de-france-pojedzie-bez-kibicow-to-jedna-z-opcji\/"]}]},{"@type":"ImageObject","inLanguage":"pl-PL","@id":"https:\/\/www.welovecycling.com\/pl\/2020\/04\/01\/tour-de-france-pojedzie-bez-kibicow-to-jedna-z-opcji\/#primaryimage","url":"https:\/\/d2p6e6u75xmxt8.cloudfront.net\/5\/2019\/08\/DSC_2656.jpg","contentUrl":"https:\/\/d2p6e6u75xmxt8.cloudfront.net\/5\/2019\/08\/DSC_2656.jpg","width":3000,"height":1997},{"@type":"BreadcrumbList","@id":"https:\/\/www.welovecycling.com\/pl\/2020\/04\/01\/tour-de-france-pojedzie-bez-kibicow-to-jedna-z-opcji\/#breadcrumb","itemListElement":[{"@type":"ListItem","position":1,"name":"Home","item":"https:\/\/www.welovecycling.com\/pl\/"},{"@type":"ListItem","position":2,"name":"Tour de France pojedzie bez kibic\u00f3w? \u201eTo jedna z opcji\u201d"}]},{"@type":"WebSite","@id":"https:\/\/www.welovecycling.com\/pl\/#website","url":"https:\/\/www.welovecycling.com\/pl\/","name":"\u0160koda We Love Cycling - Poland","description":"","potentialAction":[{"@type":"SearchAction","target":{"@type":"EntryPoint","urlTemplate":"https:\/\/www.welovecycling.com\/pl\/?s={search_term_string}"},"query-input":{"@type":"PropertyValueSpecification","valueRequired":true,"valueName":"search_term_string"}}],"inLanguage":"pl-PL"},{"@type":"Person","@id":"https:\/\/www.welovecycling.com\/pl\/#\/schema\/person\/0dba2d39da943db9df3fd8f4687e7f23","name":"piotrboczkowski","image":{"@type":"ImageObject","inLanguage":"pl-PL","@id":"https:\/\/www.welovecycling.com\/pl\/#\/schema\/person\/image\/","url":"https:\/\/secure.gravatar.com\/avatar\/533caccae14752e03a2ce2d3fd62d1b98b93e1393c3195c27819e53344ca1ace?s=96&d=mm&r=g","contentUrl":"https:\/\/secure.gravatar.com\/avatar\/533caccae14752e03a2ce2d3fd62d1b98b93e1393c3195c27819e53344ca1ace?s=96&d=mm&r=g","caption":"piotrboczkowski"},"url":"https:\/\/www.welovecycling.com\/pl\/author\/piotrboczkowski\/"}]}},"_links":{"self":[{"href":"https:\/\/www.welovecycling.com\/pl\/wp-json\/wp\/v2\/posts\/10490","targetHints":{"allow":["GET"]}}],"collection":[{"href":"https:\/\/www.welovecycling.com\/pl\/wp-json\/wp\/v2\/posts"}],"about":[{"href":"https:\/\/www.welovecycling.com\/pl\/wp-json\/wp\/v2\/types\/post"}],"author":[{"embeddable":true,"href":"https:\/\/www.welovecycling.com\/pl\/wp-json\/wp\/v2\/users\/76"}],"replies":[{"embeddable":true,"href":"https:\/\/www.welovecycling.com\/pl\/wp-json\/wp\/v2\/comments?post=10490"}],"version-history":[{"count":2,"href":"https:\/\/www.welovecycling.com\/pl\/wp-json\/wp\/v2\/posts\/10490\/revisions"}],"predecessor-version":[{"id":10493,"href":"https:\/\/www.welovecycling.com\/pl\/wp-json\/wp\/v2\/posts\/10490\/revisions\/10493"}],"wp:featuredmedia":[{"embeddable":true,"href":"https:\/\/www.welovecycling.com\/pl\/wp-json\/wp\/v2\/media\/9570"}],"wp:attachment":[{"href":"https:\/\/www.welovecycling.com\/pl\/wp-json\/wp\/v2\/media?parent=10490"}],"wp:term":[{"taxonomy":"category","embeddable":true,"href":"https:\/\/www.welovecycling.com\/pl\/wp-json\/wp\/v2\/categories?post=10490"},{"taxonomy":"post_tag","embeddable":true,"href":"https:\/\/www.welovecycling.com\/pl\/wp-json\/wp\/v2\/tags?post=10490"},{"taxonomy":"global-categories","embeddable":true,"href":"https:\/\/www.welovecycling.com\/pl\/wp-json\/wp\/v2\/global-categories?post=10490"}],"curies":[{"name":"wp","href":"https:\/\/api.w.org\/{rel}","templated":true}]}}