{"id":10487,"date":"2020-03-31T15:42:45","date_gmt":"2020-03-31T15:42:45","guid":{"rendered":"https:\/\/www.welovecycling.com\/pl\/?p=10487"},"modified":"2020-03-31T15:42:45","modified_gmt":"2020-03-31T15:42:45","slug":"pokonal-nie-tylko-rywali-wygral-nierowna-walke-i-wszedl-do-historii-kolarstwa","status":"publish","type":"post","link":"https:\/\/www.welovecycling.com\/pl\/2020\/03\/31\/pokonal-nie-tylko-rywali-wygral-nierowna-walke-i-wszedl-do-historii-kolarstwa\/","title":{"rendered":"Pokona\u0142 nie tylko rywali! Wygra\u0142 nier\u00f3wn\u0105 walk\u0119 i wszed\u0142 do historii kolarstwa!"},"content":{"rendered":"<p><strong>Ponad 50 lat czeka\u0142o Tour de France na \u015bmia\u0142ka, kt\u00f3ry wygra ten wy\u015bcig trzy razy z rz\u0119du. A\u017c w ko\u0144cu &#8211; ku wielkiej uciesze Francuz\u00f3w &#8211; pojawi\u0142 si\u0119 Louison Bobet, kt\u00f3ry w walce o wej\u015bcie do historii pokona\u0142 nawet nowotw\u00f3r.<\/strong><\/p>\n<p>Jego losy by\u0142o mocno pokr\u0119cone, ale zawsze zahacza\u0142y o sport. By\u0142a s\u0142abo\u015b\u0107 do pi\u0142ki no\u017cnej, \u015bwietnie wyniki w tenisie sto\u0142owym, ale na ko\u0144cu wygra\u0142o kolarstwo. I skorzysta\u0142 na tym zar\u00f3wno Bobet, jak i ca\u0142a dyscyplina.<\/p>\n<h2><strong>Zachwyty nad dwulatkiem<\/strong><\/h2>\n<p>Jego ojciec kocha\u0142 sport i t\u0119 mi\u0142o\u015b\u0107 zaszczepia\u0142 swoim dzieciom. Louison mia\u0142 to szcz\u0119\u015bcie, \u017ce pan Bobet nie ba\u0142 si\u0119 r\u00f3wnie\u017c niepopularnych metod wychowawczych i dziecko na rower wsadzi\u0142 ju\u017c w wieku\u2026 dw\u00f3ch lat.<\/p>\n<p>Mieszka\u0144cy jego rodzinnego Saint-M\u00e9en-le-Grand nie mogli si\u0119 nadziwi\u0107, \u017ce takie male\u0144stwo jest w stanie utrzyma\u0107 r\u00f3wnowag\u0119. Dzi\u0119ki temu Louison sta\u0142 si\u0119 tak popularny, \u017ce jego zdj\u0119cie na rowerku ukaza\u0142o si\u0119 w jednym z regionalnych dziennik\u00f3w.<\/p>\n<p>Jak si\u0119 p\u00f3\u017aniej okaza\u0142o, by\u0142o to pierwsze przetarcie szlak\u00f3w przed aparatami, kamerami i t\u0142umami dziennikarzy, kt\u00f3rzy za kilkana\u015bcie lat mieli na niego czeka\u0107 na metach wielkich wy\u015bcig\u00f3w.<\/p>\n<h2><strong>Zap\u0142akany zszed\u0142 z trasy<\/strong><\/h2>\n<p>Nauk\u0119 w szkole podstawowej godzi\u0142 z prac\u0105, a przede wszystkim z mi\u0142o\u015bci\u0105 do roweru, bo jako ch\u0142opiec pomaga\u0142 ojcu w piekarni dowozi\u0107 klientom pieczywo. Do tego r\u00f3wnolegle trenowa\u0142 pi\u0142k\u0119 no\u017cn\u0105 i tenis sto\u0142owy. W tym drugim sporcie pocz\u0105tkowo zapowiada\u0142 si\u0119 nawet lepiej ni\u017c w kolarstwie, ale w ko\u0144cu wygra\u0142a pasja do roweru. Jak si\u0119 p\u00f3\u017aniej okaza\u0142o, by\u0142o to r\u00f3wnie\u017c zwyci\u0119stwo ca\u0142ej Francji.<\/p>\n<p>Jego kariera zacz\u0119\u0142a rozwija\u0107 si\u0119 po osi\u0105gni\u0119ciu pe\u0142noletno\u015bci. Na pocz\u0105tku nie by\u0142 uwa\u017cany za wielki talent, ale trenerzy widzieli w nim diament, kt\u00f3ry potrzebowa\u0142 mocnego oszlifowania.<\/p>\n<p>Wszystko stan\u0119\u0142o jednak po znakiem zapytania podczas debiutu na Tour de France w 1947 r. Bobet nie wytrzyma\u0142 tam morderczej wspinaczki w Alpach i p\u0142acz\u0105c zszed\u0142 z trasy. \u00a0Taka pora\u017cka by\u0142a wyj\u0105tkowo bolesna, szczeg\u00f3lnie \u017ce prasa nie zostawi\u0142a na nim suchej nitki. Wtedy jednak zrodzi\u0142y si\u0119 w nim kluczowe dla kolarza cechy, czyli pracowito\u015b\u0107 i ambicja. Bobetowi ci\u0105gle jednak brakowa\u0142o sprytu i chwil\u0119 potrwa\u0142o, zanim z \u017c\u00f3\u0142todzioba zamieni\u0142 si\u0119 kolarskiego wyjadacza.<\/p>\n<figure style=\"width: 800px\" class=\"wp-caption alignnone\"><img loading=\"lazy\" decoding=\"async\" src=\"https:\/\/upload.wikimedia.org\/wikipedia\/commons\/thumb\/a\/a0\/Louison_Bobet_%281951%29.jpg\/800px-Louison_Bobet_%281951%29.jpg\" alt=\"Louison Bobet (1951).jpg\" width=\"800\" height=\"1067\" \/><figcaption class=\"wp-caption-text\">https:\/\/en.wikipedia.org\/wiki\/Louison_Bobet#\/media\/File:Louison_Bobet_(1951).jpg<\/figcaption><\/figure>\n<h2><strong>Wielka wygrana w nier\u00f3wnej walce<\/strong><\/h2>\n<p>W 1950 r. da\u0142 sygna\u0142, \u017ce w przysz\u0142o\u015bci b\u0119d\u0105 musieli si\u0119 z nim liczy\u0107 najmocniejsi kolarze \u015bwiata, bo wygra\u0142 klasyfikacj\u0119 g\u00f3rsk\u0105 Tour de France, a w generalnej zaj\u0105\u0142 trzecie miejsce.<\/p>\n<p>P\u00f3\u017aniej Bobet b\u0142ysn\u0105\u0142 w kilku powa\u017cnych wy\u015bcigach, ale nie potrafi\u0142 si\u0119 przebi\u0107 w Wielkiej P\u0119tli. Powoli zacz\u0119to przykleja\u0107 mu \u0142atk\u0119 zawodnika, kt\u00f3ry nie jest w stanie wygra\u0107 wy\u015bcigu wieloetapowego, gdy nadszed\u0142 1953 r. Francuzi wiwatowali na jego cze\u015b\u0107, a na mecie w Pary\u017cu wygranej w Tour de France pogratulowa\u0142 mu sam Maurice Garin, pierwszy zwyci\u0119zca w historii tego wy\u015bcigu.<\/p>\n<p>Rok p\u00f3\u017aniej Bobet zn\u00f3w triumfowa\u0142, a w 1955 r. sta\u0142 si\u0119 pierwszy kolarzem, kt\u00f3ry wygra\u0142 Wielk\u0105 P\u0119tl\u0119 trzy razy z rz\u0119du. Po trzeci triumf jecha\u0142 wycie\u0144czony, bo ju\u017c wtedy podejrzewano, \u017ce toczy walk\u0119 nie tylko z przeciwnikami. Zachodzi\u0142o bowiem podejrzenie granicz\u0105ce z pewno\u015bci\u0105, \u017ce w organizmie rozwija si\u0119 nowotw\u00f3r. Mimo to Francuz przetrwa\u0142 t\u0105 trudn\u0105 oraz nier\u00f3wn\u0105 walk\u0119 i przeszed\u0142 do historii Wielkiej P\u0119tli.<\/p>\n<h2><strong>Walka z samym sob\u0105<\/strong><\/h2>\n<p>Lekarze odradzali mu kolejne starty, ale mimo to postanowi\u0142 spr\u00f3bowa\u0107 si\u0142 w Wielkiej P\u0119tli w 1958 r. Dziennikarze pisali, \u017ce wygl\u0105da na cz\u0142owieka nies\u0142ychanie wyczerpanego, dla kt\u00f3rego ka\u017cde naci\u015bni\u0119cie na peda\u0142y jest m\u0119k\u0105. Mimo to na met\u0119 wjecha\u0142 si\u00f3dmy, cho\u0107 wielkim wyczynem by\u0142o ju\u017c uko\u0144czenie wy\u015bcigu.<\/p>\n<p>Karier\u0119 zako\u0144czy\u0142 dwa lata p\u00f3\u017aniej, gdy wraz z bratem uleg\u0142 wypadkowi samochodowemu. Zmar\u0142 w 1983 r., przegrywaj\u0105c walk\u0119 z rakiem.<\/p>\n<p><span data-sheets-value=\"{&quot;1&quot;:2,&quot;2&quot;:&quot;Artyku\u0142 powsta\u0142 we wsp\u00f3\u0142pracy ze skoda-auto.pl&quot;}\" data-sheets-userformat=\"{&quot;2&quot;:1,&quot;3&quot;:{&quot;1&quot;:0}}\" data-sheets-hyperlink=\"http:\/\/www.skoda-auto.pl\/\"><a class=\"in-cell-link\" href=\"http:\/\/www.skoda-auto.pl\/\" target=\"_blank\" rel=\"noopener\">Artyku\u0142 powsta\u0142 we wsp\u00f3\u0142pracy ze skoda-auto.pl<\/a><\/span><\/p>\n<p><a href=\"https:\/\/sklep.skoda.pl\/pl\/sklep\/b\/331\/rowery-i-akcesoria-rowery.html\"><img loading=\"lazy\" decoding=\"async\" class=\"aligncenter wp-image-9608 size-full loading\" src=\"https:\/\/d2p6e6u75xmxt8.cloudfront.net\/5\/2019\/08\/baner_WLC_640x350_3.png\" sizes=\"auto, (max-width: 640px) 100vw, 640px\" srcset=\"https:\/\/d2p6e6u75xmxt8.cloudfront.net\/5\/2019\/08\/baner_WLC_640x350_3.png 640w, https:\/\/d2p6e6u75xmxt8.cloudfront.net\/5\/2019\/08\/baner_WLC_640x350_3-300x164.png 300w\" alt=\"\" width=\"640\" height=\"350\" data-was-processed=\"true\" \/><\/a><\/p>\n<p>&nbsp;<\/p>\n","protected":false},"excerpt":{"rendered":"<p>Ponad 50 lat czeka\u0142o Tour de France na \u015bmia\u0142ka, kt\u00f3ry wygra ten wy\u015bcig trzy razy z rz\u0119du. A\u017c w ko\u0144cu [&hellip;]<\/p>\n","protected":false},"author":76,"featured_media":10488,"comment_status":"open","ping_status":"open","sticky":false,"template":"","format":"standard","meta":{"footnotes":""},"categories":[226,325],"tags":[],"global-categories":[303],"class_list":["post-10487","post","type-post","status-publish","format-standard","has-post-thumbnail","hentry","category-ciekawostki","category-historia","global-categories-cycling"],"yoast_head":"<!-- This site is optimized with the Yoast SEO Premium plugin v25.3 (Yoast SEO v25.9) - https:\/\/yoast.com\/wordpress\/plugins\/seo\/ -->\n<title>Pokona\u0142 nie tylko rywali! Wygra\u0142 nier\u00f3wn\u0105 walk\u0119 i wszed\u0142 do historii kolarstwa! - \u0160koda We Love Cycling - Poland<\/title>\n<meta name=\"robots\" content=\"index, follow, max-snippet:-1, max-image-preview:large, max-video-preview:-1\" \/>\n<link rel=\"canonical\" href=\"https:\/\/www.welovecycling.com\/pl\/2020\/03\/31\/pokonal-nie-tylko-rywali-wygral-nierowna-walke-i-wszedl-do-historii-kolarstwa\/\" \/>\n<meta property=\"og:locale\" content=\"pl_PL\" \/>\n<meta property=\"og:type\" content=\"article\" \/>\n<meta property=\"og:title\" content=\"Pokona\u0142 nie tylko rywali! Wygra\u0142 nier\u00f3wn\u0105 walk\u0119 i wszed\u0142 do historii kolarstwa!\" \/>\n<meta property=\"og:description\" content=\"Ponad 50 lat czeka\u0142o Tour de France na \u015bmia\u0142ka, kt\u00f3ry wygra ten wy\u015bcig trzy razy z rz\u0119du. A\u017c w ko\u0144cu [&hellip;]\" \/>\n<meta property=\"og:url\" content=\"https:\/\/www.welovecycling.com\/pl\/2020\/03\/31\/pokonal-nie-tylko-rywali-wygral-nierowna-walke-i-wszedl-do-historii-kolarstwa\/\" \/>\n<meta property=\"og:site_name\" content=\"\u0160koda We Love Cycling - Poland\" \/>\n<meta property=\"article:published_time\" content=\"2020-03-31T15:42:45+00:00\" \/>\n<meta property=\"og:image\" content=\"https:\/\/d2p6e6u75xmxt8.cloudfront.net\/5\/2020\/03\/Louison_Bobet_Tour_de_France_1954.jpg\" \/>\n\t<meta property=\"og:image:width\" content=\"1024\" \/>\n\t<meta property=\"og:image:height\" content=\"803\" \/>\n\t<meta property=\"og:image:type\" content=\"image\/jpeg\" \/>\n<meta name=\"author\" content=\"piotrboczkowski\" \/>\n<meta name=\"twitter:card\" content=\"summary_large_image\" \/>\n<meta name=\"twitter:label1\" content=\"Written by\" \/>\n\t<meta name=\"twitter:data1\" content=\"Piotr Nowik\" \/>\n\t<meta name=\"twitter:label2\" content=\"Est. reading time\" \/>\n\t<meta name=\"twitter:data2\" content=\"4 minutes\" \/>\n<script type=\"application\/ld+json\" class=\"yoast-schema-graph\">{\"@context\":\"https:\/\/schema.org\",\"@graph\":[{\"@type\":\"WebPage\",\"@id\":\"https:\/\/www.welovecycling.com\/pl\/2020\/03\/31\/pokonal-nie-tylko-rywali-wygral-nierowna-walke-i-wszedl-do-historii-kolarstwa\/\",\"url\":\"https:\/\/www.welovecycling.com\/pl\/2020\/03\/31\/pokonal-nie-tylko-rywali-wygral-nierowna-walke-i-wszedl-do-historii-kolarstwa\/\",\"name\":\"Pokona\u0142 nie tylko rywali! Wygra\u0142 nier\u00f3wn\u0105 walk\u0119 i wszed\u0142 do historii kolarstwa! - \u0160koda We Love Cycling - Poland\",\"isPartOf\":{\"@id\":\"https:\/\/www.welovecycling.com\/pl\/#website\"},\"primaryImageOfPage\":{\"@id\":\"https:\/\/www.welovecycling.com\/pl\/2020\/03\/31\/pokonal-nie-tylko-rywali-wygral-nierowna-walke-i-wszedl-do-historii-kolarstwa\/#primaryimage\"},\"image\":{\"@id\":\"https:\/\/www.welovecycling.com\/pl\/2020\/03\/31\/pokonal-nie-tylko-rywali-wygral-nierowna-walke-i-wszedl-do-historii-kolarstwa\/#primaryimage\"},\"thumbnailUrl\":\"https:\/\/d2p6e6u75xmxt8.cloudfront.net\/5\/2020\/03\/Louison_Bobet_Tour_de_France_1954.jpg\",\"datePublished\":\"2020-03-31T15:42:45+00:00\",\"author\":{\"@id\":\"https:\/\/www.welovecycling.com\/pl\/#\/schema\/person\/0dba2d39da943db9df3fd8f4687e7f23\"},\"breadcrumb\":{\"@id\":\"https:\/\/www.welovecycling.com\/pl\/2020\/03\/31\/pokonal-nie-tylko-rywali-wygral-nierowna-walke-i-wszedl-do-historii-kolarstwa\/#breadcrumb\"},\"inLanguage\":\"pl-PL\",\"potentialAction\":[{\"@type\":\"ReadAction\",\"target\":[\"https:\/\/www.welovecycling.com\/pl\/2020\/03\/31\/pokonal-nie-tylko-rywali-wygral-nierowna-walke-i-wszedl-do-historii-kolarstwa\/\"]}]},{\"@type\":\"ImageObject\",\"inLanguage\":\"pl-PL\",\"@id\":\"https:\/\/www.welovecycling.com\/pl\/2020\/03\/31\/pokonal-nie-tylko-rywali-wygral-nierowna-walke-i-wszedl-do-historii-kolarstwa\/#primaryimage\",\"url\":\"https:\/\/d2p6e6u75xmxt8.cloudfront.net\/5\/2020\/03\/Louison_Bobet_Tour_de_France_1954.jpg\",\"contentUrl\":\"https:\/\/d2p6e6u75xmxt8.cloudfront.net\/5\/2020\/03\/Louison_Bobet_Tour_de_France_1954.jpg\",\"width\":1024,\"height\":803,\"caption\":\"https:\/\/en.wikipedia.org\/wiki\/Louison_Bobet#\/media\/File:Louison_Bobet,_Tour_de_France_1954.jpg\"},{\"@type\":\"BreadcrumbList\",\"@id\":\"https:\/\/www.welovecycling.com\/pl\/2020\/03\/31\/pokonal-nie-tylko-rywali-wygral-nierowna-walke-i-wszedl-do-historii-kolarstwa\/#breadcrumb\",\"itemListElement\":[{\"@type\":\"ListItem\",\"position\":1,\"name\":\"Home\",\"item\":\"https:\/\/www.welovecycling.com\/pl\/\"},{\"@type\":\"ListItem\",\"position\":2,\"name\":\"Pokona\u0142 nie tylko rywali! Wygra\u0142 nier\u00f3wn\u0105 walk\u0119 i wszed\u0142 do historii kolarstwa!\"}]},{\"@type\":\"WebSite\",\"@id\":\"https:\/\/www.welovecycling.com\/pl\/#website\",\"url\":\"https:\/\/www.welovecycling.com\/pl\/\",\"name\":\"\u0160koda We Love Cycling - Poland\",\"description\":\"\",\"potentialAction\":[{\"@type\":\"SearchAction\",\"target\":{\"@type\":\"EntryPoint\",\"urlTemplate\":\"https:\/\/www.welovecycling.com\/pl\/?s={search_term_string}\"},\"query-input\":{\"@type\":\"PropertyValueSpecification\",\"valueRequired\":true,\"valueName\":\"search_term_string\"}}],\"inLanguage\":\"pl-PL\"},{\"@type\":\"Person\",\"@id\":\"https:\/\/www.welovecycling.com\/pl\/#\/schema\/person\/0dba2d39da943db9df3fd8f4687e7f23\",\"name\":\"piotrboczkowski\",\"image\":{\"@type\":\"ImageObject\",\"inLanguage\":\"pl-PL\",\"@id\":\"https:\/\/www.welovecycling.com\/pl\/#\/schema\/person\/image\/\",\"url\":\"https:\/\/secure.gravatar.com\/avatar\/533caccae14752e03a2ce2d3fd62d1b98b93e1393c3195c27819e53344ca1ace?s=96&d=mm&r=g\",\"contentUrl\":\"https:\/\/secure.gravatar.com\/avatar\/533caccae14752e03a2ce2d3fd62d1b98b93e1393c3195c27819e53344ca1ace?s=96&d=mm&r=g\",\"caption\":\"piotrboczkowski\"},\"url\":\"https:\/\/www.welovecycling.com\/pl\/author\/piotrboczkowski\/\"}]}<\/script>\n<!-- \/ Yoast SEO Premium plugin. -->","yoast_head_json":{"title":"Pokona\u0142 nie tylko rywali! Wygra\u0142 nier\u00f3wn\u0105 walk\u0119 i wszed\u0142 do historii kolarstwa! - \u0160koda We Love Cycling - Poland","robots":{"index":"index","follow":"follow","max-snippet":"max-snippet:-1","max-image-preview":"max-image-preview:large","max-video-preview":"max-video-preview:-1"},"canonical":"https:\/\/www.welovecycling.com\/pl\/2020\/03\/31\/pokonal-nie-tylko-rywali-wygral-nierowna-walke-i-wszedl-do-historii-kolarstwa\/","og_locale":"pl_PL","og_type":"article","og_title":"Pokona\u0142 nie tylko rywali! Wygra\u0142 nier\u00f3wn\u0105 walk\u0119 i wszed\u0142 do historii kolarstwa!","og_description":"Ponad 50 lat czeka\u0142o Tour de France na \u015bmia\u0142ka, kt\u00f3ry wygra ten wy\u015bcig trzy razy z rz\u0119du. A\u017c w ko\u0144cu [&hellip;]","og_url":"https:\/\/www.welovecycling.com\/pl\/2020\/03\/31\/pokonal-nie-tylko-rywali-wygral-nierowna-walke-i-wszedl-do-historii-kolarstwa\/","og_site_name":"\u0160koda We Love Cycling - Poland","article_published_time":"2020-03-31T15:42:45+00:00","og_image":[{"width":1024,"height":803,"url":"https:\/\/d2p6e6u75xmxt8.cloudfront.net\/5\/2020\/03\/Louison_Bobet_Tour_de_France_1954.jpg","type":"image\/jpeg"}],"author":"piotrboczkowski","twitter_card":"summary_large_image","twitter_misc":{"Written by":"Piotr Nowik","Est. reading time":"4 minutes"},"schema":{"@context":"https:\/\/schema.org","@graph":[{"@type":"WebPage","@id":"https:\/\/www.welovecycling.com\/pl\/2020\/03\/31\/pokonal-nie-tylko-rywali-wygral-nierowna-walke-i-wszedl-do-historii-kolarstwa\/","url":"https:\/\/www.welovecycling.com\/pl\/2020\/03\/31\/pokonal-nie-tylko-rywali-wygral-nierowna-walke-i-wszedl-do-historii-kolarstwa\/","name":"Pokona\u0142 nie tylko rywali! Wygra\u0142 nier\u00f3wn\u0105 walk\u0119 i wszed\u0142 do historii kolarstwa! - \u0160koda We Love Cycling - Poland","isPartOf":{"@id":"https:\/\/www.welovecycling.com\/pl\/#website"},"primaryImageOfPage":{"@id":"https:\/\/www.welovecycling.com\/pl\/2020\/03\/31\/pokonal-nie-tylko-rywali-wygral-nierowna-walke-i-wszedl-do-historii-kolarstwa\/#primaryimage"},"image":{"@id":"https:\/\/www.welovecycling.com\/pl\/2020\/03\/31\/pokonal-nie-tylko-rywali-wygral-nierowna-walke-i-wszedl-do-historii-kolarstwa\/#primaryimage"},"thumbnailUrl":"https:\/\/d2p6e6u75xmxt8.cloudfront.net\/5\/2020\/03\/Louison_Bobet_Tour_de_France_1954.jpg","datePublished":"2020-03-31T15:42:45+00:00","author":{"@id":"https:\/\/www.welovecycling.com\/pl\/#\/schema\/person\/0dba2d39da943db9df3fd8f4687e7f23"},"breadcrumb":{"@id":"https:\/\/www.welovecycling.com\/pl\/2020\/03\/31\/pokonal-nie-tylko-rywali-wygral-nierowna-walke-i-wszedl-do-historii-kolarstwa\/#breadcrumb"},"inLanguage":"pl-PL","potentialAction":[{"@type":"ReadAction","target":["https:\/\/www.welovecycling.com\/pl\/2020\/03\/31\/pokonal-nie-tylko-rywali-wygral-nierowna-walke-i-wszedl-do-historii-kolarstwa\/"]}]},{"@type":"ImageObject","inLanguage":"pl-PL","@id":"https:\/\/www.welovecycling.com\/pl\/2020\/03\/31\/pokonal-nie-tylko-rywali-wygral-nierowna-walke-i-wszedl-do-historii-kolarstwa\/#primaryimage","url":"https:\/\/d2p6e6u75xmxt8.cloudfront.net\/5\/2020\/03\/Louison_Bobet_Tour_de_France_1954.jpg","contentUrl":"https:\/\/d2p6e6u75xmxt8.cloudfront.net\/5\/2020\/03\/Louison_Bobet_Tour_de_France_1954.jpg","width":1024,"height":803,"caption":"https:\/\/en.wikipedia.org\/wiki\/Louison_Bobet#\/media\/File:Louison_Bobet,_Tour_de_France_1954.jpg"},{"@type":"BreadcrumbList","@id":"https:\/\/www.welovecycling.com\/pl\/2020\/03\/31\/pokonal-nie-tylko-rywali-wygral-nierowna-walke-i-wszedl-do-historii-kolarstwa\/#breadcrumb","itemListElement":[{"@type":"ListItem","position":1,"name":"Home","item":"https:\/\/www.welovecycling.com\/pl\/"},{"@type":"ListItem","position":2,"name":"Pokona\u0142 nie tylko rywali! Wygra\u0142 nier\u00f3wn\u0105 walk\u0119 i wszed\u0142 do historii kolarstwa!"}]},{"@type":"WebSite","@id":"https:\/\/www.welovecycling.com\/pl\/#website","url":"https:\/\/www.welovecycling.com\/pl\/","name":"\u0160koda We Love Cycling - Poland","description":"","potentialAction":[{"@type":"SearchAction","target":{"@type":"EntryPoint","urlTemplate":"https:\/\/www.welovecycling.com\/pl\/?s={search_term_string}"},"query-input":{"@type":"PropertyValueSpecification","valueRequired":true,"valueName":"search_term_string"}}],"inLanguage":"pl-PL"},{"@type":"Person","@id":"https:\/\/www.welovecycling.com\/pl\/#\/schema\/person\/0dba2d39da943db9df3fd8f4687e7f23","name":"piotrboczkowski","image":{"@type":"ImageObject","inLanguage":"pl-PL","@id":"https:\/\/www.welovecycling.com\/pl\/#\/schema\/person\/image\/","url":"https:\/\/secure.gravatar.com\/avatar\/533caccae14752e03a2ce2d3fd62d1b98b93e1393c3195c27819e53344ca1ace?s=96&d=mm&r=g","contentUrl":"https:\/\/secure.gravatar.com\/avatar\/533caccae14752e03a2ce2d3fd62d1b98b93e1393c3195c27819e53344ca1ace?s=96&d=mm&r=g","caption":"piotrboczkowski"},"url":"https:\/\/www.welovecycling.com\/pl\/author\/piotrboczkowski\/"}]}},"_links":{"self":[{"href":"https:\/\/www.welovecycling.com\/pl\/wp-json\/wp\/v2\/posts\/10487","targetHints":{"allow":["GET"]}}],"collection":[{"href":"https:\/\/www.welovecycling.com\/pl\/wp-json\/wp\/v2\/posts"}],"about":[{"href":"https:\/\/www.welovecycling.com\/pl\/wp-json\/wp\/v2\/types\/post"}],"author":[{"embeddable":true,"href":"https:\/\/www.welovecycling.com\/pl\/wp-json\/wp\/v2\/users\/76"}],"replies":[{"embeddable":true,"href":"https:\/\/www.welovecycling.com\/pl\/wp-json\/wp\/v2\/comments?post=10487"}],"version-history":[{"count":1,"href":"https:\/\/www.welovecycling.com\/pl\/wp-json\/wp\/v2\/posts\/10487\/revisions"}],"predecessor-version":[{"id":10489,"href":"https:\/\/www.welovecycling.com\/pl\/wp-json\/wp\/v2\/posts\/10487\/revisions\/10489"}],"wp:featuredmedia":[{"embeddable":true,"href":"https:\/\/www.welovecycling.com\/pl\/wp-json\/wp\/v2\/media\/10488"}],"wp:attachment":[{"href":"https:\/\/www.welovecycling.com\/pl\/wp-json\/wp\/v2\/media?parent=10487"}],"wp:term":[{"taxonomy":"category","embeddable":true,"href":"https:\/\/www.welovecycling.com\/pl\/wp-json\/wp\/v2\/categories?post=10487"},{"taxonomy":"post_tag","embeddable":true,"href":"https:\/\/www.welovecycling.com\/pl\/wp-json\/wp\/v2\/tags?post=10487"},{"taxonomy":"global-categories","embeddable":true,"href":"https:\/\/www.welovecycling.com\/pl\/wp-json\/wp\/v2\/global-categories?post=10487"}],"curies":[{"name":"wp","href":"https:\/\/api.w.org\/{rel}","templated":true}]}}