{"id":10482,"date":"2020-03-30T18:19:06","date_gmt":"2020-03-30T18:19:06","guid":{"rendered":"https:\/\/www.welovecycling.com\/pl\/?p=10482"},"modified":"2020-03-31T08:24:07","modified_gmt":"2020-03-31T08:24:07","slug":"bartosz-huzarski-na-bogato-czy-po-lebkach","status":"publish","type":"post","link":"https:\/\/www.welovecycling.com\/pl\/2020\/03\/30\/bartosz-huzarski-na-bogato-czy-po-lebkach\/","title":{"rendered":"Bartosz Huzarski: Na bogato czy po \u0142ebkach ?"},"content":{"rendered":"<p><strong>Przez lata traktowa\u0142em kolarstwo bardzo powa\u017cnie, dalej mam do tego sportu du\u017cy sentyment i obserwuj\u0119 go z uwag\u0105. Jako profesjonalny kolarz chc\u0105c nie chc\u0105c musia\u0142em zwraca\u0107 uwag\u0119 na ka\u017cdy szczeg\u00f3\u0142 swojego \u017cycia \u2013 od dobrego snu i jedzenia poprzez jako\u015b\u0107 i merytoryk\u0119 treningu do tak nieoczywistych rzeczy, jak cho\u0107by robione na zam\u00f3wienie karbonowe wk\u0142adki do but\u00f3w. Wszystko po to, by by\u0142o na bogato \u2013 bo tylko odpowiednie inwestycje przek\u0142ada\u0142y si\u0119 na sukces.<\/strong><\/p>\n<p>Ale jak to odnie\u015b\u0107 do \u017cycia rodzinnego i pr\u00f3by zara\u017cenia dziecka jak\u0105\u015b dyscyplin\u0105 sportu? Czy i\u015b\u0107 od razu w jako\u015b\u0107, czy mo\u017ce w ilo\u015b\u0107 \u2013 i przetestowa\u0107 jak najwi\u0119cej rodzaj\u00f3w sportu? Gdy chodzi\u0142em do podstaw\u00f3wki, by\u0142y zaj\u0119cia uzupe\u0142niaj\u0105ce oraz SKS, kt\u00f3re w zale\u017cno\u015bci od prowadz\u0105cego by\u0142y bardziej lub mniej rozbudowane. Pami\u0119tam, \u017ce wi\u0119kszo\u015bci og\u00f3lnodost\u0119pnych sport\u00f3w pr\u00f3bowa\u0142em w\u0142a\u015bnie na nich. W sumie szko\u0142a powinna by\u0107 sitem, przez kt\u00f3re przesiewane s\u0105 dzieciaki pod k\u0105tem swoich predyspozycji. Jest niestety inaczej, jednak z pomoc\u0105 id\u0105 zazwyczaj p\u0142atne, ale profesjonalnie zorganizowane zaj\u0119cia w klubach sportowych.<\/p>\n<p>Tak wi\u0119c jak\u0105 drog\u0119 wybra\u0107, czy uparcie d\u0105\u017cy\u0107 do jednego celu? Skoro ja by\u0142em kolarzem, to czy wszystkie moje dzieci musz\u0105 je\u017adzi\u0107 na rowerach, koniec i kropka? Czy lepiej po\u015bwi\u0119ci\u0107 rok lub nawet dwa na podstawowe szkolenie i poznanie jak najwi\u0119kszej liczby sport\u00f3w? To dzia\u0142anie troch\u0119 chaotyczne, troch\u0119 po \u0142ebkach, takie skakanie z kwiatka na kwiatek, ale pokazuj\u0105ce wi\u0119kszy przekr\u00f3j umiej\u0119tno\u015bci, a mo\u017ce nawet ukrytych talent\u00f3w. My\u015bl\u0119, \u017ce sporo wody w Wi\u015ble up\u0142ynie, nim w Polsce powstanie rz\u0105dowy program bada\u0144 bazuj\u0105cy na testach sprawno\u015bciowych, badaniach krwi, a nawet badaniach wysi\u0142kowych. Taki program pozwoli\u0142by zidentyfikowa\u0107 predyspozycje naszego dziecka na podstawie jego wydolno\u015bci fizycznej i rodzaju w\u0142\u00f3kien mi\u0119\u015bniowych \u2013 bez potrzeby szukania albo co gorsza dokonania na pocz\u0105tku drogi z\u0142ego wyboru.<\/p>\n<p>I tym oto sposobem ostatnie s\u0142owa poprzedniego akapitu s\u0105 wst\u0119pem do obecnego. Co si\u0119 stanie, gdy wybierzemy \u017ale? Nie ulega przecie\u017c w\u0105tpliwo\u015bci, \u017ce wyboru dokonuj\u0105 rodzice. Dlatego w mojej ocenie warto zacz\u0105\u0107 wcze\u015bniej i pr\u00f3bowa\u0107, kombinowa\u0107, testowa\u0107. Pami\u0119tajmy, \u017ce w danej dyscyplinie nasze dziecko mo\u017ce pozosta\u0107 bardzo d\u0142ugo, po drodze zmienia\u0107 trener\u00f3w, kluby, a nawet kraje czy kontynenty. Warto wi\u0119c na pocz\u0105tku p\u00f3j\u015b\u0107 po \u0142ebkach, je\u015bli chodzi o nasze wydatki. Gdy ju\u017c trafimy na przyci\u0105gaj\u0105ce si\u0119 bieguny, mo\u017cemy zacz\u0105\u0107 inwestowa\u0107 w sport naszego dziecka. I tutaj bywa r\u00f3\u017cnie, w jednych dyscyplinach idzie to g\u0142adko i sprawa rozbija si\u0119 o dobre buty i str\u00f3j do biegania, w innych bez kilku tysi\u0119cy nie ma po co chwyta\u0107 do r\u0119ki koszyka na zakupy. Warto zdawa\u0107 sobie z tego spraw\u0119 na etapie wst\u0119pnej selekcji mo\u017cliwo\u015bci. Cho\u0107 wiadomo, \u017ce cel u\u015bwi\u0119ca \u015brodki, znamy przypadki, gdy rodzice tak wierzyli w swoje dziecko, \u017ce byli gotowi sprzeda\u0107 dorobek swojego \u017cycia, je\u015bli mia\u0142o to umo\u017cliwi\u0107 kolejny krok, a nawet wielk\u0105 karier\u0119. Owszem, kto nie ryzykuje, szampana nie pije, ale czy to aby na pewno dobra droga? Nie wydaje mi si\u0119.<\/p>\n<p>Kolejna sprawa to wiek naszego malucha. Zawsze to fajnie, kiedy mo\u017cemy i chcemy rozwija\u0107 zainteresowania dziecka oraz motywowa\u0107 je do ci\u0119\u017ckiej pracy nowymi gad\u017cetami. Ale my\u015bl\u0119, \u017ce do pewnego wieku dzieciaki powinny mie\u0107 jak najbardziej wyr\u00f3wnane szanse. Oczywi\u015bcie nie wsz\u0119dzie jest to mo\u017cliwe, ale warto zwr\u00f3ci\u0107 na to uwag\u0119. W m\u0142odych kategoriach wiekowych du\u017ce znaczenia ma rozw\u00f3j dziecka, ka\u017cde dorasta przecie\u017c w swoim tempie, inaczej pracuj\u0105 hormony. Te dysproporcje mo\u017cna redukowa\u0107 za pomoc\u0105 sprz\u0119tu, ale p\u00f3\u017aniej, kiedy ta r\u00f3\u017cnica zniknie (w kategoriach m\u0142odzie\u017cowych czy elity), wa\u017cna stanie si\u0119 psychika. To jest bardzo istotna sprawa. Osi\u0105ganie \u017cyciowych sukces\u00f3w w kategoriach dzieci\u0119cych i m\u0142odzie\u017cowych nie jest sztuk\u0105, wyzwaniem jest przetrwa\u0107 i doj\u015b\u0107 do elity. Nie zawsze wi\u0119c wygrywanie w \u017cakach, m\u0142odzikach czy juniorach m\u0142odszych dzi\u0119ki rowerowi za 20\u00a0000 z\u0142 jest dobre dla g\u0142owy zawodnika. Gdy p\u00f3\u017aniej w starszych kategoriach wymaga\u0107 si\u0119 od niego b\u0119dzie rywalizacji na tym samym sprz\u0119cie co koledzy, istotnym czynnikiem b\u0119dzie umiej\u0119tno\u015b\u0107 przetrwania wszystkich chwil s\u0142abo\u015bci.<\/p>\n<p><img loading=\"lazy\" decoding=\"async\" class=\"aligncenter wp-image-10484 size-large\" src=\"https:\/\/d2p6e6u75xmxt8.cloudfront.net\/5\/2020\/03\/PSX_20200327_144453-988x1024.jpg\" alt=\"\" width=\"988\" height=\"1024\" srcset=\"https:\/\/d2p6e6u75xmxt8.cloudfront.net\/5\/2020\/03\/PSX_20200327_144453-988x1024.jpg 988w, https:\/\/d2p6e6u75xmxt8.cloudfront.net\/5\/2020\/03\/PSX_20200327_144453-289x300.jpg 289w, https:\/\/d2p6e6u75xmxt8.cloudfront.net\/5\/2020\/03\/PSX_20200327_144453-768x796.jpg 768w, https:\/\/d2p6e6u75xmxt8.cloudfront.net\/5\/2020\/03\/PSX_20200327_144453-1853x1920.jpg 1853w, https:\/\/d2p6e6u75xmxt8.cloudfront.net\/5\/2020\/03\/PSX_20200327_144453-1853x1920.jpg 1853w\" sizes=\"auto, (max-width: 988px) 100vw, 988px\" \/><\/p>\n<p>Reasumuj\u0105c \u2013 je\u015bli mia\u0142bym co\u015b poleci\u0107, to zapisujcie dzieciaki na przer\u00f3\u017cne zaj\u0119cia sportowe i uzupe\u0142niaj\u0105ce. Prawda jest taka, \u017ce im wi\u0119cej, tym lepiej. Oczywi\u015bcie nie wszystkie sporty da si\u0119 uprawia\u0107 od wieku 5\u20136 lat, takie kolarstwo na przyk\u0142ad jest otwarte na adept\u00f3w od 10. roku \u017cycia, bo prawnie tylko wtedy mo\u017cna zrobi\u0107 kart\u0119 rowerow\u0105. Ale od czego w takich przypadkach s\u0105 rodzice? Obop\u00f3lna korzy\u015b\u0107 to zabranie dzieciaka na trening i zrobienie w\u0142asnej rundki dla zdrowia. Po dw\u00f3ch, trzech latach pr\u00f3b uda nam si\u0119 wy\u0142apa\u0107 z rozm\u00f3w z dzieckiem i trenerami, gdzie ten uk\u0142ad funkcjonuje najlepiej. Mo\u017ce by\u0107 tak, \u017ce nie zadzia\u0142a nigdzie, dlatego wspomnia\u0142em o zaj\u0119ciach dodatkowych. M\u00f3j najstarszy syn na przyk\u0142ad metod\u0105 pr\u00f3b i b\u0142\u0119d\u00f3w trafi\u0142 na\u2026 modelarstwo. Ale gdy droga zostanie ju\u017c ukierunkowana, wtedy powoli mo\u017cna czyni\u0107 starania, by krok po kroku zabawa w sport sz\u0142a w zawodow\u0105 stron\u0119, bo to daje szanse na wynik, a wynik przek\u0142ada si\u0119 na finanse. Co po finansach, to ju\u017c wiecie.<\/p>\n<p><span data-sheets-value=\"{&quot;1&quot;:2,&quot;2&quot;:&quot;Artyku\u0142 powsta\u0142 we wsp\u00f3\u0142pracy ze skoda-auto.pl&quot;}\" data-sheets-userformat=\"{&quot;2&quot;:1,&quot;3&quot;:{&quot;1&quot;:0}}\" data-sheets-hyperlink=\"http:\/\/www.skoda-auto.pl\/\"><a class=\"in-cell-link\" href=\"http:\/\/www.skoda-auto.pl\/\" target=\"_blank\" rel=\"noopener\">Artyku\u0142 powsta\u0142 we wsp\u00f3\u0142pracy ze skoda-auto.pl<\/a><\/span><\/p>\n<p><a href=\"https:\/\/www.skoda-auto.pl\/modele\/karoq\">\u00a0<\/a><a href=\"https:\/\/www.skoda-auto.pl\/modele\/kodiaq\"><img loading=\"lazy\" decoding=\"async\" class=\"aligncenter wp-image-9607 size-full initial loaded\" src=\"https:\/\/d2p6e6u75xmxt8.cloudfront.net\/5\/2019\/08\/baner_WLC_640x350_2.png\" sizes=\"auto, (max-width: 640px) 100vw, 640px\" srcset=\"https:\/\/d2p6e6u75xmxt8.cloudfront.net\/5\/2019\/08\/baner_WLC_640x350_2.png 640w, https:\/\/d2p6e6u75xmxt8.cloudfront.net\/5\/2019\/08\/baner_WLC_640x350_2-300x164.png 300w\" alt=\"\" width=\"640\" height=\"350\" data-was-processed=\"true\" \/><\/a><\/p>\n<p>&nbsp;<\/p>\n","protected":false},"excerpt":{"rendered":"<p>Przez lata traktowa\u0142em kolarstwo bardzo powa\u017cnie, dalej mam do tego sportu du\u017cy sentyment i obserwuj\u0119 go z uwag\u0105. Jako profesjonalny [&hellip;]<\/p>\n","protected":false},"author":76,"featured_media":10483,"comment_status":"open","ping_status":"open","sticky":false,"template":"","format":"standard","meta":{"footnotes":""},"categories":[203],"tags":[],"global-categories":[303],"class_list":["post-10482","post","type-post","status-publish","format-standard","has-post-thumbnail","hentry","category-bartosz-huzarski","global-categories-cycling"],"yoast_head":"<!-- This site is optimized with the Yoast SEO Premium plugin v25.3 (Yoast SEO v25.9) - https:\/\/yoast.com\/wordpress\/plugins\/seo\/ -->\n<title>Bartosz Huzarski: Na bogato czy po \u0142ebkach ? - \u0160koda We Love Cycling - Poland<\/title>\n<meta name=\"robots\" content=\"index, follow, max-snippet:-1, max-image-preview:large, max-video-preview:-1\" \/>\n<link rel=\"canonical\" href=\"https:\/\/www.welovecycling.com\/pl\/2020\/03\/30\/bartosz-huzarski-na-bogato-czy-po-lebkach\/\" \/>\n<meta property=\"og:locale\" content=\"pl_PL\" \/>\n<meta property=\"og:type\" content=\"article\" \/>\n<meta property=\"og:title\" content=\"Bartosz Huzarski: Na bogato czy po \u0142ebkach ?\" \/>\n<meta property=\"og:description\" content=\"Przez lata traktowa\u0142em kolarstwo bardzo powa\u017cnie, dalej mam do tego sportu du\u017cy sentyment i obserwuj\u0119 go z uwag\u0105. Jako profesjonalny [&hellip;]\" \/>\n<meta property=\"og:url\" content=\"https:\/\/www.welovecycling.com\/pl\/2020\/03\/30\/bartosz-huzarski-na-bogato-czy-po-lebkach\/\" \/>\n<meta property=\"og:site_name\" content=\"\u0160koda We Love Cycling - Poland\" \/>\n<meta property=\"article:published_time\" content=\"2020-03-30T18:19:06+00:00\" \/>\n<meta property=\"article:modified_time\" content=\"2020-03-31T08:24:07+00:00\" \/>\n<meta property=\"og:image\" content=\"https:\/\/d2p6e6u75xmxt8.cloudfront.net\/5\/2020\/03\/PSX_20200327_144630.jpg\" \/>\n\t<meta property=\"og:image:width\" content=\"2131\" \/>\n\t<meta property=\"og:image:height\" content=\"1750\" \/>\n\t<meta property=\"og:image:type\" content=\"image\/jpeg\" \/>\n<meta name=\"author\" content=\"piotrboczkowski\" \/>\n<meta name=\"twitter:card\" content=\"summary_large_image\" \/>\n<meta name=\"twitter:label1\" content=\"Written by\" \/>\n\t<meta name=\"twitter:data1\" content=\"Bartosz Huzarski\" \/>\n\t<meta name=\"twitter:label2\" content=\"Est. reading time\" \/>\n\t<meta name=\"twitter:data2\" content=\"5 minutes\" \/>\n<script type=\"application\/ld+json\" class=\"yoast-schema-graph\">{\"@context\":\"https:\/\/schema.org\",\"@graph\":[{\"@type\":\"WebPage\",\"@id\":\"https:\/\/www.welovecycling.com\/pl\/2020\/03\/30\/bartosz-huzarski-na-bogato-czy-po-lebkach\/\",\"url\":\"https:\/\/www.welovecycling.com\/pl\/2020\/03\/30\/bartosz-huzarski-na-bogato-czy-po-lebkach\/\",\"name\":\"Bartosz Huzarski: Na bogato czy po \u0142ebkach ? - \u0160koda We Love Cycling - Poland\",\"isPartOf\":{\"@id\":\"https:\/\/www.welovecycling.com\/pl\/#website\"},\"primaryImageOfPage\":{\"@id\":\"https:\/\/www.welovecycling.com\/pl\/2020\/03\/30\/bartosz-huzarski-na-bogato-czy-po-lebkach\/#primaryimage\"},\"image\":{\"@id\":\"https:\/\/www.welovecycling.com\/pl\/2020\/03\/30\/bartosz-huzarski-na-bogato-czy-po-lebkach\/#primaryimage\"},\"thumbnailUrl\":\"https:\/\/d2p6e6u75xmxt8.cloudfront.net\/5\/2020\/03\/PSX_20200327_144630.jpg\",\"datePublished\":\"2020-03-30T18:19:06+00:00\",\"dateModified\":\"2020-03-31T08:24:07+00:00\",\"author\":{\"@id\":\"https:\/\/www.welovecycling.com\/pl\/#\/schema\/person\/0dba2d39da943db9df3fd8f4687e7f23\"},\"breadcrumb\":{\"@id\":\"https:\/\/www.welovecycling.com\/pl\/2020\/03\/30\/bartosz-huzarski-na-bogato-czy-po-lebkach\/#breadcrumb\"},\"inLanguage\":\"pl-PL\",\"potentialAction\":[{\"@type\":\"ReadAction\",\"target\":[\"https:\/\/www.welovecycling.com\/pl\/2020\/03\/30\/bartosz-huzarski-na-bogato-czy-po-lebkach\/\"]}]},{\"@type\":\"ImageObject\",\"inLanguage\":\"pl-PL\",\"@id\":\"https:\/\/www.welovecycling.com\/pl\/2020\/03\/30\/bartosz-huzarski-na-bogato-czy-po-lebkach\/#primaryimage\",\"url\":\"https:\/\/d2p6e6u75xmxt8.cloudfront.net\/5\/2020\/03\/PSX_20200327_144630.jpg\",\"contentUrl\":\"https:\/\/d2p6e6u75xmxt8.cloudfront.net\/5\/2020\/03\/PSX_20200327_144630.jpg\",\"width\":2131,\"height\":1750},{\"@type\":\"BreadcrumbList\",\"@id\":\"https:\/\/www.welovecycling.com\/pl\/2020\/03\/30\/bartosz-huzarski-na-bogato-czy-po-lebkach\/#breadcrumb\",\"itemListElement\":[{\"@type\":\"ListItem\",\"position\":1,\"name\":\"Home\",\"item\":\"https:\/\/www.welovecycling.com\/pl\/\"},{\"@type\":\"ListItem\",\"position\":2,\"name\":\"Bartosz Huzarski: Na bogato czy po \u0142ebkach ?\"}]},{\"@type\":\"WebSite\",\"@id\":\"https:\/\/www.welovecycling.com\/pl\/#website\",\"url\":\"https:\/\/www.welovecycling.com\/pl\/\",\"name\":\"\u0160koda We Love Cycling - Poland\",\"description\":\"\",\"potentialAction\":[{\"@type\":\"SearchAction\",\"target\":{\"@type\":\"EntryPoint\",\"urlTemplate\":\"https:\/\/www.welovecycling.com\/pl\/?s={search_term_string}\"},\"query-input\":{\"@type\":\"PropertyValueSpecification\",\"valueRequired\":true,\"valueName\":\"search_term_string\"}}],\"inLanguage\":\"pl-PL\"},{\"@type\":\"Person\",\"@id\":\"https:\/\/www.welovecycling.com\/pl\/#\/schema\/person\/0dba2d39da943db9df3fd8f4687e7f23\",\"name\":\"piotrboczkowski\",\"image\":{\"@type\":\"ImageObject\",\"inLanguage\":\"pl-PL\",\"@id\":\"https:\/\/www.welovecycling.com\/pl\/#\/schema\/person\/image\/\",\"url\":\"https:\/\/secure.gravatar.com\/avatar\/533caccae14752e03a2ce2d3fd62d1b98b93e1393c3195c27819e53344ca1ace?s=96&d=mm&r=g\",\"contentUrl\":\"https:\/\/secure.gravatar.com\/avatar\/533caccae14752e03a2ce2d3fd62d1b98b93e1393c3195c27819e53344ca1ace?s=96&d=mm&r=g\",\"caption\":\"piotrboczkowski\"},\"url\":\"https:\/\/www.welovecycling.com\/pl\/author\/piotrboczkowski\/\"}]}<\/script>\n<!-- \/ Yoast SEO Premium plugin. -->","yoast_head_json":{"title":"Bartosz Huzarski: Na bogato czy po \u0142ebkach ? - \u0160koda We Love Cycling - Poland","robots":{"index":"index","follow":"follow","max-snippet":"max-snippet:-1","max-image-preview":"max-image-preview:large","max-video-preview":"max-video-preview:-1"},"canonical":"https:\/\/www.welovecycling.com\/pl\/2020\/03\/30\/bartosz-huzarski-na-bogato-czy-po-lebkach\/","og_locale":"pl_PL","og_type":"article","og_title":"Bartosz Huzarski: Na bogato czy po \u0142ebkach ?","og_description":"Przez lata traktowa\u0142em kolarstwo bardzo powa\u017cnie, dalej mam do tego sportu du\u017cy sentyment i obserwuj\u0119 go z uwag\u0105. Jako profesjonalny [&hellip;]","og_url":"https:\/\/www.welovecycling.com\/pl\/2020\/03\/30\/bartosz-huzarski-na-bogato-czy-po-lebkach\/","og_site_name":"\u0160koda We Love Cycling - Poland","article_published_time":"2020-03-30T18:19:06+00:00","article_modified_time":"2020-03-31T08:24:07+00:00","og_image":[{"width":2131,"height":1750,"url":"https:\/\/d2p6e6u75xmxt8.cloudfront.net\/5\/2020\/03\/PSX_20200327_144630.jpg","type":"image\/jpeg"}],"author":"piotrboczkowski","twitter_card":"summary_large_image","twitter_misc":{"Written by":"Bartosz Huzarski","Est. reading time":"5 minutes"},"schema":{"@context":"https:\/\/schema.org","@graph":[{"@type":"WebPage","@id":"https:\/\/www.welovecycling.com\/pl\/2020\/03\/30\/bartosz-huzarski-na-bogato-czy-po-lebkach\/","url":"https:\/\/www.welovecycling.com\/pl\/2020\/03\/30\/bartosz-huzarski-na-bogato-czy-po-lebkach\/","name":"Bartosz Huzarski: Na bogato czy po \u0142ebkach ? - \u0160koda We Love Cycling - Poland","isPartOf":{"@id":"https:\/\/www.welovecycling.com\/pl\/#website"},"primaryImageOfPage":{"@id":"https:\/\/www.welovecycling.com\/pl\/2020\/03\/30\/bartosz-huzarski-na-bogato-czy-po-lebkach\/#primaryimage"},"image":{"@id":"https:\/\/www.welovecycling.com\/pl\/2020\/03\/30\/bartosz-huzarski-na-bogato-czy-po-lebkach\/#primaryimage"},"thumbnailUrl":"https:\/\/d2p6e6u75xmxt8.cloudfront.net\/5\/2020\/03\/PSX_20200327_144630.jpg","datePublished":"2020-03-30T18:19:06+00:00","dateModified":"2020-03-31T08:24:07+00:00","author":{"@id":"https:\/\/www.welovecycling.com\/pl\/#\/schema\/person\/0dba2d39da943db9df3fd8f4687e7f23"},"breadcrumb":{"@id":"https:\/\/www.welovecycling.com\/pl\/2020\/03\/30\/bartosz-huzarski-na-bogato-czy-po-lebkach\/#breadcrumb"},"inLanguage":"pl-PL","potentialAction":[{"@type":"ReadAction","target":["https:\/\/www.welovecycling.com\/pl\/2020\/03\/30\/bartosz-huzarski-na-bogato-czy-po-lebkach\/"]}]},{"@type":"ImageObject","inLanguage":"pl-PL","@id":"https:\/\/www.welovecycling.com\/pl\/2020\/03\/30\/bartosz-huzarski-na-bogato-czy-po-lebkach\/#primaryimage","url":"https:\/\/d2p6e6u75xmxt8.cloudfront.net\/5\/2020\/03\/PSX_20200327_144630.jpg","contentUrl":"https:\/\/d2p6e6u75xmxt8.cloudfront.net\/5\/2020\/03\/PSX_20200327_144630.jpg","width":2131,"height":1750},{"@type":"BreadcrumbList","@id":"https:\/\/www.welovecycling.com\/pl\/2020\/03\/30\/bartosz-huzarski-na-bogato-czy-po-lebkach\/#breadcrumb","itemListElement":[{"@type":"ListItem","position":1,"name":"Home","item":"https:\/\/www.welovecycling.com\/pl\/"},{"@type":"ListItem","position":2,"name":"Bartosz Huzarski: Na bogato czy po \u0142ebkach ?"}]},{"@type":"WebSite","@id":"https:\/\/www.welovecycling.com\/pl\/#website","url":"https:\/\/www.welovecycling.com\/pl\/","name":"\u0160koda We Love Cycling - Poland","description":"","potentialAction":[{"@type":"SearchAction","target":{"@type":"EntryPoint","urlTemplate":"https:\/\/www.welovecycling.com\/pl\/?s={search_term_string}"},"query-input":{"@type":"PropertyValueSpecification","valueRequired":true,"valueName":"search_term_string"}}],"inLanguage":"pl-PL"},{"@type":"Person","@id":"https:\/\/www.welovecycling.com\/pl\/#\/schema\/person\/0dba2d39da943db9df3fd8f4687e7f23","name":"piotrboczkowski","image":{"@type":"ImageObject","inLanguage":"pl-PL","@id":"https:\/\/www.welovecycling.com\/pl\/#\/schema\/person\/image\/","url":"https:\/\/secure.gravatar.com\/avatar\/533caccae14752e03a2ce2d3fd62d1b98b93e1393c3195c27819e53344ca1ace?s=96&d=mm&r=g","contentUrl":"https:\/\/secure.gravatar.com\/avatar\/533caccae14752e03a2ce2d3fd62d1b98b93e1393c3195c27819e53344ca1ace?s=96&d=mm&r=g","caption":"piotrboczkowski"},"url":"https:\/\/www.welovecycling.com\/pl\/author\/piotrboczkowski\/"}]}},"_links":{"self":[{"href":"https:\/\/www.welovecycling.com\/pl\/wp-json\/wp\/v2\/posts\/10482","targetHints":{"allow":["GET"]}}],"collection":[{"href":"https:\/\/www.welovecycling.com\/pl\/wp-json\/wp\/v2\/posts"}],"about":[{"href":"https:\/\/www.welovecycling.com\/pl\/wp-json\/wp\/v2\/types\/post"}],"author":[{"embeddable":true,"href":"https:\/\/www.welovecycling.com\/pl\/wp-json\/wp\/v2\/users\/76"}],"replies":[{"embeddable":true,"href":"https:\/\/www.welovecycling.com\/pl\/wp-json\/wp\/v2\/comments?post=10482"}],"version-history":[{"count":2,"href":"https:\/\/www.welovecycling.com\/pl\/wp-json\/wp\/v2\/posts\/10482\/revisions"}],"predecessor-version":[{"id":10625,"href":"https:\/\/www.welovecycling.com\/pl\/wp-json\/wp\/v2\/posts\/10482\/revisions\/10625"}],"wp:featuredmedia":[{"embeddable":true,"href":"https:\/\/www.welovecycling.com\/pl\/wp-json\/wp\/v2\/media\/10483"}],"wp:attachment":[{"href":"https:\/\/www.welovecycling.com\/pl\/wp-json\/wp\/v2\/media?parent=10482"}],"wp:term":[{"taxonomy":"category","embeddable":true,"href":"https:\/\/www.welovecycling.com\/pl\/wp-json\/wp\/v2\/categories?post=10482"},{"taxonomy":"post_tag","embeddable":true,"href":"https:\/\/www.welovecycling.com\/pl\/wp-json\/wp\/v2\/tags?post=10482"},{"taxonomy":"global-categories","embeddable":true,"href":"https:\/\/www.welovecycling.com\/pl\/wp-json\/wp\/v2\/global-categories?post=10482"}],"curies":[{"name":"wp","href":"https:\/\/api.w.org\/{rel}","templated":true}]}}