{"id":10462,"date":"2020-03-25T12:38:55","date_gmt":"2020-03-25T12:38:55","guid":{"rendered":"https:\/\/www.welovecycling.com\/pl\/?p=10462"},"modified":"2020-03-25T12:38:55","modified_gmt":"2020-03-25T12:38:55","slug":"nieustraszeni-kolarze-walczyli-ze-sztormem-ciara-podczas-tradycyjnego-holenderskiego-wyscigu","status":"publish","type":"post","link":"https:\/\/www.welovecycling.com\/pl\/2020\/03\/25\/nieustraszeni-kolarze-walczyli-ze-sztormem-ciara-podczas-tradycyjnego-holenderskiego-wyscigu\/","title":{"rendered":"Nieustraszeni kolarze walczyli ze sztormem Ciara podczas tradycyjnego holenderskiego wy\u015bcigu"},"content":{"rendered":"<p><strong>Ciara przetoczy\u0142a si\u0119 przez Europ\u0119 z pr\u0119dko\u015bci\u0105 do 180 km\/h, przewracaj\u0105c drzewa i powoduj\u0105c uszkodzenia budynk\u00f3w, samochod\u00f3w i infrastruktury wsz\u0119dzie tam, gdzie si\u0119 pojawi\u0142a. Podczas gdy w\u0142adze ostrzega\u0142y wcze\u015bniej przed huraganem i zaleca\u0142y ludziom bezpieczne przebywanie w domu, setki holenderskich rowerzyst\u00f3w nie wzi\u0119\u0142y pod uwag\u0119 zagro\u017cenia i do\u0142\u0105czy\u0142y do \u200b\u200bszalonej rywalizacji z wiatrem.<\/strong><\/p>\n<div class=\"embed-controller-wrapper\">\n<blockquote class=\"twitter-tweet\" data-width=\"500\" data-dnt=\"true\">\n<p lang=\"en\" dir=\"ltr\">\u201cIt\u2019s like climbing a 10% slope on the worst bike you can imagine.\u201d<\/p>\n<p>While Northern Europe hunkered down Sunday and braved <a href=\"https:\/\/twitter.com\/hashtag\/StormCiara?src=hash&amp;ref_src=twsrc%5Etfw\">#StormCiara<\/a>&#39;s hurricane-force winds, an intrepid band of cyclists competed in the <a href=\"https:\/\/twitter.com\/NKTegenwind?ref_src=twsrc%5Etfw\">@NKTegenwind<\/a> Dutch Headwind Cycling Championships.<a href=\"https:\/\/t.co\/J9Rl48n3Qa\">https:\/\/t.co\/J9Rl48n3Qa<\/a> <a href=\"https:\/\/t.co\/qSbv9gIF8g\">pic.twitter.com\/qSbv9gIF8g<\/a><\/p>\n<p>&mdash; Dutch Cycling Embassy (@Cycling_Embassy) <a href=\"https:\/\/twitter.com\/Cycling_Embassy\/status\/1226898726599483394?ref_src=twsrc%5Etfw\">February 10, 2020<\/a><\/p><\/blockquote>\n<p><script async data-src=\"https:\/\/platform.twitter.com\/widgets.js\" charset=\"utf-8\"><\/script><\/div>\n<p>Tradycyjnie Dutch Headwind Cycling Championships (Holenderskie Mistrzostwa Kolarskie pod Wiatr) odbywaj\u0105 si\u0119 na wybrze\u017cu, w prowincji Zelandia na po\u0142udniu Holandii. Trasa wy\u015bcigu o d\u0142ugo\u015bci 8,5 km wiedzie wzd\u0142u\u017c zapory przeciwsztormowej Oosterscheldekering biegn\u0105cej przy pla\u017cy. Dozwolone s\u0105 tylko rowery jednobiegowe i wszystkie s\u0105 dostarczane przez organizatora imprezy. Pomimo ogromnego zainteresowania holenderskich rowerzyst\u00f3w tym wy\u015bcigiem z listy wybieranych jest tylko 300 os\u00f3b (lub 25 dru\u017cyn czteroosobowych). Coroczny wy\u015bcig na czas, kt\u00f3ry od 2013 roku sta\u0142 si\u0119 ju\u017c tradycj\u0105, jest zwykle og\u0142aszany na trzy dni przed spodziewanym sztormem. W tym roku dat\u0119 ustalono na niedziel\u0119 9 lutego.<\/p>\n<p>Ten wy\u015bcig jest niezwykle wymagaj\u0105cy w ka\u017cdych warunkach, ale tym razem trudno\u015bci by\u0142o za du\u017co nawet dla najbardziej do\u015bwiadczonych kolarzy. Mn\u00f3stwo zawodnik\u00f3w wymiotowa\u0142o, przekraczaj\u0105c lini\u0119 mety, a kilku z nich zako\u0144czy\u0142o jazd\u0119 po tym, jak wiatr zrzuci\u0142 ich z roweru. Po kilku wypadkach i wzmo\u017ceniu si\u0119 wiatru tak, \u017ce sta\u0142 si\u0119 niezno\u015bny, wy\u015bcig zosta\u0142 przedwcze\u015bnie zako\u0144czony.<\/p>\n<p>Nie tylko holenderscy kolarze s\u0105 znani z tego, \u017ce potrafi\u0105 wytrzyma\u0107 ekstremalnie surowe warunki pogodowe na rowerze. Dwa lata temu ameryka\u0144ski kaskader Lucas Brunelle opublikowa\u0142 film wideo, na kt\u00f3rym pokaza\u0142, jak walczy z huraganem Irma wiej\u0105cym z pr\u0119dko\u015bci\u0105 220 km\/h i przedziera si\u0119 przez zalane ulice Miami.<\/p>\n<div class=\"embed-controller-wrapper\">\n<div class=\"embed-wrapper\"><iframe title=\"Unbelievable video shows cyclists biking through Hurricane Irma - Daily Mail\" width=\"500\" height=\"281\" data-src=\"https:\/\/www.youtube.com\/embed\/85_VuPcso50?feature=oembed\" frameborder=\"0\" allow=\"accelerometer; autoplay; clipboard-write; encrypted-media; gyroscope; picture-in-picture; web-share\" referrerpolicy=\"strict-origin-when-cross-origin\" allowfullscreen><\/iframe><\/div>\n<\/div>\n<p>Lucas przyku\u0142 uwag\u0119 za\u0142ogi CNN lataj\u0105cej helikopterem nad opuszczonym miastem i opisuj\u0105cej ca\u0142\u0105 sytuacj\u0119. Podczas transmisji na \u017cywo nazwano go niesamowicie g\u0142upim. Twoim zdaniem to by\u0142o z jego strony nieodpowiedzialne czy raczej odwa\u017cne? Czy Ty zdecydowa\u0142by\u015b si\u0119 je\u017adzi\u0107 podczas takiego sztormu?<\/p>\n<p><span data-sheets-value=\"{&quot;1&quot;:2,&quot;2&quot;:&quot;Artyku\u0142 powsta\u0142 we wsp\u00f3\u0142pracy ze skoda-auto.pl&quot;}\" data-sheets-userformat=\"{&quot;2&quot;:1,&quot;3&quot;:{&quot;1&quot;:0}}\" data-sheets-hyperlink=\"http:\/\/www.skoda-auto.pl\/\"><a class=\"in-cell-link\" href=\"http:\/\/www.skoda-auto.pl\/\" target=\"_blank\" rel=\"noopener\">Artyku\u0142 powsta\u0142 we wsp\u00f3\u0142pracy ze skoda-auto.pl<\/a><\/span><\/p>\n<p><a href=\"https:\/\/www.skoda-auto.pl\/modele\/karoq\"><img loading=\"lazy\" decoding=\"async\" class=\"alignnone\" src=\"https:\/\/d2p6e6u75xmxt8.cloudfront.net\/5\/2019\/08\/baner_WLC_640x350_4.png\" alt=\"\" width=\"640\" height=\"350\" \/><\/a><\/p>\n","protected":false},"excerpt":{"rendered":"<p>Ciara przetoczy\u0142a si\u0119 przez Europ\u0119 z pr\u0119dko\u015bci\u0105 do 180 km\/h, przewracaj\u0105c drzewa i powoduj\u0105c uszkodzenia budynk\u00f3w, samochod\u00f3w i infrastruktury wsz\u0119dzie [&hellip;]<\/p>\n","protected":false},"author":76,"featured_media":10465,"comment_status":"open","ping_status":"open","sticky":false,"template":"","format":"standard","meta":{"footnotes":""},"categories":[226],"tags":[],"global-categories":[303],"class_list":["post-10462","post","type-post","status-publish","format-standard","has-post-thumbnail","hentry","category-ciekawostki","global-categories-cycling"],"yoast_head":"<!-- This site is optimized with the Yoast SEO Premium plugin v25.3 (Yoast SEO v25.9) - https:\/\/yoast.com\/wordpress\/plugins\/seo\/ -->\n<title>Nieustraszeni kolarze walczyli ze sztormem Ciara podczas \\wy\u015bcigu - WLC<\/title>\n<meta name=\"description\" content=\"Podczas gdy w\u0142adze ostrzega\u0142y wcze\u015bniej przed huraganem i zaleca\u0142y ludziom przebywanie w domu, setki holenderskich rowerzyst\u00f3w do\u0142\u0105czy\u0142y do \u200b\u200brywalizacji...\" \/>\n<meta name=\"robots\" content=\"index, follow, max-snippet:-1, max-image-preview:large, max-video-preview:-1\" \/>\n<link rel=\"canonical\" href=\"https:\/\/www.welovecycling.com\/pl\/2020\/03\/25\/nieustraszeni-kolarze-walczyli-ze-sztormem-ciara-podczas-tradycyjnego-holenderskiego-wyscigu\/\" \/>\n<meta property=\"og:locale\" content=\"pl_PL\" \/>\n<meta property=\"og:type\" content=\"article\" \/>\n<meta property=\"og:title\" content=\"Nieustraszeni kolarze walczyli ze sztormem Ciara podczas tradycyjnego holenderskiego wy\u015bcigu\" \/>\n<meta property=\"og:description\" content=\"Podczas gdy w\u0142adze ostrzega\u0142y wcze\u015bniej przed huraganem i zaleca\u0142y ludziom przebywanie w domu, setki holenderskich rowerzyst\u00f3w do\u0142\u0105czy\u0142y do \u200b\u200brywalizacji...\" \/>\n<meta property=\"og:url\" content=\"https:\/\/www.welovecycling.com\/pl\/2020\/03\/25\/nieustraszeni-kolarze-walczyli-ze-sztormem-ciara-podczas-tradycyjnego-holenderskiego-wyscigu\/\" \/>\n<meta property=\"og:site_name\" content=\"\u0160koda We Love Cycling - Poland\" \/>\n<meta property=\"article:published_time\" content=\"2020-03-25T12:38:55+00:00\" \/>\n<meta property=\"og:image\" content=\"https:\/\/d2p6e6u75xmxt8.cloudfront.net\/5\/2020\/03\/Headwind-Cycling-CVR-profimedia-0497339230-1024x450.jpg\" \/>\n\t<meta property=\"og:image:width\" content=\"1024\" \/>\n\t<meta property=\"og:image:height\" content=\"450\" \/>\n\t<meta property=\"og:image:type\" content=\"image\/jpeg\" \/>\n<meta name=\"author\" content=\"piotrboczkowski\" \/>\n<meta name=\"twitter:card\" content=\"summary_large_image\" \/>\n<meta name=\"twitter:label1\" content=\"Written by\" \/>\n\t<meta name=\"twitter:data1\" content=\"Adam Marsal\" \/>\n\t<meta name=\"twitter:label2\" content=\"Est. reading time\" \/>\n\t<meta name=\"twitter:data2\" content=\"2 minutes\" \/>\n<script type=\"application\/ld+json\" class=\"yoast-schema-graph\">{\"@context\":\"https:\/\/schema.org\",\"@graph\":[{\"@type\":\"WebPage\",\"@id\":\"https:\/\/www.welovecycling.com\/pl\/2020\/03\/25\/nieustraszeni-kolarze-walczyli-ze-sztormem-ciara-podczas-tradycyjnego-holenderskiego-wyscigu\/\",\"url\":\"https:\/\/www.welovecycling.com\/pl\/2020\/03\/25\/nieustraszeni-kolarze-walczyli-ze-sztormem-ciara-podczas-tradycyjnego-holenderskiego-wyscigu\/\",\"name\":\"Nieustraszeni kolarze walczyli ze sztormem Ciara podczas \\\\wy\u015bcigu - WLC\",\"isPartOf\":{\"@id\":\"https:\/\/www.welovecycling.com\/pl\/#website\"},\"primaryImageOfPage\":{\"@id\":\"https:\/\/www.welovecycling.com\/pl\/2020\/03\/25\/nieustraszeni-kolarze-walczyli-ze-sztormem-ciara-podczas-tradycyjnego-holenderskiego-wyscigu\/#primaryimage\"},\"image\":{\"@id\":\"https:\/\/www.welovecycling.com\/pl\/2020\/03\/25\/nieustraszeni-kolarze-walczyli-ze-sztormem-ciara-podczas-tradycyjnego-holenderskiego-wyscigu\/#primaryimage\"},\"thumbnailUrl\":\"https:\/\/d2p6e6u75xmxt8.cloudfront.net\/5\/2020\/03\/Headwind-Cycling-CVR-profimedia-0497339230-1024x450.jpg\",\"datePublished\":\"2020-03-25T12:38:55+00:00\",\"author\":{\"@id\":\"https:\/\/www.welovecycling.com\/pl\/#\/schema\/person\/0dba2d39da943db9df3fd8f4687e7f23\"},\"description\":\"Podczas gdy w\u0142adze ostrzega\u0142y wcze\u015bniej przed huraganem i zaleca\u0142y ludziom przebywanie w domu, setki holenderskich rowerzyst\u00f3w do\u0142\u0105czy\u0142y do \u200b\u200brywalizacji...\",\"breadcrumb\":{\"@id\":\"https:\/\/www.welovecycling.com\/pl\/2020\/03\/25\/nieustraszeni-kolarze-walczyli-ze-sztormem-ciara-podczas-tradycyjnego-holenderskiego-wyscigu\/#breadcrumb\"},\"inLanguage\":\"pl-PL\",\"potentialAction\":[{\"@type\":\"ReadAction\",\"target\":[\"https:\/\/www.welovecycling.com\/pl\/2020\/03\/25\/nieustraszeni-kolarze-walczyli-ze-sztormem-ciara-podczas-tradycyjnego-holenderskiego-wyscigu\/\"]}]},{\"@type\":\"ImageObject\",\"inLanguage\":\"pl-PL\",\"@id\":\"https:\/\/www.welovecycling.com\/pl\/2020\/03\/25\/nieustraszeni-kolarze-walczyli-ze-sztormem-ciara-podczas-tradycyjnego-holenderskiego-wyscigu\/#primaryimage\",\"url\":\"https:\/\/d2p6e6u75xmxt8.cloudfront.net\/5\/2020\/03\/Headwind-Cycling-CVR-profimedia-0497339230-1024x450.jpg\",\"contentUrl\":\"https:\/\/d2p6e6u75xmxt8.cloudfront.net\/5\/2020\/03\/Headwind-Cycling-CVR-profimedia-0497339230-1024x450.jpg\",\"width\":1024,\"height\":450},{\"@type\":\"BreadcrumbList\",\"@id\":\"https:\/\/www.welovecycling.com\/pl\/2020\/03\/25\/nieustraszeni-kolarze-walczyli-ze-sztormem-ciara-podczas-tradycyjnego-holenderskiego-wyscigu\/#breadcrumb\",\"itemListElement\":[{\"@type\":\"ListItem\",\"position\":1,\"name\":\"Home\",\"item\":\"https:\/\/www.welovecycling.com\/pl\/\"},{\"@type\":\"ListItem\",\"position\":2,\"name\":\"Nieustraszeni kolarze walczyli ze sztormem Ciara podczas tradycyjnego holenderskiego wy\u015bcigu\"}]},{\"@type\":\"WebSite\",\"@id\":\"https:\/\/www.welovecycling.com\/pl\/#website\",\"url\":\"https:\/\/www.welovecycling.com\/pl\/\",\"name\":\"\u0160koda We Love Cycling - Poland\",\"description\":\"\",\"potentialAction\":[{\"@type\":\"SearchAction\",\"target\":{\"@type\":\"EntryPoint\",\"urlTemplate\":\"https:\/\/www.welovecycling.com\/pl\/?s={search_term_string}\"},\"query-input\":{\"@type\":\"PropertyValueSpecification\",\"valueRequired\":true,\"valueName\":\"search_term_string\"}}],\"inLanguage\":\"pl-PL\"},{\"@type\":\"Person\",\"@id\":\"https:\/\/www.welovecycling.com\/pl\/#\/schema\/person\/0dba2d39da943db9df3fd8f4687e7f23\",\"name\":\"piotrboczkowski\",\"image\":{\"@type\":\"ImageObject\",\"inLanguage\":\"pl-PL\",\"@id\":\"https:\/\/www.welovecycling.com\/pl\/#\/schema\/person\/image\/\",\"url\":\"https:\/\/secure.gravatar.com\/avatar\/533caccae14752e03a2ce2d3fd62d1b98b93e1393c3195c27819e53344ca1ace?s=96&d=mm&r=g\",\"contentUrl\":\"https:\/\/secure.gravatar.com\/avatar\/533caccae14752e03a2ce2d3fd62d1b98b93e1393c3195c27819e53344ca1ace?s=96&d=mm&r=g\",\"caption\":\"piotrboczkowski\"},\"url\":\"https:\/\/www.welovecycling.com\/pl\/author\/piotrboczkowski\/\"}]}<\/script>\n<!-- \/ Yoast SEO Premium plugin. -->","yoast_head_json":{"title":"Nieustraszeni kolarze walczyli ze sztormem Ciara podczas \\wy\u015bcigu - WLC","description":"Podczas gdy w\u0142adze ostrzega\u0142y wcze\u015bniej przed huraganem i zaleca\u0142y ludziom przebywanie w domu, setki holenderskich rowerzyst\u00f3w do\u0142\u0105czy\u0142y do \u200b\u200brywalizacji...","robots":{"index":"index","follow":"follow","max-snippet":"max-snippet:-1","max-image-preview":"max-image-preview:large","max-video-preview":"max-video-preview:-1"},"canonical":"https:\/\/www.welovecycling.com\/pl\/2020\/03\/25\/nieustraszeni-kolarze-walczyli-ze-sztormem-ciara-podczas-tradycyjnego-holenderskiego-wyscigu\/","og_locale":"pl_PL","og_type":"article","og_title":"Nieustraszeni kolarze walczyli ze sztormem Ciara podczas tradycyjnego holenderskiego wy\u015bcigu","og_description":"Podczas gdy w\u0142adze ostrzega\u0142y wcze\u015bniej przed huraganem i zaleca\u0142y ludziom przebywanie w domu, setki holenderskich rowerzyst\u00f3w do\u0142\u0105czy\u0142y do \u200b\u200brywalizacji...","og_url":"https:\/\/www.welovecycling.com\/pl\/2020\/03\/25\/nieustraszeni-kolarze-walczyli-ze-sztormem-ciara-podczas-tradycyjnego-holenderskiego-wyscigu\/","og_site_name":"\u0160koda We Love Cycling - Poland","article_published_time":"2020-03-25T12:38:55+00:00","og_image":[{"width":1024,"height":450,"url":"https:\/\/d2p6e6u75xmxt8.cloudfront.net\/5\/2020\/03\/Headwind-Cycling-CVR-profimedia-0497339230-1024x450.jpg","type":"image\/jpeg"}],"author":"piotrboczkowski","twitter_card":"summary_large_image","twitter_misc":{"Written by":"Adam Marsal","Est. reading time":"2 minutes"},"schema":{"@context":"https:\/\/schema.org","@graph":[{"@type":"WebPage","@id":"https:\/\/www.welovecycling.com\/pl\/2020\/03\/25\/nieustraszeni-kolarze-walczyli-ze-sztormem-ciara-podczas-tradycyjnego-holenderskiego-wyscigu\/","url":"https:\/\/www.welovecycling.com\/pl\/2020\/03\/25\/nieustraszeni-kolarze-walczyli-ze-sztormem-ciara-podczas-tradycyjnego-holenderskiego-wyscigu\/","name":"Nieustraszeni kolarze walczyli ze sztormem Ciara podczas \\wy\u015bcigu - WLC","isPartOf":{"@id":"https:\/\/www.welovecycling.com\/pl\/#website"},"primaryImageOfPage":{"@id":"https:\/\/www.welovecycling.com\/pl\/2020\/03\/25\/nieustraszeni-kolarze-walczyli-ze-sztormem-ciara-podczas-tradycyjnego-holenderskiego-wyscigu\/#primaryimage"},"image":{"@id":"https:\/\/www.welovecycling.com\/pl\/2020\/03\/25\/nieustraszeni-kolarze-walczyli-ze-sztormem-ciara-podczas-tradycyjnego-holenderskiego-wyscigu\/#primaryimage"},"thumbnailUrl":"https:\/\/d2p6e6u75xmxt8.cloudfront.net\/5\/2020\/03\/Headwind-Cycling-CVR-profimedia-0497339230-1024x450.jpg","datePublished":"2020-03-25T12:38:55+00:00","author":{"@id":"https:\/\/www.welovecycling.com\/pl\/#\/schema\/person\/0dba2d39da943db9df3fd8f4687e7f23"},"description":"Podczas gdy w\u0142adze ostrzega\u0142y wcze\u015bniej przed huraganem i zaleca\u0142y ludziom przebywanie w domu, setki holenderskich rowerzyst\u00f3w do\u0142\u0105czy\u0142y do \u200b\u200brywalizacji...","breadcrumb":{"@id":"https:\/\/www.welovecycling.com\/pl\/2020\/03\/25\/nieustraszeni-kolarze-walczyli-ze-sztormem-ciara-podczas-tradycyjnego-holenderskiego-wyscigu\/#breadcrumb"},"inLanguage":"pl-PL","potentialAction":[{"@type":"ReadAction","target":["https:\/\/www.welovecycling.com\/pl\/2020\/03\/25\/nieustraszeni-kolarze-walczyli-ze-sztormem-ciara-podczas-tradycyjnego-holenderskiego-wyscigu\/"]}]},{"@type":"ImageObject","inLanguage":"pl-PL","@id":"https:\/\/www.welovecycling.com\/pl\/2020\/03\/25\/nieustraszeni-kolarze-walczyli-ze-sztormem-ciara-podczas-tradycyjnego-holenderskiego-wyscigu\/#primaryimage","url":"https:\/\/d2p6e6u75xmxt8.cloudfront.net\/5\/2020\/03\/Headwind-Cycling-CVR-profimedia-0497339230-1024x450.jpg","contentUrl":"https:\/\/d2p6e6u75xmxt8.cloudfront.net\/5\/2020\/03\/Headwind-Cycling-CVR-profimedia-0497339230-1024x450.jpg","width":1024,"height":450},{"@type":"BreadcrumbList","@id":"https:\/\/www.welovecycling.com\/pl\/2020\/03\/25\/nieustraszeni-kolarze-walczyli-ze-sztormem-ciara-podczas-tradycyjnego-holenderskiego-wyscigu\/#breadcrumb","itemListElement":[{"@type":"ListItem","position":1,"name":"Home","item":"https:\/\/www.welovecycling.com\/pl\/"},{"@type":"ListItem","position":2,"name":"Nieustraszeni kolarze walczyli ze sztormem Ciara podczas tradycyjnego holenderskiego wy\u015bcigu"}]},{"@type":"WebSite","@id":"https:\/\/www.welovecycling.com\/pl\/#website","url":"https:\/\/www.welovecycling.com\/pl\/","name":"\u0160koda We Love Cycling - Poland","description":"","potentialAction":[{"@type":"SearchAction","target":{"@type":"EntryPoint","urlTemplate":"https:\/\/www.welovecycling.com\/pl\/?s={search_term_string}"},"query-input":{"@type":"PropertyValueSpecification","valueRequired":true,"valueName":"search_term_string"}}],"inLanguage":"pl-PL"},{"@type":"Person","@id":"https:\/\/www.welovecycling.com\/pl\/#\/schema\/person\/0dba2d39da943db9df3fd8f4687e7f23","name":"piotrboczkowski","image":{"@type":"ImageObject","inLanguage":"pl-PL","@id":"https:\/\/www.welovecycling.com\/pl\/#\/schema\/person\/image\/","url":"https:\/\/secure.gravatar.com\/avatar\/533caccae14752e03a2ce2d3fd62d1b98b93e1393c3195c27819e53344ca1ace?s=96&d=mm&r=g","contentUrl":"https:\/\/secure.gravatar.com\/avatar\/533caccae14752e03a2ce2d3fd62d1b98b93e1393c3195c27819e53344ca1ace?s=96&d=mm&r=g","caption":"piotrboczkowski"},"url":"https:\/\/www.welovecycling.com\/pl\/author\/piotrboczkowski\/"}]}},"_links":{"self":[{"href":"https:\/\/www.welovecycling.com\/pl\/wp-json\/wp\/v2\/posts\/10462","targetHints":{"allow":["GET"]}}],"collection":[{"href":"https:\/\/www.welovecycling.com\/pl\/wp-json\/wp\/v2\/posts"}],"about":[{"href":"https:\/\/www.welovecycling.com\/pl\/wp-json\/wp\/v2\/types\/post"}],"author":[{"embeddable":true,"href":"https:\/\/www.welovecycling.com\/pl\/wp-json\/wp\/v2\/users\/76"}],"replies":[{"embeddable":true,"href":"https:\/\/www.welovecycling.com\/pl\/wp-json\/wp\/v2\/comments?post=10462"}],"version-history":[{"count":2,"href":"https:\/\/www.welovecycling.com\/pl\/wp-json\/wp\/v2\/posts\/10462\/revisions"}],"predecessor-version":[{"id":10470,"href":"https:\/\/www.welovecycling.com\/pl\/wp-json\/wp\/v2\/posts\/10462\/revisions\/10470"}],"wp:featuredmedia":[{"embeddable":true,"href":"https:\/\/www.welovecycling.com\/pl\/wp-json\/wp\/v2\/media\/10465"}],"wp:attachment":[{"href":"https:\/\/www.welovecycling.com\/pl\/wp-json\/wp\/v2\/media?parent=10462"}],"wp:term":[{"taxonomy":"category","embeddable":true,"href":"https:\/\/www.welovecycling.com\/pl\/wp-json\/wp\/v2\/categories?post=10462"},{"taxonomy":"post_tag","embeddable":true,"href":"https:\/\/www.welovecycling.com\/pl\/wp-json\/wp\/v2\/tags?post=10462"},{"taxonomy":"global-categories","embeddable":true,"href":"https:\/\/www.welovecycling.com\/pl\/wp-json\/wp\/v2\/global-categories?post=10462"}],"curies":[{"name":"wp","href":"https:\/\/api.w.org\/{rel}","templated":true}]}}